{"id":151784,"date":"2024-05-29T03:00:00","date_gmt":"2024-05-29T01:00:00","guid":{"rendered":"https:\/\/www.cde.ual.es\/?p=151784"},"modified":"2024-05-28T09:50:14","modified_gmt":"2024-05-28T07:50:14","slug":"postdoctoral-research-fellow-in-chronology-of-the-medieval-irish-lexicon-in-the-united-kingdom","status":"publish","type":"post","link":"https:\/\/www.cde.ual.es\/en\/postdoctoral-research-fellow-in-chronology-of-the-medieval-irish-lexicon-in-the-united-kingdom\/","title":{"rendered":"Postdoctoral Research Fellow in Chronology of the Medieval Irish Lexicon in the United Kingdom"},"content":{"rendered":"<div class=\"ecl\">\n<p style=\"text-align: justify;\">Queen&#8217;s University Belfast is offering a postdoctoral research fellow for the funded project &#8220;A Chronology of the Medieval Irish Lexicon&#8221;.<\/p>\n<p style=\"text-align: justify;\"><a href=\"https:\/\/www.cde.ual.es\/wp-content\/uploads\/2024\/05\/mark-rasmuson-yri82tuk2TQ-unsplash-scaled.jpg\"><img decoding=\"async\" class=\"wp-image-151785 aligncenter\" src=\"https:\/\/www.cde.ual.es\/wp-content\/uploads\/2024\/05\/mark-rasmuson-yri82tuk2TQ-unsplash-scaled.jpg\" alt=\"\" width=\"600\" height=\"399\" srcset=\"https:\/\/www.cde.ual.es\/wp-content\/uploads\/2024\/05\/mark-rasmuson-yri82tuk2TQ-unsplash-scaled.jpg 2560w, https:\/\/www.cde.ual.es\/wp-content\/uploads\/2024\/05\/mark-rasmuson-yri82tuk2TQ-unsplash-300x199.jpg 300w, https:\/\/www.cde.ual.es\/wp-content\/uploads\/2024\/05\/mark-rasmuson-yri82tuk2TQ-unsplash-1024x680.jpg 1024w, https:\/\/www.cde.ual.es\/wp-content\/uploads\/2024\/05\/mark-rasmuson-yri82tuk2TQ-unsplash-768x510.jpg 768w, https:\/\/www.cde.ual.es\/wp-content\/uploads\/2024\/05\/mark-rasmuson-yri82tuk2TQ-unsplash-1536x1020.jpg 1536w, https:\/\/www.cde.ual.es\/wp-content\/uploads\/2024\/05\/mark-rasmuson-yri82tuk2TQ-unsplash-2048x1361.jpg 2048w\" sizes=\"(max-width: 600px) 100vw, 600px\" \/><\/a><\/p>\n<p style=\"text-align: justify;\"><strong>Duties of the position<\/strong><\/p>\n<p style=\"text-align: justify;\">The appointee will be expected to disaggregate discrete sections of texts and assign dates in accordance with the available secondary literature; liaise with other team members in pursuit of the project objectives and IT consultants and support staff regarding the underpinning IT infrastructure; present regular progress reports on research to members of the research group; disseminate and publicise research findings to external audiences; prepare material for publication online and in academic journals and carry out routine administrative tasks associated with the research project to ensure that tasks are completed on time and within budget, which might include organisation of documentation for project meetings and symposia.<\/p>\n<p style=\"text-align: justify;\"><strong>Required selection criteria<\/strong><\/p>\n<p style=\"text-align: justify;\">Applicants should possess a primary degree in Celtic Studies or Irish Language and Literature; a PhD in medieval Irish language or literature; at least 3 years relevant research experience, including doctoral research, to include a knowledge of relevant areas of medieval Irish language and literature; demonstrable research ability as evidenced by, for example, publications, national\/international conference papers, research awards, future scholarly output (working papers, research proposals, ability to outline a research project) and an understanding of the operational requirements for a successful research project.<\/p>\n<p style=\"text-align: justify;\"><b>Benefits\u00a0<\/b><\/p>\n<p style=\"text-align: justify;\">The selected candidate will be offered an attractive benefits package including a holiday entitlement of up to 8.4 weeks a year, pension schemes and development opportunities; flexible working options; work-life balance initiatives and support for physical and mental health<\/p>\n<\/div>\n<div class=\"ecl\" style=\"text-align: justify;\">\n<p><strong>Organisation\/Company \u2013<\/strong> QUEENS UNIVERSITY BELFAST<\/p>\n<p><strong>Research Field<\/strong>\u00a0\u2013<\/p>\n<div>\n<div>Language sciences<\/div>\n<div>Literature<\/div>\n<\/div>\n<p><strong>Researcher Profile \u2013<\/strong><\/p>\n<div>\n<div>Recognised Researcher (R2)<\/div>\n<div>Established Researcher (R3)<\/div>\n<\/div>\n<\/div>\n<div class=\"ecl\" style=\"text-align: justify;\">\n<p><strong>Country<\/strong> \u2013 United Kingdom<\/p>\n<p><strong>Application Deadline<\/strong> \u2013 25 June 2024<\/p>\n<\/div>\n<p style=\"text-align: justify;\"><strong>More information:<\/strong>\u00a0<a href=\"https:\/\/euraxess.ec.europa.eu\/jobs\/239378\">EURAXESS<\/a><\/p>\n","protected":false},"excerpt":{"rendered":"<p>Queen&#8217;s University Belfast is offering a postdoctoral research fellow for the funded project &#8220;A Chronology of the Medieval Irish Lexicon&#8221;. Duties of the position The appointee will be expected to disaggregate discrete sections of texts and assign dates in accordance with the available secondary literature; liaise with other team members in pursuit of the project [&hellip;]<\/p>\n","protected":false},"author":101011,"featured_media":151785,"comment_status":"open","ping_status":"open","sticky":false,"template":"","format":"standard","meta":{"_acf_changed":false,"_relevanssi_hide_post":"","_relevanssi_hide_content":"","_relevanssi_pin_for_all":"","_relevanssi_pin_keywords":"","_relevanssi_unpin_keywords":"","_relevanssi_related_keywords":"","_relevanssi_related_include_ids":"","_relevanssi_related_exclude_ids":"","_relevanssi_related_no_append":"","_relevanssi_related_not_related":"","_relevanssi_related_posts":"","_relevanssi_noindex_reason":"","_monsterinsights_skip_tracking":false,"_monsterinsights_sitenote_active":false,"_monsterinsights_sitenote_note":"","_monsterinsights_sitenote_category":0,"_genesis_hide_title":false,"_genesis_hide_breadcrumbs":false,"_genesis_hide_singular_image":false,"_genesis_hide_footer_widgets":false,"_genesis_custom_body_class":"","_genesis_custom_post_class":"","_genesis_layout":"","footnotes":""},"categories":[4044,366,4043],"tags":[848,2184,478,2527,12094,1580],"class_list":{"0":"post-151784","1":"post","2":"type-post","3":"status-publish","4":"format-standard","5":"has-post-thumbnail","7":"category-arts-hum","8":"category-eu-calls-and-awards","9":"category-euraxess-en","10":"tag-euraxess-en","11":"tag-language-sciences","12":"tag-literature","13":"tag-postdoctoral","14":"tag-research-fellow","15":"tag-united-kingdom","16":"entry"},"acf":[],"yoast_head":"<!-- This site is optimized with the Yoast SEO plugin v27.4 - https:\/\/yoast.com\/product\/yoast-seo-wordpress\/ -->\n<title>Postdoctoral Research Fellow in Chronology of the Medieval Irish Lexicon in the United Kingdom | CDE Almer\u00eda - Centro de Documentaci\u00f3n Europea - Universidad de Almer\u00eda<\/title>\n<meta name=\"robots\" content=\"index, follow, max-snippet:-1, max-image-preview:large, max-video-preview:-1\" \/>\n<link rel=\"canonical\" href=\"https:\/\/www.cde.ual.es\/?p=151788\" \/>\n<meta property=\"og:locale\" content=\"en_US\" \/>\n<meta property=\"og:type\" content=\"article\" \/>\n<meta property=\"og:title\" content=\"Postdoctoral Research Fellow in Chronology of the Medieval Irish Lexicon in the United Kingdom | CDE Almer\u00eda - Centro de Documentaci\u00f3n Europea - Universidad de Almer\u00eda\" \/>\n<meta property=\"og:description\" content=\"Queen&#8217;s University Belfast is offering a postdoctoral research fellow for the funded project &#8220;A Chronology of the Medieval Irish Lexicon&#8221;. Duties of the position The appointee will be expected to disaggregate discrete sections of texts and assign dates in accordance with the available secondary literature; liaise with other team members in pursuit of the project [&hellip;]\" \/>\n<meta property=\"og:url\" content=\"https:\/\/www.cde.ual.es\/?p=151788\" \/>\n<meta property=\"og:site_name\" content=\"CDE Almer\u00eda - Centro de Documentaci\u00f3n Europea - Universidad de Almer\u00eda\" \/>\n<meta property=\"article:publisher\" content=\"https:\/\/www.facebook.com\/cdeuniversidadalmeria\/\" \/>\n<meta property=\"article:published_time\" content=\"2024-05-29T01:00:00+00:00\" \/>\n<meta property=\"og:image\" content=\"https:\/\/www.cde.ual.es\/wp-content\/uploads\/2024\/05\/mark-rasmuson-yri82tuk2TQ-unsplash-scaled.jpg\" \/>\n\t<meta property=\"og:image:width\" content=\"2560\" \/>\n\t<meta property=\"og:image:height\" content=\"1701\" \/>\n\t<meta property=\"og:image:type\" content=\"image\/jpeg\" \/>\n<meta name=\"author\" content=\"BECA 2 CDE\" \/>\n<meta name=\"twitter:card\" content=\"summary_large_image\" \/>\n<meta name=\"twitter:creator\" content=\"@cdeualmeria\" \/>\n<meta name=\"twitter:site\" content=\"@cdeualmeria\" \/>\n<meta name=\"twitter:label1\" content=\"Written by\" \/>\n\t<meta name=\"twitter:data1\" content=\"BECA 2 CDE\" \/>\n\t<meta name=\"twitter:label2\" content=\"Est. reading time\" \/>\n\t<meta name=\"twitter:data2\" content=\"2 minutes\" \/>\n<script type=\"application\/ld+json\" class=\"yoast-schema-graph\">{\"@context\":\"https:\\\/\\\/schema.org\",\"@graph\":[{\"@type\":\"Article\",\"@id\":\"https:\\\/\\\/www.cde.ual.es\\\/?p=151788#article\",\"isPartOf\":{\"@id\":\"https:\\\/\\\/www.cde.ual.es\\\/?p=151788\"},\"author\":{\"name\":\"BECA 2 CDE\",\"@id\":\"https:\\\/\\\/www.cde.ual.es\\\/#\\\/schema\\\/person\\\/ee46ebc19edfa19598c02cff83335acc\"},\"headline\":\"Postdoctoral Research Fellow in Chronology of the Medieval Irish Lexicon in the United Kingdom\",\"datePublished\":\"2024-05-29T01:00:00+00:00\",\"mainEntityOfPage\":{\"@id\":\"https:\\\/\\\/www.cde.ual.es\\\/?p=151788\"},\"wordCount\":297,\"commentCount\":0,\"publisher\":{\"@id\":\"https:\\\/\\\/www.cde.ual.es\\\/#organization\"},\"image\":{\"@id\":\"https:\\\/\\\/www.cde.ual.es\\\/?p=151788#primaryimage\"},\"thumbnailUrl\":\"https:\\\/\\\/www.cde.ual.es\\\/wp-content\\\/uploads\\\/2024\\\/05\\\/mark-rasmuson-yri82tuk2TQ-unsplash-scaled.jpg\",\"keywords\":[\"Euraxess\",\"Language sciences\",\"Literature\",\"Postdoctoral\",\"research fellow\",\"United Kingdom\"],\"articleSection\":[\"Arts and Humanities\",\"EU Calls and Awards\",\"Euraxess\"],\"inLanguage\":\"en-US\",\"potentialAction\":[{\"@type\":\"CommentAction\",\"name\":\"Comment\",\"target\":[\"https:\\\/\\\/www.cde.ual.es\\\/?p=151788#respond\"]}]},{\"@type\":\"WebPage\",\"@id\":\"https:\\\/\\\/www.cde.ual.es\\\/?p=151788\",\"url\":\"https:\\\/\\\/www.cde.ual.es\\\/?p=151788\",\"name\":\"Postdoctoral Research Fellow in Chronology of the Medieval Irish Lexicon in the United Kingdom | CDE Almer\u00eda - Centro de Documentaci\u00f3n Europea - Universidad de Almer\u00eda\",\"isPartOf\":{\"@id\":\"https:\\\/\\\/www.cde.ual.es\\\/#website\"},\"primaryImageOfPage\":{\"@id\":\"https:\\\/\\\/www.cde.ual.es\\\/?p=151788#primaryimage\"},\"image\":{\"@id\":\"https:\\\/\\\/www.cde.ual.es\\\/?p=151788#primaryimage\"},\"thumbnailUrl\":\"https:\\\/\\\/www.cde.ual.es\\\/wp-content\\\/uploads\\\/2024\\\/05\\\/mark-rasmuson-yri82tuk2TQ-unsplash-scaled.jpg\",\"datePublished\":\"2024-05-29T01:00:00+00:00\",\"breadcrumb\":{\"@id\":\"https:\\\/\\\/www.cde.ual.es\\\/?p=151788#breadcrumb\"},\"inLanguage\":\"en-US\",\"potentialAction\":[{\"@type\":\"ReadAction\",\"target\":[\"https:\\\/\\\/www.cde.ual.es\\\/?p=151788\"]}]},{\"@type\":\"ImageObject\",\"inLanguage\":\"en-US\",\"@id\":\"https:\\\/\\\/www.cde.ual.es\\\/?p=151788#primaryimage\",\"url\":\"https:\\\/\\\/www.cde.ual.es\\\/wp-content\\\/uploads\\\/2024\\\/05\\\/mark-rasmuson-yri82tuk2TQ-unsplash-scaled.jpg\",\"contentUrl\":\"https:\\\/\\\/www.cde.ual.es\\\/wp-content\\\/uploads\\\/2024\\\/05\\\/mark-rasmuson-yri82tuk2TQ-unsplash-scaled.jpg\",\"width\":2560,\"height\":1701},{\"@type\":\"BreadcrumbList\",\"@id\":\"https:\\\/\\\/www.cde.ual.es\\\/?p=151788#breadcrumb\",\"itemListElement\":[{\"@type\":\"ListItem\",\"position\":1,\"name\":\"Inicio\",\"item\":\"https:\\\/\\\/www.cde.ual.es\\\/en\\\/\"},{\"@type\":\"ListItem\",\"position\":2,\"name\":\"Convocatorias y Premios UE\",\"item\":\"https:\\\/\\\/www.cde.ual.es\\\/category\\\/convocatorias-y-premios-ue\\\/\"},{\"@type\":\"ListItem\",\"position\":3,\"name\":\"Euraxess\",\"item\":\"https:\\\/\\\/www.cde.ual.es\\\/category\\\/convocatorias-y-premios-ue\\\/euraxess\\\/\"},{\"@type\":\"ListItem\",\"position\":4,\"name\":\"Arts and Humanities\",\"item\":\"https:\\\/\\\/www.cde.ual.es\\\/en\\\/category\\\/eu-calls-and-awards\\\/euraxess-en\\\/arts-hum\\\/\"},{\"@type\":\"ListItem\",\"position\":5,\"name\":\"Postdoctoral Research Fellow in Chronology of the Medieval Irish Lexicon in the United Kingdom\"}]},{\"@type\":\"WebSite\",\"@id\":\"https:\\\/\\\/www.cde.ual.es\\\/#website\",\"url\":\"https:\\\/\\\/www.cde.ual.es\\\/\",\"name\":\"CDE Almer\u00eda - Centro de Documentaci\u00f3n Europea - Universidad de Almer\u00eda\",\"description\":\"Centro de Documentaci\u00f3n Europea de la Universidad de Almer\u00eda\",\"publisher\":{\"@id\":\"https:\\\/\\\/www.cde.ual.es\\\/#organization\"},\"alternateName\":\"CDE Almer\u00eda\",\"potentialAction\":[{\"@type\":\"SearchAction\",\"target\":{\"@type\":\"EntryPoint\",\"urlTemplate\":\"https:\\\/\\\/www.cde.ual.es\\\/?s={search_term_string}\"},\"query-input\":{\"@type\":\"PropertyValueSpecification\",\"valueRequired\":true,\"valueName\":\"search_term_string\"}}],\"inLanguage\":\"en-US\"},{\"@type\":\"Organization\",\"@id\":\"https:\\\/\\\/www.cde.ual.es\\\/#organization\",\"name\":\"Centro de Documentaci\u00f3n Europea de Almer\u00eda\",\"url\":\"https:\\\/\\\/www.cde.ual.es\\\/\",\"logo\":{\"@type\":\"ImageObject\",\"inLanguage\":\"en-US\",\"@id\":\"https:\\\/\\\/www.cde.ual.es\\\/#\\\/schema\\\/logo\\\/image\\\/\",\"url\":\"https:\\\/\\\/www.cde.ual.es\\\/wp-content\\\/uploads\\\/2025\\\/07\\\/cde-logo-3.png\",\"contentUrl\":\"https:\\\/\\\/www.cde.ual.es\\\/wp-content\\\/uploads\\\/2025\\\/07\\\/cde-logo-3.png\",\"width\":1400,\"height\":300,\"caption\":\"Centro de Documentaci\u00f3n Europea de Almer\u00eda\"},\"image\":{\"@id\":\"https:\\\/\\\/www.cde.ual.es\\\/#\\\/schema\\\/logo\\\/image\\\/\"},\"sameAs\":[\"https:\\\/\\\/www.facebook.com\\\/cdeuniversidadalmeria\\\/\",\"https:\\\/\\\/x.com\\\/cdeualmeria\",\"https:\\\/\\\/www.tiktok.com\\\/@cdealmeria\",\"https:\\\/\\\/www.instagram.com\\\/cdealmeria\\\/\",\"https:\\\/\\\/www.linkedin.com\\\/in\\\/cde-almera-812b26a9\\\/\"]},{\"@type\":\"Person\",\"@id\":\"https:\\\/\\\/www.cde.ual.es\\\/#\\\/schema\\\/person\\\/ee46ebc19edfa19598c02cff83335acc\",\"name\":\"BECA 2 CDE\",\"image\":{\"@type\":\"ImageObject\",\"inLanguage\":\"en-US\",\"@id\":\"https:\\\/\\\/secure.gravatar.com\\\/avatar\\\/35a481bbc04bbd90e91bdfa3b0b5541036c222a49b9ad37b6889a2afcb5311a5?s=96&d=mm&r=g\",\"url\":\"https:\\\/\\\/secure.gravatar.com\\\/avatar\\\/35a481bbc04bbd90e91bdfa3b0b5541036c222a49b9ad37b6889a2afcb5311a5?s=96&d=mm&r=g\",\"contentUrl\":\"https:\\\/\\\/secure.gravatar.com\\\/avatar\\\/35a481bbc04bbd90e91bdfa3b0b5541036c222a49b9ad37b6889a2afcb5311a5?s=96&d=mm&r=g\",\"caption\":\"BECA 2 CDE\"},\"sameAs\":[\"http:\\\/\\\/www.cdealmeria.com\"]}]}<\/script>\n<!-- \/ Yoast SEO plugin. -->","yoast_head_json":{"title":"Postdoctoral Research Fellow in Chronology of the Medieval Irish Lexicon in the United Kingdom | CDE Almer\u00eda - Centro de Documentaci\u00f3n Europea - Universidad de Almer\u00eda","robots":{"index":"index","follow":"follow","max-snippet":"max-snippet:-1","max-image-preview":"max-image-preview:large","max-video-preview":"max-video-preview:-1"},"canonical":"https:\/\/www.cde.ual.es\/?p=151788","og_locale":"en_US","og_type":"article","og_title":"Postdoctoral Research Fellow in Chronology of the Medieval Irish Lexicon in the United Kingdom | CDE Almer\u00eda - Centro de Documentaci\u00f3n Europea - Universidad de Almer\u00eda","og_description":"Queen&#8217;s University Belfast is offering a postdoctoral research fellow for the funded project &#8220;A Chronology of the Medieval Irish Lexicon&#8221;. Duties of the position The appointee will be expected to disaggregate discrete sections of texts and assign dates in accordance with the available secondary literature; liaise with other team members in pursuit of the project [&hellip;]","og_url":"https:\/\/www.cde.ual.es\/?p=151788","og_site_name":"CDE Almer\u00eda - Centro de Documentaci\u00f3n Europea - Universidad de Almer\u00eda","article_publisher":"https:\/\/www.facebook.com\/cdeuniversidadalmeria\/","article_published_time":"2024-05-29T01:00:00+00:00","og_image":[{"width":2560,"height":1701,"url":"https:\/\/www.cde.ual.es\/wp-content\/uploads\/2024\/05\/mark-rasmuson-yri82tuk2TQ-unsplash-scaled.jpg","type":"image\/jpeg"}],"author":"BECA 2 CDE","twitter_card":"summary_large_image","twitter_creator":"@cdeualmeria","twitter_site":"@cdeualmeria","twitter_misc":{"Written by":"BECA 2 CDE","Est. reading time":"2 minutes"},"schema":{"@context":"https:\/\/schema.org","@graph":[{"@type":"Article","@id":"https:\/\/www.cde.ual.es\/?p=151788#article","isPartOf":{"@id":"https:\/\/www.cde.ual.es\/?p=151788"},"author":{"name":"BECA 2 CDE","@id":"https:\/\/www.cde.ual.es\/#\/schema\/person\/ee46ebc19edfa19598c02cff83335acc"},"headline":"Postdoctoral Research Fellow in Chronology of the Medieval Irish Lexicon in the United Kingdom","datePublished":"2024-05-29T01:00:00+00:00","mainEntityOfPage":{"@id":"https:\/\/www.cde.ual.es\/?p=151788"},"wordCount":297,"commentCount":0,"publisher":{"@id":"https:\/\/www.cde.ual.es\/#organization"},"image":{"@id":"https:\/\/www.cde.ual.es\/?p=151788#primaryimage"},"thumbnailUrl":"https:\/\/www.cde.ual.es\/wp-content\/uploads\/2024\/05\/mark-rasmuson-yri82tuk2TQ-unsplash-scaled.jpg","keywords":["Euraxess","Language sciences","Literature","Postdoctoral","research fellow","United Kingdom"],"articleSection":["Arts and Humanities","EU Calls and Awards","Euraxess"],"inLanguage":"en-US","potentialAction":[{"@type":"CommentAction","name":"Comment","target":["https:\/\/www.cde.ual.es\/?p=151788#respond"]}]},{"@type":"WebPage","@id":"https:\/\/www.cde.ual.es\/?p=151788","url":"https:\/\/www.cde.ual.es\/?p=151788","name":"Postdoctoral Research Fellow in Chronology of the Medieval Irish Lexicon in the United Kingdom | CDE Almer\u00eda - Centro de Documentaci\u00f3n Europea - Universidad de Almer\u00eda","isPartOf":{"@id":"https:\/\/www.cde.ual.es\/#website"},"primaryImageOfPage":{"@id":"https:\/\/www.cde.ual.es\/?p=151788#primaryimage"},"image":{"@id":"https:\/\/www.cde.ual.es\/?p=151788#primaryimage"},"thumbnailUrl":"https:\/\/www.cde.ual.es\/wp-content\/uploads\/2024\/05\/mark-rasmuson-yri82tuk2TQ-unsplash-scaled.jpg","datePublished":"2024-05-29T01:00:00+00:00","breadcrumb":{"@id":"https:\/\/www.cde.ual.es\/?p=151788#breadcrumb"},"inLanguage":"en-US","potentialAction":[{"@type":"ReadAction","target":["https:\/\/www.cde.ual.es\/?p=151788"]}]},{"@type":"ImageObject","inLanguage":"en-US","@id":"https:\/\/www.cde.ual.es\/?p=151788#primaryimage","url":"https:\/\/www.cde.ual.es\/wp-content\/uploads\/2024\/05\/mark-rasmuson-yri82tuk2TQ-unsplash-scaled.jpg","contentUrl":"https:\/\/www.cde.ual.es\/wp-content\/uploads\/2024\/05\/mark-rasmuson-yri82tuk2TQ-unsplash-scaled.jpg","width":2560,"height":1701},{"@type":"BreadcrumbList","@id":"https:\/\/www.cde.ual.es\/?p=151788#breadcrumb","itemListElement":[{"@type":"ListItem","position":1,"name":"Inicio","item":"https:\/\/www.cde.ual.es\/en\/"},{"@type":"ListItem","position":2,"name":"Convocatorias y Premios UE","item":"https:\/\/www.cde.ual.es\/category\/convocatorias-y-premios-ue\/"},{"@type":"ListItem","position":3,"name":"Euraxess","item":"https:\/\/www.cde.ual.es\/category\/convocatorias-y-premios-ue\/euraxess\/"},{"@type":"ListItem","position":4,"name":"Arts and Humanities","item":"https:\/\/www.cde.ual.es\/en\/category\/eu-calls-and-awards\/euraxess-en\/arts-hum\/"},{"@type":"ListItem","position":5,"name":"Postdoctoral Research Fellow in Chronology of the Medieval Irish Lexicon in the United Kingdom"}]},{"@type":"WebSite","@id":"https:\/\/www.cde.ual.es\/#website","url":"https:\/\/www.cde.ual.es\/","name":"CDE Almer\u00eda - Centro de Documentaci\u00f3n Europea - Universidad de Almer\u00eda","description":"Centro de Documentaci\u00f3n Europea de la Universidad de Almer\u00eda","publisher":{"@id":"https:\/\/www.cde.ual.es\/#organization"},"alternateName":"CDE Almer\u00eda","potentialAction":[{"@type":"SearchAction","target":{"@type":"EntryPoint","urlTemplate":"https:\/\/www.cde.ual.es\/?s={search_term_string}"},"query-input":{"@type":"PropertyValueSpecification","valueRequired":true,"valueName":"search_term_string"}}],"inLanguage":"en-US"},{"@type":"Organization","@id":"https:\/\/www.cde.ual.es\/#organization","name":"Centro de Documentaci\u00f3n Europea de Almer\u00eda","url":"https:\/\/www.cde.ual.es\/","logo":{"@type":"ImageObject","inLanguage":"en-US","@id":"https:\/\/www.cde.ual.es\/#\/schema\/logo\/image\/","url":"https:\/\/www.cde.ual.es\/wp-content\/uploads\/2025\/07\/cde-logo-3.png","contentUrl":"https:\/\/www.cde.ual.es\/wp-content\/uploads\/2025\/07\/cde-logo-3.png","width":1400,"height":300,"caption":"Centro de Documentaci\u00f3n Europea de Almer\u00eda"},"image":{"@id":"https:\/\/www.cde.ual.es\/#\/schema\/logo\/image\/"},"sameAs":["https:\/\/www.facebook.com\/cdeuniversidadalmeria\/","https:\/\/x.com\/cdeualmeria","https:\/\/www.tiktok.com\/@cdealmeria","https:\/\/www.instagram.com\/cdealmeria\/","https:\/\/www.linkedin.com\/in\/cde-almera-812b26a9\/"]},{"@type":"Person","@id":"https:\/\/www.cde.ual.es\/#\/schema\/person\/ee46ebc19edfa19598c02cff83335acc","name":"BECA 2 CDE","image":{"@type":"ImageObject","inLanguage":"en-US","@id":"https:\/\/secure.gravatar.com\/avatar\/35a481bbc04bbd90e91bdfa3b0b5541036c222a49b9ad37b6889a2afcb5311a5?s=96&d=mm&r=g","url":"https:\/\/secure.gravatar.com\/avatar\/35a481bbc04bbd90e91bdfa3b0b5541036c222a49b9ad37b6889a2afcb5311a5?s=96&d=mm&r=g","contentUrl":"https:\/\/secure.gravatar.com\/avatar\/35a481bbc04bbd90e91bdfa3b0b5541036c222a49b9ad37b6889a2afcb5311a5?s=96&d=mm&r=g","caption":"BECA 2 CDE"},"sameAs":["http:\/\/www.cdealmeria.com"]}]}},"_links":{"self":[{"href":"https:\/\/www.cde.ual.es\/en\/wp-json\/wp\/v2\/posts\/151784","targetHints":{"allow":["GET"]}}],"collection":[{"href":"https:\/\/www.cde.ual.es\/en\/wp-json\/wp\/v2\/posts"}],"about":[{"href":"https:\/\/www.cde.ual.es\/en\/wp-json\/wp\/v2\/types\/post"}],"author":[{"embeddable":true,"href":"https:\/\/www.cde.ual.es\/en\/wp-json\/wp\/v2\/users\/101011"}],"replies":[{"embeddable":true,"href":"https:\/\/www.cde.ual.es\/en\/wp-json\/wp\/v2\/comments?post=151784"}],"version-history":[{"count":1,"href":"https:\/\/www.cde.ual.es\/en\/wp-json\/wp\/v2\/posts\/151784\/revisions"}],"predecessor-version":[{"id":151787,"href":"https:\/\/www.cde.ual.es\/en\/wp-json\/wp\/v2\/posts\/151784\/revisions\/151787"}],"wp:featuredmedia":[{"embeddable":true,"href":"https:\/\/www.cde.ual.es\/en\/wp-json\/wp\/v2\/media\/151785"}],"wp:attachment":[{"href":"https:\/\/www.cde.ual.es\/en\/wp-json\/wp\/v2\/media?parent=151784"}],"wp:term":[{"taxonomy":"category","embeddable":true,"href":"https:\/\/www.cde.ual.es\/en\/wp-json\/wp\/v2\/categories?post=151784"},{"taxonomy":"post_tag","embeddable":true,"href":"https:\/\/www.cde.ual.es\/en\/wp-json\/wp\/v2\/tags?post=151784"}],"curies":[{"name":"wp","href":"https:\/\/api.w.org\/{rel}","templated":true}]}}