{"id":151647,"date":"2024-05-22T11:19:40","date_gmt":"2024-05-22T09:19:40","guid":{"rendered":"https:\/\/www.cde.ual.es\/?p=151647"},"modified":"2024-05-22T11:19:40","modified_gmt":"2024-05-22T09:19:40","slug":"eurovision-debate-lead-candidates-for-commission-presidency-to-debate-on-23-may","status":"publish","type":"post","link":"https:\/\/www.cde.ual.es\/en\/eurovision-debate-lead-candidates-for-commission-presidency-to-debate-on-23-may\/","title":{"rendered":"Eurovision debate: lead candidates for Commission Presidency to debate on 23 May"},"content":{"rendered":"<div class=\"ep_gridcolumn ep-m_product\" data-view1200=\"6\" data-view1020=\"6\" data-view750=\"10\" data-view640=\"6\" data-view480=\"8\" data-view320=\"4\">\n<div class=\"ep_gridcolumn-content\">\n<div class=\"ep-a_text ep-layout_chapo\">\n<p style=\"text-align: justify;\"><strong>The Eurovision debate between the lead candidates for the Commission presidency will take place on Thursday 23 May from 15.00-16.45 in Parliament\u2019s plenary chamber in Brussels.<\/strong><\/p>\n<p style=\"text-align: justify;\"><a href=\"https:\/\/www.cde.ual.es\/wp-content\/uploads\/2024\/05\/Eurovision.png\"><img decoding=\"async\" class=\"aligncenter size-full wp-image-151642\" src=\"https:\/\/www.cde.ual.es\/wp-content\/uploads\/2024\/05\/Eurovision.png\" alt=\"Eurovisi\u00f3n\" width=\"1920\" height=\"1080\" srcset=\"https:\/\/www.cde.ual.es\/wp-content\/uploads\/2024\/05\/Eurovision.png 1920w, https:\/\/www.cde.ual.es\/wp-content\/uploads\/2024\/05\/Eurovision-300x169.png 300w, https:\/\/www.cde.ual.es\/wp-content\/uploads\/2024\/05\/Eurovision-1024x576.png 1024w, https:\/\/www.cde.ual.es\/wp-content\/uploads\/2024\/05\/Eurovision-768x432.png 768w, https:\/\/www.cde.ual.es\/wp-content\/uploads\/2024\/05\/Eurovision-1536x864.png 1536w, https:\/\/www.cde.ual.es\/wp-content\/uploads\/2024\/05\/Eurovision-1280x720.png 1280w\" sizes=\"(max-width: 1920px) 100vw, 1920px\" \/><\/a><\/p>\n<p style=\"text-align: justify;\">The European Broadcasting Union (EBU), which is organising the debate, has confirmed the participation of Walter Baier (Austria, European Left), Sandro Gozi (Italy, Renew Europe Now), Ursula von der Leyen (Germany, European People\u2019s Party), Terry Reintke (Germany, European Greens) and Nicolas Schmit (Luxembourg, Party of European Socialists).<\/p>\n<p style=\"text-align: justify;\">These five candidates will debate the following topics:<\/p>\n<ul style=\"text-align: justify;\">\n<li>Economy and Jobs<\/li>\n<li>Defence and Security<\/li>\n<li>Climate and Environment<\/li>\n<li>Democracy and Leadership<\/li>\n<li>Migration and Borders<\/li>\n<li>Innovation and Technology<\/li>\n<\/ul>\n<p style=\"text-align: justify;\">Questions will be asked by the audience in the plenary chamber, by viewers watching from events organised by Parliament\u2019s Liaison Offices in EU member states, submitted via social media, and by the two moderators. Candidates will also face one-on-one questioning by the moderators in so-called \u201cSpotlight\u201d segments, a new feature of the Eurovision Debate 2024.<\/p>\n<p style=\"text-align: justify;\">The debate will be moderated by Martin \u0158ezn\u00ed\u010dek (Czech TV) and Annelies Beck (VRT, Belgium).<\/p>\n<p style=\"text-align: justify;\">The candidates will speak in English, and interpretation will be provided in 24 languages.<\/p>\n<p style=\"text-align: justify;\">A draw on 16 May organised by the EBU in the European Parliament determined the position of the candidates on the stage for the debate, the first speaker on each topic, and the order of the \u2018spotlight\u2019 interviews.<\/p>\n<p style=\"text-align: justify;\">The position of the candidates on stage will be as follows (from left to right): Ursula von der Leyen, Nicolas Schmit, Terry Reintke, Sandro Gozi, Walter Baier.<\/p>\n<p style=\"text-align: justify;\">The first speaker in each topic segment will be as follows: Nicolas Schmit, Sandro Gozi, Ursula von der Leyen, Walter Baier, Terry Reintke.<\/p>\n<p style=\"text-align: justify;\">The order of the \u2018spotlight\u2019 interviews will be as follows: Nicolas Schmit, Sandro Gozi, Terry Reintke, Ursula von der Leyen, Walter Baier.<\/p>\n<p style=\"text-align: justify;\">You can find <a href=\"https:\/\/www.ebu.ch\/news\/2024\/05\/eurovision-debate-further-details-announced\">more information about the draw<\/a> and <a href=\"https:\/\/multimedia.europarl.europa.eu\/en\/topic\/election-debate-2024_27308\">watch a recording<\/a>.<\/p>\n<div class=\"ep-a_text\" style=\"text-align: justify;\">\n<table style=\"width: 99.9988%; border-collapse: collapse; border-style: double; border-color: #001f7d;\" cellpadding=\"0,5\">\n<tbody>\n<tr>\n<td style=\"width: 100%;\"><a href=\"https:\/\/www.cde.ual.es\/elecciones-europeas-2024-usatuvoto\/\" target=\"_blank\" rel=\"noopener\"><img decoding=\"async\" class=\"alignleft\" src=\"https:\/\/www.cde.ual.es\/wp-content\/uploads\/2024\/01\/elecciones-parlamento-1500x500-1.jpg\" alt=\"\" width=\"279\" height=\"93\" \/><\/a><\/p>\n<h4 class=\"entry-title\"><a href=\"https:\/\/www.cde.ual.es\/elecciones-europeas-2024-usatuvoto\/\" target=\"_blank\" rel=\"noopener\">Elecciones europeas 2024 \u2013 #usatuvoto<br \/>\n<\/a><\/h4>\n<\/td>\n<\/tr>\n<\/tbody>\n<\/table>\n<\/div>\n<p style=\"text-align: justify;\"><strong>How to follow the Eurovision Debate<\/strong><\/p>\n<p style=\"text-align: justify;\">The programme on 23 May will be broadcast on <a href=\"https:\/\/audiovisual.ec.europa.eu\/en\/\">EbS<\/a> and <a href=\"https:\/\/www.ebu.ch\/home\">EBU<\/a> with the on-screen nametags of the participants and other essential graphic elements. A clean version of the debate will be available on <a href=\"https:\/\/audiovisual.ec.europa.eu\/en\/ebs\/live\/2\">EbS+<\/a> but only for news edits, not for full live broadcast. It will also be streamed on Parliament\u2019s website (<a href=\"https:\/\/multimedia.europarl.europa.eu\/en\">Multimedia Centre<\/a>) and accessible from the EBU distribution platforms. No independent filming of the debate from the chamber will be allowed.<\/p>\n<p style=\"text-align: justify;\">Parliament\u2019s Multimedia Centre will also provide a feed with International Sign Language and velotype (live transcript in English), as well as subtitled versions in the official EU languages on demand once the debate is over. These files will be delivered before 19:00 CET. If you are interested in this format please write to AVNewsDesk@europarl.europa.eu.<\/p>\n<p style=\"text-align: justify;\">The candidates will arrive at the protocol entrance of the European Parliament at approximately 12:45, when the media can record their doorsteps. Press points will be organised close to the Hemicycle after the event. Both the doorsteps and the press points will be live on EbS and the Multimedia Centre. For graphic press, there will be a photo opportunity in the Hemicycle at around 13:45.<\/p>\n<p style=\"text-align: justify;\"><strong>Accreditation and access for the Eurovision Debate<\/strong><\/p>\n<p style=\"text-align: justify;\">Access to the chamber to watch the debate is by prior registration only. The deadline for media to apply was Thursday 16 May.<\/p>\n<p style=\"text-align: justify;\">All EU inter-institutional accredited media and EP annual media badge holders will have access to Parliament premises upon presentation of their badges, without having to request separate accreditation.<\/p>\n<p style=\"text-align: justify;\">All other journalists wishing to access Parliament will have to submit a request for short-term media access via the online accreditation system (<a href=\"https:\/\/jouregfo.secure.europarl.europa.eu\/journalist-registration\/login\">JOUREG<\/a>). If they already have an EP media badge, it will be activated remotely once approved in the registrations portal. If they are not in possession of an EP media badge, once their request is approved in JOUREG, journalists will be able to collect it from the <a href=\"https:\/\/www.europarl.europa.eu\/news\/en\/press-room\/accreditation\">Accreditation Centre<\/a> in front of Parliament (Esplanade Solidarno\u015b\u0107, office 01F035).<\/p>\n<p style=\"text-align: justify;\"><strong>Access to the carpark on the day of the Eurovision Debate<\/strong><\/p>\n<p style=\"text-align: justify;\">Media needing a space in Parliament\u2019s carpark will have to reserve their parking slot via the IZIX APP a few days before the event. If journalists do not yet have the App, they can <a href=\"https:\/\/www.europarl.europa.eu\/news\/en\/press-room\/20230202IPR71507\/new-access-rules-to-parliament-s-parking-in-brussels\">request it<\/a> from book.your.parking@europarl.europa.eu<\/p>\n<p style=\"text-align: justify;\"><strong>More information: <a href=\"https:\/\/www.europarl.europa.eu\/news\/en\/press-room\/20240507IPR21409\/eurovision-debate-lead-candidates-for-commission-presidency-to-debate-on-23-may\">European Parliament<\/a><\/strong><\/p>\n<\/div>\n<\/div>\n<\/div>\n","protected":false},"excerpt":{"rendered":"<p>The Eurovision debate between the lead candidates for the Commission presidency will take place on Thursday 23 May from 15.00-16.45 in Parliament\u2019s plenary chamber in Brussels. The European Broadcasting Union (EBU), which is organising the debate, has confirmed the participation of Walter Baier (Austria, European Left), Sandro Gozi (Italy, Renew Europe Now), Ursula von der [&hellip;]<\/p>\n","protected":false},"author":1,"featured_media":151643,"comment_status":"open","ping_status":"open","sticky":false,"template":"","format":"standard","meta":{"_acf_changed":false,"_relevanssi_hide_post":"","_relevanssi_hide_content":"","_relevanssi_pin_for_all":"","_relevanssi_pin_keywords":"","_relevanssi_unpin_keywords":"","_relevanssi_related_keywords":"","_relevanssi_related_include_ids":"","_relevanssi_related_exclude_ids":"","_relevanssi_related_no_append":"","_relevanssi_related_not_related":"","_relevanssi_related_posts":"","_relevanssi_noindex_reason":"","_monsterinsights_skip_tracking":false,"_monsterinsights_sitenote_active":false,"_monsterinsights_sitenote_note":"","_monsterinsights_sitenote_category":0,"_genesis_hide_title":false,"_genesis_hide_breadcrumbs":false,"_genesis_hide_singular_image":false,"_genesis_hide_footer_widgets":false,"_genesis_custom_body_class":"","_genesis_custom_post_class":"","_genesis_layout":"","footnotes":""},"categories":[346,4064],"tags":[12278,2612,1488,753,12279,12280],"class_list":{"0":"post-151647","1":"post","2":"type-post","3":"status-publish","4":"format-standard","5":"has-post-thumbnail","7":"category-eu-news","8":"category-institutional","9":"tag-commission-presidency","10":"tag-debate-en","11":"tag-european-commission","12":"tag-european-parliament","13":"tag-eurovision-debate","14":"tag-lead-candidates","15":"entry"},"acf":[],"yoast_head":"<!-- This site is optimized with the Yoast SEO plugin v27.5 - https:\/\/yoast.com\/product\/yoast-seo-wordpress\/ -->\n<title>Eurovision debate: lead candidates for Commission Presidency to debate on 23 May | CDE Almer\u00eda - Centro de Documentaci\u00f3n Europea - Universidad de Almer\u00eda<\/title>\n<meta name=\"robots\" content=\"index, follow, max-snippet:-1, max-image-preview:large, max-video-preview:-1\" \/>\n<link rel=\"canonical\" href=\"https:\/\/www.cde.ual.es\/en\/eurovision-debate-lead-candidates-for-commission-presidency-to-debate-on-23-may\/\" \/>\n<meta property=\"og:locale\" content=\"en_US\" \/>\n<meta property=\"og:type\" content=\"article\" \/>\n<meta property=\"og:title\" content=\"Eurovision debate: lead candidates for Commission Presidency to debate on 23 May | CDE Almer\u00eda - Centro de Documentaci\u00f3n Europea - Universidad de Almer\u00eda\" \/>\n<meta property=\"og:description\" content=\"The Eurovision debate between the lead candidates for the Commission presidency will take place on Thursday 23 May from 15.00-16.45 in Parliament\u2019s plenary chamber in Brussels. The European Broadcasting Union (EBU), which is organising the debate, has confirmed the participation of Walter Baier (Austria, European Left), Sandro Gozi (Italy, Renew Europe Now), Ursula von der [&hellip;]\" \/>\n<meta property=\"og:url\" content=\"https:\/\/www.cde.ual.es\/en\/eurovision-debate-lead-candidates-for-commission-presidency-to-debate-on-23-may\/\" \/>\n<meta property=\"og:site_name\" content=\"CDE Almer\u00eda - Centro de Documentaci\u00f3n Europea - Universidad de Almer\u00eda\" \/>\n<meta property=\"article:publisher\" content=\"https:\/\/www.facebook.com\/cdeuniversidadalmeria\/\" \/>\n<meta property=\"article:published_time\" content=\"2024-05-22T09:19:40+00:00\" \/>\n<meta property=\"og:image\" content=\"https:\/\/www.cde.ual.es\/wp-content\/uploads\/2024\/05\/Eurovision.png\" \/>\n\t<meta property=\"og:image:width\" content=\"1920\" \/>\n\t<meta property=\"og:image:height\" content=\"1080\" \/>\n\t<meta property=\"og:image:type\" content=\"image\/png\" \/>\n<meta name=\"author\" content=\"AdminCDE\" \/>\n<meta name=\"twitter:card\" content=\"summary_large_image\" \/>\n<meta name=\"twitter:creator\" content=\"@cdeualmeria\" \/>\n<meta name=\"twitter:site\" content=\"@cdeualmeria\" \/>\n<meta name=\"twitter:label1\" content=\"Written by\" \/>\n\t<meta name=\"twitter:data1\" content=\"AdminCDE\" \/>\n\t<meta name=\"twitter:label2\" content=\"Est. reading time\" \/>\n\t<meta name=\"twitter:data2\" content=\"4 minutes\" \/>\n<script type=\"application\/ld+json\" class=\"yoast-schema-graph\">{\"@context\":\"https:\\\/\\\/schema.org\",\"@graph\":[{\"@type\":\"Article\",\"@id\":\"https:\\\/\\\/www.cde.ual.es\\\/en\\\/eurovision-debate-lead-candidates-for-commission-presidency-to-debate-on-23-may\\\/#article\",\"isPartOf\":{\"@id\":\"https:\\\/\\\/www.cde.ual.es\\\/en\\\/eurovision-debate-lead-candidates-for-commission-presidency-to-debate-on-23-may\\\/\"},\"author\":{\"name\":\"AdminCDE\",\"@id\":\"https:\\\/\\\/www.cde.ual.es\\\/#\\\/schema\\\/person\\\/224ef08c8bcc005f319d2713ce37ee5f\"},\"headline\":\"Eurovision debate: lead candidates for Commission Presidency to debate on 23 May\",\"datePublished\":\"2024-05-22T09:19:40+00:00\",\"mainEntityOfPage\":{\"@id\":\"https:\\\/\\\/www.cde.ual.es\\\/en\\\/eurovision-debate-lead-candidates-for-commission-presidency-to-debate-on-23-may\\\/\"},\"wordCount\":714,\"commentCount\":0,\"publisher\":{\"@id\":\"https:\\\/\\\/www.cde.ual.es\\\/#organization\"},\"image\":{\"@id\":\"https:\\\/\\\/www.cde.ual.es\\\/en\\\/eurovision-debate-lead-candidates-for-commission-presidency-to-debate-on-23-may\\\/#primaryimage\"},\"thumbnailUrl\":\"https:\\\/\\\/www.cde.ual.es\\\/wp-content\\\/uploads\\\/2024\\\/05\\\/Eurovision.png\",\"keywords\":[\"Commission Presidency\",\"debate\",\"European Commission\",\"European Parliament\",\"Eurovision debate\",\"lead candidates\"],\"articleSection\":[\"EU News\",\"Institutional Affairs\"],\"inLanguage\":\"en-US\",\"potentialAction\":[{\"@type\":\"CommentAction\",\"name\":\"Comment\",\"target\":[\"https:\\\/\\\/www.cde.ual.es\\\/en\\\/eurovision-debate-lead-candidates-for-commission-presidency-to-debate-on-23-may\\\/#respond\"]}]},{\"@type\":\"WebPage\",\"@id\":\"https:\\\/\\\/www.cde.ual.es\\\/en\\\/eurovision-debate-lead-candidates-for-commission-presidency-to-debate-on-23-may\\\/\",\"url\":\"https:\\\/\\\/www.cde.ual.es\\\/en\\\/eurovision-debate-lead-candidates-for-commission-presidency-to-debate-on-23-may\\\/\",\"name\":\"Eurovision debate: lead candidates for Commission Presidency to debate on 23 May | CDE Almer\u00eda - Centro de Documentaci\u00f3n Europea - Universidad de Almer\u00eda\",\"isPartOf\":{\"@id\":\"https:\\\/\\\/www.cde.ual.es\\\/#website\"},\"primaryImageOfPage\":{\"@id\":\"https:\\\/\\\/www.cde.ual.es\\\/en\\\/eurovision-debate-lead-candidates-for-commission-presidency-to-debate-on-23-may\\\/#primaryimage\"},\"image\":{\"@id\":\"https:\\\/\\\/www.cde.ual.es\\\/en\\\/eurovision-debate-lead-candidates-for-commission-presidency-to-debate-on-23-may\\\/#primaryimage\"},\"thumbnailUrl\":\"https:\\\/\\\/www.cde.ual.es\\\/wp-content\\\/uploads\\\/2024\\\/05\\\/Eurovision.png\",\"datePublished\":\"2024-05-22T09:19:40+00:00\",\"breadcrumb\":{\"@id\":\"https:\\\/\\\/www.cde.ual.es\\\/en\\\/eurovision-debate-lead-candidates-for-commission-presidency-to-debate-on-23-may\\\/#breadcrumb\"},\"inLanguage\":\"en-US\",\"potentialAction\":[{\"@type\":\"ReadAction\",\"target\":[\"https:\\\/\\\/www.cde.ual.es\\\/en\\\/eurovision-debate-lead-candidates-for-commission-presidency-to-debate-on-23-may\\\/\"]}]},{\"@type\":\"ImageObject\",\"inLanguage\":\"en-US\",\"@id\":\"https:\\\/\\\/www.cde.ual.es\\\/en\\\/eurovision-debate-lead-candidates-for-commission-presidency-to-debate-on-23-may\\\/#primaryimage\",\"url\":\"https:\\\/\\\/www.cde.ual.es\\\/wp-content\\\/uploads\\\/2024\\\/05\\\/Eurovision.png\",\"contentUrl\":\"https:\\\/\\\/www.cde.ual.es\\\/wp-content\\\/uploads\\\/2024\\\/05\\\/Eurovision.png\",\"width\":1920,\"height\":1080,\"caption\":\"Eurovisi\u00f3n\"},{\"@type\":\"BreadcrumbList\",\"@id\":\"https:\\\/\\\/www.cde.ual.es\\\/en\\\/eurovision-debate-lead-candidates-for-commission-presidency-to-debate-on-23-may\\\/#breadcrumb\",\"itemListElement\":[{\"@type\":\"ListItem\",\"position\":1,\"name\":\"Inicio\",\"item\":\"https:\\\/\\\/www.cde.ual.es\\\/en\\\/\"},{\"@type\":\"ListItem\",\"position\":2,\"name\":\"EU News\",\"item\":\"https:\\\/\\\/www.cde.ual.es\\\/en\\\/category\\\/eu-news\\\/\"},{\"@type\":\"ListItem\",\"position\":3,\"name\":\"Institutional Affairs\",\"item\":\"https:\\\/\\\/www.cde.ual.es\\\/en\\\/category\\\/eu-news\\\/institutional\\\/\"},{\"@type\":\"ListItem\",\"position\":4,\"name\":\"Eurovision debate: lead candidates for Commission Presidency to debate on 23 May\"}]},{\"@type\":\"WebSite\",\"@id\":\"https:\\\/\\\/www.cde.ual.es\\\/#website\",\"url\":\"https:\\\/\\\/www.cde.ual.es\\\/\",\"name\":\"CDE Almer\u00eda - Centro de Documentaci\u00f3n Europea - Universidad de Almer\u00eda\",\"description\":\"Centro de Documentaci\u00f3n Europea de la Universidad de Almer\u00eda\",\"publisher\":{\"@id\":\"https:\\\/\\\/www.cde.ual.es\\\/#organization\"},\"alternateName\":\"CDE Almer\u00eda\",\"potentialAction\":[{\"@type\":\"SearchAction\",\"target\":{\"@type\":\"EntryPoint\",\"urlTemplate\":\"https:\\\/\\\/www.cde.ual.es\\\/?s={search_term_string}\"},\"query-input\":{\"@type\":\"PropertyValueSpecification\",\"valueRequired\":true,\"valueName\":\"search_term_string\"}}],\"inLanguage\":\"en-US\"},{\"@type\":\"Organization\",\"@id\":\"https:\\\/\\\/www.cde.ual.es\\\/#organization\",\"name\":\"Centro de Documentaci\u00f3n Europea de Almer\u00eda\",\"url\":\"https:\\\/\\\/www.cde.ual.es\\\/\",\"logo\":{\"@type\":\"ImageObject\",\"inLanguage\":\"en-US\",\"@id\":\"https:\\\/\\\/www.cde.ual.es\\\/#\\\/schema\\\/logo\\\/image\\\/\",\"url\":\"https:\\\/\\\/www.cde.ual.es\\\/wp-content\\\/uploads\\\/2025\\\/07\\\/cde-logo-3.png\",\"contentUrl\":\"https:\\\/\\\/www.cde.ual.es\\\/wp-content\\\/uploads\\\/2025\\\/07\\\/cde-logo-3.png\",\"width\":1400,\"height\":300,\"caption\":\"Centro de Documentaci\u00f3n Europea de Almer\u00eda\"},\"image\":{\"@id\":\"https:\\\/\\\/www.cde.ual.es\\\/#\\\/schema\\\/logo\\\/image\\\/\"},\"sameAs\":[\"https:\\\/\\\/www.facebook.com\\\/cdeuniversidadalmeria\\\/\",\"https:\\\/\\\/x.com\\\/cdeualmeria\",\"https:\\\/\\\/www.tiktok.com\\\/@cdealmeria\",\"https:\\\/\\\/www.instagram.com\\\/cdealmeria\\\/\",\"https:\\\/\\\/www.linkedin.com\\\/in\\\/cde-almera-812b26a9\\\/\"]},{\"@type\":\"Person\",\"@id\":\"https:\\\/\\\/www.cde.ual.es\\\/#\\\/schema\\\/person\\\/224ef08c8bcc005f319d2713ce37ee5f\",\"name\":\"AdminCDE\",\"image\":{\"@type\":\"ImageObject\",\"inLanguage\":\"en-US\",\"@id\":\"https:\\\/\\\/secure.gravatar.com\\\/avatar\\\/a72d038d371f995cd13706fac32274b7952a52e8fb0a84b5f80c85426f2a98a8?s=96&d=mm&r=g\",\"url\":\"https:\\\/\\\/secure.gravatar.com\\\/avatar\\\/a72d038d371f995cd13706fac32274b7952a52e8fb0a84b5f80c85426f2a98a8?s=96&d=mm&r=g\",\"contentUrl\":\"https:\\\/\\\/secure.gravatar.com\\\/avatar\\\/a72d038d371f995cd13706fac32274b7952a52e8fb0a84b5f80c85426f2a98a8?s=96&d=mm&r=g\",\"caption\":\"AdminCDE\"}}]}<\/script>\n<!-- \/ Yoast SEO plugin. -->","yoast_head_json":{"title":"Eurovision debate: lead candidates for Commission Presidency to debate on 23 May | CDE Almer\u00eda - Centro de Documentaci\u00f3n Europea - Universidad de Almer\u00eda","robots":{"index":"index","follow":"follow","max-snippet":"max-snippet:-1","max-image-preview":"max-image-preview:large","max-video-preview":"max-video-preview:-1"},"canonical":"https:\/\/www.cde.ual.es\/en\/eurovision-debate-lead-candidates-for-commission-presidency-to-debate-on-23-may\/","og_locale":"en_US","og_type":"article","og_title":"Eurovision debate: lead candidates for Commission Presidency to debate on 23 May | CDE Almer\u00eda - Centro de Documentaci\u00f3n Europea - Universidad de Almer\u00eda","og_description":"The Eurovision debate between the lead candidates for the Commission presidency will take place on Thursday 23 May from 15.00-16.45 in Parliament\u2019s plenary chamber in Brussels. The European Broadcasting Union (EBU), which is organising the debate, has confirmed the participation of Walter Baier (Austria, European Left), Sandro Gozi (Italy, Renew Europe Now), Ursula von der [&hellip;]","og_url":"https:\/\/www.cde.ual.es\/en\/eurovision-debate-lead-candidates-for-commission-presidency-to-debate-on-23-may\/","og_site_name":"CDE Almer\u00eda - Centro de Documentaci\u00f3n Europea - Universidad de Almer\u00eda","article_publisher":"https:\/\/www.facebook.com\/cdeuniversidadalmeria\/","article_published_time":"2024-05-22T09:19:40+00:00","og_image":[{"width":1920,"height":1080,"url":"https:\/\/www.cde.ual.es\/wp-content\/uploads\/2024\/05\/Eurovision.png","type":"image\/png"}],"author":"AdminCDE","twitter_card":"summary_large_image","twitter_creator":"@cdeualmeria","twitter_site":"@cdeualmeria","twitter_misc":{"Written by":"AdminCDE","Est. reading time":"4 minutes"},"schema":{"@context":"https:\/\/schema.org","@graph":[{"@type":"Article","@id":"https:\/\/www.cde.ual.es\/en\/eurovision-debate-lead-candidates-for-commission-presidency-to-debate-on-23-may\/#article","isPartOf":{"@id":"https:\/\/www.cde.ual.es\/en\/eurovision-debate-lead-candidates-for-commission-presidency-to-debate-on-23-may\/"},"author":{"name":"AdminCDE","@id":"https:\/\/www.cde.ual.es\/#\/schema\/person\/224ef08c8bcc005f319d2713ce37ee5f"},"headline":"Eurovision debate: lead candidates for Commission Presidency to debate on 23 May","datePublished":"2024-05-22T09:19:40+00:00","mainEntityOfPage":{"@id":"https:\/\/www.cde.ual.es\/en\/eurovision-debate-lead-candidates-for-commission-presidency-to-debate-on-23-may\/"},"wordCount":714,"commentCount":0,"publisher":{"@id":"https:\/\/www.cde.ual.es\/#organization"},"image":{"@id":"https:\/\/www.cde.ual.es\/en\/eurovision-debate-lead-candidates-for-commission-presidency-to-debate-on-23-may\/#primaryimage"},"thumbnailUrl":"https:\/\/www.cde.ual.es\/wp-content\/uploads\/2024\/05\/Eurovision.png","keywords":["Commission Presidency","debate","European Commission","European Parliament","Eurovision debate","lead candidates"],"articleSection":["EU News","Institutional Affairs"],"inLanguage":"en-US","potentialAction":[{"@type":"CommentAction","name":"Comment","target":["https:\/\/www.cde.ual.es\/en\/eurovision-debate-lead-candidates-for-commission-presidency-to-debate-on-23-may\/#respond"]}]},{"@type":"WebPage","@id":"https:\/\/www.cde.ual.es\/en\/eurovision-debate-lead-candidates-for-commission-presidency-to-debate-on-23-may\/","url":"https:\/\/www.cde.ual.es\/en\/eurovision-debate-lead-candidates-for-commission-presidency-to-debate-on-23-may\/","name":"Eurovision debate: lead candidates for Commission Presidency to debate on 23 May | CDE Almer\u00eda - Centro de Documentaci\u00f3n Europea - Universidad de Almer\u00eda","isPartOf":{"@id":"https:\/\/www.cde.ual.es\/#website"},"primaryImageOfPage":{"@id":"https:\/\/www.cde.ual.es\/en\/eurovision-debate-lead-candidates-for-commission-presidency-to-debate-on-23-may\/#primaryimage"},"image":{"@id":"https:\/\/www.cde.ual.es\/en\/eurovision-debate-lead-candidates-for-commission-presidency-to-debate-on-23-may\/#primaryimage"},"thumbnailUrl":"https:\/\/www.cde.ual.es\/wp-content\/uploads\/2024\/05\/Eurovision.png","datePublished":"2024-05-22T09:19:40+00:00","breadcrumb":{"@id":"https:\/\/www.cde.ual.es\/en\/eurovision-debate-lead-candidates-for-commission-presidency-to-debate-on-23-may\/#breadcrumb"},"inLanguage":"en-US","potentialAction":[{"@type":"ReadAction","target":["https:\/\/www.cde.ual.es\/en\/eurovision-debate-lead-candidates-for-commission-presidency-to-debate-on-23-may\/"]}]},{"@type":"ImageObject","inLanguage":"en-US","@id":"https:\/\/www.cde.ual.es\/en\/eurovision-debate-lead-candidates-for-commission-presidency-to-debate-on-23-may\/#primaryimage","url":"https:\/\/www.cde.ual.es\/wp-content\/uploads\/2024\/05\/Eurovision.png","contentUrl":"https:\/\/www.cde.ual.es\/wp-content\/uploads\/2024\/05\/Eurovision.png","width":1920,"height":1080,"caption":"Eurovisi\u00f3n"},{"@type":"BreadcrumbList","@id":"https:\/\/www.cde.ual.es\/en\/eurovision-debate-lead-candidates-for-commission-presidency-to-debate-on-23-may\/#breadcrumb","itemListElement":[{"@type":"ListItem","position":1,"name":"Inicio","item":"https:\/\/www.cde.ual.es\/en\/"},{"@type":"ListItem","position":2,"name":"EU News","item":"https:\/\/www.cde.ual.es\/en\/category\/eu-news\/"},{"@type":"ListItem","position":3,"name":"Institutional Affairs","item":"https:\/\/www.cde.ual.es\/en\/category\/eu-news\/institutional\/"},{"@type":"ListItem","position":4,"name":"Eurovision debate: lead candidates for Commission Presidency to debate on 23 May"}]},{"@type":"WebSite","@id":"https:\/\/www.cde.ual.es\/#website","url":"https:\/\/www.cde.ual.es\/","name":"CDE Almer\u00eda - Centro de Documentaci\u00f3n Europea - Universidad de Almer\u00eda","description":"Centro de Documentaci\u00f3n Europea de la Universidad de Almer\u00eda","publisher":{"@id":"https:\/\/www.cde.ual.es\/#organization"},"alternateName":"CDE Almer\u00eda","potentialAction":[{"@type":"SearchAction","target":{"@type":"EntryPoint","urlTemplate":"https:\/\/www.cde.ual.es\/?s={search_term_string}"},"query-input":{"@type":"PropertyValueSpecification","valueRequired":true,"valueName":"search_term_string"}}],"inLanguage":"en-US"},{"@type":"Organization","@id":"https:\/\/www.cde.ual.es\/#organization","name":"Centro de Documentaci\u00f3n Europea de Almer\u00eda","url":"https:\/\/www.cde.ual.es\/","logo":{"@type":"ImageObject","inLanguage":"en-US","@id":"https:\/\/www.cde.ual.es\/#\/schema\/logo\/image\/","url":"https:\/\/www.cde.ual.es\/wp-content\/uploads\/2025\/07\/cde-logo-3.png","contentUrl":"https:\/\/www.cde.ual.es\/wp-content\/uploads\/2025\/07\/cde-logo-3.png","width":1400,"height":300,"caption":"Centro de Documentaci\u00f3n Europea de Almer\u00eda"},"image":{"@id":"https:\/\/www.cde.ual.es\/#\/schema\/logo\/image\/"},"sameAs":["https:\/\/www.facebook.com\/cdeuniversidadalmeria\/","https:\/\/x.com\/cdeualmeria","https:\/\/www.tiktok.com\/@cdealmeria","https:\/\/www.instagram.com\/cdealmeria\/","https:\/\/www.linkedin.com\/in\/cde-almera-812b26a9\/"]},{"@type":"Person","@id":"https:\/\/www.cde.ual.es\/#\/schema\/person\/224ef08c8bcc005f319d2713ce37ee5f","name":"AdminCDE","image":{"@type":"ImageObject","inLanguage":"en-US","@id":"https:\/\/secure.gravatar.com\/avatar\/a72d038d371f995cd13706fac32274b7952a52e8fb0a84b5f80c85426f2a98a8?s=96&d=mm&r=g","url":"https:\/\/secure.gravatar.com\/avatar\/a72d038d371f995cd13706fac32274b7952a52e8fb0a84b5f80c85426f2a98a8?s=96&d=mm&r=g","contentUrl":"https:\/\/secure.gravatar.com\/avatar\/a72d038d371f995cd13706fac32274b7952a52e8fb0a84b5f80c85426f2a98a8?s=96&d=mm&r=g","caption":"AdminCDE"}}]}},"_links":{"self":[{"href":"https:\/\/www.cde.ual.es\/en\/wp-json\/wp\/v2\/posts\/151647","targetHints":{"allow":["GET"]}}],"collection":[{"href":"https:\/\/www.cde.ual.es\/en\/wp-json\/wp\/v2\/posts"}],"about":[{"href":"https:\/\/www.cde.ual.es\/en\/wp-json\/wp\/v2\/types\/post"}],"author":[{"embeddable":true,"href":"https:\/\/www.cde.ual.es\/en\/wp-json\/wp\/v2\/users\/1"}],"replies":[{"embeddable":true,"href":"https:\/\/www.cde.ual.es\/en\/wp-json\/wp\/v2\/comments?post=151647"}],"version-history":[{"count":1,"href":"https:\/\/www.cde.ual.es\/en\/wp-json\/wp\/v2\/posts\/151647\/revisions"}],"predecessor-version":[{"id":151648,"href":"https:\/\/www.cde.ual.es\/en\/wp-json\/wp\/v2\/posts\/151647\/revisions\/151648"}],"wp:featuredmedia":[{"embeddable":true,"href":"https:\/\/www.cde.ual.es\/en\/wp-json\/wp\/v2\/media\/151643"}],"wp:attachment":[{"href":"https:\/\/www.cde.ual.es\/en\/wp-json\/wp\/v2\/media?parent=151647"}],"wp:term":[{"taxonomy":"category","embeddable":true,"href":"https:\/\/www.cde.ual.es\/en\/wp-json\/wp\/v2\/categories?post=151647"},{"taxonomy":"post_tag","embeddable":true,"href":"https:\/\/www.cde.ual.es\/en\/wp-json\/wp\/v2\/tags?post=151647"}],"curies":[{"name":"wp","href":"https:\/\/api.w.org\/{rel}","templated":true}]}}