{"id":151470,"date":"2024-05-16T03:00:15","date_gmt":"2024-05-16T01:00:15","guid":{"rendered":"https:\/\/www.cde.ual.es\/?p=151470"},"modified":"2024-05-15T10:16:29","modified_gmt":"2024-05-15T08:16:29","slug":"the-european-commission-approves-a-e120-million-spanish-scheme-to-support-investments-in-strategic-sectors-of-the-asturias-region","status":"publish","type":"post","link":"https:\/\/www.cde.ual.es\/en\/the-european-commission-approves-a-e120-million-spanish-scheme-to-support-investments-in-strategic-sectors-of-the-asturias-region\/","title":{"rendered":"The European Commission approves a \u20ac120 million Spanish scheme to support investments in strategic sectors of the Asturias region"},"content":{"rendered":"<p style=\"text-align: justify;\">The European Commission has approved a <strong>\u20ac120 million<\/strong> <strong>Spanish scheme<\/strong> to support <strong>investments in strategic sectors in the Asturias region<\/strong> to foster the transition to a zero net emission economy, in line with the <a href=\"https:\/\/ec.europa.eu\/commission\/presscorner\/detail\/en\/ip_23_510\">Green Deal Industrial Plan<\/a>. The scheme was approved under the T<a href=\"https:\/\/competition-policy.ec.europa.eu\/state-aid\/temporary-crisis-and-transition-framework_en\">emporary Crisis and Transition Framework<\/a> for state aid, adopted by the Commission on <a href=\"https:\/\/ec.europa.eu\/commission\/presscorner\/detail\/en\/ip_23_1563\">9 March 2023<\/a> and amended on <a href=\"https:\/\/ec.europa.eu\/commission\/presscorner\/detail\/en\/IP_23_5861\">20 November 2023<\/a> and <a href=\"https:\/\/ec.europa.eu\/commission\/presscorner\/detail\/en\/ip_24_2332\">2 May 2024<\/a>, to support measures in sectors that are key to accelerating the green transition and reducing fuel dependency.<\/p>\n<p><a href=\"https:\/\/www.cde.ual.es\/wp-content\/uploads\/2024\/05\/bridge-7860411_1280.jpg\"><img decoding=\"async\" class=\"wp-image-151467 aligncenter\" src=\"https:\/\/www.cde.ual.es\/wp-content\/uploads\/2024\/05\/bridge-7860411_1280.jpg\" alt=\"\" width=\"400\" height=\"600\" srcset=\"https:\/\/www.cde.ual.es\/wp-content\/uploads\/2024\/05\/bridge-7860411_1280.jpg 853w, https:\/\/www.cde.ual.es\/wp-content\/uploads\/2024\/05\/bridge-7860411_1280-200x300.jpg 200w, https:\/\/www.cde.ual.es\/wp-content\/uploads\/2024\/05\/bridge-7860411_1280-682x1024.jpg 682w, https:\/\/www.cde.ual.es\/wp-content\/uploads\/2024\/05\/bridge-7860411_1280-768x1152.jpg 768w\" sizes=\"(max-width: 400px) 100vw, 400px\" \/><\/a><\/p>\n<p style=\"text-align: justify;\">Companies producing relevant equipment, namely batteries, solar panels, wind turbines, heat pumps, heat pumps, electrolysers, equipment for the use and storage of carbon, as well as key components designed and mainly used as direct inputs for the production of such equipment or the related key raw materials necessary for its production, will be eligible for the measure.<\/p>\n<p style=\"text-align: justify;\">The Commission considers that the Spanish scheme is in line with the conditions set out in the Temporary Crisis and Transition Framework. In particular, the aid will (i) incentivise the production of equipment relevant for the transition to a zero net emission economy; (ii) respect the aid ceilings; and (iii) be granted no later than 31 December 2025.<\/p>\n<p style=\"text-align: justify;\">The Commission has concluded that the Spanish scheme is necessary, appropriate and proportionate to accelerate the ecological transition and to facilitate the development of certain economic activities, which are important from the point of view of the implementation of the <a href=\"https:\/\/ec.europa.eu\/commission\/presscorner\/detail\/en\/ip_23_510\">Green Deal Industrial Plan<\/a>, in line with <strong>Article 107(3)(c) TFEU<\/strong> and the conditions set out in the Temporary Crisis and Transition Framework.<\/p>\n<p style=\"text-align: justify;\">On this basis, the Commission has approved this aid under the relevant EU rules.<\/p>\n<p style=\"text-align: justify;\"><a href=\"https:\/\/competition-policy.ec.europa.eu\/state-aid\/temporary-crisis-and-transition-framework_en\">More information<\/a> on the Temporary Crisis and Transition Framework and other measures adopted by the Commission to address the economic consequences of Russia&#8217;s war against Ukraine and to promote the transition to a net zero emission economy is available here. The non-confidential version of the decision will be published under the number SA.113231 in the <a href=\"https:\/\/competition-cases.ec.europa.eu\/search\">State aid Register<\/a> on the Commission&#8217;s competition <a href=\"https:\/\/competition-policy.ec.europa.eu\/state-aid\/temporary-crisis-and-transition-framework_en\">website<\/a> once possible confidentiality issues have been resolved.<\/p>\n<table style=\"width: 99.9988%; border-collapse: collapse; border-style: double; border-color: #001f7d;\" cellpadding=\"0,5\">\n<tbody>\n<tr>\n<td style=\"width: 100%;\"><a href=\"https:\/\/www.cde.ual.es\/el-bei-y-la-generalitat-valenciana-firman-un-prestamo-de-470-me-para-financiar-proyectos-verdes-sociales-y-digitales-bajo-programas-de-fondos-europeos\/\" target=\"_blank\" rel=\"noopener\"><img decoding=\"async\" class=\"alignleft\" src=\"https:\/\/www.cde.ual.es\/wp-content\/uploads\/2020\/09\/valencia-1049389_1920.jpg\" alt=\"\" width=\"201\" height=\"134\" \/><\/a><\/p>\n<h4 class=\"entry-title\"><a href=\"https:\/\/www.cde.ual.es\/en\/eib-and-valencia-regional-government-sign-e470-million-loan-to-finance-green-social-and-digital-projects-under-eu-fund-programmes\/\" target=\"_blank\" rel=\"noopener\">EIB and Valencia regional government sign \u20ac470 million loan to finance green, social and digital projects under EU fund programmes<\/a><\/h4>\n<\/td>\n<\/tr>\n<\/tbody>\n<\/table>\n<p style=\"text-align: justify;\"><strong>More information (only avalaible in Spanish):<\/strong> <a href=\"https:\/\/spain.representation.ec.europa.eu\/index_en\">Representation of the European Commission in Spain<\/a><\/p>\n","protected":false},"excerpt":{"rendered":"<p>The European Commission has approved a \u20ac120 million Spanish scheme to support investments in strategic sectors in the Asturias region to foster the transition to a zero net emission economy, in line with the Green Deal Industrial Plan. The scheme was approved under the Temporary Crisis and Transition Framework for state aid, adopted by the [&hellip;]<\/p>\n","protected":false},"author":101011,"featured_media":151468,"comment_status":"open","ping_status":"open","sticky":false,"template":"","format":"standard","meta":{"_acf_changed":false,"_relevanssi_hide_post":"","_relevanssi_hide_content":"","_relevanssi_pin_for_all":"","_relevanssi_pin_keywords":"","_relevanssi_unpin_keywords":"","_relevanssi_related_keywords":"","_relevanssi_related_include_ids":"","_relevanssi_related_exclude_ids":"","_relevanssi_related_no_append":"","_relevanssi_related_not_related":"","_relevanssi_related_posts":"","_relevanssi_noindex_reason":"","_monsterinsights_skip_tracking":false,"_monsterinsights_sitenote_active":false,"_monsterinsights_sitenote_note":"","_monsterinsights_sitenote_category":0,"_genesis_hide_title":false,"_genesis_hide_breadcrumbs":false,"_genesis_hide_singular_image":false,"_genesis_hide_footer_widgets":false,"_genesis_custom_body_class":"","_genesis_custom_post_class":"","_genesis_layout":"","footnotes":""},"categories":[4090,4086,4085,346,4088],"tags":[11595,7173,779,1488,12231,6128,12230,806],"class_list":{"0":"post-151470","1":"post","2":"type-post","3":"status-publish","4":"format-standard","5":"has-post-thumbnail","7":"category-economy-finance","8":"category-energy","9":"category-environment","10":"category-eu-news","11":"category-market","12":"tag-asturias-en","13":"tag-comision-europea-en-2","14":"tag-eu-en","15":"tag-european-commission","16":"tag-green-deal-industrial-plan","17":"tag-investments","18":"tag-representation-of-the-european-commission-in-spain","19":"tag-spain","20":"entry"},"acf":[],"yoast_head":"<!-- This site is optimized with the Yoast SEO plugin v27.4 - https:\/\/yoast.com\/product\/yoast-seo-wordpress\/ -->\n<title>The European Commission approves a \u20ac120 million Spanish scheme to support investments in strategic sectors of the Asturias region | CDE Almer\u00eda - Centro de Documentaci\u00f3n Europea - Universidad de Almer\u00eda<\/title>\n<meta name=\"robots\" content=\"index, follow, max-snippet:-1, max-image-preview:large, max-video-preview:-1\" \/>\n<link rel=\"canonical\" href=\"https:\/\/www.cde.ual.es\/?p=151466\" \/>\n<meta property=\"og:locale\" content=\"en_US\" \/>\n<meta property=\"og:type\" content=\"article\" \/>\n<meta property=\"og:title\" content=\"The European Commission approves a \u20ac120 million Spanish scheme to support investments in strategic sectors of the Asturias region | CDE Almer\u00eda - Centro de Documentaci\u00f3n Europea - Universidad de Almer\u00eda\" \/>\n<meta property=\"og:description\" content=\"The European Commission has approved a \u20ac120 million Spanish scheme to support investments in strategic sectors in the Asturias region to foster the transition to a zero net emission economy, in line with the Green Deal Industrial Plan. The scheme was approved under the Temporary Crisis and Transition Framework for state aid, adopted by the [&hellip;]\" \/>\n<meta property=\"og:url\" content=\"https:\/\/www.cde.ual.es\/?p=151466\" \/>\n<meta property=\"og:site_name\" content=\"CDE Almer\u00eda - Centro de Documentaci\u00f3n Europea - Universidad de Almer\u00eda\" \/>\n<meta property=\"article:publisher\" content=\"https:\/\/www.facebook.com\/cdeuniversidadalmeria\/\" \/>\n<meta property=\"article:published_time\" content=\"2024-05-16T01:00:15+00:00\" \/>\n<meta property=\"og:image\" content=\"https:\/\/www.cde.ual.es\/wp-content\/uploads\/2024\/05\/bridge-7860411_1280.jpg\" \/>\n\t<meta property=\"og:image:width\" content=\"853\" \/>\n\t<meta property=\"og:image:height\" content=\"1280\" \/>\n\t<meta property=\"og:image:type\" content=\"image\/jpeg\" \/>\n<meta name=\"author\" content=\"BECA 2 CDE\" \/>\n<meta name=\"twitter:card\" content=\"summary_large_image\" \/>\n<meta name=\"twitter:creator\" content=\"@cdeualmeria\" \/>\n<meta name=\"twitter:site\" content=\"@cdeualmeria\" \/>\n<meta name=\"twitter:label1\" content=\"Written by\" \/>\n\t<meta name=\"twitter:data1\" content=\"BECA 2 CDE\" \/>\n\t<meta name=\"twitter:label2\" content=\"Est. reading time\" \/>\n\t<meta name=\"twitter:data2\" content=\"3 minutes\" \/>\n<script type=\"application\/ld+json\" class=\"yoast-schema-graph\">{\"@context\":\"https:\\\/\\\/schema.org\",\"@graph\":[{\"@type\":\"Article\",\"@id\":\"https:\\\/\\\/www.cde.ual.es\\\/?p=151466#article\",\"isPartOf\":{\"@id\":\"https:\\\/\\\/www.cde.ual.es\\\/?p=151466\"},\"author\":{\"name\":\"BECA 2 CDE\",\"@id\":\"https:\\\/\\\/www.cde.ual.es\\\/#\\\/schema\\\/person\\\/ee46ebc19edfa19598c02cff83335acc\"},\"headline\":\"The European Commission approves a \u20ac120 million Spanish scheme to support investments in strategic sectors of the Asturias region\",\"datePublished\":\"2024-05-16T01:00:15+00:00\",\"mainEntityOfPage\":{\"@id\":\"https:\\\/\\\/www.cde.ual.es\\\/?p=151466\"},\"wordCount\":391,\"commentCount\":0,\"publisher\":{\"@id\":\"https:\\\/\\\/www.cde.ual.es\\\/#organization\"},\"image\":{\"@id\":\"https:\\\/\\\/www.cde.ual.es\\\/?p=151466#primaryimage\"},\"thumbnailUrl\":\"https:\\\/\\\/www.cde.ual.es\\\/wp-content\\\/uploads\\\/2024\\\/05\\\/bridge-7860411_1280.jpg\",\"keywords\":[\"Asturias\",\"Comision Europea\",\"EU\",\"European Commission\",\"Green Deal Industrial Plan\",\"investments\",\"Representation of the European Commission in Spain\",\"Spain\"],\"articleSection\":[\"Economy and Finance\",\"Energy\",\"Environmental Affairs\",\"EU News\",\"Market\"],\"inLanguage\":\"en-US\",\"potentialAction\":[{\"@type\":\"CommentAction\",\"name\":\"Comment\",\"target\":[\"https:\\\/\\\/www.cde.ual.es\\\/?p=151466#respond\"]}]},{\"@type\":\"WebPage\",\"@id\":\"https:\\\/\\\/www.cde.ual.es\\\/?p=151466\",\"url\":\"https:\\\/\\\/www.cde.ual.es\\\/?p=151466\",\"name\":\"The European Commission approves a \u20ac120 million Spanish scheme to support investments in strategic sectors of the Asturias region | CDE Almer\u00eda - Centro de Documentaci\u00f3n Europea - Universidad de Almer\u00eda\",\"isPartOf\":{\"@id\":\"https:\\\/\\\/www.cde.ual.es\\\/#website\"},\"primaryImageOfPage\":{\"@id\":\"https:\\\/\\\/www.cde.ual.es\\\/?p=151466#primaryimage\"},\"image\":{\"@id\":\"https:\\\/\\\/www.cde.ual.es\\\/?p=151466#primaryimage\"},\"thumbnailUrl\":\"https:\\\/\\\/www.cde.ual.es\\\/wp-content\\\/uploads\\\/2024\\\/05\\\/bridge-7860411_1280.jpg\",\"datePublished\":\"2024-05-16T01:00:15+00:00\",\"breadcrumb\":{\"@id\":\"https:\\\/\\\/www.cde.ual.es\\\/?p=151466#breadcrumb\"},\"inLanguage\":\"en-US\",\"potentialAction\":[{\"@type\":\"ReadAction\",\"target\":[\"https:\\\/\\\/www.cde.ual.es\\\/?p=151466\"]}]},{\"@type\":\"ImageObject\",\"inLanguage\":\"en-US\",\"@id\":\"https:\\\/\\\/www.cde.ual.es\\\/?p=151466#primaryimage\",\"url\":\"https:\\\/\\\/www.cde.ual.es\\\/wp-content\\\/uploads\\\/2024\\\/05\\\/bridge-7860411_1280.jpg\",\"contentUrl\":\"https:\\\/\\\/www.cde.ual.es\\\/wp-content\\\/uploads\\\/2024\\\/05\\\/bridge-7860411_1280.jpg\",\"width\":853,\"height\":1280},{\"@type\":\"BreadcrumbList\",\"@id\":\"https:\\\/\\\/www.cde.ual.es\\\/?p=151466#breadcrumb\",\"itemListElement\":[{\"@type\":\"ListItem\",\"position\":1,\"name\":\"Inicio\",\"item\":\"https:\\\/\\\/www.cde.ual.es\\\/en\\\/\"},{\"@type\":\"ListItem\",\"position\":2,\"name\":\"Noticias UE\",\"item\":\"https:\\\/\\\/www.cde.ual.es\\\/category\\\/noticias-ue\\\/\"},{\"@type\":\"ListItem\",\"position\":3,\"name\":\"Mercado\",\"item\":\"https:\\\/\\\/www.cde.ual.es\\\/category\\\/noticias-ue\\\/mercado\\\/\"},{\"@type\":\"ListItem\",\"position\":4,\"name\":\"Economy and Finance\",\"item\":\"https:\\\/\\\/www.cde.ual.es\\\/en\\\/category\\\/eu-news\\\/market\\\/economy-finance\\\/\"},{\"@type\":\"ListItem\",\"position\":5,\"name\":\"The European Commission approves a \u20ac120 million Spanish scheme to support investments in strategic sectors of the Asturias region\"}]},{\"@type\":\"WebSite\",\"@id\":\"https:\\\/\\\/www.cde.ual.es\\\/#website\",\"url\":\"https:\\\/\\\/www.cde.ual.es\\\/\",\"name\":\"CDE Almer\u00eda - Centro de Documentaci\u00f3n Europea - Universidad de Almer\u00eda\",\"description\":\"Centro de Documentaci\u00f3n Europea de la Universidad de Almer\u00eda\",\"publisher\":{\"@id\":\"https:\\\/\\\/www.cde.ual.es\\\/#organization\"},\"alternateName\":\"CDE Almer\u00eda\",\"potentialAction\":[{\"@type\":\"SearchAction\",\"target\":{\"@type\":\"EntryPoint\",\"urlTemplate\":\"https:\\\/\\\/www.cde.ual.es\\\/?s={search_term_string}\"},\"query-input\":{\"@type\":\"PropertyValueSpecification\",\"valueRequired\":true,\"valueName\":\"search_term_string\"}}],\"inLanguage\":\"en-US\"},{\"@type\":\"Organization\",\"@id\":\"https:\\\/\\\/www.cde.ual.es\\\/#organization\",\"name\":\"Centro de Documentaci\u00f3n Europea de Almer\u00eda\",\"url\":\"https:\\\/\\\/www.cde.ual.es\\\/\",\"logo\":{\"@type\":\"ImageObject\",\"inLanguage\":\"en-US\",\"@id\":\"https:\\\/\\\/www.cde.ual.es\\\/#\\\/schema\\\/logo\\\/image\\\/\",\"url\":\"https:\\\/\\\/www.cde.ual.es\\\/wp-content\\\/uploads\\\/2025\\\/07\\\/cde-logo-3.png\",\"contentUrl\":\"https:\\\/\\\/www.cde.ual.es\\\/wp-content\\\/uploads\\\/2025\\\/07\\\/cde-logo-3.png\",\"width\":1400,\"height\":300,\"caption\":\"Centro de Documentaci\u00f3n Europea de Almer\u00eda\"},\"image\":{\"@id\":\"https:\\\/\\\/www.cde.ual.es\\\/#\\\/schema\\\/logo\\\/image\\\/\"},\"sameAs\":[\"https:\\\/\\\/www.facebook.com\\\/cdeuniversidadalmeria\\\/\",\"https:\\\/\\\/x.com\\\/cdeualmeria\",\"https:\\\/\\\/www.tiktok.com\\\/@cdealmeria\",\"https:\\\/\\\/www.instagram.com\\\/cdealmeria\\\/\",\"https:\\\/\\\/www.linkedin.com\\\/in\\\/cde-almera-812b26a9\\\/\"]},{\"@type\":\"Person\",\"@id\":\"https:\\\/\\\/www.cde.ual.es\\\/#\\\/schema\\\/person\\\/ee46ebc19edfa19598c02cff83335acc\",\"name\":\"BECA 2 CDE\",\"image\":{\"@type\":\"ImageObject\",\"inLanguage\":\"en-US\",\"@id\":\"https:\\\/\\\/secure.gravatar.com\\\/avatar\\\/35a481bbc04bbd90e91bdfa3b0b5541036c222a49b9ad37b6889a2afcb5311a5?s=96&d=mm&r=g\",\"url\":\"https:\\\/\\\/secure.gravatar.com\\\/avatar\\\/35a481bbc04bbd90e91bdfa3b0b5541036c222a49b9ad37b6889a2afcb5311a5?s=96&d=mm&r=g\",\"contentUrl\":\"https:\\\/\\\/secure.gravatar.com\\\/avatar\\\/35a481bbc04bbd90e91bdfa3b0b5541036c222a49b9ad37b6889a2afcb5311a5?s=96&d=mm&r=g\",\"caption\":\"BECA 2 CDE\"},\"sameAs\":[\"http:\\\/\\\/www.cdealmeria.com\"]}]}<\/script>\n<!-- \/ Yoast SEO plugin. -->","yoast_head_json":{"title":"The European Commission approves a \u20ac120 million Spanish scheme to support investments in strategic sectors of the Asturias region | CDE Almer\u00eda - Centro de Documentaci\u00f3n Europea - Universidad de Almer\u00eda","robots":{"index":"index","follow":"follow","max-snippet":"max-snippet:-1","max-image-preview":"max-image-preview:large","max-video-preview":"max-video-preview:-1"},"canonical":"https:\/\/www.cde.ual.es\/?p=151466","og_locale":"en_US","og_type":"article","og_title":"The European Commission approves a \u20ac120 million Spanish scheme to support investments in strategic sectors of the Asturias region | CDE Almer\u00eda - Centro de Documentaci\u00f3n Europea - Universidad de Almer\u00eda","og_description":"The European Commission has approved a \u20ac120 million Spanish scheme to support investments in strategic sectors in the Asturias region to foster the transition to a zero net emission economy, in line with the Green Deal Industrial Plan. The scheme was approved under the Temporary Crisis and Transition Framework for state aid, adopted by the [&hellip;]","og_url":"https:\/\/www.cde.ual.es\/?p=151466","og_site_name":"CDE Almer\u00eda - Centro de Documentaci\u00f3n Europea - Universidad de Almer\u00eda","article_publisher":"https:\/\/www.facebook.com\/cdeuniversidadalmeria\/","article_published_time":"2024-05-16T01:00:15+00:00","og_image":[{"width":853,"height":1280,"url":"https:\/\/www.cde.ual.es\/wp-content\/uploads\/2024\/05\/bridge-7860411_1280.jpg","type":"image\/jpeg"}],"author":"BECA 2 CDE","twitter_card":"summary_large_image","twitter_creator":"@cdeualmeria","twitter_site":"@cdeualmeria","twitter_misc":{"Written by":"BECA 2 CDE","Est. reading time":"3 minutes"},"schema":{"@context":"https:\/\/schema.org","@graph":[{"@type":"Article","@id":"https:\/\/www.cde.ual.es\/?p=151466#article","isPartOf":{"@id":"https:\/\/www.cde.ual.es\/?p=151466"},"author":{"name":"BECA 2 CDE","@id":"https:\/\/www.cde.ual.es\/#\/schema\/person\/ee46ebc19edfa19598c02cff83335acc"},"headline":"The European Commission approves a \u20ac120 million Spanish scheme to support investments in strategic sectors of the Asturias region","datePublished":"2024-05-16T01:00:15+00:00","mainEntityOfPage":{"@id":"https:\/\/www.cde.ual.es\/?p=151466"},"wordCount":391,"commentCount":0,"publisher":{"@id":"https:\/\/www.cde.ual.es\/#organization"},"image":{"@id":"https:\/\/www.cde.ual.es\/?p=151466#primaryimage"},"thumbnailUrl":"https:\/\/www.cde.ual.es\/wp-content\/uploads\/2024\/05\/bridge-7860411_1280.jpg","keywords":["Asturias","Comision Europea","EU","European Commission","Green Deal Industrial Plan","investments","Representation of the European Commission in Spain","Spain"],"articleSection":["Economy and Finance","Energy","Environmental Affairs","EU News","Market"],"inLanguage":"en-US","potentialAction":[{"@type":"CommentAction","name":"Comment","target":["https:\/\/www.cde.ual.es\/?p=151466#respond"]}]},{"@type":"WebPage","@id":"https:\/\/www.cde.ual.es\/?p=151466","url":"https:\/\/www.cde.ual.es\/?p=151466","name":"The European Commission approves a \u20ac120 million Spanish scheme to support investments in strategic sectors of the Asturias region | CDE Almer\u00eda - Centro de Documentaci\u00f3n Europea - Universidad de Almer\u00eda","isPartOf":{"@id":"https:\/\/www.cde.ual.es\/#website"},"primaryImageOfPage":{"@id":"https:\/\/www.cde.ual.es\/?p=151466#primaryimage"},"image":{"@id":"https:\/\/www.cde.ual.es\/?p=151466#primaryimage"},"thumbnailUrl":"https:\/\/www.cde.ual.es\/wp-content\/uploads\/2024\/05\/bridge-7860411_1280.jpg","datePublished":"2024-05-16T01:00:15+00:00","breadcrumb":{"@id":"https:\/\/www.cde.ual.es\/?p=151466#breadcrumb"},"inLanguage":"en-US","potentialAction":[{"@type":"ReadAction","target":["https:\/\/www.cde.ual.es\/?p=151466"]}]},{"@type":"ImageObject","inLanguage":"en-US","@id":"https:\/\/www.cde.ual.es\/?p=151466#primaryimage","url":"https:\/\/www.cde.ual.es\/wp-content\/uploads\/2024\/05\/bridge-7860411_1280.jpg","contentUrl":"https:\/\/www.cde.ual.es\/wp-content\/uploads\/2024\/05\/bridge-7860411_1280.jpg","width":853,"height":1280},{"@type":"BreadcrumbList","@id":"https:\/\/www.cde.ual.es\/?p=151466#breadcrumb","itemListElement":[{"@type":"ListItem","position":1,"name":"Inicio","item":"https:\/\/www.cde.ual.es\/en\/"},{"@type":"ListItem","position":2,"name":"Noticias UE","item":"https:\/\/www.cde.ual.es\/category\/noticias-ue\/"},{"@type":"ListItem","position":3,"name":"Mercado","item":"https:\/\/www.cde.ual.es\/category\/noticias-ue\/mercado\/"},{"@type":"ListItem","position":4,"name":"Economy and Finance","item":"https:\/\/www.cde.ual.es\/en\/category\/eu-news\/market\/economy-finance\/"},{"@type":"ListItem","position":5,"name":"The European Commission approves a \u20ac120 million Spanish scheme to support investments in strategic sectors of the Asturias region"}]},{"@type":"WebSite","@id":"https:\/\/www.cde.ual.es\/#website","url":"https:\/\/www.cde.ual.es\/","name":"CDE Almer\u00eda - Centro de Documentaci\u00f3n Europea - Universidad de Almer\u00eda","description":"Centro de Documentaci\u00f3n Europea de la Universidad de Almer\u00eda","publisher":{"@id":"https:\/\/www.cde.ual.es\/#organization"},"alternateName":"CDE Almer\u00eda","potentialAction":[{"@type":"SearchAction","target":{"@type":"EntryPoint","urlTemplate":"https:\/\/www.cde.ual.es\/?s={search_term_string}"},"query-input":{"@type":"PropertyValueSpecification","valueRequired":true,"valueName":"search_term_string"}}],"inLanguage":"en-US"},{"@type":"Organization","@id":"https:\/\/www.cde.ual.es\/#organization","name":"Centro de Documentaci\u00f3n Europea de Almer\u00eda","url":"https:\/\/www.cde.ual.es\/","logo":{"@type":"ImageObject","inLanguage":"en-US","@id":"https:\/\/www.cde.ual.es\/#\/schema\/logo\/image\/","url":"https:\/\/www.cde.ual.es\/wp-content\/uploads\/2025\/07\/cde-logo-3.png","contentUrl":"https:\/\/www.cde.ual.es\/wp-content\/uploads\/2025\/07\/cde-logo-3.png","width":1400,"height":300,"caption":"Centro de Documentaci\u00f3n Europea de Almer\u00eda"},"image":{"@id":"https:\/\/www.cde.ual.es\/#\/schema\/logo\/image\/"},"sameAs":["https:\/\/www.facebook.com\/cdeuniversidadalmeria\/","https:\/\/x.com\/cdeualmeria","https:\/\/www.tiktok.com\/@cdealmeria","https:\/\/www.instagram.com\/cdealmeria\/","https:\/\/www.linkedin.com\/in\/cde-almera-812b26a9\/"]},{"@type":"Person","@id":"https:\/\/www.cde.ual.es\/#\/schema\/person\/ee46ebc19edfa19598c02cff83335acc","name":"BECA 2 CDE","image":{"@type":"ImageObject","inLanguage":"en-US","@id":"https:\/\/secure.gravatar.com\/avatar\/35a481bbc04bbd90e91bdfa3b0b5541036c222a49b9ad37b6889a2afcb5311a5?s=96&d=mm&r=g","url":"https:\/\/secure.gravatar.com\/avatar\/35a481bbc04bbd90e91bdfa3b0b5541036c222a49b9ad37b6889a2afcb5311a5?s=96&d=mm&r=g","contentUrl":"https:\/\/secure.gravatar.com\/avatar\/35a481bbc04bbd90e91bdfa3b0b5541036c222a49b9ad37b6889a2afcb5311a5?s=96&d=mm&r=g","caption":"BECA 2 CDE"},"sameAs":["http:\/\/www.cdealmeria.com"]}]}},"_links":{"self":[{"href":"https:\/\/www.cde.ual.es\/en\/wp-json\/wp\/v2\/posts\/151470","targetHints":{"allow":["GET"]}}],"collection":[{"href":"https:\/\/www.cde.ual.es\/en\/wp-json\/wp\/v2\/posts"}],"about":[{"href":"https:\/\/www.cde.ual.es\/en\/wp-json\/wp\/v2\/types\/post"}],"author":[{"embeddable":true,"href":"https:\/\/www.cde.ual.es\/en\/wp-json\/wp\/v2\/users\/101011"}],"replies":[{"embeddable":true,"href":"https:\/\/www.cde.ual.es\/en\/wp-json\/wp\/v2\/comments?post=151470"}],"version-history":[{"count":1,"href":"https:\/\/www.cde.ual.es\/en\/wp-json\/wp\/v2\/posts\/151470\/revisions"}],"predecessor-version":[{"id":151471,"href":"https:\/\/www.cde.ual.es\/en\/wp-json\/wp\/v2\/posts\/151470\/revisions\/151471"}],"wp:featuredmedia":[{"embeddable":true,"href":"https:\/\/www.cde.ual.es\/en\/wp-json\/wp\/v2\/media\/151468"}],"wp:attachment":[{"href":"https:\/\/www.cde.ual.es\/en\/wp-json\/wp\/v2\/media?parent=151470"}],"wp:term":[{"taxonomy":"category","embeddable":true,"href":"https:\/\/www.cde.ual.es\/en\/wp-json\/wp\/v2\/categories?post=151470"},{"taxonomy":"post_tag","embeddable":true,"href":"https:\/\/www.cde.ual.es\/en\/wp-json\/wp\/v2\/tags?post=151470"}],"curies":[{"name":"wp","href":"https:\/\/api.w.org\/{rel}","templated":true}]}}