{"id":151080,"date":"2024-05-02T03:00:13","date_gmt":"2024-05-02T01:00:13","guid":{"rendered":"https:\/\/www.cde.ual.es\/?p=151080"},"modified":"2024-04-30T11:30:23","modified_gmt":"2024-04-30T09:30:23","slug":"discover-the-winners-of-the-eu-contemporary-architecture-awards-2024","status":"publish","type":"post","link":"https:\/\/www.cde.ual.es\/en\/discover-the-winners-of-the-eu-contemporary-architecture-awards-2024\/","title":{"rendered":"Discover the winners of the EU Contemporary Architecture Awards 2024"},"content":{"rendered":"<div class=\"block block-layout-builder block-field-blocknodeeac-newsfield-news-intro-text\">\n<div class=\"eac-hero\" style=\"text-align: justify;\"><strong><span lang=\"EN-GB\">The European Commission and the Fundaci\u00f3 Mies van der Rohe have announced the Winners of the 2024 edition after the jury visited the 7 finalist works. The award ceremony will be held on 14 May in Barcelona.<\/span><\/strong><\/div>\n<\/div>\n<div style=\"text-align: justify;\"><\/div>\n<div style=\"text-align: justify;\"><\/div>\n<div style=\"text-align: justify;\"><\/div>\n<div style=\"text-align: justify;\"><a href=\"https:\/\/www.cde.ual.es\/wp-content\/uploads\/2024\/04\/2024-eumies-award-winners-web.jpg-premios-arquitectura.jpg\"><img decoding=\"async\" class=\" wp-image-151083 aligncenter\" src=\"https:\/\/www.cde.ual.es\/wp-content\/uploads\/2024\/04\/2024-eumies-award-winners-web.jpg-premios-arquitectura.jpg\" alt=\"\" width=\"500\" height=\"281\" srcset=\"https:\/\/www.cde.ual.es\/wp-content\/uploads\/2024\/04\/2024-eumies-award-winners-web.jpg-premios-arquitectura.jpg 1380w, https:\/\/www.cde.ual.es\/wp-content\/uploads\/2024\/04\/2024-eumies-award-winners-web.jpg-premios-arquitectura-300x169.jpg 300w, https:\/\/www.cde.ual.es\/wp-content\/uploads\/2024\/04\/2024-eumies-award-winners-web.jpg-premios-arquitectura-1024x576.jpg 1024w, https:\/\/www.cde.ual.es\/wp-content\/uploads\/2024\/04\/2024-eumies-award-winners-web.jpg-premios-arquitectura-768x432.jpg 768w, https:\/\/www.cde.ual.es\/wp-content\/uploads\/2024\/04\/2024-eumies-award-winners-web.jpg-premios-arquitectura-1280x720.jpg 1280w\" sizes=\"(max-width: 500px) 100vw, 500px\" \/><\/a><\/div>\n<div style=\"text-align: justify;\"><\/div>\n<p style=\"text-align: justify;\">After visiting the finalist works, the 7 members of the international jury picked the Study Pavilion on the campus of the Technical University of Braunschweig by architects Gustav D\u00fcsing and Max Hacke as the Architecture winner and the Gabriel Garc\u00eda M\u00e1rquez Library in Barcelona by SUMA Arquitectura as the Emerging winner.<\/p>\n<p style=\"text-align: justify;\"><strong><span lang=\"EN-GB\">Good practices and references for local city policies<\/span><\/strong><\/p>\n<p style=\"text-align: justify;\"><span lang=\"EN-GB\">Both works show the paths that contemporary architecture takes to tackle sustainability, social equity, technological advancements, well-being, cultural preservation, resilience and adaptation, economic viability and globalization within an ethical practice.<\/span><\/p>\n<p style=\"text-align: justify;\"><span lang=\"EN-GB\">The Study Pavilion of the Technical University of Braunschweig is rewarded for its ability to push an idea to its limits, creating a welcoming environment where people can find happiness, while simultaneously challenging the constraints of established regulations concerning ecological sustainability.<\/span><\/p>\n<p style=\"text-align: justify;\"><span lang=\"EN-GB\">The Gabriel Garc\u00eda M\u00e1rquez Library in Barcelona represents a place that quickly became an exceptionally dynamic and busy place for education, culture and social encounter.<\/span><\/p>\n<p>&nbsp;<\/p>\n<p style=\"text-align: justify;\"><strong><span lang=\"EN-GB\">Awards ceremony<\/span><\/strong><\/p>\n<p style=\"text-align: justify;\"><span lang=\"EN-GB\">The Awards ceremony will take place on 14 May at the Mies van der Rohe Pavilion in Barcelona and will count with Mr. Normunds Popens\u00a0<\/span><span lang=\"EN-US\">Deputy Director-General, Directorate-General Education, Youth, Sport and Culture. The celebration will also count with lectures and debates with the winners, the finalists and their clients.<\/span><\/p>\n<p style=\"text-align: justify;\"><span lang=\"EN-GB\">The Architecture Prize winner and the Emerging Architecture Prize Winner will receive a trophy and respectively \u20ac60 000 and \u20ac30 000.\u00a0<\/span><\/p>\n<p style=\"text-align: justify;\"><span lang=\"EN-GB\">The finalists and those who commission the buildings will also receive a sculpture recognizing their essential contributions to contemporary architecture.<\/span><\/p>\n<p>&nbsp;<\/p>\n<table style=\"width: 99.9988%; border-collapse: collapse; border-style: double; border-color: #001f7d;\" cellpadding=\"0,5\">\n<tbody>\n<tr>\n<td style=\"width: 100%;\"><a href=\"https:\/\/www.cde.ual.es\/en\/european-commission-announces-winners-of-the-new-european-bauhaus-2024-awards\/\" target=\"_blank\" rel=\"noopener\"><img decoding=\"async\" class=\"alignleft\" src=\"https:\/\/www.cde.ual.es\/wp-content\/uploads\/2024\/04\/BAUJAUS.jpg\" alt=\"\" width=\"201\" height=\"134\" \/><\/a><\/p>\n<h4 class=\"entry-title\"><a href=\"https:\/\/www.cde.ual.es\/en\/european-commission-announces-winners-of-the-new-european-bauhaus-2024-awards\/\" target=\"_blank\" rel=\"noopener\">European Commission announces winners of the New European Bauhaus 2024 Awards<\/a><\/h4>\n<\/td>\n<\/tr>\n<\/tbody>\n<\/table>\n<p>&nbsp;<\/p>\n<p style=\"text-align: justify;\"><strong><span lang=\"EN-GB\">About the EU Prize for Contemporary Architecture<\/span><\/strong><\/p>\n<p style=\"text-align: justify;\"><span lang=\"EN-GB\">The EU Prize for Contemporary Architecture\/Mies van der Rohe Awards (EUmies Awards) is awarded every second year to works completed within the previous 2 years by architects from Creative Europe participating countries.<\/span><\/p>\n<p style=\"text-align: justify;\"><span lang=\"EN-GB\">The principal objective of the prize is to recognize and commend excellence and innovation in the field of architecture. It also highlights the important contribution of European professionals to the sustainable development and transformation of Europe\u2019s built environment.<\/span><\/p>\n<p>&nbsp;<\/p>\n<p><strong>More information: <\/strong><a href=\"https:\/\/culture.ec.europa.eu\/news\/here-are-the-2024-eu-prize-for-contemporary-architecture-winners\">European Commission<\/a><\/p>\n<div class=\"block block-layout-builder block-field-blocknodeeac-newsfield-news-page-image\" style=\"text-align: justify;\">\n<div>\n<figure class=\"media-image\">\n<div class=\"media-image--main\"><\/div>\n<\/figure>\n<\/div>\n<\/div>\n","protected":false},"excerpt":{"rendered":"<p>The European Commission and the Fundaci\u00f3 Mies van der Rohe have announced the Winners of the 2024 edition after the jury visited the 7 finalist works. The award ceremony will be held on 14 May in Barcelona. After visiting the finalist works, the 7 members of the international jury picked the Study Pavilion on the [&hellip;]<\/p>\n","protected":false},"author":101012,"featured_media":151083,"comment_status":"open","ping_status":"open","sticky":false,"template":"","format":"standard","meta":{"_acf_changed":false,"_relevanssi_hide_post":"","_relevanssi_hide_content":"","_relevanssi_pin_for_all":"","_relevanssi_pin_keywords":"","_relevanssi_unpin_keywords":"","_relevanssi_related_keywords":"","_relevanssi_related_include_ids":"","_relevanssi_related_exclude_ids":"","_relevanssi_related_no_append":"","_relevanssi_related_not_related":"","_relevanssi_related_posts":"","_relevanssi_noindex_reason":"","_monsterinsights_skip_tracking":false,"_monsterinsights_sitenote_active":false,"_monsterinsights_sitenote_note":"","_monsterinsights_sitenote_category":0,"_genesis_hide_title":false,"_genesis_hide_breadcrumbs":false,"_genesis_hide_singular_image":false,"_genesis_hide_footer_widgets":false,"_genesis_custom_body_class":"","_genesis_custom_post_class":"","_genesis_layout":"","footnotes":""},"categories":[4949,4073,4071,346,157],"tags":[2393,1075,556,527,1488],"class_list":{"0":"post-151080","1":"post","2":"type-post","3":"status-publish","4":"format-standard","5":"has-post-thumbnail","7":"category-winners","8":"category-culture","9":"category-education-culture","10":"category-eu-news","11":"category-uncategorized","12":"tag-2393","13":"tag-architecture","14":"tag-awards","15":"tag-culture","16":"tag-european-commission","17":"entry"},"acf":[],"yoast_head":"<!-- This site is optimized with the Yoast SEO plugin v27.4 - https:\/\/yoast.com\/product\/yoast-seo-wordpress\/ -->\n<title>Discover the winners of the EU Contemporary Architecture Awards 2024 | CDE Almer\u00eda - Centro de Documentaci\u00f3n Europea - Universidad de Almer\u00eda<\/title>\n<meta name=\"robots\" content=\"index, follow, max-snippet:-1, max-image-preview:large, max-video-preview:-1\" \/>\n<link rel=\"canonical\" href=\"https:\/\/www.cde.ual.es\/?p=151090\" \/>\n<meta property=\"og:locale\" content=\"en_US\" \/>\n<meta property=\"og:type\" content=\"article\" \/>\n<meta property=\"og:title\" content=\"Discover the winners of the EU Contemporary Architecture Awards 2024 | CDE Almer\u00eda - Centro de Documentaci\u00f3n Europea - Universidad de Almer\u00eda\" \/>\n<meta property=\"og:description\" content=\"The European Commission and the Fundaci\u00f3 Mies van der Rohe have announced the Winners of the 2024 edition after the jury visited the 7 finalist works. The award ceremony will be held on 14 May in Barcelona. After visiting the finalist works, the 7 members of the international jury picked the Study Pavilion on the [&hellip;]\" \/>\n<meta property=\"og:url\" content=\"https:\/\/www.cde.ual.es\/?p=151090\" \/>\n<meta property=\"og:site_name\" content=\"CDE Almer\u00eda - Centro de Documentaci\u00f3n Europea - Universidad de Almer\u00eda\" \/>\n<meta property=\"article:publisher\" content=\"https:\/\/www.facebook.com\/cdeuniversidadalmeria\/\" \/>\n<meta property=\"article:published_time\" content=\"2024-05-02T01:00:13+00:00\" \/>\n<meta property=\"og:image\" content=\"https:\/\/www.cde.ual.es\/wp-content\/uploads\/2024\/04\/2024-eumies-award-winners-web.jpg-premios-arquitectura.jpg\" \/>\n\t<meta property=\"og:image:width\" content=\"1380\" \/>\n\t<meta property=\"og:image:height\" content=\"776\" \/>\n\t<meta property=\"og:image:type\" content=\"image\/jpeg\" \/>\n<meta name=\"author\" content=\"BECACDE1\" \/>\n<meta name=\"twitter:card\" content=\"summary_large_image\" \/>\n<meta name=\"twitter:creator\" content=\"@cdeualmeria\" \/>\n<meta name=\"twitter:site\" content=\"@cdeualmeria\" \/>\n<meta name=\"twitter:label1\" content=\"Written by\" \/>\n\t<meta name=\"twitter:data1\" content=\"BECACDE1\" \/>\n\t<meta name=\"twitter:label2\" content=\"Est. reading time\" \/>\n\t<meta name=\"twitter:data2\" content=\"3 minutes\" \/>\n<script type=\"application\/ld+json\" class=\"yoast-schema-graph\">{\"@context\":\"https:\\\/\\\/schema.org\",\"@graph\":[{\"@type\":\"Article\",\"@id\":\"https:\\\/\\\/www.cde.ual.es\\\/?p=151090#article\",\"isPartOf\":{\"@id\":\"https:\\\/\\\/www.cde.ual.es\\\/?p=151090\"},\"author\":{\"name\":\"BECACDE1\",\"@id\":\"https:\\\/\\\/www.cde.ual.es\\\/#\\\/schema\\\/person\\\/bf2f837cf3353e2161fe1087adbd728f\"},\"headline\":\"Discover the winners of the EU Contemporary Architecture Awards 2024\",\"datePublished\":\"2024-05-02T01:00:13+00:00\",\"mainEntityOfPage\":{\"@id\":\"https:\\\/\\\/www.cde.ual.es\\\/?p=151090\"},\"wordCount\":386,\"commentCount\":0,\"publisher\":{\"@id\":\"https:\\\/\\\/www.cde.ual.es\\\/#organization\"},\"image\":{\"@id\":\"https:\\\/\\\/www.cde.ual.es\\\/?p=151090#primaryimage\"},\"thumbnailUrl\":\"https:\\\/\\\/www.cde.ual.es\\\/wp-content\\\/uploads\\\/2024\\\/04\\\/2024-eumies-award-winners-web.jpg-premios-arquitectura.jpg\",\"keywords\":[\"2024\",\"Architecture\",\"Awards\",\"culture\",\"European Commission\"],\"articleSection\":[\"Award Winners\",\"Culture\",\"Education and Culture\",\"EU News\"],\"inLanguage\":\"en-US\",\"potentialAction\":[{\"@type\":\"CommentAction\",\"name\":\"Comment\",\"target\":[\"https:\\\/\\\/www.cde.ual.es\\\/?p=151090#respond\"]}]},{\"@type\":\"WebPage\",\"@id\":\"https:\\\/\\\/www.cde.ual.es\\\/?p=151090\",\"url\":\"https:\\\/\\\/www.cde.ual.es\\\/?p=151090\",\"name\":\"Discover the winners of the EU Contemporary Architecture Awards 2024 | CDE Almer\u00eda - Centro de Documentaci\u00f3n Europea - Universidad de Almer\u00eda\",\"isPartOf\":{\"@id\":\"https:\\\/\\\/www.cde.ual.es\\\/#website\"},\"primaryImageOfPage\":{\"@id\":\"https:\\\/\\\/www.cde.ual.es\\\/?p=151090#primaryimage\"},\"image\":{\"@id\":\"https:\\\/\\\/www.cde.ual.es\\\/?p=151090#primaryimage\"},\"thumbnailUrl\":\"https:\\\/\\\/www.cde.ual.es\\\/wp-content\\\/uploads\\\/2024\\\/04\\\/2024-eumies-award-winners-web.jpg-premios-arquitectura.jpg\",\"datePublished\":\"2024-05-02T01:00:13+00:00\",\"breadcrumb\":{\"@id\":\"https:\\\/\\\/www.cde.ual.es\\\/?p=151090#breadcrumb\"},\"inLanguage\":\"en-US\",\"potentialAction\":[{\"@type\":\"ReadAction\",\"target\":[\"https:\\\/\\\/www.cde.ual.es\\\/?p=151090\"]}]},{\"@type\":\"ImageObject\",\"inLanguage\":\"en-US\",\"@id\":\"https:\\\/\\\/www.cde.ual.es\\\/?p=151090#primaryimage\",\"url\":\"https:\\\/\\\/www.cde.ual.es\\\/wp-content\\\/uploads\\\/2024\\\/04\\\/2024-eumies-award-winners-web.jpg-premios-arquitectura.jpg\",\"contentUrl\":\"https:\\\/\\\/www.cde.ual.es\\\/wp-content\\\/uploads\\\/2024\\\/04\\\/2024-eumies-award-winners-web.jpg-premios-arquitectura.jpg\",\"width\":1380,\"height\":776},{\"@type\":\"BreadcrumbList\",\"@id\":\"https:\\\/\\\/www.cde.ual.es\\\/?p=151090#breadcrumb\",\"itemListElement\":[{\"@type\":\"ListItem\",\"position\":1,\"name\":\"Inicio\",\"item\":\"https:\\\/\\\/www.cde.ual.es\\\/en\\\/\"},{\"@type\":\"ListItem\",\"position\":2,\"name\":\"Noticias UE\",\"item\":\"https:\\\/\\\/www.cde.ual.es\\\/category\\\/noticias-ue\\\/\"},{\"@type\":\"ListItem\",\"position\":3,\"name\":\"Award Winners\",\"item\":\"https:\\\/\\\/www.cde.ual.es\\\/en\\\/category\\\/eu-news\\\/winners\\\/\"},{\"@type\":\"ListItem\",\"position\":4,\"name\":\"Discover the winners of the EU Contemporary Architecture Awards 2024\"}]},{\"@type\":\"WebSite\",\"@id\":\"https:\\\/\\\/www.cde.ual.es\\\/#website\",\"url\":\"https:\\\/\\\/www.cde.ual.es\\\/\",\"name\":\"CDE Almer\u00eda - Centro de Documentaci\u00f3n Europea - Universidad de Almer\u00eda\",\"description\":\"Centro de Documentaci\u00f3n Europea de la Universidad de Almer\u00eda\",\"publisher\":{\"@id\":\"https:\\\/\\\/www.cde.ual.es\\\/#organization\"},\"alternateName\":\"CDE Almer\u00eda\",\"potentialAction\":[{\"@type\":\"SearchAction\",\"target\":{\"@type\":\"EntryPoint\",\"urlTemplate\":\"https:\\\/\\\/www.cde.ual.es\\\/?s={search_term_string}\"},\"query-input\":{\"@type\":\"PropertyValueSpecification\",\"valueRequired\":true,\"valueName\":\"search_term_string\"}}],\"inLanguage\":\"en-US\"},{\"@type\":\"Organization\",\"@id\":\"https:\\\/\\\/www.cde.ual.es\\\/#organization\",\"name\":\"Centro de Documentaci\u00f3n Europea de Almer\u00eda\",\"url\":\"https:\\\/\\\/www.cde.ual.es\\\/\",\"logo\":{\"@type\":\"ImageObject\",\"inLanguage\":\"en-US\",\"@id\":\"https:\\\/\\\/www.cde.ual.es\\\/#\\\/schema\\\/logo\\\/image\\\/\",\"url\":\"https:\\\/\\\/www.cde.ual.es\\\/wp-content\\\/uploads\\\/2025\\\/07\\\/cde-logo-3.png\",\"contentUrl\":\"https:\\\/\\\/www.cde.ual.es\\\/wp-content\\\/uploads\\\/2025\\\/07\\\/cde-logo-3.png\",\"width\":1400,\"height\":300,\"caption\":\"Centro de Documentaci\u00f3n Europea de Almer\u00eda\"},\"image\":{\"@id\":\"https:\\\/\\\/www.cde.ual.es\\\/#\\\/schema\\\/logo\\\/image\\\/\"},\"sameAs\":[\"https:\\\/\\\/www.facebook.com\\\/cdeuniversidadalmeria\\\/\",\"https:\\\/\\\/x.com\\\/cdeualmeria\",\"https:\\\/\\\/www.tiktok.com\\\/@cdealmeria\",\"https:\\\/\\\/www.instagram.com\\\/cdealmeria\\\/\",\"https:\\\/\\\/www.linkedin.com\\\/in\\\/cde-almera-812b26a9\\\/\"]},{\"@type\":\"Person\",\"@id\":\"https:\\\/\\\/www.cde.ual.es\\\/#\\\/schema\\\/person\\\/bf2f837cf3353e2161fe1087adbd728f\",\"name\":\"BECACDE1\",\"image\":{\"@type\":\"ImageObject\",\"inLanguage\":\"en-US\",\"@id\":\"https:\\\/\\\/secure.gravatar.com\\\/avatar\\\/16a4c1e422b5dec818ee13eab3353b19db9cfd278cc10f9b0e1188a37671d9d4?s=96&d=mm&r=g\",\"url\":\"https:\\\/\\\/secure.gravatar.com\\\/avatar\\\/16a4c1e422b5dec818ee13eab3353b19db9cfd278cc10f9b0e1188a37671d9d4?s=96&d=mm&r=g\",\"contentUrl\":\"https:\\\/\\\/secure.gravatar.com\\\/avatar\\\/16a4c1e422b5dec818ee13eab3353b19db9cfd278cc10f9b0e1188a37671d9d4?s=96&d=mm&r=g\",\"caption\":\"BECACDE1\"},\"sameAs\":[\"http:\\\/\\\/www.cdealmeria.com\"]}]}<\/script>\n<!-- \/ Yoast SEO plugin. -->","yoast_head_json":{"title":"Discover the winners of the EU Contemporary Architecture Awards 2024 | CDE Almer\u00eda - Centro de Documentaci\u00f3n Europea - Universidad de Almer\u00eda","robots":{"index":"index","follow":"follow","max-snippet":"max-snippet:-1","max-image-preview":"max-image-preview:large","max-video-preview":"max-video-preview:-1"},"canonical":"https:\/\/www.cde.ual.es\/?p=151090","og_locale":"en_US","og_type":"article","og_title":"Discover the winners of the EU Contemporary Architecture Awards 2024 | CDE Almer\u00eda - Centro de Documentaci\u00f3n Europea - Universidad de Almer\u00eda","og_description":"The European Commission and the Fundaci\u00f3 Mies van der Rohe have announced the Winners of the 2024 edition after the jury visited the 7 finalist works. The award ceremony will be held on 14 May in Barcelona. After visiting the finalist works, the 7 members of the international jury picked the Study Pavilion on the [&hellip;]","og_url":"https:\/\/www.cde.ual.es\/?p=151090","og_site_name":"CDE Almer\u00eda - Centro de Documentaci\u00f3n Europea - Universidad de Almer\u00eda","article_publisher":"https:\/\/www.facebook.com\/cdeuniversidadalmeria\/","article_published_time":"2024-05-02T01:00:13+00:00","og_image":[{"width":1380,"height":776,"url":"https:\/\/www.cde.ual.es\/wp-content\/uploads\/2024\/04\/2024-eumies-award-winners-web.jpg-premios-arquitectura.jpg","type":"image\/jpeg"}],"author":"BECACDE1","twitter_card":"summary_large_image","twitter_creator":"@cdeualmeria","twitter_site":"@cdeualmeria","twitter_misc":{"Written by":"BECACDE1","Est. reading time":"3 minutes"},"schema":{"@context":"https:\/\/schema.org","@graph":[{"@type":"Article","@id":"https:\/\/www.cde.ual.es\/?p=151090#article","isPartOf":{"@id":"https:\/\/www.cde.ual.es\/?p=151090"},"author":{"name":"BECACDE1","@id":"https:\/\/www.cde.ual.es\/#\/schema\/person\/bf2f837cf3353e2161fe1087adbd728f"},"headline":"Discover the winners of the EU Contemporary Architecture Awards 2024","datePublished":"2024-05-02T01:00:13+00:00","mainEntityOfPage":{"@id":"https:\/\/www.cde.ual.es\/?p=151090"},"wordCount":386,"commentCount":0,"publisher":{"@id":"https:\/\/www.cde.ual.es\/#organization"},"image":{"@id":"https:\/\/www.cde.ual.es\/?p=151090#primaryimage"},"thumbnailUrl":"https:\/\/www.cde.ual.es\/wp-content\/uploads\/2024\/04\/2024-eumies-award-winners-web.jpg-premios-arquitectura.jpg","keywords":["2024","Architecture","Awards","culture","European Commission"],"articleSection":["Award Winners","Culture","Education and Culture","EU News"],"inLanguage":"en-US","potentialAction":[{"@type":"CommentAction","name":"Comment","target":["https:\/\/www.cde.ual.es\/?p=151090#respond"]}]},{"@type":"WebPage","@id":"https:\/\/www.cde.ual.es\/?p=151090","url":"https:\/\/www.cde.ual.es\/?p=151090","name":"Discover the winners of the EU Contemporary Architecture Awards 2024 | CDE Almer\u00eda - Centro de Documentaci\u00f3n Europea - Universidad de Almer\u00eda","isPartOf":{"@id":"https:\/\/www.cde.ual.es\/#website"},"primaryImageOfPage":{"@id":"https:\/\/www.cde.ual.es\/?p=151090#primaryimage"},"image":{"@id":"https:\/\/www.cde.ual.es\/?p=151090#primaryimage"},"thumbnailUrl":"https:\/\/www.cde.ual.es\/wp-content\/uploads\/2024\/04\/2024-eumies-award-winners-web.jpg-premios-arquitectura.jpg","datePublished":"2024-05-02T01:00:13+00:00","breadcrumb":{"@id":"https:\/\/www.cde.ual.es\/?p=151090#breadcrumb"},"inLanguage":"en-US","potentialAction":[{"@type":"ReadAction","target":["https:\/\/www.cde.ual.es\/?p=151090"]}]},{"@type":"ImageObject","inLanguage":"en-US","@id":"https:\/\/www.cde.ual.es\/?p=151090#primaryimage","url":"https:\/\/www.cde.ual.es\/wp-content\/uploads\/2024\/04\/2024-eumies-award-winners-web.jpg-premios-arquitectura.jpg","contentUrl":"https:\/\/www.cde.ual.es\/wp-content\/uploads\/2024\/04\/2024-eumies-award-winners-web.jpg-premios-arquitectura.jpg","width":1380,"height":776},{"@type":"BreadcrumbList","@id":"https:\/\/www.cde.ual.es\/?p=151090#breadcrumb","itemListElement":[{"@type":"ListItem","position":1,"name":"Inicio","item":"https:\/\/www.cde.ual.es\/en\/"},{"@type":"ListItem","position":2,"name":"Noticias UE","item":"https:\/\/www.cde.ual.es\/category\/noticias-ue\/"},{"@type":"ListItem","position":3,"name":"Award Winners","item":"https:\/\/www.cde.ual.es\/en\/category\/eu-news\/winners\/"},{"@type":"ListItem","position":4,"name":"Discover the winners of the EU Contemporary Architecture Awards 2024"}]},{"@type":"WebSite","@id":"https:\/\/www.cde.ual.es\/#website","url":"https:\/\/www.cde.ual.es\/","name":"CDE Almer\u00eda - Centro de Documentaci\u00f3n Europea - Universidad de Almer\u00eda","description":"Centro de Documentaci\u00f3n Europea de la Universidad de Almer\u00eda","publisher":{"@id":"https:\/\/www.cde.ual.es\/#organization"},"alternateName":"CDE Almer\u00eda","potentialAction":[{"@type":"SearchAction","target":{"@type":"EntryPoint","urlTemplate":"https:\/\/www.cde.ual.es\/?s={search_term_string}"},"query-input":{"@type":"PropertyValueSpecification","valueRequired":true,"valueName":"search_term_string"}}],"inLanguage":"en-US"},{"@type":"Organization","@id":"https:\/\/www.cde.ual.es\/#organization","name":"Centro de Documentaci\u00f3n Europea de Almer\u00eda","url":"https:\/\/www.cde.ual.es\/","logo":{"@type":"ImageObject","inLanguage":"en-US","@id":"https:\/\/www.cde.ual.es\/#\/schema\/logo\/image\/","url":"https:\/\/www.cde.ual.es\/wp-content\/uploads\/2025\/07\/cde-logo-3.png","contentUrl":"https:\/\/www.cde.ual.es\/wp-content\/uploads\/2025\/07\/cde-logo-3.png","width":1400,"height":300,"caption":"Centro de Documentaci\u00f3n Europea de Almer\u00eda"},"image":{"@id":"https:\/\/www.cde.ual.es\/#\/schema\/logo\/image\/"},"sameAs":["https:\/\/www.facebook.com\/cdeuniversidadalmeria\/","https:\/\/x.com\/cdeualmeria","https:\/\/www.tiktok.com\/@cdealmeria","https:\/\/www.instagram.com\/cdealmeria\/","https:\/\/www.linkedin.com\/in\/cde-almera-812b26a9\/"]},{"@type":"Person","@id":"https:\/\/www.cde.ual.es\/#\/schema\/person\/bf2f837cf3353e2161fe1087adbd728f","name":"BECACDE1","image":{"@type":"ImageObject","inLanguage":"en-US","@id":"https:\/\/secure.gravatar.com\/avatar\/16a4c1e422b5dec818ee13eab3353b19db9cfd278cc10f9b0e1188a37671d9d4?s=96&d=mm&r=g","url":"https:\/\/secure.gravatar.com\/avatar\/16a4c1e422b5dec818ee13eab3353b19db9cfd278cc10f9b0e1188a37671d9d4?s=96&d=mm&r=g","contentUrl":"https:\/\/secure.gravatar.com\/avatar\/16a4c1e422b5dec818ee13eab3353b19db9cfd278cc10f9b0e1188a37671d9d4?s=96&d=mm&r=g","caption":"BECACDE1"},"sameAs":["http:\/\/www.cdealmeria.com"]}]}},"_links":{"self":[{"href":"https:\/\/www.cde.ual.es\/en\/wp-json\/wp\/v2\/posts\/151080","targetHints":{"allow":["GET"]}}],"collection":[{"href":"https:\/\/www.cde.ual.es\/en\/wp-json\/wp\/v2\/posts"}],"about":[{"href":"https:\/\/www.cde.ual.es\/en\/wp-json\/wp\/v2\/types\/post"}],"author":[{"embeddable":true,"href":"https:\/\/www.cde.ual.es\/en\/wp-json\/wp\/v2\/users\/101012"}],"replies":[{"embeddable":true,"href":"https:\/\/www.cde.ual.es\/en\/wp-json\/wp\/v2\/comments?post=151080"}],"version-history":[{"count":2,"href":"https:\/\/www.cde.ual.es\/en\/wp-json\/wp\/v2\/posts\/151080\/revisions"}],"predecessor-version":[{"id":151089,"href":"https:\/\/www.cde.ual.es\/en\/wp-json\/wp\/v2\/posts\/151080\/revisions\/151089"}],"wp:featuredmedia":[{"embeddable":true,"href":"https:\/\/www.cde.ual.es\/en\/wp-json\/wp\/v2\/media\/151083"}],"wp:attachment":[{"href":"https:\/\/www.cde.ual.es\/en\/wp-json\/wp\/v2\/media?parent=151080"}],"wp:term":[{"taxonomy":"category","embeddable":true,"href":"https:\/\/www.cde.ual.es\/en\/wp-json\/wp\/v2\/categories?post=151080"},{"taxonomy":"post_tag","embeddable":true,"href":"https:\/\/www.cde.ual.es\/en\/wp-json\/wp\/v2\/tags?post=151080"}],"curies":[{"name":"wp","href":"https:\/\/api.w.org\/{rel}","templated":true}]}}