{"id":15096,"date":"2019-03-27T08:00:26","date_gmt":"2019-03-27T07:00:26","guid":{"rendered":"http:\/\/www.cde.ual.es\/?p=15096"},"modified":"2019-03-25T14:12:32","modified_gmt":"2019-03-25T13:12:32","slug":"car-rentals-eu-action-leads-to-clearer-and-more-transparent-pricing","status":"publish","type":"post","link":"https:\/\/www.cde.ual.es\/en\/car-rentals-eu-action-leads-to-clearer-and-more-transparent-pricing\/","title":{"rendered":"Car rentals: EU action leads to clearer and more transparent pricing"},"content":{"rendered":"<div class=\"lead\">\n<p><a href=\"http:\/\/www.cde.ual.es\/wp-content\/uploads\/2019\/03\/Alquiler-coches.png\"><img decoding=\"async\" class=\"size-medium wp-image-15094 aligncenter\" src=\"http:\/\/www.cde.ual.es\/wp-content\/uploads\/2019\/03\/Alquiler-coches-300x188.png\" alt=\"\" width=\"300\" height=\"188\" srcset=\"https:\/\/www.cde.ual.es\/wp-content\/uploads\/2019\/03\/Alquiler-coches-300x188.png 300w, https:\/\/www.cde.ual.es\/wp-content\/uploads\/2019\/03\/Alquiler-coches-768x482.png 768w, https:\/\/www.cde.ual.es\/wp-content\/uploads\/2019\/03\/Alquiler-coches.png 949w\" sizes=\"(max-width: 300px) 100vw, 300px\" \/><\/a><\/p>\n<p><em><strong>Following a call from the European Commission and EU consumer authorities, five industry leaders, Avis, Europcar, Enterprise, Hertz and Sixt, have changed the way they present car rental prices, making them fully transparent to consumers.<\/strong><\/em><\/p>\n<\/div>\n<div class=\"content\">\n<p>Until now, the companies concerned had not fully implemented some of their\u00a0<a href=\"http:\/\/europa.eu\/rapid\/press-release_IP-17-86_en.htm\">commitments<\/a>\u00a0in order for the European Commission and EU consumer authorities to consider them fully compliant with EU consumer law. The assessment published today notes that Enterprise and Sixt have now made all the required changes. Avis has committed to make remaining changes by May 2019. Europcar, which now includes Goldcar, will implement the remaining changes by June 2019. Hertz have committed to make all the necessary changes at the latest by the first quarter of 2020.<\/p>\n<p>The companies have committed to:<\/p>\n<ul>\n<li><strong>Include all charges in the total booking price:\u00a0<\/strong>consumers will now be offered a headline price on the website that matches the final price they will have to pay. This fee must include all additional costs such as specific fuel service charges, airport fees, \u2018young driver surcharges&#8217;, or the \u2018one way fee&#8217; if the return location differs from the pick-up location;<\/li>\n<li><strong>Clearly<\/strong>\u00a0<strong>describe the key rental services in the terms and conditions in all national languages:\u00a0<\/strong>consumers will not have to deal with unclear or misleading information about the main characteristics of the rental such as mileage included, fuel policy, cancellation policy and deposit requirements, etc.<\/li>\n<li><strong>Make clear, in the price offer,<\/strong>\u00a0<strong>the price and details of optional extras, in particular for insurance waivers that reduce the amount due in case of damage<\/strong>. What is covered in the basic rental price regarding damages and notably what the driver may still have to pay should be clearly indicated. If additional insurance or damage waiver is purchased, what is or is not included should also be clearly indicated before the consumer signs up.<\/li>\n<\/ul>\n<p><strong>Next steps<\/strong><\/p>\n<p>The European Commission and national consumer authorities in the European Consumer Cooperation network will follow the implementation of the remaining changes closely<em>.<\/em>\u00a0Although the companies involved in this action cover two out of three of all private car rentals in the EU, other traders, such as intermediaries and smaller companies play an important role in this market. The authorities and the European Commission will continue monitoring all players to ensure they fully respect EU consumer rules.<\/p>\n<p>If the companies don&#8217;t fulfil their commitments, consumer authorities could decide to resort to enforcement measures.<\/p>\n<p><strong>Background<\/strong><\/p>\n<p>The\u00a0<a href=\"https:\/\/ec.europa.eu\/info\/live-work-travel-eu\/consumers\/enforcement-consumer-protection\/consumer-protection-cooperation-framework_en\">EU Consumer Protection Cooperation (CPC) Regulation<\/a>\u00a0brings together national consumer authorities in a pan-European enforcement network, through which a national authority in one EU country can call on its counterparts in other EU country to coordinate the response to\u00a0<a href=\"https:\/\/ec.europa.eu\/info\/live-work-travel-eu\/consumers\/enforcement-consumer-protection\/coordinated-actions_en\">widespread consumer issues<\/a>. The European Commission facilitates this work.<\/p>\n<p>Under the coordination of the UK Competition and Markets Authority, the Consumer Protection Cooperation (CPC) Network has launched contacts with the big five car rental companies following an increase in complaints received by the European Consumer Centres across the EU. This action has been facilitated by the European Commission.<\/p>\n<p>These car rental companies, Avis Budget Group, Enterprise Rent-A-Car, Hertz Europe Limited, Sixt SE and Europcar Mobility Group, improved their commercial practices, contract terms and internal policies during the course of this dialogue, which concluded<a href=\"http:\/\/europa.eu\/rapid\/press-release_IP-17-86_en.htm\">\u00a0in 2017<\/a>. However, the Commission and consumer authorities were not satisfied by the level of implementation of some commitments and therefore asked these companies for additional improvements.<\/p>\n<p><strong>For More Information<\/strong><\/p>\n<p><a href=\"http:\/\/europa.eu\/rapid\/press-release_IP-19-1790_en.htm\">Full press release<\/a><\/p>\n<p><a href=\"https:\/\/www.gov.uk\/government\/news\/cma-leads-europe-wide-action-on-car-hire\">Press release and report from UK Competition and Markets Authority (CMA)<\/a><\/p>\n<p><a href=\"https:\/\/ec.europa.eu\/info\/live-work-travel-eu\/consumers\/enforcement-consumer-protection\/coordinated-actions_en\">Coordinated consumer actions<\/a><\/p>\n<p><a href=\"http:\/\/www.leaseurope.org\/uploads\/LE%20RAC%20guidelines%206.5.pdf\">Leaseurope Guidelines<\/a><\/p>\n<p><a href=\"https:\/\/ec.europa.eu\/info\/live-work-travel-eu\/consumers\/resolve-your-consumer-complaint\/european-consumer-centres-network_en\">European Consumer Centres network<\/a><\/p>\n<\/div>\n","protected":false},"excerpt":{"rendered":"<p>Following a call from the European Commission and EU consumer authorities, five industry leaders, Avis, Europcar, Enterprise, Hertz and Sixt, have changed the way they present car rental prices, making them fully transparent to consumers. Until now, the companies concerned had not fully implemented some of their\u00a0commitments\u00a0in order for the European Commission and EU consumer [&hellip;]<\/p>\n","protected":false},"author":1,"featured_media":15094,"comment_status":"open","ping_status":"open","sticky":false,"template":"","format":"standard","meta":{"_acf_changed":false,"_relevanssi_hide_post":"","_relevanssi_hide_content":"","_relevanssi_pin_for_all":"","_relevanssi_pin_keywords":"","_relevanssi_unpin_keywords":"","_relevanssi_related_keywords":"","_relevanssi_related_include_ids":"","_relevanssi_related_exclude_ids":"","_relevanssi_related_no_append":"","_relevanssi_related_not_related":"","_relevanssi_related_posts":"","_relevanssi_noindex_reason":"","_monsterinsights_skip_tracking":false,"_monsterinsights_sitenote_active":false,"_monsterinsights_sitenote_note":"","_monsterinsights_sitenote_category":0,"_genesis_hide_title":false,"_genesis_hide_breadcrumbs":false,"_genesis_hide_singular_image":false,"_genesis_hide_footer_widgets":false,"_genesis_custom_body_class":"","_genesis_custom_post_class":"","_genesis_layout":"","footnotes":""},"categories":[346],"tags":[435,462],"class_list":{"0":"post-15096","1":"post","2":"type-post","3":"status-publish","4":"format-standard","5":"has-post-thumbnail","7":"category-eu-news","8":"tag-consumption","9":"tag-single-market","10":"entry"},"acf":[],"yoast_head":"<!-- This site is optimized with the Yoast SEO plugin v27.5 - https:\/\/yoast.com\/product\/yoast-seo-wordpress\/ -->\n<title>Car rentals: EU action leads to clearer and more transparent pricing | CDE Almer\u00eda - Centro de Documentaci\u00f3n Europea - Universidad de Almer\u00eda<\/title>\n<meta name=\"robots\" content=\"index, follow, max-snippet:-1, max-image-preview:large, max-video-preview:-1\" \/>\n<link rel=\"canonical\" href=\"https:\/\/www.cde.ual.es\/en\/car-rentals-eu-action-leads-to-clearer-and-more-transparent-pricing\/\" \/>\n<meta property=\"og:locale\" content=\"en_US\" \/>\n<meta property=\"og:type\" content=\"article\" \/>\n<meta property=\"og:title\" content=\"Car rentals: EU action leads to clearer and more transparent pricing | CDE Almer\u00eda - Centro de Documentaci\u00f3n Europea - Universidad de Almer\u00eda\" \/>\n<meta property=\"og:description\" content=\"Following a call from the European Commission and EU consumer authorities, five industry leaders, Avis, Europcar, Enterprise, Hertz and Sixt, have changed the way they present car rental prices, making them fully transparent to consumers. Until now, the companies concerned had not fully implemented some of their\u00a0commitments\u00a0in order for the European Commission and EU consumer [&hellip;]\" \/>\n<meta property=\"og:url\" content=\"https:\/\/www.cde.ual.es\/en\/car-rentals-eu-action-leads-to-clearer-and-more-transparent-pricing\/\" \/>\n<meta property=\"og:site_name\" content=\"CDE Almer\u00eda - Centro de Documentaci\u00f3n Europea - Universidad de Almer\u00eda\" \/>\n<meta property=\"article:publisher\" content=\"https:\/\/www.facebook.com\/cdeuniversidadalmeria\/\" \/>\n<meta property=\"article:published_time\" content=\"2019-03-27T07:00:26+00:00\" \/>\n<meta property=\"og:image\" content=\"https:\/\/www.cde.ual.es\/wp-content\/uploads\/2019\/03\/Alquiler-coches.png\" \/>\n\t<meta property=\"og:image:width\" content=\"949\" \/>\n\t<meta property=\"og:image:height\" content=\"596\" \/>\n\t<meta property=\"og:image:type\" content=\"image\/png\" \/>\n<meta name=\"author\" content=\"AdminCDE\" \/>\n<meta name=\"twitter:card\" content=\"summary_large_image\" \/>\n<meta name=\"twitter:creator\" content=\"@cdeualmeria\" \/>\n<meta name=\"twitter:site\" content=\"@cdeualmeria\" \/>\n<meta name=\"twitter:label1\" content=\"Written by\" \/>\n\t<meta name=\"twitter:data1\" content=\"AdminCDE\" \/>\n\t<meta name=\"twitter:label2\" content=\"Est. reading time\" \/>\n\t<meta name=\"twitter:data2\" content=\"3 minutes\" \/>\n<script type=\"application\/ld+json\" class=\"yoast-schema-graph\">{\"@context\":\"https:\\\/\\\/schema.org\",\"@graph\":[{\"@type\":\"Article\",\"@id\":\"https:\\\/\\\/www.cde.ual.es\\\/en\\\/car-rentals-eu-action-leads-to-clearer-and-more-transparent-pricing\\\/#article\",\"isPartOf\":{\"@id\":\"https:\\\/\\\/www.cde.ual.es\\\/en\\\/car-rentals-eu-action-leads-to-clearer-and-more-transparent-pricing\\\/\"},\"author\":{\"name\":\"AdminCDE\",\"@id\":\"https:\\\/\\\/www.cde.ual.es\\\/#\\\/schema\\\/person\\\/224ef08c8bcc005f319d2713ce37ee5f\"},\"headline\":\"Car rentals: EU action leads to clearer and more transparent pricing\",\"datePublished\":\"2019-03-27T07:00:26+00:00\",\"mainEntityOfPage\":{\"@id\":\"https:\\\/\\\/www.cde.ual.es\\\/en\\\/car-rentals-eu-action-leads-to-clearer-and-more-transparent-pricing\\\/\"},\"wordCount\":599,\"commentCount\":0,\"publisher\":{\"@id\":\"https:\\\/\\\/www.cde.ual.es\\\/#organization\"},\"image\":{\"@id\":\"https:\\\/\\\/www.cde.ual.es\\\/en\\\/car-rentals-eu-action-leads-to-clearer-and-more-transparent-pricing\\\/#primaryimage\"},\"thumbnailUrl\":\"https:\\\/\\\/www.cde.ual.es\\\/wp-content\\\/uploads\\\/2019\\\/03\\\/Alquiler-coches.png\",\"keywords\":[\"Consumption\",\"Single Market\"],\"articleSection\":[\"EU News\"],\"inLanguage\":\"en-US\",\"potentialAction\":[{\"@type\":\"CommentAction\",\"name\":\"Comment\",\"target\":[\"https:\\\/\\\/www.cde.ual.es\\\/en\\\/car-rentals-eu-action-leads-to-clearer-and-more-transparent-pricing\\\/#respond\"]}]},{\"@type\":\"WebPage\",\"@id\":\"https:\\\/\\\/www.cde.ual.es\\\/en\\\/car-rentals-eu-action-leads-to-clearer-and-more-transparent-pricing\\\/\",\"url\":\"https:\\\/\\\/www.cde.ual.es\\\/en\\\/car-rentals-eu-action-leads-to-clearer-and-more-transparent-pricing\\\/\",\"name\":\"Car rentals: EU action leads to clearer and more transparent pricing | CDE Almer\u00eda - Centro de Documentaci\u00f3n Europea - Universidad de Almer\u00eda\",\"isPartOf\":{\"@id\":\"https:\\\/\\\/www.cde.ual.es\\\/#website\"},\"primaryImageOfPage\":{\"@id\":\"https:\\\/\\\/www.cde.ual.es\\\/en\\\/car-rentals-eu-action-leads-to-clearer-and-more-transparent-pricing\\\/#primaryimage\"},\"image\":{\"@id\":\"https:\\\/\\\/www.cde.ual.es\\\/en\\\/car-rentals-eu-action-leads-to-clearer-and-more-transparent-pricing\\\/#primaryimage\"},\"thumbnailUrl\":\"https:\\\/\\\/www.cde.ual.es\\\/wp-content\\\/uploads\\\/2019\\\/03\\\/Alquiler-coches.png\",\"datePublished\":\"2019-03-27T07:00:26+00:00\",\"breadcrumb\":{\"@id\":\"https:\\\/\\\/www.cde.ual.es\\\/en\\\/car-rentals-eu-action-leads-to-clearer-and-more-transparent-pricing\\\/#breadcrumb\"},\"inLanguage\":\"en-US\",\"potentialAction\":[{\"@type\":\"ReadAction\",\"target\":[\"https:\\\/\\\/www.cde.ual.es\\\/en\\\/car-rentals-eu-action-leads-to-clearer-and-more-transparent-pricing\\\/\"]}]},{\"@type\":\"ImageObject\",\"inLanguage\":\"en-US\",\"@id\":\"https:\\\/\\\/www.cde.ual.es\\\/en\\\/car-rentals-eu-action-leads-to-clearer-and-more-transparent-pricing\\\/#primaryimage\",\"url\":\"https:\\\/\\\/www.cde.ual.es\\\/wp-content\\\/uploads\\\/2019\\\/03\\\/Alquiler-coches.png\",\"contentUrl\":\"https:\\\/\\\/www.cde.ual.es\\\/wp-content\\\/uploads\\\/2019\\\/03\\\/Alquiler-coches.png\",\"width\":949,\"height\":596},{\"@type\":\"BreadcrumbList\",\"@id\":\"https:\\\/\\\/www.cde.ual.es\\\/en\\\/car-rentals-eu-action-leads-to-clearer-and-more-transparent-pricing\\\/#breadcrumb\",\"itemListElement\":[{\"@type\":\"ListItem\",\"position\":1,\"name\":\"Inicio\",\"item\":\"https:\\\/\\\/www.cde.ual.es\\\/en\\\/\"},{\"@type\":\"ListItem\",\"position\":2,\"name\":\"EU News\",\"item\":\"https:\\\/\\\/www.cde.ual.es\\\/en\\\/category\\\/eu-news\\\/\"},{\"@type\":\"ListItem\",\"position\":3,\"name\":\"Car rentals: EU action leads to clearer and more transparent pricing\"}]},{\"@type\":\"WebSite\",\"@id\":\"https:\\\/\\\/www.cde.ual.es\\\/#website\",\"url\":\"https:\\\/\\\/www.cde.ual.es\\\/\",\"name\":\"CDE Almer\u00eda - Centro de Documentaci\u00f3n Europea - Universidad de Almer\u00eda\",\"description\":\"Centro de Documentaci\u00f3n Europea de la Universidad de Almer\u00eda\",\"publisher\":{\"@id\":\"https:\\\/\\\/www.cde.ual.es\\\/#organization\"},\"alternateName\":\"CDE Almer\u00eda\",\"potentialAction\":[{\"@type\":\"SearchAction\",\"target\":{\"@type\":\"EntryPoint\",\"urlTemplate\":\"https:\\\/\\\/www.cde.ual.es\\\/?s={search_term_string}\"},\"query-input\":{\"@type\":\"PropertyValueSpecification\",\"valueRequired\":true,\"valueName\":\"search_term_string\"}}],\"inLanguage\":\"en-US\"},{\"@type\":\"Organization\",\"@id\":\"https:\\\/\\\/www.cde.ual.es\\\/#organization\",\"name\":\"Centro de Documentaci\u00f3n Europea de Almer\u00eda\",\"url\":\"https:\\\/\\\/www.cde.ual.es\\\/\",\"logo\":{\"@type\":\"ImageObject\",\"inLanguage\":\"en-US\",\"@id\":\"https:\\\/\\\/www.cde.ual.es\\\/#\\\/schema\\\/logo\\\/image\\\/\",\"url\":\"https:\\\/\\\/www.cde.ual.es\\\/wp-content\\\/uploads\\\/2025\\\/07\\\/cde-logo-3.png\",\"contentUrl\":\"https:\\\/\\\/www.cde.ual.es\\\/wp-content\\\/uploads\\\/2025\\\/07\\\/cde-logo-3.png\",\"width\":1400,\"height\":300,\"caption\":\"Centro de Documentaci\u00f3n Europea de Almer\u00eda\"},\"image\":{\"@id\":\"https:\\\/\\\/www.cde.ual.es\\\/#\\\/schema\\\/logo\\\/image\\\/\"},\"sameAs\":[\"https:\\\/\\\/www.facebook.com\\\/cdeuniversidadalmeria\\\/\",\"https:\\\/\\\/x.com\\\/cdeualmeria\",\"https:\\\/\\\/www.tiktok.com\\\/@cdealmeria\",\"https:\\\/\\\/www.instagram.com\\\/cdealmeria\\\/\",\"https:\\\/\\\/www.linkedin.com\\\/in\\\/cde-almera-812b26a9\\\/\"]},{\"@type\":\"Person\",\"@id\":\"https:\\\/\\\/www.cde.ual.es\\\/#\\\/schema\\\/person\\\/224ef08c8bcc005f319d2713ce37ee5f\",\"name\":\"AdminCDE\",\"image\":{\"@type\":\"ImageObject\",\"inLanguage\":\"en-US\",\"@id\":\"https:\\\/\\\/secure.gravatar.com\\\/avatar\\\/a72d038d371f995cd13706fac32274b7952a52e8fb0a84b5f80c85426f2a98a8?s=96&d=mm&r=g\",\"url\":\"https:\\\/\\\/secure.gravatar.com\\\/avatar\\\/a72d038d371f995cd13706fac32274b7952a52e8fb0a84b5f80c85426f2a98a8?s=96&d=mm&r=g\",\"contentUrl\":\"https:\\\/\\\/secure.gravatar.com\\\/avatar\\\/a72d038d371f995cd13706fac32274b7952a52e8fb0a84b5f80c85426f2a98a8?s=96&d=mm&r=g\",\"caption\":\"AdminCDE\"}}]}<\/script>\n<!-- \/ Yoast SEO plugin. -->","yoast_head_json":{"title":"Car rentals: EU action leads to clearer and more transparent pricing | CDE Almer\u00eda - Centro de Documentaci\u00f3n Europea - Universidad de Almer\u00eda","robots":{"index":"index","follow":"follow","max-snippet":"max-snippet:-1","max-image-preview":"max-image-preview:large","max-video-preview":"max-video-preview:-1"},"canonical":"https:\/\/www.cde.ual.es\/en\/car-rentals-eu-action-leads-to-clearer-and-more-transparent-pricing\/","og_locale":"en_US","og_type":"article","og_title":"Car rentals: EU action leads to clearer and more transparent pricing | CDE Almer\u00eda - Centro de Documentaci\u00f3n Europea - Universidad de Almer\u00eda","og_description":"Following a call from the European Commission and EU consumer authorities, five industry leaders, Avis, Europcar, Enterprise, Hertz and Sixt, have changed the way they present car rental prices, making them fully transparent to consumers. Until now, the companies concerned had not fully implemented some of their\u00a0commitments\u00a0in order for the European Commission and EU consumer [&hellip;]","og_url":"https:\/\/www.cde.ual.es\/en\/car-rentals-eu-action-leads-to-clearer-and-more-transparent-pricing\/","og_site_name":"CDE Almer\u00eda - Centro de Documentaci\u00f3n Europea - Universidad de Almer\u00eda","article_publisher":"https:\/\/www.facebook.com\/cdeuniversidadalmeria\/","article_published_time":"2019-03-27T07:00:26+00:00","og_image":[{"width":949,"height":596,"url":"https:\/\/www.cde.ual.es\/wp-content\/uploads\/2019\/03\/Alquiler-coches.png","type":"image\/png"}],"author":"AdminCDE","twitter_card":"summary_large_image","twitter_creator":"@cdeualmeria","twitter_site":"@cdeualmeria","twitter_misc":{"Written by":"AdminCDE","Est. reading time":"3 minutes"},"schema":{"@context":"https:\/\/schema.org","@graph":[{"@type":"Article","@id":"https:\/\/www.cde.ual.es\/en\/car-rentals-eu-action-leads-to-clearer-and-more-transparent-pricing\/#article","isPartOf":{"@id":"https:\/\/www.cde.ual.es\/en\/car-rentals-eu-action-leads-to-clearer-and-more-transparent-pricing\/"},"author":{"name":"AdminCDE","@id":"https:\/\/www.cde.ual.es\/#\/schema\/person\/224ef08c8bcc005f319d2713ce37ee5f"},"headline":"Car rentals: EU action leads to clearer and more transparent pricing","datePublished":"2019-03-27T07:00:26+00:00","mainEntityOfPage":{"@id":"https:\/\/www.cde.ual.es\/en\/car-rentals-eu-action-leads-to-clearer-and-more-transparent-pricing\/"},"wordCount":599,"commentCount":0,"publisher":{"@id":"https:\/\/www.cde.ual.es\/#organization"},"image":{"@id":"https:\/\/www.cde.ual.es\/en\/car-rentals-eu-action-leads-to-clearer-and-more-transparent-pricing\/#primaryimage"},"thumbnailUrl":"https:\/\/www.cde.ual.es\/wp-content\/uploads\/2019\/03\/Alquiler-coches.png","keywords":["Consumption","Single Market"],"articleSection":["EU News"],"inLanguage":"en-US","potentialAction":[{"@type":"CommentAction","name":"Comment","target":["https:\/\/www.cde.ual.es\/en\/car-rentals-eu-action-leads-to-clearer-and-more-transparent-pricing\/#respond"]}]},{"@type":"WebPage","@id":"https:\/\/www.cde.ual.es\/en\/car-rentals-eu-action-leads-to-clearer-and-more-transparent-pricing\/","url":"https:\/\/www.cde.ual.es\/en\/car-rentals-eu-action-leads-to-clearer-and-more-transparent-pricing\/","name":"Car rentals: EU action leads to clearer and more transparent pricing | CDE Almer\u00eda - Centro de Documentaci\u00f3n Europea - Universidad de Almer\u00eda","isPartOf":{"@id":"https:\/\/www.cde.ual.es\/#website"},"primaryImageOfPage":{"@id":"https:\/\/www.cde.ual.es\/en\/car-rentals-eu-action-leads-to-clearer-and-more-transparent-pricing\/#primaryimage"},"image":{"@id":"https:\/\/www.cde.ual.es\/en\/car-rentals-eu-action-leads-to-clearer-and-more-transparent-pricing\/#primaryimage"},"thumbnailUrl":"https:\/\/www.cde.ual.es\/wp-content\/uploads\/2019\/03\/Alquiler-coches.png","datePublished":"2019-03-27T07:00:26+00:00","breadcrumb":{"@id":"https:\/\/www.cde.ual.es\/en\/car-rentals-eu-action-leads-to-clearer-and-more-transparent-pricing\/#breadcrumb"},"inLanguage":"en-US","potentialAction":[{"@type":"ReadAction","target":["https:\/\/www.cde.ual.es\/en\/car-rentals-eu-action-leads-to-clearer-and-more-transparent-pricing\/"]}]},{"@type":"ImageObject","inLanguage":"en-US","@id":"https:\/\/www.cde.ual.es\/en\/car-rentals-eu-action-leads-to-clearer-and-more-transparent-pricing\/#primaryimage","url":"https:\/\/www.cde.ual.es\/wp-content\/uploads\/2019\/03\/Alquiler-coches.png","contentUrl":"https:\/\/www.cde.ual.es\/wp-content\/uploads\/2019\/03\/Alquiler-coches.png","width":949,"height":596},{"@type":"BreadcrumbList","@id":"https:\/\/www.cde.ual.es\/en\/car-rentals-eu-action-leads-to-clearer-and-more-transparent-pricing\/#breadcrumb","itemListElement":[{"@type":"ListItem","position":1,"name":"Inicio","item":"https:\/\/www.cde.ual.es\/en\/"},{"@type":"ListItem","position":2,"name":"EU News","item":"https:\/\/www.cde.ual.es\/en\/category\/eu-news\/"},{"@type":"ListItem","position":3,"name":"Car rentals: EU action leads to clearer and more transparent pricing"}]},{"@type":"WebSite","@id":"https:\/\/www.cde.ual.es\/#website","url":"https:\/\/www.cde.ual.es\/","name":"CDE Almer\u00eda - Centro de Documentaci\u00f3n Europea - Universidad de Almer\u00eda","description":"Centro de Documentaci\u00f3n Europea de la Universidad de Almer\u00eda","publisher":{"@id":"https:\/\/www.cde.ual.es\/#organization"},"alternateName":"CDE Almer\u00eda","potentialAction":[{"@type":"SearchAction","target":{"@type":"EntryPoint","urlTemplate":"https:\/\/www.cde.ual.es\/?s={search_term_string}"},"query-input":{"@type":"PropertyValueSpecification","valueRequired":true,"valueName":"search_term_string"}}],"inLanguage":"en-US"},{"@type":"Organization","@id":"https:\/\/www.cde.ual.es\/#organization","name":"Centro de Documentaci\u00f3n Europea de Almer\u00eda","url":"https:\/\/www.cde.ual.es\/","logo":{"@type":"ImageObject","inLanguage":"en-US","@id":"https:\/\/www.cde.ual.es\/#\/schema\/logo\/image\/","url":"https:\/\/www.cde.ual.es\/wp-content\/uploads\/2025\/07\/cde-logo-3.png","contentUrl":"https:\/\/www.cde.ual.es\/wp-content\/uploads\/2025\/07\/cde-logo-3.png","width":1400,"height":300,"caption":"Centro de Documentaci\u00f3n Europea de Almer\u00eda"},"image":{"@id":"https:\/\/www.cde.ual.es\/#\/schema\/logo\/image\/"},"sameAs":["https:\/\/www.facebook.com\/cdeuniversidadalmeria\/","https:\/\/x.com\/cdeualmeria","https:\/\/www.tiktok.com\/@cdealmeria","https:\/\/www.instagram.com\/cdealmeria\/","https:\/\/www.linkedin.com\/in\/cde-almera-812b26a9\/"]},{"@type":"Person","@id":"https:\/\/www.cde.ual.es\/#\/schema\/person\/224ef08c8bcc005f319d2713ce37ee5f","name":"AdminCDE","image":{"@type":"ImageObject","inLanguage":"en-US","@id":"https:\/\/secure.gravatar.com\/avatar\/a72d038d371f995cd13706fac32274b7952a52e8fb0a84b5f80c85426f2a98a8?s=96&d=mm&r=g","url":"https:\/\/secure.gravatar.com\/avatar\/a72d038d371f995cd13706fac32274b7952a52e8fb0a84b5f80c85426f2a98a8?s=96&d=mm&r=g","contentUrl":"https:\/\/secure.gravatar.com\/avatar\/a72d038d371f995cd13706fac32274b7952a52e8fb0a84b5f80c85426f2a98a8?s=96&d=mm&r=g","caption":"AdminCDE"}}]}},"_links":{"self":[{"href":"https:\/\/www.cde.ual.es\/en\/wp-json\/wp\/v2\/posts\/15096","targetHints":{"allow":["GET"]}}],"collection":[{"href":"https:\/\/www.cde.ual.es\/en\/wp-json\/wp\/v2\/posts"}],"about":[{"href":"https:\/\/www.cde.ual.es\/en\/wp-json\/wp\/v2\/types\/post"}],"author":[{"embeddable":true,"href":"https:\/\/www.cde.ual.es\/en\/wp-json\/wp\/v2\/users\/1"}],"replies":[{"embeddable":true,"href":"https:\/\/www.cde.ual.es\/en\/wp-json\/wp\/v2\/comments?post=15096"}],"version-history":[{"count":0,"href":"https:\/\/www.cde.ual.es\/en\/wp-json\/wp\/v2\/posts\/15096\/revisions"}],"wp:featuredmedia":[{"embeddable":true,"href":"https:\/\/www.cde.ual.es\/en\/wp-json\/wp\/v2\/media\/15094"}],"wp:attachment":[{"href":"https:\/\/www.cde.ual.es\/en\/wp-json\/wp\/v2\/media?parent=15096"}],"wp:term":[{"taxonomy":"category","embeddable":true,"href":"https:\/\/www.cde.ual.es\/en\/wp-json\/wp\/v2\/categories?post=15096"},{"taxonomy":"post_tag","embeddable":true,"href":"https:\/\/www.cde.ual.es\/en\/wp-json\/wp\/v2\/tags?post=15096"}],"curies":[{"name":"wp","href":"https:\/\/api.w.org\/{rel}","templated":true}]}}