{"id":150582,"date":"2024-04-16T13:01:20","date_gmt":"2024-04-16T11:01:20","guid":{"rendered":"https:\/\/www.cde.ual.es\/?p=150582"},"modified":"2024-04-16T13:01:20","modified_gmt":"2024-04-16T11:01:20","slug":"eu-and-us-hold-fourth-joint-dialogue-on-technology-competition-policy","status":"publish","type":"post","link":"https:\/\/www.cde.ual.es\/en\/eu-and-us-hold-fourth-joint-dialogue-on-technology-competition-policy\/","title":{"rendered":"EU and US hold fourth Joint Dialogue on Technology Competition Policy"},"content":{"rendered":"<p style=\"text-align: justify;\">Today, European Commission Executive Vice-President Margrethe Vestager, US Federal Trade Commission (\u2018FTC&#8217;) Chair Lina Khan and the Assistant Attorney General of the US Department of Justice Antitrust Division (\u2018DOJ&#8217;) Jonathan Kanter met in Washington for the fourth meeting of the EU-US Joint Technology Competition Policy Dialogue (\u2018TCPD&#8217;). The purpose of the dialogue is to further strengthen the cooperation to ensure and promote fair competition in the digital economy.<\/p>\n<p><a href=\"https:\/\/www.cde.ual.es\/wp-content\/uploads\/2022\/05\/EU-USA.jpg\"><img decoding=\"async\" class=\" wp-image-108207 aligncenter\" src=\"https:\/\/www.cde.ual.es\/wp-content\/uploads\/2022\/05\/EU-USA.jpg\" alt=\"banderas usa ue\" width=\"600\" height=\"600\" srcset=\"https:\/\/www.cde.ual.es\/wp-content\/uploads\/2022\/05\/EU-USA.jpg 680w, https:\/\/www.cde.ual.es\/wp-content\/uploads\/2022\/05\/EU-USA-300x300.jpg 300w, https:\/\/www.cde.ual.es\/wp-content\/uploads\/2022\/05\/EU-USA-150x150.jpg 150w, https:\/\/www.cde.ual.es\/wp-content\/uploads\/2022\/05\/EU-USA-120x120.jpg 120w\" sizes=\"(max-width: 600px) 100vw, 600px\" \/><\/a><\/p>\n<p style=\"text-align: justify;\"><em>\u201cThe growth of data monopolies and the rapid expansion of artificial intelligence expand the competitive threats we face from dominant digital gatekeepers,\u201d\u00a0<\/em>said Jonathan Kanter, Assistant Attorney General, U.S. Department of Justice Antitrust Division<em>. \u201cExchanging best practices with our global counterparts helps us to more effectively serve the American people, and we deeply appreciate the European Commission&#8217;s continued engagement through the TCPD.\u201d<\/em><\/p>\n<p style=\"text-align: justify;\">\u201c<em>As businesses move at breakneck speed to build and monetize\u00a0<\/em><em>artificial intelligence\u00a0<\/em><em>and algorithmic decision-making tools, engaging with our international partners and sharing best practices will be especially critical,\u201d\u00a0<\/em>said FTC Chair Lina M. Khan.<em>\u00a0\u201cThe Joint Technology Dialogue provides U.S. agencies and the European Commission a key opportunity to discuss emerging threats in a rapidly evolving digital economy<\/em>.\u201d<\/p>\n<p style=\"text-align: justify;\">Today&#8217;s dialogue focused on: (i) rapidly evolving technologies in the digital sector, such as artificial intelligence and cloud, (ii) ensuring that merger enforcement accounts for the realities of the modern digital economy, and (iii) how to best consider evolving market dynamics in the digital sector, in particular regarding technology platforms.<\/p>\n<p style=\"text-align: justify;\">The three authorities have agreed on the importance of continuing their close collaboration in the framework of the TCPD to ensure fair competition in the technology sector. The TCPD will continue with high-level meetings, as well as regular discussions at a more technical level.<\/p>\n<p style=\"text-align: justify;\"><strong>Background<\/strong><\/p>\n<p style=\"text-align: justify;\">On\u00a0<a href=\"https:\/\/ec.europa.eu\/commission\/presscorner\/detail\/en\/ip_21_2990\">15 June 2021<\/a>, Commission President Ursula von der Leyen and President Joe Biden of the United States launched the EU-US Trade and Technology Council (TTC). The TTC serves as a forum for the US and EU to coordinate approaches to key global trade, economic, and technology issues and to deepen transatlantic trade and economic relations based on shared democratic values.<\/p>\n<p style=\"text-align: justify;\">On\u00a0<a href=\"https:\/\/ec.europa.eu\/commission\/presscorner\/detail\/en\/IP_21_6671\">7 December 2021<\/a>, the Commission, the US Federal Trade Commission and the Antitrust Division of the US Department of Justice have launched the TCPD, which focuses on developing common approaches and strengthening the cooperation on competition policy and enforcement in the technology sector. A second meeting of the TCPD took place on\u00a0<a href=\"https:\/\/ec.europa.eu\/commission\/presscorner\/detail\/en\/ip_22_6167\">13 October 2022<\/a>\u00a0and a third on\u00a0<a href=\"https:\/\/ec.europa.eu\/commission\/presscorner\/detail\/en\/ip_23_2019\">30 March 2023<\/a>.<\/p>\n<p style=\"text-align: justify;\">The Commission, the US Federal Trade Commission, and the Antitrust Division of the US Department of Justice have a longstanding tradition of close cooperation in antitrust enforcement and policy. This cooperation began even before the formal 1991 Agreement between the Commission of the European Communities and the Government of the United States of America Regarding the Application of their Competition Laws, subsequently complemented by the 1998 agreement on the application of positive comity principles in the enforcement of their competition laws. In 2011, the three agencies reaffirmed their strong commitment to this mutually beneficial cooperative relationship by adopting\u00a0<a href=\"https:\/\/ec.europa.eu\/competition\/mergers\/legislation\/eu_us.pdf\">joint Best Practices on Merger Cooperation<\/a>.<\/p>\n<table style=\"width: 99.9988%; border-collapse: collapse; border-style: double; border-color: #001f7d;\" cellpadding=\"0,5\">\n<tbody>\n<tr>\n<td style=\"width: 100%;\"><a href=\"https:\/\/www.cde.ual.es\/la-ue-y-los-ee-uu-mantienen-una-solida-cooperacion-comercial-y-tecnologica-en-un-momento-de-desafios-mundiales\/\" target=\"_blank\" rel=\"noopener\"><img decoding=\"async\" class=\"alignleft\" src=\"https:\/\/www.cde.ual.es\/wp-content\/uploads\/2024\/04\/R-768x371.jpg\" alt=\"\" width=\"201\" height=\"134\" \/><\/a><\/p>\n<h4 class=\"entry-title\"><a href=\"https:\/\/www.cde.ual.es\/en\/eu-and-us-continue-strong-trade-and-technology-cooperation-at-a-time-of-global-challenges\/\" target=\"_blank\" rel=\"noopener\">EU and US continue strong trade and technology cooperation at a time of global challenges<\/a><\/h4>\n<\/td>\n<\/tr>\n<\/tbody>\n<\/table>\n<p>&nbsp;<\/p>\n<p><strong>More information:<\/strong> <a href=\"https:\/\/ec.europa.eu\/commission\/presscorner\/detail\/en\/ip_24_1952\">European Commission<\/a><\/p>\n","protected":false},"excerpt":{"rendered":"<p>Today, European Commission Executive Vice-President Margrethe Vestager, US Federal Trade Commission (\u2018FTC&#8217;) Chair Lina Khan and the Assistant Attorney General of the US Department of Justice Antitrust Division (\u2018DOJ&#8217;) Jonathan Kanter met in Washington for the fourth meeting of the EU-US Joint Technology Competition Policy Dialogue (\u2018TCPD&#8217;). The purpose of the dialogue is to further [&hellip;]<\/p>\n","protected":false},"author":101012,"featured_media":108208,"comment_status":"open","ping_status":"open","sticky":false,"template":"","format":"standard","meta":{"_acf_changed":false,"_relevanssi_hide_post":"","_relevanssi_hide_content":"","_relevanssi_pin_for_all":"","_relevanssi_pin_keywords":"","_relevanssi_unpin_keywords":"","_relevanssi_related_keywords":"","_relevanssi_related_include_ids":"","_relevanssi_related_exclude_ids":"","_relevanssi_related_no_append":"","_relevanssi_related_not_related":"","_relevanssi_related_posts":"","_relevanssi_noindex_reason":"","_monsterinsights_skip_tracking":false,"_monsterinsights_sitenote_active":false,"_monsterinsights_sitenote_note":"","_monsterinsights_sitenote_category":0,"_genesis_hide_title":false,"_genesis_hide_breadcrumbs":false,"_genesis_hide_singular_image":false,"_genesis_hide_footer_widgets":false,"_genesis_custom_body_class":"","_genesis_custom_post_class":"","_genesis_layout":"","footnotes":""},"categories":[4090,346,4064,4065,4088],"tags":[5882,779,1488,1203],"class_list":{"0":"post-150582","1":"post","2":"type-post","3":"status-publish","4":"format-standard","5":"has-post-thumbnail","7":"category-economy-finance","8":"category-eu-news","9":"category-institutional","10":"category-international-pol-coop","11":"category-market","12":"tag-antitrust","13":"tag-eu-en","14":"tag-european-commission","15":"tag-usa","16":"entry"},"acf":[],"yoast_head":"<!-- This site is optimized with the Yoast SEO plugin v27.4 - https:\/\/yoast.com\/product\/yoast-seo-wordpress\/ -->\n<title>EU and US hold fourth Joint Dialogue on Technology Competition Policy | CDE Almer\u00eda - Centro de Documentaci\u00f3n Europea - Universidad de Almer\u00eda<\/title>\n<meta name=\"robots\" content=\"index, follow, max-snippet:-1, max-image-preview:large, max-video-preview:-1\" \/>\n<link rel=\"canonical\" href=\"https:\/\/www.cde.ual.es\/en\/eu-and-us-hold-fourth-joint-dialogue-on-technology-competition-policy\/\" \/>\n<meta property=\"og:locale\" content=\"en_US\" \/>\n<meta property=\"og:type\" content=\"article\" \/>\n<meta property=\"og:title\" content=\"EU and US hold fourth Joint Dialogue on Technology Competition Policy | CDE Almer\u00eda - Centro de Documentaci\u00f3n Europea - Universidad de Almer\u00eda\" \/>\n<meta property=\"og:description\" content=\"Today, European Commission Executive Vice-President Margrethe Vestager, US Federal Trade Commission (\u2018FTC&#8217;) Chair Lina Khan and the Assistant Attorney General of the US Department of Justice Antitrust Division (\u2018DOJ&#8217;) Jonathan Kanter met in Washington for the fourth meeting of the EU-US Joint Technology Competition Policy Dialogue (\u2018TCPD&#8217;). The purpose of the dialogue is to further [&hellip;]\" \/>\n<meta property=\"og:url\" content=\"https:\/\/www.cde.ual.es\/en\/eu-and-us-hold-fourth-joint-dialogue-on-technology-competition-policy\/\" \/>\n<meta property=\"og:site_name\" content=\"CDE Almer\u00eda - Centro de Documentaci\u00f3n Europea - Universidad de Almer\u00eda\" \/>\n<meta property=\"article:publisher\" content=\"https:\/\/www.facebook.com\/cdeuniversidadalmeria\/\" \/>\n<meta property=\"article:published_time\" content=\"2024-04-16T11:01:20+00:00\" \/>\n<meta property=\"og:image\" content=\"https:\/\/www.cde.ual.es\/wp-content\/uploads\/2022\/05\/EU-USA.jpg\" \/>\n\t<meta property=\"og:image:width\" content=\"680\" \/>\n\t<meta property=\"og:image:height\" content=\"680\" \/>\n\t<meta property=\"og:image:type\" content=\"image\/jpeg\" \/>\n<meta name=\"author\" content=\"BECACDE1\" \/>\n<meta name=\"twitter:card\" content=\"summary_large_image\" \/>\n<meta name=\"twitter:creator\" content=\"@cdeualmeria\" \/>\n<meta name=\"twitter:site\" content=\"@cdeualmeria\" \/>\n<meta name=\"twitter:label1\" content=\"Written by\" \/>\n\t<meta name=\"twitter:data1\" content=\"BECACDE1\" \/>\n\t<meta name=\"twitter:label2\" content=\"Est. reading time\" \/>\n\t<meta name=\"twitter:data2\" content=\"4 minutes\" \/>\n<script type=\"application\/ld+json\" class=\"yoast-schema-graph\">{\"@context\":\"https:\\\/\\\/schema.org\",\"@graph\":[{\"@type\":\"Article\",\"@id\":\"https:\\\/\\\/www.cde.ual.es\\\/en\\\/eu-and-us-hold-fourth-joint-dialogue-on-technology-competition-policy\\\/#article\",\"isPartOf\":{\"@id\":\"https:\\\/\\\/www.cde.ual.es\\\/en\\\/eu-and-us-hold-fourth-joint-dialogue-on-technology-competition-policy\\\/\"},\"author\":{\"name\":\"BECACDE1\",\"@id\":\"https:\\\/\\\/www.cde.ual.es\\\/#\\\/schema\\\/person\\\/bf2f837cf3353e2161fe1087adbd728f\"},\"headline\":\"EU and US hold fourth Joint Dialogue on Technology Competition Policy\",\"datePublished\":\"2024-04-16T11:01:20+00:00\",\"mainEntityOfPage\":{\"@id\":\"https:\\\/\\\/www.cde.ual.es\\\/en\\\/eu-and-us-hold-fourth-joint-dialogue-on-technology-competition-policy\\\/\"},\"wordCount\":536,\"commentCount\":0,\"publisher\":{\"@id\":\"https:\\\/\\\/www.cde.ual.es\\\/#organization\"},\"image\":{\"@id\":\"https:\\\/\\\/www.cde.ual.es\\\/en\\\/eu-and-us-hold-fourth-joint-dialogue-on-technology-competition-policy\\\/#primaryimage\"},\"thumbnailUrl\":\"https:\\\/\\\/www.cde.ual.es\\\/wp-content\\\/uploads\\\/2022\\\/05\\\/EU-USA.jpg\",\"keywords\":[\"antitrust\",\"EU\",\"European Commission\",\"USA\"],\"articleSection\":[\"Economy and Finance\",\"EU News\",\"Institutional Affairs\",\"International Politics and Cooperation\",\"Market\"],\"inLanguage\":\"en-US\",\"potentialAction\":[{\"@type\":\"CommentAction\",\"name\":\"Comment\",\"target\":[\"https:\\\/\\\/www.cde.ual.es\\\/en\\\/eu-and-us-hold-fourth-joint-dialogue-on-technology-competition-policy\\\/#respond\"]}]},{\"@type\":\"WebPage\",\"@id\":\"https:\\\/\\\/www.cde.ual.es\\\/en\\\/eu-and-us-hold-fourth-joint-dialogue-on-technology-competition-policy\\\/\",\"url\":\"https:\\\/\\\/www.cde.ual.es\\\/en\\\/eu-and-us-hold-fourth-joint-dialogue-on-technology-competition-policy\\\/\",\"name\":\"EU and US hold fourth Joint Dialogue on Technology Competition Policy | CDE Almer\u00eda - Centro de Documentaci\u00f3n Europea - Universidad de Almer\u00eda\",\"isPartOf\":{\"@id\":\"https:\\\/\\\/www.cde.ual.es\\\/#website\"},\"primaryImageOfPage\":{\"@id\":\"https:\\\/\\\/www.cde.ual.es\\\/en\\\/eu-and-us-hold-fourth-joint-dialogue-on-technology-competition-policy\\\/#primaryimage\"},\"image\":{\"@id\":\"https:\\\/\\\/www.cde.ual.es\\\/en\\\/eu-and-us-hold-fourth-joint-dialogue-on-technology-competition-policy\\\/#primaryimage\"},\"thumbnailUrl\":\"https:\\\/\\\/www.cde.ual.es\\\/wp-content\\\/uploads\\\/2022\\\/05\\\/EU-USA.jpg\",\"datePublished\":\"2024-04-16T11:01:20+00:00\",\"breadcrumb\":{\"@id\":\"https:\\\/\\\/www.cde.ual.es\\\/en\\\/eu-and-us-hold-fourth-joint-dialogue-on-technology-competition-policy\\\/#breadcrumb\"},\"inLanguage\":\"en-US\",\"potentialAction\":[{\"@type\":\"ReadAction\",\"target\":[\"https:\\\/\\\/www.cde.ual.es\\\/en\\\/eu-and-us-hold-fourth-joint-dialogue-on-technology-competition-policy\\\/\"]}]},{\"@type\":\"ImageObject\",\"inLanguage\":\"en-US\",\"@id\":\"https:\\\/\\\/www.cde.ual.es\\\/en\\\/eu-and-us-hold-fourth-joint-dialogue-on-technology-competition-policy\\\/#primaryimage\",\"url\":\"https:\\\/\\\/www.cde.ual.es\\\/wp-content\\\/uploads\\\/2022\\\/05\\\/EU-USA.jpg\",\"contentUrl\":\"https:\\\/\\\/www.cde.ual.es\\\/wp-content\\\/uploads\\\/2022\\\/05\\\/EU-USA.jpg\",\"width\":680,\"height\":680,\"caption\":\"bandera eu-usa\"},{\"@type\":\"BreadcrumbList\",\"@id\":\"https:\\\/\\\/www.cde.ual.es\\\/en\\\/eu-and-us-hold-fourth-joint-dialogue-on-technology-competition-policy\\\/#breadcrumb\",\"itemListElement\":[{\"@type\":\"ListItem\",\"position\":1,\"name\":\"Inicio\",\"item\":\"https:\\\/\\\/www.cde.ual.es\\\/en\\\/\"},{\"@type\":\"ListItem\",\"position\":2,\"name\":\"EU News\",\"item\":\"https:\\\/\\\/www.cde.ual.es\\\/en\\\/category\\\/eu-news\\\/\"},{\"@type\":\"ListItem\",\"position\":3,\"name\":\"Institutional Affairs\",\"item\":\"https:\\\/\\\/www.cde.ual.es\\\/en\\\/category\\\/eu-news\\\/institutional\\\/\"},{\"@type\":\"ListItem\",\"position\":4,\"name\":\"International Politics and Cooperation\",\"item\":\"https:\\\/\\\/www.cde.ual.es\\\/en\\\/category\\\/eu-news\\\/institutional\\\/international-pol-coop\\\/\"},{\"@type\":\"ListItem\",\"position\":5,\"name\":\"EU and US hold fourth Joint Dialogue on Technology Competition Policy\"}]},{\"@type\":\"WebSite\",\"@id\":\"https:\\\/\\\/www.cde.ual.es\\\/#website\",\"url\":\"https:\\\/\\\/www.cde.ual.es\\\/\",\"name\":\"CDE Almer\u00eda - Centro de Documentaci\u00f3n Europea - Universidad de Almer\u00eda\",\"description\":\"Centro de Documentaci\u00f3n Europea de la Universidad de Almer\u00eda\",\"publisher\":{\"@id\":\"https:\\\/\\\/www.cde.ual.es\\\/#organization\"},\"alternateName\":\"CDE Almer\u00eda\",\"potentialAction\":[{\"@type\":\"SearchAction\",\"target\":{\"@type\":\"EntryPoint\",\"urlTemplate\":\"https:\\\/\\\/www.cde.ual.es\\\/?s={search_term_string}\"},\"query-input\":{\"@type\":\"PropertyValueSpecification\",\"valueRequired\":true,\"valueName\":\"search_term_string\"}}],\"inLanguage\":\"en-US\"},{\"@type\":\"Organization\",\"@id\":\"https:\\\/\\\/www.cde.ual.es\\\/#organization\",\"name\":\"Centro de Documentaci\u00f3n Europea de Almer\u00eda\",\"url\":\"https:\\\/\\\/www.cde.ual.es\\\/\",\"logo\":{\"@type\":\"ImageObject\",\"inLanguage\":\"en-US\",\"@id\":\"https:\\\/\\\/www.cde.ual.es\\\/#\\\/schema\\\/logo\\\/image\\\/\",\"url\":\"https:\\\/\\\/www.cde.ual.es\\\/wp-content\\\/uploads\\\/2025\\\/07\\\/cde-logo-3.png\",\"contentUrl\":\"https:\\\/\\\/www.cde.ual.es\\\/wp-content\\\/uploads\\\/2025\\\/07\\\/cde-logo-3.png\",\"width\":1400,\"height\":300,\"caption\":\"Centro de Documentaci\u00f3n Europea de Almer\u00eda\"},\"image\":{\"@id\":\"https:\\\/\\\/www.cde.ual.es\\\/#\\\/schema\\\/logo\\\/image\\\/\"},\"sameAs\":[\"https:\\\/\\\/www.facebook.com\\\/cdeuniversidadalmeria\\\/\",\"https:\\\/\\\/x.com\\\/cdeualmeria\",\"https:\\\/\\\/www.tiktok.com\\\/@cdealmeria\",\"https:\\\/\\\/www.instagram.com\\\/cdealmeria\\\/\",\"https:\\\/\\\/www.linkedin.com\\\/in\\\/cde-almera-812b26a9\\\/\"]},{\"@type\":\"Person\",\"@id\":\"https:\\\/\\\/www.cde.ual.es\\\/#\\\/schema\\\/person\\\/bf2f837cf3353e2161fe1087adbd728f\",\"name\":\"BECACDE1\",\"image\":{\"@type\":\"ImageObject\",\"inLanguage\":\"en-US\",\"@id\":\"https:\\\/\\\/secure.gravatar.com\\\/avatar\\\/16a4c1e422b5dec818ee13eab3353b19db9cfd278cc10f9b0e1188a37671d9d4?s=96&d=mm&r=g\",\"url\":\"https:\\\/\\\/secure.gravatar.com\\\/avatar\\\/16a4c1e422b5dec818ee13eab3353b19db9cfd278cc10f9b0e1188a37671d9d4?s=96&d=mm&r=g\",\"contentUrl\":\"https:\\\/\\\/secure.gravatar.com\\\/avatar\\\/16a4c1e422b5dec818ee13eab3353b19db9cfd278cc10f9b0e1188a37671d9d4?s=96&d=mm&r=g\",\"caption\":\"BECACDE1\"},\"sameAs\":[\"http:\\\/\\\/www.cdealmeria.com\"]}]}<\/script>\n<!-- \/ Yoast SEO plugin. -->","yoast_head_json":{"title":"EU and US hold fourth Joint Dialogue on Technology Competition Policy | CDE Almer\u00eda - Centro de Documentaci\u00f3n Europea - Universidad de Almer\u00eda","robots":{"index":"index","follow":"follow","max-snippet":"max-snippet:-1","max-image-preview":"max-image-preview:large","max-video-preview":"max-video-preview:-1"},"canonical":"https:\/\/www.cde.ual.es\/en\/eu-and-us-hold-fourth-joint-dialogue-on-technology-competition-policy\/","og_locale":"en_US","og_type":"article","og_title":"EU and US hold fourth Joint Dialogue on Technology Competition Policy | CDE Almer\u00eda - Centro de Documentaci\u00f3n Europea - Universidad de Almer\u00eda","og_description":"Today, European Commission Executive Vice-President Margrethe Vestager, US Federal Trade Commission (\u2018FTC&#8217;) Chair Lina Khan and the Assistant Attorney General of the US Department of Justice Antitrust Division (\u2018DOJ&#8217;) Jonathan Kanter met in Washington for the fourth meeting of the EU-US Joint Technology Competition Policy Dialogue (\u2018TCPD&#8217;). The purpose of the dialogue is to further [&hellip;]","og_url":"https:\/\/www.cde.ual.es\/en\/eu-and-us-hold-fourth-joint-dialogue-on-technology-competition-policy\/","og_site_name":"CDE Almer\u00eda - Centro de Documentaci\u00f3n Europea - Universidad de Almer\u00eda","article_publisher":"https:\/\/www.facebook.com\/cdeuniversidadalmeria\/","article_published_time":"2024-04-16T11:01:20+00:00","og_image":[{"width":680,"height":680,"url":"https:\/\/www.cde.ual.es\/wp-content\/uploads\/2022\/05\/EU-USA.jpg","type":"image\/jpeg"}],"author":"BECACDE1","twitter_card":"summary_large_image","twitter_creator":"@cdeualmeria","twitter_site":"@cdeualmeria","twitter_misc":{"Written by":"BECACDE1","Est. reading time":"4 minutes"},"schema":{"@context":"https:\/\/schema.org","@graph":[{"@type":"Article","@id":"https:\/\/www.cde.ual.es\/en\/eu-and-us-hold-fourth-joint-dialogue-on-technology-competition-policy\/#article","isPartOf":{"@id":"https:\/\/www.cde.ual.es\/en\/eu-and-us-hold-fourth-joint-dialogue-on-technology-competition-policy\/"},"author":{"name":"BECACDE1","@id":"https:\/\/www.cde.ual.es\/#\/schema\/person\/bf2f837cf3353e2161fe1087adbd728f"},"headline":"EU and US hold fourth Joint Dialogue on Technology Competition Policy","datePublished":"2024-04-16T11:01:20+00:00","mainEntityOfPage":{"@id":"https:\/\/www.cde.ual.es\/en\/eu-and-us-hold-fourth-joint-dialogue-on-technology-competition-policy\/"},"wordCount":536,"commentCount":0,"publisher":{"@id":"https:\/\/www.cde.ual.es\/#organization"},"image":{"@id":"https:\/\/www.cde.ual.es\/en\/eu-and-us-hold-fourth-joint-dialogue-on-technology-competition-policy\/#primaryimage"},"thumbnailUrl":"https:\/\/www.cde.ual.es\/wp-content\/uploads\/2022\/05\/EU-USA.jpg","keywords":["antitrust","EU","European Commission","USA"],"articleSection":["Economy and Finance","EU News","Institutional Affairs","International Politics and Cooperation","Market"],"inLanguage":"en-US","potentialAction":[{"@type":"CommentAction","name":"Comment","target":["https:\/\/www.cde.ual.es\/en\/eu-and-us-hold-fourth-joint-dialogue-on-technology-competition-policy\/#respond"]}]},{"@type":"WebPage","@id":"https:\/\/www.cde.ual.es\/en\/eu-and-us-hold-fourth-joint-dialogue-on-technology-competition-policy\/","url":"https:\/\/www.cde.ual.es\/en\/eu-and-us-hold-fourth-joint-dialogue-on-technology-competition-policy\/","name":"EU and US hold fourth Joint Dialogue on Technology Competition Policy | CDE Almer\u00eda - Centro de Documentaci\u00f3n Europea - Universidad de Almer\u00eda","isPartOf":{"@id":"https:\/\/www.cde.ual.es\/#website"},"primaryImageOfPage":{"@id":"https:\/\/www.cde.ual.es\/en\/eu-and-us-hold-fourth-joint-dialogue-on-technology-competition-policy\/#primaryimage"},"image":{"@id":"https:\/\/www.cde.ual.es\/en\/eu-and-us-hold-fourth-joint-dialogue-on-technology-competition-policy\/#primaryimage"},"thumbnailUrl":"https:\/\/www.cde.ual.es\/wp-content\/uploads\/2022\/05\/EU-USA.jpg","datePublished":"2024-04-16T11:01:20+00:00","breadcrumb":{"@id":"https:\/\/www.cde.ual.es\/en\/eu-and-us-hold-fourth-joint-dialogue-on-technology-competition-policy\/#breadcrumb"},"inLanguage":"en-US","potentialAction":[{"@type":"ReadAction","target":["https:\/\/www.cde.ual.es\/en\/eu-and-us-hold-fourth-joint-dialogue-on-technology-competition-policy\/"]}]},{"@type":"ImageObject","inLanguage":"en-US","@id":"https:\/\/www.cde.ual.es\/en\/eu-and-us-hold-fourth-joint-dialogue-on-technology-competition-policy\/#primaryimage","url":"https:\/\/www.cde.ual.es\/wp-content\/uploads\/2022\/05\/EU-USA.jpg","contentUrl":"https:\/\/www.cde.ual.es\/wp-content\/uploads\/2022\/05\/EU-USA.jpg","width":680,"height":680,"caption":"bandera eu-usa"},{"@type":"BreadcrumbList","@id":"https:\/\/www.cde.ual.es\/en\/eu-and-us-hold-fourth-joint-dialogue-on-technology-competition-policy\/#breadcrumb","itemListElement":[{"@type":"ListItem","position":1,"name":"Inicio","item":"https:\/\/www.cde.ual.es\/en\/"},{"@type":"ListItem","position":2,"name":"EU News","item":"https:\/\/www.cde.ual.es\/en\/category\/eu-news\/"},{"@type":"ListItem","position":3,"name":"Institutional Affairs","item":"https:\/\/www.cde.ual.es\/en\/category\/eu-news\/institutional\/"},{"@type":"ListItem","position":4,"name":"International Politics and Cooperation","item":"https:\/\/www.cde.ual.es\/en\/category\/eu-news\/institutional\/international-pol-coop\/"},{"@type":"ListItem","position":5,"name":"EU and US hold fourth Joint Dialogue on Technology Competition Policy"}]},{"@type":"WebSite","@id":"https:\/\/www.cde.ual.es\/#website","url":"https:\/\/www.cde.ual.es\/","name":"CDE Almer\u00eda - Centro de Documentaci\u00f3n Europea - Universidad de Almer\u00eda","description":"Centro de Documentaci\u00f3n Europea de la Universidad de Almer\u00eda","publisher":{"@id":"https:\/\/www.cde.ual.es\/#organization"},"alternateName":"CDE Almer\u00eda","potentialAction":[{"@type":"SearchAction","target":{"@type":"EntryPoint","urlTemplate":"https:\/\/www.cde.ual.es\/?s={search_term_string}"},"query-input":{"@type":"PropertyValueSpecification","valueRequired":true,"valueName":"search_term_string"}}],"inLanguage":"en-US"},{"@type":"Organization","@id":"https:\/\/www.cde.ual.es\/#organization","name":"Centro de Documentaci\u00f3n Europea de Almer\u00eda","url":"https:\/\/www.cde.ual.es\/","logo":{"@type":"ImageObject","inLanguage":"en-US","@id":"https:\/\/www.cde.ual.es\/#\/schema\/logo\/image\/","url":"https:\/\/www.cde.ual.es\/wp-content\/uploads\/2025\/07\/cde-logo-3.png","contentUrl":"https:\/\/www.cde.ual.es\/wp-content\/uploads\/2025\/07\/cde-logo-3.png","width":1400,"height":300,"caption":"Centro de Documentaci\u00f3n Europea de Almer\u00eda"},"image":{"@id":"https:\/\/www.cde.ual.es\/#\/schema\/logo\/image\/"},"sameAs":["https:\/\/www.facebook.com\/cdeuniversidadalmeria\/","https:\/\/x.com\/cdeualmeria","https:\/\/www.tiktok.com\/@cdealmeria","https:\/\/www.instagram.com\/cdealmeria\/","https:\/\/www.linkedin.com\/in\/cde-almera-812b26a9\/"]},{"@type":"Person","@id":"https:\/\/www.cde.ual.es\/#\/schema\/person\/bf2f837cf3353e2161fe1087adbd728f","name":"BECACDE1","image":{"@type":"ImageObject","inLanguage":"en-US","@id":"https:\/\/secure.gravatar.com\/avatar\/16a4c1e422b5dec818ee13eab3353b19db9cfd278cc10f9b0e1188a37671d9d4?s=96&d=mm&r=g","url":"https:\/\/secure.gravatar.com\/avatar\/16a4c1e422b5dec818ee13eab3353b19db9cfd278cc10f9b0e1188a37671d9d4?s=96&d=mm&r=g","contentUrl":"https:\/\/secure.gravatar.com\/avatar\/16a4c1e422b5dec818ee13eab3353b19db9cfd278cc10f9b0e1188a37671d9d4?s=96&d=mm&r=g","caption":"BECACDE1"},"sameAs":["http:\/\/www.cdealmeria.com"]}]}},"_links":{"self":[{"href":"https:\/\/www.cde.ual.es\/en\/wp-json\/wp\/v2\/posts\/150582","targetHints":{"allow":["GET"]}}],"collection":[{"href":"https:\/\/www.cde.ual.es\/en\/wp-json\/wp\/v2\/posts"}],"about":[{"href":"https:\/\/www.cde.ual.es\/en\/wp-json\/wp\/v2\/types\/post"}],"author":[{"embeddable":true,"href":"https:\/\/www.cde.ual.es\/en\/wp-json\/wp\/v2\/users\/101012"}],"replies":[{"embeddable":true,"href":"https:\/\/www.cde.ual.es\/en\/wp-json\/wp\/v2\/comments?post=150582"}],"version-history":[{"count":1,"href":"https:\/\/www.cde.ual.es\/en\/wp-json\/wp\/v2\/posts\/150582\/revisions"}],"predecessor-version":[{"id":150585,"href":"https:\/\/www.cde.ual.es\/en\/wp-json\/wp\/v2\/posts\/150582\/revisions\/150585"}],"wp:featuredmedia":[{"embeddable":true,"href":"https:\/\/www.cde.ual.es\/en\/wp-json\/wp\/v2\/media\/108208"}],"wp:attachment":[{"href":"https:\/\/www.cde.ual.es\/en\/wp-json\/wp\/v2\/media?parent=150582"}],"wp:term":[{"taxonomy":"category","embeddable":true,"href":"https:\/\/www.cde.ual.es\/en\/wp-json\/wp\/v2\/categories?post=150582"},{"taxonomy":"post_tag","embeddable":true,"href":"https:\/\/www.cde.ual.es\/en\/wp-json\/wp\/v2\/tags?post=150582"}],"curies":[{"name":"wp","href":"https:\/\/api.w.org\/{rel}","templated":true}]}}