{"id":15058,"date":"2019-03-25T10:34:40","date_gmt":"2019-03-25T09:34:40","guid":{"rendered":"http:\/\/www.cde.ual.es\/?p=15058"},"modified":"2019-03-25T10:34:40","modified_gmt":"2019-03-25T09:34:40","slug":"escuela-de-verano-del-cci-sobre-desmantelamiento-nuclear-y-gestion-de-residuos","status":"publish","type":"post","link":"https:\/\/www.cde.ual.es\/en\/escuela-de-verano-del-cci-sobre-desmantelamiento-nuclear-y-gestion-de-residuos\/","title":{"rendered":"Escuela de verano del CCI sobre desmantelamiento nuclear y gesti\u00f3n de residuos"},"content":{"rendered":"<p><a href=\"http:\/\/www.cde.ual.es\/wp-content\/uploads\/2019\/03\/Escuela-de-verano-del-CCI-sobre-desmantelamiento-nuclear-y-gesti\u00f3n-de-residuos.png\"><img decoding=\"async\" class=\"size-medium wp-image-15060 aligncenter\" src=\"http:\/\/www.cde.ual.es\/wp-content\/uploads\/2019\/03\/Escuela-de-verano-del-CCI-sobre-desmantelamiento-nuclear-y-gesti\u00f3n-de-residuos-300x164.png\" alt=\"Escuela de verano del CCI sobre desmantelamiento nuclear y gesti\u00f3n de residuos\" width=\"300\" height=\"164\" srcset=\"https:\/\/www.cde.ual.es\/wp-content\/uploads\/2019\/03\/Escuela-de-verano-del-CCI-sobre-desmantelamiento-nuclear-y-gesti\u00f3n-de-residuos-300x164.png 300w, https:\/\/www.cde.ual.es\/wp-content\/uploads\/2019\/03\/Escuela-de-verano-del-CCI-sobre-desmantelamiento-nuclear-y-gesti\u00f3n-de-residuos.png 529w\" sizes=\"(max-width: 300px) 100vw, 300px\" \/><\/a><\/p>\n<p>Organizado por el Centro Com\u00fan de Investigaci\u00f3n de la Comisi\u00f3n Europea (JRC), el objetivo de la Escuela de Verano es ofrecer una visi\u00f3n general de las cuestiones importantes relacionadas con el desmantelamiento nuclear y la gesti\u00f3n de residuos.<\/p>\n<h3>De que va el concurso<\/h3>\n<p>La escuela de verano se lleva a cabo en Ispra, Italia, del 8 al 12 de julio de 2019. El curso incluye visitas a instalaciones nucleares de JRC-Ispra y estudios pr\u00e1cticos de casos ilustrativos.\u00a0Es gratuito. El Centro Com\u00fan de Investigaci\u00f3n de la Comisi\u00f3n Europea cubrir\u00e1 los cursos, el alojamiento (hotel de 5 a 6 noches, pensi\u00f3n completa) y los transportes internos.<br \/>\nLos solicitantes aceptados deber\u00e1n organizar y pagar los viajes hacia y desde Ispra y otros gastos de subsistencia<\/p>\n<h3>Criterios de participaci\u00f3n<\/h3>\n<p>Estudiantes con un t\u00edtulo de posgrado que cursan una maestr\u00eda en el \u00e1rea de ingenier\u00eda, ciencia y tecnolog\u00eda.<\/p>\n<h3>Fecha l\u00edmite<\/h3>\n<p>25 de abril de 2019.<\/p>\n<h3>M\u00e1s informaci\u00f3n<\/h3>\n<p><a href=\"https:\/\/programmes.eurodesk.eu\/learning#79936\">Noticia completa\u00a0<\/a><\/p>\n<p><a href=\"https:\/\/ec.europa.eu\/jrc\/en\/event\/training-course\/elinder-g5\">Escuela de verano del CCI sobre desmantelamiento nuclear y gesti\u00f3n de residuos<\/a><\/p>\n","protected":false},"excerpt":{"rendered":"<p>Organizado por el Centro Com\u00fan de Investigaci\u00f3n de la Comisi\u00f3n Europea (JRC), el objetivo de la Escuela de Verano es ofrecer una visi\u00f3n general de las cuestiones importantes relacionadas con el desmantelamiento nuclear y la gesti\u00f3n de residuos. De que va el concurso La escuela de verano se lleva a cabo en Ispra, Italia, del [&hellip;]<\/p>\n","protected":false},"author":1,"featured_media":15060,"comment_status":"open","ping_status":"open","sticky":false,"template":"","format":"standard","meta":{"_acf_changed":false,"_relevanssi_hide_post":"","_relevanssi_hide_content":"","_relevanssi_pin_for_all":"","_relevanssi_pin_keywords":"","_relevanssi_unpin_keywords":"","_relevanssi_related_keywords":"","_relevanssi_related_include_ids":"","_relevanssi_related_exclude_ids":"","_relevanssi_related_no_append":"","_relevanssi_related_not_related":"","_relevanssi_related_posts":"","_relevanssi_noindex_reason":"","_monsterinsights_skip_tracking":false,"_monsterinsights_sitenote_active":false,"_monsterinsights_sitenote_note":"","_monsterinsights_sitenote_category":0,"_genesis_hide_title":false,"_genesis_hide_breadcrumbs":false,"_genesis_hide_singular_image":false,"_genesis_hide_footer_widgets":false,"_genesis_custom_body_class":"","_genesis_custom_post_class":"","_genesis_layout":"","footnotes":""},"categories":[136],"tags":[270,467],"class_list":{"0":"post-15058","1":"post","2":"type-post","3":"status-publish","4":"format-standard","5":"has-post-thumbnail","7":"category-convocatorias-y-premios-ue","8":"tag-desarrollo-sostenible","9":"tag-investitigacion","10":"entry"},"acf":[],"yoast_head":"<!-- This site is optimized with the Yoast SEO plugin v27.5 - https:\/\/yoast.com\/product\/yoast-seo-wordpress\/ -->\n<title>Escuela de verano del CCI sobre desmantelamiento nuclear y gesti\u00f3n de residuos | CDE Almer\u00eda - Centro de Documentaci\u00f3n Europea - Universidad de Almer\u00eda<\/title>\n<meta name=\"robots\" content=\"index, follow, max-snippet:-1, max-image-preview:large, max-video-preview:-1\" \/>\n<link rel=\"canonical\" href=\"https:\/\/www.cde.ual.es\/escuela-de-verano-del-cci-sobre-desmantelamiento-nuclear-y-gestion-de-residuos\/\" \/>\n<meta property=\"og:locale\" content=\"en_US\" \/>\n<meta property=\"og:type\" content=\"article\" \/>\n<meta property=\"og:title\" content=\"Escuela de verano del CCI sobre desmantelamiento nuclear y gesti\u00f3n de residuos | CDE Almer\u00eda - Centro de Documentaci\u00f3n Europea - Universidad de Almer\u00eda\" \/>\n<meta property=\"og:description\" content=\"Organizado por el Centro Com\u00fan de Investigaci\u00f3n de la Comisi\u00f3n Europea (JRC), el objetivo de la Escuela de Verano es ofrecer una visi\u00f3n general de las cuestiones importantes relacionadas con el desmantelamiento nuclear y la gesti\u00f3n de residuos. De que va el concurso La escuela de verano se lleva a cabo en Ispra, Italia, del [&hellip;]\" \/>\n<meta property=\"og:url\" content=\"https:\/\/www.cde.ual.es\/escuela-de-verano-del-cci-sobre-desmantelamiento-nuclear-y-gestion-de-residuos\/\" \/>\n<meta property=\"og:site_name\" content=\"CDE Almer\u00eda - Centro de Documentaci\u00f3n Europea - Universidad de Almer\u00eda\" \/>\n<meta property=\"article:publisher\" content=\"https:\/\/www.facebook.com\/cdeuniversidadalmeria\/\" \/>\n<meta property=\"article:published_time\" content=\"2019-03-25T09:34:40+00:00\" \/>\n<meta property=\"og:image\" content=\"https:\/\/www.cde.ual.es\/wp-content\/uploads\/2019\/03\/Escuela-de-verano-del-CCI-sobre-desmantelamiento-nuclear-y-gesti\u00f3n-de-residuos.png\" \/>\n\t<meta property=\"og:image:width\" content=\"529\" \/>\n\t<meta property=\"og:image:height\" content=\"289\" \/>\n\t<meta property=\"og:image:type\" content=\"image\/png\" \/>\n<meta name=\"author\" content=\"AdminCDE\" \/>\n<meta name=\"twitter:card\" content=\"summary_large_image\" \/>\n<meta name=\"twitter:creator\" content=\"@cdeualmeria\" \/>\n<meta name=\"twitter:site\" content=\"@cdeualmeria\" \/>\n<meta name=\"twitter:label1\" content=\"Written by\" \/>\n\t<meta name=\"twitter:data1\" content=\"AdminCDE\" \/>\n\t<meta name=\"twitter:label2\" content=\"Est. reading time\" \/>\n\t<meta name=\"twitter:data2\" content=\"1 minute\" \/>\n<script type=\"application\/ld+json\" class=\"yoast-schema-graph\">{\"@context\":\"https:\\\/\\\/schema.org\",\"@graph\":[{\"@type\":\"Article\",\"@id\":\"https:\\\/\\\/www.cde.ual.es\\\/escuela-de-verano-del-cci-sobre-desmantelamiento-nuclear-y-gestion-de-residuos\\\/#article\",\"isPartOf\":{\"@id\":\"https:\\\/\\\/www.cde.ual.es\\\/escuela-de-verano-del-cci-sobre-desmantelamiento-nuclear-y-gestion-de-residuos\\\/\"},\"author\":{\"name\":\"AdminCDE\",\"@id\":\"https:\\\/\\\/www.cde.ual.es\\\/#\\\/schema\\\/person\\\/224ef08c8bcc005f319d2713ce37ee5f\"},\"headline\":\"Escuela de verano del CCI sobre desmantelamiento nuclear y gesti\u00f3n de residuos\",\"datePublished\":\"2019-03-25T09:34:40+00:00\",\"mainEntityOfPage\":{\"@id\":\"https:\\\/\\\/www.cde.ual.es\\\/escuela-de-verano-del-cci-sobre-desmantelamiento-nuclear-y-gestion-de-residuos\\\/\"},\"wordCount\":193,\"commentCount\":0,\"publisher\":{\"@id\":\"https:\\\/\\\/www.cde.ual.es\\\/#organization\"},\"image\":{\"@id\":\"https:\\\/\\\/www.cde.ual.es\\\/escuela-de-verano-del-cci-sobre-desmantelamiento-nuclear-y-gestion-de-residuos\\\/#primaryimage\"},\"thumbnailUrl\":\"https:\\\/\\\/www.cde.ual.es\\\/wp-content\\\/uploads\\\/2019\\\/03\\\/Escuela-de-verano-del-CCI-sobre-desmantelamiento-nuclear-y-gesti\u00f3n-de-residuos.png\",\"keywords\":[\"Desarrollo Sostenible\",\"Investitigaci\u00f3n\"],\"articleSection\":[\"Convocatorias y Premios UE\"],\"inLanguage\":\"en-US\",\"potentialAction\":[{\"@type\":\"CommentAction\",\"name\":\"Comment\",\"target\":[\"https:\\\/\\\/www.cde.ual.es\\\/escuela-de-verano-del-cci-sobre-desmantelamiento-nuclear-y-gestion-de-residuos\\\/#respond\"]}]},{\"@type\":\"WebPage\",\"@id\":\"https:\\\/\\\/www.cde.ual.es\\\/escuela-de-verano-del-cci-sobre-desmantelamiento-nuclear-y-gestion-de-residuos\\\/\",\"url\":\"https:\\\/\\\/www.cde.ual.es\\\/escuela-de-verano-del-cci-sobre-desmantelamiento-nuclear-y-gestion-de-residuos\\\/\",\"name\":\"Escuela de verano del CCI sobre desmantelamiento nuclear y gesti\u00f3n de residuos | CDE Almer\u00eda - Centro de Documentaci\u00f3n Europea - Universidad de Almer\u00eda\",\"isPartOf\":{\"@id\":\"https:\\\/\\\/www.cde.ual.es\\\/#website\"},\"primaryImageOfPage\":{\"@id\":\"https:\\\/\\\/www.cde.ual.es\\\/escuela-de-verano-del-cci-sobre-desmantelamiento-nuclear-y-gestion-de-residuos\\\/#primaryimage\"},\"image\":{\"@id\":\"https:\\\/\\\/www.cde.ual.es\\\/escuela-de-verano-del-cci-sobre-desmantelamiento-nuclear-y-gestion-de-residuos\\\/#primaryimage\"},\"thumbnailUrl\":\"https:\\\/\\\/www.cde.ual.es\\\/wp-content\\\/uploads\\\/2019\\\/03\\\/Escuela-de-verano-del-CCI-sobre-desmantelamiento-nuclear-y-gesti\u00f3n-de-residuos.png\",\"datePublished\":\"2019-03-25T09:34:40+00:00\",\"breadcrumb\":{\"@id\":\"https:\\\/\\\/www.cde.ual.es\\\/escuela-de-verano-del-cci-sobre-desmantelamiento-nuclear-y-gestion-de-residuos\\\/#breadcrumb\"},\"inLanguage\":\"en-US\",\"potentialAction\":[{\"@type\":\"ReadAction\",\"target\":[\"https:\\\/\\\/www.cde.ual.es\\\/escuela-de-verano-del-cci-sobre-desmantelamiento-nuclear-y-gestion-de-residuos\\\/\"]}]},{\"@type\":\"ImageObject\",\"inLanguage\":\"en-US\",\"@id\":\"https:\\\/\\\/www.cde.ual.es\\\/escuela-de-verano-del-cci-sobre-desmantelamiento-nuclear-y-gestion-de-residuos\\\/#primaryimage\",\"url\":\"https:\\\/\\\/www.cde.ual.es\\\/wp-content\\\/uploads\\\/2019\\\/03\\\/Escuela-de-verano-del-CCI-sobre-desmantelamiento-nuclear-y-gesti\u00f3n-de-residuos.png\",\"contentUrl\":\"https:\\\/\\\/www.cde.ual.es\\\/wp-content\\\/uploads\\\/2019\\\/03\\\/Escuela-de-verano-del-CCI-sobre-desmantelamiento-nuclear-y-gesti\u00f3n-de-residuos.png\",\"width\":529,\"height\":289,\"caption\":\"Escuela de verano del CCI sobre desmantelamiento nuclear y gesti\u00f3n de residuos\"},{\"@type\":\"BreadcrumbList\",\"@id\":\"https:\\\/\\\/www.cde.ual.es\\\/escuela-de-verano-del-cci-sobre-desmantelamiento-nuclear-y-gestion-de-residuos\\\/#breadcrumb\",\"itemListElement\":[{\"@type\":\"ListItem\",\"position\":1,\"name\":\"Inicio\",\"item\":\"https:\\\/\\\/www.cde.ual.es\\\/en\\\/\"},{\"@type\":\"ListItem\",\"position\":2,\"name\":\"Convocatorias y Premios UE\",\"item\":\"https:\\\/\\\/www.cde.ual.es\\\/category\\\/convocatorias-y-premios-ue\\\/\"},{\"@type\":\"ListItem\",\"position\":3,\"name\":\"Escuela de verano del CCI sobre desmantelamiento nuclear y gesti\u00f3n de residuos\"}]},{\"@type\":\"WebSite\",\"@id\":\"https:\\\/\\\/www.cde.ual.es\\\/#website\",\"url\":\"https:\\\/\\\/www.cde.ual.es\\\/\",\"name\":\"CDE Almer\u00eda - Centro de Documentaci\u00f3n Europea - Universidad de Almer\u00eda\",\"description\":\"Centro de Documentaci\u00f3n Europea de la Universidad de Almer\u00eda\",\"publisher\":{\"@id\":\"https:\\\/\\\/www.cde.ual.es\\\/#organization\"},\"alternateName\":\"CDE Almer\u00eda\",\"potentialAction\":[{\"@type\":\"SearchAction\",\"target\":{\"@type\":\"EntryPoint\",\"urlTemplate\":\"https:\\\/\\\/www.cde.ual.es\\\/?s={search_term_string}\"},\"query-input\":{\"@type\":\"PropertyValueSpecification\",\"valueRequired\":true,\"valueName\":\"search_term_string\"}}],\"inLanguage\":\"en-US\"},{\"@type\":\"Organization\",\"@id\":\"https:\\\/\\\/www.cde.ual.es\\\/#organization\",\"name\":\"Centro de Documentaci\u00f3n Europea de Almer\u00eda\",\"url\":\"https:\\\/\\\/www.cde.ual.es\\\/\",\"logo\":{\"@type\":\"ImageObject\",\"inLanguage\":\"en-US\",\"@id\":\"https:\\\/\\\/www.cde.ual.es\\\/#\\\/schema\\\/logo\\\/image\\\/\",\"url\":\"https:\\\/\\\/www.cde.ual.es\\\/wp-content\\\/uploads\\\/2025\\\/07\\\/cde-logo-3.png\",\"contentUrl\":\"https:\\\/\\\/www.cde.ual.es\\\/wp-content\\\/uploads\\\/2025\\\/07\\\/cde-logo-3.png\",\"width\":1400,\"height\":300,\"caption\":\"Centro de Documentaci\u00f3n Europea de Almer\u00eda\"},\"image\":{\"@id\":\"https:\\\/\\\/www.cde.ual.es\\\/#\\\/schema\\\/logo\\\/image\\\/\"},\"sameAs\":[\"https:\\\/\\\/www.facebook.com\\\/cdeuniversidadalmeria\\\/\",\"https:\\\/\\\/x.com\\\/cdeualmeria\",\"https:\\\/\\\/www.tiktok.com\\\/@cdealmeria\",\"https:\\\/\\\/www.instagram.com\\\/cdealmeria\\\/\",\"https:\\\/\\\/www.linkedin.com\\\/in\\\/cde-almera-812b26a9\\\/\"]},{\"@type\":\"Person\",\"@id\":\"https:\\\/\\\/www.cde.ual.es\\\/#\\\/schema\\\/person\\\/224ef08c8bcc005f319d2713ce37ee5f\",\"name\":\"AdminCDE\",\"image\":{\"@type\":\"ImageObject\",\"inLanguage\":\"en-US\",\"@id\":\"https:\\\/\\\/secure.gravatar.com\\\/avatar\\\/a72d038d371f995cd13706fac32274b7952a52e8fb0a84b5f80c85426f2a98a8?s=96&d=mm&r=g\",\"url\":\"https:\\\/\\\/secure.gravatar.com\\\/avatar\\\/a72d038d371f995cd13706fac32274b7952a52e8fb0a84b5f80c85426f2a98a8?s=96&d=mm&r=g\",\"contentUrl\":\"https:\\\/\\\/secure.gravatar.com\\\/avatar\\\/a72d038d371f995cd13706fac32274b7952a52e8fb0a84b5f80c85426f2a98a8?s=96&d=mm&r=g\",\"caption\":\"AdminCDE\"}}]}<\/script>\n<!-- \/ Yoast SEO plugin. -->","yoast_head_json":{"title":"Escuela de verano del CCI sobre desmantelamiento nuclear y gesti\u00f3n de residuos | CDE Almer\u00eda - Centro de Documentaci\u00f3n Europea - Universidad de Almer\u00eda","robots":{"index":"index","follow":"follow","max-snippet":"max-snippet:-1","max-image-preview":"max-image-preview:large","max-video-preview":"max-video-preview:-1"},"canonical":"https:\/\/www.cde.ual.es\/escuela-de-verano-del-cci-sobre-desmantelamiento-nuclear-y-gestion-de-residuos\/","og_locale":"en_US","og_type":"article","og_title":"Escuela de verano del CCI sobre desmantelamiento nuclear y gesti\u00f3n de residuos | CDE Almer\u00eda - Centro de Documentaci\u00f3n Europea - Universidad de Almer\u00eda","og_description":"Organizado por el Centro Com\u00fan de Investigaci\u00f3n de la Comisi\u00f3n Europea (JRC), el objetivo de la Escuela de Verano es ofrecer una visi\u00f3n general de las cuestiones importantes relacionadas con el desmantelamiento nuclear y la gesti\u00f3n de residuos. De que va el concurso La escuela de verano se lleva a cabo en Ispra, Italia, del [&hellip;]","og_url":"https:\/\/www.cde.ual.es\/escuela-de-verano-del-cci-sobre-desmantelamiento-nuclear-y-gestion-de-residuos\/","og_site_name":"CDE Almer\u00eda - Centro de Documentaci\u00f3n Europea - Universidad de Almer\u00eda","article_publisher":"https:\/\/www.facebook.com\/cdeuniversidadalmeria\/","article_published_time":"2019-03-25T09:34:40+00:00","og_image":[{"width":529,"height":289,"url":"https:\/\/www.cde.ual.es\/wp-content\/uploads\/2019\/03\/Escuela-de-verano-del-CCI-sobre-desmantelamiento-nuclear-y-gesti\u00f3n-de-residuos.png","type":"image\/png"}],"author":"AdminCDE","twitter_card":"summary_large_image","twitter_creator":"@cdeualmeria","twitter_site":"@cdeualmeria","twitter_misc":{"Written by":"AdminCDE","Est. reading time":"1 minute"},"schema":{"@context":"https:\/\/schema.org","@graph":[{"@type":"Article","@id":"https:\/\/www.cde.ual.es\/escuela-de-verano-del-cci-sobre-desmantelamiento-nuclear-y-gestion-de-residuos\/#article","isPartOf":{"@id":"https:\/\/www.cde.ual.es\/escuela-de-verano-del-cci-sobre-desmantelamiento-nuclear-y-gestion-de-residuos\/"},"author":{"name":"AdminCDE","@id":"https:\/\/www.cde.ual.es\/#\/schema\/person\/224ef08c8bcc005f319d2713ce37ee5f"},"headline":"Escuela de verano del CCI sobre desmantelamiento nuclear y gesti\u00f3n de residuos","datePublished":"2019-03-25T09:34:40+00:00","mainEntityOfPage":{"@id":"https:\/\/www.cde.ual.es\/escuela-de-verano-del-cci-sobre-desmantelamiento-nuclear-y-gestion-de-residuos\/"},"wordCount":193,"commentCount":0,"publisher":{"@id":"https:\/\/www.cde.ual.es\/#organization"},"image":{"@id":"https:\/\/www.cde.ual.es\/escuela-de-verano-del-cci-sobre-desmantelamiento-nuclear-y-gestion-de-residuos\/#primaryimage"},"thumbnailUrl":"https:\/\/www.cde.ual.es\/wp-content\/uploads\/2019\/03\/Escuela-de-verano-del-CCI-sobre-desmantelamiento-nuclear-y-gesti\u00f3n-de-residuos.png","keywords":["Desarrollo Sostenible","Investitigaci\u00f3n"],"articleSection":["Convocatorias y Premios UE"],"inLanguage":"en-US","potentialAction":[{"@type":"CommentAction","name":"Comment","target":["https:\/\/www.cde.ual.es\/escuela-de-verano-del-cci-sobre-desmantelamiento-nuclear-y-gestion-de-residuos\/#respond"]}]},{"@type":"WebPage","@id":"https:\/\/www.cde.ual.es\/escuela-de-verano-del-cci-sobre-desmantelamiento-nuclear-y-gestion-de-residuos\/","url":"https:\/\/www.cde.ual.es\/escuela-de-verano-del-cci-sobre-desmantelamiento-nuclear-y-gestion-de-residuos\/","name":"Escuela de verano del CCI sobre desmantelamiento nuclear y gesti\u00f3n de residuos | CDE Almer\u00eda - Centro de Documentaci\u00f3n Europea - Universidad de Almer\u00eda","isPartOf":{"@id":"https:\/\/www.cde.ual.es\/#website"},"primaryImageOfPage":{"@id":"https:\/\/www.cde.ual.es\/escuela-de-verano-del-cci-sobre-desmantelamiento-nuclear-y-gestion-de-residuos\/#primaryimage"},"image":{"@id":"https:\/\/www.cde.ual.es\/escuela-de-verano-del-cci-sobre-desmantelamiento-nuclear-y-gestion-de-residuos\/#primaryimage"},"thumbnailUrl":"https:\/\/www.cde.ual.es\/wp-content\/uploads\/2019\/03\/Escuela-de-verano-del-CCI-sobre-desmantelamiento-nuclear-y-gesti\u00f3n-de-residuos.png","datePublished":"2019-03-25T09:34:40+00:00","breadcrumb":{"@id":"https:\/\/www.cde.ual.es\/escuela-de-verano-del-cci-sobre-desmantelamiento-nuclear-y-gestion-de-residuos\/#breadcrumb"},"inLanguage":"en-US","potentialAction":[{"@type":"ReadAction","target":["https:\/\/www.cde.ual.es\/escuela-de-verano-del-cci-sobre-desmantelamiento-nuclear-y-gestion-de-residuos\/"]}]},{"@type":"ImageObject","inLanguage":"en-US","@id":"https:\/\/www.cde.ual.es\/escuela-de-verano-del-cci-sobre-desmantelamiento-nuclear-y-gestion-de-residuos\/#primaryimage","url":"https:\/\/www.cde.ual.es\/wp-content\/uploads\/2019\/03\/Escuela-de-verano-del-CCI-sobre-desmantelamiento-nuclear-y-gesti\u00f3n-de-residuos.png","contentUrl":"https:\/\/www.cde.ual.es\/wp-content\/uploads\/2019\/03\/Escuela-de-verano-del-CCI-sobre-desmantelamiento-nuclear-y-gesti\u00f3n-de-residuos.png","width":529,"height":289,"caption":"Escuela de verano del CCI sobre desmantelamiento nuclear y gesti\u00f3n de residuos"},{"@type":"BreadcrumbList","@id":"https:\/\/www.cde.ual.es\/escuela-de-verano-del-cci-sobre-desmantelamiento-nuclear-y-gestion-de-residuos\/#breadcrumb","itemListElement":[{"@type":"ListItem","position":1,"name":"Inicio","item":"https:\/\/www.cde.ual.es\/en\/"},{"@type":"ListItem","position":2,"name":"Convocatorias y Premios UE","item":"https:\/\/www.cde.ual.es\/category\/convocatorias-y-premios-ue\/"},{"@type":"ListItem","position":3,"name":"Escuela de verano del CCI sobre desmantelamiento nuclear y gesti\u00f3n de residuos"}]},{"@type":"WebSite","@id":"https:\/\/www.cde.ual.es\/#website","url":"https:\/\/www.cde.ual.es\/","name":"CDE Almer\u00eda - Centro de Documentaci\u00f3n Europea - Universidad de Almer\u00eda","description":"Centro de Documentaci\u00f3n Europea de la Universidad de Almer\u00eda","publisher":{"@id":"https:\/\/www.cde.ual.es\/#organization"},"alternateName":"CDE Almer\u00eda","potentialAction":[{"@type":"SearchAction","target":{"@type":"EntryPoint","urlTemplate":"https:\/\/www.cde.ual.es\/?s={search_term_string}"},"query-input":{"@type":"PropertyValueSpecification","valueRequired":true,"valueName":"search_term_string"}}],"inLanguage":"en-US"},{"@type":"Organization","@id":"https:\/\/www.cde.ual.es\/#organization","name":"Centro de Documentaci\u00f3n Europea de Almer\u00eda","url":"https:\/\/www.cde.ual.es\/","logo":{"@type":"ImageObject","inLanguage":"en-US","@id":"https:\/\/www.cde.ual.es\/#\/schema\/logo\/image\/","url":"https:\/\/www.cde.ual.es\/wp-content\/uploads\/2025\/07\/cde-logo-3.png","contentUrl":"https:\/\/www.cde.ual.es\/wp-content\/uploads\/2025\/07\/cde-logo-3.png","width":1400,"height":300,"caption":"Centro de Documentaci\u00f3n Europea de Almer\u00eda"},"image":{"@id":"https:\/\/www.cde.ual.es\/#\/schema\/logo\/image\/"},"sameAs":["https:\/\/www.facebook.com\/cdeuniversidadalmeria\/","https:\/\/x.com\/cdeualmeria","https:\/\/www.tiktok.com\/@cdealmeria","https:\/\/www.instagram.com\/cdealmeria\/","https:\/\/www.linkedin.com\/in\/cde-almera-812b26a9\/"]},{"@type":"Person","@id":"https:\/\/www.cde.ual.es\/#\/schema\/person\/224ef08c8bcc005f319d2713ce37ee5f","name":"AdminCDE","image":{"@type":"ImageObject","inLanguage":"en-US","@id":"https:\/\/secure.gravatar.com\/avatar\/a72d038d371f995cd13706fac32274b7952a52e8fb0a84b5f80c85426f2a98a8?s=96&d=mm&r=g","url":"https:\/\/secure.gravatar.com\/avatar\/a72d038d371f995cd13706fac32274b7952a52e8fb0a84b5f80c85426f2a98a8?s=96&d=mm&r=g","contentUrl":"https:\/\/secure.gravatar.com\/avatar\/a72d038d371f995cd13706fac32274b7952a52e8fb0a84b5f80c85426f2a98a8?s=96&d=mm&r=g","caption":"AdminCDE"}}]}},"_links":{"self":[{"href":"https:\/\/www.cde.ual.es\/en\/wp-json\/wp\/v2\/posts\/15058","targetHints":{"allow":["GET"]}}],"collection":[{"href":"https:\/\/www.cde.ual.es\/en\/wp-json\/wp\/v2\/posts"}],"about":[{"href":"https:\/\/www.cde.ual.es\/en\/wp-json\/wp\/v2\/types\/post"}],"author":[{"embeddable":true,"href":"https:\/\/www.cde.ual.es\/en\/wp-json\/wp\/v2\/users\/1"}],"replies":[{"embeddable":true,"href":"https:\/\/www.cde.ual.es\/en\/wp-json\/wp\/v2\/comments?post=15058"}],"version-history":[{"count":0,"href":"https:\/\/www.cde.ual.es\/en\/wp-json\/wp\/v2\/posts\/15058\/revisions"}],"wp:featuredmedia":[{"embeddable":true,"href":"https:\/\/www.cde.ual.es\/en\/wp-json\/wp\/v2\/media\/15060"}],"wp:attachment":[{"href":"https:\/\/www.cde.ual.es\/en\/wp-json\/wp\/v2\/media?parent=15058"}],"wp:term":[{"taxonomy":"category","embeddable":true,"href":"https:\/\/www.cde.ual.es\/en\/wp-json\/wp\/v2\/categories?post=15058"},{"taxonomy":"post_tag","embeddable":true,"href":"https:\/\/www.cde.ual.es\/en\/wp-json\/wp\/v2\/tags?post=15058"}],"curies":[{"name":"wp","href":"https:\/\/api.w.org\/{rel}","templated":true}]}}