{"id":150573,"date":"2024-04-17T03:00:06","date_gmt":"2024-04-17T01:00:06","guid":{"rendered":"https:\/\/www.cde.ual.es\/?p=150573"},"modified":"2024-04-16T12:40:48","modified_gmt":"2024-04-16T10:40:48","slug":"euro-7-council-adopts-new-rules-on-emission-limits-for-cars-vans-and-trucks","status":"publish","type":"post","link":"https:\/\/www.cde.ual.es\/en\/euro-7-council-adopts-new-rules-on-emission-limits-for-cars-vans-and-trucks\/","title":{"rendered":"Euro 7: Council adopts new rules on emission limits for cars, vans and trucks"},"content":{"rendered":"<p style=\"text-align: justify;\">The Council has adopted the Euro 7 regulation, which lays down rules on emission limits for road vehicles and battery durability. This is the last step in the decision-making procedure.<\/p>\n<p style=\"text-align: justify;\"><a href=\"https:\/\/www.cde.ual.es\/wp-content\/uploads\/2018\/11\/architecture-auto-automobiles-210182-e1543391822699.jpg\"><img decoding=\"async\" class=\"wp-image-10298 aligncenter\" src=\"https:\/\/www.cde.ual.es\/wp-content\/uploads\/2018\/11\/architecture-auto-automobiles-210182-e1543391822699.jpg\" alt=\"\" width=\"599\" height=\"368\" \/><\/a><\/p>\n<p style=\"text-align: justify;\">The text adopted covers cars, vans and heavy-duty vehicles in one single legal act and aims to further lower air pollutant emissions from exhaust fumes and brakes. The new regulation also establishes stricter lifetime requirements.<\/p>\n<h2 style=\"text-align: justify;\">Better and cleaner vehicles<\/h2>\n<p style=\"text-align: justify;\">The Euro 7 regulation establishes rules for the exhaust emissions of road vehicles, but also for other types of emissions such as tyre abrasion and brake particle emissions. It also introduces requirements for battery durability. For cars and vans, the regulation keeps the existing Euro 6 exhaust emission limits but introduces stricter requirements for solid particles. For heavy-duty buses and lorries, the regulation imposes more stringent limits for various pollutants, including some that have not been regulated until now, such as nitrous oxide (N2O). In addition, Euro 7 introduces stricter limits for particle emissions produced when braking, with specific limits for electric vehicles. The new rules also include stricter lifetime requirements for all vehicles in terms of both mileage and lifetime.<\/p>\n<h2 style=\"text-align: justify;\">Next steps<\/h2>\n<p style=\"text-align: justify;\">Following the Council\u2019s approval of the European Parliament&#8217;s position, the legislative act has been adopted.<\/p>\n<p style=\"text-align: justify;\">After being signed by the President of the European Parliament and the President of the Council, the regulation will be published in the Official Journal of the European Union and will enter into force on the twentieth day following its publication.<\/p>\n<p style=\"text-align: justify;\">The dates of application of the regulation will depend on the kind of vehicle concerned:<\/p>\n<ul style=\"text-align: justify;\">\n<li>30 months for new types of cars and vans, and 42 months for new cars and vans<\/li>\n<li>48 months for new types of buses, trucks and trailers, and 60 months for new buses, lorries and trailers<\/li>\n<li>30 months for new systems, components or separate technical units to be fitted in cars and vans, and 48 months for those to be fitted in buses, lorries and trailers<\/li>\n<\/ul>\n<h2 style=\"text-align: justify;\">Background<\/h2>\n<p style=\"text-align: justify;\">The Euro 7 regulation, which is part of the Commission\u2019s 2020 Sustainable and Smart Mobility Strategy and the 2021 Zero-Pollution Action Plan, was presented by the Commission on 10 November 2022. The Council adopted its position, or \u2018general approach\u2019, on 25 September 2023. The Council and the Parliament reached a provisional political agreement on 18 December 2023.<\/p>\n<p style=\"text-align: justify;\">On 19 April 2023 the European Parliament and the Council adopted Regulation (EU) 2023\/851 to strengthen the CO2 emission performance standards for new passenger cars and new light commercial vehicles, which sets a 100% reduction target for both cars and vans from 2035 onwards. While industry prepares for this change, which means that new combustion cars and vans will be banned on the internal market from 2035, such vehicles will remain available. Other internal combustion vehicles (lorries, buses and other heavy-duty vehicles) will continue to be produced after that date. The Euro 7 rules will be necessary to cover the emissions of cars and vans until that date, while other rules contained in the regulation (concerning brakes, tyres and battery life, for instance) will continue to apply to new cleaner cars and vans after 2035.<\/p>\n<table style=\"width: 99.9988%; border-collapse: collapse; border-style: double; border-color: #001f7d;\" cellpadding=\"0,5\">\n<tbody>\n<tr>\n<td style=\"width: 100%;\"><a href=\"https:\/\/www.cde.ual.es\/los-eurodiputados-estan-listos-para-negociar-con-los-estados-miembros-nuevas-medidas-para-reducir-las-emisiones-de-co2-de-los-vehiculos-pesados\/\" target=\"_blank\" rel=\"noopener\"><img decoding=\"async\" class=\"alignleft\" src=\"https:\/\/www.cde.ual.es\/wp-content\/uploads\/2023\/11\/indira-tjokorda-OYtFO_heZ1Y-unsplash-scaled.jpg\" alt=\"\" width=\"201\" height=\"134\" \/><\/a><\/p>\n<h4 class=\"entry-title\"><a href=\"https:\/\/www.cde.ual.es\/en\/meps-are-ready-to-negotiate-with-member-states-on-new-measures-to-reduce-co2-emissions-from-heavy-duty-vehicles\/\" target=\"_blank\" rel=\"noopener\">MEPs are ready to negotiate with Member States on new measures to reduce CO2 emissions from heavy duty vehicles<\/a><\/h4>\n<\/td>\n<\/tr>\n<\/tbody>\n<\/table>\n<p>&nbsp;<\/p>\n<p><strong>M\u00e1s informaci\u00f3n:<\/strong> <a href=\"https:\/\/www.consilium.europa.eu\/en\/press\/press-releases\/2024\/04\/12\/euro-7-council-adopts-new-rules-on-emission-limits-for-cars-vans-and-trucks\/\">Council of the European Union<\/a><\/p>\n","protected":false},"excerpt":{"rendered":"<p>The Council has adopted the Euro 7 regulation, which lays down rules on emission limits for road vehicles and battery durability. This is the last step in the decision-making procedure. The text adopted covers cars, vans and heavy-duty vehicles in one single legal act and aims to further lower air pollutant emissions from exhaust fumes [&hellip;]<\/p>\n","protected":false},"author":101012,"featured_media":27705,"comment_status":"open","ping_status":"open","sticky":false,"template":"","format":"standard","meta":{"_acf_changed":false,"_relevanssi_hide_post":"","_relevanssi_hide_content":"","_relevanssi_pin_for_all":"","_relevanssi_pin_keywords":"","_relevanssi_unpin_keywords":"","_relevanssi_related_keywords":"","_relevanssi_related_include_ids":"","_relevanssi_related_exclude_ids":"","_relevanssi_related_no_append":"","_relevanssi_related_not_related":"","_relevanssi_related_posts":"","_relevanssi_noindex_reason":"","_monsterinsights_skip_tracking":false,"_monsterinsights_sitenote_active":false,"_monsterinsights_sitenote_note":"","_monsterinsights_sitenote_category":0,"_genesis_hide_title":false,"_genesis_hide_breadcrumbs":false,"_genesis_hide_singular_image":false,"_genesis_hide_footer_widgets":false,"_genesis_custom_body_class":"","_genesis_custom_post_class":"","_genesis_layout":"","footnotes":""},"categories":[4085,346,4079,4081,4087],"tags":[2440,7367,1841,779,6584],"class_list":{"0":"post-150573","1":"post","2":"type-post","3":"status-publish","4":"format-standard","5":"has-post-thumbnail","7":"category-environment","8":"category-eu-news","9":"category-law","10":"category-legislation","11":"category-transport","12":"tag-consejo-de-la-ue","13":"tag-council-of-the-eu-en","14":"tag-emissions","15":"tag-eu-en","16":"tag-vehicles","17":"entry"},"acf":[],"yoast_head":"<!-- This site is optimized with the Yoast SEO plugin v27.5 - https:\/\/yoast.com\/product\/yoast-seo-wordpress\/ -->\n<title>Euro 7: Council adopts new rules on emission limits for cars, vans and trucks | CDE Almer\u00eda - Centro de Documentaci\u00f3n Europea - Universidad de Almer\u00eda<\/title>\n<meta name=\"robots\" content=\"index, follow, max-snippet:-1, max-image-preview:large, max-video-preview:-1\" \/>\n<link rel=\"canonical\" href=\"https:\/\/www.cde.ual.es\/?p=150568\" \/>\n<meta property=\"og:locale\" content=\"en_US\" \/>\n<meta property=\"og:type\" content=\"article\" \/>\n<meta property=\"og:title\" content=\"Euro 7: Council adopts new rules on emission limits for cars, vans and trucks | CDE Almer\u00eda - Centro de Documentaci\u00f3n Europea - Universidad de Almer\u00eda\" \/>\n<meta property=\"og:description\" content=\"The Council has adopted the Euro 7 regulation, which lays down rules on emission limits for road vehicles and battery durability. This is the last step in the decision-making procedure. The text adopted covers cars, vans and heavy-duty vehicles in one single legal act and aims to further lower air pollutant emissions from exhaust fumes [&hellip;]\" \/>\n<meta property=\"og:url\" content=\"https:\/\/www.cde.ual.es\/?p=150568\" \/>\n<meta property=\"og:site_name\" content=\"CDE Almer\u00eda - Centro de Documentaci\u00f3n Europea - Universidad de Almer\u00eda\" \/>\n<meta property=\"article:publisher\" content=\"https:\/\/www.facebook.com\/cdeuniversidadalmeria\/\" \/>\n<meta property=\"article:published_time\" content=\"2024-04-17T01:00:06+00:00\" \/>\n<meta property=\"og:image\" content=\"https:\/\/www.cde.ual.es\/wp-content\/uploads\/2018\/11\/architecture-auto-automobiles-210182-e1543391822699.jpg\" \/>\n\t<meta property=\"og:image:width\" content=\"620\" \/>\n\t<meta property=\"og:image:height\" content=\"381\" \/>\n\t<meta property=\"og:image:type\" content=\"image\/jpeg\" \/>\n<meta name=\"author\" content=\"BECACDE1\" \/>\n<meta name=\"twitter:card\" content=\"summary_large_image\" \/>\n<meta name=\"twitter:creator\" content=\"@cdeualmeria\" \/>\n<meta name=\"twitter:site\" content=\"@cdeualmeria\" \/>\n<meta name=\"twitter:label1\" content=\"Written by\" \/>\n\t<meta name=\"twitter:data1\" content=\"BECACDE1\" \/>\n\t<meta name=\"twitter:label2\" content=\"Est. reading time\" \/>\n\t<meta name=\"twitter:data2\" content=\"4 minutes\" \/>\n<script type=\"application\/ld+json\" class=\"yoast-schema-graph\">{\"@context\":\"https:\\\/\\\/schema.org\",\"@graph\":[{\"@type\":\"Article\",\"@id\":\"https:\\\/\\\/www.cde.ual.es\\\/?p=150568#article\",\"isPartOf\":{\"@id\":\"https:\\\/\\\/www.cde.ual.es\\\/?p=150568\"},\"author\":{\"name\":\"BECACDE1\",\"@id\":\"https:\\\/\\\/www.cde.ual.es\\\/#\\\/schema\\\/person\\\/bf2f837cf3353e2161fe1087adbd728f\"},\"headline\":\"Euro 7: Council adopts new rules on emission limits for cars, vans and trucks\",\"datePublished\":\"2024-04-17T01:00:06+00:00\",\"mainEntityOfPage\":{\"@id\":\"https:\\\/\\\/www.cde.ual.es\\\/?p=150568\"},\"wordCount\":541,\"commentCount\":0,\"publisher\":{\"@id\":\"https:\\\/\\\/www.cde.ual.es\\\/#organization\"},\"image\":{\"@id\":\"https:\\\/\\\/www.cde.ual.es\\\/?p=150568#primaryimage\"},\"thumbnailUrl\":\"https:\\\/\\\/www.cde.ual.es\\\/wp-content\\\/uploads\\\/2018\\\/11\\\/architecture-auto-automobiles-210182-e1543391822699.jpg\",\"keywords\":[\"Consejo de la UE\",\"Council of the EU\",\"emissions\",\"EU\",\"vehicles\"],\"articleSection\":[\"Environmental Affairs\",\"EU News\",\"Law\",\"Legislation\",\"Transport\"],\"inLanguage\":\"en-US\",\"potentialAction\":[{\"@type\":\"CommentAction\",\"name\":\"Comment\",\"target\":[\"https:\\\/\\\/www.cde.ual.es\\\/?p=150568#respond\"]}]},{\"@type\":\"WebPage\",\"@id\":\"https:\\\/\\\/www.cde.ual.es\\\/?p=150568\",\"url\":\"https:\\\/\\\/www.cde.ual.es\\\/?p=150568\",\"name\":\"Euro 7: Council adopts new rules on emission limits for cars, vans and trucks | CDE Almer\u00eda - Centro de Documentaci\u00f3n Europea - Universidad de Almer\u00eda\",\"isPartOf\":{\"@id\":\"https:\\\/\\\/www.cde.ual.es\\\/#website\"},\"primaryImageOfPage\":{\"@id\":\"https:\\\/\\\/www.cde.ual.es\\\/?p=150568#primaryimage\"},\"image\":{\"@id\":\"https:\\\/\\\/www.cde.ual.es\\\/?p=150568#primaryimage\"},\"thumbnailUrl\":\"https:\\\/\\\/www.cde.ual.es\\\/wp-content\\\/uploads\\\/2018\\\/11\\\/architecture-auto-automobiles-210182-e1543391822699.jpg\",\"datePublished\":\"2024-04-17T01:00:06+00:00\",\"breadcrumb\":{\"@id\":\"https:\\\/\\\/www.cde.ual.es\\\/?p=150568#breadcrumb\"},\"inLanguage\":\"en-US\",\"potentialAction\":[{\"@type\":\"ReadAction\",\"target\":[\"https:\\\/\\\/www.cde.ual.es\\\/?p=150568\"]}]},{\"@type\":\"ImageObject\",\"inLanguage\":\"en-US\",\"@id\":\"https:\\\/\\\/www.cde.ual.es\\\/?p=150568#primaryimage\",\"url\":\"https:\\\/\\\/www.cde.ual.es\\\/wp-content\\\/uploads\\\/2018\\\/11\\\/architecture-auto-automobiles-210182-e1543391822699.jpg\",\"contentUrl\":\"https:\\\/\\\/www.cde.ual.es\\\/wp-content\\\/uploads\\\/2018\\\/11\\\/architecture-auto-automobiles-210182-e1543391822699.jpg\",\"width\":620,\"height\":381},{\"@type\":\"BreadcrumbList\",\"@id\":\"https:\\\/\\\/www.cde.ual.es\\\/?p=150568#breadcrumb\",\"itemListElement\":[{\"@type\":\"ListItem\",\"position\":1,\"name\":\"Inicio\",\"item\":\"https:\\\/\\\/www.cde.ual.es\\\/en\\\/\"},{\"@type\":\"ListItem\",\"position\":2,\"name\":\"Noticias UE\",\"item\":\"https:\\\/\\\/www.cde.ual.es\\\/category\\\/noticias-ue\\\/\"},{\"@type\":\"ListItem\",\"position\":3,\"name\":\"Medio Ambiente\",\"item\":\"https:\\\/\\\/www.cde.ual.es\\\/category\\\/noticias-ue\\\/medioambiente\\\/\"},{\"@type\":\"ListItem\",\"position\":4,\"name\":\"Transport\",\"item\":\"https:\\\/\\\/www.cde.ual.es\\\/en\\\/category\\\/eu-news\\\/environment\\\/transport\\\/\"},{\"@type\":\"ListItem\",\"position\":5,\"name\":\"Euro 7: Council adopts new rules on emission limits for cars, vans and trucks\"}]},{\"@type\":\"WebSite\",\"@id\":\"https:\\\/\\\/www.cde.ual.es\\\/#website\",\"url\":\"https:\\\/\\\/www.cde.ual.es\\\/\",\"name\":\"CDE Almer\u00eda - Centro de Documentaci\u00f3n Europea - Universidad de Almer\u00eda\",\"description\":\"Centro de Documentaci\u00f3n Europea de la Universidad de Almer\u00eda\",\"publisher\":{\"@id\":\"https:\\\/\\\/www.cde.ual.es\\\/#organization\"},\"alternateName\":\"CDE Almer\u00eda\",\"potentialAction\":[{\"@type\":\"SearchAction\",\"target\":{\"@type\":\"EntryPoint\",\"urlTemplate\":\"https:\\\/\\\/www.cde.ual.es\\\/?s={search_term_string}\"},\"query-input\":{\"@type\":\"PropertyValueSpecification\",\"valueRequired\":true,\"valueName\":\"search_term_string\"}}],\"inLanguage\":\"en-US\"},{\"@type\":\"Organization\",\"@id\":\"https:\\\/\\\/www.cde.ual.es\\\/#organization\",\"name\":\"Centro de Documentaci\u00f3n Europea de Almer\u00eda\",\"url\":\"https:\\\/\\\/www.cde.ual.es\\\/\",\"logo\":{\"@type\":\"ImageObject\",\"inLanguage\":\"en-US\",\"@id\":\"https:\\\/\\\/www.cde.ual.es\\\/#\\\/schema\\\/logo\\\/image\\\/\",\"url\":\"https:\\\/\\\/www.cde.ual.es\\\/wp-content\\\/uploads\\\/2025\\\/07\\\/cde-logo-3.png\",\"contentUrl\":\"https:\\\/\\\/www.cde.ual.es\\\/wp-content\\\/uploads\\\/2025\\\/07\\\/cde-logo-3.png\",\"width\":1400,\"height\":300,\"caption\":\"Centro de Documentaci\u00f3n Europea de Almer\u00eda\"},\"image\":{\"@id\":\"https:\\\/\\\/www.cde.ual.es\\\/#\\\/schema\\\/logo\\\/image\\\/\"},\"sameAs\":[\"https:\\\/\\\/www.facebook.com\\\/cdeuniversidadalmeria\\\/\",\"https:\\\/\\\/x.com\\\/cdeualmeria\",\"https:\\\/\\\/www.tiktok.com\\\/@cdealmeria\",\"https:\\\/\\\/www.instagram.com\\\/cdealmeria\\\/\",\"https:\\\/\\\/www.linkedin.com\\\/in\\\/cde-almera-812b26a9\\\/\"]},{\"@type\":\"Person\",\"@id\":\"https:\\\/\\\/www.cde.ual.es\\\/#\\\/schema\\\/person\\\/bf2f837cf3353e2161fe1087adbd728f\",\"name\":\"BECACDE1\",\"image\":{\"@type\":\"ImageObject\",\"inLanguage\":\"en-US\",\"@id\":\"https:\\\/\\\/secure.gravatar.com\\\/avatar\\\/16a4c1e422b5dec818ee13eab3353b19db9cfd278cc10f9b0e1188a37671d9d4?s=96&d=mm&r=g\",\"url\":\"https:\\\/\\\/secure.gravatar.com\\\/avatar\\\/16a4c1e422b5dec818ee13eab3353b19db9cfd278cc10f9b0e1188a37671d9d4?s=96&d=mm&r=g\",\"contentUrl\":\"https:\\\/\\\/secure.gravatar.com\\\/avatar\\\/16a4c1e422b5dec818ee13eab3353b19db9cfd278cc10f9b0e1188a37671d9d4?s=96&d=mm&r=g\",\"caption\":\"BECACDE1\"},\"sameAs\":[\"http:\\\/\\\/www.cdealmeria.com\"]}]}<\/script>\n<!-- \/ Yoast SEO plugin. -->","yoast_head_json":{"title":"Euro 7: Council adopts new rules on emission limits for cars, vans and trucks | CDE Almer\u00eda - Centro de Documentaci\u00f3n Europea - Universidad de Almer\u00eda","robots":{"index":"index","follow":"follow","max-snippet":"max-snippet:-1","max-image-preview":"max-image-preview:large","max-video-preview":"max-video-preview:-1"},"canonical":"https:\/\/www.cde.ual.es\/?p=150568","og_locale":"en_US","og_type":"article","og_title":"Euro 7: Council adopts new rules on emission limits for cars, vans and trucks | CDE Almer\u00eda - Centro de Documentaci\u00f3n Europea - Universidad de Almer\u00eda","og_description":"The Council has adopted the Euro 7 regulation, which lays down rules on emission limits for road vehicles and battery durability. This is the last step in the decision-making procedure. The text adopted covers cars, vans and heavy-duty vehicles in one single legal act and aims to further lower air pollutant emissions from exhaust fumes [&hellip;]","og_url":"https:\/\/www.cde.ual.es\/?p=150568","og_site_name":"CDE Almer\u00eda - Centro de Documentaci\u00f3n Europea - Universidad de Almer\u00eda","article_publisher":"https:\/\/www.facebook.com\/cdeuniversidadalmeria\/","article_published_time":"2024-04-17T01:00:06+00:00","og_image":[{"width":620,"height":381,"url":"https:\/\/www.cde.ual.es\/wp-content\/uploads\/2018\/11\/architecture-auto-automobiles-210182-e1543391822699.jpg","type":"image\/jpeg"}],"author":"BECACDE1","twitter_card":"summary_large_image","twitter_creator":"@cdeualmeria","twitter_site":"@cdeualmeria","twitter_misc":{"Written by":"BECACDE1","Est. reading time":"4 minutes"},"schema":{"@context":"https:\/\/schema.org","@graph":[{"@type":"Article","@id":"https:\/\/www.cde.ual.es\/?p=150568#article","isPartOf":{"@id":"https:\/\/www.cde.ual.es\/?p=150568"},"author":{"name":"BECACDE1","@id":"https:\/\/www.cde.ual.es\/#\/schema\/person\/bf2f837cf3353e2161fe1087adbd728f"},"headline":"Euro 7: Council adopts new rules on emission limits for cars, vans and trucks","datePublished":"2024-04-17T01:00:06+00:00","mainEntityOfPage":{"@id":"https:\/\/www.cde.ual.es\/?p=150568"},"wordCount":541,"commentCount":0,"publisher":{"@id":"https:\/\/www.cde.ual.es\/#organization"},"image":{"@id":"https:\/\/www.cde.ual.es\/?p=150568#primaryimage"},"thumbnailUrl":"https:\/\/www.cde.ual.es\/wp-content\/uploads\/2018\/11\/architecture-auto-automobiles-210182-e1543391822699.jpg","keywords":["Consejo de la UE","Council of the EU","emissions","EU","vehicles"],"articleSection":["Environmental Affairs","EU News","Law","Legislation","Transport"],"inLanguage":"en-US","potentialAction":[{"@type":"CommentAction","name":"Comment","target":["https:\/\/www.cde.ual.es\/?p=150568#respond"]}]},{"@type":"WebPage","@id":"https:\/\/www.cde.ual.es\/?p=150568","url":"https:\/\/www.cde.ual.es\/?p=150568","name":"Euro 7: Council adopts new rules on emission limits for cars, vans and trucks | CDE Almer\u00eda - Centro de Documentaci\u00f3n Europea - Universidad de Almer\u00eda","isPartOf":{"@id":"https:\/\/www.cde.ual.es\/#website"},"primaryImageOfPage":{"@id":"https:\/\/www.cde.ual.es\/?p=150568#primaryimage"},"image":{"@id":"https:\/\/www.cde.ual.es\/?p=150568#primaryimage"},"thumbnailUrl":"https:\/\/www.cde.ual.es\/wp-content\/uploads\/2018\/11\/architecture-auto-automobiles-210182-e1543391822699.jpg","datePublished":"2024-04-17T01:00:06+00:00","breadcrumb":{"@id":"https:\/\/www.cde.ual.es\/?p=150568#breadcrumb"},"inLanguage":"en-US","potentialAction":[{"@type":"ReadAction","target":["https:\/\/www.cde.ual.es\/?p=150568"]}]},{"@type":"ImageObject","inLanguage":"en-US","@id":"https:\/\/www.cde.ual.es\/?p=150568#primaryimage","url":"https:\/\/www.cde.ual.es\/wp-content\/uploads\/2018\/11\/architecture-auto-automobiles-210182-e1543391822699.jpg","contentUrl":"https:\/\/www.cde.ual.es\/wp-content\/uploads\/2018\/11\/architecture-auto-automobiles-210182-e1543391822699.jpg","width":620,"height":381},{"@type":"BreadcrumbList","@id":"https:\/\/www.cde.ual.es\/?p=150568#breadcrumb","itemListElement":[{"@type":"ListItem","position":1,"name":"Inicio","item":"https:\/\/www.cde.ual.es\/en\/"},{"@type":"ListItem","position":2,"name":"Noticias UE","item":"https:\/\/www.cde.ual.es\/category\/noticias-ue\/"},{"@type":"ListItem","position":3,"name":"Medio Ambiente","item":"https:\/\/www.cde.ual.es\/category\/noticias-ue\/medioambiente\/"},{"@type":"ListItem","position":4,"name":"Transport","item":"https:\/\/www.cde.ual.es\/en\/category\/eu-news\/environment\/transport\/"},{"@type":"ListItem","position":5,"name":"Euro 7: Council adopts new rules on emission limits for cars, vans and trucks"}]},{"@type":"WebSite","@id":"https:\/\/www.cde.ual.es\/#website","url":"https:\/\/www.cde.ual.es\/","name":"CDE Almer\u00eda - Centro de Documentaci\u00f3n Europea - Universidad de Almer\u00eda","description":"Centro de Documentaci\u00f3n Europea de la Universidad de Almer\u00eda","publisher":{"@id":"https:\/\/www.cde.ual.es\/#organization"},"alternateName":"CDE Almer\u00eda","potentialAction":[{"@type":"SearchAction","target":{"@type":"EntryPoint","urlTemplate":"https:\/\/www.cde.ual.es\/?s={search_term_string}"},"query-input":{"@type":"PropertyValueSpecification","valueRequired":true,"valueName":"search_term_string"}}],"inLanguage":"en-US"},{"@type":"Organization","@id":"https:\/\/www.cde.ual.es\/#organization","name":"Centro de Documentaci\u00f3n Europea de Almer\u00eda","url":"https:\/\/www.cde.ual.es\/","logo":{"@type":"ImageObject","inLanguage":"en-US","@id":"https:\/\/www.cde.ual.es\/#\/schema\/logo\/image\/","url":"https:\/\/www.cde.ual.es\/wp-content\/uploads\/2025\/07\/cde-logo-3.png","contentUrl":"https:\/\/www.cde.ual.es\/wp-content\/uploads\/2025\/07\/cde-logo-3.png","width":1400,"height":300,"caption":"Centro de Documentaci\u00f3n Europea de Almer\u00eda"},"image":{"@id":"https:\/\/www.cde.ual.es\/#\/schema\/logo\/image\/"},"sameAs":["https:\/\/www.facebook.com\/cdeuniversidadalmeria\/","https:\/\/x.com\/cdeualmeria","https:\/\/www.tiktok.com\/@cdealmeria","https:\/\/www.instagram.com\/cdealmeria\/","https:\/\/www.linkedin.com\/in\/cde-almera-812b26a9\/"]},{"@type":"Person","@id":"https:\/\/www.cde.ual.es\/#\/schema\/person\/bf2f837cf3353e2161fe1087adbd728f","name":"BECACDE1","image":{"@type":"ImageObject","inLanguage":"en-US","@id":"https:\/\/secure.gravatar.com\/avatar\/16a4c1e422b5dec818ee13eab3353b19db9cfd278cc10f9b0e1188a37671d9d4?s=96&d=mm&r=g","url":"https:\/\/secure.gravatar.com\/avatar\/16a4c1e422b5dec818ee13eab3353b19db9cfd278cc10f9b0e1188a37671d9d4?s=96&d=mm&r=g","contentUrl":"https:\/\/secure.gravatar.com\/avatar\/16a4c1e422b5dec818ee13eab3353b19db9cfd278cc10f9b0e1188a37671d9d4?s=96&d=mm&r=g","caption":"BECACDE1"},"sameAs":["http:\/\/www.cdealmeria.com"]}]}},"_links":{"self":[{"href":"https:\/\/www.cde.ual.es\/en\/wp-json\/wp\/v2\/posts\/150573","targetHints":{"allow":["GET"]}}],"collection":[{"href":"https:\/\/www.cde.ual.es\/en\/wp-json\/wp\/v2\/posts"}],"about":[{"href":"https:\/\/www.cde.ual.es\/en\/wp-json\/wp\/v2\/types\/post"}],"author":[{"embeddable":true,"href":"https:\/\/www.cde.ual.es\/en\/wp-json\/wp\/v2\/users\/101012"}],"replies":[{"embeddable":true,"href":"https:\/\/www.cde.ual.es\/en\/wp-json\/wp\/v2\/comments?post=150573"}],"version-history":[{"count":1,"href":"https:\/\/www.cde.ual.es\/en\/wp-json\/wp\/v2\/posts\/150573\/revisions"}],"predecessor-version":[{"id":150574,"href":"https:\/\/www.cde.ual.es\/en\/wp-json\/wp\/v2\/posts\/150573\/revisions\/150574"}],"wp:featuredmedia":[{"embeddable":true,"href":"https:\/\/www.cde.ual.es\/en\/wp-json\/wp\/v2\/media\/27705"}],"wp:attachment":[{"href":"https:\/\/www.cde.ual.es\/en\/wp-json\/wp\/v2\/media?parent=150573"}],"wp:term":[{"taxonomy":"category","embeddable":true,"href":"https:\/\/www.cde.ual.es\/en\/wp-json\/wp\/v2\/categories?post=150573"},{"taxonomy":"post_tag","embeddable":true,"href":"https:\/\/www.cde.ual.es\/en\/wp-json\/wp\/v2\/tags?post=150573"}],"curies":[{"name":"wp","href":"https:\/\/api.w.org\/{rel}","templated":true}]}}