{"id":15037,"date":"2019-03-25T08:00:47","date_gmt":"2019-03-25T07:00:47","guid":{"rendered":"http:\/\/www.cde.ual.es\/?p=15037"},"modified":"2019-03-22T21:48:49","modified_gmt":"2019-03-22T20:48:49","slug":"council-strongly-criticised-over-failing-to-act-to-protect-eu-values-in-hungary","status":"publish","type":"post","link":"https:\/\/www.cde.ual.es\/en\/council-strongly-criticised-over-failing-to-act-to-protect-eu-values-in-hungary\/","title":{"rendered":"Council strongly criticised over failing to act to protect EU values in Hungary"},"content":{"rendered":"<div class=\"ep_gridcolumn ep-m_product\" data-view1200=\"6\" data-view1020=\"6\" data-view750=\"10\" data-view640=\"6\" data-view480=\"8\" data-view320=\"4\">\n<div class=\"ep_gridcolumn-content\">\n<div class=\"ep-a_text ep-layout_chapo\">\n<p><a href=\"http:\/\/www.cde.ual.es\/wp-content\/uploads\/2019\/03\/Hungria.jpg\"><img decoding=\"async\" class=\"size-medium wp-image-15035 aligncenter\" src=\"http:\/\/www.cde.ual.es\/wp-content\/uploads\/2019\/03\/Hungria-300x200.jpg\" alt=\"\" width=\"300\" height=\"200\" srcset=\"https:\/\/www.cde.ual.es\/wp-content\/uploads\/2019\/03\/Hungria-300x200.jpg 300w, https:\/\/www.cde.ual.es\/wp-content\/uploads\/2019\/03\/Hungria-768x512.jpg 768w, https:\/\/www.cde.ual.es\/wp-content\/uploads\/2019\/03\/Hungria.jpg 960w\" sizes=\"(max-width: 300px) 100vw, 300px\" \/><\/a><\/p>\n<p><em><strong>Civil Liberties Committee MEPs condemned the Council\u2019s inaction relating to EU values in Hungary, following last September\u2019s Article 7 request by Parliament.<\/strong><\/em><\/p>\n<\/div>\n<\/div>\n<\/div>\n<div class=\"ep_gridcolumn ep-m_product\" data-view1200=\"6\" data-view1020=\"6\" data-view750=\"10\" data-view640=\"6\" data-view480=\"8\" data-view320=\"4\">\n<div class=\"ep_gridcolumn-content\">\n<div class=\"ep-a_text\">\n<p>In the debate with the Commission\u2019s First Vice-President Frans Timmermans and Political and Security Committee Permanent Representative C\u0103lin Stoica, on behalf of the Romanian Presidency, most of the Civil Liberties Committee MEPs who joined the debate expressed their frustration with the Council\u2019s lack of willingness to act to protect EU values, or cooperate with Parliament in this direction.<\/p>\n<p>They highlighted that Parliament has been raising the situation in Hungary for almost a decade and that urgent action is required to avoid further deterioration of democracy and the rule of law in the country, as well as the proliferation of these practices across EU member states.<\/p>\n<p>MEPs regretted that the Council has failed on several occasions to put the\u00a0<a href=\"http:\/\/www.europarl.europa.eu\/news\/en\/press-room\/20180906IPR12104\/rule-of-law-in-hungary-parliament-calls-on-the-eu-to-act\" target=\"_blank\" rel=\"noopener\">proposal by the Parliament<\/a>\u00a0to determine whether Hungary is at risk of breaching EU values on its agenda, or even provide a timetable, despite their repeated public requests. They asked once again that the Council formally include committee Chair\u00a0<a href=\"http:\/\/www.europarl.europa.eu\/meps\/en\/4519\/CLAUDE_MORAES\/home\" target=\"_blank\" rel=\"noopener\">Claude Moraes (S&amp;D, UK)<\/a>\u00a0and rapporteur\u00a0<a href=\"http:\/\/www.europarl.europa.eu\/meps\/en\/96815\/JUDITH_SARGENTINI\/home\" target=\"_blank\" rel=\"noopener\">Judith Sargentini (Greens\/EFA, NL)<\/a>\u00a0in relevant conversations of the General Affairs Council meeting, instead of merely providing information in a fragmented, informal manner and only after the MEPs\u2019 persistent efforts.<\/p>\n<p><strong>Background<\/strong><\/p>\n<p>In September 2018, Parliament requested that the Council assess whether Hungary is posing a systemic threat to the EU\u2019s founding values.\u00a0<a href=\"https:\/\/eur-lex.europa.eu\/legal-content\/EN\/TXT\/?uri=LEGISSUM%3Al33500\" target=\"_blank\" rel=\"noopener\">Article 7 of the Treaty of the European Union<\/a>\u00a0aims to ensure that all EU countries respect the EU\u2019s common values, including the rule of law. The continuing deterioration of EU values in Hungary, including judicial independence, freedom of expression, corruption, rights of minorities, and the situation of asylum seekers, remain key concerns.<\/p>\n<h3>More information<\/h3>\n<p><a href=\"http:\/\/www.europarl.europa.eu\/news\/es\/press-room\/20190318IPR31813\/council-strongly-criticised-over-failing-to-act-to-protect-eu-values-in-hungary\">Full news<\/a><\/p>\n<p><a href=\"http:\/\/www.europarl.europa.eu\/ep-live\/en\/committees\/video?event=20190321-1445-COMMITTEE-LIBE\" target=\"_blank\" rel=\"noopener\">You can watch the recorded discussion via video on demand.<\/a><\/p>\n<div class=\"ep-p_text ep-layout_page\"><a title=\"Abrir en una nueva p\u00e1gina\" href=\"https:\/\/multimedia.europarl.europa.eu\/en\/reasoned-proposal-under-article-71-teu-regarding-hungary---state-of-play-extracts-from-the-presentation-by-frans-timmermans-first-vice-president-of-the-ec-with-judith-sargentini-greensefanl-rapporteur-at-the-committee-on-civil-liberties-jus_I169385-V_v\" target=\"_blank\" rel=\"noopener\"><span class=\"ep_name\">Extracts of the discussion<\/span><span class=\"ep_icon\">\u00a0<\/span><\/a><\/div>\n<div class=\"ep-p_text ep-layout_page\"><a title=\"Abrir en una nueva p\u00e1gina\" href=\"http:\/\/www.europarl.europa.eu\/committees\/en\/libe\/home.html\"><span class=\"ep_name\">Committee on Civil Liberties, Justice and Home Affairs<\/span><span class=\"ep_icon\">\u00a0<\/span><\/a><\/div>\n<\/div>\n<\/div>\n<\/div>\n","protected":false},"excerpt":{"rendered":"<p>Civil Liberties Committee MEPs condemned the Council\u2019s inaction relating to EU values in Hungary, following last September\u2019s Article 7 request by Parliament. In the debate with the Commission\u2019s First Vice-President Frans Timmermans and Political and Security Committee Permanent Representative C\u0103lin Stoica, on behalf of the Romanian Presidency, most of the Civil Liberties Committee MEPs who [&hellip;]<\/p>\n","protected":false},"author":1,"featured_media":15035,"comment_status":"open","ping_status":"open","sticky":false,"template":"","format":"standard","meta":{"_acf_changed":false,"_relevanssi_hide_post":"","_relevanssi_hide_content":"","_relevanssi_pin_for_all":"","_relevanssi_pin_keywords":"","_relevanssi_unpin_keywords":"","_relevanssi_related_keywords":"","_relevanssi_related_include_ids":"","_relevanssi_related_exclude_ids":"","_relevanssi_related_no_append":"","_relevanssi_related_not_related":"","_relevanssi_related_posts":"","_relevanssi_noindex_reason":"","_monsterinsights_skip_tracking":false,"_monsterinsights_sitenote_active":false,"_monsterinsights_sitenote_note":"","_monsterinsights_sitenote_category":0,"_genesis_hide_title":false,"_genesis_hide_breadcrumbs":false,"_genesis_hide_singular_image":false,"_genesis_hide_footer_widgets":false,"_genesis_custom_body_class":"","_genesis_custom_post_class":"","_genesis_layout":"","footnotes":""},"categories":[346],"tags":[351],"class_list":{"0":"post-15037","1":"post","2":"type-post","3":"status-publish","4":"format-standard","5":"has-post-thumbnail","7":"category-eu-news","8":"tag-union-europea-en","9":"entry"},"acf":[],"yoast_head":"<!-- This site is optimized with the Yoast SEO plugin v27.4 - https:\/\/yoast.com\/product\/yoast-seo-wordpress\/ -->\n<title>Council strongly criticised over failing to act to protect EU values in Hungary | CDE Almer\u00eda - Centro de Documentaci\u00f3n Europea - Universidad de Almer\u00eda<\/title>\n<meta name=\"robots\" content=\"index, follow, max-snippet:-1, max-image-preview:large, max-video-preview:-1\" \/>\n<link rel=\"canonical\" href=\"https:\/\/www.cde.ual.es\/en\/council-strongly-criticised-over-failing-to-act-to-protect-eu-values-in-hungary\/\" \/>\n<meta property=\"og:locale\" content=\"en_US\" \/>\n<meta property=\"og:type\" content=\"article\" \/>\n<meta property=\"og:title\" content=\"Council strongly criticised over failing to act to protect EU values in Hungary | CDE Almer\u00eda - Centro de Documentaci\u00f3n Europea - Universidad de Almer\u00eda\" \/>\n<meta property=\"og:description\" content=\"Civil Liberties Committee MEPs condemned the Council\u2019s inaction relating to EU values in Hungary, following last September\u2019s Article 7 request by Parliament. In the debate with the Commission\u2019s First Vice-President Frans Timmermans and Political and Security Committee Permanent Representative C\u0103lin Stoica, on behalf of the Romanian Presidency, most of the Civil Liberties Committee MEPs who [&hellip;]\" \/>\n<meta property=\"og:url\" content=\"https:\/\/www.cde.ual.es\/en\/council-strongly-criticised-over-failing-to-act-to-protect-eu-values-in-hungary\/\" \/>\n<meta property=\"og:site_name\" content=\"CDE Almer\u00eda - Centro de Documentaci\u00f3n Europea - Universidad de Almer\u00eda\" \/>\n<meta property=\"article:publisher\" content=\"https:\/\/www.facebook.com\/cdeuniversidadalmeria\/\" \/>\n<meta property=\"article:published_time\" content=\"2019-03-25T07:00:47+00:00\" \/>\n<meta property=\"og:image\" content=\"https:\/\/www.cde.ual.es\/wp-content\/uploads\/2019\/03\/Hungria.jpg\" \/>\n\t<meta property=\"og:image:width\" content=\"960\" \/>\n\t<meta property=\"og:image:height\" content=\"640\" \/>\n\t<meta property=\"og:image:type\" content=\"image\/jpeg\" \/>\n<meta name=\"author\" content=\"AdminCDE\" \/>\n<meta name=\"twitter:card\" content=\"summary_large_image\" \/>\n<meta name=\"twitter:creator\" content=\"@cdeualmeria\" \/>\n<meta name=\"twitter:site\" content=\"@cdeualmeria\" \/>\n<meta name=\"twitter:label1\" content=\"Written by\" \/>\n\t<meta name=\"twitter:data1\" content=\"AdminCDE\" \/>\n\t<meta name=\"twitter:label2\" content=\"Est. reading time\" \/>\n\t<meta name=\"twitter:data2\" content=\"2 minutes\" \/>\n<script type=\"application\/ld+json\" class=\"yoast-schema-graph\">{\"@context\":\"https:\\\/\\\/schema.org\",\"@graph\":[{\"@type\":\"Article\",\"@id\":\"https:\\\/\\\/www.cde.ual.es\\\/en\\\/council-strongly-criticised-over-failing-to-act-to-protect-eu-values-in-hungary\\\/#article\",\"isPartOf\":{\"@id\":\"https:\\\/\\\/www.cde.ual.es\\\/en\\\/council-strongly-criticised-over-failing-to-act-to-protect-eu-values-in-hungary\\\/\"},\"author\":{\"name\":\"AdminCDE\",\"@id\":\"https:\\\/\\\/www.cde.ual.es\\\/#\\\/schema\\\/person\\\/224ef08c8bcc005f319d2713ce37ee5f\"},\"headline\":\"Council strongly criticised over failing to act to protect EU values in Hungary\",\"datePublished\":\"2019-03-25T07:00:47+00:00\",\"mainEntityOfPage\":{\"@id\":\"https:\\\/\\\/www.cde.ual.es\\\/en\\\/council-strongly-criticised-over-failing-to-act-to-protect-eu-values-in-hungary\\\/\"},\"wordCount\":336,\"commentCount\":0,\"publisher\":{\"@id\":\"https:\\\/\\\/www.cde.ual.es\\\/#organization\"},\"image\":{\"@id\":\"https:\\\/\\\/www.cde.ual.es\\\/en\\\/council-strongly-criticised-over-failing-to-act-to-protect-eu-values-in-hungary\\\/#primaryimage\"},\"thumbnailUrl\":\"https:\\\/\\\/www.cde.ual.es\\\/wp-content\\\/uploads\\\/2019\\\/03\\\/Hungria.jpg\",\"keywords\":[\"Uni\u00f3n Europea\"],\"articleSection\":[\"EU News\"],\"inLanguage\":\"en-US\",\"potentialAction\":[{\"@type\":\"CommentAction\",\"name\":\"Comment\",\"target\":[\"https:\\\/\\\/www.cde.ual.es\\\/en\\\/council-strongly-criticised-over-failing-to-act-to-protect-eu-values-in-hungary\\\/#respond\"]}]},{\"@type\":\"WebPage\",\"@id\":\"https:\\\/\\\/www.cde.ual.es\\\/en\\\/council-strongly-criticised-over-failing-to-act-to-protect-eu-values-in-hungary\\\/\",\"url\":\"https:\\\/\\\/www.cde.ual.es\\\/en\\\/council-strongly-criticised-over-failing-to-act-to-protect-eu-values-in-hungary\\\/\",\"name\":\"Council strongly criticised over failing to act to protect EU values in Hungary | CDE Almer\u00eda - Centro de Documentaci\u00f3n Europea - Universidad de Almer\u00eda\",\"isPartOf\":{\"@id\":\"https:\\\/\\\/www.cde.ual.es\\\/#website\"},\"primaryImageOfPage\":{\"@id\":\"https:\\\/\\\/www.cde.ual.es\\\/en\\\/council-strongly-criticised-over-failing-to-act-to-protect-eu-values-in-hungary\\\/#primaryimage\"},\"image\":{\"@id\":\"https:\\\/\\\/www.cde.ual.es\\\/en\\\/council-strongly-criticised-over-failing-to-act-to-protect-eu-values-in-hungary\\\/#primaryimage\"},\"thumbnailUrl\":\"https:\\\/\\\/www.cde.ual.es\\\/wp-content\\\/uploads\\\/2019\\\/03\\\/Hungria.jpg\",\"datePublished\":\"2019-03-25T07:00:47+00:00\",\"breadcrumb\":{\"@id\":\"https:\\\/\\\/www.cde.ual.es\\\/en\\\/council-strongly-criticised-over-failing-to-act-to-protect-eu-values-in-hungary\\\/#breadcrumb\"},\"inLanguage\":\"en-US\",\"potentialAction\":[{\"@type\":\"ReadAction\",\"target\":[\"https:\\\/\\\/www.cde.ual.es\\\/en\\\/council-strongly-criticised-over-failing-to-act-to-protect-eu-values-in-hungary\\\/\"]}]},{\"@type\":\"ImageObject\",\"inLanguage\":\"en-US\",\"@id\":\"https:\\\/\\\/www.cde.ual.es\\\/en\\\/council-strongly-criticised-over-failing-to-act-to-protect-eu-values-in-hungary\\\/#primaryimage\",\"url\":\"https:\\\/\\\/www.cde.ual.es\\\/wp-content\\\/uploads\\\/2019\\\/03\\\/Hungria.jpg\",\"contentUrl\":\"https:\\\/\\\/www.cde.ual.es\\\/wp-content\\\/uploads\\\/2019\\\/03\\\/Hungria.jpg\",\"width\":960,\"height\":640},{\"@type\":\"BreadcrumbList\",\"@id\":\"https:\\\/\\\/www.cde.ual.es\\\/en\\\/council-strongly-criticised-over-failing-to-act-to-protect-eu-values-in-hungary\\\/#breadcrumb\",\"itemListElement\":[{\"@type\":\"ListItem\",\"position\":1,\"name\":\"Inicio\",\"item\":\"https:\\\/\\\/www.cde.ual.es\\\/en\\\/\"},{\"@type\":\"ListItem\",\"position\":2,\"name\":\"EU News\",\"item\":\"https:\\\/\\\/www.cde.ual.es\\\/en\\\/category\\\/eu-news\\\/\"},{\"@type\":\"ListItem\",\"position\":3,\"name\":\"Council strongly criticised over failing to act to protect EU values in Hungary\"}]},{\"@type\":\"WebSite\",\"@id\":\"https:\\\/\\\/www.cde.ual.es\\\/#website\",\"url\":\"https:\\\/\\\/www.cde.ual.es\\\/\",\"name\":\"CDE Almer\u00eda - Centro de Documentaci\u00f3n Europea - Universidad de Almer\u00eda\",\"description\":\"Centro de Documentaci\u00f3n Europea de la Universidad de Almer\u00eda\",\"publisher\":{\"@id\":\"https:\\\/\\\/www.cde.ual.es\\\/#organization\"},\"alternateName\":\"CDE Almer\u00eda\",\"potentialAction\":[{\"@type\":\"SearchAction\",\"target\":{\"@type\":\"EntryPoint\",\"urlTemplate\":\"https:\\\/\\\/www.cde.ual.es\\\/?s={search_term_string}\"},\"query-input\":{\"@type\":\"PropertyValueSpecification\",\"valueRequired\":true,\"valueName\":\"search_term_string\"}}],\"inLanguage\":\"en-US\"},{\"@type\":\"Organization\",\"@id\":\"https:\\\/\\\/www.cde.ual.es\\\/#organization\",\"name\":\"Centro de Documentaci\u00f3n Europea de Almer\u00eda\",\"url\":\"https:\\\/\\\/www.cde.ual.es\\\/\",\"logo\":{\"@type\":\"ImageObject\",\"inLanguage\":\"en-US\",\"@id\":\"https:\\\/\\\/www.cde.ual.es\\\/#\\\/schema\\\/logo\\\/image\\\/\",\"url\":\"https:\\\/\\\/www.cde.ual.es\\\/wp-content\\\/uploads\\\/2025\\\/07\\\/cde-logo-3.png\",\"contentUrl\":\"https:\\\/\\\/www.cde.ual.es\\\/wp-content\\\/uploads\\\/2025\\\/07\\\/cde-logo-3.png\",\"width\":1400,\"height\":300,\"caption\":\"Centro de Documentaci\u00f3n Europea de Almer\u00eda\"},\"image\":{\"@id\":\"https:\\\/\\\/www.cde.ual.es\\\/#\\\/schema\\\/logo\\\/image\\\/\"},\"sameAs\":[\"https:\\\/\\\/www.facebook.com\\\/cdeuniversidadalmeria\\\/\",\"https:\\\/\\\/x.com\\\/cdeualmeria\",\"https:\\\/\\\/www.tiktok.com\\\/@cdealmeria\",\"https:\\\/\\\/www.instagram.com\\\/cdealmeria\\\/\",\"https:\\\/\\\/www.linkedin.com\\\/in\\\/cde-almera-812b26a9\\\/\"]},{\"@type\":\"Person\",\"@id\":\"https:\\\/\\\/www.cde.ual.es\\\/#\\\/schema\\\/person\\\/224ef08c8bcc005f319d2713ce37ee5f\",\"name\":\"AdminCDE\",\"image\":{\"@type\":\"ImageObject\",\"inLanguage\":\"en-US\",\"@id\":\"https:\\\/\\\/secure.gravatar.com\\\/avatar\\\/a72d038d371f995cd13706fac32274b7952a52e8fb0a84b5f80c85426f2a98a8?s=96&d=mm&r=g\",\"url\":\"https:\\\/\\\/secure.gravatar.com\\\/avatar\\\/a72d038d371f995cd13706fac32274b7952a52e8fb0a84b5f80c85426f2a98a8?s=96&d=mm&r=g\",\"contentUrl\":\"https:\\\/\\\/secure.gravatar.com\\\/avatar\\\/a72d038d371f995cd13706fac32274b7952a52e8fb0a84b5f80c85426f2a98a8?s=96&d=mm&r=g\",\"caption\":\"AdminCDE\"}}]}<\/script>\n<!-- \/ Yoast SEO plugin. -->","yoast_head_json":{"title":"Council strongly criticised over failing to act to protect EU values in Hungary | CDE Almer\u00eda - Centro de Documentaci\u00f3n Europea - Universidad de Almer\u00eda","robots":{"index":"index","follow":"follow","max-snippet":"max-snippet:-1","max-image-preview":"max-image-preview:large","max-video-preview":"max-video-preview:-1"},"canonical":"https:\/\/www.cde.ual.es\/en\/council-strongly-criticised-over-failing-to-act-to-protect-eu-values-in-hungary\/","og_locale":"en_US","og_type":"article","og_title":"Council strongly criticised over failing to act to protect EU values in Hungary | CDE Almer\u00eda - Centro de Documentaci\u00f3n Europea - Universidad de Almer\u00eda","og_description":"Civil Liberties Committee MEPs condemned the Council\u2019s inaction relating to EU values in Hungary, following last September\u2019s Article 7 request by Parliament. In the debate with the Commission\u2019s First Vice-President Frans Timmermans and Political and Security Committee Permanent Representative C\u0103lin Stoica, on behalf of the Romanian Presidency, most of the Civil Liberties Committee MEPs who [&hellip;]","og_url":"https:\/\/www.cde.ual.es\/en\/council-strongly-criticised-over-failing-to-act-to-protect-eu-values-in-hungary\/","og_site_name":"CDE Almer\u00eda - Centro de Documentaci\u00f3n Europea - Universidad de Almer\u00eda","article_publisher":"https:\/\/www.facebook.com\/cdeuniversidadalmeria\/","article_published_time":"2019-03-25T07:00:47+00:00","og_image":[{"width":960,"height":640,"url":"https:\/\/www.cde.ual.es\/wp-content\/uploads\/2019\/03\/Hungria.jpg","type":"image\/jpeg"}],"author":"AdminCDE","twitter_card":"summary_large_image","twitter_creator":"@cdeualmeria","twitter_site":"@cdeualmeria","twitter_misc":{"Written by":"AdminCDE","Est. reading time":"2 minutes"},"schema":{"@context":"https:\/\/schema.org","@graph":[{"@type":"Article","@id":"https:\/\/www.cde.ual.es\/en\/council-strongly-criticised-over-failing-to-act-to-protect-eu-values-in-hungary\/#article","isPartOf":{"@id":"https:\/\/www.cde.ual.es\/en\/council-strongly-criticised-over-failing-to-act-to-protect-eu-values-in-hungary\/"},"author":{"name":"AdminCDE","@id":"https:\/\/www.cde.ual.es\/#\/schema\/person\/224ef08c8bcc005f319d2713ce37ee5f"},"headline":"Council strongly criticised over failing to act to protect EU values in Hungary","datePublished":"2019-03-25T07:00:47+00:00","mainEntityOfPage":{"@id":"https:\/\/www.cde.ual.es\/en\/council-strongly-criticised-over-failing-to-act-to-protect-eu-values-in-hungary\/"},"wordCount":336,"commentCount":0,"publisher":{"@id":"https:\/\/www.cde.ual.es\/#organization"},"image":{"@id":"https:\/\/www.cde.ual.es\/en\/council-strongly-criticised-over-failing-to-act-to-protect-eu-values-in-hungary\/#primaryimage"},"thumbnailUrl":"https:\/\/www.cde.ual.es\/wp-content\/uploads\/2019\/03\/Hungria.jpg","keywords":["Uni\u00f3n Europea"],"articleSection":["EU News"],"inLanguage":"en-US","potentialAction":[{"@type":"CommentAction","name":"Comment","target":["https:\/\/www.cde.ual.es\/en\/council-strongly-criticised-over-failing-to-act-to-protect-eu-values-in-hungary\/#respond"]}]},{"@type":"WebPage","@id":"https:\/\/www.cde.ual.es\/en\/council-strongly-criticised-over-failing-to-act-to-protect-eu-values-in-hungary\/","url":"https:\/\/www.cde.ual.es\/en\/council-strongly-criticised-over-failing-to-act-to-protect-eu-values-in-hungary\/","name":"Council strongly criticised over failing to act to protect EU values in Hungary | CDE Almer\u00eda - Centro de Documentaci\u00f3n Europea - Universidad de Almer\u00eda","isPartOf":{"@id":"https:\/\/www.cde.ual.es\/#website"},"primaryImageOfPage":{"@id":"https:\/\/www.cde.ual.es\/en\/council-strongly-criticised-over-failing-to-act-to-protect-eu-values-in-hungary\/#primaryimage"},"image":{"@id":"https:\/\/www.cde.ual.es\/en\/council-strongly-criticised-over-failing-to-act-to-protect-eu-values-in-hungary\/#primaryimage"},"thumbnailUrl":"https:\/\/www.cde.ual.es\/wp-content\/uploads\/2019\/03\/Hungria.jpg","datePublished":"2019-03-25T07:00:47+00:00","breadcrumb":{"@id":"https:\/\/www.cde.ual.es\/en\/council-strongly-criticised-over-failing-to-act-to-protect-eu-values-in-hungary\/#breadcrumb"},"inLanguage":"en-US","potentialAction":[{"@type":"ReadAction","target":["https:\/\/www.cde.ual.es\/en\/council-strongly-criticised-over-failing-to-act-to-protect-eu-values-in-hungary\/"]}]},{"@type":"ImageObject","inLanguage":"en-US","@id":"https:\/\/www.cde.ual.es\/en\/council-strongly-criticised-over-failing-to-act-to-protect-eu-values-in-hungary\/#primaryimage","url":"https:\/\/www.cde.ual.es\/wp-content\/uploads\/2019\/03\/Hungria.jpg","contentUrl":"https:\/\/www.cde.ual.es\/wp-content\/uploads\/2019\/03\/Hungria.jpg","width":960,"height":640},{"@type":"BreadcrumbList","@id":"https:\/\/www.cde.ual.es\/en\/council-strongly-criticised-over-failing-to-act-to-protect-eu-values-in-hungary\/#breadcrumb","itemListElement":[{"@type":"ListItem","position":1,"name":"Inicio","item":"https:\/\/www.cde.ual.es\/en\/"},{"@type":"ListItem","position":2,"name":"EU News","item":"https:\/\/www.cde.ual.es\/en\/category\/eu-news\/"},{"@type":"ListItem","position":3,"name":"Council strongly criticised over failing to act to protect EU values in Hungary"}]},{"@type":"WebSite","@id":"https:\/\/www.cde.ual.es\/#website","url":"https:\/\/www.cde.ual.es\/","name":"CDE Almer\u00eda - Centro de Documentaci\u00f3n Europea - Universidad de Almer\u00eda","description":"Centro de Documentaci\u00f3n Europea de la Universidad de Almer\u00eda","publisher":{"@id":"https:\/\/www.cde.ual.es\/#organization"},"alternateName":"CDE Almer\u00eda","potentialAction":[{"@type":"SearchAction","target":{"@type":"EntryPoint","urlTemplate":"https:\/\/www.cde.ual.es\/?s={search_term_string}"},"query-input":{"@type":"PropertyValueSpecification","valueRequired":true,"valueName":"search_term_string"}}],"inLanguage":"en-US"},{"@type":"Organization","@id":"https:\/\/www.cde.ual.es\/#organization","name":"Centro de Documentaci\u00f3n Europea de Almer\u00eda","url":"https:\/\/www.cde.ual.es\/","logo":{"@type":"ImageObject","inLanguage":"en-US","@id":"https:\/\/www.cde.ual.es\/#\/schema\/logo\/image\/","url":"https:\/\/www.cde.ual.es\/wp-content\/uploads\/2025\/07\/cde-logo-3.png","contentUrl":"https:\/\/www.cde.ual.es\/wp-content\/uploads\/2025\/07\/cde-logo-3.png","width":1400,"height":300,"caption":"Centro de Documentaci\u00f3n Europea de Almer\u00eda"},"image":{"@id":"https:\/\/www.cde.ual.es\/#\/schema\/logo\/image\/"},"sameAs":["https:\/\/www.facebook.com\/cdeuniversidadalmeria\/","https:\/\/x.com\/cdeualmeria","https:\/\/www.tiktok.com\/@cdealmeria","https:\/\/www.instagram.com\/cdealmeria\/","https:\/\/www.linkedin.com\/in\/cde-almera-812b26a9\/"]},{"@type":"Person","@id":"https:\/\/www.cde.ual.es\/#\/schema\/person\/224ef08c8bcc005f319d2713ce37ee5f","name":"AdminCDE","image":{"@type":"ImageObject","inLanguage":"en-US","@id":"https:\/\/secure.gravatar.com\/avatar\/a72d038d371f995cd13706fac32274b7952a52e8fb0a84b5f80c85426f2a98a8?s=96&d=mm&r=g","url":"https:\/\/secure.gravatar.com\/avatar\/a72d038d371f995cd13706fac32274b7952a52e8fb0a84b5f80c85426f2a98a8?s=96&d=mm&r=g","contentUrl":"https:\/\/secure.gravatar.com\/avatar\/a72d038d371f995cd13706fac32274b7952a52e8fb0a84b5f80c85426f2a98a8?s=96&d=mm&r=g","caption":"AdminCDE"}}]}},"_links":{"self":[{"href":"https:\/\/www.cde.ual.es\/en\/wp-json\/wp\/v2\/posts\/15037","targetHints":{"allow":["GET"]}}],"collection":[{"href":"https:\/\/www.cde.ual.es\/en\/wp-json\/wp\/v2\/posts"}],"about":[{"href":"https:\/\/www.cde.ual.es\/en\/wp-json\/wp\/v2\/types\/post"}],"author":[{"embeddable":true,"href":"https:\/\/www.cde.ual.es\/en\/wp-json\/wp\/v2\/users\/1"}],"replies":[{"embeddable":true,"href":"https:\/\/www.cde.ual.es\/en\/wp-json\/wp\/v2\/comments?post=15037"}],"version-history":[{"count":0,"href":"https:\/\/www.cde.ual.es\/en\/wp-json\/wp\/v2\/posts\/15037\/revisions"}],"wp:featuredmedia":[{"embeddable":true,"href":"https:\/\/www.cde.ual.es\/en\/wp-json\/wp\/v2\/media\/15035"}],"wp:attachment":[{"href":"https:\/\/www.cde.ual.es\/en\/wp-json\/wp\/v2\/media?parent=15037"}],"wp:term":[{"taxonomy":"category","embeddable":true,"href":"https:\/\/www.cde.ual.es\/en\/wp-json\/wp\/v2\/categories?post=15037"},{"taxonomy":"post_tag","embeddable":true,"href":"https:\/\/www.cde.ual.es\/en\/wp-json\/wp\/v2\/tags?post=15037"}],"curies":[{"name":"wp","href":"https:\/\/api.w.org\/{rel}","templated":true}]}}