{"id":150194,"date":"2024-04-03T03:00:17","date_gmt":"2024-04-03T01:00:17","guid":{"rendered":"https:\/\/www.cde.ual.es\/?p=150194"},"modified":"2024-04-02T14:31:56","modified_gmt":"2024-04-02T12:31:56","slug":"vice-president-schinas-travels-to-andalusia-to-discuss-cybersecurity-and-dialogue-with-the-erasmus-generation","status":"publish","type":"post","link":"https:\/\/www.cde.ual.es\/en\/vice-president-schinas-travels-to-andalusia-to-discuss-cybersecurity-and-dialogue-with-the-erasmus-generation\/","title":{"rendered":"Vice-President Schinas travels to Andalusia to discuss cybersecurity and dialogue with the Erasmus Generation"},"content":{"rendered":"<p style=\"text-align: justify;\">Today, European Commission Vice-President Margaritis Schinas, responsible for the Promotion of our European Way of Life will be in Malaga to visit the Andalusia Cybersecurity Centre and the Google Security Engineering Centre. The aim of this visit is to exchange information regarding the EU&#8217;s work on cybersecurity and to highlight the importance of capabilities in this sector. Vice-President Schinas will also meet with Francisco de la Torre, Mayor of the city of Malaga.<\/p>\n<p><a href=\"https:\/\/www.cde.ual.es\/wp-content\/uploads\/2024\/04\/Margaritis-Schinas.jpg\"><img decoding=\"async\" class=\"aligncenter size-full wp-image-150191\" src=\"https:\/\/www.cde.ual.es\/wp-content\/uploads\/2024\/04\/Margaritis-Schinas.jpg\" alt=\"\" width=\"991\" height=\"661\" srcset=\"https:\/\/www.cde.ual.es\/wp-content\/uploads\/2024\/04\/Margaritis-Schinas.jpg 991w, https:\/\/www.cde.ual.es\/wp-content\/uploads\/2024\/04\/Margaritis-Schinas-300x200.jpg 300w, https:\/\/www.cde.ual.es\/wp-content\/uploads\/2024\/04\/Margaritis-Schinas-768x512.jpg 768w\" sizes=\"(max-width: 991px) 100vw, 991px\" \/><\/a><\/p>\n<p style=\"text-align: justify;\">On Thursday, Vice-President Schinas will travel to Seville to participate in a working breakfast organised by the Joly Media Group, where opinion leaders will participate. Vice-President Schinas will be presented by the President of the Junta de Andaluc\u00eda, Juan Manuel Moreno. The event can be followed live here.<\/p>\n<p style=\"text-align: justify;\">He will later deliver the keynote speech at the opening ceremony of the Erasmus Generation meeting, the largest conference organised in Europe by a student association. This year&#8217;s edition focuses on international opportunities for youth and the participation of young people in democratic life in view of the upcoming European elections.<\/p>\n<p style=\"text-align: justify;\">The Vice-President will also meet with representatives of the Commission&#8217;s Joint Research Centre and other stakeholders to discuss education and skills.<\/p>\n<p style=\"text-align: justify;\">Finally, he will meet with Jos\u00e9 Luis Sanz Ruiz, Mayor of the City of Seville; together they will unveil the EU Smart and Climate Neutral Cities Mission Label, awarded by the Commission to Seville on 21 March 2024.<\/p>\n<p><strong>More information: <a href=\"https:\/\/spain.representation.ec.europa.eu\/noticias-eventos\/noticias-0\/el-vicepresidente-schinas-viaja-andalucia-para-debatir-sobre-ciberseguridad-y-dialogar-con-la-2024-04-02_es\" target=\"_blank\" rel=\"noopener\">Representation of the European Commission in Spain<\/a><\/strong><\/p>\n","protected":false},"excerpt":{"rendered":"<p>Today, European Commission Vice-President Margaritis Schinas, responsible for the Promotion of our European Way of Life will be in Malaga to visit the Andalusia Cybersecurity Centre and the Google Security Engineering Centre. The aim of this visit is to exchange information regarding the EU&#8217;s work on cybersecurity and to highlight the importance of capabilities in [&hellip;]<\/p>\n","protected":false},"author":1,"featured_media":150192,"comment_status":"open","ping_status":"open","sticky":false,"template":"","format":"standard","meta":{"_acf_changed":false,"_relevanssi_hide_post":"","_relevanssi_hide_content":"","_relevanssi_pin_for_all":"","_relevanssi_pin_keywords":"","_relevanssi_unpin_keywords":"","_relevanssi_related_keywords":"","_relevanssi_related_include_ids":"","_relevanssi_related_exclude_ids":"","_relevanssi_related_no_append":"","_relevanssi_related_not_related":"","_relevanssi_related_posts":"","_relevanssi_noindex_reason":"","_monsterinsights_skip_tracking":false,"_monsterinsights_sitenote_active":false,"_monsterinsights_sitenote_note":"","_monsterinsights_sitenote_category":0,"_genesis_hide_title":false,"_genesis_hide_breadcrumbs":false,"_genesis_hide_singular_image":false,"_genesis_hide_footer_widgets":false,"_genesis_custom_body_class":"","_genesis_custom_post_class":"","_genesis_layout":"","footnotes":""},"categories":[346,4064],"tags":[1805,1488,368,7093,11937,11938,351],"class_list":{"0":"post-150194","1":"post","2":"type-post","3":"status-publish","4":"format-standard","5":"has-post-thumbnail","7":"category-eu-news","8":"category-institutional","9":"tag-andalusia","10":"tag-european-commission","11":"tag-european-union","12":"tag-malaga-en","13":"tag-schinas","14":"tag-sevilla-en","15":"tag-union-europea-en","16":"entry"},"acf":[],"yoast_head":"<!-- This site is optimized with the Yoast SEO plugin v27.5 - https:\/\/yoast.com\/product\/yoast-seo-wordpress\/ -->\n<title>Vice-President Schinas travels to Andalusia to discuss cybersecurity and dialogue with the Erasmus Generation | CDE Almer\u00eda - Centro de Documentaci\u00f3n Europea - Universidad de Almer\u00eda<\/title>\n<meta name=\"robots\" content=\"index, follow, max-snippet:-1, max-image-preview:large, max-video-preview:-1\" \/>\n<link rel=\"canonical\" href=\"https:\/\/www.cde.ual.es\/?p=150190\" \/>\n<meta property=\"og:locale\" content=\"en_US\" \/>\n<meta property=\"og:type\" content=\"article\" \/>\n<meta property=\"og:title\" content=\"Vice-President Schinas travels to Andalusia to discuss cybersecurity and dialogue with the Erasmus Generation | CDE Almer\u00eda - Centro de Documentaci\u00f3n Europea - Universidad de Almer\u00eda\" \/>\n<meta property=\"og:description\" content=\"Today, European Commission Vice-President Margaritis Schinas, responsible for the Promotion of our European Way of Life will be in Malaga to visit the Andalusia Cybersecurity Centre and the Google Security Engineering Centre. The aim of this visit is to exchange information regarding the EU&#8217;s work on cybersecurity and to highlight the importance of capabilities in [&hellip;]\" \/>\n<meta property=\"og:url\" content=\"https:\/\/www.cde.ual.es\/?p=150190\" \/>\n<meta property=\"og:site_name\" content=\"CDE Almer\u00eda - Centro de Documentaci\u00f3n Europea - Universidad de Almer\u00eda\" \/>\n<meta property=\"article:publisher\" content=\"https:\/\/www.facebook.com\/cdeuniversidadalmeria\/\" \/>\n<meta property=\"article:published_time\" content=\"2024-04-03T01:00:17+00:00\" \/>\n<meta property=\"og:image\" content=\"https:\/\/www.cde.ual.es\/wp-content\/uploads\/2024\/04\/Margaritis-Schinas.jpg\" \/>\n\t<meta property=\"og:image:width\" content=\"991\" \/>\n\t<meta property=\"og:image:height\" content=\"661\" \/>\n\t<meta property=\"og:image:type\" content=\"image\/jpeg\" \/>\n<meta name=\"author\" content=\"AdminCDE\" \/>\n<meta name=\"twitter:card\" content=\"summary_large_image\" \/>\n<meta name=\"twitter:creator\" content=\"@cdeualmeria\" \/>\n<meta name=\"twitter:site\" content=\"@cdeualmeria\" \/>\n<meta name=\"twitter:label1\" content=\"Written by\" \/>\n\t<meta name=\"twitter:data1\" content=\"AdminCDE\" \/>\n\t<meta name=\"twitter:label2\" content=\"Est. reading time\" \/>\n\t<meta name=\"twitter:data2\" content=\"2 minutes\" \/>\n<script type=\"application\/ld+json\" class=\"yoast-schema-graph\">{\"@context\":\"https:\\\/\\\/schema.org\",\"@graph\":[{\"@type\":\"Article\",\"@id\":\"https:\\\/\\\/www.cde.ual.es\\\/?p=150190#article\",\"isPartOf\":{\"@id\":\"https:\\\/\\\/www.cde.ual.es\\\/?p=150190\"},\"author\":{\"name\":\"AdminCDE\",\"@id\":\"https:\\\/\\\/www.cde.ual.es\\\/#\\\/schema\\\/person\\\/224ef08c8bcc005f319d2713ce37ee5f\"},\"headline\":\"Vice-President Schinas travels to Andalusia to discuss cybersecurity and dialogue with the Erasmus Generation\",\"datePublished\":\"2024-04-03T01:00:17+00:00\",\"mainEntityOfPage\":{\"@id\":\"https:\\\/\\\/www.cde.ual.es\\\/?p=150190\"},\"wordCount\":256,\"commentCount\":0,\"publisher\":{\"@id\":\"https:\\\/\\\/www.cde.ual.es\\\/#organization\"},\"image\":{\"@id\":\"https:\\\/\\\/www.cde.ual.es\\\/?p=150190#primaryimage\"},\"thumbnailUrl\":\"https:\\\/\\\/www.cde.ual.es\\\/wp-content\\\/uploads\\\/2024\\\/04\\\/Margaritis-Schinas.jpg\",\"keywords\":[\"Andalusia\",\"European Commission\",\"European Union\",\"M\u00e1laga\",\"Schinas\",\"sevilla\",\"Uni\u00f3n Europea\"],\"articleSection\":[\"EU News\",\"Institutional Affairs\"],\"inLanguage\":\"en-US\",\"potentialAction\":[{\"@type\":\"CommentAction\",\"name\":\"Comment\",\"target\":[\"https:\\\/\\\/www.cde.ual.es\\\/?p=150190#respond\"]}]},{\"@type\":\"WebPage\",\"@id\":\"https:\\\/\\\/www.cde.ual.es\\\/?p=150190\",\"url\":\"https:\\\/\\\/www.cde.ual.es\\\/?p=150190\",\"name\":\"Vice-President Schinas travels to Andalusia to discuss cybersecurity and dialogue with the Erasmus Generation | CDE Almer\u00eda - Centro de Documentaci\u00f3n Europea - Universidad de Almer\u00eda\",\"isPartOf\":{\"@id\":\"https:\\\/\\\/www.cde.ual.es\\\/#website\"},\"primaryImageOfPage\":{\"@id\":\"https:\\\/\\\/www.cde.ual.es\\\/?p=150190#primaryimage\"},\"image\":{\"@id\":\"https:\\\/\\\/www.cde.ual.es\\\/?p=150190#primaryimage\"},\"thumbnailUrl\":\"https:\\\/\\\/www.cde.ual.es\\\/wp-content\\\/uploads\\\/2024\\\/04\\\/Margaritis-Schinas.jpg\",\"datePublished\":\"2024-04-03T01:00:17+00:00\",\"breadcrumb\":{\"@id\":\"https:\\\/\\\/www.cde.ual.es\\\/?p=150190#breadcrumb\"},\"inLanguage\":\"en-US\",\"potentialAction\":[{\"@type\":\"ReadAction\",\"target\":[\"https:\\\/\\\/www.cde.ual.es\\\/?p=150190\"]}]},{\"@type\":\"ImageObject\",\"inLanguage\":\"en-US\",\"@id\":\"https:\\\/\\\/www.cde.ual.es\\\/?p=150190#primaryimage\",\"url\":\"https:\\\/\\\/www.cde.ual.es\\\/wp-content\\\/uploads\\\/2024\\\/04\\\/Margaritis-Schinas.jpg\",\"contentUrl\":\"https:\\\/\\\/www.cde.ual.es\\\/wp-content\\\/uploads\\\/2024\\\/04\\\/Margaritis-Schinas.jpg\",\"width\":991,\"height\":661},{\"@type\":\"BreadcrumbList\",\"@id\":\"https:\\\/\\\/www.cde.ual.es\\\/?p=150190#breadcrumb\",\"itemListElement\":[{\"@type\":\"ListItem\",\"position\":1,\"name\":\"Inicio\",\"item\":\"https:\\\/\\\/www.cde.ual.es\\\/en\\\/\"},{\"@type\":\"ListItem\",\"position\":2,\"name\":\"Noticias UE\",\"item\":\"https:\\\/\\\/www.cde.ual.es\\\/category\\\/noticias-ue\\\/\"},{\"@type\":\"ListItem\",\"position\":3,\"name\":\"Institutional Affairs\",\"item\":\"https:\\\/\\\/www.cde.ual.es\\\/en\\\/category\\\/eu-news\\\/institutional\\\/\"},{\"@type\":\"ListItem\",\"position\":4,\"name\":\"Vice-President Schinas travels to Andalusia to discuss cybersecurity and dialogue with the Erasmus Generation\"}]},{\"@type\":\"WebSite\",\"@id\":\"https:\\\/\\\/www.cde.ual.es\\\/#website\",\"url\":\"https:\\\/\\\/www.cde.ual.es\\\/\",\"name\":\"CDE Almer\u00eda - Centro de Documentaci\u00f3n Europea - Universidad de Almer\u00eda\",\"description\":\"Centro de Documentaci\u00f3n Europea de la Universidad de Almer\u00eda\",\"publisher\":{\"@id\":\"https:\\\/\\\/www.cde.ual.es\\\/#organization\"},\"alternateName\":\"CDE Almer\u00eda\",\"potentialAction\":[{\"@type\":\"SearchAction\",\"target\":{\"@type\":\"EntryPoint\",\"urlTemplate\":\"https:\\\/\\\/www.cde.ual.es\\\/?s={search_term_string}\"},\"query-input\":{\"@type\":\"PropertyValueSpecification\",\"valueRequired\":true,\"valueName\":\"search_term_string\"}}],\"inLanguage\":\"en-US\"},{\"@type\":\"Organization\",\"@id\":\"https:\\\/\\\/www.cde.ual.es\\\/#organization\",\"name\":\"Centro de Documentaci\u00f3n Europea de Almer\u00eda\",\"url\":\"https:\\\/\\\/www.cde.ual.es\\\/\",\"logo\":{\"@type\":\"ImageObject\",\"inLanguage\":\"en-US\",\"@id\":\"https:\\\/\\\/www.cde.ual.es\\\/#\\\/schema\\\/logo\\\/image\\\/\",\"url\":\"https:\\\/\\\/www.cde.ual.es\\\/wp-content\\\/uploads\\\/2025\\\/07\\\/cde-logo-3.png\",\"contentUrl\":\"https:\\\/\\\/www.cde.ual.es\\\/wp-content\\\/uploads\\\/2025\\\/07\\\/cde-logo-3.png\",\"width\":1400,\"height\":300,\"caption\":\"Centro de Documentaci\u00f3n Europea de Almer\u00eda\"},\"image\":{\"@id\":\"https:\\\/\\\/www.cde.ual.es\\\/#\\\/schema\\\/logo\\\/image\\\/\"},\"sameAs\":[\"https:\\\/\\\/www.facebook.com\\\/cdeuniversidadalmeria\\\/\",\"https:\\\/\\\/x.com\\\/cdeualmeria\",\"https:\\\/\\\/www.tiktok.com\\\/@cdealmeria\",\"https:\\\/\\\/www.instagram.com\\\/cdealmeria\\\/\",\"https:\\\/\\\/www.linkedin.com\\\/in\\\/cde-almera-812b26a9\\\/\"]},{\"@type\":\"Person\",\"@id\":\"https:\\\/\\\/www.cde.ual.es\\\/#\\\/schema\\\/person\\\/224ef08c8bcc005f319d2713ce37ee5f\",\"name\":\"AdminCDE\",\"image\":{\"@type\":\"ImageObject\",\"inLanguage\":\"en-US\",\"@id\":\"https:\\\/\\\/secure.gravatar.com\\\/avatar\\\/a72d038d371f995cd13706fac32274b7952a52e8fb0a84b5f80c85426f2a98a8?s=96&d=mm&r=g\",\"url\":\"https:\\\/\\\/secure.gravatar.com\\\/avatar\\\/a72d038d371f995cd13706fac32274b7952a52e8fb0a84b5f80c85426f2a98a8?s=96&d=mm&r=g\",\"contentUrl\":\"https:\\\/\\\/secure.gravatar.com\\\/avatar\\\/a72d038d371f995cd13706fac32274b7952a52e8fb0a84b5f80c85426f2a98a8?s=96&d=mm&r=g\",\"caption\":\"AdminCDE\"}}]}<\/script>\n<!-- \/ Yoast SEO plugin. -->","yoast_head_json":{"title":"Vice-President Schinas travels to Andalusia to discuss cybersecurity and dialogue with the Erasmus Generation | CDE Almer\u00eda - Centro de Documentaci\u00f3n Europea - Universidad de Almer\u00eda","robots":{"index":"index","follow":"follow","max-snippet":"max-snippet:-1","max-image-preview":"max-image-preview:large","max-video-preview":"max-video-preview:-1"},"canonical":"https:\/\/www.cde.ual.es\/?p=150190","og_locale":"en_US","og_type":"article","og_title":"Vice-President Schinas travels to Andalusia to discuss cybersecurity and dialogue with the Erasmus Generation | CDE Almer\u00eda - Centro de Documentaci\u00f3n Europea - Universidad de Almer\u00eda","og_description":"Today, European Commission Vice-President Margaritis Schinas, responsible for the Promotion of our European Way of Life will be in Malaga to visit the Andalusia Cybersecurity Centre and the Google Security Engineering Centre. The aim of this visit is to exchange information regarding the EU&#8217;s work on cybersecurity and to highlight the importance of capabilities in [&hellip;]","og_url":"https:\/\/www.cde.ual.es\/?p=150190","og_site_name":"CDE Almer\u00eda - Centro de Documentaci\u00f3n Europea - Universidad de Almer\u00eda","article_publisher":"https:\/\/www.facebook.com\/cdeuniversidadalmeria\/","article_published_time":"2024-04-03T01:00:17+00:00","og_image":[{"width":991,"height":661,"url":"https:\/\/www.cde.ual.es\/wp-content\/uploads\/2024\/04\/Margaritis-Schinas.jpg","type":"image\/jpeg"}],"author":"AdminCDE","twitter_card":"summary_large_image","twitter_creator":"@cdeualmeria","twitter_site":"@cdeualmeria","twitter_misc":{"Written by":"AdminCDE","Est. reading time":"2 minutes"},"schema":{"@context":"https:\/\/schema.org","@graph":[{"@type":"Article","@id":"https:\/\/www.cde.ual.es\/?p=150190#article","isPartOf":{"@id":"https:\/\/www.cde.ual.es\/?p=150190"},"author":{"name":"AdminCDE","@id":"https:\/\/www.cde.ual.es\/#\/schema\/person\/224ef08c8bcc005f319d2713ce37ee5f"},"headline":"Vice-President Schinas travels to Andalusia to discuss cybersecurity and dialogue with the Erasmus Generation","datePublished":"2024-04-03T01:00:17+00:00","mainEntityOfPage":{"@id":"https:\/\/www.cde.ual.es\/?p=150190"},"wordCount":256,"commentCount":0,"publisher":{"@id":"https:\/\/www.cde.ual.es\/#organization"},"image":{"@id":"https:\/\/www.cde.ual.es\/?p=150190#primaryimage"},"thumbnailUrl":"https:\/\/www.cde.ual.es\/wp-content\/uploads\/2024\/04\/Margaritis-Schinas.jpg","keywords":["Andalusia","European Commission","European Union","M\u00e1laga","Schinas","sevilla","Uni\u00f3n Europea"],"articleSection":["EU News","Institutional Affairs"],"inLanguage":"en-US","potentialAction":[{"@type":"CommentAction","name":"Comment","target":["https:\/\/www.cde.ual.es\/?p=150190#respond"]}]},{"@type":"WebPage","@id":"https:\/\/www.cde.ual.es\/?p=150190","url":"https:\/\/www.cde.ual.es\/?p=150190","name":"Vice-President Schinas travels to Andalusia to discuss cybersecurity and dialogue with the Erasmus Generation | CDE Almer\u00eda - Centro de Documentaci\u00f3n Europea - Universidad de Almer\u00eda","isPartOf":{"@id":"https:\/\/www.cde.ual.es\/#website"},"primaryImageOfPage":{"@id":"https:\/\/www.cde.ual.es\/?p=150190#primaryimage"},"image":{"@id":"https:\/\/www.cde.ual.es\/?p=150190#primaryimage"},"thumbnailUrl":"https:\/\/www.cde.ual.es\/wp-content\/uploads\/2024\/04\/Margaritis-Schinas.jpg","datePublished":"2024-04-03T01:00:17+00:00","breadcrumb":{"@id":"https:\/\/www.cde.ual.es\/?p=150190#breadcrumb"},"inLanguage":"en-US","potentialAction":[{"@type":"ReadAction","target":["https:\/\/www.cde.ual.es\/?p=150190"]}]},{"@type":"ImageObject","inLanguage":"en-US","@id":"https:\/\/www.cde.ual.es\/?p=150190#primaryimage","url":"https:\/\/www.cde.ual.es\/wp-content\/uploads\/2024\/04\/Margaritis-Schinas.jpg","contentUrl":"https:\/\/www.cde.ual.es\/wp-content\/uploads\/2024\/04\/Margaritis-Schinas.jpg","width":991,"height":661},{"@type":"BreadcrumbList","@id":"https:\/\/www.cde.ual.es\/?p=150190#breadcrumb","itemListElement":[{"@type":"ListItem","position":1,"name":"Inicio","item":"https:\/\/www.cde.ual.es\/en\/"},{"@type":"ListItem","position":2,"name":"Noticias UE","item":"https:\/\/www.cde.ual.es\/category\/noticias-ue\/"},{"@type":"ListItem","position":3,"name":"Institutional Affairs","item":"https:\/\/www.cde.ual.es\/en\/category\/eu-news\/institutional\/"},{"@type":"ListItem","position":4,"name":"Vice-President Schinas travels to Andalusia to discuss cybersecurity and dialogue with the Erasmus Generation"}]},{"@type":"WebSite","@id":"https:\/\/www.cde.ual.es\/#website","url":"https:\/\/www.cde.ual.es\/","name":"CDE Almer\u00eda - Centro de Documentaci\u00f3n Europea - Universidad de Almer\u00eda","description":"Centro de Documentaci\u00f3n Europea de la Universidad de Almer\u00eda","publisher":{"@id":"https:\/\/www.cde.ual.es\/#organization"},"alternateName":"CDE Almer\u00eda","potentialAction":[{"@type":"SearchAction","target":{"@type":"EntryPoint","urlTemplate":"https:\/\/www.cde.ual.es\/?s={search_term_string}"},"query-input":{"@type":"PropertyValueSpecification","valueRequired":true,"valueName":"search_term_string"}}],"inLanguage":"en-US"},{"@type":"Organization","@id":"https:\/\/www.cde.ual.es\/#organization","name":"Centro de Documentaci\u00f3n Europea de Almer\u00eda","url":"https:\/\/www.cde.ual.es\/","logo":{"@type":"ImageObject","inLanguage":"en-US","@id":"https:\/\/www.cde.ual.es\/#\/schema\/logo\/image\/","url":"https:\/\/www.cde.ual.es\/wp-content\/uploads\/2025\/07\/cde-logo-3.png","contentUrl":"https:\/\/www.cde.ual.es\/wp-content\/uploads\/2025\/07\/cde-logo-3.png","width":1400,"height":300,"caption":"Centro de Documentaci\u00f3n Europea de Almer\u00eda"},"image":{"@id":"https:\/\/www.cde.ual.es\/#\/schema\/logo\/image\/"},"sameAs":["https:\/\/www.facebook.com\/cdeuniversidadalmeria\/","https:\/\/x.com\/cdeualmeria","https:\/\/www.tiktok.com\/@cdealmeria","https:\/\/www.instagram.com\/cdealmeria\/","https:\/\/www.linkedin.com\/in\/cde-almera-812b26a9\/"]},{"@type":"Person","@id":"https:\/\/www.cde.ual.es\/#\/schema\/person\/224ef08c8bcc005f319d2713ce37ee5f","name":"AdminCDE","image":{"@type":"ImageObject","inLanguage":"en-US","@id":"https:\/\/secure.gravatar.com\/avatar\/a72d038d371f995cd13706fac32274b7952a52e8fb0a84b5f80c85426f2a98a8?s=96&d=mm&r=g","url":"https:\/\/secure.gravatar.com\/avatar\/a72d038d371f995cd13706fac32274b7952a52e8fb0a84b5f80c85426f2a98a8?s=96&d=mm&r=g","contentUrl":"https:\/\/secure.gravatar.com\/avatar\/a72d038d371f995cd13706fac32274b7952a52e8fb0a84b5f80c85426f2a98a8?s=96&d=mm&r=g","caption":"AdminCDE"}}]}},"_links":{"self":[{"href":"https:\/\/www.cde.ual.es\/en\/wp-json\/wp\/v2\/posts\/150194","targetHints":{"allow":["GET"]}}],"collection":[{"href":"https:\/\/www.cde.ual.es\/en\/wp-json\/wp\/v2\/posts"}],"about":[{"href":"https:\/\/www.cde.ual.es\/en\/wp-json\/wp\/v2\/types\/post"}],"author":[{"embeddable":true,"href":"https:\/\/www.cde.ual.es\/en\/wp-json\/wp\/v2\/users\/1"}],"replies":[{"embeddable":true,"href":"https:\/\/www.cde.ual.es\/en\/wp-json\/wp\/v2\/comments?post=150194"}],"version-history":[{"count":1,"href":"https:\/\/www.cde.ual.es\/en\/wp-json\/wp\/v2\/posts\/150194\/revisions"}],"predecessor-version":[{"id":150195,"href":"https:\/\/www.cde.ual.es\/en\/wp-json\/wp\/v2\/posts\/150194\/revisions\/150195"}],"wp:featuredmedia":[{"embeddable":true,"href":"https:\/\/www.cde.ual.es\/en\/wp-json\/wp\/v2\/media\/150192"}],"wp:attachment":[{"href":"https:\/\/www.cde.ual.es\/en\/wp-json\/wp\/v2\/media?parent=150194"}],"wp:term":[{"taxonomy":"category","embeddable":true,"href":"https:\/\/www.cde.ual.es\/en\/wp-json\/wp\/v2\/categories?post=150194"},{"taxonomy":"post_tag","embeddable":true,"href":"https:\/\/www.cde.ual.es\/en\/wp-json\/wp\/v2\/tags?post=150194"}],"curies":[{"name":"wp","href":"https:\/\/api.w.org\/{rel}","templated":true}]}}