{"id":150160,"date":"2024-04-01T10:08:06","date_gmt":"2024-04-01T08:08:06","guid":{"rendered":"https:\/\/www.cde.ual.es\/?p=150160"},"modified":"2024-04-01T10:08:06","modified_gmt":"2024-04-01T08:08:06","slug":"european-commission-publishes-report-highlighting-progress-on-long-term-vision-for-rural-areas-in-the-eu","status":"publish","type":"post","link":"https:\/\/www.cde.ual.es\/en\/european-commission-publishes-report-highlighting-progress-on-long-term-vision-for-rural-areas-in-the-eu\/","title":{"rendered":"European Commission publishes report highlighting progress on long-term vision for rural areas in the EU"},"content":{"rendered":"<p style=\"text-align: justify;\"><strong>The European Commission has published a <a href=\"https:\/\/rural-vision.europa.eu\/rural-vision\/long-term-vision-eus-rural-areas-key-achievements-and-ways-forward_en\">report\u00a0<\/a>outlining the good progress made so far under the EU&#8217;s long-term rural vision, highlighting positive outcomes delivered since 2021 and presenting ideas for future work.<\/strong><\/p>\n<p style=\"text-align: justify;\"><a href=\"https:\/\/www.cde.ual.es\/wp-content\/uploads\/2024\/04\/marta-ortigosa-hwdipmWMYvQ-unsplash-scaled.jpg\"><img decoding=\"async\" class=\"size-full wp-image-150157 aligncenter\" src=\"https:\/\/www.cde.ual.es\/wp-content\/uploads\/2024\/04\/marta-ortigosa-hwdipmWMYvQ-unsplash-scaled.jpg\" alt=\"\" width=\"2560\" height=\"1920\" srcset=\"https:\/\/www.cde.ual.es\/wp-content\/uploads\/2024\/04\/marta-ortigosa-hwdipmWMYvQ-unsplash-scaled.jpg 2560w, https:\/\/www.cde.ual.es\/wp-content\/uploads\/2024\/04\/marta-ortigosa-hwdipmWMYvQ-unsplash-300x225.jpg 300w, https:\/\/www.cde.ual.es\/wp-content\/uploads\/2024\/04\/marta-ortigosa-hwdipmWMYvQ-unsplash-1024x768.jpg 1024w, https:\/\/www.cde.ual.es\/wp-content\/uploads\/2024\/04\/marta-ortigosa-hwdipmWMYvQ-unsplash-768x576.jpg 768w, https:\/\/www.cde.ual.es\/wp-content\/uploads\/2024\/04\/marta-ortigosa-hwdipmWMYvQ-unsplash-1536x1152.jpg 1536w, https:\/\/www.cde.ual.es\/wp-content\/uploads\/2024\/04\/marta-ortigosa-hwdipmWMYvQ-unsplash-2048x1536.jpg 2048w\" sizes=\"(max-width: 2560px) 100vw, 2560px\" \/><\/a><\/p>\n<p style=\"text-align: justify;\">The report outlines progress made under the \u201c<a href=\"https:\/\/ec.europa.eu\/commission\/presscorner\/detail\/en\/IP_21_3162\"><strong>Long-term vision for the EU&#8217;s rural areas\u201d<\/strong><\/a><strong>\u00a0<\/strong>to support stronger, more connected, resilient and prosperous rural areas and communities. It presents 30 actions across a range of policy areas &#8211; of which nine are already completed.<\/p>\n<p style=\"text-align: justify;\">Key achievements of the long-term vision to date include:<\/p>\n<ul style=\"text-align: justify;\">\n<li>Launching a\u00a0<a href=\"https:\/\/ruralpact.rural-vision.europa.eu\/rural-revitalisation_en\">rural revitalisation platform<\/a>\u00a0for areas facing demographic and economic challenges;<\/li>\n<li>Starting 60\u00a0<a href=\"https:\/\/rural-vision.europa.eu\/action-plan\/stronger_en#flagship-creating-a-stronger-innovation-ecosystem-for-rural-areas\">rural research and innovation<\/a>\u00a0projects with a budget of \u20ac253 million contributing directly to rural areas;<\/li>\n<li>Supporting the implementation of\u00a0<a href=\"https:\/\/rural-vision.europa.eu\/action-plan\/stronger_en#enhanced-networking-for-leader-and-smart-villages\">LEADER<\/a>\u00a0and guiding around 150 communities towards the creation of\u00a0<a href=\"https:\/\/agriculture.ec.europa.eu\/common-agricultural-policy\/rural-development\/supporting-smart-village-strategies_en#:~:text=The%20Smart%20Village%20concept%2C%20initially,knowledge%2C%20innovation%20and%20digitalisation%E2%80%9D.\">smart villages<\/a>\u00a0through dedicated networking activities;<\/li>\n<li>Earmarking a total of \u20ac23.5 billion in grants and loans for underserved areas, as well as updated state aid rules to improve\u00a0<a href=\"https:\/\/rural-vision.europa.eu\/action-plan\/connected_en#flagship-rural-digital-futures\">rural connectivity<\/a>;<\/li>\n<li>Improving rural mobility and tourism planning through a dedicated\u00a0<a href=\"https:\/\/www.smarta-net.eu\/ermn\/\">European Rural Mobility Network<\/a>;<\/li>\n<li>Creating the\u00a0<a href=\"https:\/\/rural-energy-community-hub.ec.europa.eu\/index_en\">Rural energy community advisory hub,<\/a>\u00a0which has supported 27 rural energy communities;<\/li>\n<li>Supporting four dedicated projects to help developing the\u00a0<a href=\"https:\/\/rural-vision.europa.eu\/action-plan\/prosperous_en#flagship-supporting-entrepreneurship-and-the-social-economy-in-rural-areas\">social economy<\/a>\u00a0in rural areas;<\/li>\n<li>Increasing the available number of datasets for rural areas and access to relevant rural data and analysis through the\u00a0<a href=\"https:\/\/observatory.rural-vision.europa.eu\/\">EU Rural Observatory<\/a>\u00a0and the new publication \u201c<a href=\"https:\/\/ec.europa.eu\/eurostat\/statistics-explained\/index.php?title=Rural_Europe&amp;stable=1\">Rural Europe<\/a>\u201d, improving capacities for rural proofing; and<\/li>\n<li>Launching the\u00a0<a href=\"https:\/\/ec.europa.eu\/commission\/presscorner\/detail\/en\/ip_24_656\">Rural toolkit<\/a>\u00a0to ease access to EU funding for rural areas and optimal combination to EU funding for rural areas.<\/li>\n<\/ul>\n<p style=\"text-align: justify;\">The report<strong>\u00a0<\/strong>highlights that strong engagement at Member State, regional, and local level is essential for delivering good outcomes. In this respect, the 2021 launch of the\u00a0<a href=\"https:\/\/ruralpact.rural-vision.europa.eu\/rural-pact_en\">Rural Pact<\/a>\u00a0has been pivotal, with\u00a0<a href=\"https:\/\/ruralpact.rural-vision.europa.eu\/RPCG\">a dedicated governance body<\/a>,\u00a0<a href=\"https:\/\/ruralpact.rural-vision.europa.eu\/\">collaborative platform<\/a>\u00a0and\u00a0<a href=\"https:\/\/ruralpact.rural-vision.europa.eu\/RPSO\">support office<\/a>\u00a0facilitating interactions and creating knowledge for rural communities.<\/p>\n<p style=\"text-align: justify;\">Maintaining its commitment to the development of EU rural areas and communities, the Commission in this report identifies actions in the EU rural action plan where extra efforts are required &#8211; and others where continuity is needed \u2013 for overall objectives to be achieved.<\/p>\n<p style=\"text-align: justify;\">It also looks to the future: taking stock of how the\u00a0<a href=\"https:\/\/agriculture.ec.europa.eu\/news\/contribution-cap-strategic-plans-long-term-vision-eus-rural-areas-2023-09-21_en\">2023-2027 CAP<\/a>\u00a0and\u00a0<a href=\"https:\/\/ec.europa.eu\/regional_policy\/policy\/what\/investment-policy_en\">Cohesion Policy<\/a>\u00a0have contributed to the rural vision, it presents ideas and questions for reflection on how EU polices and supports could be enhanced in the future.<\/p>\n<p style=\"text-align: justify;\">Ursula\u00a0<strong>von der Leyen<\/strong>, President of the European Commission, said:\u00a0<em>\u201c<\/em><em>Rural areas are a formative part of the European economy and cultural diversity. They are home to hundreds of millions of Europeans who enjoy living and working there. We stand by their side and want Europe&#8217;s rural areas to flourish. Europe is investing in rural areas because their prospects are Europe&#8217;s future.\u201d<\/em><\/p>\n<table style=\"width: 99.9988%; border-collapse: collapse; border-style: double; border-color: #001f7d;\" cellpadding=\"0,5\">\n<tbody>\n<tr>\n<td style=\"width: 100%;\"><a href=\"https:\/\/www.cde.ual.es\/acceso-mas-facil-a-la-financiacion-de-la-ue-para-las-zonas-rurales-gracias-al-conjunto-de-herramientas-rurales-de-la-ue\/\" target=\"_blank\" rel=\"noopener\"><img decoding=\"async\" class=\"alignleft\" src=\"https:\/\/www.cde.ual.es\/wp-content\/uploads\/2023\/10\/pexels-sergio-souza-2075670-scaled.jpg\" alt=\"\" width=\"201\" height=\"134\" \/><\/a><\/p>\n<h4 class=\"entry-title\"><a href=\"https:\/\/www.cde.ual.es\/en\/easier-access-to-eu-funding-for-rural-areas-thanks-to-eu-rural-toolkit\/\" target=\"_blank\" rel=\"noopener\">Easier access to EU funding for rural areas thanks to EU Rural Toolkit<\/a><\/h4>\n<\/td>\n<\/tr>\n<\/tbody>\n<\/table>\n<p style=\"text-align: justify;\"><strong>Background<\/strong><\/p>\n<p style=\"text-align: justify;\">The EU&#8217;s rural areas cover 83% of the EU territory and almost 1 out of 3 Europeans live in rural areas.<\/p>\n<p style=\"text-align: justify;\">In June 2021, after an extensive consultation, the European Commission set out a\u00a0<strong>long-term vision for the EU&#8217;s rural areas<\/strong>\u00a0up to 2040. President Ursula von der Leyen launched this initiative in 2019, recognising that rural areas are a core part of Europe&#8217;s identity and economic potential and that we need to preserve them and invest in their future.<\/p>\n<p style=\"text-align: justify;\">The long-term vision identified\u00a0<strong>10 shared goals<\/strong>\u00a0and\u00a0<strong>4 areas of actions<\/strong>\u00a0towards\u00a0<strong>stronger, connected, resilient and prosperous<\/strong>\u00a0rural areas by 2040. To achieve these goals, the Commission committed to launching a\u00a0<strong>rural pact<\/strong>\u00a0to mobilise public authorities and stakeholders to act on the needs and aspirations of rural residents. It also introduced an\u00a0<strong>EU rural action plan,<\/strong>\u00a0with 30 actions to be implemented by the Commission across a range of EU policy areas.<\/p>\n<p style=\"text-align: justify;\">Today&#8217;s report is the first on the implementation of the rural vision, offering first insights into the progress achieved so far and reflections on future directions.<\/p>\n<p style=\"text-align: justify;\"><strong>More information: <\/strong><a href=\"https:\/\/ec.europa.eu\/commission\/presscorner\/detail\/en\/ip_24_1727\" target=\"_blank\" rel=\"noopener\">European Commission<\/a><\/p>\n","protected":false},"excerpt":{"rendered":"<p>The European Commission has published a report\u00a0outlining the good progress made so far under the EU&#8217;s long-term rural vision, highlighting positive outcomes delivered since 2021 and presenting ideas for future work. The report outlines progress made under the \u201cLong-term vision for the EU&#8217;s rural areas\u201d\u00a0to support stronger, more connected, resilient and prosperous rural areas and [&hellip;]<\/p>\n","protected":false},"author":101011,"featured_media":150158,"comment_status":"open","ping_status":"open","sticky":false,"template":"","format":"standard","meta":{"_acf_changed":false,"_relevanssi_hide_post":"","_relevanssi_hide_content":"","_relevanssi_pin_for_all":"","_relevanssi_pin_keywords":"","_relevanssi_unpin_keywords":"","_relevanssi_related_keywords":"","_relevanssi_related_include_ids":"","_relevanssi_related_exclude_ids":"","_relevanssi_related_no_append":"","_relevanssi_related_not_related":"","_relevanssi_related_posts":"","_relevanssi_noindex_reason":"","_monsterinsights_skip_tracking":false,"_monsterinsights_sitenote_active":false,"_monsterinsights_sitenote_note":"","_monsterinsights_sitenote_category":0,"_genesis_hide_title":false,"_genesis_hide_breadcrumbs":false,"_genesis_hide_singular_image":false,"_genesis_hide_footer_widgets":false,"_genesis_custom_body_class":"","_genesis_custom_post_class":"","_genesis_layout":"","footnotes":""},"categories":[4061,346],"tags":[779,1488,11918,10928,481,3789,11919],"class_list":{"0":"post-150160","1":"post","2":"type-post","3":"status-publish","4":"format-standard","5":"has-post-thumbnail","7":"category-agr-liv-far-fish","8":"category-eu-news","9":"tag-eu-en","10":"tag-european-commission","11":"tag-good-progress","12":"tag-long-term-vision","13":"tag-report","14":"tag-rural-areas","15":"tag-rural-areas-and-communities","16":"entry"},"acf":[],"yoast_head":"<!-- This site is optimized with the Yoast SEO plugin v27.4 - https:\/\/yoast.com\/product\/yoast-seo-wordpress\/ -->\n<title>European Commission publishes report highlighting progress on long-term vision for rural areas in the EU | CDE Almer\u00eda - Centro de Documentaci\u00f3n Europea - Universidad de Almer\u00eda<\/title>\n<meta name=\"robots\" content=\"index, follow, max-snippet:-1, max-image-preview:large, max-video-preview:-1\" \/>\n<link rel=\"canonical\" href=\"https:\/\/www.cde.ual.es\/en\/european-commission-publishes-report-highlighting-progress-on-long-term-vision-for-rural-areas-in-the-eu\/\" \/>\n<meta property=\"og:locale\" content=\"en_US\" \/>\n<meta property=\"og:type\" content=\"article\" \/>\n<meta property=\"og:title\" content=\"European Commission publishes report highlighting progress on long-term vision for rural areas in the EU | CDE Almer\u00eda - Centro de Documentaci\u00f3n Europea - Universidad de Almer\u00eda\" \/>\n<meta property=\"og:description\" content=\"The European Commission has published a report\u00a0outlining the good progress made so far under the EU&#8217;s long-term rural vision, highlighting positive outcomes delivered since 2021 and presenting ideas for future work. The report outlines progress made under the \u201cLong-term vision for the EU&#8217;s rural areas\u201d\u00a0to support stronger, more connected, resilient and prosperous rural areas and [&hellip;]\" \/>\n<meta property=\"og:url\" content=\"https:\/\/www.cde.ual.es\/en\/european-commission-publishes-report-highlighting-progress-on-long-term-vision-for-rural-areas-in-the-eu\/\" \/>\n<meta property=\"og:site_name\" content=\"CDE Almer\u00eda - Centro de Documentaci\u00f3n Europea - Universidad de Almer\u00eda\" \/>\n<meta property=\"article:publisher\" content=\"https:\/\/www.facebook.com\/cdeuniversidadalmeria\/\" \/>\n<meta property=\"article:published_time\" content=\"2024-04-01T08:08:06+00:00\" \/>\n<meta property=\"og:image\" content=\"https:\/\/www.cde.ual.es\/wp-content\/uploads\/2024\/04\/marta-ortigosa-hwdipmWMYvQ-unsplash-scaled.jpg\" \/>\n\t<meta property=\"og:image:width\" content=\"2560\" \/>\n\t<meta property=\"og:image:height\" content=\"1920\" \/>\n\t<meta property=\"og:image:type\" content=\"image\/jpeg\" \/>\n<meta name=\"author\" content=\"BECA 2 CDE\" \/>\n<meta name=\"twitter:card\" content=\"summary_large_image\" \/>\n<meta name=\"twitter:creator\" content=\"@cdeualmeria\" \/>\n<meta name=\"twitter:site\" content=\"@cdeualmeria\" \/>\n<meta name=\"twitter:label1\" content=\"Written by\" \/>\n\t<meta name=\"twitter:data1\" content=\"BECA 2 CDE\" \/>\n\t<meta name=\"twitter:label2\" content=\"Est. reading time\" \/>\n\t<meta name=\"twitter:data2\" content=\"4 minutes\" \/>\n<script type=\"application\/ld+json\" class=\"yoast-schema-graph\">{\"@context\":\"https:\\\/\\\/schema.org\",\"@graph\":[{\"@type\":\"Article\",\"@id\":\"https:\\\/\\\/www.cde.ual.es\\\/en\\\/european-commission-publishes-report-highlighting-progress-on-long-term-vision-for-rural-areas-in-the-eu\\\/#article\",\"isPartOf\":{\"@id\":\"https:\\\/\\\/www.cde.ual.es\\\/en\\\/european-commission-publishes-report-highlighting-progress-on-long-term-vision-for-rural-areas-in-the-eu\\\/\"},\"author\":{\"name\":\"BECA 2 CDE\",\"@id\":\"https:\\\/\\\/www.cde.ual.es\\\/#\\\/schema\\\/person\\\/ee46ebc19edfa19598c02cff83335acc\"},\"headline\":\"European Commission publishes report highlighting progress on long-term vision for rural areas in the EU\",\"datePublished\":\"2024-04-01T08:08:06+00:00\",\"mainEntityOfPage\":{\"@id\":\"https:\\\/\\\/www.cde.ual.es\\\/en\\\/european-commission-publishes-report-highlighting-progress-on-long-term-vision-for-rural-areas-in-the-eu\\\/\"},\"wordCount\":653,\"commentCount\":0,\"publisher\":{\"@id\":\"https:\\\/\\\/www.cde.ual.es\\\/#organization\"},\"image\":{\"@id\":\"https:\\\/\\\/www.cde.ual.es\\\/en\\\/european-commission-publishes-report-highlighting-progress-on-long-term-vision-for-rural-areas-in-the-eu\\\/#primaryimage\"},\"thumbnailUrl\":\"https:\\\/\\\/www.cde.ual.es\\\/wp-content\\\/uploads\\\/2024\\\/04\\\/marta-ortigosa-hwdipmWMYvQ-unsplash-scaled.jpg\",\"keywords\":[\"EU\",\"European Commission\",\"good progress\",\"long-term vision\",\"Report\",\"rural areas\",\"rural areas and communities\"],\"articleSection\":[\"Agriculture, Livestock Farming and Fisheries\",\"EU News\"],\"inLanguage\":\"en-US\",\"potentialAction\":[{\"@type\":\"CommentAction\",\"name\":\"Comment\",\"target\":[\"https:\\\/\\\/www.cde.ual.es\\\/en\\\/european-commission-publishes-report-highlighting-progress-on-long-term-vision-for-rural-areas-in-the-eu\\\/#respond\"]}]},{\"@type\":\"WebPage\",\"@id\":\"https:\\\/\\\/www.cde.ual.es\\\/en\\\/european-commission-publishes-report-highlighting-progress-on-long-term-vision-for-rural-areas-in-the-eu\\\/\",\"url\":\"https:\\\/\\\/www.cde.ual.es\\\/en\\\/european-commission-publishes-report-highlighting-progress-on-long-term-vision-for-rural-areas-in-the-eu\\\/\",\"name\":\"European Commission publishes report highlighting progress on long-term vision for rural areas in the EU | CDE Almer\u00eda - Centro de Documentaci\u00f3n Europea - Universidad de Almer\u00eda\",\"isPartOf\":{\"@id\":\"https:\\\/\\\/www.cde.ual.es\\\/#website\"},\"primaryImageOfPage\":{\"@id\":\"https:\\\/\\\/www.cde.ual.es\\\/en\\\/european-commission-publishes-report-highlighting-progress-on-long-term-vision-for-rural-areas-in-the-eu\\\/#primaryimage\"},\"image\":{\"@id\":\"https:\\\/\\\/www.cde.ual.es\\\/en\\\/european-commission-publishes-report-highlighting-progress-on-long-term-vision-for-rural-areas-in-the-eu\\\/#primaryimage\"},\"thumbnailUrl\":\"https:\\\/\\\/www.cde.ual.es\\\/wp-content\\\/uploads\\\/2024\\\/04\\\/marta-ortigosa-hwdipmWMYvQ-unsplash-scaled.jpg\",\"datePublished\":\"2024-04-01T08:08:06+00:00\",\"breadcrumb\":{\"@id\":\"https:\\\/\\\/www.cde.ual.es\\\/en\\\/european-commission-publishes-report-highlighting-progress-on-long-term-vision-for-rural-areas-in-the-eu\\\/#breadcrumb\"},\"inLanguage\":\"en-US\",\"potentialAction\":[{\"@type\":\"ReadAction\",\"target\":[\"https:\\\/\\\/www.cde.ual.es\\\/en\\\/european-commission-publishes-report-highlighting-progress-on-long-term-vision-for-rural-areas-in-the-eu\\\/\"]}]},{\"@type\":\"ImageObject\",\"inLanguage\":\"en-US\",\"@id\":\"https:\\\/\\\/www.cde.ual.es\\\/en\\\/european-commission-publishes-report-highlighting-progress-on-long-term-vision-for-rural-areas-in-the-eu\\\/#primaryimage\",\"url\":\"https:\\\/\\\/www.cde.ual.es\\\/wp-content\\\/uploads\\\/2024\\\/04\\\/marta-ortigosa-hwdipmWMYvQ-unsplash-scaled.jpg\",\"contentUrl\":\"https:\\\/\\\/www.cde.ual.es\\\/wp-content\\\/uploads\\\/2024\\\/04\\\/marta-ortigosa-hwdipmWMYvQ-unsplash-scaled.jpg\",\"width\":2560,\"height\":1920},{\"@type\":\"BreadcrumbList\",\"@id\":\"https:\\\/\\\/www.cde.ual.es\\\/en\\\/european-commission-publishes-report-highlighting-progress-on-long-term-vision-for-rural-areas-in-the-eu\\\/#breadcrumb\",\"itemListElement\":[{\"@type\":\"ListItem\",\"position\":1,\"name\":\"Inicio\",\"item\":\"https:\\\/\\\/www.cde.ual.es\\\/en\\\/\"},{\"@type\":\"ListItem\",\"position\":2,\"name\":\"EU News\",\"item\":\"https:\\\/\\\/www.cde.ual.es\\\/en\\\/category\\\/eu-news\\\/\"},{\"@type\":\"ListItem\",\"position\":3,\"name\":\"Agriculture, Livestock Farming and Fisheries\",\"item\":\"https:\\\/\\\/www.cde.ual.es\\\/en\\\/category\\\/eu-news\\\/agr-liv-far-fish\\\/\"},{\"@type\":\"ListItem\",\"position\":4,\"name\":\"European Commission publishes report highlighting progress on long-term vision for rural areas in the EU\"}]},{\"@type\":\"WebSite\",\"@id\":\"https:\\\/\\\/www.cde.ual.es\\\/#website\",\"url\":\"https:\\\/\\\/www.cde.ual.es\\\/\",\"name\":\"CDE Almer\u00eda - Centro de Documentaci\u00f3n Europea - Universidad de Almer\u00eda\",\"description\":\"Centro de Documentaci\u00f3n Europea de la Universidad de Almer\u00eda\",\"publisher\":{\"@id\":\"https:\\\/\\\/www.cde.ual.es\\\/#organization\"},\"alternateName\":\"CDE Almer\u00eda\",\"potentialAction\":[{\"@type\":\"SearchAction\",\"target\":{\"@type\":\"EntryPoint\",\"urlTemplate\":\"https:\\\/\\\/www.cde.ual.es\\\/?s={search_term_string}\"},\"query-input\":{\"@type\":\"PropertyValueSpecification\",\"valueRequired\":true,\"valueName\":\"search_term_string\"}}],\"inLanguage\":\"en-US\"},{\"@type\":\"Organization\",\"@id\":\"https:\\\/\\\/www.cde.ual.es\\\/#organization\",\"name\":\"Centro de Documentaci\u00f3n Europea de Almer\u00eda\",\"url\":\"https:\\\/\\\/www.cde.ual.es\\\/\",\"logo\":{\"@type\":\"ImageObject\",\"inLanguage\":\"en-US\",\"@id\":\"https:\\\/\\\/www.cde.ual.es\\\/#\\\/schema\\\/logo\\\/image\\\/\",\"url\":\"https:\\\/\\\/www.cde.ual.es\\\/wp-content\\\/uploads\\\/2025\\\/07\\\/cde-logo-3.png\",\"contentUrl\":\"https:\\\/\\\/www.cde.ual.es\\\/wp-content\\\/uploads\\\/2025\\\/07\\\/cde-logo-3.png\",\"width\":1400,\"height\":300,\"caption\":\"Centro de Documentaci\u00f3n Europea de Almer\u00eda\"},\"image\":{\"@id\":\"https:\\\/\\\/www.cde.ual.es\\\/#\\\/schema\\\/logo\\\/image\\\/\"},\"sameAs\":[\"https:\\\/\\\/www.facebook.com\\\/cdeuniversidadalmeria\\\/\",\"https:\\\/\\\/x.com\\\/cdeualmeria\",\"https:\\\/\\\/www.tiktok.com\\\/@cdealmeria\",\"https:\\\/\\\/www.instagram.com\\\/cdealmeria\\\/\",\"https:\\\/\\\/www.linkedin.com\\\/in\\\/cde-almera-812b26a9\\\/\"]},{\"@type\":\"Person\",\"@id\":\"https:\\\/\\\/www.cde.ual.es\\\/#\\\/schema\\\/person\\\/ee46ebc19edfa19598c02cff83335acc\",\"name\":\"BECA 2 CDE\",\"image\":{\"@type\":\"ImageObject\",\"inLanguage\":\"en-US\",\"@id\":\"https:\\\/\\\/secure.gravatar.com\\\/avatar\\\/35a481bbc04bbd90e91bdfa3b0b5541036c222a49b9ad37b6889a2afcb5311a5?s=96&d=mm&r=g\",\"url\":\"https:\\\/\\\/secure.gravatar.com\\\/avatar\\\/35a481bbc04bbd90e91bdfa3b0b5541036c222a49b9ad37b6889a2afcb5311a5?s=96&d=mm&r=g\",\"contentUrl\":\"https:\\\/\\\/secure.gravatar.com\\\/avatar\\\/35a481bbc04bbd90e91bdfa3b0b5541036c222a49b9ad37b6889a2afcb5311a5?s=96&d=mm&r=g\",\"caption\":\"BECA 2 CDE\"},\"sameAs\":[\"http:\\\/\\\/www.cdealmeria.com\"]}]}<\/script>\n<!-- \/ Yoast SEO plugin. -->","yoast_head_json":{"title":"European Commission publishes report highlighting progress on long-term vision for rural areas in the EU | CDE Almer\u00eda - Centro de Documentaci\u00f3n Europea - Universidad de Almer\u00eda","robots":{"index":"index","follow":"follow","max-snippet":"max-snippet:-1","max-image-preview":"max-image-preview:large","max-video-preview":"max-video-preview:-1"},"canonical":"https:\/\/www.cde.ual.es\/en\/european-commission-publishes-report-highlighting-progress-on-long-term-vision-for-rural-areas-in-the-eu\/","og_locale":"en_US","og_type":"article","og_title":"European Commission publishes report highlighting progress on long-term vision for rural areas in the EU | CDE Almer\u00eda - Centro de Documentaci\u00f3n Europea - Universidad de Almer\u00eda","og_description":"The European Commission has published a report\u00a0outlining the good progress made so far under the EU&#8217;s long-term rural vision, highlighting positive outcomes delivered since 2021 and presenting ideas for future work. The report outlines progress made under the \u201cLong-term vision for the EU&#8217;s rural areas\u201d\u00a0to support stronger, more connected, resilient and prosperous rural areas and [&hellip;]","og_url":"https:\/\/www.cde.ual.es\/en\/european-commission-publishes-report-highlighting-progress-on-long-term-vision-for-rural-areas-in-the-eu\/","og_site_name":"CDE Almer\u00eda - Centro de Documentaci\u00f3n Europea - Universidad de Almer\u00eda","article_publisher":"https:\/\/www.facebook.com\/cdeuniversidadalmeria\/","article_published_time":"2024-04-01T08:08:06+00:00","og_image":[{"width":2560,"height":1920,"url":"https:\/\/www.cde.ual.es\/wp-content\/uploads\/2024\/04\/marta-ortigosa-hwdipmWMYvQ-unsplash-scaled.jpg","type":"image\/jpeg"}],"author":"BECA 2 CDE","twitter_card":"summary_large_image","twitter_creator":"@cdeualmeria","twitter_site":"@cdeualmeria","twitter_misc":{"Written by":"BECA 2 CDE","Est. reading time":"4 minutes"},"schema":{"@context":"https:\/\/schema.org","@graph":[{"@type":"Article","@id":"https:\/\/www.cde.ual.es\/en\/european-commission-publishes-report-highlighting-progress-on-long-term-vision-for-rural-areas-in-the-eu\/#article","isPartOf":{"@id":"https:\/\/www.cde.ual.es\/en\/european-commission-publishes-report-highlighting-progress-on-long-term-vision-for-rural-areas-in-the-eu\/"},"author":{"name":"BECA 2 CDE","@id":"https:\/\/www.cde.ual.es\/#\/schema\/person\/ee46ebc19edfa19598c02cff83335acc"},"headline":"European Commission publishes report highlighting progress on long-term vision for rural areas in the EU","datePublished":"2024-04-01T08:08:06+00:00","mainEntityOfPage":{"@id":"https:\/\/www.cde.ual.es\/en\/european-commission-publishes-report-highlighting-progress-on-long-term-vision-for-rural-areas-in-the-eu\/"},"wordCount":653,"commentCount":0,"publisher":{"@id":"https:\/\/www.cde.ual.es\/#organization"},"image":{"@id":"https:\/\/www.cde.ual.es\/en\/european-commission-publishes-report-highlighting-progress-on-long-term-vision-for-rural-areas-in-the-eu\/#primaryimage"},"thumbnailUrl":"https:\/\/www.cde.ual.es\/wp-content\/uploads\/2024\/04\/marta-ortigosa-hwdipmWMYvQ-unsplash-scaled.jpg","keywords":["EU","European Commission","good progress","long-term vision","Report","rural areas","rural areas and communities"],"articleSection":["Agriculture, Livestock Farming and Fisheries","EU News"],"inLanguage":"en-US","potentialAction":[{"@type":"CommentAction","name":"Comment","target":["https:\/\/www.cde.ual.es\/en\/european-commission-publishes-report-highlighting-progress-on-long-term-vision-for-rural-areas-in-the-eu\/#respond"]}]},{"@type":"WebPage","@id":"https:\/\/www.cde.ual.es\/en\/european-commission-publishes-report-highlighting-progress-on-long-term-vision-for-rural-areas-in-the-eu\/","url":"https:\/\/www.cde.ual.es\/en\/european-commission-publishes-report-highlighting-progress-on-long-term-vision-for-rural-areas-in-the-eu\/","name":"European Commission publishes report highlighting progress on long-term vision for rural areas in the EU | CDE Almer\u00eda - Centro de Documentaci\u00f3n Europea - Universidad de Almer\u00eda","isPartOf":{"@id":"https:\/\/www.cde.ual.es\/#website"},"primaryImageOfPage":{"@id":"https:\/\/www.cde.ual.es\/en\/european-commission-publishes-report-highlighting-progress-on-long-term-vision-for-rural-areas-in-the-eu\/#primaryimage"},"image":{"@id":"https:\/\/www.cde.ual.es\/en\/european-commission-publishes-report-highlighting-progress-on-long-term-vision-for-rural-areas-in-the-eu\/#primaryimage"},"thumbnailUrl":"https:\/\/www.cde.ual.es\/wp-content\/uploads\/2024\/04\/marta-ortigosa-hwdipmWMYvQ-unsplash-scaled.jpg","datePublished":"2024-04-01T08:08:06+00:00","breadcrumb":{"@id":"https:\/\/www.cde.ual.es\/en\/european-commission-publishes-report-highlighting-progress-on-long-term-vision-for-rural-areas-in-the-eu\/#breadcrumb"},"inLanguage":"en-US","potentialAction":[{"@type":"ReadAction","target":["https:\/\/www.cde.ual.es\/en\/european-commission-publishes-report-highlighting-progress-on-long-term-vision-for-rural-areas-in-the-eu\/"]}]},{"@type":"ImageObject","inLanguage":"en-US","@id":"https:\/\/www.cde.ual.es\/en\/european-commission-publishes-report-highlighting-progress-on-long-term-vision-for-rural-areas-in-the-eu\/#primaryimage","url":"https:\/\/www.cde.ual.es\/wp-content\/uploads\/2024\/04\/marta-ortigosa-hwdipmWMYvQ-unsplash-scaled.jpg","contentUrl":"https:\/\/www.cde.ual.es\/wp-content\/uploads\/2024\/04\/marta-ortigosa-hwdipmWMYvQ-unsplash-scaled.jpg","width":2560,"height":1920},{"@type":"BreadcrumbList","@id":"https:\/\/www.cde.ual.es\/en\/european-commission-publishes-report-highlighting-progress-on-long-term-vision-for-rural-areas-in-the-eu\/#breadcrumb","itemListElement":[{"@type":"ListItem","position":1,"name":"Inicio","item":"https:\/\/www.cde.ual.es\/en\/"},{"@type":"ListItem","position":2,"name":"EU News","item":"https:\/\/www.cde.ual.es\/en\/category\/eu-news\/"},{"@type":"ListItem","position":3,"name":"Agriculture, Livestock Farming and Fisheries","item":"https:\/\/www.cde.ual.es\/en\/category\/eu-news\/agr-liv-far-fish\/"},{"@type":"ListItem","position":4,"name":"European Commission publishes report highlighting progress on long-term vision for rural areas in the EU"}]},{"@type":"WebSite","@id":"https:\/\/www.cde.ual.es\/#website","url":"https:\/\/www.cde.ual.es\/","name":"CDE Almer\u00eda - Centro de Documentaci\u00f3n Europea - Universidad de Almer\u00eda","description":"Centro de Documentaci\u00f3n Europea de la Universidad de Almer\u00eda","publisher":{"@id":"https:\/\/www.cde.ual.es\/#organization"},"alternateName":"CDE Almer\u00eda","potentialAction":[{"@type":"SearchAction","target":{"@type":"EntryPoint","urlTemplate":"https:\/\/www.cde.ual.es\/?s={search_term_string}"},"query-input":{"@type":"PropertyValueSpecification","valueRequired":true,"valueName":"search_term_string"}}],"inLanguage":"en-US"},{"@type":"Organization","@id":"https:\/\/www.cde.ual.es\/#organization","name":"Centro de Documentaci\u00f3n Europea de Almer\u00eda","url":"https:\/\/www.cde.ual.es\/","logo":{"@type":"ImageObject","inLanguage":"en-US","@id":"https:\/\/www.cde.ual.es\/#\/schema\/logo\/image\/","url":"https:\/\/www.cde.ual.es\/wp-content\/uploads\/2025\/07\/cde-logo-3.png","contentUrl":"https:\/\/www.cde.ual.es\/wp-content\/uploads\/2025\/07\/cde-logo-3.png","width":1400,"height":300,"caption":"Centro de Documentaci\u00f3n Europea de Almer\u00eda"},"image":{"@id":"https:\/\/www.cde.ual.es\/#\/schema\/logo\/image\/"},"sameAs":["https:\/\/www.facebook.com\/cdeuniversidadalmeria\/","https:\/\/x.com\/cdeualmeria","https:\/\/www.tiktok.com\/@cdealmeria","https:\/\/www.instagram.com\/cdealmeria\/","https:\/\/www.linkedin.com\/in\/cde-almera-812b26a9\/"]},{"@type":"Person","@id":"https:\/\/www.cde.ual.es\/#\/schema\/person\/ee46ebc19edfa19598c02cff83335acc","name":"BECA 2 CDE","image":{"@type":"ImageObject","inLanguage":"en-US","@id":"https:\/\/secure.gravatar.com\/avatar\/35a481bbc04bbd90e91bdfa3b0b5541036c222a49b9ad37b6889a2afcb5311a5?s=96&d=mm&r=g","url":"https:\/\/secure.gravatar.com\/avatar\/35a481bbc04bbd90e91bdfa3b0b5541036c222a49b9ad37b6889a2afcb5311a5?s=96&d=mm&r=g","contentUrl":"https:\/\/secure.gravatar.com\/avatar\/35a481bbc04bbd90e91bdfa3b0b5541036c222a49b9ad37b6889a2afcb5311a5?s=96&d=mm&r=g","caption":"BECA 2 CDE"},"sameAs":["http:\/\/www.cdealmeria.com"]}]}},"_links":{"self":[{"href":"https:\/\/www.cde.ual.es\/en\/wp-json\/wp\/v2\/posts\/150160","targetHints":{"allow":["GET"]}}],"collection":[{"href":"https:\/\/www.cde.ual.es\/en\/wp-json\/wp\/v2\/posts"}],"about":[{"href":"https:\/\/www.cde.ual.es\/en\/wp-json\/wp\/v2\/types\/post"}],"author":[{"embeddable":true,"href":"https:\/\/www.cde.ual.es\/en\/wp-json\/wp\/v2\/users\/101011"}],"replies":[{"embeddable":true,"href":"https:\/\/www.cde.ual.es\/en\/wp-json\/wp\/v2\/comments?post=150160"}],"version-history":[{"count":1,"href":"https:\/\/www.cde.ual.es\/en\/wp-json\/wp\/v2\/posts\/150160\/revisions"}],"predecessor-version":[{"id":150161,"href":"https:\/\/www.cde.ual.es\/en\/wp-json\/wp\/v2\/posts\/150160\/revisions\/150161"}],"wp:featuredmedia":[{"embeddable":true,"href":"https:\/\/www.cde.ual.es\/en\/wp-json\/wp\/v2\/media\/150158"}],"wp:attachment":[{"href":"https:\/\/www.cde.ual.es\/en\/wp-json\/wp\/v2\/media?parent=150160"}],"wp:term":[{"taxonomy":"category","embeddable":true,"href":"https:\/\/www.cde.ual.es\/en\/wp-json\/wp\/v2\/categories?post=150160"},{"taxonomy":"post_tag","embeddable":true,"href":"https:\/\/www.cde.ual.es\/en\/wp-json\/wp\/v2\/tags?post=150160"}],"curies":[{"name":"wp","href":"https:\/\/api.w.org\/{rel}","templated":true}]}}