{"id":14993,"date":"2019-03-22T12:05:07","date_gmt":"2019-03-22T11:05:07","guid":{"rendered":"http:\/\/www.cde.ual.es\/?p=14993"},"modified":"2019-03-22T12:05:07","modified_gmt":"2019-03-22T11:05:07","slug":"premio-de-ensayo-de-la-omc-para-jovenes-economistas","status":"publish","type":"post","link":"https:\/\/www.cde.ual.es\/en\/premio-de-ensayo-de-la-omc-para-jovenes-economistas\/","title":{"rendered":"Premio de ensayo de la OMC para j\u00f3venes economistas"},"content":{"rendered":"<p><a href=\"http:\/\/www.cde.ual.es\/wp-content\/uploads\/2019\/03\/Ensayo-OMC.png\"><img decoding=\"async\" class=\" wp-image-14988 aligncenter\" src=\"http:\/\/www.cde.ual.es\/wp-content\/uploads\/2019\/03\/Ensayo-OMC-300x156.png\" alt=\"Premio de ensayo de la OMC para j\u00f3venes economistas\" width=\"310\" height=\"161\" srcset=\"https:\/\/www.cde.ual.es\/wp-content\/uploads\/2019\/03\/Ensayo-OMC-300x156.png 300w, https:\/\/www.cde.ual.es\/wp-content\/uploads\/2019\/03\/Ensayo-OMC.png 522w\" sizes=\"(max-width: 310px) 100vw, 310px\" \/><\/a><\/p>\n<p><em><strong>La Organizaci\u00f3n Mundial de Comercio lanz\u00f3 el Premio de Ensayo para J\u00f3venes Economistas 2019 que apunta a promover una investigaci\u00f3n de alta calidad sobre pol\u00edtica comercial y cooperaci\u00f3n comercial internacional entre economistas j\u00f3venes y reforzar la relaci\u00f3n entre la OMC y la comunidad acad\u00e9mica.<\/strong><\/em><\/p>\n<h3>De que va el concurso<\/h3>\n<p>Tendr\u00e1 que escribir un ensayo de un m\u00e1ximo de 15,000 palabras que aborden los problemas relacionados con la pol\u00edtica comercial y la cooperaci\u00f3n comercial internacional.<\/p>\n<h3>Criterios de participaci\u00f3n<\/h3>\n<p>Los solicitantes deben tener o estar comprometidos en la obtenci\u00f3n de un t\u00edtulo de doctorado y, si tienen m\u00e1s de 30 a\u00f1os de edad, no deben estar m\u00e1s de dos a\u00f1os despu\u00e9s de una defensa de doctorado.<br \/>\nEn el caso de un art\u00edculo de coautor\u00eda, este requisito se aplicar\u00e1 a todos los autores.<\/p>\n<h3>Premios<\/h3>\n<p>El autor ganador recibir\u00e1 un premio de CHF 5,000 y publicar\u00e1 el ensayo en la Serie de Documentos de Trabajo de la OMC. En el caso de un art\u00edculo de coautor\u00eda, el premio se dividir\u00e1 en partes iguales entre los autores.<br \/>\nLos autores ganadores ser\u00e1n invitados a asistir a la ceremonia de entrega de premios que tendr\u00e1 lugar en la reuni\u00f3n anual del European Trade Study Group (ETSG) en septiembre de 2019 en Berna, Suiza.<\/p>\n<h3>Fecha l\u00edmite<\/h3>\n<p>31 de mayo de 2019<\/p>\n<h3>M\u00e1s informaci\u00f3n<\/h3>\n<p><a href=\"https:\/\/programmes.eurodesk.eu\/participating#64399\">Noticia completa<\/a><\/p>\n<p><a href=\"https:\/\/www.wto.org\/english\/news_e\/news19_e\/essay_13feb19_e.htm\">Premio de ensayo de la OMC para j\u00f3venes economistas<\/a><\/p>\n","protected":false},"excerpt":{"rendered":"<p>La Organizaci\u00f3n Mundial de Comercio lanz\u00f3 el Premio de Ensayo para J\u00f3venes Economistas 2019 que apunta a promover una investigaci\u00f3n de alta calidad sobre pol\u00edtica comercial y cooperaci\u00f3n comercial internacional entre economistas j\u00f3venes y reforzar la relaci\u00f3n entre la OMC y la comunidad acad\u00e9mica. De que va el concurso Tendr\u00e1 que escribir un ensayo de [&hellip;]<\/p>\n","protected":false},"author":1,"featured_media":14988,"comment_status":"open","ping_status":"open","sticky":false,"template":"","format":"standard","meta":{"_acf_changed":false,"_relevanssi_hide_post":"","_relevanssi_hide_content":"","_relevanssi_pin_for_all":"","_relevanssi_pin_keywords":"","_relevanssi_unpin_keywords":"","_relevanssi_related_keywords":"","_relevanssi_related_include_ids":"","_relevanssi_related_exclude_ids":"","_relevanssi_related_no_append":"","_relevanssi_related_not_related":"","_relevanssi_related_posts":"","_relevanssi_noindex_reason":"","_monsterinsights_skip_tracking":false,"_monsterinsights_sitenote_active":false,"_monsterinsights_sitenote_note":"","_monsterinsights_sitenote_category":0,"_genesis_hide_title":false,"_genesis_hide_breadcrumbs":false,"_genesis_hide_singular_image":false,"_genesis_hide_footer_widgets":false,"_genesis_custom_body_class":"","_genesis_custom_post_class":"","_genesis_layout":"","footnotes":""},"categories":[136],"tags":[458,153],"class_list":{"0":"post-14993","1":"post","2":"type-post","3":"status-publish","4":"format-standard","5":"has-post-thumbnail","7":"category-convocatorias-y-premios-ue","8":"tag-doctorado","9":"tag-economia","10":"entry"},"acf":[],"yoast_head":"<!-- This site is optimized with the Yoast SEO plugin v27.4 - https:\/\/yoast.com\/product\/yoast-seo-wordpress\/ -->\n<title>Premio de ensayo de la OMC para j\u00f3venes economistas | CDE Almer\u00eda - Centro de Documentaci\u00f3n Europea - Universidad de Almer\u00eda<\/title>\n<meta name=\"robots\" content=\"index, follow, max-snippet:-1, max-image-preview:large, max-video-preview:-1\" \/>\n<link rel=\"canonical\" href=\"https:\/\/www.cde.ual.es\/premio-de-ensayo-de-la-omc-para-jovenes-economistas\/\" \/>\n<meta property=\"og:locale\" content=\"en_US\" \/>\n<meta property=\"og:type\" content=\"article\" \/>\n<meta property=\"og:title\" content=\"Premio de ensayo de la OMC para j\u00f3venes economistas | CDE Almer\u00eda - Centro de Documentaci\u00f3n Europea - Universidad de Almer\u00eda\" \/>\n<meta property=\"og:description\" content=\"La Organizaci\u00f3n Mundial de Comercio lanz\u00f3 el Premio de Ensayo para J\u00f3venes Economistas 2019 que apunta a promover una investigaci\u00f3n de alta calidad sobre pol\u00edtica comercial y cooperaci\u00f3n comercial internacional entre economistas j\u00f3venes y reforzar la relaci\u00f3n entre la OMC y la comunidad acad\u00e9mica. De que va el concurso Tendr\u00e1 que escribir un ensayo de [&hellip;]\" \/>\n<meta property=\"og:url\" content=\"https:\/\/www.cde.ual.es\/premio-de-ensayo-de-la-omc-para-jovenes-economistas\/\" \/>\n<meta property=\"og:site_name\" content=\"CDE Almer\u00eda - Centro de Documentaci\u00f3n Europea - Universidad de Almer\u00eda\" \/>\n<meta property=\"article:publisher\" content=\"https:\/\/www.facebook.com\/cdeuniversidadalmeria\/\" \/>\n<meta property=\"article:published_time\" content=\"2019-03-22T11:05:07+00:00\" \/>\n<meta property=\"og:image\" content=\"https:\/\/www.cde.ual.es\/wp-content\/uploads\/2019\/03\/Ensayo-OMC.png\" \/>\n\t<meta property=\"og:image:width\" content=\"522\" \/>\n\t<meta property=\"og:image:height\" content=\"271\" \/>\n\t<meta property=\"og:image:type\" content=\"image\/png\" \/>\n<meta name=\"author\" content=\"AdminCDE\" \/>\n<meta name=\"twitter:card\" content=\"summary_large_image\" \/>\n<meta name=\"twitter:creator\" content=\"@cdeualmeria\" \/>\n<meta name=\"twitter:site\" content=\"@cdeualmeria\" \/>\n<meta name=\"twitter:label1\" content=\"Written by\" \/>\n\t<meta name=\"twitter:data1\" content=\"AdminCDE\" \/>\n\t<meta name=\"twitter:label2\" content=\"Est. reading time\" \/>\n\t<meta name=\"twitter:data2\" content=\"1 minute\" \/>\n<script type=\"application\/ld+json\" class=\"yoast-schema-graph\">{\"@context\":\"https:\\\/\\\/schema.org\",\"@graph\":[{\"@type\":\"Article\",\"@id\":\"https:\\\/\\\/www.cde.ual.es\\\/premio-de-ensayo-de-la-omc-para-jovenes-economistas\\\/#article\",\"isPartOf\":{\"@id\":\"https:\\\/\\\/www.cde.ual.es\\\/premio-de-ensayo-de-la-omc-para-jovenes-economistas\\\/\"},\"author\":{\"name\":\"AdminCDE\",\"@id\":\"https:\\\/\\\/www.cde.ual.es\\\/#\\\/schema\\\/person\\\/224ef08c8bcc005f319d2713ce37ee5f\"},\"headline\":\"Premio de ensayo de la OMC para j\u00f3venes economistas\",\"datePublished\":\"2019-03-22T11:05:07+00:00\",\"mainEntityOfPage\":{\"@id\":\"https:\\\/\\\/www.cde.ual.es\\\/premio-de-ensayo-de-la-omc-para-jovenes-economistas\\\/\"},\"wordCount\":258,\"commentCount\":0,\"publisher\":{\"@id\":\"https:\\\/\\\/www.cde.ual.es\\\/#organization\"},\"image\":{\"@id\":\"https:\\\/\\\/www.cde.ual.es\\\/premio-de-ensayo-de-la-omc-para-jovenes-economistas\\\/#primaryimage\"},\"thumbnailUrl\":\"https:\\\/\\\/www.cde.ual.es\\\/wp-content\\\/uploads\\\/2019\\\/03\\\/Ensayo-OMC.png\",\"keywords\":[\"doctorado\",\"Econom\u00eda\"],\"articleSection\":[\"Convocatorias y Premios UE\"],\"inLanguage\":\"en-US\",\"potentialAction\":[{\"@type\":\"CommentAction\",\"name\":\"Comment\",\"target\":[\"https:\\\/\\\/www.cde.ual.es\\\/premio-de-ensayo-de-la-omc-para-jovenes-economistas\\\/#respond\"]}]},{\"@type\":\"WebPage\",\"@id\":\"https:\\\/\\\/www.cde.ual.es\\\/premio-de-ensayo-de-la-omc-para-jovenes-economistas\\\/\",\"url\":\"https:\\\/\\\/www.cde.ual.es\\\/premio-de-ensayo-de-la-omc-para-jovenes-economistas\\\/\",\"name\":\"Premio de ensayo de la OMC para j\u00f3venes economistas | CDE Almer\u00eda - Centro de Documentaci\u00f3n Europea - Universidad de Almer\u00eda\",\"isPartOf\":{\"@id\":\"https:\\\/\\\/www.cde.ual.es\\\/#website\"},\"primaryImageOfPage\":{\"@id\":\"https:\\\/\\\/www.cde.ual.es\\\/premio-de-ensayo-de-la-omc-para-jovenes-economistas\\\/#primaryimage\"},\"image\":{\"@id\":\"https:\\\/\\\/www.cde.ual.es\\\/premio-de-ensayo-de-la-omc-para-jovenes-economistas\\\/#primaryimage\"},\"thumbnailUrl\":\"https:\\\/\\\/www.cde.ual.es\\\/wp-content\\\/uploads\\\/2019\\\/03\\\/Ensayo-OMC.png\",\"datePublished\":\"2019-03-22T11:05:07+00:00\",\"breadcrumb\":{\"@id\":\"https:\\\/\\\/www.cde.ual.es\\\/premio-de-ensayo-de-la-omc-para-jovenes-economistas\\\/#breadcrumb\"},\"inLanguage\":\"en-US\",\"potentialAction\":[{\"@type\":\"ReadAction\",\"target\":[\"https:\\\/\\\/www.cde.ual.es\\\/premio-de-ensayo-de-la-omc-para-jovenes-economistas\\\/\"]}]},{\"@type\":\"ImageObject\",\"inLanguage\":\"en-US\",\"@id\":\"https:\\\/\\\/www.cde.ual.es\\\/premio-de-ensayo-de-la-omc-para-jovenes-economistas\\\/#primaryimage\",\"url\":\"https:\\\/\\\/www.cde.ual.es\\\/wp-content\\\/uploads\\\/2019\\\/03\\\/Ensayo-OMC.png\",\"contentUrl\":\"https:\\\/\\\/www.cde.ual.es\\\/wp-content\\\/uploads\\\/2019\\\/03\\\/Ensayo-OMC.png\",\"width\":522,\"height\":271,\"caption\":\"Premio de ensayo de la OMC para j\u00f3venes economistas\"},{\"@type\":\"BreadcrumbList\",\"@id\":\"https:\\\/\\\/www.cde.ual.es\\\/premio-de-ensayo-de-la-omc-para-jovenes-economistas\\\/#breadcrumb\",\"itemListElement\":[{\"@type\":\"ListItem\",\"position\":1,\"name\":\"Inicio\",\"item\":\"https:\\\/\\\/www.cde.ual.es\\\/en\\\/\"},{\"@type\":\"ListItem\",\"position\":2,\"name\":\"Convocatorias y Premios UE\",\"item\":\"https:\\\/\\\/www.cde.ual.es\\\/category\\\/convocatorias-y-premios-ue\\\/\"},{\"@type\":\"ListItem\",\"position\":3,\"name\":\"Premio de ensayo de la OMC para j\u00f3venes economistas\"}]},{\"@type\":\"WebSite\",\"@id\":\"https:\\\/\\\/www.cde.ual.es\\\/#website\",\"url\":\"https:\\\/\\\/www.cde.ual.es\\\/\",\"name\":\"CDE Almer\u00eda - Centro de Documentaci\u00f3n Europea - Universidad de Almer\u00eda\",\"description\":\"Centro de Documentaci\u00f3n Europea de la Universidad de Almer\u00eda\",\"publisher\":{\"@id\":\"https:\\\/\\\/www.cde.ual.es\\\/#organization\"},\"alternateName\":\"CDE Almer\u00eda\",\"potentialAction\":[{\"@type\":\"SearchAction\",\"target\":{\"@type\":\"EntryPoint\",\"urlTemplate\":\"https:\\\/\\\/www.cde.ual.es\\\/?s={search_term_string}\"},\"query-input\":{\"@type\":\"PropertyValueSpecification\",\"valueRequired\":true,\"valueName\":\"search_term_string\"}}],\"inLanguage\":\"en-US\"},{\"@type\":\"Organization\",\"@id\":\"https:\\\/\\\/www.cde.ual.es\\\/#organization\",\"name\":\"Centro de Documentaci\u00f3n Europea de Almer\u00eda\",\"url\":\"https:\\\/\\\/www.cde.ual.es\\\/\",\"logo\":{\"@type\":\"ImageObject\",\"inLanguage\":\"en-US\",\"@id\":\"https:\\\/\\\/www.cde.ual.es\\\/#\\\/schema\\\/logo\\\/image\\\/\",\"url\":\"https:\\\/\\\/www.cde.ual.es\\\/wp-content\\\/uploads\\\/2025\\\/07\\\/cde-logo-3.png\",\"contentUrl\":\"https:\\\/\\\/www.cde.ual.es\\\/wp-content\\\/uploads\\\/2025\\\/07\\\/cde-logo-3.png\",\"width\":1400,\"height\":300,\"caption\":\"Centro de Documentaci\u00f3n Europea de Almer\u00eda\"},\"image\":{\"@id\":\"https:\\\/\\\/www.cde.ual.es\\\/#\\\/schema\\\/logo\\\/image\\\/\"},\"sameAs\":[\"https:\\\/\\\/www.facebook.com\\\/cdeuniversidadalmeria\\\/\",\"https:\\\/\\\/x.com\\\/cdeualmeria\",\"https:\\\/\\\/www.tiktok.com\\\/@cdealmeria\",\"https:\\\/\\\/www.instagram.com\\\/cdealmeria\\\/\",\"https:\\\/\\\/www.linkedin.com\\\/in\\\/cde-almera-812b26a9\\\/\"]},{\"@type\":\"Person\",\"@id\":\"https:\\\/\\\/www.cde.ual.es\\\/#\\\/schema\\\/person\\\/224ef08c8bcc005f319d2713ce37ee5f\",\"name\":\"AdminCDE\",\"image\":{\"@type\":\"ImageObject\",\"inLanguage\":\"en-US\",\"@id\":\"https:\\\/\\\/secure.gravatar.com\\\/avatar\\\/a72d038d371f995cd13706fac32274b7952a52e8fb0a84b5f80c85426f2a98a8?s=96&d=mm&r=g\",\"url\":\"https:\\\/\\\/secure.gravatar.com\\\/avatar\\\/a72d038d371f995cd13706fac32274b7952a52e8fb0a84b5f80c85426f2a98a8?s=96&d=mm&r=g\",\"contentUrl\":\"https:\\\/\\\/secure.gravatar.com\\\/avatar\\\/a72d038d371f995cd13706fac32274b7952a52e8fb0a84b5f80c85426f2a98a8?s=96&d=mm&r=g\",\"caption\":\"AdminCDE\"}}]}<\/script>\n<!-- \/ Yoast SEO plugin. -->","yoast_head_json":{"title":"Premio de ensayo de la OMC para j\u00f3venes economistas | CDE Almer\u00eda - Centro de Documentaci\u00f3n Europea - Universidad de Almer\u00eda","robots":{"index":"index","follow":"follow","max-snippet":"max-snippet:-1","max-image-preview":"max-image-preview:large","max-video-preview":"max-video-preview:-1"},"canonical":"https:\/\/www.cde.ual.es\/premio-de-ensayo-de-la-omc-para-jovenes-economistas\/","og_locale":"en_US","og_type":"article","og_title":"Premio de ensayo de la OMC para j\u00f3venes economistas | CDE Almer\u00eda - Centro de Documentaci\u00f3n Europea - Universidad de Almer\u00eda","og_description":"La Organizaci\u00f3n Mundial de Comercio lanz\u00f3 el Premio de Ensayo para J\u00f3venes Economistas 2019 que apunta a promover una investigaci\u00f3n de alta calidad sobre pol\u00edtica comercial y cooperaci\u00f3n comercial internacional entre economistas j\u00f3venes y reforzar la relaci\u00f3n entre la OMC y la comunidad acad\u00e9mica. De que va el concurso Tendr\u00e1 que escribir un ensayo de [&hellip;]","og_url":"https:\/\/www.cde.ual.es\/premio-de-ensayo-de-la-omc-para-jovenes-economistas\/","og_site_name":"CDE Almer\u00eda - Centro de Documentaci\u00f3n Europea - Universidad de Almer\u00eda","article_publisher":"https:\/\/www.facebook.com\/cdeuniversidadalmeria\/","article_published_time":"2019-03-22T11:05:07+00:00","og_image":[{"width":522,"height":271,"url":"https:\/\/www.cde.ual.es\/wp-content\/uploads\/2019\/03\/Ensayo-OMC.png","type":"image\/png"}],"author":"AdminCDE","twitter_card":"summary_large_image","twitter_creator":"@cdeualmeria","twitter_site":"@cdeualmeria","twitter_misc":{"Written by":"AdminCDE","Est. reading time":"1 minute"},"schema":{"@context":"https:\/\/schema.org","@graph":[{"@type":"Article","@id":"https:\/\/www.cde.ual.es\/premio-de-ensayo-de-la-omc-para-jovenes-economistas\/#article","isPartOf":{"@id":"https:\/\/www.cde.ual.es\/premio-de-ensayo-de-la-omc-para-jovenes-economistas\/"},"author":{"name":"AdminCDE","@id":"https:\/\/www.cde.ual.es\/#\/schema\/person\/224ef08c8bcc005f319d2713ce37ee5f"},"headline":"Premio de ensayo de la OMC para j\u00f3venes economistas","datePublished":"2019-03-22T11:05:07+00:00","mainEntityOfPage":{"@id":"https:\/\/www.cde.ual.es\/premio-de-ensayo-de-la-omc-para-jovenes-economistas\/"},"wordCount":258,"commentCount":0,"publisher":{"@id":"https:\/\/www.cde.ual.es\/#organization"},"image":{"@id":"https:\/\/www.cde.ual.es\/premio-de-ensayo-de-la-omc-para-jovenes-economistas\/#primaryimage"},"thumbnailUrl":"https:\/\/www.cde.ual.es\/wp-content\/uploads\/2019\/03\/Ensayo-OMC.png","keywords":["doctorado","Econom\u00eda"],"articleSection":["Convocatorias y Premios UE"],"inLanguage":"en-US","potentialAction":[{"@type":"CommentAction","name":"Comment","target":["https:\/\/www.cde.ual.es\/premio-de-ensayo-de-la-omc-para-jovenes-economistas\/#respond"]}]},{"@type":"WebPage","@id":"https:\/\/www.cde.ual.es\/premio-de-ensayo-de-la-omc-para-jovenes-economistas\/","url":"https:\/\/www.cde.ual.es\/premio-de-ensayo-de-la-omc-para-jovenes-economistas\/","name":"Premio de ensayo de la OMC para j\u00f3venes economistas | CDE Almer\u00eda - Centro de Documentaci\u00f3n Europea - Universidad de Almer\u00eda","isPartOf":{"@id":"https:\/\/www.cde.ual.es\/#website"},"primaryImageOfPage":{"@id":"https:\/\/www.cde.ual.es\/premio-de-ensayo-de-la-omc-para-jovenes-economistas\/#primaryimage"},"image":{"@id":"https:\/\/www.cde.ual.es\/premio-de-ensayo-de-la-omc-para-jovenes-economistas\/#primaryimage"},"thumbnailUrl":"https:\/\/www.cde.ual.es\/wp-content\/uploads\/2019\/03\/Ensayo-OMC.png","datePublished":"2019-03-22T11:05:07+00:00","breadcrumb":{"@id":"https:\/\/www.cde.ual.es\/premio-de-ensayo-de-la-omc-para-jovenes-economistas\/#breadcrumb"},"inLanguage":"en-US","potentialAction":[{"@type":"ReadAction","target":["https:\/\/www.cde.ual.es\/premio-de-ensayo-de-la-omc-para-jovenes-economistas\/"]}]},{"@type":"ImageObject","inLanguage":"en-US","@id":"https:\/\/www.cde.ual.es\/premio-de-ensayo-de-la-omc-para-jovenes-economistas\/#primaryimage","url":"https:\/\/www.cde.ual.es\/wp-content\/uploads\/2019\/03\/Ensayo-OMC.png","contentUrl":"https:\/\/www.cde.ual.es\/wp-content\/uploads\/2019\/03\/Ensayo-OMC.png","width":522,"height":271,"caption":"Premio de ensayo de la OMC para j\u00f3venes economistas"},{"@type":"BreadcrumbList","@id":"https:\/\/www.cde.ual.es\/premio-de-ensayo-de-la-omc-para-jovenes-economistas\/#breadcrumb","itemListElement":[{"@type":"ListItem","position":1,"name":"Inicio","item":"https:\/\/www.cde.ual.es\/en\/"},{"@type":"ListItem","position":2,"name":"Convocatorias y Premios UE","item":"https:\/\/www.cde.ual.es\/category\/convocatorias-y-premios-ue\/"},{"@type":"ListItem","position":3,"name":"Premio de ensayo de la OMC para j\u00f3venes economistas"}]},{"@type":"WebSite","@id":"https:\/\/www.cde.ual.es\/#website","url":"https:\/\/www.cde.ual.es\/","name":"CDE Almer\u00eda - Centro de Documentaci\u00f3n Europea - Universidad de Almer\u00eda","description":"Centro de Documentaci\u00f3n Europea de la Universidad de Almer\u00eda","publisher":{"@id":"https:\/\/www.cde.ual.es\/#organization"},"alternateName":"CDE Almer\u00eda","potentialAction":[{"@type":"SearchAction","target":{"@type":"EntryPoint","urlTemplate":"https:\/\/www.cde.ual.es\/?s={search_term_string}"},"query-input":{"@type":"PropertyValueSpecification","valueRequired":true,"valueName":"search_term_string"}}],"inLanguage":"en-US"},{"@type":"Organization","@id":"https:\/\/www.cde.ual.es\/#organization","name":"Centro de Documentaci\u00f3n Europea de Almer\u00eda","url":"https:\/\/www.cde.ual.es\/","logo":{"@type":"ImageObject","inLanguage":"en-US","@id":"https:\/\/www.cde.ual.es\/#\/schema\/logo\/image\/","url":"https:\/\/www.cde.ual.es\/wp-content\/uploads\/2025\/07\/cde-logo-3.png","contentUrl":"https:\/\/www.cde.ual.es\/wp-content\/uploads\/2025\/07\/cde-logo-3.png","width":1400,"height":300,"caption":"Centro de Documentaci\u00f3n Europea de Almer\u00eda"},"image":{"@id":"https:\/\/www.cde.ual.es\/#\/schema\/logo\/image\/"},"sameAs":["https:\/\/www.facebook.com\/cdeuniversidadalmeria\/","https:\/\/x.com\/cdeualmeria","https:\/\/www.tiktok.com\/@cdealmeria","https:\/\/www.instagram.com\/cdealmeria\/","https:\/\/www.linkedin.com\/in\/cde-almera-812b26a9\/"]},{"@type":"Person","@id":"https:\/\/www.cde.ual.es\/#\/schema\/person\/224ef08c8bcc005f319d2713ce37ee5f","name":"AdminCDE","image":{"@type":"ImageObject","inLanguage":"en-US","@id":"https:\/\/secure.gravatar.com\/avatar\/a72d038d371f995cd13706fac32274b7952a52e8fb0a84b5f80c85426f2a98a8?s=96&d=mm&r=g","url":"https:\/\/secure.gravatar.com\/avatar\/a72d038d371f995cd13706fac32274b7952a52e8fb0a84b5f80c85426f2a98a8?s=96&d=mm&r=g","contentUrl":"https:\/\/secure.gravatar.com\/avatar\/a72d038d371f995cd13706fac32274b7952a52e8fb0a84b5f80c85426f2a98a8?s=96&d=mm&r=g","caption":"AdminCDE"}}]}},"_links":{"self":[{"href":"https:\/\/www.cde.ual.es\/en\/wp-json\/wp\/v2\/posts\/14993","targetHints":{"allow":["GET"]}}],"collection":[{"href":"https:\/\/www.cde.ual.es\/en\/wp-json\/wp\/v2\/posts"}],"about":[{"href":"https:\/\/www.cde.ual.es\/en\/wp-json\/wp\/v2\/types\/post"}],"author":[{"embeddable":true,"href":"https:\/\/www.cde.ual.es\/en\/wp-json\/wp\/v2\/users\/1"}],"replies":[{"embeddable":true,"href":"https:\/\/www.cde.ual.es\/en\/wp-json\/wp\/v2\/comments?post=14993"}],"version-history":[{"count":0,"href":"https:\/\/www.cde.ual.es\/en\/wp-json\/wp\/v2\/posts\/14993\/revisions"}],"wp:featuredmedia":[{"embeddable":true,"href":"https:\/\/www.cde.ual.es\/en\/wp-json\/wp\/v2\/media\/14988"}],"wp:attachment":[{"href":"https:\/\/www.cde.ual.es\/en\/wp-json\/wp\/v2\/media?parent=14993"}],"wp:term":[{"taxonomy":"category","embeddable":true,"href":"https:\/\/www.cde.ual.es\/en\/wp-json\/wp\/v2\/categories?post=14993"},{"taxonomy":"post_tag","embeddable":true,"href":"https:\/\/www.cde.ual.es\/en\/wp-json\/wp\/v2\/tags?post=14993"}],"curies":[{"name":"wp","href":"https:\/\/api.w.org\/{rel}","templated":true}]}}