{"id":149794,"date":"2024-03-11T09:40:44","date_gmt":"2024-03-11T08:40:44","guid":{"rendered":"https:\/\/www.cde.ual.es\/?p=149794"},"modified":"2024-03-11T09:40:44","modified_gmt":"2024-03-11T08:40:44","slug":"20th-european-remembrance-day-for-victims-of-terrorism","status":"publish","type":"post","link":"https:\/\/www.cde.ual.es\/en\/20th-european-remembrance-day-for-victims-of-terrorism\/","title":{"rendered":"20th European Remembrance Day for Victims of Terrorism"},"content":{"rendered":"<section id=\"inline-nav-1\">\n<div class=\"ecl-paragraph-detail\">\n<p style=\"text-align: justify;\">Ahead of the 20th European Remembrance Day for Victims of Terrorism, the Commission issued the following statement:<\/p>\n<p><a href=\"https:\/\/www.cde.ual.es\/wp-content\/uploads\/2021\/03\/11M.jpg\"><img decoding=\"async\" class=\"aligncenter size-full wp-image-64965\" src=\"https:\/\/www.cde.ual.es\/wp-content\/uploads\/2021\/03\/11M.jpg\" alt=\"\" width=\"1200\" height=\"1200\" srcset=\"https:\/\/www.cde.ual.es\/wp-content\/uploads\/2021\/03\/11M.jpg 1200w, https:\/\/www.cde.ual.es\/wp-content\/uploads\/2021\/03\/11M-300x300.jpg 300w, https:\/\/www.cde.ual.es\/wp-content\/uploads\/2021\/03\/11M-1024x1024.jpg 1024w, https:\/\/www.cde.ual.es\/wp-content\/uploads\/2021\/03\/11M-150x150.jpg 150w, https:\/\/www.cde.ual.es\/wp-content\/uploads\/2021\/03\/11M-768x768.jpg 768w\" sizes=\"(max-width: 1200px) 100vw, 1200px\" \/><\/a><\/p>\n<p style=\"text-align: justify;\"><em>\u201cOn the European Remembrance Day for Victims of Terrorism we honor the memory of all those who have tragically fallen victims to terrorist acts, whether on EU soil or beyond our borders. This year holds particular significance as we mark the commemoration of the attack in Madrid two decades ago. The memory of the victims will live on. It will serve as a poignant reminder of the enduring impact of terrorism.<\/em><\/p>\n<p style=\"text-align: justify;\"><em>With unwavering unity, we defend our cherished values of peace, respect and solidarity. We will not let terrorists instill fear and hate in our society. The Commission remains steadfast in its commitment to fight terrorism. In 2020, the Commission put forward a Counter-Terrorism Agenda for the EU to better anticipate, prevent, protect and respond to terrorist threats. Since then, a lot of progress has been made, notably in addressing the dissemination of terrorist content online. Removing this content, including footage from past attacks published online, is crucial for protecting victims&#8217; dignity and well-being and from preventing radicalisation. Since December 2023, with the entry into of the Terrorist Content Online Regulation, more than 300 orders to remove terrorist content online have been successfully implemented. The EU Home Affairs agencies are providing crucial support to national authorities and law enforcement on this work.<\/em><\/p>\n<p style=\"text-align: justify;\"><em>Furthermore, combatting terrorism means standing by its victims. The Commission is strongly committed to support victims as they rebuild their lives. Under the EU Strategy on Victims&#8217; Rights (2020-2025), we acknowledge that victims of terrorism require specialised support and protection. Through the initiatives such as the EU Centre of Expertise for Victims of Terrorism, we ensure the effective application of EU rules on victims&#8217; rights and raise awareness about the rights and needs of victims of terrorism in the EU. Through the Radicalisation Awareness Network, we also ensure that the voices of victims and survivors are taken into account in our response to terrorism.<\/em><\/p>\n<p style=\"text-align: justify;\"><em>On this day of remembrance, we renew our resolve in supporting victims and fostering inclusive and resilient societies.\u201d<\/em><\/p>\n<p style=\"text-align: justify;\"><strong>Background<\/strong><\/p>\n<p style=\"text-align: justify;\">The\u00a0<strong>European Day of Remembrance of Victims of Terrorism\u00a0<\/strong>was established after the Madrid bombings of 11 March 2004. Each year since 2005, the European Union remembers on this date the victims of terrorist atrocities worldwide.<\/p>\n<p style=\"text-align: justify;\">The\u00a0<strong>Counter-Terrorism Agenda<\/strong>\u00a0is one deliverable of the way forward on internal security, a core component of the\u00a0<a href=\"https:\/\/ec.europa.eu\/info\/strategy\/priorities-2019-2024\/promoting-our-european-way-life\/european-security-union-strategy_en\">Security Union Strategy<\/a>\u00a0adopted by the Commission in July 2020. The Counter-Terrorism Agenda aims at identifying vulnerabilities and building capacity to anticipate threats; preventing attacks by addressing radicalisation; promoting security by design and reducing vulnerabilities to protect cities and people; stepping up operational support, prosecution and victims&#8217; rights to better respond to attacks.<\/p>\n<p style=\"text-align: justify;\">The\u00a0<strong>Radicalisation Awareness Network<\/strong>, through its\u00a0<a href=\"https:\/\/ec.europa.eu\/home-affairs\/what-we-do\/networks\/radicalisation_awareness_network\/about-ran\/ran-rvt_en\">working group on remembrance of victims of terrorism<\/a>, presents victims&#8217; experiences, contributes to the remembrance of all victims of terrorism, and highlights the human consequences of violent extremism. Victims&#8217; rights and support to them are also at the heart of work carried out by the\u00a0<a href=\"http:\/\/www.europeanvictims.net\/\">European Network of Associations of Victims of Terrorism<\/a>, set up by the Commission.<\/p>\n<p style=\"text-align: justify;\"><strong>Removing terrorist content online,<\/strong>\u00a0such as footages from past attacks, is key to protect victims&#8217; dignity and mental health. The Terrorist Content Online Regulation (TCO) plays a key role in this regard. The TCO requires that terrorist content is taken down (or access thereto blocked) within one hour upon receipt of a removal order.\u00a0 As reported, the Regulation has had a positive impact in addressing the dissemination of terrorist content online following Hamas&#8217; attack on 7 October 2023.<\/p>\n<p style=\"text-align: justify;\">Ensuring that victims of crime, including victims of terrorism can rely on their rights is important to guarantee s<strong>upport and protection for victims<\/strong>. The EU has put in place a strong legal framework to protect victims across Europe. The\u00a0<strong>EU rules on victims&#8217; rights<\/strong>\u00a0include the EU-wide compensation scheme and the\u00a0<a href=\"http:\/\/eur-lex.europa.eu\/legal-content\/EN\/TXT\/?uri=celex%3A32017L0541\">Directive on Combating Terrorism<\/a>. In June 2023, the Commission adopted a proposal for\u00a0<a href=\"https:\/\/eur-lex.europa.eu\/legal-content\/EN\/TXT\/?uri=CELEX%3A52023PC0424\">the revision of the Victims&#8217; Rights Directive<\/a>\u00a0to strengthen further the rights of victims on the EU and the\u00a0<a href=\"http:\/\/eur-lex.europa.eu\/legal-content\/EN\/TXT\/?uri=celex%3A32017L0541\">Directive on Combating Terrorism<\/a>. In June 2023, the Commission adopted a proposal for\u00a0<a href=\"https:\/\/eur-lex.europa.eu\/legal-content\/EN\/TXT\/?uri=CELEX%3A52023PC0424\">the revision of the Victims&#8217; Rights Directive<\/a>\u00a0to strengthen further the rights of victims in the EU. In 2020, the Commission also set up the\u00a0<a href=\"https:\/\/commission.europa.eu\/strategy-and-policy\/policies\/justice-and-fundamental-rights\/criminal-justice\/protecting-victims-rights\/eu-centre-expertise-victims-terrorism_en\">EU Centre of Expertise for victims of terrorism<\/a>\u00a0to offer expertise, guidance and support to national authorities and victim support organisations.<\/p>\n<p style=\"text-align: justify;\"><strong>More information: <a href=\"https:\/\/ec.europa.eu\/commission\/presscorner\/detail\/es\/statement_24_1366\">European Commission<\/a><\/strong><\/p>\n<\/div>\n<\/section>\n","protected":false},"excerpt":{"rendered":"<p>Ahead of the 20th European Remembrance Day for Victims of Terrorism, the Commission issued the following statement: \u201cOn the European Remembrance Day for Victims of Terrorism we honor the memory of all those who have tragically fallen victims to terrorist acts, whether on EU soil or beyond our borders. This year holds particular significance as [&hellip;]<\/p>\n","protected":false},"author":1,"featured_media":64965,"comment_status":"open","ping_status":"open","sticky":false,"template":"","format":"standard","meta":{"_acf_changed":false,"_relevanssi_hide_post":"","_relevanssi_hide_content":"","_relevanssi_pin_for_all":"","_relevanssi_pin_keywords":"","_relevanssi_unpin_keywords":"","_relevanssi_related_keywords":"","_relevanssi_related_include_ids":"","_relevanssi_related_exclude_ids":"","_relevanssi_related_no_append":"","_relevanssi_related_not_related":"","_relevanssi_related_posts":"","_relevanssi_noindex_reason":"","_monsterinsights_skip_tracking":false,"_monsterinsights_sitenote_active":false,"_monsterinsights_sitenote_note":"","_monsterinsights_sitenote_category":0,"_genesis_hide_title":false,"_genesis_hide_breadcrumbs":false,"_genesis_hide_singular_image":false,"_genesis_hide_footer_widgets":false,"_genesis_custom_body_class":"","_genesis_custom_post_class":"","_genesis_layout":"","footnotes":""},"categories":[4077,4075,346,4064,4065,4078],"tags":[11769,11768,1488,368,974,515],"class_list":{"0":"post-149794","1":"post","2":"type-post","3":"status-publish","4":"format-standard","5":"has-post-thumbnail","7":"category-crime","8":"category-defence-security","9":"category-eu-news","10":"category-institutional","11":"category-international-pol-coop","12":"category-internat-safety-pol","13":"tag-11m-en","14":"tag-day-for-victims-of-terrorism","15":"tag-european-commission","16":"tag-european-union","17":"tag-madrid-en","18":"tag-terrorism","19":"entry"},"acf":[],"yoast_head":"<!-- This site is optimized with the Yoast SEO plugin v27.5 - https:\/\/yoast.com\/product\/yoast-seo-wordpress\/ -->\n<title>20th European Remembrance Day for Victims of Terrorism | CDE Almer\u00eda - Centro de Documentaci\u00f3n Europea - Universidad de Almer\u00eda<\/title>\n<meta name=\"robots\" content=\"index, follow, max-snippet:-1, max-image-preview:large, max-video-preview:-1\" \/>\n<link rel=\"canonical\" href=\"https:\/\/www.cde.ual.es\/en\/20th-european-remembrance-day-for-victims-of-terrorism\/\" \/>\n<meta property=\"og:locale\" content=\"en_US\" \/>\n<meta property=\"og:type\" content=\"article\" \/>\n<meta property=\"og:title\" content=\"20th European Remembrance Day for Victims of Terrorism | CDE Almer\u00eda - Centro de Documentaci\u00f3n Europea - Universidad de Almer\u00eda\" \/>\n<meta property=\"og:description\" content=\"Ahead of the 20th European Remembrance Day for Victims of Terrorism, the Commission issued the following statement: \u201cOn the European Remembrance Day for Victims of Terrorism we honor the memory of all those who have tragically fallen victims to terrorist acts, whether on EU soil or beyond our borders. This year holds particular significance as [&hellip;]\" \/>\n<meta property=\"og:url\" content=\"https:\/\/www.cde.ual.es\/en\/20th-european-remembrance-day-for-victims-of-terrorism\/\" \/>\n<meta property=\"og:site_name\" content=\"CDE Almer\u00eda - Centro de Documentaci\u00f3n Europea - Universidad de Almer\u00eda\" \/>\n<meta property=\"article:publisher\" content=\"https:\/\/www.facebook.com\/cdeuniversidadalmeria\/\" \/>\n<meta property=\"article:published_time\" content=\"2024-03-11T08:40:44+00:00\" \/>\n<meta property=\"og:image\" content=\"https:\/\/www.cde.ual.es\/wp-content\/uploads\/2021\/03\/11M.jpg\" \/>\n\t<meta property=\"og:image:width\" content=\"1200\" \/>\n\t<meta property=\"og:image:height\" content=\"1200\" \/>\n\t<meta property=\"og:image:type\" content=\"image\/jpeg\" \/>\n<meta name=\"author\" content=\"AdminCDE\" \/>\n<meta name=\"twitter:card\" content=\"summary_large_image\" \/>\n<meta name=\"twitter:creator\" content=\"@cdeualmeria\" \/>\n<meta name=\"twitter:site\" content=\"@cdeualmeria\" \/>\n<meta name=\"twitter:label1\" content=\"Written by\" \/>\n\t<meta name=\"twitter:data1\" content=\"AdminCDE\" \/>\n\t<meta name=\"twitter:label2\" content=\"Est. reading time\" \/>\n\t<meta name=\"twitter:data2\" content=\"4 minutes\" \/>\n<script type=\"application\/ld+json\" class=\"yoast-schema-graph\">{\"@context\":\"https:\\\/\\\/schema.org\",\"@graph\":[{\"@type\":\"Article\",\"@id\":\"https:\\\/\\\/www.cde.ual.es\\\/en\\\/20th-european-remembrance-day-for-victims-of-terrorism\\\/#article\",\"isPartOf\":{\"@id\":\"https:\\\/\\\/www.cde.ual.es\\\/en\\\/20th-european-remembrance-day-for-victims-of-terrorism\\\/\"},\"author\":{\"name\":\"AdminCDE\",\"@id\":\"https:\\\/\\\/www.cde.ual.es\\\/#\\\/schema\\\/person\\\/224ef08c8bcc005f319d2713ce37ee5f\"},\"headline\":\"20th European Remembrance Day for Victims of Terrorism\",\"datePublished\":\"2024-03-11T08:40:44+00:00\",\"mainEntityOfPage\":{\"@id\":\"https:\\\/\\\/www.cde.ual.es\\\/en\\\/20th-european-remembrance-day-for-victims-of-terrorism\\\/\"},\"wordCount\":743,\"commentCount\":0,\"publisher\":{\"@id\":\"https:\\\/\\\/www.cde.ual.es\\\/#organization\"},\"image\":{\"@id\":\"https:\\\/\\\/www.cde.ual.es\\\/en\\\/20th-european-remembrance-day-for-victims-of-terrorism\\\/#primaryimage\"},\"thumbnailUrl\":\"https:\\\/\\\/www.cde.ual.es\\\/wp-content\\\/uploads\\\/2021\\\/03\\\/11M.jpg\",\"keywords\":[\"11M\",\"Day for Victims of Terrorism\",\"European Commission\",\"European Union\",\"madrid\",\"Terrorism\"],\"articleSection\":[\"Crime\",\"Defence &amp; Security\",\"EU News\",\"Institutional Affairs\",\"International Politics and Cooperation\",\"International Safety and Defence Politics\"],\"inLanguage\":\"en-US\",\"potentialAction\":[{\"@type\":\"CommentAction\",\"name\":\"Comment\",\"target\":[\"https:\\\/\\\/www.cde.ual.es\\\/en\\\/20th-european-remembrance-day-for-victims-of-terrorism\\\/#respond\"]}]},{\"@type\":\"WebPage\",\"@id\":\"https:\\\/\\\/www.cde.ual.es\\\/en\\\/20th-european-remembrance-day-for-victims-of-terrorism\\\/\",\"url\":\"https:\\\/\\\/www.cde.ual.es\\\/en\\\/20th-european-remembrance-day-for-victims-of-terrorism\\\/\",\"name\":\"20th European Remembrance Day for Victims of Terrorism | CDE Almer\u00eda - Centro de Documentaci\u00f3n Europea - Universidad de Almer\u00eda\",\"isPartOf\":{\"@id\":\"https:\\\/\\\/www.cde.ual.es\\\/#website\"},\"primaryImageOfPage\":{\"@id\":\"https:\\\/\\\/www.cde.ual.es\\\/en\\\/20th-european-remembrance-day-for-victims-of-terrorism\\\/#primaryimage\"},\"image\":{\"@id\":\"https:\\\/\\\/www.cde.ual.es\\\/en\\\/20th-european-remembrance-day-for-victims-of-terrorism\\\/#primaryimage\"},\"thumbnailUrl\":\"https:\\\/\\\/www.cde.ual.es\\\/wp-content\\\/uploads\\\/2021\\\/03\\\/11M.jpg\",\"datePublished\":\"2024-03-11T08:40:44+00:00\",\"breadcrumb\":{\"@id\":\"https:\\\/\\\/www.cde.ual.es\\\/en\\\/20th-european-remembrance-day-for-victims-of-terrorism\\\/#breadcrumb\"},\"inLanguage\":\"en-US\",\"potentialAction\":[{\"@type\":\"ReadAction\",\"target\":[\"https:\\\/\\\/www.cde.ual.es\\\/en\\\/20th-european-remembrance-day-for-victims-of-terrorism\\\/\"]}]},{\"@type\":\"ImageObject\",\"inLanguage\":\"en-US\",\"@id\":\"https:\\\/\\\/www.cde.ual.es\\\/en\\\/20th-european-remembrance-day-for-victims-of-terrorism\\\/#primaryimage\",\"url\":\"https:\\\/\\\/www.cde.ual.es\\\/wp-content\\\/uploads\\\/2021\\\/03\\\/11M.jpg\",\"contentUrl\":\"https:\\\/\\\/www.cde.ual.es\\\/wp-content\\\/uploads\\\/2021\\\/03\\\/11M.jpg\",\"width\":1200,\"height\":1200},{\"@type\":\"BreadcrumbList\",\"@id\":\"https:\\\/\\\/www.cde.ual.es\\\/en\\\/20th-european-remembrance-day-for-victims-of-terrorism\\\/#breadcrumb\",\"itemListElement\":[{\"@type\":\"ListItem\",\"position\":1,\"name\":\"Inicio\",\"item\":\"https:\\\/\\\/www.cde.ual.es\\\/en\\\/\"},{\"@type\":\"ListItem\",\"position\":2,\"name\":\"EU News\",\"item\":\"https:\\\/\\\/www.cde.ual.es\\\/en\\\/category\\\/eu-news\\\/\"},{\"@type\":\"ListItem\",\"position\":3,\"name\":\"20th European Remembrance Day for Victims of Terrorism\"}]},{\"@type\":\"WebSite\",\"@id\":\"https:\\\/\\\/www.cde.ual.es\\\/#website\",\"url\":\"https:\\\/\\\/www.cde.ual.es\\\/\",\"name\":\"CDE Almer\u00eda - Centro de Documentaci\u00f3n Europea - Universidad de Almer\u00eda\",\"description\":\"Centro de Documentaci\u00f3n Europea de la Universidad de Almer\u00eda\",\"publisher\":{\"@id\":\"https:\\\/\\\/www.cde.ual.es\\\/#organization\"},\"alternateName\":\"CDE Almer\u00eda\",\"potentialAction\":[{\"@type\":\"SearchAction\",\"target\":{\"@type\":\"EntryPoint\",\"urlTemplate\":\"https:\\\/\\\/www.cde.ual.es\\\/?s={search_term_string}\"},\"query-input\":{\"@type\":\"PropertyValueSpecification\",\"valueRequired\":true,\"valueName\":\"search_term_string\"}}],\"inLanguage\":\"en-US\"},{\"@type\":\"Organization\",\"@id\":\"https:\\\/\\\/www.cde.ual.es\\\/#organization\",\"name\":\"Centro de Documentaci\u00f3n Europea de Almer\u00eda\",\"url\":\"https:\\\/\\\/www.cde.ual.es\\\/\",\"logo\":{\"@type\":\"ImageObject\",\"inLanguage\":\"en-US\",\"@id\":\"https:\\\/\\\/www.cde.ual.es\\\/#\\\/schema\\\/logo\\\/image\\\/\",\"url\":\"https:\\\/\\\/www.cde.ual.es\\\/wp-content\\\/uploads\\\/2025\\\/07\\\/cde-logo-3.png\",\"contentUrl\":\"https:\\\/\\\/www.cde.ual.es\\\/wp-content\\\/uploads\\\/2025\\\/07\\\/cde-logo-3.png\",\"width\":1400,\"height\":300,\"caption\":\"Centro de Documentaci\u00f3n Europea de Almer\u00eda\"},\"image\":{\"@id\":\"https:\\\/\\\/www.cde.ual.es\\\/#\\\/schema\\\/logo\\\/image\\\/\"},\"sameAs\":[\"https:\\\/\\\/www.facebook.com\\\/cdeuniversidadalmeria\\\/\",\"https:\\\/\\\/x.com\\\/cdeualmeria\",\"https:\\\/\\\/www.tiktok.com\\\/@cdealmeria\",\"https:\\\/\\\/www.instagram.com\\\/cdealmeria\\\/\",\"https:\\\/\\\/www.linkedin.com\\\/in\\\/cde-almera-812b26a9\\\/\"]},{\"@type\":\"Person\",\"@id\":\"https:\\\/\\\/www.cde.ual.es\\\/#\\\/schema\\\/person\\\/224ef08c8bcc005f319d2713ce37ee5f\",\"name\":\"AdminCDE\",\"image\":{\"@type\":\"ImageObject\",\"inLanguage\":\"en-US\",\"@id\":\"https:\\\/\\\/secure.gravatar.com\\\/avatar\\\/a72d038d371f995cd13706fac32274b7952a52e8fb0a84b5f80c85426f2a98a8?s=96&d=mm&r=g\",\"url\":\"https:\\\/\\\/secure.gravatar.com\\\/avatar\\\/a72d038d371f995cd13706fac32274b7952a52e8fb0a84b5f80c85426f2a98a8?s=96&d=mm&r=g\",\"contentUrl\":\"https:\\\/\\\/secure.gravatar.com\\\/avatar\\\/a72d038d371f995cd13706fac32274b7952a52e8fb0a84b5f80c85426f2a98a8?s=96&d=mm&r=g\",\"caption\":\"AdminCDE\"}}]}<\/script>\n<!-- \/ Yoast SEO plugin. -->","yoast_head_json":{"title":"20th European Remembrance Day for Victims of Terrorism | CDE Almer\u00eda - Centro de Documentaci\u00f3n Europea - Universidad de Almer\u00eda","robots":{"index":"index","follow":"follow","max-snippet":"max-snippet:-1","max-image-preview":"max-image-preview:large","max-video-preview":"max-video-preview:-1"},"canonical":"https:\/\/www.cde.ual.es\/en\/20th-european-remembrance-day-for-victims-of-terrorism\/","og_locale":"en_US","og_type":"article","og_title":"20th European Remembrance Day for Victims of Terrorism | CDE Almer\u00eda - Centro de Documentaci\u00f3n Europea - Universidad de Almer\u00eda","og_description":"Ahead of the 20th European Remembrance Day for Victims of Terrorism, the Commission issued the following statement: \u201cOn the European Remembrance Day for Victims of Terrorism we honor the memory of all those who have tragically fallen victims to terrorist acts, whether on EU soil or beyond our borders. This year holds particular significance as [&hellip;]","og_url":"https:\/\/www.cde.ual.es\/en\/20th-european-remembrance-day-for-victims-of-terrorism\/","og_site_name":"CDE Almer\u00eda - Centro de Documentaci\u00f3n Europea - Universidad de Almer\u00eda","article_publisher":"https:\/\/www.facebook.com\/cdeuniversidadalmeria\/","article_published_time":"2024-03-11T08:40:44+00:00","og_image":[{"width":1200,"height":1200,"url":"https:\/\/www.cde.ual.es\/wp-content\/uploads\/2021\/03\/11M.jpg","type":"image\/jpeg"}],"author":"AdminCDE","twitter_card":"summary_large_image","twitter_creator":"@cdeualmeria","twitter_site":"@cdeualmeria","twitter_misc":{"Written by":"AdminCDE","Est. reading time":"4 minutes"},"schema":{"@context":"https:\/\/schema.org","@graph":[{"@type":"Article","@id":"https:\/\/www.cde.ual.es\/en\/20th-european-remembrance-day-for-victims-of-terrorism\/#article","isPartOf":{"@id":"https:\/\/www.cde.ual.es\/en\/20th-european-remembrance-day-for-victims-of-terrorism\/"},"author":{"name":"AdminCDE","@id":"https:\/\/www.cde.ual.es\/#\/schema\/person\/224ef08c8bcc005f319d2713ce37ee5f"},"headline":"20th European Remembrance Day for Victims of Terrorism","datePublished":"2024-03-11T08:40:44+00:00","mainEntityOfPage":{"@id":"https:\/\/www.cde.ual.es\/en\/20th-european-remembrance-day-for-victims-of-terrorism\/"},"wordCount":743,"commentCount":0,"publisher":{"@id":"https:\/\/www.cde.ual.es\/#organization"},"image":{"@id":"https:\/\/www.cde.ual.es\/en\/20th-european-remembrance-day-for-victims-of-terrorism\/#primaryimage"},"thumbnailUrl":"https:\/\/www.cde.ual.es\/wp-content\/uploads\/2021\/03\/11M.jpg","keywords":["11M","Day for Victims of Terrorism","European Commission","European Union","madrid","Terrorism"],"articleSection":["Crime","Defence &amp; Security","EU News","Institutional Affairs","International Politics and Cooperation","International Safety and Defence Politics"],"inLanguage":"en-US","potentialAction":[{"@type":"CommentAction","name":"Comment","target":["https:\/\/www.cde.ual.es\/en\/20th-european-remembrance-day-for-victims-of-terrorism\/#respond"]}]},{"@type":"WebPage","@id":"https:\/\/www.cde.ual.es\/en\/20th-european-remembrance-day-for-victims-of-terrorism\/","url":"https:\/\/www.cde.ual.es\/en\/20th-european-remembrance-day-for-victims-of-terrorism\/","name":"20th European Remembrance Day for Victims of Terrorism | CDE Almer\u00eda - Centro de Documentaci\u00f3n Europea - Universidad de Almer\u00eda","isPartOf":{"@id":"https:\/\/www.cde.ual.es\/#website"},"primaryImageOfPage":{"@id":"https:\/\/www.cde.ual.es\/en\/20th-european-remembrance-day-for-victims-of-terrorism\/#primaryimage"},"image":{"@id":"https:\/\/www.cde.ual.es\/en\/20th-european-remembrance-day-for-victims-of-terrorism\/#primaryimage"},"thumbnailUrl":"https:\/\/www.cde.ual.es\/wp-content\/uploads\/2021\/03\/11M.jpg","datePublished":"2024-03-11T08:40:44+00:00","breadcrumb":{"@id":"https:\/\/www.cde.ual.es\/en\/20th-european-remembrance-day-for-victims-of-terrorism\/#breadcrumb"},"inLanguage":"en-US","potentialAction":[{"@type":"ReadAction","target":["https:\/\/www.cde.ual.es\/en\/20th-european-remembrance-day-for-victims-of-terrorism\/"]}]},{"@type":"ImageObject","inLanguage":"en-US","@id":"https:\/\/www.cde.ual.es\/en\/20th-european-remembrance-day-for-victims-of-terrorism\/#primaryimage","url":"https:\/\/www.cde.ual.es\/wp-content\/uploads\/2021\/03\/11M.jpg","contentUrl":"https:\/\/www.cde.ual.es\/wp-content\/uploads\/2021\/03\/11M.jpg","width":1200,"height":1200},{"@type":"BreadcrumbList","@id":"https:\/\/www.cde.ual.es\/en\/20th-european-remembrance-day-for-victims-of-terrorism\/#breadcrumb","itemListElement":[{"@type":"ListItem","position":1,"name":"Inicio","item":"https:\/\/www.cde.ual.es\/en\/"},{"@type":"ListItem","position":2,"name":"EU News","item":"https:\/\/www.cde.ual.es\/en\/category\/eu-news\/"},{"@type":"ListItem","position":3,"name":"20th European Remembrance Day for Victims of Terrorism"}]},{"@type":"WebSite","@id":"https:\/\/www.cde.ual.es\/#website","url":"https:\/\/www.cde.ual.es\/","name":"CDE Almer\u00eda - Centro de Documentaci\u00f3n Europea - Universidad de Almer\u00eda","description":"Centro de Documentaci\u00f3n Europea de la Universidad de Almer\u00eda","publisher":{"@id":"https:\/\/www.cde.ual.es\/#organization"},"alternateName":"CDE Almer\u00eda","potentialAction":[{"@type":"SearchAction","target":{"@type":"EntryPoint","urlTemplate":"https:\/\/www.cde.ual.es\/?s={search_term_string}"},"query-input":{"@type":"PropertyValueSpecification","valueRequired":true,"valueName":"search_term_string"}}],"inLanguage":"en-US"},{"@type":"Organization","@id":"https:\/\/www.cde.ual.es\/#organization","name":"Centro de Documentaci\u00f3n Europea de Almer\u00eda","url":"https:\/\/www.cde.ual.es\/","logo":{"@type":"ImageObject","inLanguage":"en-US","@id":"https:\/\/www.cde.ual.es\/#\/schema\/logo\/image\/","url":"https:\/\/www.cde.ual.es\/wp-content\/uploads\/2025\/07\/cde-logo-3.png","contentUrl":"https:\/\/www.cde.ual.es\/wp-content\/uploads\/2025\/07\/cde-logo-3.png","width":1400,"height":300,"caption":"Centro de Documentaci\u00f3n Europea de Almer\u00eda"},"image":{"@id":"https:\/\/www.cde.ual.es\/#\/schema\/logo\/image\/"},"sameAs":["https:\/\/www.facebook.com\/cdeuniversidadalmeria\/","https:\/\/x.com\/cdeualmeria","https:\/\/www.tiktok.com\/@cdealmeria","https:\/\/www.instagram.com\/cdealmeria\/","https:\/\/www.linkedin.com\/in\/cde-almera-812b26a9\/"]},{"@type":"Person","@id":"https:\/\/www.cde.ual.es\/#\/schema\/person\/224ef08c8bcc005f319d2713ce37ee5f","name":"AdminCDE","image":{"@type":"ImageObject","inLanguage":"en-US","@id":"https:\/\/secure.gravatar.com\/avatar\/a72d038d371f995cd13706fac32274b7952a52e8fb0a84b5f80c85426f2a98a8?s=96&d=mm&r=g","url":"https:\/\/secure.gravatar.com\/avatar\/a72d038d371f995cd13706fac32274b7952a52e8fb0a84b5f80c85426f2a98a8?s=96&d=mm&r=g","contentUrl":"https:\/\/secure.gravatar.com\/avatar\/a72d038d371f995cd13706fac32274b7952a52e8fb0a84b5f80c85426f2a98a8?s=96&d=mm&r=g","caption":"AdminCDE"}}]}},"_links":{"self":[{"href":"https:\/\/www.cde.ual.es\/en\/wp-json\/wp\/v2\/posts\/149794","targetHints":{"allow":["GET"]}}],"collection":[{"href":"https:\/\/www.cde.ual.es\/en\/wp-json\/wp\/v2\/posts"}],"about":[{"href":"https:\/\/www.cde.ual.es\/en\/wp-json\/wp\/v2\/types\/post"}],"author":[{"embeddable":true,"href":"https:\/\/www.cde.ual.es\/en\/wp-json\/wp\/v2\/users\/1"}],"replies":[{"embeddable":true,"href":"https:\/\/www.cde.ual.es\/en\/wp-json\/wp\/v2\/comments?post=149794"}],"version-history":[{"count":1,"href":"https:\/\/www.cde.ual.es\/en\/wp-json\/wp\/v2\/posts\/149794\/revisions"}],"predecessor-version":[{"id":149796,"href":"https:\/\/www.cde.ual.es\/en\/wp-json\/wp\/v2\/posts\/149794\/revisions\/149796"}],"wp:featuredmedia":[{"embeddable":true,"href":"https:\/\/www.cde.ual.es\/en\/wp-json\/wp\/v2\/media\/64965"}],"wp:attachment":[{"href":"https:\/\/www.cde.ual.es\/en\/wp-json\/wp\/v2\/media?parent=149794"}],"wp:term":[{"taxonomy":"category","embeddable":true,"href":"https:\/\/www.cde.ual.es\/en\/wp-json\/wp\/v2\/categories?post=149794"},{"taxonomy":"post_tag","embeddable":true,"href":"https:\/\/www.cde.ual.es\/en\/wp-json\/wp\/v2\/tags?post=149794"}],"curies":[{"name":"wp","href":"https:\/\/api.w.org\/{rel}","templated":true}]}}