{"id":149360,"date":"2024-02-19T03:00:07","date_gmt":"2024-02-19T02:00:07","guid":{"rendered":"https:\/\/www.cde.ual.es\/?p=149360"},"modified":"2024-02-16T13:00:02","modified_gmt":"2024-02-16T12:00:02","slug":"commission-monitors-strengths-and-challenges-of-eus-competitiveness","status":"publish","type":"post","link":"https:\/\/www.cde.ual.es\/en\/commission-monitors-strengths-and-challenges-of-eus-competitiveness\/","title":{"rendered":"Commission monitors strengths and challenges of EU&#8217;s competitiveness"},"content":{"rendered":"<p style=\"text-align: justify;\"><strong>The Commission has published the new <a href=\"https:\/\/single-market-economy.ec.europa.eu\/publications\/2024-annual-single-market-and-competitiveness-report_en\">Annual Single Market and Competitiveness Report<\/a>.<\/strong><\/p>\n<p style=\"text-align: justify;\"><a href=\"https:\/\/www.cde.ual.es\/wp-content\/uploads\/2023\/03\/guillaume-perigois-HL4LEIyGEYU-unsplash-scaled.jpg\"><img decoding=\"async\" class=\"aligncenter size-full wp-image-132458\" src=\"https:\/\/www.cde.ual.es\/wp-content\/uploads\/2023\/03\/guillaume-perigois-HL4LEIyGEYU-unsplash-scaled.jpg\" alt=\"bandera de europa\" width=\"2560\" height=\"1962\" srcset=\"https:\/\/www.cde.ual.es\/wp-content\/uploads\/2023\/03\/guillaume-perigois-HL4LEIyGEYU-unsplash-scaled.jpg 2560w, https:\/\/www.cde.ual.es\/wp-content\/uploads\/2023\/03\/guillaume-perigois-HL4LEIyGEYU-unsplash-300x230.jpg 300w, https:\/\/www.cde.ual.es\/wp-content\/uploads\/2023\/03\/guillaume-perigois-HL4LEIyGEYU-unsplash-1024x785.jpg 1024w, https:\/\/www.cde.ual.es\/wp-content\/uploads\/2023\/03\/guillaume-perigois-HL4LEIyGEYU-unsplash-768x588.jpg 768w, https:\/\/www.cde.ual.es\/wp-content\/uploads\/2023\/03\/guillaume-perigois-HL4LEIyGEYU-unsplash-1536x1177.jpg 1536w, https:\/\/www.cde.ual.es\/wp-content\/uploads\/2023\/03\/guillaume-perigois-HL4LEIyGEYU-unsplash-2048x1569.jpg 2048w\" sizes=\"(max-width: 2560px) 100vw, 2560px\" \/><\/a><\/p>\n<p style=\"text-align: justify;\">The report details the competitive strengths and challenges of Europe&#8217;s Single Market, tracking yearly developments according to the nine competitiveness drivers identified in the\u00a0<a href=\"https:\/\/commission.europa.eu\/system\/files\/2023-03\/Communication_Long-term-competitiveness.pdf\">EU&#8217;s 2023 Long-term competitiveness Communication<\/a>. Those are the functioning of the Single Market, access to private capital, public investment and infrastructure, research and innovation, energy, circularity, digitalisation, education and skills, and trade and open strategic autonomy. The 2023 Communication established a set of Key Performance Indicators to serve as a dashboard of progress regarding these drivers. While it is too early to establish stable trends, the report notes that 9 KPIs have improved, against 5 that have disimproved; 3 are stable, and 2 do not yet have new data.<\/p>\n<p style=\"text-align: justify;\">The report recalls that the Single Market is one of the world&#8217;s largest integrated market areas, and that it boosts the EU&#8217;s economy with a large demand pool, diversified supply sources, opportunities for innovating and scaling up production, strong social rights, and fair working conditions, while serving as a geopolitical lever. It points to the needs to step up enforcement of agreed rules, and to simplify their implementation.<\/p>\n<p style=\"text-align: justify;\">Regarding investment, the report concludes that public investment has recovered from the low levels after the financial crisis, partially thanks to the Recovery and Resilience Facility, while private investment remains high. To increase the availability of risk and venture capital funding and scale up innovative companies, the report recommends to further strengthen the Capital Markets Union, building on the initiatives already approved since 2020. It also points to public procurement as an instrument to support our green and digital transitions in a strategic way.<\/p>\n<p style=\"text-align: justify;\">Although high energy prices remain a challenge, the report points to important steps taken over the past years in order to update the EU energy policy toolbox and support EU clean tech manufacturing.<\/p>\n<p style=\"text-align: justify;\">The report also notes that the EU is a major trading power accounting for 16% of global exports, and that trade continues to be a source of competitiveness. It also points to the need to defend the level playing field and to protect our economic security.<\/p>\n<p style=\"text-align: justify;\">The Annual Single Market and Competitiveness Report \u2013 building on the annual reporting introduced by the Commission in 2020, and in its 2024 format responding to a request from the European Council \u2013 provides a basis for discussions in the European Parliament, the European Council and the Council on how to promote our Single Market and competitiveness agenda this spring. The report also comes ahead of the findings expected from Mr Mario Draghi and Mr\u00a0Enrico Letta in their upcoming reports on the future of European competitiveness and of the Single Market respectively.<\/p>\n<p style=\"text-align: justify;\">In addition, the Commission is today publishing several documents complementing the Annual Single Market and Competitiveness report:<\/p>\n<ul style=\"text-align: justify;\">\n<li><strong>Two\u00a0<\/strong><a href=\"https:\/\/single-market-economy.ec.europa.eu\/publications\/2024-annual-single-market-and-competitiveness-report_en\"><strong>staff working documents<\/strong><\/a>, the first of which presents, among others, further detailed information on key performance indicators for competitiveness. The other one presents the findings of the \u201cEuropean Monitor of Industrial Ecosystems\u201d on the green and digital transitions across individual industrial ecosystems.<\/li>\n<li><strong>The 2024\u00a0<\/strong><a href=\"https:\/\/single-market-scoreboard.ec.europa.eu\/\"><strong>Single Market and Competitiveness Scoreboard<\/strong><\/a><strong>\u00a0<\/strong>offers a wide range of additional data on the integration of the Single Market. The Scoreboard focuses on the progress made in implementing EU law, overall business conditions, integration of the Single Market and other major policy goals like growth and jobs, resilience, and digital and green economy.<\/li>\n<li><strong>The 2022\u20132023\u00a0<\/strong><a href=\"https:\/\/ec.europa.eu\/internal_market\/smet\/reports\"><strong>Single Market Enforcement Taskforce (SMET) report<\/strong><\/a>: This annual report highlights the work of the SMET, where the Commission and Member States work together to remove unjustified barriers in the Single Market, such as checks imposed on professionals, barriers to permitting for renewable energy, and administrative burdens for cross border service providers.<\/li>\n<\/ul>\n<p style=\"text-align: justify;\"><strong>Background\u00a0\u00a0<\/strong><\/p>\n<p style=\"text-align: justify;\">The Annual Single Market and Competitiveness report responds to the request of the March 2023 European Council to monitor the state of Europe&#8217;s Single Market and competitiveness. It builds on previous Annual Single Market reports as first envisaged by the 2020\u00a0<a href=\"https:\/\/commission.europa.eu\/strategy-and-policy\/priorities-2019-2024\/europe-fit-digital-age\/european-industrial-strategy_en\">EU Industrial Strategy<\/a>.<\/p>\n<p style=\"text-align: justify;\">As to the next steps, the June 2023 European Council announced its plan to hold the first annual progress review on enhancing the Union&#8217;s competitiveness and increasing productivity and growth at its March 2024 meeting.<\/p>\n<p style=\"text-align: justify;\">The Single Market Scoreboard was first published in 1997 and was initially set up to assess the performance of the Member States on the implementation of Single Market acquis. It was extended over time to cover the use of related governance tools. This year, it includes new competitiveness indicators, in line with the Long-term competitiveness Communication.<\/p>\n<p style=\"text-align: justify;\"><strong>More Information: <a href=\"https:\/\/ec.europa.eu\/commission\/presscorner\/detail\/en\/ip_24_821\">European Commission<\/a><\/strong><\/p>\n","protected":false},"excerpt":{"rendered":"<p>The Commission has published the new Annual Single Market and Competitiveness Report. The report details the competitive strengths and challenges of Europe&#8217;s Single Market, tracking yearly developments according to the nine competitiveness drivers identified in the\u00a0EU&#8217;s 2023 Long-term competitiveness Communication. Those are the functioning of the Single Market, access to private capital, public investment and [&hellip;]<\/p>\n","protected":false},"author":1,"featured_media":132459,"comment_status":"open","ping_status":"open","sticky":false,"template":"","format":"standard","meta":{"_acf_changed":false,"_relevanssi_hide_post":"","_relevanssi_hide_content":"","_relevanssi_pin_for_all":"","_relevanssi_pin_keywords":"","_relevanssi_unpin_keywords":"","_relevanssi_related_keywords":"","_relevanssi_related_include_ids":"","_relevanssi_related_exclude_ids":"","_relevanssi_related_no_append":"","_relevanssi_related_not_related":"","_relevanssi_related_posts":"","_relevanssi_noindex_reason":"","_monsterinsights_skip_tracking":false,"_monsterinsights_sitenote_active":false,"_monsterinsights_sitenote_note":"","_monsterinsights_sitenote_category":0,"_genesis_hide_title":false,"_genesis_hide_breadcrumbs":false,"_genesis_hide_singular_image":false,"_genesis_hide_footer_widgets":false,"_genesis_custom_body_class":"","_genesis_custom_post_class":"","_genesis_layout":"","footnotes":""},"categories":[4090,346,4089,4088],"tags":[1133,8788,779,1488,368],"class_list":{"0":"post-149360","1":"post","2":"type-post","3":"status-publish","4":"format-standard","5":"has-post-thumbnail","7":"category-economy-finance","8":"category-eu-news","9":"category-international-trade","10":"category-market","11":"tag-comision-europea","12":"tag-competitiveness","13":"tag-eu-en","14":"tag-european-commission","15":"tag-european-union","16":"entry"},"acf":[],"yoast_head":"<!-- This site is optimized with the Yoast SEO plugin v27.4 - https:\/\/yoast.com\/product\/yoast-seo-wordpress\/ -->\n<title>Commission monitors strengths and challenges of EU&#039;s competitiveness | CDE Almer\u00eda - Centro de Documentaci\u00f3n Europea - Universidad de Almer\u00eda<\/title>\n<meta name=\"robots\" content=\"index, follow, max-snippet:-1, max-image-preview:large, max-video-preview:-1\" \/>\n<link rel=\"canonical\" href=\"https:\/\/www.cde.ual.es\/?p=149358\" \/>\n<meta property=\"og:locale\" content=\"en_US\" \/>\n<meta property=\"og:type\" content=\"article\" \/>\n<meta property=\"og:title\" content=\"Commission monitors strengths and challenges of EU&#039;s competitiveness | CDE Almer\u00eda - Centro de Documentaci\u00f3n Europea - Universidad de Almer\u00eda\" \/>\n<meta property=\"og:description\" content=\"The Commission has published the new Annual Single Market and Competitiveness Report. The report details the competitive strengths and challenges of Europe&#8217;s Single Market, tracking yearly developments according to the nine competitiveness drivers identified in the\u00a0EU&#8217;s 2023 Long-term competitiveness Communication. Those are the functioning of the Single Market, access to private capital, public investment and [&hellip;]\" \/>\n<meta property=\"og:url\" content=\"https:\/\/www.cde.ual.es\/?p=149358\" \/>\n<meta property=\"og:site_name\" content=\"CDE Almer\u00eda - Centro de Documentaci\u00f3n Europea - Universidad de Almer\u00eda\" \/>\n<meta property=\"article:publisher\" content=\"https:\/\/www.facebook.com\/cdeuniversidadalmeria\/\" \/>\n<meta property=\"article:published_time\" content=\"2024-02-19T02:00:07+00:00\" \/>\n<meta property=\"og:image\" content=\"https:\/\/www.cde.ual.es\/wp-content\/uploads\/2023\/03\/guillaume-perigois-HL4LEIyGEYU-unsplash-scaled.jpg\" \/>\n\t<meta property=\"og:image:width\" content=\"2560\" \/>\n\t<meta property=\"og:image:height\" content=\"1962\" \/>\n\t<meta property=\"og:image:type\" content=\"image\/jpeg\" \/>\n<meta name=\"author\" content=\"AdminCDE\" \/>\n<meta name=\"twitter:card\" content=\"summary_large_image\" \/>\n<meta name=\"twitter:creator\" content=\"@cdeualmeria\" \/>\n<meta name=\"twitter:site\" content=\"@cdeualmeria\" \/>\n<meta name=\"twitter:label1\" content=\"Written by\" \/>\n\t<meta name=\"twitter:data1\" content=\"AdminCDE\" \/>\n\t<meta name=\"twitter:label2\" content=\"Est. reading time\" \/>\n\t<meta name=\"twitter:data2\" content=\"4 minutes\" \/>\n<script type=\"application\/ld+json\" class=\"yoast-schema-graph\">{\"@context\":\"https:\\\/\\\/schema.org\",\"@graph\":[{\"@type\":\"Article\",\"@id\":\"https:\\\/\\\/www.cde.ual.es\\\/?p=149358#article\",\"isPartOf\":{\"@id\":\"https:\\\/\\\/www.cde.ual.es\\\/?p=149358\"},\"author\":{\"name\":\"AdminCDE\",\"@id\":\"https:\\\/\\\/www.cde.ual.es\\\/#\\\/schema\\\/person\\\/224ef08c8bcc005f319d2713ce37ee5f\"},\"headline\":\"Commission monitors strengths and challenges of EU&#8217;s competitiveness\",\"datePublished\":\"2024-02-19T02:00:07+00:00\",\"mainEntityOfPage\":{\"@id\":\"https:\\\/\\\/www.cde.ual.es\\\/?p=149358\"},\"wordCount\":753,\"commentCount\":0,\"publisher\":{\"@id\":\"https:\\\/\\\/www.cde.ual.es\\\/#organization\"},\"image\":{\"@id\":\"https:\\\/\\\/www.cde.ual.es\\\/?p=149358#primaryimage\"},\"thumbnailUrl\":\"https:\\\/\\\/www.cde.ual.es\\\/wp-content\\\/uploads\\\/2023\\\/03\\\/guillaume-perigois-HL4LEIyGEYU-unsplash-scaled.jpg\",\"keywords\":[\"Comision Europea\",\"competitiveness\",\"EU\",\"European Commission\",\"European Union\"],\"articleSection\":[\"Economy and Finance\",\"EU News\",\"International Trade\",\"Market\"],\"inLanguage\":\"en-US\",\"potentialAction\":[{\"@type\":\"CommentAction\",\"name\":\"Comment\",\"target\":[\"https:\\\/\\\/www.cde.ual.es\\\/?p=149358#respond\"]}]},{\"@type\":\"WebPage\",\"@id\":\"https:\\\/\\\/www.cde.ual.es\\\/?p=149358\",\"url\":\"https:\\\/\\\/www.cde.ual.es\\\/?p=149358\",\"name\":\"Commission monitors strengths and challenges of EU's competitiveness | CDE Almer\u00eda - Centro de Documentaci\u00f3n Europea - Universidad de Almer\u00eda\",\"isPartOf\":{\"@id\":\"https:\\\/\\\/www.cde.ual.es\\\/#website\"},\"primaryImageOfPage\":{\"@id\":\"https:\\\/\\\/www.cde.ual.es\\\/?p=149358#primaryimage\"},\"image\":{\"@id\":\"https:\\\/\\\/www.cde.ual.es\\\/?p=149358#primaryimage\"},\"thumbnailUrl\":\"https:\\\/\\\/www.cde.ual.es\\\/wp-content\\\/uploads\\\/2023\\\/03\\\/guillaume-perigois-HL4LEIyGEYU-unsplash-scaled.jpg\",\"datePublished\":\"2024-02-19T02:00:07+00:00\",\"breadcrumb\":{\"@id\":\"https:\\\/\\\/www.cde.ual.es\\\/?p=149358#breadcrumb\"},\"inLanguage\":\"en-US\",\"potentialAction\":[{\"@type\":\"ReadAction\",\"target\":[\"https:\\\/\\\/www.cde.ual.es\\\/?p=149358\"]}]},{\"@type\":\"ImageObject\",\"inLanguage\":\"en-US\",\"@id\":\"https:\\\/\\\/www.cde.ual.es\\\/?p=149358#primaryimage\",\"url\":\"https:\\\/\\\/www.cde.ual.es\\\/wp-content\\\/uploads\\\/2023\\\/03\\\/guillaume-perigois-HL4LEIyGEYU-unsplash-scaled.jpg\",\"contentUrl\":\"https:\\\/\\\/www.cde.ual.es\\\/wp-content\\\/uploads\\\/2023\\\/03\\\/guillaume-perigois-HL4LEIyGEYU-unsplash-scaled.jpg\",\"width\":2560,\"height\":1962,\"caption\":\"bandera de europa\"},{\"@type\":\"BreadcrumbList\",\"@id\":\"https:\\\/\\\/www.cde.ual.es\\\/?p=149358#breadcrumb\",\"itemListElement\":[{\"@type\":\"ListItem\",\"position\":1,\"name\":\"Inicio\",\"item\":\"https:\\\/\\\/www.cde.ual.es\\\/en\\\/\"},{\"@type\":\"ListItem\",\"position\":2,\"name\":\"Noticias UE\",\"item\":\"https:\\\/\\\/www.cde.ual.es\\\/category\\\/noticias-ue\\\/\"},{\"@type\":\"ListItem\",\"position\":3,\"name\":\"Mercado\",\"item\":\"https:\\\/\\\/www.cde.ual.es\\\/category\\\/noticias-ue\\\/mercado\\\/\"},{\"@type\":\"ListItem\",\"position\":4,\"name\":\"Economy and Finance\",\"item\":\"https:\\\/\\\/www.cde.ual.es\\\/en\\\/category\\\/eu-news\\\/market\\\/economy-finance\\\/\"},{\"@type\":\"ListItem\",\"position\":5,\"name\":\"Commission monitors strengths and challenges of EU&#8217;s competitiveness\"}]},{\"@type\":\"WebSite\",\"@id\":\"https:\\\/\\\/www.cde.ual.es\\\/#website\",\"url\":\"https:\\\/\\\/www.cde.ual.es\\\/\",\"name\":\"CDE Almer\u00eda - Centro de Documentaci\u00f3n Europea - Universidad de Almer\u00eda\",\"description\":\"Centro de Documentaci\u00f3n Europea de la Universidad de Almer\u00eda\",\"publisher\":{\"@id\":\"https:\\\/\\\/www.cde.ual.es\\\/#organization\"},\"alternateName\":\"CDE Almer\u00eda\",\"potentialAction\":[{\"@type\":\"SearchAction\",\"target\":{\"@type\":\"EntryPoint\",\"urlTemplate\":\"https:\\\/\\\/www.cde.ual.es\\\/?s={search_term_string}\"},\"query-input\":{\"@type\":\"PropertyValueSpecification\",\"valueRequired\":true,\"valueName\":\"search_term_string\"}}],\"inLanguage\":\"en-US\"},{\"@type\":\"Organization\",\"@id\":\"https:\\\/\\\/www.cde.ual.es\\\/#organization\",\"name\":\"Centro de Documentaci\u00f3n Europea de Almer\u00eda\",\"url\":\"https:\\\/\\\/www.cde.ual.es\\\/\",\"logo\":{\"@type\":\"ImageObject\",\"inLanguage\":\"en-US\",\"@id\":\"https:\\\/\\\/www.cde.ual.es\\\/#\\\/schema\\\/logo\\\/image\\\/\",\"url\":\"https:\\\/\\\/www.cde.ual.es\\\/wp-content\\\/uploads\\\/2025\\\/07\\\/cde-logo-3.png\",\"contentUrl\":\"https:\\\/\\\/www.cde.ual.es\\\/wp-content\\\/uploads\\\/2025\\\/07\\\/cde-logo-3.png\",\"width\":1400,\"height\":300,\"caption\":\"Centro de Documentaci\u00f3n Europea de Almer\u00eda\"},\"image\":{\"@id\":\"https:\\\/\\\/www.cde.ual.es\\\/#\\\/schema\\\/logo\\\/image\\\/\"},\"sameAs\":[\"https:\\\/\\\/www.facebook.com\\\/cdeuniversidadalmeria\\\/\",\"https:\\\/\\\/x.com\\\/cdeualmeria\",\"https:\\\/\\\/www.tiktok.com\\\/@cdealmeria\",\"https:\\\/\\\/www.instagram.com\\\/cdealmeria\\\/\",\"https:\\\/\\\/www.linkedin.com\\\/in\\\/cde-almera-812b26a9\\\/\"]},{\"@type\":\"Person\",\"@id\":\"https:\\\/\\\/www.cde.ual.es\\\/#\\\/schema\\\/person\\\/224ef08c8bcc005f319d2713ce37ee5f\",\"name\":\"AdminCDE\",\"image\":{\"@type\":\"ImageObject\",\"inLanguage\":\"en-US\",\"@id\":\"https:\\\/\\\/secure.gravatar.com\\\/avatar\\\/a72d038d371f995cd13706fac32274b7952a52e8fb0a84b5f80c85426f2a98a8?s=96&d=mm&r=g\",\"url\":\"https:\\\/\\\/secure.gravatar.com\\\/avatar\\\/a72d038d371f995cd13706fac32274b7952a52e8fb0a84b5f80c85426f2a98a8?s=96&d=mm&r=g\",\"contentUrl\":\"https:\\\/\\\/secure.gravatar.com\\\/avatar\\\/a72d038d371f995cd13706fac32274b7952a52e8fb0a84b5f80c85426f2a98a8?s=96&d=mm&r=g\",\"caption\":\"AdminCDE\"}}]}<\/script>\n<!-- \/ Yoast SEO plugin. -->","yoast_head_json":{"title":"Commission monitors strengths and challenges of EU's competitiveness | CDE Almer\u00eda - Centro de Documentaci\u00f3n Europea - Universidad de Almer\u00eda","robots":{"index":"index","follow":"follow","max-snippet":"max-snippet:-1","max-image-preview":"max-image-preview:large","max-video-preview":"max-video-preview:-1"},"canonical":"https:\/\/www.cde.ual.es\/?p=149358","og_locale":"en_US","og_type":"article","og_title":"Commission monitors strengths and challenges of EU's competitiveness | CDE Almer\u00eda - Centro de Documentaci\u00f3n Europea - Universidad de Almer\u00eda","og_description":"The Commission has published the new Annual Single Market and Competitiveness Report. The report details the competitive strengths and challenges of Europe&#8217;s Single Market, tracking yearly developments according to the nine competitiveness drivers identified in the\u00a0EU&#8217;s 2023 Long-term competitiveness Communication. Those are the functioning of the Single Market, access to private capital, public investment and [&hellip;]","og_url":"https:\/\/www.cde.ual.es\/?p=149358","og_site_name":"CDE Almer\u00eda - Centro de Documentaci\u00f3n Europea - Universidad de Almer\u00eda","article_publisher":"https:\/\/www.facebook.com\/cdeuniversidadalmeria\/","article_published_time":"2024-02-19T02:00:07+00:00","og_image":[{"width":2560,"height":1962,"url":"https:\/\/www.cde.ual.es\/wp-content\/uploads\/2023\/03\/guillaume-perigois-HL4LEIyGEYU-unsplash-scaled.jpg","type":"image\/jpeg"}],"author":"AdminCDE","twitter_card":"summary_large_image","twitter_creator":"@cdeualmeria","twitter_site":"@cdeualmeria","twitter_misc":{"Written by":"AdminCDE","Est. reading time":"4 minutes"},"schema":{"@context":"https:\/\/schema.org","@graph":[{"@type":"Article","@id":"https:\/\/www.cde.ual.es\/?p=149358#article","isPartOf":{"@id":"https:\/\/www.cde.ual.es\/?p=149358"},"author":{"name":"AdminCDE","@id":"https:\/\/www.cde.ual.es\/#\/schema\/person\/224ef08c8bcc005f319d2713ce37ee5f"},"headline":"Commission monitors strengths and challenges of EU&#8217;s competitiveness","datePublished":"2024-02-19T02:00:07+00:00","mainEntityOfPage":{"@id":"https:\/\/www.cde.ual.es\/?p=149358"},"wordCount":753,"commentCount":0,"publisher":{"@id":"https:\/\/www.cde.ual.es\/#organization"},"image":{"@id":"https:\/\/www.cde.ual.es\/?p=149358#primaryimage"},"thumbnailUrl":"https:\/\/www.cde.ual.es\/wp-content\/uploads\/2023\/03\/guillaume-perigois-HL4LEIyGEYU-unsplash-scaled.jpg","keywords":["Comision Europea","competitiveness","EU","European Commission","European Union"],"articleSection":["Economy and Finance","EU News","International Trade","Market"],"inLanguage":"en-US","potentialAction":[{"@type":"CommentAction","name":"Comment","target":["https:\/\/www.cde.ual.es\/?p=149358#respond"]}]},{"@type":"WebPage","@id":"https:\/\/www.cde.ual.es\/?p=149358","url":"https:\/\/www.cde.ual.es\/?p=149358","name":"Commission monitors strengths and challenges of EU's competitiveness | CDE Almer\u00eda - Centro de Documentaci\u00f3n Europea - Universidad de Almer\u00eda","isPartOf":{"@id":"https:\/\/www.cde.ual.es\/#website"},"primaryImageOfPage":{"@id":"https:\/\/www.cde.ual.es\/?p=149358#primaryimage"},"image":{"@id":"https:\/\/www.cde.ual.es\/?p=149358#primaryimage"},"thumbnailUrl":"https:\/\/www.cde.ual.es\/wp-content\/uploads\/2023\/03\/guillaume-perigois-HL4LEIyGEYU-unsplash-scaled.jpg","datePublished":"2024-02-19T02:00:07+00:00","breadcrumb":{"@id":"https:\/\/www.cde.ual.es\/?p=149358#breadcrumb"},"inLanguage":"en-US","potentialAction":[{"@type":"ReadAction","target":["https:\/\/www.cde.ual.es\/?p=149358"]}]},{"@type":"ImageObject","inLanguage":"en-US","@id":"https:\/\/www.cde.ual.es\/?p=149358#primaryimage","url":"https:\/\/www.cde.ual.es\/wp-content\/uploads\/2023\/03\/guillaume-perigois-HL4LEIyGEYU-unsplash-scaled.jpg","contentUrl":"https:\/\/www.cde.ual.es\/wp-content\/uploads\/2023\/03\/guillaume-perigois-HL4LEIyGEYU-unsplash-scaled.jpg","width":2560,"height":1962,"caption":"bandera de europa"},{"@type":"BreadcrumbList","@id":"https:\/\/www.cde.ual.es\/?p=149358#breadcrumb","itemListElement":[{"@type":"ListItem","position":1,"name":"Inicio","item":"https:\/\/www.cde.ual.es\/en\/"},{"@type":"ListItem","position":2,"name":"Noticias UE","item":"https:\/\/www.cde.ual.es\/category\/noticias-ue\/"},{"@type":"ListItem","position":3,"name":"Mercado","item":"https:\/\/www.cde.ual.es\/category\/noticias-ue\/mercado\/"},{"@type":"ListItem","position":4,"name":"Economy and Finance","item":"https:\/\/www.cde.ual.es\/en\/category\/eu-news\/market\/economy-finance\/"},{"@type":"ListItem","position":5,"name":"Commission monitors strengths and challenges of EU&#8217;s competitiveness"}]},{"@type":"WebSite","@id":"https:\/\/www.cde.ual.es\/#website","url":"https:\/\/www.cde.ual.es\/","name":"CDE Almer\u00eda - Centro de Documentaci\u00f3n Europea - Universidad de Almer\u00eda","description":"Centro de Documentaci\u00f3n Europea de la Universidad de Almer\u00eda","publisher":{"@id":"https:\/\/www.cde.ual.es\/#organization"},"alternateName":"CDE Almer\u00eda","potentialAction":[{"@type":"SearchAction","target":{"@type":"EntryPoint","urlTemplate":"https:\/\/www.cde.ual.es\/?s={search_term_string}"},"query-input":{"@type":"PropertyValueSpecification","valueRequired":true,"valueName":"search_term_string"}}],"inLanguage":"en-US"},{"@type":"Organization","@id":"https:\/\/www.cde.ual.es\/#organization","name":"Centro de Documentaci\u00f3n Europea de Almer\u00eda","url":"https:\/\/www.cde.ual.es\/","logo":{"@type":"ImageObject","inLanguage":"en-US","@id":"https:\/\/www.cde.ual.es\/#\/schema\/logo\/image\/","url":"https:\/\/www.cde.ual.es\/wp-content\/uploads\/2025\/07\/cde-logo-3.png","contentUrl":"https:\/\/www.cde.ual.es\/wp-content\/uploads\/2025\/07\/cde-logo-3.png","width":1400,"height":300,"caption":"Centro de Documentaci\u00f3n Europea de Almer\u00eda"},"image":{"@id":"https:\/\/www.cde.ual.es\/#\/schema\/logo\/image\/"},"sameAs":["https:\/\/www.facebook.com\/cdeuniversidadalmeria\/","https:\/\/x.com\/cdeualmeria","https:\/\/www.tiktok.com\/@cdealmeria","https:\/\/www.instagram.com\/cdealmeria\/","https:\/\/www.linkedin.com\/in\/cde-almera-812b26a9\/"]},{"@type":"Person","@id":"https:\/\/www.cde.ual.es\/#\/schema\/person\/224ef08c8bcc005f319d2713ce37ee5f","name":"AdminCDE","image":{"@type":"ImageObject","inLanguage":"en-US","@id":"https:\/\/secure.gravatar.com\/avatar\/a72d038d371f995cd13706fac32274b7952a52e8fb0a84b5f80c85426f2a98a8?s=96&d=mm&r=g","url":"https:\/\/secure.gravatar.com\/avatar\/a72d038d371f995cd13706fac32274b7952a52e8fb0a84b5f80c85426f2a98a8?s=96&d=mm&r=g","contentUrl":"https:\/\/secure.gravatar.com\/avatar\/a72d038d371f995cd13706fac32274b7952a52e8fb0a84b5f80c85426f2a98a8?s=96&d=mm&r=g","caption":"AdminCDE"}}]}},"_links":{"self":[{"href":"https:\/\/www.cde.ual.es\/en\/wp-json\/wp\/v2\/posts\/149360","targetHints":{"allow":["GET"]}}],"collection":[{"href":"https:\/\/www.cde.ual.es\/en\/wp-json\/wp\/v2\/posts"}],"about":[{"href":"https:\/\/www.cde.ual.es\/en\/wp-json\/wp\/v2\/types\/post"}],"author":[{"embeddable":true,"href":"https:\/\/www.cde.ual.es\/en\/wp-json\/wp\/v2\/users\/1"}],"replies":[{"embeddable":true,"href":"https:\/\/www.cde.ual.es\/en\/wp-json\/wp\/v2\/comments?post=149360"}],"version-history":[{"count":1,"href":"https:\/\/www.cde.ual.es\/en\/wp-json\/wp\/v2\/posts\/149360\/revisions"}],"predecessor-version":[{"id":149361,"href":"https:\/\/www.cde.ual.es\/en\/wp-json\/wp\/v2\/posts\/149360\/revisions\/149361"}],"wp:featuredmedia":[{"embeddable":true,"href":"https:\/\/www.cde.ual.es\/en\/wp-json\/wp\/v2\/media\/132459"}],"wp:attachment":[{"href":"https:\/\/www.cde.ual.es\/en\/wp-json\/wp\/v2\/media?parent=149360"}],"wp:term":[{"taxonomy":"category","embeddable":true,"href":"https:\/\/www.cde.ual.es\/en\/wp-json\/wp\/v2\/categories?post=149360"},{"taxonomy":"post_tag","embeddable":true,"href":"https:\/\/www.cde.ual.es\/en\/wp-json\/wp\/v2\/tags?post=149360"}],"curies":[{"name":"wp","href":"https:\/\/api.w.org\/{rel}","templated":true}]}}