{"id":149162,"date":"2024-02-09T09:54:17","date_gmt":"2024-02-09T08:54:17","guid":{"rendered":"https:\/\/www.cde.ual.es\/?p=149162"},"modified":"2024-02-09T09:54:17","modified_gmt":"2024-02-09T08:54:17","slug":"waste-commission-decides-to-refer-spain-to-the-court-of-justice-of-the-european-union-for-failure-to-apply-the-waste-management-requirements","status":"publish","type":"post","link":"https:\/\/www.cde.ual.es\/en\/waste-commission-decides-to-refer-spain-to-the-court-of-justice-of-the-european-union-for-failure-to-apply-the-waste-management-requirements\/","title":{"rendered":"Waste: Commission decides to refer SPAIN to the Court of Justice of the European Union for failure to apply the waste management requirements"},"content":{"rendered":"<p style=\"text-align: justify;\"><strong>The European Commission decided to refer Spain\u00a0to the Court of Justice of the European Union for failure to comply with the requirements of the Waste Framework Directive (<a href=\"https:\/\/eur-lex.europa.eu\/legal-content\/EN\/TXT\/?uri=celex%3A32008L0098\">Directive 2008\/98\/EC<\/a>).<\/strong><\/p>\n<p style=\"text-align: justify;\"><a href=\"https:\/\/www.cde.ual.es\/wp-content\/uploads\/2024\/02\/ESPANA-ANTE-EL-TJUE.jpg\"><img decoding=\"async\" class=\"size-full wp-image-149133 aligncenter\" src=\"https:\/\/www.cde.ual.es\/wp-content\/uploads\/2024\/02\/ESPANA-ANTE-EL-TJUE.jpg\" alt=\"\" width=\"1080\" height=\"1080\" \/><\/a><\/p>\n<p style=\"text-align: justify;\">The Waste Framework Directive requires Member States to take all necessary measures to ensure that waste management does not endanger human health or harm the environment. Member States also need to ensure that waste is safely disposed of, and that original waste producers treat the waste themselves or ensure that the treatment is properly handled.<\/p>\n<p style=\"text-align: justify;\">Spain has failed to take the necessary measures to comply with these requirements of the Waste Framework Directive. The persistence of, at least, 195 illegal landfills that have not yet been closed, sealed and restored since 2008 is causing significant harm to the environment while endangering human health. It also shows that Spain has failed to fulfil its scrutiny, inspection and enforcement duties concerning waste dumping. This creates health and environmental hazards, which the\u00a0<a href=\"https:\/\/ec.europa.eu\/info\/strategy\/priorities-2019-2024\/european-green-deal_en\">European Green Deal<\/a>\u00a0aims to address.<\/p>\n<p style=\"text-align: justify;\">The Commission sent a letter of formal notice to Spain in December 2015, followed by a reasoned opinion in November 2018. Despite some progress, the Spanish authorities have not fully addressed the shortcomings. The Commission considers that efforts by the Spanish authorities have to date been insufficient and is therefore referring Spain to the Court of Justice of the European Union.<\/p>\n<table style=\"width: 99.9988%; border-collapse: collapse; border-style: double; border-color: #001f7d;\" cellpadding=\"0,5\">\n<tbody>\n<tr>\n<td style=\"width: 100%;\"><a href=\"https:\/\/www.cde.ual.es\/residuos-y-reciclaje-la-comision-lanza-una-consulta-publica-sobre-la-revision-de-la-directiva-marco-de-residuos\/\" target=\"_blank\" rel=\"noopener\"><img decoding=\"async\" class=\"alignleft\" src=\"https:\/\/www.cde.ual.es\/wp-content\/uploads\/2022\/05\/waste-2-scaled.jpg\" alt=\"\" width=\"201\" height=\"134\" \/><\/a><\/p>\n<h4 class=\"entry-title\"><a href=\"https:\/\/www.cde.ual.es\/residuos-y-reciclaje-la-comision-lanza-una-consulta-publica-sobre-la-revision-de-la-directiva-marco-de-residuos\/\" target=\"_blank\" rel=\"noopener\">Waste and Recycling: Commission Launches Public Consultation on the Revision of the Waste Framework Directive<\/a><\/h4>\n<\/td>\n<\/tr>\n<\/tbody>\n<\/table>\n<p style=\"text-align: justify;\"><strong>Background<\/strong><\/p>\n<p style=\"text-align: justify;\">The Waste Framework Directive aims to protect the environment and human health by preventing or reducing the adverse impacts of the generation and management of waste and by reducing overall impacts of resource use and improving the efficiency of such use.<\/p>\n<p style=\"text-align: justify;\">Today&#8217;s decision to refer Spain to the Court of Justice of the European Union follows two waste related infringement procedures where the Court found that Spain was in breach of its obligations under Union law with regards to the persistence of non-conform and illegal waste landfills (INFR(2006)2311 and INFR(2011)2071).<strong>\u00a0<\/strong><\/p>\n<p style=\"text-align: justify;\"><strong>More information: <\/strong><a href=\"https:\/\/ec.europa.eu\/commission\/presscorner\/detail\/en\/ip_24_266\">European Commission<\/a><\/p>\n","protected":false},"excerpt":{"rendered":"<p>The European Commission decided to refer Spain\u00a0to the Court of Justice of the European Union for failure to comply with the requirements of the Waste Framework Directive (Directive 2008\/98\/EC). The Waste Framework Directive requires Member States to take all necessary measures to ensure that waste management does not endanger human health or harm the environment. [&hellip;]<\/p>\n","protected":false},"author":1,"featured_media":149134,"comment_status":"open","ping_status":"open","sticky":false,"template":"","format":"standard","meta":{"_acf_changed":false,"_relevanssi_hide_post":"","_relevanssi_hide_content":"","_relevanssi_pin_for_all":"","_relevanssi_pin_keywords":"","_relevanssi_unpin_keywords":"","_relevanssi_related_keywords":"","_relevanssi_related_include_ids":"","_relevanssi_related_exclude_ids":"","_relevanssi_related_no_append":"","_relevanssi_related_not_related":"","_relevanssi_related_posts":"","_relevanssi_noindex_reason":"","_monsterinsights_skip_tracking":false,"_monsterinsights_sitenote_active":false,"_monsterinsights_sitenote_note":"","_monsterinsights_sitenote_category":0,"_genesis_hide_title":false,"_genesis_hide_breadcrumbs":false,"_genesis_hide_singular_image":false,"_genesis_hide_footer_widgets":false,"_genesis_custom_body_class":"","_genesis_custom_post_class":"","_genesis_layout":"","footnotes":""},"categories":[346,4064,4066],"tags":[807,1488,806,1972],"class_list":{"0":"post-149162","1":"post","2":"type-post","3":"status-publish","4":"format-standard","5":"has-post-thumbnail","7":"category-eu-news","8":"category-institutional","9":"category-state-members","10":"tag-court-of-justice","11":"tag-european-commission","12":"tag-spain","13":"tag-waste","14":"entry"},"acf":[],"yoast_head":"<!-- This site is optimized with the Yoast SEO plugin v27.4 - https:\/\/yoast.com\/product\/yoast-seo-wordpress\/ -->\n<title>Waste: Commission decides to refer SPAIN to the Court of Justice of the European Union for failure to apply the waste management requirements | CDE Almer\u00eda - Centro de Documentaci\u00f3n Europea - Universidad de Almer\u00eda<\/title>\n<meta name=\"robots\" content=\"index, follow, max-snippet:-1, max-image-preview:large, max-video-preview:-1\" \/>\n<link rel=\"canonical\" href=\"https:\/\/www.cde.ual.es\/en\/waste-commission-decides-to-refer-spain-to-the-court-of-justice-of-the-european-union-for-failure-to-apply-the-waste-management-requirements\/\" \/>\n<meta property=\"og:locale\" content=\"en_US\" \/>\n<meta property=\"og:type\" content=\"article\" \/>\n<meta property=\"og:title\" content=\"Waste: Commission decides to refer SPAIN to the Court of Justice of the European Union for failure to apply the waste management requirements | CDE Almer\u00eda - Centro de Documentaci\u00f3n Europea - Universidad de Almer\u00eda\" \/>\n<meta property=\"og:description\" content=\"The European Commission decided to refer Spain\u00a0to the Court of Justice of the European Union for failure to comply with the requirements of the Waste Framework Directive (Directive 2008\/98\/EC). The Waste Framework Directive requires Member States to take all necessary measures to ensure that waste management does not endanger human health or harm the environment. [&hellip;]\" \/>\n<meta property=\"og:url\" content=\"https:\/\/www.cde.ual.es\/en\/waste-commission-decides-to-refer-spain-to-the-court-of-justice-of-the-european-union-for-failure-to-apply-the-waste-management-requirements\/\" \/>\n<meta property=\"og:site_name\" content=\"CDE Almer\u00eda - Centro de Documentaci\u00f3n Europea - Universidad de Almer\u00eda\" \/>\n<meta property=\"article:publisher\" content=\"https:\/\/www.facebook.com\/cdeuniversidadalmeria\/\" \/>\n<meta property=\"article:published_time\" content=\"2024-02-09T08:54:17+00:00\" \/>\n<meta property=\"og:image\" content=\"https:\/\/www.cde.ual.es\/wp-content\/uploads\/2024\/02\/ESPANA-ANTE-EL-TJUE.jpg\" \/>\n\t<meta property=\"og:image:width\" content=\"1080\" \/>\n\t<meta property=\"og:image:height\" content=\"1080\" \/>\n\t<meta property=\"og:image:type\" content=\"image\/jpeg\" \/>\n<meta name=\"author\" content=\"AdminCDE\" \/>\n<meta name=\"twitter:card\" content=\"summary_large_image\" \/>\n<meta name=\"twitter:creator\" content=\"@cdeualmeria\" \/>\n<meta name=\"twitter:site\" content=\"@cdeualmeria\" \/>\n<meta name=\"twitter:label1\" content=\"Written by\" \/>\n\t<meta name=\"twitter:data1\" content=\"AdminCDE\" \/>\n\t<meta name=\"twitter:label2\" content=\"Est. reading time\" \/>\n\t<meta name=\"twitter:data2\" content=\"3 minutes\" \/>\n<script type=\"application\/ld+json\" class=\"yoast-schema-graph\">{\"@context\":\"https:\\\/\\\/schema.org\",\"@graph\":[{\"@type\":\"Article\",\"@id\":\"https:\\\/\\\/www.cde.ual.es\\\/en\\\/waste-commission-decides-to-refer-spain-to-the-court-of-justice-of-the-european-union-for-failure-to-apply-the-waste-management-requirements\\\/#article\",\"isPartOf\":{\"@id\":\"https:\\\/\\\/www.cde.ual.es\\\/en\\\/waste-commission-decides-to-refer-spain-to-the-court-of-justice-of-the-european-union-for-failure-to-apply-the-waste-management-requirements\\\/\"},\"author\":{\"name\":\"AdminCDE\",\"@id\":\"https:\\\/\\\/www.cde.ual.es\\\/#\\\/schema\\\/person\\\/224ef08c8bcc005f319d2713ce37ee5f\"},\"headline\":\"Waste: Commission decides to refer SPAIN to the Court of Justice of the European Union for failure to apply the waste management requirements\",\"datePublished\":\"2024-02-09T08:54:17+00:00\",\"mainEntityOfPage\":{\"@id\":\"https:\\\/\\\/www.cde.ual.es\\\/en\\\/waste-commission-decides-to-refer-spain-to-the-court-of-justice-of-the-european-union-for-failure-to-apply-the-waste-management-requirements\\\/\"},\"wordCount\":356,\"commentCount\":0,\"publisher\":{\"@id\":\"https:\\\/\\\/www.cde.ual.es\\\/#organization\"},\"image\":{\"@id\":\"https:\\\/\\\/www.cde.ual.es\\\/en\\\/waste-commission-decides-to-refer-spain-to-the-court-of-justice-of-the-european-union-for-failure-to-apply-the-waste-management-requirements\\\/#primaryimage\"},\"thumbnailUrl\":\"https:\\\/\\\/www.cde.ual.es\\\/wp-content\\\/uploads\\\/2024\\\/02\\\/ESPANA-ANTE-EL-TJUE-e1750404448671.jpg\",\"keywords\":[\"Court of Justice\",\"European Commission\",\"Spain\",\"waste\"],\"articleSection\":[\"EU News\",\"Institutional Affairs\",\"State Members\"],\"inLanguage\":\"en-US\",\"potentialAction\":[{\"@type\":\"CommentAction\",\"name\":\"Comment\",\"target\":[\"https:\\\/\\\/www.cde.ual.es\\\/en\\\/waste-commission-decides-to-refer-spain-to-the-court-of-justice-of-the-european-union-for-failure-to-apply-the-waste-management-requirements\\\/#respond\"]}]},{\"@type\":\"WebPage\",\"@id\":\"https:\\\/\\\/www.cde.ual.es\\\/en\\\/waste-commission-decides-to-refer-spain-to-the-court-of-justice-of-the-european-union-for-failure-to-apply-the-waste-management-requirements\\\/\",\"url\":\"https:\\\/\\\/www.cde.ual.es\\\/en\\\/waste-commission-decides-to-refer-spain-to-the-court-of-justice-of-the-european-union-for-failure-to-apply-the-waste-management-requirements\\\/\",\"name\":\"Waste: Commission decides to refer SPAIN to the Court of Justice of the European Union for failure to apply the waste management requirements | CDE Almer\u00eda - Centro de Documentaci\u00f3n Europea - Universidad de Almer\u00eda\",\"isPartOf\":{\"@id\":\"https:\\\/\\\/www.cde.ual.es\\\/#website\"},\"primaryImageOfPage\":{\"@id\":\"https:\\\/\\\/www.cde.ual.es\\\/en\\\/waste-commission-decides-to-refer-spain-to-the-court-of-justice-of-the-european-union-for-failure-to-apply-the-waste-management-requirements\\\/#primaryimage\"},\"image\":{\"@id\":\"https:\\\/\\\/www.cde.ual.es\\\/en\\\/waste-commission-decides-to-refer-spain-to-the-court-of-justice-of-the-european-union-for-failure-to-apply-the-waste-management-requirements\\\/#primaryimage\"},\"thumbnailUrl\":\"https:\\\/\\\/www.cde.ual.es\\\/wp-content\\\/uploads\\\/2024\\\/02\\\/ESPANA-ANTE-EL-TJUE-e1750404448671.jpg\",\"datePublished\":\"2024-02-09T08:54:17+00:00\",\"breadcrumb\":{\"@id\":\"https:\\\/\\\/www.cde.ual.es\\\/en\\\/waste-commission-decides-to-refer-spain-to-the-court-of-justice-of-the-european-union-for-failure-to-apply-the-waste-management-requirements\\\/#breadcrumb\"},\"inLanguage\":\"en-US\",\"potentialAction\":[{\"@type\":\"ReadAction\",\"target\":[\"https:\\\/\\\/www.cde.ual.es\\\/en\\\/waste-commission-decides-to-refer-spain-to-the-court-of-justice-of-the-european-union-for-failure-to-apply-the-waste-management-requirements\\\/\"]}]},{\"@type\":\"ImageObject\",\"inLanguage\":\"en-US\",\"@id\":\"https:\\\/\\\/www.cde.ual.es\\\/en\\\/waste-commission-decides-to-refer-spain-to-the-court-of-justice-of-the-european-union-for-failure-to-apply-the-waste-management-requirements\\\/#primaryimage\",\"url\":\"https:\\\/\\\/www.cde.ual.es\\\/wp-content\\\/uploads\\\/2024\\\/02\\\/ESPANA-ANTE-EL-TJUE-e1750404448671.jpg\",\"contentUrl\":\"https:\\\/\\\/www.cde.ual.es\\\/wp-content\\\/uploads\\\/2024\\\/02\\\/ESPANA-ANTE-EL-TJUE-e1750404448671.jpg\",\"width\":1080,\"height\":1080},{\"@type\":\"BreadcrumbList\",\"@id\":\"https:\\\/\\\/www.cde.ual.es\\\/en\\\/waste-commission-decides-to-refer-spain-to-the-court-of-justice-of-the-european-union-for-failure-to-apply-the-waste-management-requirements\\\/#breadcrumb\",\"itemListElement\":[{\"@type\":\"ListItem\",\"position\":1,\"name\":\"Inicio\",\"item\":\"https:\\\/\\\/www.cde.ual.es\\\/en\\\/\"},{\"@type\":\"ListItem\",\"position\":2,\"name\":\"EU News\",\"item\":\"https:\\\/\\\/www.cde.ual.es\\\/en\\\/category\\\/eu-news\\\/\"},{\"@type\":\"ListItem\",\"position\":3,\"name\":\"Institutional Affairs\",\"item\":\"https:\\\/\\\/www.cde.ual.es\\\/en\\\/category\\\/eu-news\\\/institutional\\\/\"},{\"@type\":\"ListItem\",\"position\":4,\"name\":\"State Members\",\"item\":\"https:\\\/\\\/www.cde.ual.es\\\/en\\\/category\\\/eu-news\\\/institutional\\\/state-members\\\/\"},{\"@type\":\"ListItem\",\"position\":5,\"name\":\"Waste: Commission decides to refer SPAIN to the Court of Justice of the European Union for failure to apply the waste management requirements\"}]},{\"@type\":\"WebSite\",\"@id\":\"https:\\\/\\\/www.cde.ual.es\\\/#website\",\"url\":\"https:\\\/\\\/www.cde.ual.es\\\/\",\"name\":\"CDE Almer\u00eda - Centro de Documentaci\u00f3n Europea - Universidad de Almer\u00eda\",\"description\":\"Centro de Documentaci\u00f3n Europea de la Universidad de Almer\u00eda\",\"publisher\":{\"@id\":\"https:\\\/\\\/www.cde.ual.es\\\/#organization\"},\"alternateName\":\"CDE Almer\u00eda\",\"potentialAction\":[{\"@type\":\"SearchAction\",\"target\":{\"@type\":\"EntryPoint\",\"urlTemplate\":\"https:\\\/\\\/www.cde.ual.es\\\/?s={search_term_string}\"},\"query-input\":{\"@type\":\"PropertyValueSpecification\",\"valueRequired\":true,\"valueName\":\"search_term_string\"}}],\"inLanguage\":\"en-US\"},{\"@type\":\"Organization\",\"@id\":\"https:\\\/\\\/www.cde.ual.es\\\/#organization\",\"name\":\"Centro de Documentaci\u00f3n Europea de Almer\u00eda\",\"url\":\"https:\\\/\\\/www.cde.ual.es\\\/\",\"logo\":{\"@type\":\"ImageObject\",\"inLanguage\":\"en-US\",\"@id\":\"https:\\\/\\\/www.cde.ual.es\\\/#\\\/schema\\\/logo\\\/image\\\/\",\"url\":\"https:\\\/\\\/www.cde.ual.es\\\/wp-content\\\/uploads\\\/2025\\\/07\\\/cde-logo-3.png\",\"contentUrl\":\"https:\\\/\\\/www.cde.ual.es\\\/wp-content\\\/uploads\\\/2025\\\/07\\\/cde-logo-3.png\",\"width\":1400,\"height\":300,\"caption\":\"Centro de Documentaci\u00f3n Europea de Almer\u00eda\"},\"image\":{\"@id\":\"https:\\\/\\\/www.cde.ual.es\\\/#\\\/schema\\\/logo\\\/image\\\/\"},\"sameAs\":[\"https:\\\/\\\/www.facebook.com\\\/cdeuniversidadalmeria\\\/\",\"https:\\\/\\\/x.com\\\/cdeualmeria\",\"https:\\\/\\\/www.tiktok.com\\\/@cdealmeria\",\"https:\\\/\\\/www.instagram.com\\\/cdealmeria\\\/\",\"https:\\\/\\\/www.linkedin.com\\\/in\\\/cde-almera-812b26a9\\\/\"]},{\"@type\":\"Person\",\"@id\":\"https:\\\/\\\/www.cde.ual.es\\\/#\\\/schema\\\/person\\\/224ef08c8bcc005f319d2713ce37ee5f\",\"name\":\"AdminCDE\",\"image\":{\"@type\":\"ImageObject\",\"inLanguage\":\"en-US\",\"@id\":\"https:\\\/\\\/secure.gravatar.com\\\/avatar\\\/a72d038d371f995cd13706fac32274b7952a52e8fb0a84b5f80c85426f2a98a8?s=96&d=mm&r=g\",\"url\":\"https:\\\/\\\/secure.gravatar.com\\\/avatar\\\/a72d038d371f995cd13706fac32274b7952a52e8fb0a84b5f80c85426f2a98a8?s=96&d=mm&r=g\",\"contentUrl\":\"https:\\\/\\\/secure.gravatar.com\\\/avatar\\\/a72d038d371f995cd13706fac32274b7952a52e8fb0a84b5f80c85426f2a98a8?s=96&d=mm&r=g\",\"caption\":\"AdminCDE\"}}]}<\/script>\n<!-- \/ Yoast SEO plugin. -->","yoast_head_json":{"title":"Waste: Commission decides to refer SPAIN to the Court of Justice of the European Union for failure to apply the waste management requirements | CDE Almer\u00eda - Centro de Documentaci\u00f3n Europea - Universidad de Almer\u00eda","robots":{"index":"index","follow":"follow","max-snippet":"max-snippet:-1","max-image-preview":"max-image-preview:large","max-video-preview":"max-video-preview:-1"},"canonical":"https:\/\/www.cde.ual.es\/en\/waste-commission-decides-to-refer-spain-to-the-court-of-justice-of-the-european-union-for-failure-to-apply-the-waste-management-requirements\/","og_locale":"en_US","og_type":"article","og_title":"Waste: Commission decides to refer SPAIN to the Court of Justice of the European Union for failure to apply the waste management requirements | CDE Almer\u00eda - Centro de Documentaci\u00f3n Europea - Universidad de Almer\u00eda","og_description":"The European Commission decided to refer Spain\u00a0to the Court of Justice of the European Union for failure to comply with the requirements of the Waste Framework Directive (Directive 2008\/98\/EC). The Waste Framework Directive requires Member States to take all necessary measures to ensure that waste management does not endanger human health or harm the environment. [&hellip;]","og_url":"https:\/\/www.cde.ual.es\/en\/waste-commission-decides-to-refer-spain-to-the-court-of-justice-of-the-european-union-for-failure-to-apply-the-waste-management-requirements\/","og_site_name":"CDE Almer\u00eda - Centro de Documentaci\u00f3n Europea - Universidad de Almer\u00eda","article_publisher":"https:\/\/www.facebook.com\/cdeuniversidadalmeria\/","article_published_time":"2024-02-09T08:54:17+00:00","og_image":[{"width":1080,"height":1080,"url":"https:\/\/www.cde.ual.es\/wp-content\/uploads\/2024\/02\/ESPANA-ANTE-EL-TJUE.jpg","type":"image\/jpeg"}],"author":"AdminCDE","twitter_card":"summary_large_image","twitter_creator":"@cdeualmeria","twitter_site":"@cdeualmeria","twitter_misc":{"Written by":"AdminCDE","Est. reading time":"3 minutes"},"schema":{"@context":"https:\/\/schema.org","@graph":[{"@type":"Article","@id":"https:\/\/www.cde.ual.es\/en\/waste-commission-decides-to-refer-spain-to-the-court-of-justice-of-the-european-union-for-failure-to-apply-the-waste-management-requirements\/#article","isPartOf":{"@id":"https:\/\/www.cde.ual.es\/en\/waste-commission-decides-to-refer-spain-to-the-court-of-justice-of-the-european-union-for-failure-to-apply-the-waste-management-requirements\/"},"author":{"name":"AdminCDE","@id":"https:\/\/www.cde.ual.es\/#\/schema\/person\/224ef08c8bcc005f319d2713ce37ee5f"},"headline":"Waste: Commission decides to refer SPAIN to the Court of Justice of the European Union for failure to apply the waste management requirements","datePublished":"2024-02-09T08:54:17+00:00","mainEntityOfPage":{"@id":"https:\/\/www.cde.ual.es\/en\/waste-commission-decides-to-refer-spain-to-the-court-of-justice-of-the-european-union-for-failure-to-apply-the-waste-management-requirements\/"},"wordCount":356,"commentCount":0,"publisher":{"@id":"https:\/\/www.cde.ual.es\/#organization"},"image":{"@id":"https:\/\/www.cde.ual.es\/en\/waste-commission-decides-to-refer-spain-to-the-court-of-justice-of-the-european-union-for-failure-to-apply-the-waste-management-requirements\/#primaryimage"},"thumbnailUrl":"https:\/\/www.cde.ual.es\/wp-content\/uploads\/2024\/02\/ESPANA-ANTE-EL-TJUE-e1750404448671.jpg","keywords":["Court of Justice","European Commission","Spain","waste"],"articleSection":["EU News","Institutional Affairs","State Members"],"inLanguage":"en-US","potentialAction":[{"@type":"CommentAction","name":"Comment","target":["https:\/\/www.cde.ual.es\/en\/waste-commission-decides-to-refer-spain-to-the-court-of-justice-of-the-european-union-for-failure-to-apply-the-waste-management-requirements\/#respond"]}]},{"@type":"WebPage","@id":"https:\/\/www.cde.ual.es\/en\/waste-commission-decides-to-refer-spain-to-the-court-of-justice-of-the-european-union-for-failure-to-apply-the-waste-management-requirements\/","url":"https:\/\/www.cde.ual.es\/en\/waste-commission-decides-to-refer-spain-to-the-court-of-justice-of-the-european-union-for-failure-to-apply-the-waste-management-requirements\/","name":"Waste: Commission decides to refer SPAIN to the Court of Justice of the European Union for failure to apply the waste management requirements | CDE Almer\u00eda - Centro de Documentaci\u00f3n Europea - Universidad de Almer\u00eda","isPartOf":{"@id":"https:\/\/www.cde.ual.es\/#website"},"primaryImageOfPage":{"@id":"https:\/\/www.cde.ual.es\/en\/waste-commission-decides-to-refer-spain-to-the-court-of-justice-of-the-european-union-for-failure-to-apply-the-waste-management-requirements\/#primaryimage"},"image":{"@id":"https:\/\/www.cde.ual.es\/en\/waste-commission-decides-to-refer-spain-to-the-court-of-justice-of-the-european-union-for-failure-to-apply-the-waste-management-requirements\/#primaryimage"},"thumbnailUrl":"https:\/\/www.cde.ual.es\/wp-content\/uploads\/2024\/02\/ESPANA-ANTE-EL-TJUE-e1750404448671.jpg","datePublished":"2024-02-09T08:54:17+00:00","breadcrumb":{"@id":"https:\/\/www.cde.ual.es\/en\/waste-commission-decides-to-refer-spain-to-the-court-of-justice-of-the-european-union-for-failure-to-apply-the-waste-management-requirements\/#breadcrumb"},"inLanguage":"en-US","potentialAction":[{"@type":"ReadAction","target":["https:\/\/www.cde.ual.es\/en\/waste-commission-decides-to-refer-spain-to-the-court-of-justice-of-the-european-union-for-failure-to-apply-the-waste-management-requirements\/"]}]},{"@type":"ImageObject","inLanguage":"en-US","@id":"https:\/\/www.cde.ual.es\/en\/waste-commission-decides-to-refer-spain-to-the-court-of-justice-of-the-european-union-for-failure-to-apply-the-waste-management-requirements\/#primaryimage","url":"https:\/\/www.cde.ual.es\/wp-content\/uploads\/2024\/02\/ESPANA-ANTE-EL-TJUE-e1750404448671.jpg","contentUrl":"https:\/\/www.cde.ual.es\/wp-content\/uploads\/2024\/02\/ESPANA-ANTE-EL-TJUE-e1750404448671.jpg","width":1080,"height":1080},{"@type":"BreadcrumbList","@id":"https:\/\/www.cde.ual.es\/en\/waste-commission-decides-to-refer-spain-to-the-court-of-justice-of-the-european-union-for-failure-to-apply-the-waste-management-requirements\/#breadcrumb","itemListElement":[{"@type":"ListItem","position":1,"name":"Inicio","item":"https:\/\/www.cde.ual.es\/en\/"},{"@type":"ListItem","position":2,"name":"EU News","item":"https:\/\/www.cde.ual.es\/en\/category\/eu-news\/"},{"@type":"ListItem","position":3,"name":"Institutional Affairs","item":"https:\/\/www.cde.ual.es\/en\/category\/eu-news\/institutional\/"},{"@type":"ListItem","position":4,"name":"State Members","item":"https:\/\/www.cde.ual.es\/en\/category\/eu-news\/institutional\/state-members\/"},{"@type":"ListItem","position":5,"name":"Waste: Commission decides to refer SPAIN to the Court of Justice of the European Union for failure to apply the waste management requirements"}]},{"@type":"WebSite","@id":"https:\/\/www.cde.ual.es\/#website","url":"https:\/\/www.cde.ual.es\/","name":"CDE Almer\u00eda - Centro de Documentaci\u00f3n Europea - Universidad de Almer\u00eda","description":"Centro de Documentaci\u00f3n Europea de la Universidad de Almer\u00eda","publisher":{"@id":"https:\/\/www.cde.ual.es\/#organization"},"alternateName":"CDE Almer\u00eda","potentialAction":[{"@type":"SearchAction","target":{"@type":"EntryPoint","urlTemplate":"https:\/\/www.cde.ual.es\/?s={search_term_string}"},"query-input":{"@type":"PropertyValueSpecification","valueRequired":true,"valueName":"search_term_string"}}],"inLanguage":"en-US"},{"@type":"Organization","@id":"https:\/\/www.cde.ual.es\/#organization","name":"Centro de Documentaci\u00f3n Europea de Almer\u00eda","url":"https:\/\/www.cde.ual.es\/","logo":{"@type":"ImageObject","inLanguage":"en-US","@id":"https:\/\/www.cde.ual.es\/#\/schema\/logo\/image\/","url":"https:\/\/www.cde.ual.es\/wp-content\/uploads\/2025\/07\/cde-logo-3.png","contentUrl":"https:\/\/www.cde.ual.es\/wp-content\/uploads\/2025\/07\/cde-logo-3.png","width":1400,"height":300,"caption":"Centro de Documentaci\u00f3n Europea de Almer\u00eda"},"image":{"@id":"https:\/\/www.cde.ual.es\/#\/schema\/logo\/image\/"},"sameAs":["https:\/\/www.facebook.com\/cdeuniversidadalmeria\/","https:\/\/x.com\/cdeualmeria","https:\/\/www.tiktok.com\/@cdealmeria","https:\/\/www.instagram.com\/cdealmeria\/","https:\/\/www.linkedin.com\/in\/cde-almera-812b26a9\/"]},{"@type":"Person","@id":"https:\/\/www.cde.ual.es\/#\/schema\/person\/224ef08c8bcc005f319d2713ce37ee5f","name":"AdminCDE","image":{"@type":"ImageObject","inLanguage":"en-US","@id":"https:\/\/secure.gravatar.com\/avatar\/a72d038d371f995cd13706fac32274b7952a52e8fb0a84b5f80c85426f2a98a8?s=96&d=mm&r=g","url":"https:\/\/secure.gravatar.com\/avatar\/a72d038d371f995cd13706fac32274b7952a52e8fb0a84b5f80c85426f2a98a8?s=96&d=mm&r=g","contentUrl":"https:\/\/secure.gravatar.com\/avatar\/a72d038d371f995cd13706fac32274b7952a52e8fb0a84b5f80c85426f2a98a8?s=96&d=mm&r=g","caption":"AdminCDE"}}]}},"_links":{"self":[{"href":"https:\/\/www.cde.ual.es\/en\/wp-json\/wp\/v2\/posts\/149162","targetHints":{"allow":["GET"]}}],"collection":[{"href":"https:\/\/www.cde.ual.es\/en\/wp-json\/wp\/v2\/posts"}],"about":[{"href":"https:\/\/www.cde.ual.es\/en\/wp-json\/wp\/v2\/types\/post"}],"author":[{"embeddable":true,"href":"https:\/\/www.cde.ual.es\/en\/wp-json\/wp\/v2\/users\/1"}],"replies":[{"embeddable":true,"href":"https:\/\/www.cde.ual.es\/en\/wp-json\/wp\/v2\/comments?post=149162"}],"version-history":[{"count":1,"href":"https:\/\/www.cde.ual.es\/en\/wp-json\/wp\/v2\/posts\/149162\/revisions"}],"predecessor-version":[{"id":149163,"href":"https:\/\/www.cde.ual.es\/en\/wp-json\/wp\/v2\/posts\/149162\/revisions\/149163"}],"wp:featuredmedia":[{"embeddable":true,"href":"https:\/\/www.cde.ual.es\/en\/wp-json\/wp\/v2\/media\/149134"}],"wp:attachment":[{"href":"https:\/\/www.cde.ual.es\/en\/wp-json\/wp\/v2\/media?parent=149162"}],"wp:term":[{"taxonomy":"category","embeddable":true,"href":"https:\/\/www.cde.ual.es\/en\/wp-json\/wp\/v2\/categories?post=149162"},{"taxonomy":"post_tag","embeddable":true,"href":"https:\/\/www.cde.ual.es\/en\/wp-json\/wp\/v2\/tags?post=149162"}],"curies":[{"name":"wp","href":"https:\/\/api.w.org\/{rel}","templated":true}]}}