{"id":149025,"date":"2024-02-06T03:00:06","date_gmt":"2024-02-06T02:00:06","guid":{"rendered":"https:\/\/www.cde.ual.es\/?p=149025"},"modified":"2024-02-05T12:44:13","modified_gmt":"2024-02-05T11:44:13","slug":"postdoc-in-sociolinguistics-at-the-university-of-iceland","status":"publish","type":"post","link":"https:\/\/www.cde.ual.es\/en\/postdoc-in-sociolinguistics-at-the-university-of-iceland\/","title":{"rendered":"Postdoc in Sociolinguistics at the University of Iceland"},"content":{"rendered":"<p style=\"text-align: justify;\">The Language and Technology lab at the University of Iceland, led by associate professor Dr. Anton Karl Ingason, is seeking to hire a full time post-doctoral researcher in sociolinguistics. The position is initially for 12 months and can be extended by 12 additional months. The position is a part of the project Explaining Individual Lifespan Change (EILisCh); this is a five-year research project which is backed by the European Research Council (ERC). The goal of this project is to explain Individual Lifespan Change in linguistic behavior, drawing on recent advances in sociolinguistics, quantitative syntactic theory, clinical linguistics, as well as resources recently made available by Language Technology.<\/p>\n<p><a href=\"https:\/\/www.cde.ual.es\/wp-content\/uploads\/2024\/02\/evelyn-paris-WvPQYDd-3Ow-unsplash-scaled.jpg\"><img decoding=\"async\" class=\"aligncenter size-full wp-image-149026\" src=\"https:\/\/www.cde.ual.es\/wp-content\/uploads\/2024\/02\/evelyn-paris-WvPQYDd-3Ow-unsplash-scaled.jpg\" alt=\"\" width=\"2560\" height=\"1707\" srcset=\"https:\/\/www.cde.ual.es\/wp-content\/uploads\/2024\/02\/evelyn-paris-WvPQYDd-3Ow-unsplash-scaled.jpg 2560w, https:\/\/www.cde.ual.es\/wp-content\/uploads\/2024\/02\/evelyn-paris-WvPQYDd-3Ow-unsplash-300x200.jpg 300w, https:\/\/www.cde.ual.es\/wp-content\/uploads\/2024\/02\/evelyn-paris-WvPQYDd-3Ow-unsplash-1024x683.jpg 1024w, https:\/\/www.cde.ual.es\/wp-content\/uploads\/2024\/02\/evelyn-paris-WvPQYDd-3Ow-unsplash-768x512.jpg 768w, https:\/\/www.cde.ual.es\/wp-content\/uploads\/2024\/02\/evelyn-paris-WvPQYDd-3Ow-unsplash-1536x1024.jpg 1536w, https:\/\/www.cde.ual.es\/wp-content\/uploads\/2024\/02\/evelyn-paris-WvPQYDd-3Ow-unsplash-2048x1365.jpg 2048w\" sizes=\"(max-width: 2560px) 100vw, 2560px\" \/><\/a><\/p>\n<p style=\"text-align: justify;\">\n<p style=\"text-align: justify;\">This group works at the intersection of Language and Technology. In addition to their work on Lifespan Change, they focus on automated assistance for language use (such as proofreading), corpora (especially treebanks), analysis of Cognitive Decline, and parsing, Language Technology infrastructure, and the interfaces between language, society, and technology. They say they emphasize work that is related to the Icelandic language but the methods they use are in general language-independent.<\/p>\n<p style=\"text-align: justify;\"><strong>Main tasks<\/strong><\/p>\n<p style=\"text-align: justify;\">The person that will be hired will be using Natural Language Processing tools to extract information about variables from transcribed speech and they will develop models that account for sociolinguistic trajectories in the data.<\/p>\n<p style=\"text-align: justify;\"><strong>Skills\/Qualifications<\/strong><\/p>\n<ul style=\"text-align: justify;\">\n<li style=\"text-align: justify;\">PhD degree in a discipline related to Sociolinguistics and quantitative data analysis or an expected PhD award date (with evidence) before the start date of the position.<\/li>\n<li style=\"text-align: justify;\">Python and R.<\/li>\n<li style=\"text-align: justify;\">Ability to analyze quantitative findings using modern statistical methods<\/li>\n<li style=\"text-align: justify;\">Effective collaboration skills and experience with working in a group.<\/li>\n<li style=\"text-align: justify;\">Good written and spoken English language skills.<\/li>\n<li style=\"text-align: justify;\">Ability to actively participate in preparing grant proposals.<\/li>\n<\/ul>\n<p style=\"text-align: justify;\"><strong>Organisation<\/strong><\/p>\n<div class=\"row\" style=\"text-align: justify;\">\n<div class=\"col-xs-12 col-sm-7 value field-company-institute inline\">University of Iceland<\/div>\n<\/div>\n<p style=\"text-align: justify;\"><strong>Location<\/strong><\/p>\n<p style=\"text-align: justify;\">Iceland<\/p>\n<p style=\"text-align: justify;\"><strong>Research field<\/strong><\/p>\n<div style=\"text-align: justify;\">Language sciences \u00bb Linguistics<\/div>\n<p style=\"text-align: justify;\"><strong>Deadline<\/strong><\/p>\n<p style=\"text-align: justify;\">15 Feb 2024<\/p>\n<h4 style=\"text-align: justify;\">More information<\/h4>\n<p style=\"text-align: justify;\"><a href=\"https:\/\/euraxess.ec.europa.eu\/jobs\/189143\" target=\"_blank\" rel=\"noopener\">Euraxess<\/a><\/p>\n","protected":false},"excerpt":{"rendered":"<p>The Language and Technology lab at the University of Iceland, led by associate professor Dr. Anton Karl Ingason, is seeking to hire a full time post-doctoral researcher in sociolinguistics. The position is initially for 12 months and can be extended by 12 additional months. The position is a part of the project Explaining Individual Lifespan [&hellip;]<\/p>\n","protected":false},"author":1,"featured_media":149026,"comment_status":"open","ping_status":"open","sticky":false,"template":"","format":"standard","meta":{"_acf_changed":false,"_relevanssi_hide_post":"","_relevanssi_hide_content":"","_relevanssi_pin_for_all":"","_relevanssi_pin_keywords":"","_relevanssi_unpin_keywords":"","_relevanssi_related_keywords":"","_relevanssi_related_include_ids":"","_relevanssi_related_exclude_ids":"","_relevanssi_related_no_append":"","_relevanssi_related_not_related":"","_relevanssi_related_posts":"","_relevanssi_noindex_reason":"","_monsterinsights_skip_tracking":false,"_monsterinsights_sitenote_active":false,"_monsterinsights_sitenote_note":"","_monsterinsights_sitenote_category":0,"_genesis_hide_title":false,"_genesis_hide_breadcrumbs":false,"_genesis_hide_singular_image":false,"_genesis_hide_footer_widgets":false,"_genesis_custom_body_class":"","_genesis_custom_post_class":"","_genesis_layout":"","footnotes":""},"categories":[366,4043,4047],"tags":[409,848,2183,827],"class_list":{"0":"post-149025","1":"post","2":"type-post","3":"status-publish","4":"format-standard","5":"has-post-thumbnail","7":"category-eu-calls-and-awards","8":"category-euraxess-en","9":"category-social-and-legal-sciences","10":"tag-call","11":"tag-euraxess-en","12":"tag-iceland","13":"tag-postdoc-en","14":"entry"},"acf":[],"yoast_head":"<!-- This site is optimized with the Yoast SEO plugin v27.4 - https:\/\/yoast.com\/product\/yoast-seo-wordpress\/ -->\n<title>Postdoc in Sociolinguistics at the University of Iceland | CDE Almer\u00eda - Centro de Documentaci\u00f3n Europea - Universidad de Almer\u00eda<\/title>\n<meta name=\"robots\" content=\"index, follow, max-snippet:-1, max-image-preview:large, max-video-preview:-1\" \/>\n<link rel=\"canonical\" href=\"https:\/\/www.cde.ual.es\/?p=149029\" \/>\n<meta property=\"og:locale\" content=\"en_US\" \/>\n<meta property=\"og:type\" content=\"article\" \/>\n<meta property=\"og:title\" content=\"Postdoc in Sociolinguistics at the University of Iceland | CDE Almer\u00eda - Centro de Documentaci\u00f3n Europea - Universidad de Almer\u00eda\" \/>\n<meta property=\"og:description\" content=\"The Language and Technology lab at the University of Iceland, led by associate professor Dr. Anton Karl Ingason, is seeking to hire a full time post-doctoral researcher in sociolinguistics. The position is initially for 12 months and can be extended by 12 additional months. The position is a part of the project Explaining Individual Lifespan [&hellip;]\" \/>\n<meta property=\"og:url\" content=\"https:\/\/www.cde.ual.es\/?p=149029\" \/>\n<meta property=\"og:site_name\" content=\"CDE Almer\u00eda - Centro de Documentaci\u00f3n Europea - Universidad de Almer\u00eda\" \/>\n<meta property=\"article:publisher\" content=\"https:\/\/www.facebook.com\/cdeuniversidadalmeria\/\" \/>\n<meta property=\"article:published_time\" content=\"2024-02-06T02:00:06+00:00\" \/>\n<meta property=\"og:image\" content=\"https:\/\/www.cde.ual.es\/wp-content\/uploads\/2024\/02\/evelyn-paris-WvPQYDd-3Ow-unsplash-scaled.jpg\" \/>\n\t<meta property=\"og:image:width\" content=\"2560\" \/>\n\t<meta property=\"og:image:height\" content=\"1707\" \/>\n\t<meta property=\"og:image:type\" content=\"image\/jpeg\" \/>\n<meta name=\"author\" content=\"AdminCDE\" \/>\n<meta name=\"twitter:card\" content=\"summary_large_image\" \/>\n<meta name=\"twitter:creator\" content=\"@cdeualmeria\" \/>\n<meta name=\"twitter:site\" content=\"@cdeualmeria\" \/>\n<meta name=\"twitter:label1\" content=\"Written by\" \/>\n\t<meta name=\"twitter:data1\" content=\"AdminCDE\" \/>\n\t<meta name=\"twitter:label2\" content=\"Est. reading time\" \/>\n\t<meta name=\"twitter:data2\" content=\"2 minutes\" \/>\n<script type=\"application\/ld+json\" class=\"yoast-schema-graph\">{\"@context\":\"https:\\\/\\\/schema.org\",\"@graph\":[{\"@type\":\"Article\",\"@id\":\"https:\\\/\\\/www.cde.ual.es\\\/?p=149029#article\",\"isPartOf\":{\"@id\":\"https:\\\/\\\/www.cde.ual.es\\\/?p=149029\"},\"author\":{\"name\":\"AdminCDE\",\"@id\":\"https:\\\/\\\/www.cde.ual.es\\\/#\\\/schema\\\/person\\\/224ef08c8bcc005f319d2713ce37ee5f\"},\"headline\":\"Postdoc in Sociolinguistics at the University of Iceland\",\"datePublished\":\"2024-02-06T02:00:06+00:00\",\"mainEntityOfPage\":{\"@id\":\"https:\\\/\\\/www.cde.ual.es\\\/?p=149029\"},\"wordCount\":301,\"commentCount\":0,\"publisher\":{\"@id\":\"https:\\\/\\\/www.cde.ual.es\\\/#organization\"},\"image\":{\"@id\":\"https:\\\/\\\/www.cde.ual.es\\\/?p=149029#primaryimage\"},\"thumbnailUrl\":\"https:\\\/\\\/www.cde.ual.es\\\/wp-content\\\/uploads\\\/2024\\\/02\\\/evelyn-paris-WvPQYDd-3Ow-unsplash-scaled.jpg\",\"keywords\":[\"call\",\"Euraxess\",\"Iceland\",\"postdoc\"],\"articleSection\":[\"EU Calls and Awards\",\"Euraxess\",\"Social and Legal Sciences\"],\"inLanguage\":\"en-US\",\"potentialAction\":[{\"@type\":\"CommentAction\",\"name\":\"Comment\",\"target\":[\"https:\\\/\\\/www.cde.ual.es\\\/?p=149029#respond\"]}]},{\"@type\":\"WebPage\",\"@id\":\"https:\\\/\\\/www.cde.ual.es\\\/?p=149029\",\"url\":\"https:\\\/\\\/www.cde.ual.es\\\/?p=149029\",\"name\":\"Postdoc in Sociolinguistics at the University of Iceland | CDE Almer\u00eda - Centro de Documentaci\u00f3n Europea - Universidad de Almer\u00eda\",\"isPartOf\":{\"@id\":\"https:\\\/\\\/www.cde.ual.es\\\/#website\"},\"primaryImageOfPage\":{\"@id\":\"https:\\\/\\\/www.cde.ual.es\\\/?p=149029#primaryimage\"},\"image\":{\"@id\":\"https:\\\/\\\/www.cde.ual.es\\\/?p=149029#primaryimage\"},\"thumbnailUrl\":\"https:\\\/\\\/www.cde.ual.es\\\/wp-content\\\/uploads\\\/2024\\\/02\\\/evelyn-paris-WvPQYDd-3Ow-unsplash-scaled.jpg\",\"datePublished\":\"2024-02-06T02:00:06+00:00\",\"breadcrumb\":{\"@id\":\"https:\\\/\\\/www.cde.ual.es\\\/?p=149029#breadcrumb\"},\"inLanguage\":\"en-US\",\"potentialAction\":[{\"@type\":\"ReadAction\",\"target\":[\"https:\\\/\\\/www.cde.ual.es\\\/?p=149029\"]}]},{\"@type\":\"ImageObject\",\"inLanguage\":\"en-US\",\"@id\":\"https:\\\/\\\/www.cde.ual.es\\\/?p=149029#primaryimage\",\"url\":\"https:\\\/\\\/www.cde.ual.es\\\/wp-content\\\/uploads\\\/2024\\\/02\\\/evelyn-paris-WvPQYDd-3Ow-unsplash-scaled.jpg\",\"contentUrl\":\"https:\\\/\\\/www.cde.ual.es\\\/wp-content\\\/uploads\\\/2024\\\/02\\\/evelyn-paris-WvPQYDd-3Ow-unsplash-scaled.jpg\",\"width\":2560,\"height\":1707},{\"@type\":\"BreadcrumbList\",\"@id\":\"https:\\\/\\\/www.cde.ual.es\\\/?p=149029#breadcrumb\",\"itemListElement\":[{\"@type\":\"ListItem\",\"position\":1,\"name\":\"Inicio\",\"item\":\"https:\\\/\\\/www.cde.ual.es\\\/en\\\/\"},{\"@type\":\"ListItem\",\"position\":2,\"name\":\"Convocatorias y Premios UE\",\"item\":\"https:\\\/\\\/www.cde.ual.es\\\/category\\\/convocatorias-y-premios-ue\\\/\"},{\"@type\":\"ListItem\",\"position\":3,\"name\":\"Euraxess\",\"item\":\"https:\\\/\\\/www.cde.ual.es\\\/category\\\/convocatorias-y-premios-ue\\\/euraxess\\\/\"},{\"@type\":\"ListItem\",\"position\":4,\"name\":\"Social and Legal Sciences\",\"item\":\"https:\\\/\\\/www.cde.ual.es\\\/en\\\/category\\\/eu-calls-and-awards\\\/euraxess-en\\\/social-and-legal-sciences\\\/\"},{\"@type\":\"ListItem\",\"position\":5,\"name\":\"Postdoc in Sociolinguistics at the University of Iceland\"}]},{\"@type\":\"WebSite\",\"@id\":\"https:\\\/\\\/www.cde.ual.es\\\/#website\",\"url\":\"https:\\\/\\\/www.cde.ual.es\\\/\",\"name\":\"CDE Almer\u00eda - Centro de Documentaci\u00f3n Europea - Universidad de Almer\u00eda\",\"description\":\"Centro de Documentaci\u00f3n Europea de la Universidad de Almer\u00eda\",\"publisher\":{\"@id\":\"https:\\\/\\\/www.cde.ual.es\\\/#organization\"},\"alternateName\":\"CDE Almer\u00eda\",\"potentialAction\":[{\"@type\":\"SearchAction\",\"target\":{\"@type\":\"EntryPoint\",\"urlTemplate\":\"https:\\\/\\\/www.cde.ual.es\\\/?s={search_term_string}\"},\"query-input\":{\"@type\":\"PropertyValueSpecification\",\"valueRequired\":true,\"valueName\":\"search_term_string\"}}],\"inLanguage\":\"en-US\"},{\"@type\":\"Organization\",\"@id\":\"https:\\\/\\\/www.cde.ual.es\\\/#organization\",\"name\":\"Centro de Documentaci\u00f3n Europea de Almer\u00eda\",\"url\":\"https:\\\/\\\/www.cde.ual.es\\\/\",\"logo\":{\"@type\":\"ImageObject\",\"inLanguage\":\"en-US\",\"@id\":\"https:\\\/\\\/www.cde.ual.es\\\/#\\\/schema\\\/logo\\\/image\\\/\",\"url\":\"https:\\\/\\\/www.cde.ual.es\\\/wp-content\\\/uploads\\\/2025\\\/07\\\/cde-logo-3.png\",\"contentUrl\":\"https:\\\/\\\/www.cde.ual.es\\\/wp-content\\\/uploads\\\/2025\\\/07\\\/cde-logo-3.png\",\"width\":1400,\"height\":300,\"caption\":\"Centro de Documentaci\u00f3n Europea de Almer\u00eda\"},\"image\":{\"@id\":\"https:\\\/\\\/www.cde.ual.es\\\/#\\\/schema\\\/logo\\\/image\\\/\"},\"sameAs\":[\"https:\\\/\\\/www.facebook.com\\\/cdeuniversidadalmeria\\\/\",\"https:\\\/\\\/x.com\\\/cdeualmeria\",\"https:\\\/\\\/www.tiktok.com\\\/@cdealmeria\",\"https:\\\/\\\/www.instagram.com\\\/cdealmeria\\\/\",\"https:\\\/\\\/www.linkedin.com\\\/in\\\/cde-almera-812b26a9\\\/\"]},{\"@type\":\"Person\",\"@id\":\"https:\\\/\\\/www.cde.ual.es\\\/#\\\/schema\\\/person\\\/224ef08c8bcc005f319d2713ce37ee5f\",\"name\":\"AdminCDE\",\"image\":{\"@type\":\"ImageObject\",\"inLanguage\":\"en-US\",\"@id\":\"https:\\\/\\\/secure.gravatar.com\\\/avatar\\\/a72d038d371f995cd13706fac32274b7952a52e8fb0a84b5f80c85426f2a98a8?s=96&d=mm&r=g\",\"url\":\"https:\\\/\\\/secure.gravatar.com\\\/avatar\\\/a72d038d371f995cd13706fac32274b7952a52e8fb0a84b5f80c85426f2a98a8?s=96&d=mm&r=g\",\"contentUrl\":\"https:\\\/\\\/secure.gravatar.com\\\/avatar\\\/a72d038d371f995cd13706fac32274b7952a52e8fb0a84b5f80c85426f2a98a8?s=96&d=mm&r=g\",\"caption\":\"AdminCDE\"}}]}<\/script>\n<!-- \/ Yoast SEO plugin. -->","yoast_head_json":{"title":"Postdoc in Sociolinguistics at the University of Iceland | CDE Almer\u00eda - Centro de Documentaci\u00f3n Europea - Universidad de Almer\u00eda","robots":{"index":"index","follow":"follow","max-snippet":"max-snippet:-1","max-image-preview":"max-image-preview:large","max-video-preview":"max-video-preview:-1"},"canonical":"https:\/\/www.cde.ual.es\/?p=149029","og_locale":"en_US","og_type":"article","og_title":"Postdoc in Sociolinguistics at the University of Iceland | CDE Almer\u00eda - Centro de Documentaci\u00f3n Europea - Universidad de Almer\u00eda","og_description":"The Language and Technology lab at the University of Iceland, led by associate professor Dr. Anton Karl Ingason, is seeking to hire a full time post-doctoral researcher in sociolinguistics. The position is initially for 12 months and can be extended by 12 additional months. The position is a part of the project Explaining Individual Lifespan [&hellip;]","og_url":"https:\/\/www.cde.ual.es\/?p=149029","og_site_name":"CDE Almer\u00eda - Centro de Documentaci\u00f3n Europea - Universidad de Almer\u00eda","article_publisher":"https:\/\/www.facebook.com\/cdeuniversidadalmeria\/","article_published_time":"2024-02-06T02:00:06+00:00","og_image":[{"width":2560,"height":1707,"url":"https:\/\/www.cde.ual.es\/wp-content\/uploads\/2024\/02\/evelyn-paris-WvPQYDd-3Ow-unsplash-scaled.jpg","type":"image\/jpeg"}],"author":"AdminCDE","twitter_card":"summary_large_image","twitter_creator":"@cdeualmeria","twitter_site":"@cdeualmeria","twitter_misc":{"Written by":"AdminCDE","Est. reading time":"2 minutes"},"schema":{"@context":"https:\/\/schema.org","@graph":[{"@type":"Article","@id":"https:\/\/www.cde.ual.es\/?p=149029#article","isPartOf":{"@id":"https:\/\/www.cde.ual.es\/?p=149029"},"author":{"name":"AdminCDE","@id":"https:\/\/www.cde.ual.es\/#\/schema\/person\/224ef08c8bcc005f319d2713ce37ee5f"},"headline":"Postdoc in Sociolinguistics at the University of Iceland","datePublished":"2024-02-06T02:00:06+00:00","mainEntityOfPage":{"@id":"https:\/\/www.cde.ual.es\/?p=149029"},"wordCount":301,"commentCount":0,"publisher":{"@id":"https:\/\/www.cde.ual.es\/#organization"},"image":{"@id":"https:\/\/www.cde.ual.es\/?p=149029#primaryimage"},"thumbnailUrl":"https:\/\/www.cde.ual.es\/wp-content\/uploads\/2024\/02\/evelyn-paris-WvPQYDd-3Ow-unsplash-scaled.jpg","keywords":["call","Euraxess","Iceland","postdoc"],"articleSection":["EU Calls and Awards","Euraxess","Social and Legal Sciences"],"inLanguage":"en-US","potentialAction":[{"@type":"CommentAction","name":"Comment","target":["https:\/\/www.cde.ual.es\/?p=149029#respond"]}]},{"@type":"WebPage","@id":"https:\/\/www.cde.ual.es\/?p=149029","url":"https:\/\/www.cde.ual.es\/?p=149029","name":"Postdoc in Sociolinguistics at the University of Iceland | CDE Almer\u00eda - Centro de Documentaci\u00f3n Europea - Universidad de Almer\u00eda","isPartOf":{"@id":"https:\/\/www.cde.ual.es\/#website"},"primaryImageOfPage":{"@id":"https:\/\/www.cde.ual.es\/?p=149029#primaryimage"},"image":{"@id":"https:\/\/www.cde.ual.es\/?p=149029#primaryimage"},"thumbnailUrl":"https:\/\/www.cde.ual.es\/wp-content\/uploads\/2024\/02\/evelyn-paris-WvPQYDd-3Ow-unsplash-scaled.jpg","datePublished":"2024-02-06T02:00:06+00:00","breadcrumb":{"@id":"https:\/\/www.cde.ual.es\/?p=149029#breadcrumb"},"inLanguage":"en-US","potentialAction":[{"@type":"ReadAction","target":["https:\/\/www.cde.ual.es\/?p=149029"]}]},{"@type":"ImageObject","inLanguage":"en-US","@id":"https:\/\/www.cde.ual.es\/?p=149029#primaryimage","url":"https:\/\/www.cde.ual.es\/wp-content\/uploads\/2024\/02\/evelyn-paris-WvPQYDd-3Ow-unsplash-scaled.jpg","contentUrl":"https:\/\/www.cde.ual.es\/wp-content\/uploads\/2024\/02\/evelyn-paris-WvPQYDd-3Ow-unsplash-scaled.jpg","width":2560,"height":1707},{"@type":"BreadcrumbList","@id":"https:\/\/www.cde.ual.es\/?p=149029#breadcrumb","itemListElement":[{"@type":"ListItem","position":1,"name":"Inicio","item":"https:\/\/www.cde.ual.es\/en\/"},{"@type":"ListItem","position":2,"name":"Convocatorias y Premios UE","item":"https:\/\/www.cde.ual.es\/category\/convocatorias-y-premios-ue\/"},{"@type":"ListItem","position":3,"name":"Euraxess","item":"https:\/\/www.cde.ual.es\/category\/convocatorias-y-premios-ue\/euraxess\/"},{"@type":"ListItem","position":4,"name":"Social and Legal Sciences","item":"https:\/\/www.cde.ual.es\/en\/category\/eu-calls-and-awards\/euraxess-en\/social-and-legal-sciences\/"},{"@type":"ListItem","position":5,"name":"Postdoc in Sociolinguistics at the University of Iceland"}]},{"@type":"WebSite","@id":"https:\/\/www.cde.ual.es\/#website","url":"https:\/\/www.cde.ual.es\/","name":"CDE Almer\u00eda - Centro de Documentaci\u00f3n Europea - Universidad de Almer\u00eda","description":"Centro de Documentaci\u00f3n Europea de la Universidad de Almer\u00eda","publisher":{"@id":"https:\/\/www.cde.ual.es\/#organization"},"alternateName":"CDE Almer\u00eda","potentialAction":[{"@type":"SearchAction","target":{"@type":"EntryPoint","urlTemplate":"https:\/\/www.cde.ual.es\/?s={search_term_string}"},"query-input":{"@type":"PropertyValueSpecification","valueRequired":true,"valueName":"search_term_string"}}],"inLanguage":"en-US"},{"@type":"Organization","@id":"https:\/\/www.cde.ual.es\/#organization","name":"Centro de Documentaci\u00f3n Europea de Almer\u00eda","url":"https:\/\/www.cde.ual.es\/","logo":{"@type":"ImageObject","inLanguage":"en-US","@id":"https:\/\/www.cde.ual.es\/#\/schema\/logo\/image\/","url":"https:\/\/www.cde.ual.es\/wp-content\/uploads\/2025\/07\/cde-logo-3.png","contentUrl":"https:\/\/www.cde.ual.es\/wp-content\/uploads\/2025\/07\/cde-logo-3.png","width":1400,"height":300,"caption":"Centro de Documentaci\u00f3n Europea de Almer\u00eda"},"image":{"@id":"https:\/\/www.cde.ual.es\/#\/schema\/logo\/image\/"},"sameAs":["https:\/\/www.facebook.com\/cdeuniversidadalmeria\/","https:\/\/x.com\/cdeualmeria","https:\/\/www.tiktok.com\/@cdealmeria","https:\/\/www.instagram.com\/cdealmeria\/","https:\/\/www.linkedin.com\/in\/cde-almera-812b26a9\/"]},{"@type":"Person","@id":"https:\/\/www.cde.ual.es\/#\/schema\/person\/224ef08c8bcc005f319d2713ce37ee5f","name":"AdminCDE","image":{"@type":"ImageObject","inLanguage":"en-US","@id":"https:\/\/secure.gravatar.com\/avatar\/a72d038d371f995cd13706fac32274b7952a52e8fb0a84b5f80c85426f2a98a8?s=96&d=mm&r=g","url":"https:\/\/secure.gravatar.com\/avatar\/a72d038d371f995cd13706fac32274b7952a52e8fb0a84b5f80c85426f2a98a8?s=96&d=mm&r=g","contentUrl":"https:\/\/secure.gravatar.com\/avatar\/a72d038d371f995cd13706fac32274b7952a52e8fb0a84b5f80c85426f2a98a8?s=96&d=mm&r=g","caption":"AdminCDE"}}]}},"_links":{"self":[{"href":"https:\/\/www.cde.ual.es\/en\/wp-json\/wp\/v2\/posts\/149025","targetHints":{"allow":["GET"]}}],"collection":[{"href":"https:\/\/www.cde.ual.es\/en\/wp-json\/wp\/v2\/posts"}],"about":[{"href":"https:\/\/www.cde.ual.es\/en\/wp-json\/wp\/v2\/types\/post"}],"author":[{"embeddable":true,"href":"https:\/\/www.cde.ual.es\/en\/wp-json\/wp\/v2\/users\/1"}],"replies":[{"embeddable":true,"href":"https:\/\/www.cde.ual.es\/en\/wp-json\/wp\/v2\/comments?post=149025"}],"version-history":[{"count":1,"href":"https:\/\/www.cde.ual.es\/en\/wp-json\/wp\/v2\/posts\/149025\/revisions"}],"predecessor-version":[{"id":149028,"href":"https:\/\/www.cde.ual.es\/en\/wp-json\/wp\/v2\/posts\/149025\/revisions\/149028"}],"wp:featuredmedia":[{"embeddable":true,"href":"https:\/\/www.cde.ual.es\/en\/wp-json\/wp\/v2\/media\/149026"}],"wp:attachment":[{"href":"https:\/\/www.cde.ual.es\/en\/wp-json\/wp\/v2\/media?parent=149025"}],"wp:term":[{"taxonomy":"category","embeddable":true,"href":"https:\/\/www.cde.ual.es\/en\/wp-json\/wp\/v2\/categories?post=149025"},{"taxonomy":"post_tag","embeddable":true,"href":"https:\/\/www.cde.ual.es\/en\/wp-json\/wp\/v2\/tags?post=149025"}],"curies":[{"name":"wp","href":"https:\/\/api.w.org\/{rel}","templated":true}]}}