{"id":148805,"date":"2024-01-25T10:00:12","date_gmt":"2024-01-25T09:00:12","guid":{"rendered":"https:\/\/www.cde.ual.es\/?p=148805"},"modified":"2025-04-23T09:39:18","modified_gmt":"2025-04-23T07:39:18","slug":"commission-launches-ai-innovation-package-to-support-artificial-intelligence-startups-and-smes","status":"publish","type":"post","link":"https:\/\/www.cde.ual.es\/en\/commission-launches-ai-innovation-package-to-support-artificial-intelligence-startups-and-smes\/","title":{"rendered":"Commission launches AI innovation package to support Artificial Intelligence startups and SMEs"},"content":{"rendered":"<p style=\"text-align: justify;\">The Commission has launched a package of measures to support European startups and SMEs in the development of trustworthy Artificial Intelligence (AI) that respects EU values and rules. This follows the <a href=\"https:\/\/ec.europa.eu\/commission\/presscorner\/detail\/en\/ip_23_6473\">political agreement<\/a>\u00a0reached in December 2023 on the EU AI Act \u2013 the world&#8217;s first comprehensive law on Artificial Intelligence \u2013 which will support the development, deployment and take-up of trustworthy AI in the EU.<\/p>\n<p><img decoding=\"async\" class=\"aligncenter\" src=\"https:\/\/www.cde.ual.es\/wp-content\/uploads\/2024\/01\/pexels-photo-8386440.webp\" \/><\/p>\n<p style=\"text-align: justify;\">In her 2023\u00a0<a href=\"https:\/\/state-of-the-union.ec.europa.eu\/state-union-2023_en\">State of the Union address<\/a>, President\u00a0<strong>von der Leyen<\/strong>\u00a0announced a new initiative to make Europe&#8217;s supercomputers available to innovative European AI startups to train their trustworthy AI models. As a first step, the Commission launched in November 2023 the\u00a0<a href=\"https:\/\/ec.europa.eu\/commission\/presscorner\/detail\/en\/IP_23_5739\">Large AI Grand Challenge<\/a>, a prize giving AI startups financial support and supercomputing access. Today&#8217;s package puts this commitment into practice through a broad range of measures to support AI startups and innovation, including a proposal to provide privileged access to supercomputers to AI startups and the broader innovation community. It contains:<\/p>\n<ul style=\"text-align: justify;\">\n<li>An\u00a0<strong>amendment of the\u00a0<\/strong><a href=\"https:\/\/eurohpc-ju.europa.eu\/system\/files\/2022-03\/uriserv_OJ.L_.2021.256.01.0003.01.ENG_EN_TXT.pdf\"><strong>EuroHPC Regulation<\/strong><\/a><strong>\u00a0to set up AI Factories<\/strong>, a new pillar for the EU&#8217;s supercomputers\u00a0<a href=\"https:\/\/eurohpc-ju.europa.eu\/index_en\">Joint Undertaking<\/a>\u00a0activities. This includes:\n<ul>\n<li>Acquiring, upgrading and operating AI-dedicated supercomputers to enable fast machine learning and training of large General Purpose AI (GPAI) models;<\/li>\n<li>Facilitating access to the AI dedicated supercomputers, contributing to the widening of the use of AI to a large number of public and private users, including startups and SMEs;<\/li>\n<li>Offering a one-stop shop for startups and innovators, supporting the AI startup and research ecosystem in algorithmic development, testing evaluation and validation of large-scale AI models, providing supercomputer-friendly programming facilities and other AI enabling services;<\/li>\n<li>Enabling the development of a variety of emerging AI applications based on General Purpose AI models.<\/li>\n<\/ul>\n<\/li>\n<li>A\u00a0<strong>decision to establish an AI Office<\/strong>\u00a0within the Commission, which will ensure the development and coordination of AI policy at European level, as well as supervise the implementation and enforcement of the forthcoming\u00a0<a href=\"https:\/\/ec.europa.eu\/commission\/presscorner\/detail\/en\/ip_23_6473\">AI Act<\/a>.<\/li>\n<\/ul>\n<table style=\"width: 99.9988%; border-collapse: collapse; border-style: double; border-color: #001f7d;\" cellpadding=\"0,5\">\n<tbody>\n<tr>\n<td style=\"width: 100%;\"><a href=\"https:\/\/www.cde.ual.es\/en\/inauguracion-en-espana-de-un-nuevo-superordenador-europeo-de-categoria-mundial\/\" target=\"_blank\" rel=\"noopener\"><img decoding=\"async\" class=\"alignleft\" src=\"https:\/\/www.cde.ual.es\/wp-content\/uploads\/2019\/10\/Superordenador_kM8Fk9X.original.jpg\" alt=\"\" width=\"201\" height=\"134\" \/><\/a><\/p>\n<h4 class=\"entry-title\"><a href=\"https:\/\/www.cde.ual.es\/en\/inauguracion-en-espana-de-un-nuevo-superordenador-europeo-de-categoria-mundial\/\" target=\"_blank\" rel=\"noopener\">New world-class European supercomputer opens in Spain<br \/>\n<\/a><\/h4>\n<\/td>\n<\/tr>\n<\/tbody>\n<\/table>\n<ul style=\"text-align: justify;\">\n<li>An\u00a0<strong>EU AI Start-Up and Innovation<\/strong><strong>\u00a0<\/strong><strong>Communication<\/strong>\u00a0outlining additional key activities:\n<ul>\n<li><strong>Financial support<\/strong>\u00a0from the Commission through\u00a0<a href=\"https:\/\/research-and-innovation.ec.europa.eu\/funding\/funding-opportunities\/funding-programmes-and-open-calls\/horizon-europe_en\">Horizon Europe<\/a>\u00a0and the\u00a0<a href=\"https:\/\/digital-strategy.ec.europa.eu\/en\/activities\/digital-programme\">Digital Europe programme<\/a>\u00a0dedicated to generative AI. This package will generate an additional overall public and private investment of around \u20ac4 billion until 2027;<\/li>\n<li>Accompanying initiatives to strengthen EU&#8217;s generative AI talent pool through education, training, skilling and reskilling activities;<\/li>\n<li>Further encourage public and private investments in AI start-ups and scale-ups, including through\u00a0<strong>venture capital or equity support\u00a0<\/strong>(including via new initiatives of the \u00a0<a href=\"https:\/\/eic.ec.europa.eu\/eic-funding-opportunities\/eic-accelerator_en\">EIC accelerator Programme<\/a>\u00a0and\u00a0<a href=\"https:\/\/investeu.europa.eu\/investeu-programme_en\">InvestEU<\/a>);<\/li>\n<li>The acceleration of the\u00a0<strong>development and deployment of\u00a0<\/strong><a href=\"https:\/\/digital-strategy.ec.europa.eu\/en\/policies\/data-spaces\"><strong>Common European Data Spaces<\/strong><\/a>, made available to the AI community, for whom data is a key resource to train and improve their models. A new\u00a0<a href=\"https:\/\/digital-strategy.ec.europa.eu\/en\/policies\/data-spaces\">Staff Working Document on common European data spaces<\/a>\u00a0has also been published today, providing the latest state of play;<\/li>\n<li>The\u00a0<strong>\u2018GenAI4EU&#8217; initiative<\/strong>, which aims to support the development of novel use cases and emerging applications in Europe&#8217;s 14 industrial ecosystems, as well as the public sector. Application areas include robotics, health, biotech, manufacturing, mobility, climate and virtual worlds.<\/li>\n<\/ul>\n<\/li>\n<\/ul>\n<p style=\"text-align: justify;\">The Commission is also establishing, with a number of Member States,\u00a0<strong>two European Digital Infrastructure Consortiums (EDICs):<\/strong><\/p>\n<ul style=\"text-align: justify;\">\n<li>The\u00a0<strong>\u2018Alliance for Language Technologies&#8217; (ALT-EDIC)<\/strong>\u00a0aims to develop a common European infrastructure in language technologies to address the shortage of European languages data for the training of AI solutions, as well as to uphold Europe&#8217;s linguistic diversity and cultural richness. This will support the development of European large language models.<\/li>\n<li>The\u00a0<strong>\u2018CitiVERSE&#8217; EDIC<\/strong>\u00a0will apply state-of-the-art AI-tools to develop and enhance Local Digital Twins for Smart Communities, helping cities simulate and optimise processes, from traffic management to waste management.<\/li>\n<\/ul>\n<h3 style=\"text-align: justify;\">AI@EC Communication<\/h3>\n<p style=\"text-align: justify;\">The Commission also adopted a <a href=\"https:\/\/commission.europa.eu\/publications\/artificial-intelligence-european-commission-aiec-communication_en\">Communication<\/a>\u00a0outlining the Commission&#8217;s own strategic approach to the use of Artificial Intelligence. With this strategic vision, the Commission anticipates and prepares internally for the implementation of the EU AI Act. It includes concrete actions about how the Commission will build institutional and operational capacity to ensure the development and use of trustworthy, safe and ethical AI. The Commission is also preparing to support EU public administrations in their own adoption and use of Artificial Intelligence.<\/p>\n<p style=\"text-align: justify;\"><strong>More information: <a href=\"https:\/\/ec.europa.eu\/commission\/presscorner\/detail\/es\/ip_24_383\">European Commission<\/a><\/strong><\/p>\n","protected":false},"excerpt":{"rendered":"<p>The Commission has launched a package of measures to support European startups and SMEs in the development of trustworthy Artificial Intelligence (AI) that respects EU values and rules. This follows the political agreement\u00a0reached in December 2023 on the EU AI Act \u2013 the world&#8217;s first comprehensive law on Artificial Intelligence \u2013 which will support the [&hellip;]<\/p>\n","protected":false},"author":1,"featured_media":159415,"comment_status":"open","ping_status":"open","sticky":false,"template":"","format":"standard","meta":{"_acf_changed":false,"_relevanssi_hide_post":"","_relevanssi_hide_content":"","_relevanssi_pin_for_all":"","_relevanssi_pin_keywords":"","_relevanssi_unpin_keywords":"","_relevanssi_related_keywords":"","_relevanssi_related_include_ids":"","_relevanssi_related_exclude_ids":"","_relevanssi_related_no_append":"","_relevanssi_related_not_related":"","_relevanssi_related_posts":"","_relevanssi_noindex_reason":"","_monsterinsights_skip_tracking":false,"_monsterinsights_sitenote_active":false,"_monsterinsights_sitenote_note":"","_monsterinsights_sitenote_category":0,"_genesis_hide_title":false,"_genesis_hide_breadcrumbs":false,"_genesis_hide_singular_image":false,"_genesis_hide_footer_widgets":false,"_genesis_custom_body_class":"","_genesis_custom_post_class":"","_genesis_layout":"","footnotes":""},"categories":[346,4088,4082,4084],"tags":[407,2278,1488,368,404,9784,557,351],"class_list":{"0":"post-148805","1":"post","2":"type-post","3":"status-publish","4":"format-standard","5":"has-post-thumbnail","7":"category-eu-news","8":"category-market","9":"category-research-innovation","10":"category-technology","11":"tag-artificial-intelligence","12":"tag-comision-europea-en","13":"tag-european-commission","14":"tag-european-union","15":"tag-innovation","16":"tag-pymes-en","17":"tag-smes","18":"tag-union-europea-en","19":"entry"},"acf":[],"yoast_head":"<!-- This site is optimized with the Yoast SEO plugin v27.4 - https:\/\/yoast.com\/product\/yoast-seo-wordpress\/ -->\n<title>Commission launches AI innovation package to support Artificial Intelligence startups and SMEs | CDE Almer\u00eda - Centro de Documentaci\u00f3n Europea - Universidad de Almer\u00eda<\/title>\n<meta name=\"robots\" content=\"index, follow, max-snippet:-1, max-image-preview:large, max-video-preview:-1\" \/>\n<link rel=\"canonical\" href=\"https:\/\/www.cde.ual.es\/en\/commission-launches-ai-innovation-package-to-support-artificial-intelligence-startups-and-smes\/\" \/>\n<meta property=\"og:locale\" content=\"en_US\" \/>\n<meta property=\"og:type\" content=\"article\" \/>\n<meta property=\"og:title\" content=\"Commission launches AI innovation package to support Artificial Intelligence startups and SMEs | CDE Almer\u00eda - Centro de Documentaci\u00f3n Europea - Universidad de Almer\u00eda\" \/>\n<meta property=\"og:description\" content=\"The Commission has launched a package of measures to support European startups and SMEs in the development of trustworthy Artificial Intelligence (AI) that respects EU values and rules. This follows the political agreement\u00a0reached in December 2023 on the EU AI Act \u2013 the world&#8217;s first comprehensive law on Artificial Intelligence \u2013 which will support the [&hellip;]\" \/>\n<meta property=\"og:url\" content=\"https:\/\/www.cde.ual.es\/en\/commission-launches-ai-innovation-package-to-support-artificial-intelligence-startups-and-smes\/\" \/>\n<meta property=\"og:site_name\" content=\"CDE Almer\u00eda - Centro de Documentaci\u00f3n Europea - Universidad de Almer\u00eda\" \/>\n<meta property=\"article:publisher\" content=\"https:\/\/www.facebook.com\/cdeuniversidadalmeria\/\" \/>\n<meta property=\"article:published_time\" content=\"2024-01-25T09:00:12+00:00\" \/>\n<meta property=\"article:modified_time\" content=\"2025-04-23T07:39:18+00:00\" \/>\n<meta property=\"og:image\" content=\"https:\/\/www.cde.ual.es\/wp-content\/uploads\/2024\/01\/pexels-photo-8386440.webp\" \/>\n\t<meta property=\"og:image:width\" content=\"1125\" \/>\n\t<meta property=\"og:image:height\" content=\"750\" \/>\n\t<meta property=\"og:image:type\" content=\"image\/webp\" \/>\n<meta name=\"author\" content=\"AdminCDE\" \/>\n<meta name=\"twitter:card\" content=\"summary_large_image\" \/>\n<meta name=\"twitter:creator\" content=\"@cdeualmeria\" \/>\n<meta name=\"twitter:site\" content=\"@cdeualmeria\" \/>\n<meta name=\"twitter:label1\" content=\"Written by\" \/>\n\t<meta name=\"twitter:data1\" content=\"AdminCDE\" \/>\n\t<meta name=\"twitter:label2\" content=\"Est. reading time\" \/>\n\t<meta name=\"twitter:data2\" content=\"4 minutes\" \/>\n<script type=\"application\/ld+json\" class=\"yoast-schema-graph\">{\"@context\":\"https:\\\/\\\/schema.org\",\"@graph\":[{\"@type\":\"Article\",\"@id\":\"https:\\\/\\\/www.cde.ual.es\\\/en\\\/commission-launches-ai-innovation-package-to-support-artificial-intelligence-startups-and-smes\\\/#article\",\"isPartOf\":{\"@id\":\"https:\\\/\\\/www.cde.ual.es\\\/en\\\/commission-launches-ai-innovation-package-to-support-artificial-intelligence-startups-and-smes\\\/\"},\"author\":{\"name\":\"AdminCDE\",\"@id\":\"https:\\\/\\\/www.cde.ual.es\\\/#\\\/schema\\\/person\\\/224ef08c8bcc005f319d2713ce37ee5f\"},\"headline\":\"Commission launches AI innovation package to support Artificial Intelligence startups and SMEs\",\"datePublished\":\"2024-01-25T09:00:12+00:00\",\"dateModified\":\"2025-04-23T07:39:18+00:00\",\"mainEntityOfPage\":{\"@id\":\"https:\\\/\\\/www.cde.ual.es\\\/en\\\/commission-launches-ai-innovation-package-to-support-artificial-intelligence-startups-and-smes\\\/\"},\"wordCount\":706,\"commentCount\":0,\"publisher\":{\"@id\":\"https:\\\/\\\/www.cde.ual.es\\\/#organization\"},\"image\":{\"@id\":\"https:\\\/\\\/www.cde.ual.es\\\/en\\\/commission-launches-ai-innovation-package-to-support-artificial-intelligence-startups-and-smes\\\/#primaryimage\"},\"thumbnailUrl\":\"https:\\\/\\\/www.cde.ual.es\\\/wp-content\\\/uploads\\\/2024\\\/01\\\/pexels-photo-8386440.webp\",\"keywords\":[\"artificial intelligence\",\"Comision Europea\",\"European Commission\",\"European Union\",\"innovation\",\"PyMEs\",\"SMEs\",\"Uni\u00f3n Europea\"],\"articleSection\":[\"EU News\",\"Market\",\"Research and Innovation\",\"Technology\"],\"inLanguage\":\"en-US\",\"potentialAction\":[{\"@type\":\"CommentAction\",\"name\":\"Comment\",\"target\":[\"https:\\\/\\\/www.cde.ual.es\\\/en\\\/commission-launches-ai-innovation-package-to-support-artificial-intelligence-startups-and-smes\\\/#respond\"]}]},{\"@type\":\"WebPage\",\"@id\":\"https:\\\/\\\/www.cde.ual.es\\\/en\\\/commission-launches-ai-innovation-package-to-support-artificial-intelligence-startups-and-smes\\\/\",\"url\":\"https:\\\/\\\/www.cde.ual.es\\\/en\\\/commission-launches-ai-innovation-package-to-support-artificial-intelligence-startups-and-smes\\\/\",\"name\":\"Commission launches AI innovation package to support Artificial Intelligence startups and SMEs | CDE Almer\u00eda - Centro de Documentaci\u00f3n Europea - Universidad de Almer\u00eda\",\"isPartOf\":{\"@id\":\"https:\\\/\\\/www.cde.ual.es\\\/#website\"},\"primaryImageOfPage\":{\"@id\":\"https:\\\/\\\/www.cde.ual.es\\\/en\\\/commission-launches-ai-innovation-package-to-support-artificial-intelligence-startups-and-smes\\\/#primaryimage\"},\"image\":{\"@id\":\"https:\\\/\\\/www.cde.ual.es\\\/en\\\/commission-launches-ai-innovation-package-to-support-artificial-intelligence-startups-and-smes\\\/#primaryimage\"},\"thumbnailUrl\":\"https:\\\/\\\/www.cde.ual.es\\\/wp-content\\\/uploads\\\/2024\\\/01\\\/pexels-photo-8386440.webp\",\"datePublished\":\"2024-01-25T09:00:12+00:00\",\"dateModified\":\"2025-04-23T07:39:18+00:00\",\"breadcrumb\":{\"@id\":\"https:\\\/\\\/www.cde.ual.es\\\/en\\\/commission-launches-ai-innovation-package-to-support-artificial-intelligence-startups-and-smes\\\/#breadcrumb\"},\"inLanguage\":\"en-US\",\"potentialAction\":[{\"@type\":\"ReadAction\",\"target\":[\"https:\\\/\\\/www.cde.ual.es\\\/en\\\/commission-launches-ai-innovation-package-to-support-artificial-intelligence-startups-and-smes\\\/\"]}]},{\"@type\":\"ImageObject\",\"inLanguage\":\"en-US\",\"@id\":\"https:\\\/\\\/www.cde.ual.es\\\/en\\\/commission-launches-ai-innovation-package-to-support-artificial-intelligence-startups-and-smes\\\/#primaryimage\",\"url\":\"https:\\\/\\\/www.cde.ual.es\\\/wp-content\\\/uploads\\\/2024\\\/01\\\/pexels-photo-8386440.webp\",\"contentUrl\":\"https:\\\/\\\/www.cde.ual.es\\\/wp-content\\\/uploads\\\/2024\\\/01\\\/pexels-photo-8386440.webp\",\"width\":1125,\"height\":750},{\"@type\":\"BreadcrumbList\",\"@id\":\"https:\\\/\\\/www.cde.ual.es\\\/en\\\/commission-launches-ai-innovation-package-to-support-artificial-intelligence-startups-and-smes\\\/#breadcrumb\",\"itemListElement\":[{\"@type\":\"ListItem\",\"position\":1,\"name\":\"Inicio\",\"item\":\"https:\\\/\\\/www.cde.ual.es\\\/en\\\/\"},{\"@type\":\"ListItem\",\"position\":2,\"name\":\"EU News\",\"item\":\"https:\\\/\\\/www.cde.ual.es\\\/en\\\/category\\\/eu-news\\\/\"},{\"@type\":\"ListItem\",\"position\":3,\"name\":\"Research and Innovation\",\"item\":\"https:\\\/\\\/www.cde.ual.es\\\/en\\\/category\\\/eu-news\\\/research-innovation\\\/\"},{\"@type\":\"ListItem\",\"position\":4,\"name\":\"Technology\",\"item\":\"https:\\\/\\\/www.cde.ual.es\\\/en\\\/category\\\/eu-news\\\/research-innovation\\\/technology\\\/\"},{\"@type\":\"ListItem\",\"position\":5,\"name\":\"Commission launches AI innovation package to support Artificial Intelligence startups and SMEs\"}]},{\"@type\":\"WebSite\",\"@id\":\"https:\\\/\\\/www.cde.ual.es\\\/#website\",\"url\":\"https:\\\/\\\/www.cde.ual.es\\\/\",\"name\":\"CDE Almer\u00eda - Centro de Documentaci\u00f3n Europea - Universidad de Almer\u00eda\",\"description\":\"Centro de Documentaci\u00f3n Europea de la Universidad de Almer\u00eda\",\"publisher\":{\"@id\":\"https:\\\/\\\/www.cde.ual.es\\\/#organization\"},\"alternateName\":\"CDE Almer\u00eda\",\"potentialAction\":[{\"@type\":\"SearchAction\",\"target\":{\"@type\":\"EntryPoint\",\"urlTemplate\":\"https:\\\/\\\/www.cde.ual.es\\\/?s={search_term_string}\"},\"query-input\":{\"@type\":\"PropertyValueSpecification\",\"valueRequired\":true,\"valueName\":\"search_term_string\"}}],\"inLanguage\":\"en-US\"},{\"@type\":\"Organization\",\"@id\":\"https:\\\/\\\/www.cde.ual.es\\\/#organization\",\"name\":\"Centro de Documentaci\u00f3n Europea de Almer\u00eda\",\"url\":\"https:\\\/\\\/www.cde.ual.es\\\/\",\"logo\":{\"@type\":\"ImageObject\",\"inLanguage\":\"en-US\",\"@id\":\"https:\\\/\\\/www.cde.ual.es\\\/#\\\/schema\\\/logo\\\/image\\\/\",\"url\":\"https:\\\/\\\/www.cde.ual.es\\\/wp-content\\\/uploads\\\/2025\\\/07\\\/cde-logo-3.png\",\"contentUrl\":\"https:\\\/\\\/www.cde.ual.es\\\/wp-content\\\/uploads\\\/2025\\\/07\\\/cde-logo-3.png\",\"width\":1400,\"height\":300,\"caption\":\"Centro de Documentaci\u00f3n Europea de Almer\u00eda\"},\"image\":{\"@id\":\"https:\\\/\\\/www.cde.ual.es\\\/#\\\/schema\\\/logo\\\/image\\\/\"},\"sameAs\":[\"https:\\\/\\\/www.facebook.com\\\/cdeuniversidadalmeria\\\/\",\"https:\\\/\\\/x.com\\\/cdeualmeria\",\"https:\\\/\\\/www.tiktok.com\\\/@cdealmeria\",\"https:\\\/\\\/www.instagram.com\\\/cdealmeria\\\/\",\"https:\\\/\\\/www.linkedin.com\\\/in\\\/cde-almera-812b26a9\\\/\"]},{\"@type\":\"Person\",\"@id\":\"https:\\\/\\\/www.cde.ual.es\\\/#\\\/schema\\\/person\\\/224ef08c8bcc005f319d2713ce37ee5f\",\"name\":\"AdminCDE\",\"image\":{\"@type\":\"ImageObject\",\"inLanguage\":\"en-US\",\"@id\":\"https:\\\/\\\/secure.gravatar.com\\\/avatar\\\/a72d038d371f995cd13706fac32274b7952a52e8fb0a84b5f80c85426f2a98a8?s=96&d=mm&r=g\",\"url\":\"https:\\\/\\\/secure.gravatar.com\\\/avatar\\\/a72d038d371f995cd13706fac32274b7952a52e8fb0a84b5f80c85426f2a98a8?s=96&d=mm&r=g\",\"contentUrl\":\"https:\\\/\\\/secure.gravatar.com\\\/avatar\\\/a72d038d371f995cd13706fac32274b7952a52e8fb0a84b5f80c85426f2a98a8?s=96&d=mm&r=g\",\"caption\":\"AdminCDE\"}}]}<\/script>\n<!-- \/ Yoast SEO plugin. -->","yoast_head_json":{"title":"Commission launches AI innovation package to support Artificial Intelligence startups and SMEs | CDE Almer\u00eda - Centro de Documentaci\u00f3n Europea - Universidad de Almer\u00eda","robots":{"index":"index","follow":"follow","max-snippet":"max-snippet:-1","max-image-preview":"max-image-preview:large","max-video-preview":"max-video-preview:-1"},"canonical":"https:\/\/www.cde.ual.es\/en\/commission-launches-ai-innovation-package-to-support-artificial-intelligence-startups-and-smes\/","og_locale":"en_US","og_type":"article","og_title":"Commission launches AI innovation package to support Artificial Intelligence startups and SMEs | CDE Almer\u00eda - Centro de Documentaci\u00f3n Europea - Universidad de Almer\u00eda","og_description":"The Commission has launched a package of measures to support European startups and SMEs in the development of trustworthy Artificial Intelligence (AI) that respects EU values and rules. This follows the political agreement\u00a0reached in December 2023 on the EU AI Act \u2013 the world&#8217;s first comprehensive law on Artificial Intelligence \u2013 which will support the [&hellip;]","og_url":"https:\/\/www.cde.ual.es\/en\/commission-launches-ai-innovation-package-to-support-artificial-intelligence-startups-and-smes\/","og_site_name":"CDE Almer\u00eda - Centro de Documentaci\u00f3n Europea - Universidad de Almer\u00eda","article_publisher":"https:\/\/www.facebook.com\/cdeuniversidadalmeria\/","article_published_time":"2024-01-25T09:00:12+00:00","article_modified_time":"2025-04-23T07:39:18+00:00","og_image":[{"width":1125,"height":750,"url":"https:\/\/www.cde.ual.es\/wp-content\/uploads\/2024\/01\/pexels-photo-8386440.webp","type":"image\/webp"}],"author":"AdminCDE","twitter_card":"summary_large_image","twitter_creator":"@cdeualmeria","twitter_site":"@cdeualmeria","twitter_misc":{"Written by":"AdminCDE","Est. reading time":"4 minutes"},"schema":{"@context":"https:\/\/schema.org","@graph":[{"@type":"Article","@id":"https:\/\/www.cde.ual.es\/en\/commission-launches-ai-innovation-package-to-support-artificial-intelligence-startups-and-smes\/#article","isPartOf":{"@id":"https:\/\/www.cde.ual.es\/en\/commission-launches-ai-innovation-package-to-support-artificial-intelligence-startups-and-smes\/"},"author":{"name":"AdminCDE","@id":"https:\/\/www.cde.ual.es\/#\/schema\/person\/224ef08c8bcc005f319d2713ce37ee5f"},"headline":"Commission launches AI innovation package to support Artificial Intelligence startups and SMEs","datePublished":"2024-01-25T09:00:12+00:00","dateModified":"2025-04-23T07:39:18+00:00","mainEntityOfPage":{"@id":"https:\/\/www.cde.ual.es\/en\/commission-launches-ai-innovation-package-to-support-artificial-intelligence-startups-and-smes\/"},"wordCount":706,"commentCount":0,"publisher":{"@id":"https:\/\/www.cde.ual.es\/#organization"},"image":{"@id":"https:\/\/www.cde.ual.es\/en\/commission-launches-ai-innovation-package-to-support-artificial-intelligence-startups-and-smes\/#primaryimage"},"thumbnailUrl":"https:\/\/www.cde.ual.es\/wp-content\/uploads\/2024\/01\/pexels-photo-8386440.webp","keywords":["artificial intelligence","Comision Europea","European Commission","European Union","innovation","PyMEs","SMEs","Uni\u00f3n Europea"],"articleSection":["EU News","Market","Research and Innovation","Technology"],"inLanguage":"en-US","potentialAction":[{"@type":"CommentAction","name":"Comment","target":["https:\/\/www.cde.ual.es\/en\/commission-launches-ai-innovation-package-to-support-artificial-intelligence-startups-and-smes\/#respond"]}]},{"@type":"WebPage","@id":"https:\/\/www.cde.ual.es\/en\/commission-launches-ai-innovation-package-to-support-artificial-intelligence-startups-and-smes\/","url":"https:\/\/www.cde.ual.es\/en\/commission-launches-ai-innovation-package-to-support-artificial-intelligence-startups-and-smes\/","name":"Commission launches AI innovation package to support Artificial Intelligence startups and SMEs | CDE Almer\u00eda - Centro de Documentaci\u00f3n Europea - Universidad de Almer\u00eda","isPartOf":{"@id":"https:\/\/www.cde.ual.es\/#website"},"primaryImageOfPage":{"@id":"https:\/\/www.cde.ual.es\/en\/commission-launches-ai-innovation-package-to-support-artificial-intelligence-startups-and-smes\/#primaryimage"},"image":{"@id":"https:\/\/www.cde.ual.es\/en\/commission-launches-ai-innovation-package-to-support-artificial-intelligence-startups-and-smes\/#primaryimage"},"thumbnailUrl":"https:\/\/www.cde.ual.es\/wp-content\/uploads\/2024\/01\/pexels-photo-8386440.webp","datePublished":"2024-01-25T09:00:12+00:00","dateModified":"2025-04-23T07:39:18+00:00","breadcrumb":{"@id":"https:\/\/www.cde.ual.es\/en\/commission-launches-ai-innovation-package-to-support-artificial-intelligence-startups-and-smes\/#breadcrumb"},"inLanguage":"en-US","potentialAction":[{"@type":"ReadAction","target":["https:\/\/www.cde.ual.es\/en\/commission-launches-ai-innovation-package-to-support-artificial-intelligence-startups-and-smes\/"]}]},{"@type":"ImageObject","inLanguage":"en-US","@id":"https:\/\/www.cde.ual.es\/en\/commission-launches-ai-innovation-package-to-support-artificial-intelligence-startups-and-smes\/#primaryimage","url":"https:\/\/www.cde.ual.es\/wp-content\/uploads\/2024\/01\/pexels-photo-8386440.webp","contentUrl":"https:\/\/www.cde.ual.es\/wp-content\/uploads\/2024\/01\/pexels-photo-8386440.webp","width":1125,"height":750},{"@type":"BreadcrumbList","@id":"https:\/\/www.cde.ual.es\/en\/commission-launches-ai-innovation-package-to-support-artificial-intelligence-startups-and-smes\/#breadcrumb","itemListElement":[{"@type":"ListItem","position":1,"name":"Inicio","item":"https:\/\/www.cde.ual.es\/en\/"},{"@type":"ListItem","position":2,"name":"EU News","item":"https:\/\/www.cde.ual.es\/en\/category\/eu-news\/"},{"@type":"ListItem","position":3,"name":"Research and Innovation","item":"https:\/\/www.cde.ual.es\/en\/category\/eu-news\/research-innovation\/"},{"@type":"ListItem","position":4,"name":"Technology","item":"https:\/\/www.cde.ual.es\/en\/category\/eu-news\/research-innovation\/technology\/"},{"@type":"ListItem","position":5,"name":"Commission launches AI innovation package to support Artificial Intelligence startups and SMEs"}]},{"@type":"WebSite","@id":"https:\/\/www.cde.ual.es\/#website","url":"https:\/\/www.cde.ual.es\/","name":"CDE Almer\u00eda - Centro de Documentaci\u00f3n Europea - Universidad de Almer\u00eda","description":"Centro de Documentaci\u00f3n Europea de la Universidad de Almer\u00eda","publisher":{"@id":"https:\/\/www.cde.ual.es\/#organization"},"alternateName":"CDE Almer\u00eda","potentialAction":[{"@type":"SearchAction","target":{"@type":"EntryPoint","urlTemplate":"https:\/\/www.cde.ual.es\/?s={search_term_string}"},"query-input":{"@type":"PropertyValueSpecification","valueRequired":true,"valueName":"search_term_string"}}],"inLanguage":"en-US"},{"@type":"Organization","@id":"https:\/\/www.cde.ual.es\/#organization","name":"Centro de Documentaci\u00f3n Europea de Almer\u00eda","url":"https:\/\/www.cde.ual.es\/","logo":{"@type":"ImageObject","inLanguage":"en-US","@id":"https:\/\/www.cde.ual.es\/#\/schema\/logo\/image\/","url":"https:\/\/www.cde.ual.es\/wp-content\/uploads\/2025\/07\/cde-logo-3.png","contentUrl":"https:\/\/www.cde.ual.es\/wp-content\/uploads\/2025\/07\/cde-logo-3.png","width":1400,"height":300,"caption":"Centro de Documentaci\u00f3n Europea de Almer\u00eda"},"image":{"@id":"https:\/\/www.cde.ual.es\/#\/schema\/logo\/image\/"},"sameAs":["https:\/\/www.facebook.com\/cdeuniversidadalmeria\/","https:\/\/x.com\/cdeualmeria","https:\/\/www.tiktok.com\/@cdealmeria","https:\/\/www.instagram.com\/cdealmeria\/","https:\/\/www.linkedin.com\/in\/cde-almera-812b26a9\/"]},{"@type":"Person","@id":"https:\/\/www.cde.ual.es\/#\/schema\/person\/224ef08c8bcc005f319d2713ce37ee5f","name":"AdminCDE","image":{"@type":"ImageObject","inLanguage":"en-US","@id":"https:\/\/secure.gravatar.com\/avatar\/a72d038d371f995cd13706fac32274b7952a52e8fb0a84b5f80c85426f2a98a8?s=96&d=mm&r=g","url":"https:\/\/secure.gravatar.com\/avatar\/a72d038d371f995cd13706fac32274b7952a52e8fb0a84b5f80c85426f2a98a8?s=96&d=mm&r=g","contentUrl":"https:\/\/secure.gravatar.com\/avatar\/a72d038d371f995cd13706fac32274b7952a52e8fb0a84b5f80c85426f2a98a8?s=96&d=mm&r=g","caption":"AdminCDE"}}]}},"_links":{"self":[{"href":"https:\/\/www.cde.ual.es\/en\/wp-json\/wp\/v2\/posts\/148805","targetHints":{"allow":["GET"]}}],"collection":[{"href":"https:\/\/www.cde.ual.es\/en\/wp-json\/wp\/v2\/posts"}],"about":[{"href":"https:\/\/www.cde.ual.es\/en\/wp-json\/wp\/v2\/types\/post"}],"author":[{"embeddable":true,"href":"https:\/\/www.cde.ual.es\/en\/wp-json\/wp\/v2\/users\/1"}],"replies":[{"embeddable":true,"href":"https:\/\/www.cde.ual.es\/en\/wp-json\/wp\/v2\/comments?post=148805"}],"version-history":[{"count":3,"href":"https:\/\/www.cde.ual.es\/en\/wp-json\/wp\/v2\/posts\/148805\/revisions"}],"predecessor-version":[{"id":159417,"href":"https:\/\/www.cde.ual.es\/en\/wp-json\/wp\/v2\/posts\/148805\/revisions\/159417"}],"wp:featuredmedia":[{"embeddable":true,"href":"https:\/\/www.cde.ual.es\/en\/wp-json\/wp\/v2\/media\/159415"}],"wp:attachment":[{"href":"https:\/\/www.cde.ual.es\/en\/wp-json\/wp\/v2\/media?parent=148805"}],"wp:term":[{"taxonomy":"category","embeddable":true,"href":"https:\/\/www.cde.ual.es\/en\/wp-json\/wp\/v2\/categories?post=148805"},{"taxonomy":"post_tag","embeddable":true,"href":"https:\/\/www.cde.ual.es\/en\/wp-json\/wp\/v2\/tags?post=148805"}],"curies":[{"name":"wp","href":"https:\/\/api.w.org\/{rel}","templated":true}]}}