{"id":148639,"date":"2024-01-19T03:00:36","date_gmt":"2024-01-19T02:00:36","guid":{"rendered":"https:\/\/www.cde.ual.es\/?p=148639"},"modified":"2024-01-18T14:34:42","modified_gmt":"2024-01-18T13:34:42","slug":"eu-ministers-take-forward-work-on-2024-european-semester","status":"publish","type":"post","link":"https:\/\/www.cde.ual.es\/en\/eu-ministers-take-forward-work-on-2024-european-semester\/","title":{"rendered":"EU Ministers take forward work on 2024 European Semester"},"content":{"rendered":"<p style=\"text-align: justify;\"><a href=\"https:\/\/www.cde.ual.es\/wp-content\/uploads\/2024\/01\/2104-europeansemesterupdate_in-focus.png\"><img decoding=\"async\" class=\"size-full wp-image-148636\" src=\"https:\/\/www.cde.ual.es\/wp-content\/uploads\/2024\/01\/2104-europeansemesterupdate_in-focus.png\" alt=\"\" width=\"825\" height=\"465\" srcset=\"https:\/\/www.cde.ual.es\/wp-content\/uploads\/2024\/01\/2104-europeansemesterupdate_in-focus.png 825w, https:\/\/www.cde.ual.es\/wp-content\/uploads\/2024\/01\/2104-europeansemesterupdate_in-focus-300x169.png 300w, https:\/\/www.cde.ual.es\/wp-content\/uploads\/2024\/01\/2104-europeansemesterupdate_in-focus-768x433.png 768w\" sizes=\"(max-width: 825px) 100vw, 825px\" \/><\/a><\/p>\n<p style=\"text-align: justify;\">The Belgian Presidency presented its\u00a0<strong>work programme<\/strong>\u00a0for the first semester of the year in the field of economic and financial affairs.<\/p>\n<p style=\"text-align: justify;\">The Presidency will focus on finalising the Union\u2019s economic governance review, on continued financial support to Ukraine, and on legislation governing the Banking Union and the Capital Markets Union.<\/p>\n<p style=\"text-align: justify;\">Moreover, the Presidency will work on narrowing the VAT gap, on EU own resources, on completing the mid-term review of the Multiannual Financial Framework (MFF), and on revising legislation related to the Customs Code as well as taxation rules for cross-border teleworking.<\/p>\n<p style=\"text-align: justify;\">As the Belgian Presidency will straddle the close of one European parliamentary term and the start of another, it will work to finalise major outstanding files while also stimulating discussion on the economic state of the Union and its future.<\/p>\n<p style=\"text-align: justify;\"><strong>European Semester 2024<\/strong><\/p>\n<p style=\"text-align: justify;\">The Council initiated the annual European Semester process for the monitoring of the member states&#8217; economic, employment and fiscal policies. The Council\u00a0<strong>approved conclusions<\/strong>\u00a0on the alert mechanism report 2024 and the annual sustainable growth survey 2024. The Council also\u00a0<strong>approved the 2024 recommendation<\/strong>\u00a0on the economic policy of the euro area. \u00a0The recommendation will be submitted to the European Council for endorsement at its meeting in March after which it will be adopted by the Council at one of its upcoming Ecofin meetings.<\/p>\n<p style=\"text-align: justify;\"><strong>Russia\u2019s aggression against Ukraine<\/strong><\/p>\n<p style=\"text-align: justify;\">Ministers took note of the state of play of the economic and financial impact of Russia\u2019s aggression against Ukraine. They received an update from the Commission on the economic and budgetary situation in Ukraine and discussed the EU\u2019s financial support to Ukraine and the ongoing work on the use of frozen and immobilised assets.<\/p>\n<p style=\"text-align: justify;\"><strong>G20 meeting<\/strong><\/p>\n<p style=\"text-align: justify;\">Ministers provided guidance for further work in view of the G20 meeting of finance ministers and central bank governors on 26-29 February 2024 in S\u00e3o Paulo, Brazil. The Council mandated the Economic and Financial Committee to finalise the EU G20 Terms of Reference for this meeting.<\/p>\n<p style=\"text-align: justify;\"><strong>Financial services<\/strong><\/p>\n<p style=\"text-align: justify;\">The Presidency presented the state of play of legislative proposals in the field of financial services.<\/p>\n<p style=\"text-align: justify;\"><strong>More information: <a href=\"https:\/\/www.consilium.europa.eu\/es\/meetings\/ecofin\/2024\/01\/16\/\">Council of the EU<\/a><\/strong><\/p>\n","protected":false},"excerpt":{"rendered":"<p>The Belgian Presidency presented its\u00a0work programme\u00a0for the first semester of the year in the field of economic and financial affairs. The Presidency will focus on finalising the Union\u2019s economic governance review, on continued financial support to Ukraine, and on legislation governing the Banking Union and the Capital Markets Union. Moreover, the Presidency will work on [&hellip;]<\/p>\n","protected":false},"author":1,"featured_media":148637,"comment_status":"open","ping_status":"open","sticky":false,"template":"","format":"standard","meta":{"_acf_changed":false,"_relevanssi_hide_post":"","_relevanssi_hide_content":"","_relevanssi_pin_for_all":"","_relevanssi_pin_keywords":"","_relevanssi_unpin_keywords":"","_relevanssi_related_keywords":"","_relevanssi_related_include_ids":"","_relevanssi_related_exclude_ids":"","_relevanssi_related_no_append":"","_relevanssi_related_not_related":"","_relevanssi_related_posts":"","_relevanssi_noindex_reason":"","_monsterinsights_skip_tracking":false,"_monsterinsights_sitenote_active":false,"_monsterinsights_sitenote_note":"","_monsterinsights_sitenote_category":0,"_genesis_hide_title":false,"_genesis_hide_breadcrumbs":false,"_genesis_hide_singular_image":false,"_genesis_hide_footer_widgets":false,"_genesis_custom_body_class":"","_genesis_custom_post_class":"","_genesis_layout":"","footnotes":""},"categories":[4090,346,4088],"tags":[488,368,1636,11343,135],"class_list":{"0":"post-148639","1":"post","2":"type-post","3":"status-publish","4":"format-standard","5":"has-post-thumbnail","7":"category-economy-finance","8":"category-eu-news","9":"category-market","10":"tag-economy","11":"tag-european-union","12":"tag-finance","13":"tag-semester","14":"tag-union-europea","15":"entry"},"acf":[],"yoast_head":"<!-- This site is optimized with the Yoast SEO plugin v27.4 - https:\/\/yoast.com\/product\/yoast-seo-wordpress\/ -->\n<title>EU Ministers take forward work on 2024 European Semester | CDE Almer\u00eda - Centro de Documentaci\u00f3n Europea - Universidad de Almer\u00eda<\/title>\n<meta name=\"robots\" content=\"index, follow, max-snippet:-1, max-image-preview:large, max-video-preview:-1\" \/>\n<link rel=\"canonical\" href=\"https:\/\/www.cde.ual.es\/los-ministros-de-economia-y-hacienda-de-la-ue-impulsan-los-trabajos-sobre-el-semestre-europeo-de-2024\/\" \/>\n<meta property=\"og:locale\" content=\"en_US\" \/>\n<meta property=\"og:type\" content=\"article\" \/>\n<meta property=\"og:title\" content=\"EU Ministers take forward work on 2024 European Semester | CDE Almer\u00eda - Centro de Documentaci\u00f3n Europea - Universidad de Almer\u00eda\" \/>\n<meta property=\"og:description\" content=\"The Belgian Presidency presented its\u00a0work programme\u00a0for the first semester of the year in the field of economic and financial affairs. The Presidency will focus on finalising the Union\u2019s economic governance review, on continued financial support to Ukraine, and on legislation governing the Banking Union and the Capital Markets Union. Moreover, the Presidency will work on [&hellip;]\" \/>\n<meta property=\"og:url\" content=\"https:\/\/www.cde.ual.es\/los-ministros-de-economia-y-hacienda-de-la-ue-impulsan-los-trabajos-sobre-el-semestre-europeo-de-2024\/\" \/>\n<meta property=\"og:site_name\" content=\"CDE Almer\u00eda - Centro de Documentaci\u00f3n Europea - Universidad de Almer\u00eda\" \/>\n<meta property=\"article:publisher\" content=\"https:\/\/www.facebook.com\/cdeuniversidadalmeria\/\" \/>\n<meta property=\"article:published_time\" content=\"2024-01-19T02:00:36+00:00\" \/>\n<meta property=\"og:image\" content=\"https:\/\/www.cde.ual.es\/wp-content\/uploads\/2024\/01\/2104-europeansemesterupdate_in-focus.png\" \/>\n\t<meta property=\"og:image:width\" content=\"825\" \/>\n\t<meta property=\"og:image:height\" content=\"465\" \/>\n\t<meta property=\"og:image:type\" content=\"image\/png\" \/>\n<meta name=\"author\" content=\"AdminCDE\" \/>\n<meta name=\"twitter:card\" content=\"summary_large_image\" \/>\n<meta name=\"twitter:creator\" content=\"@cdeualmeria\" \/>\n<meta name=\"twitter:site\" content=\"@cdeualmeria\" \/>\n<meta name=\"twitter:label1\" content=\"Written by\" \/>\n\t<meta name=\"twitter:data1\" content=\"AdminCDE\" \/>\n\t<meta name=\"twitter:label2\" content=\"Est. reading time\" \/>\n\t<meta name=\"twitter:data2\" content=\"3 minutes\" \/>\n<script type=\"application\/ld+json\" class=\"yoast-schema-graph\">{\"@context\":\"https:\\\/\\\/schema.org\",\"@graph\":[{\"@type\":\"Article\",\"@id\":\"https:\\\/\\\/www.cde.ual.es\\\/los-ministros-de-economia-y-hacienda-de-la-ue-impulsan-los-trabajos-sobre-el-semestre-europeo-de-2024\\\/#article\",\"isPartOf\":{\"@id\":\"https:\\\/\\\/www.cde.ual.es\\\/los-ministros-de-economia-y-hacienda-de-la-ue-impulsan-los-trabajos-sobre-el-semestre-europeo-de-2024\\\/\"},\"author\":{\"name\":\"AdminCDE\",\"@id\":\"https:\\\/\\\/www.cde.ual.es\\\/#\\\/schema\\\/person\\\/224ef08c8bcc005f319d2713ce37ee5f\"},\"headline\":\"EU Ministers take forward work on 2024 European Semester\",\"datePublished\":\"2024-01-19T02:00:36+00:00\",\"mainEntityOfPage\":{\"@id\":\"https:\\\/\\\/www.cde.ual.es\\\/los-ministros-de-economia-y-hacienda-de-la-ue-impulsan-los-trabajos-sobre-el-semestre-europeo-de-2024\\\/\"},\"wordCount\":358,\"commentCount\":0,\"publisher\":{\"@id\":\"https:\\\/\\\/www.cde.ual.es\\\/#organization\"},\"image\":{\"@id\":\"https:\\\/\\\/www.cde.ual.es\\\/los-ministros-de-economia-y-hacienda-de-la-ue-impulsan-los-trabajos-sobre-el-semestre-europeo-de-2024\\\/#primaryimage\"},\"thumbnailUrl\":\"https:\\\/\\\/www.cde.ual.es\\\/wp-content\\\/uploads\\\/2024\\\/01\\\/2104-europeansemesterupdate_in-focus.png\",\"keywords\":[\"Economy\",\"European Union\",\"Finance\",\"semester\",\"Uni\u00f3n Europea\"],\"articleSection\":[\"Economy and Finance\",\"EU News\",\"Market\"],\"inLanguage\":\"en-US\",\"potentialAction\":[{\"@type\":\"CommentAction\",\"name\":\"Comment\",\"target\":[\"https:\\\/\\\/www.cde.ual.es\\\/los-ministros-de-economia-y-hacienda-de-la-ue-impulsan-los-trabajos-sobre-el-semestre-europeo-de-2024\\\/#respond\"]}]},{\"@type\":\"WebPage\",\"@id\":\"https:\\\/\\\/www.cde.ual.es\\\/los-ministros-de-economia-y-hacienda-de-la-ue-impulsan-los-trabajos-sobre-el-semestre-europeo-de-2024\\\/\",\"url\":\"https:\\\/\\\/www.cde.ual.es\\\/los-ministros-de-economia-y-hacienda-de-la-ue-impulsan-los-trabajos-sobre-el-semestre-europeo-de-2024\\\/\",\"name\":\"EU Ministers take forward work on 2024 European Semester | CDE Almer\u00eda - Centro de Documentaci\u00f3n Europea - Universidad de Almer\u00eda\",\"isPartOf\":{\"@id\":\"https:\\\/\\\/www.cde.ual.es\\\/#website\"},\"primaryImageOfPage\":{\"@id\":\"https:\\\/\\\/www.cde.ual.es\\\/los-ministros-de-economia-y-hacienda-de-la-ue-impulsan-los-trabajos-sobre-el-semestre-europeo-de-2024\\\/#primaryimage\"},\"image\":{\"@id\":\"https:\\\/\\\/www.cde.ual.es\\\/los-ministros-de-economia-y-hacienda-de-la-ue-impulsan-los-trabajos-sobre-el-semestre-europeo-de-2024\\\/#primaryimage\"},\"thumbnailUrl\":\"https:\\\/\\\/www.cde.ual.es\\\/wp-content\\\/uploads\\\/2024\\\/01\\\/2104-europeansemesterupdate_in-focus.png\",\"datePublished\":\"2024-01-19T02:00:36+00:00\",\"breadcrumb\":{\"@id\":\"https:\\\/\\\/www.cde.ual.es\\\/los-ministros-de-economia-y-hacienda-de-la-ue-impulsan-los-trabajos-sobre-el-semestre-europeo-de-2024\\\/#breadcrumb\"},\"inLanguage\":\"en-US\",\"potentialAction\":[{\"@type\":\"ReadAction\",\"target\":[\"https:\\\/\\\/www.cde.ual.es\\\/los-ministros-de-economia-y-hacienda-de-la-ue-impulsan-los-trabajos-sobre-el-semestre-europeo-de-2024\\\/\"]}]},{\"@type\":\"ImageObject\",\"inLanguage\":\"en-US\",\"@id\":\"https:\\\/\\\/www.cde.ual.es\\\/los-ministros-de-economia-y-hacienda-de-la-ue-impulsan-los-trabajos-sobre-el-semestre-europeo-de-2024\\\/#primaryimage\",\"url\":\"https:\\\/\\\/www.cde.ual.es\\\/wp-content\\\/uploads\\\/2024\\\/01\\\/2104-europeansemesterupdate_in-focus.png\",\"contentUrl\":\"https:\\\/\\\/www.cde.ual.es\\\/wp-content\\\/uploads\\\/2024\\\/01\\\/2104-europeansemesterupdate_in-focus.png\",\"width\":825,\"height\":465},{\"@type\":\"BreadcrumbList\",\"@id\":\"https:\\\/\\\/www.cde.ual.es\\\/los-ministros-de-economia-y-hacienda-de-la-ue-impulsan-los-trabajos-sobre-el-semestre-europeo-de-2024\\\/#breadcrumb\",\"itemListElement\":[{\"@type\":\"ListItem\",\"position\":1,\"name\":\"Inicio\",\"item\":\"https:\\\/\\\/www.cde.ual.es\\\/en\\\/\"},{\"@type\":\"ListItem\",\"position\":2,\"name\":\"Noticias UE\",\"item\":\"https:\\\/\\\/www.cde.ual.es\\\/category\\\/noticias-ue\\\/\"},{\"@type\":\"ListItem\",\"position\":3,\"name\":\"Mercado\",\"item\":\"https:\\\/\\\/www.cde.ual.es\\\/category\\\/noticias-ue\\\/mercado\\\/\"},{\"@type\":\"ListItem\",\"position\":4,\"name\":\"Economy and Finance\",\"item\":\"https:\\\/\\\/www.cde.ual.es\\\/en\\\/category\\\/eu-news\\\/market\\\/economy-finance\\\/\"},{\"@type\":\"ListItem\",\"position\":5,\"name\":\"EU Ministers take forward work on 2024 European Semester\"}]},{\"@type\":\"WebSite\",\"@id\":\"https:\\\/\\\/www.cde.ual.es\\\/#website\",\"url\":\"https:\\\/\\\/www.cde.ual.es\\\/\",\"name\":\"CDE Almer\u00eda - Centro de Documentaci\u00f3n Europea - Universidad de Almer\u00eda\",\"description\":\"Centro de Documentaci\u00f3n Europea de la Universidad de Almer\u00eda\",\"publisher\":{\"@id\":\"https:\\\/\\\/www.cde.ual.es\\\/#organization\"},\"alternateName\":\"CDE Almer\u00eda\",\"potentialAction\":[{\"@type\":\"SearchAction\",\"target\":{\"@type\":\"EntryPoint\",\"urlTemplate\":\"https:\\\/\\\/www.cde.ual.es\\\/?s={search_term_string}\"},\"query-input\":{\"@type\":\"PropertyValueSpecification\",\"valueRequired\":true,\"valueName\":\"search_term_string\"}}],\"inLanguage\":\"en-US\"},{\"@type\":\"Organization\",\"@id\":\"https:\\\/\\\/www.cde.ual.es\\\/#organization\",\"name\":\"Centro de Documentaci\u00f3n Europea de Almer\u00eda\",\"url\":\"https:\\\/\\\/www.cde.ual.es\\\/\",\"logo\":{\"@type\":\"ImageObject\",\"inLanguage\":\"en-US\",\"@id\":\"https:\\\/\\\/www.cde.ual.es\\\/#\\\/schema\\\/logo\\\/image\\\/\",\"url\":\"https:\\\/\\\/www.cde.ual.es\\\/wp-content\\\/uploads\\\/2025\\\/07\\\/cde-logo-3.png\",\"contentUrl\":\"https:\\\/\\\/www.cde.ual.es\\\/wp-content\\\/uploads\\\/2025\\\/07\\\/cde-logo-3.png\",\"width\":1400,\"height\":300,\"caption\":\"Centro de Documentaci\u00f3n Europea de Almer\u00eda\"},\"image\":{\"@id\":\"https:\\\/\\\/www.cde.ual.es\\\/#\\\/schema\\\/logo\\\/image\\\/\"},\"sameAs\":[\"https:\\\/\\\/www.facebook.com\\\/cdeuniversidadalmeria\\\/\",\"https:\\\/\\\/x.com\\\/cdeualmeria\",\"https:\\\/\\\/www.tiktok.com\\\/@cdealmeria\",\"https:\\\/\\\/www.instagram.com\\\/cdealmeria\\\/\",\"https:\\\/\\\/www.linkedin.com\\\/in\\\/cde-almera-812b26a9\\\/\"]},{\"@type\":\"Person\",\"@id\":\"https:\\\/\\\/www.cde.ual.es\\\/#\\\/schema\\\/person\\\/224ef08c8bcc005f319d2713ce37ee5f\",\"name\":\"AdminCDE\",\"image\":{\"@type\":\"ImageObject\",\"inLanguage\":\"en-US\",\"@id\":\"https:\\\/\\\/secure.gravatar.com\\\/avatar\\\/a72d038d371f995cd13706fac32274b7952a52e8fb0a84b5f80c85426f2a98a8?s=96&d=mm&r=g\",\"url\":\"https:\\\/\\\/secure.gravatar.com\\\/avatar\\\/a72d038d371f995cd13706fac32274b7952a52e8fb0a84b5f80c85426f2a98a8?s=96&d=mm&r=g\",\"contentUrl\":\"https:\\\/\\\/secure.gravatar.com\\\/avatar\\\/a72d038d371f995cd13706fac32274b7952a52e8fb0a84b5f80c85426f2a98a8?s=96&d=mm&r=g\",\"caption\":\"AdminCDE\"}}]}<\/script>\n<!-- \/ Yoast SEO plugin. -->","yoast_head_json":{"title":"EU Ministers take forward work on 2024 European Semester | CDE Almer\u00eda - Centro de Documentaci\u00f3n Europea - Universidad de Almer\u00eda","robots":{"index":"index","follow":"follow","max-snippet":"max-snippet:-1","max-image-preview":"max-image-preview:large","max-video-preview":"max-video-preview:-1"},"canonical":"https:\/\/www.cde.ual.es\/los-ministros-de-economia-y-hacienda-de-la-ue-impulsan-los-trabajos-sobre-el-semestre-europeo-de-2024\/","og_locale":"en_US","og_type":"article","og_title":"EU Ministers take forward work on 2024 European Semester | CDE Almer\u00eda - Centro de Documentaci\u00f3n Europea - Universidad de Almer\u00eda","og_description":"The Belgian Presidency presented its\u00a0work programme\u00a0for the first semester of the year in the field of economic and financial affairs. The Presidency will focus on finalising the Union\u2019s economic governance review, on continued financial support to Ukraine, and on legislation governing the Banking Union and the Capital Markets Union. Moreover, the Presidency will work on [&hellip;]","og_url":"https:\/\/www.cde.ual.es\/los-ministros-de-economia-y-hacienda-de-la-ue-impulsan-los-trabajos-sobre-el-semestre-europeo-de-2024\/","og_site_name":"CDE Almer\u00eda - Centro de Documentaci\u00f3n Europea - Universidad de Almer\u00eda","article_publisher":"https:\/\/www.facebook.com\/cdeuniversidadalmeria\/","article_published_time":"2024-01-19T02:00:36+00:00","og_image":[{"width":825,"height":465,"url":"https:\/\/www.cde.ual.es\/wp-content\/uploads\/2024\/01\/2104-europeansemesterupdate_in-focus.png","type":"image\/png"}],"author":"AdminCDE","twitter_card":"summary_large_image","twitter_creator":"@cdeualmeria","twitter_site":"@cdeualmeria","twitter_misc":{"Written by":"AdminCDE","Est. reading time":"3 minutes"},"schema":{"@context":"https:\/\/schema.org","@graph":[{"@type":"Article","@id":"https:\/\/www.cde.ual.es\/los-ministros-de-economia-y-hacienda-de-la-ue-impulsan-los-trabajos-sobre-el-semestre-europeo-de-2024\/#article","isPartOf":{"@id":"https:\/\/www.cde.ual.es\/los-ministros-de-economia-y-hacienda-de-la-ue-impulsan-los-trabajos-sobre-el-semestre-europeo-de-2024\/"},"author":{"name":"AdminCDE","@id":"https:\/\/www.cde.ual.es\/#\/schema\/person\/224ef08c8bcc005f319d2713ce37ee5f"},"headline":"EU Ministers take forward work on 2024 European Semester","datePublished":"2024-01-19T02:00:36+00:00","mainEntityOfPage":{"@id":"https:\/\/www.cde.ual.es\/los-ministros-de-economia-y-hacienda-de-la-ue-impulsan-los-trabajos-sobre-el-semestre-europeo-de-2024\/"},"wordCount":358,"commentCount":0,"publisher":{"@id":"https:\/\/www.cde.ual.es\/#organization"},"image":{"@id":"https:\/\/www.cde.ual.es\/los-ministros-de-economia-y-hacienda-de-la-ue-impulsan-los-trabajos-sobre-el-semestre-europeo-de-2024\/#primaryimage"},"thumbnailUrl":"https:\/\/www.cde.ual.es\/wp-content\/uploads\/2024\/01\/2104-europeansemesterupdate_in-focus.png","keywords":["Economy","European Union","Finance","semester","Uni\u00f3n Europea"],"articleSection":["Economy and Finance","EU News","Market"],"inLanguage":"en-US","potentialAction":[{"@type":"CommentAction","name":"Comment","target":["https:\/\/www.cde.ual.es\/los-ministros-de-economia-y-hacienda-de-la-ue-impulsan-los-trabajos-sobre-el-semestre-europeo-de-2024\/#respond"]}]},{"@type":"WebPage","@id":"https:\/\/www.cde.ual.es\/los-ministros-de-economia-y-hacienda-de-la-ue-impulsan-los-trabajos-sobre-el-semestre-europeo-de-2024\/","url":"https:\/\/www.cde.ual.es\/los-ministros-de-economia-y-hacienda-de-la-ue-impulsan-los-trabajos-sobre-el-semestre-europeo-de-2024\/","name":"EU Ministers take forward work on 2024 European Semester | CDE Almer\u00eda - Centro de Documentaci\u00f3n Europea - Universidad de Almer\u00eda","isPartOf":{"@id":"https:\/\/www.cde.ual.es\/#website"},"primaryImageOfPage":{"@id":"https:\/\/www.cde.ual.es\/los-ministros-de-economia-y-hacienda-de-la-ue-impulsan-los-trabajos-sobre-el-semestre-europeo-de-2024\/#primaryimage"},"image":{"@id":"https:\/\/www.cde.ual.es\/los-ministros-de-economia-y-hacienda-de-la-ue-impulsan-los-trabajos-sobre-el-semestre-europeo-de-2024\/#primaryimage"},"thumbnailUrl":"https:\/\/www.cde.ual.es\/wp-content\/uploads\/2024\/01\/2104-europeansemesterupdate_in-focus.png","datePublished":"2024-01-19T02:00:36+00:00","breadcrumb":{"@id":"https:\/\/www.cde.ual.es\/los-ministros-de-economia-y-hacienda-de-la-ue-impulsan-los-trabajos-sobre-el-semestre-europeo-de-2024\/#breadcrumb"},"inLanguage":"en-US","potentialAction":[{"@type":"ReadAction","target":["https:\/\/www.cde.ual.es\/los-ministros-de-economia-y-hacienda-de-la-ue-impulsan-los-trabajos-sobre-el-semestre-europeo-de-2024\/"]}]},{"@type":"ImageObject","inLanguage":"en-US","@id":"https:\/\/www.cde.ual.es\/los-ministros-de-economia-y-hacienda-de-la-ue-impulsan-los-trabajos-sobre-el-semestre-europeo-de-2024\/#primaryimage","url":"https:\/\/www.cde.ual.es\/wp-content\/uploads\/2024\/01\/2104-europeansemesterupdate_in-focus.png","contentUrl":"https:\/\/www.cde.ual.es\/wp-content\/uploads\/2024\/01\/2104-europeansemesterupdate_in-focus.png","width":825,"height":465},{"@type":"BreadcrumbList","@id":"https:\/\/www.cde.ual.es\/los-ministros-de-economia-y-hacienda-de-la-ue-impulsan-los-trabajos-sobre-el-semestre-europeo-de-2024\/#breadcrumb","itemListElement":[{"@type":"ListItem","position":1,"name":"Inicio","item":"https:\/\/www.cde.ual.es\/en\/"},{"@type":"ListItem","position":2,"name":"Noticias UE","item":"https:\/\/www.cde.ual.es\/category\/noticias-ue\/"},{"@type":"ListItem","position":3,"name":"Mercado","item":"https:\/\/www.cde.ual.es\/category\/noticias-ue\/mercado\/"},{"@type":"ListItem","position":4,"name":"Economy and Finance","item":"https:\/\/www.cde.ual.es\/en\/category\/eu-news\/market\/economy-finance\/"},{"@type":"ListItem","position":5,"name":"EU Ministers take forward work on 2024 European Semester"}]},{"@type":"WebSite","@id":"https:\/\/www.cde.ual.es\/#website","url":"https:\/\/www.cde.ual.es\/","name":"CDE Almer\u00eda - Centro de Documentaci\u00f3n Europea - Universidad de Almer\u00eda","description":"Centro de Documentaci\u00f3n Europea de la Universidad de Almer\u00eda","publisher":{"@id":"https:\/\/www.cde.ual.es\/#organization"},"alternateName":"CDE Almer\u00eda","potentialAction":[{"@type":"SearchAction","target":{"@type":"EntryPoint","urlTemplate":"https:\/\/www.cde.ual.es\/?s={search_term_string}"},"query-input":{"@type":"PropertyValueSpecification","valueRequired":true,"valueName":"search_term_string"}}],"inLanguage":"en-US"},{"@type":"Organization","@id":"https:\/\/www.cde.ual.es\/#organization","name":"Centro de Documentaci\u00f3n Europea de Almer\u00eda","url":"https:\/\/www.cde.ual.es\/","logo":{"@type":"ImageObject","inLanguage":"en-US","@id":"https:\/\/www.cde.ual.es\/#\/schema\/logo\/image\/","url":"https:\/\/www.cde.ual.es\/wp-content\/uploads\/2025\/07\/cde-logo-3.png","contentUrl":"https:\/\/www.cde.ual.es\/wp-content\/uploads\/2025\/07\/cde-logo-3.png","width":1400,"height":300,"caption":"Centro de Documentaci\u00f3n Europea de Almer\u00eda"},"image":{"@id":"https:\/\/www.cde.ual.es\/#\/schema\/logo\/image\/"},"sameAs":["https:\/\/www.facebook.com\/cdeuniversidadalmeria\/","https:\/\/x.com\/cdeualmeria","https:\/\/www.tiktok.com\/@cdealmeria","https:\/\/www.instagram.com\/cdealmeria\/","https:\/\/www.linkedin.com\/in\/cde-almera-812b26a9\/"]},{"@type":"Person","@id":"https:\/\/www.cde.ual.es\/#\/schema\/person\/224ef08c8bcc005f319d2713ce37ee5f","name":"AdminCDE","image":{"@type":"ImageObject","inLanguage":"en-US","@id":"https:\/\/secure.gravatar.com\/avatar\/a72d038d371f995cd13706fac32274b7952a52e8fb0a84b5f80c85426f2a98a8?s=96&d=mm&r=g","url":"https:\/\/secure.gravatar.com\/avatar\/a72d038d371f995cd13706fac32274b7952a52e8fb0a84b5f80c85426f2a98a8?s=96&d=mm&r=g","contentUrl":"https:\/\/secure.gravatar.com\/avatar\/a72d038d371f995cd13706fac32274b7952a52e8fb0a84b5f80c85426f2a98a8?s=96&d=mm&r=g","caption":"AdminCDE"}}]}},"_links":{"self":[{"href":"https:\/\/www.cde.ual.es\/en\/wp-json\/wp\/v2\/posts\/148639","targetHints":{"allow":["GET"]}}],"collection":[{"href":"https:\/\/www.cde.ual.es\/en\/wp-json\/wp\/v2\/posts"}],"about":[{"href":"https:\/\/www.cde.ual.es\/en\/wp-json\/wp\/v2\/types\/post"}],"author":[{"embeddable":true,"href":"https:\/\/www.cde.ual.es\/en\/wp-json\/wp\/v2\/users\/1"}],"replies":[{"embeddable":true,"href":"https:\/\/www.cde.ual.es\/en\/wp-json\/wp\/v2\/comments?post=148639"}],"version-history":[{"count":1,"href":"https:\/\/www.cde.ual.es\/en\/wp-json\/wp\/v2\/posts\/148639\/revisions"}],"predecessor-version":[{"id":148640,"href":"https:\/\/www.cde.ual.es\/en\/wp-json\/wp\/v2\/posts\/148639\/revisions\/148640"}],"wp:featuredmedia":[{"embeddable":true,"href":"https:\/\/www.cde.ual.es\/en\/wp-json\/wp\/v2\/media\/148637"}],"wp:attachment":[{"href":"https:\/\/www.cde.ual.es\/en\/wp-json\/wp\/v2\/media?parent=148639"}],"wp:term":[{"taxonomy":"category","embeddable":true,"href":"https:\/\/www.cde.ual.es\/en\/wp-json\/wp\/v2\/categories?post=148639"},{"taxonomy":"post_tag","embeddable":true,"href":"https:\/\/www.cde.ual.es\/en\/wp-json\/wp\/v2\/tags?post=148639"}],"curies":[{"name":"wp","href":"https:\/\/api.w.org\/{rel}","templated":true}]}}