{"id":14861,"date":"2019-03-20T08:00:35","date_gmt":"2019-03-20T07:00:35","guid":{"rendered":"http:\/\/www.cde.ual.es\/?p=14861"},"modified":"2019-03-20T08:49:31","modified_gmt":"2019-03-20T07:49:31","slug":"e2-billion-to-fast-forward-the-creation-of-the-european-innovation-council-2","status":"publish","type":"post","link":"https:\/\/www.cde.ual.es\/en\/e2-billion-to-fast-forward-the-creation-of-the-european-innovation-council-2\/","title":{"rendered":"\u20ac2 billion to fast forward the creation of the European Innovation Council"},"content":{"rendered":"<p><em><strong>Ahead of the 21-22 March European Council discussion on innovation, industry and competitiveness, the Commission takes decisive steps to set up a European Innovation Council.<\/strong><\/em><\/p>\n<p><a href=\"http:\/\/www.cde.ual.es\/wp-content\/uploads\/2019\/03\/innovation-561388_1920.jpg\"><img decoding=\"async\" class=\"size-medium wp-image-14858 aligncenter\" src=\"http:\/\/www.cde.ual.es\/wp-content\/uploads\/2019\/03\/innovation-561388_1920-300x200.jpg\" alt=\"\" width=\"300\" height=\"200\" \/><\/a><\/p>\n<p>&nbsp;<\/p>\n<p>Global competition is intensifying and Europe needs to deepen its innovation and risk-taking capability to compete on a market increasingly defined by new technologies. That is why the <strong>Juncker<\/strong> Commission is introducing a European Innovation Council (EIC) to turn Europe&#8217;s scientific discoveries into businesses that can scale up faster. Currently in its pilot phase, the European Innovation Council will become a full-fledged reality from 2021 under the next EU research and innovation programme Horizon Europe.<\/p>\n<p>The Commission announces important steps that will ramp up the remaining two years of the pilot phase of the EIC:<\/p>\n<ul>\n<li><strong><a href=\"https:\/\/ec.europa.eu\/info\/funding-tenders\/opportunities\/portal\/screen\/how-to-participate\/reference-documents;programCode=H2020\">Over \u20ac2 billion of funding<\/a><\/strong> in 2019-2020: covering the innovation chain.<\/li>\n<li>The Commission will <strong>appoint 15 to 20 innovation leaders<\/strong> to an EIC Advisory Board to oversee the EIC pilot, prepare the future EIC, and champion the EIC globally. Innovators from across the ecosystem are invited to <a href=\"http:\/\/ec.europa.eu\/transparency\/regexpert\/index.cfm?do=calls.calls_for_app\">come forward by 10 May<\/a>.<\/li>\n<li>The Commission will recruit a first set of <strong>\u201cprogramme managers\u201d<\/strong> with leading expertise in new technologies to provide full-time, hands-on support for projects. The call for recruitment will be published shortly.<\/li>\n<li>Also today, the Commission announces <strong>68 additional startups and SMEs selected <\/strong>for an overall funding of<strong> \u20ac120 million <\/strong>under the existing EIC pilot. The companies are for instance developing a blockchain-based online payment technology, new energy efficient screens and a solution to fight traffic noise.<\/li>\n<\/ul>\n<p>Given the growing economic importance of breakthrough and disruptive innovation, and based on the early success of the EIC pilot, the Commission has proposed to dedicate \u20ac10 billion to the EIC under Horizon Europe, the EU research and innovation funding programme for 2021-2027.<\/p>\n<h2><strong>More information<\/strong><\/h2>\n<p>Access to the <a href=\"http:\/\/europa.eu\/rapid\/press-release_IP-19-1694_en.htm\">complete News<\/a><\/p>\n<p><a href=\"https:\/\/ec.europa.eu\/research\/eic\/pdf\/ec_eic_qa_032019.pdf\">Info sheet<\/a>: questions and answers on the EIC<\/p>\n<p><a href=\"https:\/\/ec.europa.eu\/research\/eic\/pdf\/ec_eic_factsheet_032019.pdf\">Factsheet<\/a>: innovators&#8217; guide to benefit from the EIC here<\/p>\n<p>Factsheet: <a href=\"https:\/\/ec.europa.eu\/commission\/sites\/beta-political\/files\/budget-may2018-research-innovation_fr_0.pdf\">EU Research and Innovation success stories<\/a><\/p>\n<p><a href=\"http:\/\/ec.europa.eu\/horizon-europe\">Horizon Europe webpage<\/a><\/p>\n","protected":false},"excerpt":{"rendered":"<p>Ahead of the 21-22 March European Council discussion on innovation, industry and competitiveness, the Commission takes decisive steps to set up a European Innovation Council. &nbsp; Global competition is intensifying and Europe needs to deepen its innovation and risk-taking capability to compete on a market increasingly defined by new technologies. That is why the Juncker [&hellip;]<\/p>\n","protected":false},"author":101012,"featured_media":14859,"comment_status":"open","ping_status":"open","sticky":false,"template":"","format":"standard","meta":{"_acf_changed":false,"_relevanssi_hide_post":"","_relevanssi_hide_content":"","_relevanssi_pin_for_all":"","_relevanssi_pin_keywords":"","_relevanssi_unpin_keywords":"","_relevanssi_related_keywords":"","_relevanssi_related_include_ids":"","_relevanssi_related_exclude_ids":"","_relevanssi_related_no_append":"","_relevanssi_related_not_related":"","_relevanssi_related_posts":"","_relevanssi_noindex_reason":"","_monsterinsights_skip_tracking":false,"_monsterinsights_sitenote_active":false,"_monsterinsights_sitenote_note":"","_monsterinsights_sitenote_category":0,"_genesis_hide_title":false,"_genesis_hide_breadcrumbs":false,"_genesis_hide_singular_image":false,"_genesis_hide_footer_widgets":false,"_genesis_custom_body_class":"","_genesis_custom_post_class":"","_genesis_layout":"","footnotes":""},"categories":[346],"tags":[368,354,404,350,405,351],"class_list":{"0":"post-14861","1":"post","2":"type-post","3":"status-publish","4":"format-standard","5":"has-post-thumbnail","7":"category-eu-news","8":"tag-european-union","9":"tag-innovacion-en","10":"tag-innovation","11":"tag-investigacion-en","12":"tag-investigation","13":"tag-union-europea-en","14":"entry"},"acf":[],"yoast_head":"<!-- This site is optimized with the Yoast SEO plugin v27.4 - https:\/\/yoast.com\/product\/yoast-seo-wordpress\/ -->\n<title>\u20ac2 billion to fast forward the creation of the European Innovation Council | CDE Almer\u00eda - Centro de Documentaci\u00f3n Europea - Universidad de Almer\u00eda<\/title>\n<meta name=\"robots\" content=\"index, follow, max-snippet:-1, max-image-preview:large, max-video-preview:-1\" \/>\n<link rel=\"canonical\" href=\"https:\/\/www.cde.ual.es\/en\/e2-billion-to-fast-forward-the-creation-of-the-european-innovation-council-2\/\" \/>\n<meta property=\"og:locale\" content=\"en_US\" \/>\n<meta property=\"og:type\" content=\"article\" \/>\n<meta property=\"og:title\" content=\"\u20ac2 billion to fast forward the creation of the European Innovation Council | CDE Almer\u00eda - Centro de Documentaci\u00f3n Europea - Universidad de Almer\u00eda\" \/>\n<meta property=\"og:description\" content=\"Ahead of the 21-22 March European Council discussion on innovation, industry and competitiveness, the Commission takes decisive steps to set up a European Innovation Council. &nbsp; Global competition is intensifying and Europe needs to deepen its innovation and risk-taking capability to compete on a market increasingly defined by new technologies. That is why the Juncker [&hellip;]\" \/>\n<meta property=\"og:url\" content=\"https:\/\/www.cde.ual.es\/en\/e2-billion-to-fast-forward-the-creation-of-the-european-innovation-council-2\/\" \/>\n<meta property=\"og:site_name\" content=\"CDE Almer\u00eda - Centro de Documentaci\u00f3n Europea - Universidad de Almer\u00eda\" \/>\n<meta property=\"article:publisher\" content=\"https:\/\/www.facebook.com\/cdeuniversidadalmeria\/\" \/>\n<meta property=\"article:published_time\" content=\"2019-03-20T07:00:35+00:00\" \/>\n<meta property=\"article:modified_time\" content=\"2019-03-20T07:49:31+00:00\" \/>\n<meta property=\"og:image\" content=\"https:\/\/www.cde.ual.es\/wp-content\/uploads\/2019\/03\/innovation-561388_1920.jpg\" \/>\n\t<meta property=\"og:image:width\" content=\"1920\" \/>\n\t<meta property=\"og:image:height\" content=\"1280\" \/>\n\t<meta property=\"og:image:type\" content=\"image\/jpeg\" \/>\n<meta name=\"author\" content=\"BECACDE1\" \/>\n<meta name=\"twitter:card\" content=\"summary_large_image\" \/>\n<meta name=\"twitter:creator\" content=\"@cdeualmeria\" \/>\n<meta name=\"twitter:site\" content=\"@cdeualmeria\" \/>\n<meta name=\"twitter:label1\" content=\"Written by\" \/>\n\t<meta name=\"twitter:data1\" content=\"BECACDE1\" \/>\n\t<meta name=\"twitter:label2\" content=\"Est. reading time\" \/>\n\t<meta name=\"twitter:data2\" content=\"2 minutes\" \/>\n<script type=\"application\/ld+json\" class=\"yoast-schema-graph\">{\"@context\":\"https:\\\/\\\/schema.org\",\"@graph\":[{\"@type\":\"Article\",\"@id\":\"https:\\\/\\\/www.cde.ual.es\\\/en\\\/e2-billion-to-fast-forward-the-creation-of-the-european-innovation-council-2\\\/#article\",\"isPartOf\":{\"@id\":\"https:\\\/\\\/www.cde.ual.es\\\/en\\\/e2-billion-to-fast-forward-the-creation-of-the-european-innovation-council-2\\\/\"},\"author\":{\"name\":\"BECACDE1\",\"@id\":\"https:\\\/\\\/www.cde.ual.es\\\/#\\\/schema\\\/person\\\/bf2f837cf3353e2161fe1087adbd728f\"},\"headline\":\"\u20ac2 billion to fast forward the creation of the European Innovation Council\",\"datePublished\":\"2019-03-20T07:00:35+00:00\",\"dateModified\":\"2019-03-20T07:49:31+00:00\",\"mainEntityOfPage\":{\"@id\":\"https:\\\/\\\/www.cde.ual.es\\\/en\\\/e2-billion-to-fast-forward-the-creation-of-the-european-innovation-council-2\\\/\"},\"wordCount\":330,\"commentCount\":0,\"publisher\":{\"@id\":\"https:\\\/\\\/www.cde.ual.es\\\/#organization\"},\"image\":{\"@id\":\"https:\\\/\\\/www.cde.ual.es\\\/en\\\/e2-billion-to-fast-forward-the-creation-of-the-european-innovation-council-2\\\/#primaryimage\"},\"thumbnailUrl\":\"https:\\\/\\\/www.cde.ual.es\\\/wp-content\\\/uploads\\\/2019\\\/03\\\/innovation-561388_1920.jpg\",\"keywords\":[\"European Union\",\"Innovaci\u00f3n\",\"innovation\",\"Investigaci\u00f3n\",\"investigation\",\"Uni\u00f3n Europea\"],\"articleSection\":[\"EU News\"],\"inLanguage\":\"en-US\",\"potentialAction\":[{\"@type\":\"CommentAction\",\"name\":\"Comment\",\"target\":[\"https:\\\/\\\/www.cde.ual.es\\\/en\\\/e2-billion-to-fast-forward-the-creation-of-the-european-innovation-council-2\\\/#respond\"]}]},{\"@type\":\"WebPage\",\"@id\":\"https:\\\/\\\/www.cde.ual.es\\\/en\\\/e2-billion-to-fast-forward-the-creation-of-the-european-innovation-council-2\\\/\",\"url\":\"https:\\\/\\\/www.cde.ual.es\\\/en\\\/e2-billion-to-fast-forward-the-creation-of-the-european-innovation-council-2\\\/\",\"name\":\"\u20ac2 billion to fast forward the creation of the European Innovation Council | CDE Almer\u00eda - Centro de Documentaci\u00f3n Europea - Universidad de Almer\u00eda\",\"isPartOf\":{\"@id\":\"https:\\\/\\\/www.cde.ual.es\\\/#website\"},\"primaryImageOfPage\":{\"@id\":\"https:\\\/\\\/www.cde.ual.es\\\/en\\\/e2-billion-to-fast-forward-the-creation-of-the-european-innovation-council-2\\\/#primaryimage\"},\"image\":{\"@id\":\"https:\\\/\\\/www.cde.ual.es\\\/en\\\/e2-billion-to-fast-forward-the-creation-of-the-european-innovation-council-2\\\/#primaryimage\"},\"thumbnailUrl\":\"https:\\\/\\\/www.cde.ual.es\\\/wp-content\\\/uploads\\\/2019\\\/03\\\/innovation-561388_1920.jpg\",\"datePublished\":\"2019-03-20T07:00:35+00:00\",\"dateModified\":\"2019-03-20T07:49:31+00:00\",\"breadcrumb\":{\"@id\":\"https:\\\/\\\/www.cde.ual.es\\\/en\\\/e2-billion-to-fast-forward-the-creation-of-the-european-innovation-council-2\\\/#breadcrumb\"},\"inLanguage\":\"en-US\",\"potentialAction\":[{\"@type\":\"ReadAction\",\"target\":[\"https:\\\/\\\/www.cde.ual.es\\\/en\\\/e2-billion-to-fast-forward-the-creation-of-the-european-innovation-council-2\\\/\"]}]},{\"@type\":\"ImageObject\",\"inLanguage\":\"en-US\",\"@id\":\"https:\\\/\\\/www.cde.ual.es\\\/en\\\/e2-billion-to-fast-forward-the-creation-of-the-european-innovation-council-2\\\/#primaryimage\",\"url\":\"https:\\\/\\\/www.cde.ual.es\\\/wp-content\\\/uploads\\\/2019\\\/03\\\/innovation-561388_1920.jpg\",\"contentUrl\":\"https:\\\/\\\/www.cde.ual.es\\\/wp-content\\\/uploads\\\/2019\\\/03\\\/innovation-561388_1920.jpg\",\"width\":1920,\"height\":1280},{\"@type\":\"BreadcrumbList\",\"@id\":\"https:\\\/\\\/www.cde.ual.es\\\/en\\\/e2-billion-to-fast-forward-the-creation-of-the-european-innovation-council-2\\\/#breadcrumb\",\"itemListElement\":[{\"@type\":\"ListItem\",\"position\":1,\"name\":\"Inicio\",\"item\":\"https:\\\/\\\/www.cde.ual.es\\\/en\\\/\"},{\"@type\":\"ListItem\",\"position\":2,\"name\":\"EU News\",\"item\":\"https:\\\/\\\/www.cde.ual.es\\\/en\\\/category\\\/eu-news\\\/\"},{\"@type\":\"ListItem\",\"position\":3,\"name\":\"\u20ac2 billion to fast forward the creation of the European Innovation Council\"}]},{\"@type\":\"WebSite\",\"@id\":\"https:\\\/\\\/www.cde.ual.es\\\/#website\",\"url\":\"https:\\\/\\\/www.cde.ual.es\\\/\",\"name\":\"CDE Almer\u00eda - Centro de Documentaci\u00f3n Europea - Universidad de Almer\u00eda\",\"description\":\"Centro de Documentaci\u00f3n Europea de la Universidad de Almer\u00eda\",\"publisher\":{\"@id\":\"https:\\\/\\\/www.cde.ual.es\\\/#organization\"},\"alternateName\":\"CDE Almer\u00eda\",\"potentialAction\":[{\"@type\":\"SearchAction\",\"target\":{\"@type\":\"EntryPoint\",\"urlTemplate\":\"https:\\\/\\\/www.cde.ual.es\\\/?s={search_term_string}\"},\"query-input\":{\"@type\":\"PropertyValueSpecification\",\"valueRequired\":true,\"valueName\":\"search_term_string\"}}],\"inLanguage\":\"en-US\"},{\"@type\":\"Organization\",\"@id\":\"https:\\\/\\\/www.cde.ual.es\\\/#organization\",\"name\":\"Centro de Documentaci\u00f3n Europea de Almer\u00eda\",\"url\":\"https:\\\/\\\/www.cde.ual.es\\\/\",\"logo\":{\"@type\":\"ImageObject\",\"inLanguage\":\"en-US\",\"@id\":\"https:\\\/\\\/www.cde.ual.es\\\/#\\\/schema\\\/logo\\\/image\\\/\",\"url\":\"https:\\\/\\\/www.cde.ual.es\\\/wp-content\\\/uploads\\\/2025\\\/07\\\/cde-logo-3.png\",\"contentUrl\":\"https:\\\/\\\/www.cde.ual.es\\\/wp-content\\\/uploads\\\/2025\\\/07\\\/cde-logo-3.png\",\"width\":1400,\"height\":300,\"caption\":\"Centro de Documentaci\u00f3n Europea de Almer\u00eda\"},\"image\":{\"@id\":\"https:\\\/\\\/www.cde.ual.es\\\/#\\\/schema\\\/logo\\\/image\\\/\"},\"sameAs\":[\"https:\\\/\\\/www.facebook.com\\\/cdeuniversidadalmeria\\\/\",\"https:\\\/\\\/x.com\\\/cdeualmeria\",\"https:\\\/\\\/www.tiktok.com\\\/@cdealmeria\",\"https:\\\/\\\/www.instagram.com\\\/cdealmeria\\\/\",\"https:\\\/\\\/www.linkedin.com\\\/in\\\/cde-almera-812b26a9\\\/\"]},{\"@type\":\"Person\",\"@id\":\"https:\\\/\\\/www.cde.ual.es\\\/#\\\/schema\\\/person\\\/bf2f837cf3353e2161fe1087adbd728f\",\"name\":\"BECACDE1\",\"image\":{\"@type\":\"ImageObject\",\"inLanguage\":\"en-US\",\"@id\":\"https:\\\/\\\/secure.gravatar.com\\\/avatar\\\/16a4c1e422b5dec818ee13eab3353b19db9cfd278cc10f9b0e1188a37671d9d4?s=96&d=mm&r=g\",\"url\":\"https:\\\/\\\/secure.gravatar.com\\\/avatar\\\/16a4c1e422b5dec818ee13eab3353b19db9cfd278cc10f9b0e1188a37671d9d4?s=96&d=mm&r=g\",\"contentUrl\":\"https:\\\/\\\/secure.gravatar.com\\\/avatar\\\/16a4c1e422b5dec818ee13eab3353b19db9cfd278cc10f9b0e1188a37671d9d4?s=96&d=mm&r=g\",\"caption\":\"BECACDE1\"},\"sameAs\":[\"http:\\\/\\\/www.cdealmeria.com\"]}]}<\/script>\n<!-- \/ Yoast SEO plugin. -->","yoast_head_json":{"title":"\u20ac2 billion to fast forward the creation of the European Innovation Council | CDE Almer\u00eda - Centro de Documentaci\u00f3n Europea - Universidad de Almer\u00eda","robots":{"index":"index","follow":"follow","max-snippet":"max-snippet:-1","max-image-preview":"max-image-preview:large","max-video-preview":"max-video-preview:-1"},"canonical":"https:\/\/www.cde.ual.es\/en\/e2-billion-to-fast-forward-the-creation-of-the-european-innovation-council-2\/","og_locale":"en_US","og_type":"article","og_title":"\u20ac2 billion to fast forward the creation of the European Innovation Council | CDE Almer\u00eda - Centro de Documentaci\u00f3n Europea - Universidad de Almer\u00eda","og_description":"Ahead of the 21-22 March European Council discussion on innovation, industry and competitiveness, the Commission takes decisive steps to set up a European Innovation Council. &nbsp; Global competition is intensifying and Europe needs to deepen its innovation and risk-taking capability to compete on a market increasingly defined by new technologies. That is why the Juncker [&hellip;]","og_url":"https:\/\/www.cde.ual.es\/en\/e2-billion-to-fast-forward-the-creation-of-the-european-innovation-council-2\/","og_site_name":"CDE Almer\u00eda - Centro de Documentaci\u00f3n Europea - Universidad de Almer\u00eda","article_publisher":"https:\/\/www.facebook.com\/cdeuniversidadalmeria\/","article_published_time":"2019-03-20T07:00:35+00:00","article_modified_time":"2019-03-20T07:49:31+00:00","og_image":[{"width":1920,"height":1280,"url":"https:\/\/www.cde.ual.es\/wp-content\/uploads\/2019\/03\/innovation-561388_1920.jpg","type":"image\/jpeg"}],"author":"BECACDE1","twitter_card":"summary_large_image","twitter_creator":"@cdeualmeria","twitter_site":"@cdeualmeria","twitter_misc":{"Written by":"BECACDE1","Est. reading time":"2 minutes"},"schema":{"@context":"https:\/\/schema.org","@graph":[{"@type":"Article","@id":"https:\/\/www.cde.ual.es\/en\/e2-billion-to-fast-forward-the-creation-of-the-european-innovation-council-2\/#article","isPartOf":{"@id":"https:\/\/www.cde.ual.es\/en\/e2-billion-to-fast-forward-the-creation-of-the-european-innovation-council-2\/"},"author":{"name":"BECACDE1","@id":"https:\/\/www.cde.ual.es\/#\/schema\/person\/bf2f837cf3353e2161fe1087adbd728f"},"headline":"\u20ac2 billion to fast forward the creation of the European Innovation Council","datePublished":"2019-03-20T07:00:35+00:00","dateModified":"2019-03-20T07:49:31+00:00","mainEntityOfPage":{"@id":"https:\/\/www.cde.ual.es\/en\/e2-billion-to-fast-forward-the-creation-of-the-european-innovation-council-2\/"},"wordCount":330,"commentCount":0,"publisher":{"@id":"https:\/\/www.cde.ual.es\/#organization"},"image":{"@id":"https:\/\/www.cde.ual.es\/en\/e2-billion-to-fast-forward-the-creation-of-the-european-innovation-council-2\/#primaryimage"},"thumbnailUrl":"https:\/\/www.cde.ual.es\/wp-content\/uploads\/2019\/03\/innovation-561388_1920.jpg","keywords":["European Union","Innovaci\u00f3n","innovation","Investigaci\u00f3n","investigation","Uni\u00f3n Europea"],"articleSection":["EU News"],"inLanguage":"en-US","potentialAction":[{"@type":"CommentAction","name":"Comment","target":["https:\/\/www.cde.ual.es\/en\/e2-billion-to-fast-forward-the-creation-of-the-european-innovation-council-2\/#respond"]}]},{"@type":"WebPage","@id":"https:\/\/www.cde.ual.es\/en\/e2-billion-to-fast-forward-the-creation-of-the-european-innovation-council-2\/","url":"https:\/\/www.cde.ual.es\/en\/e2-billion-to-fast-forward-the-creation-of-the-european-innovation-council-2\/","name":"\u20ac2 billion to fast forward the creation of the European Innovation Council | CDE Almer\u00eda - Centro de Documentaci\u00f3n Europea - Universidad de Almer\u00eda","isPartOf":{"@id":"https:\/\/www.cde.ual.es\/#website"},"primaryImageOfPage":{"@id":"https:\/\/www.cde.ual.es\/en\/e2-billion-to-fast-forward-the-creation-of-the-european-innovation-council-2\/#primaryimage"},"image":{"@id":"https:\/\/www.cde.ual.es\/en\/e2-billion-to-fast-forward-the-creation-of-the-european-innovation-council-2\/#primaryimage"},"thumbnailUrl":"https:\/\/www.cde.ual.es\/wp-content\/uploads\/2019\/03\/innovation-561388_1920.jpg","datePublished":"2019-03-20T07:00:35+00:00","dateModified":"2019-03-20T07:49:31+00:00","breadcrumb":{"@id":"https:\/\/www.cde.ual.es\/en\/e2-billion-to-fast-forward-the-creation-of-the-european-innovation-council-2\/#breadcrumb"},"inLanguage":"en-US","potentialAction":[{"@type":"ReadAction","target":["https:\/\/www.cde.ual.es\/en\/e2-billion-to-fast-forward-the-creation-of-the-european-innovation-council-2\/"]}]},{"@type":"ImageObject","inLanguage":"en-US","@id":"https:\/\/www.cde.ual.es\/en\/e2-billion-to-fast-forward-the-creation-of-the-european-innovation-council-2\/#primaryimage","url":"https:\/\/www.cde.ual.es\/wp-content\/uploads\/2019\/03\/innovation-561388_1920.jpg","contentUrl":"https:\/\/www.cde.ual.es\/wp-content\/uploads\/2019\/03\/innovation-561388_1920.jpg","width":1920,"height":1280},{"@type":"BreadcrumbList","@id":"https:\/\/www.cde.ual.es\/en\/e2-billion-to-fast-forward-the-creation-of-the-european-innovation-council-2\/#breadcrumb","itemListElement":[{"@type":"ListItem","position":1,"name":"Inicio","item":"https:\/\/www.cde.ual.es\/en\/"},{"@type":"ListItem","position":2,"name":"EU News","item":"https:\/\/www.cde.ual.es\/en\/category\/eu-news\/"},{"@type":"ListItem","position":3,"name":"\u20ac2 billion to fast forward the creation of the European Innovation Council"}]},{"@type":"WebSite","@id":"https:\/\/www.cde.ual.es\/#website","url":"https:\/\/www.cde.ual.es\/","name":"CDE Almer\u00eda - Centro de Documentaci\u00f3n Europea - Universidad de Almer\u00eda","description":"Centro de Documentaci\u00f3n Europea de la Universidad de Almer\u00eda","publisher":{"@id":"https:\/\/www.cde.ual.es\/#organization"},"alternateName":"CDE Almer\u00eda","potentialAction":[{"@type":"SearchAction","target":{"@type":"EntryPoint","urlTemplate":"https:\/\/www.cde.ual.es\/?s={search_term_string}"},"query-input":{"@type":"PropertyValueSpecification","valueRequired":true,"valueName":"search_term_string"}}],"inLanguage":"en-US"},{"@type":"Organization","@id":"https:\/\/www.cde.ual.es\/#organization","name":"Centro de Documentaci\u00f3n Europea de Almer\u00eda","url":"https:\/\/www.cde.ual.es\/","logo":{"@type":"ImageObject","inLanguage":"en-US","@id":"https:\/\/www.cde.ual.es\/#\/schema\/logo\/image\/","url":"https:\/\/www.cde.ual.es\/wp-content\/uploads\/2025\/07\/cde-logo-3.png","contentUrl":"https:\/\/www.cde.ual.es\/wp-content\/uploads\/2025\/07\/cde-logo-3.png","width":1400,"height":300,"caption":"Centro de Documentaci\u00f3n Europea de Almer\u00eda"},"image":{"@id":"https:\/\/www.cde.ual.es\/#\/schema\/logo\/image\/"},"sameAs":["https:\/\/www.facebook.com\/cdeuniversidadalmeria\/","https:\/\/x.com\/cdeualmeria","https:\/\/www.tiktok.com\/@cdealmeria","https:\/\/www.instagram.com\/cdealmeria\/","https:\/\/www.linkedin.com\/in\/cde-almera-812b26a9\/"]},{"@type":"Person","@id":"https:\/\/www.cde.ual.es\/#\/schema\/person\/bf2f837cf3353e2161fe1087adbd728f","name":"BECACDE1","image":{"@type":"ImageObject","inLanguage":"en-US","@id":"https:\/\/secure.gravatar.com\/avatar\/16a4c1e422b5dec818ee13eab3353b19db9cfd278cc10f9b0e1188a37671d9d4?s=96&d=mm&r=g","url":"https:\/\/secure.gravatar.com\/avatar\/16a4c1e422b5dec818ee13eab3353b19db9cfd278cc10f9b0e1188a37671d9d4?s=96&d=mm&r=g","contentUrl":"https:\/\/secure.gravatar.com\/avatar\/16a4c1e422b5dec818ee13eab3353b19db9cfd278cc10f9b0e1188a37671d9d4?s=96&d=mm&r=g","caption":"BECACDE1"},"sameAs":["http:\/\/www.cdealmeria.com"]}]}},"_links":{"self":[{"href":"https:\/\/www.cde.ual.es\/en\/wp-json\/wp\/v2\/posts\/14861","targetHints":{"allow":["GET"]}}],"collection":[{"href":"https:\/\/www.cde.ual.es\/en\/wp-json\/wp\/v2\/posts"}],"about":[{"href":"https:\/\/www.cde.ual.es\/en\/wp-json\/wp\/v2\/types\/post"}],"author":[{"embeddable":true,"href":"https:\/\/www.cde.ual.es\/en\/wp-json\/wp\/v2\/users\/101012"}],"replies":[{"embeddable":true,"href":"https:\/\/www.cde.ual.es\/en\/wp-json\/wp\/v2\/comments?post=14861"}],"version-history":[{"count":0,"href":"https:\/\/www.cde.ual.es\/en\/wp-json\/wp\/v2\/posts\/14861\/revisions"}],"wp:featuredmedia":[{"embeddable":true,"href":"https:\/\/www.cde.ual.es\/en\/wp-json\/wp\/v2\/media\/14859"}],"wp:attachment":[{"href":"https:\/\/www.cde.ual.es\/en\/wp-json\/wp\/v2\/media?parent=14861"}],"wp:term":[{"taxonomy":"category","embeddable":true,"href":"https:\/\/www.cde.ual.es\/en\/wp-json\/wp\/v2\/categories?post=14861"},{"taxonomy":"post_tag","embeddable":true,"href":"https:\/\/www.cde.ual.es\/en\/wp-json\/wp\/v2\/tags?post=14861"}],"curies":[{"name":"wp","href":"https:\/\/api.w.org\/{rel}","templated":true}]}}