{"id":148243,"date":"2023-12-19T10:47:33","date_gmt":"2023-12-19T09:47:33","guid":{"rendered":"https:\/\/www.cde.ual.es\/?p=148243"},"modified":"2023-12-19T10:47:33","modified_gmt":"2023-12-19T09:47:33","slug":"eu-council-reaches-agreement-on-new-rules-on-packaging-and-packaging-waste","status":"publish","type":"post","link":"https:\/\/www.cde.ual.es\/en\/eu-council-reaches-agreement-on-new-rules-on-packaging-and-packaging-waste\/","title":{"rendered":"EU Council reaches agreement on new rules on packaging and packaging waste"},"content":{"rendered":"<p style=\"text-align: justify;\"><strong>The Council has reached an agreement (&#8216;general approach&#8217;) on a proposal for a regulation on packaging and packaging waste. The aim is to tackle the increase in packaging waste generated in the EU, while harmonising the internal market for packaging and boosting the circular economy.<\/strong><\/p>\n<p style=\"text-align: justify;\"><a href=\"https:\/\/www.cde.ual.es\/wp-content\/uploads\/2023\/12\/pexels-mali-maeder-802221-scaled.jpg\"><img decoding=\"async\" class=\" wp-image-148237 aligncenter\" src=\"https:\/\/www.cde.ual.es\/wp-content\/uploads\/2023\/12\/pexels-mali-maeder-802221-scaled.jpg\" alt=\"\" width=\"535\" height=\"356\" srcset=\"https:\/\/www.cde.ual.es\/wp-content\/uploads\/2023\/12\/pexels-mali-maeder-802221-scaled.jpg 2560w, https:\/\/www.cde.ual.es\/wp-content\/uploads\/2023\/12\/pexels-mali-maeder-802221-300x200.jpg 300w, https:\/\/www.cde.ual.es\/wp-content\/uploads\/2023\/12\/pexels-mali-maeder-802221-1024x681.jpg 1024w, https:\/\/www.cde.ual.es\/wp-content\/uploads\/2023\/12\/pexels-mali-maeder-802221-768x511.jpg 768w, https:\/\/www.cde.ual.es\/wp-content\/uploads\/2023\/12\/pexels-mali-maeder-802221-1536x1022.jpg 1536w, https:\/\/www.cde.ual.es\/wp-content\/uploads\/2023\/12\/pexels-mali-maeder-802221-2048x1362.jpg 2048w\" sizes=\"(max-width: 535px) 100vw, 535px\" \/><\/a><\/p>\n<p style=\"text-align: justify;\">The proposal considers the full life cycle of packaging. It establishes requirements to ensure that packaging is safe and sustainable, by requiring that all packaging is recyclable and that the presence of substances of concern is minimised. It also sets labelling requirements to improve consumer information. In line with the waste hierarchy, the proposal aims to minimise the generation of packaging waste by setting binding re-use targets, restricting certain types of single-use packaging and requiring economic operators to minimise the packaging used.<\/p>\n<p style=\"text-align: justify;\">Once the packaging becomes waste, the proposal aims to ensure that packaging is collected, sorted and recycled to the highest possible standard. To this end, it sets criteria for the extended producer responsibility schemes, and lays down provisions on waste management, while ensuring that member states have sufficient flexibility to maintain existing well-functioning systems.<\/p>\n<p style=\"text-align: justify;\">The general approach will serve as a mandate for negotiations with the European Parliament on the final shape of the legislation.<\/p>\n<h6 style=\"text-align: justify;\"><span style=\"font-size: 14pt;\">Main changes agreed by the Council<\/span><\/h6>\n<p style=\"text-align: justify;\">The Council\u2019s text strikes a balance between keeping the proposal&#8217;s ambition to reduce and prevent the generation of packaging waste, and allowing member states sufficient flexibility in the implementation of the regulation.<\/p>\n<p style=\"text-align: justify;\"><strong>Scope of the regulation<\/strong><\/p>\n<p style=\"text-align: justify;\">The Council maintained the scope of the Commission\u2019s proposal, covering\u00a0<strong>all packaging<\/strong>, regardless of the material used, and\u00a0<strong>all packaging waste<\/strong>, regardless of its origin (including industry, manufacturing, retail, households).<\/p>\n<p style=\"text-align: justify;\"><strong>Sustainability requirements and recyclable packaging<\/strong><\/p>\n<p style=\"text-align: justify;\">The text of the general approach maintains most of the sustainability requirements for all packaging placed on the market and headline targets proposed by the Commission.<\/p>\n<p style=\"text-align: justify;\">It strengthens the requirements for substances in packaging by calling on the Commission, assisted by the European Chemicals Agency, to prepare a report by 2026 on the presence of substances of concern in packaging, to determine whether they negatively affect the re-use or recycling of materials or have an impact on chemical safety.<\/p>\n<p style=\"text-align: justify;\">The Council amended the proposal on\u00a0<strong>recyclable packaging<\/strong>. While maintaining that all packaging placed on the market must be recyclable as proposed by the Commission, member states agreed that packaging will be considered recyclable when designed for material recycling, and when the waste packaging can be separately collected, sorted and recycled at scale (the latter condition will apply from 2035).<\/p>\n<p style=\"text-align: justify;\">The general approach maintains the headline 2030 and 2040 targets for\u00a0<strong>minimum recycled content in plastic packaging<\/strong>. By 2034, the Commission will have to review the implementation of the 2030 targets and assess the feasibility of the 2040 targets.<\/p>\n<p style=\"text-align: justify;\">The Council also agreed that tea bags and sticky labels on fruit and vegetables must be\u00a0<strong>compostable<\/strong>, introducing the option for member states to require other packaging (e.g. coffee pods and lightweight plastic carrier bags) to be compostable under specific conditions.<\/p>\n<p style=\"text-align: justify;\">The new rules would reduce\u00a0<strong>unnecessary packaging<\/strong>\u00a0by requiring manufacturers and importers to ensure that the weight and volume of packaging are minimised, except for protected packaging designs.<\/p>\n<p style=\"text-align: justify;\"><strong>Packaging waste reduction targets<\/strong><\/p>\n<p style=\"text-align: justify;\">In line with the Commission\u2019s proposal, the general approach sets overall headline\u00a0<strong>targets for reducing packaging waste<\/strong>, based on 2018 quantities: 5% by 2030, 10% by 2035, and 15% by 2040. These targets will be subject to a review by the Commission eight years after the entry into force of the regulation.<\/p>\n<p style=\"text-align: justify;\">The Council introduced the possibility for member states to set out packaging waste prevention measures exceeding the abovementioned minimum targets.<\/p>\n<p style=\"text-align: justify;\"><strong>Reusable packaging and re-use targets<\/strong><\/p>\n<p style=\"text-align: justify;\">The Council maintained the Commission\u2019s criteria to define reusable packaging, introducing a minimum number of trips or rotations in its use, with a lower minimum number of rotations for cardboard due to the different characteristics of this material.<\/p>\n<p style=\"text-align: justify;\">The text sets new\u00a0<strong>re-use and re-fill targets<\/strong>\u00a0for 2030 and 2040. Different targets apply to large household appliances, take-away packages for food and beverages, alcoholic and non-alcoholic beverages (excluding wine), transport packaging (excluding packaging used for dangerous goods or large-scale equipment and flexible packaging in direct contact with food) and grouped packaging. Cardboard packaging is also exempted from these requirements. A new possibility has been introduced for economic operators to form pools to meet the re-use targets on beverages.<\/p>\n<p style=\"text-align: justify;\">The Council required the Commission to review the 2030 targets and, on that basis, assess the targets for 2040 and the exemptions laid out in the provision.<\/p>\n<table style=\"width: 99.9988%; border-collapse: collapse; border-style: double; border-color: #001f7d;\" cellpadding=\"0,5\">\n<tbody>\n<tr>\n<td style=\"width: 100%;\"><a href=\"https:\/\/www.cde.ual.es\/el-parlamento-europeo-apoya-las-normas-revisadas-para-reducir-reutilizar-y-reciclar-envases\/\" target=\"_blank\" rel=\"noopener\"><img decoding=\"async\" class=\"alignleft\" src=\"https:\/\/www.cde.ual.es\/wp-content\/uploads\/2023\/11\/pexels-magda-ehlers-2547565-scaled.jpg\" alt=\"\" width=\"201\" height=\"134\" \/><\/a><\/p>\n<h4 class=\"entry-title\"><a href=\"https:\/\/www.cde.ual.es\/en\/european-parliament-revamped-rules-to-reduce-reuse-and-recycle-packaging\/\" target=\"_blank\" rel=\"noopener\">European Parliament revamped rules to reduce, reuse and recycle packaging<\/a><\/h4>\n<\/td>\n<\/tr>\n<\/tbody>\n<\/table>\n<p style=\"text-align: justify;\"><strong>Deposit return schemes (DRS)<\/strong><\/p>\n<p style=\"text-align: justify;\">Under the new rules, by 2029, member states must ensure the separate collection of at least\u00a0<strong>90%<\/strong>\u00a0annually of single-use plastic bottles and metal beverage containers. To achieve this target, they are required to set up\u00a0<strong>deposit return systems<\/strong>\u00a0(DRS) for those packaging formats. The minimum requirements for DRS will not apply to systems already in place before the entry into force of the regulation, if the systems in question achieve the 90% target by 2029.<\/p>\n<p style=\"text-align: justify;\">The Council added an exemption from the requirement to introduce a DRS for member states with a rate of separate collection above 78% reached in 2026.<\/p>\n<p style=\"text-align: justify;\"><strong>Restrictions on certain packaging formats<\/strong><\/p>\n<p style=\"text-align: justify;\">The new rules introduce restrictions on certain packaging formats, including\u00a0<strong>single-use plastic packaging<\/strong>\u00a0for fruit and vegetables, for food and beverages, condiments, sauces within the HORECA sector, and for small cosmetic and toiletry products used in the accommodation sector (e.g., shampoo or body lotion bottles).<\/p>\n<p style=\"text-align: justify;\">The Council introduced the possibility for member states to set out exemptions under certain circumstances, including for organic fruit and vegetables.<\/p>\n<h3 style=\"text-align: justify;\">Other provisions<\/h3>\n<p style=\"text-align: justify;\">Other amendments agreed by the Council include further clarifications on the\u00a0<strong>labelling<\/strong>\u00a0of packaging, ensuring that consumers are well informed about the material composition of packaging and its proper disposal when it become waste. The Council also introduced some flexibility to take into account the labelling systems already existing in some member states.<\/p>\n<p style=\"text-align: justify;\">Moreover, the Council maintained most of the obligations for operators, manufacturers, importers and distributors as set out by the Commission\u2019s proposal. It strengthened the obligations for logistical service providers to ensure producers using such services do not avoid their extended producer responsibility (EPR) obligations.<\/p>\n<p style=\"text-align: justify;\">The Council extended the date of application of the regulation to\u00a0<strong>18 months<\/strong>\u00a0after its entry into force<\/p>\n<h6 style=\"text-align: justify;\"><span style=\"font-size: 14pt;\">Next steps<\/span><\/h6>\n<p style=\"text-align: justify;\">The general approach will serve as the Council\u2019s mandate for negotiations with the European Parliament on the final shape of the legislation. The outcome of the negotiations will have to be formally adopted by the Council and the Parliament.<\/p>\n<p style=\"text-align: justify;\"><strong>More information: <\/strong><a href=\"https:\/\/www.consilium.europa.eu\/es\/press\/press-releases\/2023\/12\/18\/packaging-and-packaging-waste-council-adopts-its-negotiating-position-on-new-rules-for-more-sustainable-packaging-in-the-eu\/\" target=\"_blank\" rel=\"noopener\">Council of the European Union<\/a><\/p>\n","protected":false},"excerpt":{"rendered":"<p>The Council has reached an agreement (&#8216;general approach&#8217;) on a proposal for a regulation on packaging and packaging waste. The aim is to tackle the increase in packaging waste generated in the EU, while harmonising the internal market for packaging and boosting the circular economy. The proposal considers the full life cycle of packaging. It [&hellip;]<\/p>\n","protected":false},"author":101011,"featured_media":148238,"comment_status":"open","ping_status":"open","sticky":false,"template":"","format":"standard","meta":{"_acf_changed":false,"_relevanssi_hide_post":"","_relevanssi_hide_content":"","_relevanssi_pin_for_all":"","_relevanssi_pin_keywords":"","_relevanssi_unpin_keywords":"","_relevanssi_related_keywords":"","_relevanssi_related_include_ids":"","_relevanssi_related_exclude_ids":"","_relevanssi_related_no_append":"","_relevanssi_related_not_related":"","_relevanssi_related_posts":"","_relevanssi_noindex_reason":"","_monsterinsights_skip_tracking":false,"_monsterinsights_sitenote_active":false,"_monsterinsights_sitenote_note":"","_monsterinsights_sitenote_category":0,"_genesis_hide_title":false,"_genesis_hide_breadcrumbs":false,"_genesis_hide_singular_image":false,"_genesis_hide_footer_widgets":false,"_genesis_custom_body_class":"","_genesis_custom_post_class":"","_genesis_layout":"","footnotes":""},"categories":[4085,346],"tags":[1331,779,8896,7848,11202,11203],"class_list":{"0":"post-148243","1":"post","2":"type-post","3":"status-publish","4":"format-standard","5":"has-post-thumbnail","7":"category-environment","8":"category-eu-news","9":"tag-council","10":"tag-eu-en","11":"tag-new-rules","12":"tag-packaging","13":"tag-packaging-waste","14":"tag-sustainable-packaging","15":"entry"},"acf":[],"yoast_head":"<!-- This site is optimized with the Yoast SEO plugin v27.4 - https:\/\/yoast.com\/product\/yoast-seo-wordpress\/ -->\n<title>EU Council reaches agreement on new rules on packaging and packaging waste | CDE Almer\u00eda - Centro de Documentaci\u00f3n Europea - Universidad de Almer\u00eda<\/title>\n<meta name=\"robots\" content=\"index, follow, max-snippet:-1, max-image-preview:large, max-video-preview:-1\" \/>\n<link rel=\"canonical\" href=\"https:\/\/www.cde.ual.es\/en\/eu-council-reaches-agreement-on-new-rules-on-packaging-and-packaging-waste\/\" \/>\n<meta property=\"og:locale\" content=\"en_US\" \/>\n<meta property=\"og:type\" content=\"article\" \/>\n<meta property=\"og:title\" content=\"EU Council reaches agreement on new rules on packaging and packaging waste | CDE Almer\u00eda - Centro de Documentaci\u00f3n Europea - Universidad de Almer\u00eda\" \/>\n<meta property=\"og:description\" content=\"The Council has reached an agreement (&#8216;general approach&#8217;) on a proposal for a regulation on packaging and packaging waste. The aim is to tackle the increase in packaging waste generated in the EU, while harmonising the internal market for packaging and boosting the circular economy. The proposal considers the full life cycle of packaging. It [&hellip;]\" \/>\n<meta property=\"og:url\" content=\"https:\/\/www.cde.ual.es\/en\/eu-council-reaches-agreement-on-new-rules-on-packaging-and-packaging-waste\/\" \/>\n<meta property=\"og:site_name\" content=\"CDE Almer\u00eda - Centro de Documentaci\u00f3n Europea - Universidad de Almer\u00eda\" \/>\n<meta property=\"article:publisher\" content=\"https:\/\/www.facebook.com\/cdeuniversidadalmeria\/\" \/>\n<meta property=\"article:published_time\" content=\"2023-12-19T09:47:33+00:00\" \/>\n<meta property=\"og:image\" content=\"https:\/\/www.cde.ual.es\/wp-content\/uploads\/2023\/12\/pexels-mali-maeder-802221-scaled.jpg\" \/>\n\t<meta property=\"og:image:width\" content=\"2560\" \/>\n\t<meta property=\"og:image:height\" content=\"1703\" \/>\n\t<meta property=\"og:image:type\" content=\"image\/jpeg\" \/>\n<meta name=\"author\" content=\"BECA 2 CDE\" \/>\n<meta name=\"twitter:card\" content=\"summary_large_image\" \/>\n<meta name=\"twitter:creator\" content=\"@cdeualmeria\" \/>\n<meta name=\"twitter:site\" content=\"@cdeualmeria\" \/>\n<meta name=\"twitter:label1\" content=\"Written by\" \/>\n\t<meta name=\"twitter:data1\" content=\"BECA 2 CDE\" \/>\n\t<meta name=\"twitter:label2\" content=\"Est. reading time\" \/>\n\t<meta name=\"twitter:data2\" content=\"6 minutes\" \/>\n<script type=\"application\/ld+json\" class=\"yoast-schema-graph\">{\"@context\":\"https:\\\/\\\/schema.org\",\"@graph\":[{\"@type\":\"Article\",\"@id\":\"https:\\\/\\\/www.cde.ual.es\\\/en\\\/eu-council-reaches-agreement-on-new-rules-on-packaging-and-packaging-waste\\\/#article\",\"isPartOf\":{\"@id\":\"https:\\\/\\\/www.cde.ual.es\\\/en\\\/eu-council-reaches-agreement-on-new-rules-on-packaging-and-packaging-waste\\\/\"},\"author\":{\"name\":\"BECA 2 CDE\",\"@id\":\"https:\\\/\\\/www.cde.ual.es\\\/#\\\/schema\\\/person\\\/ee46ebc19edfa19598c02cff83335acc\"},\"headline\":\"EU Council reaches agreement on new rules on packaging and packaging waste\",\"datePublished\":\"2023-12-19T09:47:33+00:00\",\"mainEntityOfPage\":{\"@id\":\"https:\\\/\\\/www.cde.ual.es\\\/en\\\/eu-council-reaches-agreement-on-new-rules-on-packaging-and-packaging-waste\\\/\"},\"wordCount\":1100,\"commentCount\":0,\"publisher\":{\"@id\":\"https:\\\/\\\/www.cde.ual.es\\\/#organization\"},\"image\":{\"@id\":\"https:\\\/\\\/www.cde.ual.es\\\/en\\\/eu-council-reaches-agreement-on-new-rules-on-packaging-and-packaging-waste\\\/#primaryimage\"},\"thumbnailUrl\":\"https:\\\/\\\/www.cde.ual.es\\\/wp-content\\\/uploads\\\/2023\\\/12\\\/pexels-mali-maeder-802221-scaled.jpg\",\"keywords\":[\"Council\",\"EU\",\"new rules\",\"packaging\",\"packaging waste\",\"sustainable packaging\"],\"articleSection\":[\"Environmental Affairs\",\"EU News\"],\"inLanguage\":\"en-US\",\"potentialAction\":[{\"@type\":\"CommentAction\",\"name\":\"Comment\",\"target\":[\"https:\\\/\\\/www.cde.ual.es\\\/en\\\/eu-council-reaches-agreement-on-new-rules-on-packaging-and-packaging-waste\\\/#respond\"]}]},{\"@type\":\"WebPage\",\"@id\":\"https:\\\/\\\/www.cde.ual.es\\\/en\\\/eu-council-reaches-agreement-on-new-rules-on-packaging-and-packaging-waste\\\/\",\"url\":\"https:\\\/\\\/www.cde.ual.es\\\/en\\\/eu-council-reaches-agreement-on-new-rules-on-packaging-and-packaging-waste\\\/\",\"name\":\"EU Council reaches agreement on new rules on packaging and packaging waste | CDE Almer\u00eda - Centro de Documentaci\u00f3n Europea - Universidad de Almer\u00eda\",\"isPartOf\":{\"@id\":\"https:\\\/\\\/www.cde.ual.es\\\/#website\"},\"primaryImageOfPage\":{\"@id\":\"https:\\\/\\\/www.cde.ual.es\\\/en\\\/eu-council-reaches-agreement-on-new-rules-on-packaging-and-packaging-waste\\\/#primaryimage\"},\"image\":{\"@id\":\"https:\\\/\\\/www.cde.ual.es\\\/en\\\/eu-council-reaches-agreement-on-new-rules-on-packaging-and-packaging-waste\\\/#primaryimage\"},\"thumbnailUrl\":\"https:\\\/\\\/www.cde.ual.es\\\/wp-content\\\/uploads\\\/2023\\\/12\\\/pexels-mali-maeder-802221-scaled.jpg\",\"datePublished\":\"2023-12-19T09:47:33+00:00\",\"breadcrumb\":{\"@id\":\"https:\\\/\\\/www.cde.ual.es\\\/en\\\/eu-council-reaches-agreement-on-new-rules-on-packaging-and-packaging-waste\\\/#breadcrumb\"},\"inLanguage\":\"en-US\",\"potentialAction\":[{\"@type\":\"ReadAction\",\"target\":[\"https:\\\/\\\/www.cde.ual.es\\\/en\\\/eu-council-reaches-agreement-on-new-rules-on-packaging-and-packaging-waste\\\/\"]}]},{\"@type\":\"ImageObject\",\"inLanguage\":\"en-US\",\"@id\":\"https:\\\/\\\/www.cde.ual.es\\\/en\\\/eu-council-reaches-agreement-on-new-rules-on-packaging-and-packaging-waste\\\/#primaryimage\",\"url\":\"https:\\\/\\\/www.cde.ual.es\\\/wp-content\\\/uploads\\\/2023\\\/12\\\/pexels-mali-maeder-802221-scaled.jpg\",\"contentUrl\":\"https:\\\/\\\/www.cde.ual.es\\\/wp-content\\\/uploads\\\/2023\\\/12\\\/pexels-mali-maeder-802221-scaled.jpg\",\"width\":2560,\"height\":1703},{\"@type\":\"BreadcrumbList\",\"@id\":\"https:\\\/\\\/www.cde.ual.es\\\/en\\\/eu-council-reaches-agreement-on-new-rules-on-packaging-and-packaging-waste\\\/#breadcrumb\",\"itemListElement\":[{\"@type\":\"ListItem\",\"position\":1,\"name\":\"Inicio\",\"item\":\"https:\\\/\\\/www.cde.ual.es\\\/en\\\/\"},{\"@type\":\"ListItem\",\"position\":2,\"name\":\"EU News\",\"item\":\"https:\\\/\\\/www.cde.ual.es\\\/en\\\/category\\\/eu-news\\\/\"},{\"@type\":\"ListItem\",\"position\":3,\"name\":\"Environmental Affairs\",\"item\":\"https:\\\/\\\/www.cde.ual.es\\\/en\\\/category\\\/eu-news\\\/environment\\\/\"},{\"@type\":\"ListItem\",\"position\":4,\"name\":\"EU Council reaches agreement on new rules on packaging and packaging waste\"}]},{\"@type\":\"WebSite\",\"@id\":\"https:\\\/\\\/www.cde.ual.es\\\/#website\",\"url\":\"https:\\\/\\\/www.cde.ual.es\\\/\",\"name\":\"CDE Almer\u00eda - Centro de Documentaci\u00f3n Europea - Universidad de Almer\u00eda\",\"description\":\"Centro de Documentaci\u00f3n Europea de la Universidad de Almer\u00eda\",\"publisher\":{\"@id\":\"https:\\\/\\\/www.cde.ual.es\\\/#organization\"},\"alternateName\":\"CDE Almer\u00eda\",\"potentialAction\":[{\"@type\":\"SearchAction\",\"target\":{\"@type\":\"EntryPoint\",\"urlTemplate\":\"https:\\\/\\\/www.cde.ual.es\\\/?s={search_term_string}\"},\"query-input\":{\"@type\":\"PropertyValueSpecification\",\"valueRequired\":true,\"valueName\":\"search_term_string\"}}],\"inLanguage\":\"en-US\"},{\"@type\":\"Organization\",\"@id\":\"https:\\\/\\\/www.cde.ual.es\\\/#organization\",\"name\":\"Centro de Documentaci\u00f3n Europea de Almer\u00eda\",\"url\":\"https:\\\/\\\/www.cde.ual.es\\\/\",\"logo\":{\"@type\":\"ImageObject\",\"inLanguage\":\"en-US\",\"@id\":\"https:\\\/\\\/www.cde.ual.es\\\/#\\\/schema\\\/logo\\\/image\\\/\",\"url\":\"https:\\\/\\\/www.cde.ual.es\\\/wp-content\\\/uploads\\\/2025\\\/07\\\/cde-logo-3.png\",\"contentUrl\":\"https:\\\/\\\/www.cde.ual.es\\\/wp-content\\\/uploads\\\/2025\\\/07\\\/cde-logo-3.png\",\"width\":1400,\"height\":300,\"caption\":\"Centro de Documentaci\u00f3n Europea de Almer\u00eda\"},\"image\":{\"@id\":\"https:\\\/\\\/www.cde.ual.es\\\/#\\\/schema\\\/logo\\\/image\\\/\"},\"sameAs\":[\"https:\\\/\\\/www.facebook.com\\\/cdeuniversidadalmeria\\\/\",\"https:\\\/\\\/x.com\\\/cdeualmeria\",\"https:\\\/\\\/www.tiktok.com\\\/@cdealmeria\",\"https:\\\/\\\/www.instagram.com\\\/cdealmeria\\\/\",\"https:\\\/\\\/www.linkedin.com\\\/in\\\/cde-almera-812b26a9\\\/\"]},{\"@type\":\"Person\",\"@id\":\"https:\\\/\\\/www.cde.ual.es\\\/#\\\/schema\\\/person\\\/ee46ebc19edfa19598c02cff83335acc\",\"name\":\"BECA 2 CDE\",\"image\":{\"@type\":\"ImageObject\",\"inLanguage\":\"en-US\",\"@id\":\"https:\\\/\\\/secure.gravatar.com\\\/avatar\\\/35a481bbc04bbd90e91bdfa3b0b5541036c222a49b9ad37b6889a2afcb5311a5?s=96&d=mm&r=g\",\"url\":\"https:\\\/\\\/secure.gravatar.com\\\/avatar\\\/35a481bbc04bbd90e91bdfa3b0b5541036c222a49b9ad37b6889a2afcb5311a5?s=96&d=mm&r=g\",\"contentUrl\":\"https:\\\/\\\/secure.gravatar.com\\\/avatar\\\/35a481bbc04bbd90e91bdfa3b0b5541036c222a49b9ad37b6889a2afcb5311a5?s=96&d=mm&r=g\",\"caption\":\"BECA 2 CDE\"},\"sameAs\":[\"http:\\\/\\\/www.cdealmeria.com\"]}]}<\/script>\n<!-- \/ Yoast SEO plugin. -->","yoast_head_json":{"title":"EU Council reaches agreement on new rules on packaging and packaging waste | CDE Almer\u00eda - Centro de Documentaci\u00f3n Europea - Universidad de Almer\u00eda","robots":{"index":"index","follow":"follow","max-snippet":"max-snippet:-1","max-image-preview":"max-image-preview:large","max-video-preview":"max-video-preview:-1"},"canonical":"https:\/\/www.cde.ual.es\/en\/eu-council-reaches-agreement-on-new-rules-on-packaging-and-packaging-waste\/","og_locale":"en_US","og_type":"article","og_title":"EU Council reaches agreement on new rules on packaging and packaging waste | CDE Almer\u00eda - Centro de Documentaci\u00f3n Europea - Universidad de Almer\u00eda","og_description":"The Council has reached an agreement (&#8216;general approach&#8217;) on a proposal for a regulation on packaging and packaging waste. The aim is to tackle the increase in packaging waste generated in the EU, while harmonising the internal market for packaging and boosting the circular economy. The proposal considers the full life cycle of packaging. It [&hellip;]","og_url":"https:\/\/www.cde.ual.es\/en\/eu-council-reaches-agreement-on-new-rules-on-packaging-and-packaging-waste\/","og_site_name":"CDE Almer\u00eda - Centro de Documentaci\u00f3n Europea - Universidad de Almer\u00eda","article_publisher":"https:\/\/www.facebook.com\/cdeuniversidadalmeria\/","article_published_time":"2023-12-19T09:47:33+00:00","og_image":[{"width":2560,"height":1703,"url":"https:\/\/www.cde.ual.es\/wp-content\/uploads\/2023\/12\/pexels-mali-maeder-802221-scaled.jpg","type":"image\/jpeg"}],"author":"BECA 2 CDE","twitter_card":"summary_large_image","twitter_creator":"@cdeualmeria","twitter_site":"@cdeualmeria","twitter_misc":{"Written by":"BECA 2 CDE","Est. reading time":"6 minutes"},"schema":{"@context":"https:\/\/schema.org","@graph":[{"@type":"Article","@id":"https:\/\/www.cde.ual.es\/en\/eu-council-reaches-agreement-on-new-rules-on-packaging-and-packaging-waste\/#article","isPartOf":{"@id":"https:\/\/www.cde.ual.es\/en\/eu-council-reaches-agreement-on-new-rules-on-packaging-and-packaging-waste\/"},"author":{"name":"BECA 2 CDE","@id":"https:\/\/www.cde.ual.es\/#\/schema\/person\/ee46ebc19edfa19598c02cff83335acc"},"headline":"EU Council reaches agreement on new rules on packaging and packaging waste","datePublished":"2023-12-19T09:47:33+00:00","mainEntityOfPage":{"@id":"https:\/\/www.cde.ual.es\/en\/eu-council-reaches-agreement-on-new-rules-on-packaging-and-packaging-waste\/"},"wordCount":1100,"commentCount":0,"publisher":{"@id":"https:\/\/www.cde.ual.es\/#organization"},"image":{"@id":"https:\/\/www.cde.ual.es\/en\/eu-council-reaches-agreement-on-new-rules-on-packaging-and-packaging-waste\/#primaryimage"},"thumbnailUrl":"https:\/\/www.cde.ual.es\/wp-content\/uploads\/2023\/12\/pexels-mali-maeder-802221-scaled.jpg","keywords":["Council","EU","new rules","packaging","packaging waste","sustainable packaging"],"articleSection":["Environmental Affairs","EU News"],"inLanguage":"en-US","potentialAction":[{"@type":"CommentAction","name":"Comment","target":["https:\/\/www.cde.ual.es\/en\/eu-council-reaches-agreement-on-new-rules-on-packaging-and-packaging-waste\/#respond"]}]},{"@type":"WebPage","@id":"https:\/\/www.cde.ual.es\/en\/eu-council-reaches-agreement-on-new-rules-on-packaging-and-packaging-waste\/","url":"https:\/\/www.cde.ual.es\/en\/eu-council-reaches-agreement-on-new-rules-on-packaging-and-packaging-waste\/","name":"EU Council reaches agreement on new rules on packaging and packaging waste | CDE Almer\u00eda - Centro de Documentaci\u00f3n Europea - Universidad de Almer\u00eda","isPartOf":{"@id":"https:\/\/www.cde.ual.es\/#website"},"primaryImageOfPage":{"@id":"https:\/\/www.cde.ual.es\/en\/eu-council-reaches-agreement-on-new-rules-on-packaging-and-packaging-waste\/#primaryimage"},"image":{"@id":"https:\/\/www.cde.ual.es\/en\/eu-council-reaches-agreement-on-new-rules-on-packaging-and-packaging-waste\/#primaryimage"},"thumbnailUrl":"https:\/\/www.cde.ual.es\/wp-content\/uploads\/2023\/12\/pexels-mali-maeder-802221-scaled.jpg","datePublished":"2023-12-19T09:47:33+00:00","breadcrumb":{"@id":"https:\/\/www.cde.ual.es\/en\/eu-council-reaches-agreement-on-new-rules-on-packaging-and-packaging-waste\/#breadcrumb"},"inLanguage":"en-US","potentialAction":[{"@type":"ReadAction","target":["https:\/\/www.cde.ual.es\/en\/eu-council-reaches-agreement-on-new-rules-on-packaging-and-packaging-waste\/"]}]},{"@type":"ImageObject","inLanguage":"en-US","@id":"https:\/\/www.cde.ual.es\/en\/eu-council-reaches-agreement-on-new-rules-on-packaging-and-packaging-waste\/#primaryimage","url":"https:\/\/www.cde.ual.es\/wp-content\/uploads\/2023\/12\/pexels-mali-maeder-802221-scaled.jpg","contentUrl":"https:\/\/www.cde.ual.es\/wp-content\/uploads\/2023\/12\/pexels-mali-maeder-802221-scaled.jpg","width":2560,"height":1703},{"@type":"BreadcrumbList","@id":"https:\/\/www.cde.ual.es\/en\/eu-council-reaches-agreement-on-new-rules-on-packaging-and-packaging-waste\/#breadcrumb","itemListElement":[{"@type":"ListItem","position":1,"name":"Inicio","item":"https:\/\/www.cde.ual.es\/en\/"},{"@type":"ListItem","position":2,"name":"EU News","item":"https:\/\/www.cde.ual.es\/en\/category\/eu-news\/"},{"@type":"ListItem","position":3,"name":"Environmental Affairs","item":"https:\/\/www.cde.ual.es\/en\/category\/eu-news\/environment\/"},{"@type":"ListItem","position":4,"name":"EU Council reaches agreement on new rules on packaging and packaging waste"}]},{"@type":"WebSite","@id":"https:\/\/www.cde.ual.es\/#website","url":"https:\/\/www.cde.ual.es\/","name":"CDE Almer\u00eda - Centro de Documentaci\u00f3n Europea - Universidad de Almer\u00eda","description":"Centro de Documentaci\u00f3n Europea de la Universidad de Almer\u00eda","publisher":{"@id":"https:\/\/www.cde.ual.es\/#organization"},"alternateName":"CDE Almer\u00eda","potentialAction":[{"@type":"SearchAction","target":{"@type":"EntryPoint","urlTemplate":"https:\/\/www.cde.ual.es\/?s={search_term_string}"},"query-input":{"@type":"PropertyValueSpecification","valueRequired":true,"valueName":"search_term_string"}}],"inLanguage":"en-US"},{"@type":"Organization","@id":"https:\/\/www.cde.ual.es\/#organization","name":"Centro de Documentaci\u00f3n Europea de Almer\u00eda","url":"https:\/\/www.cde.ual.es\/","logo":{"@type":"ImageObject","inLanguage":"en-US","@id":"https:\/\/www.cde.ual.es\/#\/schema\/logo\/image\/","url":"https:\/\/www.cde.ual.es\/wp-content\/uploads\/2025\/07\/cde-logo-3.png","contentUrl":"https:\/\/www.cde.ual.es\/wp-content\/uploads\/2025\/07\/cde-logo-3.png","width":1400,"height":300,"caption":"Centro de Documentaci\u00f3n Europea de Almer\u00eda"},"image":{"@id":"https:\/\/www.cde.ual.es\/#\/schema\/logo\/image\/"},"sameAs":["https:\/\/www.facebook.com\/cdeuniversidadalmeria\/","https:\/\/x.com\/cdeualmeria","https:\/\/www.tiktok.com\/@cdealmeria","https:\/\/www.instagram.com\/cdealmeria\/","https:\/\/www.linkedin.com\/in\/cde-almera-812b26a9\/"]},{"@type":"Person","@id":"https:\/\/www.cde.ual.es\/#\/schema\/person\/ee46ebc19edfa19598c02cff83335acc","name":"BECA 2 CDE","image":{"@type":"ImageObject","inLanguage":"en-US","@id":"https:\/\/secure.gravatar.com\/avatar\/35a481bbc04bbd90e91bdfa3b0b5541036c222a49b9ad37b6889a2afcb5311a5?s=96&d=mm&r=g","url":"https:\/\/secure.gravatar.com\/avatar\/35a481bbc04bbd90e91bdfa3b0b5541036c222a49b9ad37b6889a2afcb5311a5?s=96&d=mm&r=g","contentUrl":"https:\/\/secure.gravatar.com\/avatar\/35a481bbc04bbd90e91bdfa3b0b5541036c222a49b9ad37b6889a2afcb5311a5?s=96&d=mm&r=g","caption":"BECA 2 CDE"},"sameAs":["http:\/\/www.cdealmeria.com"]}]}},"_links":{"self":[{"href":"https:\/\/www.cde.ual.es\/en\/wp-json\/wp\/v2\/posts\/148243","targetHints":{"allow":["GET"]}}],"collection":[{"href":"https:\/\/www.cde.ual.es\/en\/wp-json\/wp\/v2\/posts"}],"about":[{"href":"https:\/\/www.cde.ual.es\/en\/wp-json\/wp\/v2\/types\/post"}],"author":[{"embeddable":true,"href":"https:\/\/www.cde.ual.es\/en\/wp-json\/wp\/v2\/users\/101011"}],"replies":[{"embeddable":true,"href":"https:\/\/www.cde.ual.es\/en\/wp-json\/wp\/v2\/comments?post=148243"}],"version-history":[{"count":1,"href":"https:\/\/www.cde.ual.es\/en\/wp-json\/wp\/v2\/posts\/148243\/revisions"}],"predecessor-version":[{"id":148245,"href":"https:\/\/www.cde.ual.es\/en\/wp-json\/wp\/v2\/posts\/148243\/revisions\/148245"}],"wp:featuredmedia":[{"embeddable":true,"href":"https:\/\/www.cde.ual.es\/en\/wp-json\/wp\/v2\/media\/148238"}],"wp:attachment":[{"href":"https:\/\/www.cde.ual.es\/en\/wp-json\/wp\/v2\/media?parent=148243"}],"wp:term":[{"taxonomy":"category","embeddable":true,"href":"https:\/\/www.cde.ual.es\/en\/wp-json\/wp\/v2\/categories?post=148243"},{"taxonomy":"post_tag","embeddable":true,"href":"https:\/\/www.cde.ual.es\/en\/wp-json\/wp\/v2\/tags?post=148243"}],"curies":[{"name":"wp","href":"https:\/\/api.w.org\/{rel}","templated":true}]}}