{"id":148161,"date":"2023-12-18T10:44:15","date_gmt":"2023-12-18T09:44:15","guid":{"rendered":"https:\/\/www.cde.ual.es\/?p=148161"},"modified":"2023-12-18T10:44:15","modified_gmt":"2023-12-18T09:44:15","slug":"eu-leaders-agreed-to-start-accession-talks-with-ukraine-and-moldova","status":"publish","type":"post","link":"https:\/\/www.cde.ual.es\/en\/eu-leaders-agreed-to-start-accession-talks-with-ukraine-and-moldova\/","title":{"rendered":"EU leaders agreed to start accession talks with Ukraine and Moldova"},"content":{"rendered":"<p style=\"text-align: justify;\"><strong>At the EU summit in Brussels, leaders decided to open accession talks with Ukraine and Moldova. They also agreed to start negotiations with Bosnia and Herzegovina once the necessary conditions are met and granted Georgia candidate status.<\/strong><\/p>\n<p style=\"text-align: justify;\"><a href=\"https:\/\/www.cde.ual.es\/wp-content\/uploads\/2023\/12\/euco-highlight.jpg\"><img decoding=\"async\" class=\"aligncenter size-full wp-image-148158\" src=\"https:\/\/www.cde.ual.es\/wp-content\/uploads\/2023\/12\/euco-highlight.jpg\" alt=\"\" width=\"1151\" height=\"647\" srcset=\"https:\/\/www.cde.ual.es\/wp-content\/uploads\/2023\/12\/euco-highlight.jpg 1151w, https:\/\/www.cde.ual.es\/wp-content\/uploads\/2023\/12\/euco-highlight-300x169.jpg 300w, https:\/\/www.cde.ual.es\/wp-content\/uploads\/2023\/12\/euco-highlight-1024x576.jpg 1024w, https:\/\/www.cde.ual.es\/wp-content\/uploads\/2023\/12\/euco-highlight-768x432.jpg 768w\" sizes=\"(max-width: 1151px) 100vw, 1151px\" \/><\/a><\/p>\n<p style=\"text-align: justify;\">EU leaders discussed continued support to Ukraine, the situation in the Middle East, enlargement and reforms, the mid-term review of the EU\u2019s long-term budget for 2021-2027, security and defence, migration, hybrid attacks, the fight against antisemitism, racism and xenophobia, and the EU strategic agenda 2024-2029.<\/p>\n<p style=\"text-align: justify;\"><strong>Russia\u2019s war of aggression against Ukraine<\/strong><\/p>\n<p style=\"text-align: justify;\">EU leaders reiterated their resolute condemnation of Russia\u2019s war and their unwavering solidarity with Ukraine and its people.<\/p>\n<p style=\"text-align: justify;\">Since the start of the war, the EU and its member states have made available around \u20ac85 billion to Ukraine. They will continue to strongly support Ukraine for as long as it takes, including by economic, humanitarian, military and diplomatic means.<\/p>\n<p style=\"text-align: justify;\"><strong>Military and defence needs<\/strong><\/p>\n<p style=\"text-align: justify;\">The EU and its member states will continue to address Ukraine\u2019s pressing military and defence needs. The leaders stressed that reliable and predictable support is of key importance, including through:<\/p>\n<ul style=\"text-align: justify;\">\n<li>the European Peace Facility<\/li>\n<li>the EU military assistance mission<\/li>\n<li>direct bilateral assistance from member states<\/li>\n<\/ul>\n<p style=\"text-align: justify;\">In this context, the leaders invited the Council to swiftly intensify work on the reform of the European Peace Facility and increase its financing.<\/p>\n<p style=\"text-align: justify;\">They also stressed the urgent need to deliver missiles and ammunition, and to provide Ukraine with more air defence systems.<\/p>\n<p style=\"text-align: justify;\">To deter acts of aggression and destabilisation efforts in the future, the EU will, together with its partners, also contribute to future security commitments to Ukraine.<\/p>\n<p style=\"text-align: justify;\"><strong>Reconstruction of Ukraine<\/strong><\/p>\n<p style=\"text-align: justify;\">EU leaders reiterated that Russia is responsible for the massive damage it has caused in the wake of its war and expressed their full commitment to Ukraine\u2019s recovery and its reconstruction, including support to the demining process and the psychosocial rehabilitation.<\/p>\n<p style=\"text-align: justify;\">To that end, EU leaders called for decisive progress to determine how extraordinary revenues held by private entities stemming directly from Russia\u2019s frozen assets could be used to support Ukraine in its recovery and reconstruction, consistent with contractual obligations and in accordance with EU and international law. They welcomed the recent agreement by the Council and the Parliament on an EU law on asset recovery and confiscation.<\/p>\n<p style=\"text-align: justify;\"><strong>Sanctions against Russia<\/strong><\/p>\n<p style=\"text-align: justify;\">The EU is determined to further weaken Russia\u2019s ability to wage its war, including through strengthened sanctions. In this regard, the leaders emphasised the importance of ensuring the full implementation of sanctions and of preventing their circumvention, especially for high-risk goods.<\/p>\n<p style=\"text-align: justify;\">In this context, the leaders welcomed the 12th package of sanctions, which includes measures to ban the import, purchase or transfer of diamonds from Russia and to strengthen cooperation with third countries to impede the circumvention of sanctions. They also welcomed the agreement reached on the directive on the definition of criminal offences and penalties for the violation of the EU\u2019s restrictive measures.<\/p>\n<div class=\"floated-right well\" style=\"text-align: justify;\">\n<table style=\"width: 99.9988%; border-collapse: collapse; border-style: double; border-color: #001f7d;\" cellpadding=\"0,5\">\n<tbody>\n<tr>\n<td style=\"width: 100%;\"><a href=\"https:\/\/www.cde.ual.es\/en\/eu-and-western-balkans-leaders-meet-in-brussels\/\" target=\"_blank\" rel=\"noopener\"><img decoding=\"async\" class=\"alignleft\" src=\"https:\/\/www.cde.ual.es\/wp-content\/uploads\/2023\/12\/consejo.jpeg\" alt=\"\" width=\"201\" height=\"134\" \/><\/a><\/p>\n<h4 class=\"entry-title\"><a href=\"https:\/\/www.cde.ual.es\/en\/eu-and-western-balkans-leaders-meet-in-brussels\/\" target=\"_blank\" rel=\"noopener\">EU and Western Balkans leaders meet in Brussels<\/a><\/h4>\n<p>&nbsp;<\/td>\n<\/tr>\n<\/tbody>\n<\/table>\n<p style=\"text-align: justify;\">\n<\/div>\n<p style=\"text-align: justify;\"><strong>Accountability of perpetrators<\/strong><\/p>\n<p style=\"text-align: justify;\">EU leaders stressed that Russia and its leadership must be held fully accountable for waging its war and for other serious crimes under international law. In this respect, they encouraged efforts to establish:<\/p>\n<ul style=\"text-align: justify;\">\n<li style=\"text-align: justify;\">a tribunal for the prosecution of the crime of aggression against Ukraine<\/li>\n<li style=\"text-align: justify;\">a future compensation mechanism<\/li>\n<\/ul>\n<p style=\"text-align: justify;\">The leaders called for all states to sign and ratify the Ljubljana-Hague convention, a treaty that covers international cooperation in the investigation and prosecution of rimes under international law such as genocide, crimes against humanity and war crimes.<\/p>\n<p style=\"text-align: justify;\">They also called for the immediate safe return of Ukrainian civilians, including children, who have been unlawfully deported to Russia and Belarus.<\/p>\n<p style=\"text-align: justify;\"><strong>Belarus, Iran and North Korea<\/strong><\/p>\n<p style=\"text-align: justify;\">EU leaders condemned the continued military support for Russia provided by Belarus, Iran and North Korea. They also urged all countries not to provide material or other support for Russia\u2019s war.<\/p>\n<p style=\"text-align: justify;\">In this context, the EU will intensify its work with partners to counter false Russian narratives and disinformation about the war.<\/p>\n<p style=\"text-align: justify;\"><strong>Global food security<\/strong><\/p>\n<p style=\"text-align: justify;\">A secure and stable Black Sea is vital for Ukraine\u2019s sustainable grain exports and to ensure their capacity to reach world markets. In this regard, EU leaders stated that they would support all efforts to facilitate exports of Ukraine\u2019s grain and other agricultural products to countries most in need, notably in Africa and the Middle East.<\/p>\n<p style=\"text-align: justify;\">They also underlined the importance of using the EU\u2019s solidarity lanes to their full potential and invited the Commission to speed up work with member states to further develop the capacity of the solidarity lanes on all routes.<\/p>\n<p style=\"text-align: justify;\"><strong>Middle East<\/strong><\/p>\n<p style=\"text-align: justify;\">EU leaders held an in-depth strategic debate on the Middle East.<\/p>\n<p style=\"text-align: justify;\">At their last meeting in October, EU leaders called for continued, rapid, safe and unhindered humanitarian access and aid to reach those in need. They also stressed the need to cooperate with partners in the region to avoid regional escalation.<\/p>\n<p style=\"text-align: justify;\">Following Hamas\u2019s brutal and indiscriminate attack against Israel and the unfolding tragic scenes in the Gaza strip, the EU has:<\/p>\n<ul style=\"text-align: justify;\">\n<li><strong>condemned Hamas<\/strong>\u00a0in the strongest possible terms<\/li>\n<li><strong>recognised Israel\u2019s right to defend itself<\/strong>\u00a0in line with international law and international humanitarian law<\/li>\n<li>expressed its grave concerne over the\u00a0<strong>deteriorating humanitarian situation in Gaza<\/strong><\/li>\n<\/ul>\n<p><strong>Enlargement and reforms<\/strong><\/p>\n<p style=\"text-align: justify;\">Recalling the Granada Declaration, which outlines key priorities and actions to make Europe a strong, dynamic and competitive power, EU leaders discussed enlargement policy. In the preparation for an enlarged union, both aspiring members and the EU need to be ready and must advance work in parallel.<\/p>\n<p style=\"text-align: justify;\">To this end, EU leaders called for:<\/p>\n<ul style=\"text-align: justify;\">\n<li>aspiring members to<strong>\u00a0step up reform efforts<\/strong>, notably on the rule of law, with assistance from the EU<\/li>\n<li>the EU to lay down the\u00a0<strong>necessary<\/strong>\u00a0<strong>internal groundwork<\/strong>\u00a0and address key questions related to priorities, policies and its capacity to act<\/li>\n<\/ul>\n<p style=\"text-align: justify;\">The leaders also\u00a0<strong>endorsed the Council\u2019s annual conclusions on enlargement<\/strong>.<\/p>\n<p style=\"text-align: justify;\"><strong>Ukraine, Moldova and Georgia<\/strong><\/p>\n<p style=\"text-align: justify;\">EU leaders decided to open accession negotiations with Ukraine and Moldova. Once the relevant steps set out in the Commission\u2019s recommendations of 8 November 2023 have been taken, they invite the Council to adopt the respective negotiation frameworks.<\/p>\n<p style=\"text-align: justify;\">The leaders also granted candidate status to Georgia, on the understanding that the relevant steps set out in the Commission\u2019s recommendation of 8 November 2023 are taken.<\/p>\n<p>&nbsp;<\/p>\n<table style=\"width: 99.9988%; border-collapse: collapse; border-style: double; border-color: #001f7d;\" cellpadding=\"0,5\">\n<tbody>\n<tr>\n<td style=\"width: 100%;\"><a href=\"https:\/\/www.cde.ual.es\/en\/eu-ministers-meet-ukraine-mfa-dmytro-kuleba\/\" target=\"_blank\" rel=\"noopener\"><img decoding=\"async\" class=\"alignleft\" src=\"https:\/\/www.cde.ual.es\/wp-content\/uploads\/2023\/10\/borrell.png\" alt=\"\" width=\"201\" height=\"134\" \/><\/a><\/p>\n<h4 class=\"entry-title\"><a href=\"https:\/\/www.cde.ual.es\/en\/eu-ministers-meet-ukraine-mfa-dmytro-kuleba\/\" target=\"_blank\" rel=\"noopener\">EU ministers meet Ukraine MFA Dmytro Kuleba<\/a><\/h4>\n<p>&nbsp;<\/p>\n<p>&nbsp;<\/td>\n<\/tr>\n<\/tbody>\n<\/table>\n<p style=\"text-align: justify;\">\n<p style=\"text-align: justify;\"><strong>Western Balkans<\/strong><\/p>\n<p style=\"text-align: justify;\">EU leaders reaffirmed their full and unequivocal commitment to the EU membership perspective of the Western Balkans and called for accelerating their accession process.<\/p>\n<p style=\"text-align: justify;\">The European Council will open accession negotiations with Bosnia and Herzegovina once the country has achieved the necessary degree of compliance with the membership criteria. In this regard, the leaders invited the Commission to report to the Council on progress at the latest in March 2024, with a view to making a decision.<\/p>\n<p style=\"text-align: justify;\">The leaders are also ready to complete the opening phase of accession negotiations with North Macedonia, as soon as it has completed the constitutional changes referred to in the Council conclusions of July 2022.<\/p>\n<p style=\"text-align: justify;\">The leaders also took note of the growth plan for the Western Balkans, which aims to enable faster integration into the EU and socio-economic convergence, based on strict conditionalities. It was presented by the Commission in November 2023.<\/p>\n<p style=\"text-align: justify;\"><strong>Internal reforms<\/strong><\/p>\n<p style=\"text-align: justify;\">As the EU becomes larger, successful European integration requires that EU institutions continue to function effectively and that EU policies are:<\/p>\n<ul style=\"text-align: justify;\">\n<li>fit for the future<\/li>\n<li>financed in a sustainable manner<\/li>\n<li>based on the EU&#8217;s founding values<\/li>\n<\/ul>\n<p style=\"text-align: justify;\">Against this background, leaders committed to addressing internal reforms at upcoming meetings, with a view to adopting conclusions in the summer of 2024.<\/p>\n<p style=\"text-align: justify;\"><strong>Mid-term review of the EU&#8217;s long-term budget<\/strong><\/p>\n<p style=\"text-align: justify;\">The leaders held an in-depth discussion on the mid-term review of the multiannual financial framework (MFF) 2021-2027.<\/p>\n<p style=\"text-align: justify;\">The mid-term review, as set out in a document outlining the details of the negotiating box, covers support for\u00a0<strong>Ukraine<\/strong>,\u00a0<strong>migration<\/strong>\u00a0and the external dimension, the\u00a0<strong>strategic technologies for Europe platform<\/strong>,\u00a0<strong>Next Generation EU interest payments<\/strong>, special instruments, new own resources and elements that reduce the impact on national budgets. It is firmly supported by 26 EU heads of state or government.<\/p>\n<p style=\"text-align: justify;\"><strong>The negotiating box<\/strong>\u00a0provides for an additional financial envelope of\u00a0<strong>\u20ac64.6 billion<\/strong>, which should be spent on the following new priorities:<\/p>\n<ul style=\"text-align: justify;\">\n<li>\u20ac50 billion for the Ukraine Facility (\u20ac17 billion in grants and \u20ac33 billion in loans)<\/li>\n<li>\u00a0\u20ac2 billion for migration and border management<\/li>\n<li>\u00a0\u20ac7.6 billion for the neighbourhood and the world<\/li>\n<li>\u00a0\u20ac1.5 billion for the European Defence Fund under the new instrument, STEP<\/li>\n<li>\u00a0\u20ac2 billion for the flexibility instrument<\/li>\n<li>\u00a0\u20ac1.5 billion for the solidarity and emergency aid reserve<\/li>\n<\/ul>\n<p style=\"text-align: justify;\">EU leaders will discuss the mid-term review again early next year.<\/p>\n<p style=\"text-align: justify;\"><strong>Security and defence<\/strong><\/p>\n<p style=\"text-align: justify;\">Amidst global instability, strategic competition and security threats, it is crucial for the EU to strengthen its security and defence and increase its capacity to act autonomously.<\/p>\n<p style=\"text-align: justify;\">Recalling previous conclusions, the Versailles Declaration and the Strategic Compass, EU leaders underlined that more needs to be done to strengthen the EU\u2019s operational readiness and enhance its defence investment and capability development. In this regard, they called for:<\/p>\n<ul style=\"text-align: justify;\">\n<li>existing measures to be urgently implemented to facilitate\u00a0<strong>joint procurement<\/strong>\u00a0and to increase the European defence industry\u2019s\u00a0<strong>production capacity<\/strong><\/li>\n<li>a European\u00a0<strong>defence industrial strategy\u00a0<\/strong>to strengthen the European defence technological and industrial base<\/li>\n<li>intensified work on\u00a0<strong>military mobility<\/strong>,\u00a0<strong>space security<\/strong>\u00a0and the fight against\u00a0<strong>cyber<\/strong>\u00a0and\u00a0<strong>hybrid threats<\/strong><\/li>\n<li>an enhanced role for the\u00a0<strong>European Investment Bank<\/strong><\/li>\n<li>continued work to strengthen the new\u00a0<strong>civilian compact<\/strong>\u00a0in the framework of the common security and defence policy<\/li>\n<\/ul>\n<p style=\"text-align: justify;\">The leaders underlined the importance of further developing\u00a0<strong>an integrated market for defence\u00a0<\/strong>to reinforce cross-border supply chains, ensure critical technologies and improve competitiveness. They also stated that a stronger and more capable EU is complementary to NATO and will contribute positively to global and transatlantic security.<\/p>\n<p style=\"text-align: justify;\"><strong>Migration and hybrid attacks<\/strong><\/p>\n<p style=\"text-align: justify;\">EU leaders held a strategic discussion on migration. In this context, they underlined the importance of pursuing a\u00a0<strong>strategic approach<\/strong>\u00a0to migration that combines:<\/p>\n<ul style=\"text-align: justify;\">\n<li>increased external action<\/li>\n<li>partnerships with countries of origin and transit<\/li>\n<li>addressing root causes of migration<\/li>\n<li>opportunities for legal migration<\/li>\n<li>effective control of EU external borders<\/li>\n<li>resolutely fighting organised crime, human trafficking and smuggling<\/li>\n<li>stepping up returns<\/li>\n<\/ul>\n<p style=\"text-align: justify;\">They also\u00a0<strong>strongly condemned all hybrid attacks<\/strong>, including the instrumentalisation of migrants by third countries for political purposes. To this end, they expressed their determination to:<\/p>\n<ul style=\"text-align: justify;\">\n<li>ensure effective control of the EU\u2019s external borders<\/li>\n<li>counter the ongoing hybrid attacks launched by Russia and Belarus<\/li>\n<\/ul>\n<p style=\"text-align: justify;\"><strong>More information: <a href=\"https:\/\/www.consilium.europa.eu\/en\/meetings\/european-council\/2023\/12\/14-15\/\">European Council<\/a><\/strong><\/p>\n","protected":false},"excerpt":{"rendered":"<p>At the EU summit in Brussels, leaders decided to open accession talks with Ukraine and Moldova. They also agreed to start negotiations with Bosnia and Herzegovina once the necessary conditions are met and granted Georgia candidate status. EU leaders discussed continued support to Ukraine, the situation in the Middle East, enlargement and reforms, the mid-term [&hellip;]<\/p>\n","protected":false},"author":1,"featured_media":148159,"comment_status":"open","ping_status":"open","sticky":false,"template":"","format":"standard","meta":{"_acf_changed":false,"_relevanssi_hide_post":"","_relevanssi_hide_content":"","_relevanssi_pin_for_all":"","_relevanssi_pin_keywords":"","_relevanssi_unpin_keywords":"","_relevanssi_related_keywords":"","_relevanssi_related_include_ids":"","_relevanssi_related_exclude_ids":"","_relevanssi_related_no_append":"","_relevanssi_related_not_related":"","_relevanssi_related_posts":"","_relevanssi_noindex_reason":"","_monsterinsights_skip_tracking":false,"_monsterinsights_sitenote_active":false,"_monsterinsights_sitenote_note":"","_monsterinsights_sitenote_category":0,"_genesis_hide_title":false,"_genesis_hide_breadcrumbs":false,"_genesis_hide_singular_image":false,"_genesis_hide_footer_widgets":false,"_genesis_custom_body_class":"","_genesis_custom_post_class":"","_genesis_layout":"","footnotes":""},"categories":[4075,346,4064,4065,4078],"tags":[3063,368,10339,4638,5892,1044,7591,2853,5005],"class_list":{"0":"post-148161","1":"post","2":"type-post","3":"status-publish","4":"format-standard","5":"has-post-thumbnail","7":"category-defence-security","8":"category-eu-news","9":"category-institutional","10":"category-international-pol-coop","11":"category-internat-safety-pol","12":"tag-belarus","13":"tag-european-union","14":"tag-gaza","15":"tag-hamas-en","16":"tag-iran-en","17":"tag-israel-en","18":"tag-north-korea","19":"tag-russia","20":"tag-ukraine","21":"entry"},"acf":[],"yoast_head":"<!-- This site is optimized with the Yoast SEO plugin v27.4 - https:\/\/yoast.com\/product\/yoast-seo-wordpress\/ -->\n<title>EU leaders agreed to start accession talks with Ukraine and Moldova | CDE Almer\u00eda - Centro de Documentaci\u00f3n Europea - Universidad de Almer\u00eda<\/title>\n<meta name=\"robots\" content=\"index, follow, max-snippet:-1, max-image-preview:large, max-video-preview:-1\" \/>\n<link rel=\"canonical\" href=\"https:\/\/www.cde.ual.es\/en\/eu-leaders-agreed-to-start-accession-talks-with-ukraine-and-moldova\/\" \/>\n<meta property=\"og:locale\" content=\"en_US\" \/>\n<meta property=\"og:type\" content=\"article\" \/>\n<meta property=\"og:title\" content=\"EU leaders agreed to start accession talks with Ukraine and Moldova | CDE Almer\u00eda - Centro de Documentaci\u00f3n Europea - Universidad de Almer\u00eda\" \/>\n<meta property=\"og:description\" content=\"At the EU summit in Brussels, leaders decided to open accession talks with Ukraine and Moldova. They also agreed to start negotiations with Bosnia and Herzegovina once the necessary conditions are met and granted Georgia candidate status. EU leaders discussed continued support to Ukraine, the situation in the Middle East, enlargement and reforms, the mid-term [&hellip;]\" \/>\n<meta property=\"og:url\" content=\"https:\/\/www.cde.ual.es\/en\/eu-leaders-agreed-to-start-accession-talks-with-ukraine-and-moldova\/\" \/>\n<meta property=\"og:site_name\" content=\"CDE Almer\u00eda - Centro de Documentaci\u00f3n Europea - Universidad de Almer\u00eda\" \/>\n<meta property=\"article:publisher\" content=\"https:\/\/www.facebook.com\/cdeuniversidadalmeria\/\" \/>\n<meta property=\"article:published_time\" content=\"2023-12-18T09:44:15+00:00\" \/>\n<meta property=\"og:image\" content=\"https:\/\/www.cde.ual.es\/wp-content\/uploads\/2023\/12\/euco-highlight.jpg\" \/>\n\t<meta property=\"og:image:width\" content=\"1151\" \/>\n\t<meta property=\"og:image:height\" content=\"647\" \/>\n\t<meta property=\"og:image:type\" content=\"image\/jpeg\" \/>\n<meta name=\"author\" content=\"AdminCDE\" \/>\n<meta name=\"twitter:card\" content=\"summary_large_image\" \/>\n<meta name=\"twitter:creator\" content=\"@cdeualmeria\" \/>\n<meta name=\"twitter:site\" content=\"@cdeualmeria\" \/>\n<meta name=\"twitter:label1\" content=\"Written by\" \/>\n\t<meta name=\"twitter:data1\" content=\"AdminCDE\" \/>\n\t<meta name=\"twitter:label2\" content=\"Est. reading time\" \/>\n\t<meta name=\"twitter:data2\" content=\"9 minutes\" \/>\n<script type=\"application\/ld+json\" class=\"yoast-schema-graph\">{\"@context\":\"https:\\\/\\\/schema.org\",\"@graph\":[{\"@type\":\"Article\",\"@id\":\"https:\\\/\\\/www.cde.ual.es\\\/en\\\/eu-leaders-agreed-to-start-accession-talks-with-ukraine-and-moldova\\\/#article\",\"isPartOf\":{\"@id\":\"https:\\\/\\\/www.cde.ual.es\\\/en\\\/eu-leaders-agreed-to-start-accession-talks-with-ukraine-and-moldova\\\/\"},\"author\":{\"name\":\"AdminCDE\",\"@id\":\"https:\\\/\\\/www.cde.ual.es\\\/#\\\/schema\\\/person\\\/224ef08c8bcc005f319d2713ce37ee5f\"},\"headline\":\"EU leaders agreed to start accession talks with Ukraine and Moldova\",\"datePublished\":\"2023-12-18T09:44:15+00:00\",\"mainEntityOfPage\":{\"@id\":\"https:\\\/\\\/www.cde.ual.es\\\/en\\\/eu-leaders-agreed-to-start-accession-talks-with-ukraine-and-moldova\\\/\"},\"wordCount\":1754,\"commentCount\":0,\"publisher\":{\"@id\":\"https:\\\/\\\/www.cde.ual.es\\\/#organization\"},\"image\":{\"@id\":\"https:\\\/\\\/www.cde.ual.es\\\/en\\\/eu-leaders-agreed-to-start-accession-talks-with-ukraine-and-moldova\\\/#primaryimage\"},\"thumbnailUrl\":\"https:\\\/\\\/www.cde.ual.es\\\/wp-content\\\/uploads\\\/2023\\\/12\\\/euco-highlight.jpg\",\"keywords\":[\"Belarus\",\"European Union\",\"gaza\",\"hamas\",\"Ir\u00e1n\",\"Israel\",\"north korea\",\"russia\",\"ukraine\"],\"articleSection\":[\"Defence &amp; Security\",\"EU News\",\"Institutional Affairs\",\"International Politics and Cooperation\",\"International Safety and Defence Politics\"],\"inLanguage\":\"en-US\",\"potentialAction\":[{\"@type\":\"CommentAction\",\"name\":\"Comment\",\"target\":[\"https:\\\/\\\/www.cde.ual.es\\\/en\\\/eu-leaders-agreed-to-start-accession-talks-with-ukraine-and-moldova\\\/#respond\"]}]},{\"@type\":\"WebPage\",\"@id\":\"https:\\\/\\\/www.cde.ual.es\\\/en\\\/eu-leaders-agreed-to-start-accession-talks-with-ukraine-and-moldova\\\/\",\"url\":\"https:\\\/\\\/www.cde.ual.es\\\/en\\\/eu-leaders-agreed-to-start-accession-talks-with-ukraine-and-moldova\\\/\",\"name\":\"EU leaders agreed to start accession talks with Ukraine and Moldova | CDE Almer\u00eda - Centro de Documentaci\u00f3n Europea - Universidad de Almer\u00eda\",\"isPartOf\":{\"@id\":\"https:\\\/\\\/www.cde.ual.es\\\/#website\"},\"primaryImageOfPage\":{\"@id\":\"https:\\\/\\\/www.cde.ual.es\\\/en\\\/eu-leaders-agreed-to-start-accession-talks-with-ukraine-and-moldova\\\/#primaryimage\"},\"image\":{\"@id\":\"https:\\\/\\\/www.cde.ual.es\\\/en\\\/eu-leaders-agreed-to-start-accession-talks-with-ukraine-and-moldova\\\/#primaryimage\"},\"thumbnailUrl\":\"https:\\\/\\\/www.cde.ual.es\\\/wp-content\\\/uploads\\\/2023\\\/12\\\/euco-highlight.jpg\",\"datePublished\":\"2023-12-18T09:44:15+00:00\",\"breadcrumb\":{\"@id\":\"https:\\\/\\\/www.cde.ual.es\\\/en\\\/eu-leaders-agreed-to-start-accession-talks-with-ukraine-and-moldova\\\/#breadcrumb\"},\"inLanguage\":\"en-US\",\"potentialAction\":[{\"@type\":\"ReadAction\",\"target\":[\"https:\\\/\\\/www.cde.ual.es\\\/en\\\/eu-leaders-agreed-to-start-accession-talks-with-ukraine-and-moldova\\\/\"]}]},{\"@type\":\"ImageObject\",\"inLanguage\":\"en-US\",\"@id\":\"https:\\\/\\\/www.cde.ual.es\\\/en\\\/eu-leaders-agreed-to-start-accession-talks-with-ukraine-and-moldova\\\/#primaryimage\",\"url\":\"https:\\\/\\\/www.cde.ual.es\\\/wp-content\\\/uploads\\\/2023\\\/12\\\/euco-highlight.jpg\",\"contentUrl\":\"https:\\\/\\\/www.cde.ual.es\\\/wp-content\\\/uploads\\\/2023\\\/12\\\/euco-highlight.jpg\",\"width\":1151,\"height\":647},{\"@type\":\"BreadcrumbList\",\"@id\":\"https:\\\/\\\/www.cde.ual.es\\\/en\\\/eu-leaders-agreed-to-start-accession-talks-with-ukraine-and-moldova\\\/#breadcrumb\",\"itemListElement\":[{\"@type\":\"ListItem\",\"position\":1,\"name\":\"Inicio\",\"item\":\"https:\\\/\\\/www.cde.ual.es\\\/en\\\/\"},{\"@type\":\"ListItem\",\"position\":2,\"name\":\"EU News\",\"item\":\"https:\\\/\\\/www.cde.ual.es\\\/en\\\/category\\\/eu-news\\\/\"},{\"@type\":\"ListItem\",\"position\":3,\"name\":\"Institutional Affairs\",\"item\":\"https:\\\/\\\/www.cde.ual.es\\\/en\\\/category\\\/eu-news\\\/institutional\\\/\"},{\"@type\":\"ListItem\",\"position\":4,\"name\":\"International Politics and Cooperation\",\"item\":\"https:\\\/\\\/www.cde.ual.es\\\/en\\\/category\\\/eu-news\\\/institutional\\\/international-pol-coop\\\/\"},{\"@type\":\"ListItem\",\"position\":5,\"name\":\"EU leaders agreed to start accession talks with Ukraine and Moldova\"}]},{\"@type\":\"WebSite\",\"@id\":\"https:\\\/\\\/www.cde.ual.es\\\/#website\",\"url\":\"https:\\\/\\\/www.cde.ual.es\\\/\",\"name\":\"CDE Almer\u00eda - Centro de Documentaci\u00f3n Europea - Universidad de Almer\u00eda\",\"description\":\"Centro de Documentaci\u00f3n Europea de la Universidad de Almer\u00eda\",\"publisher\":{\"@id\":\"https:\\\/\\\/www.cde.ual.es\\\/#organization\"},\"alternateName\":\"CDE Almer\u00eda\",\"potentialAction\":[{\"@type\":\"SearchAction\",\"target\":{\"@type\":\"EntryPoint\",\"urlTemplate\":\"https:\\\/\\\/www.cde.ual.es\\\/?s={search_term_string}\"},\"query-input\":{\"@type\":\"PropertyValueSpecification\",\"valueRequired\":true,\"valueName\":\"search_term_string\"}}],\"inLanguage\":\"en-US\"},{\"@type\":\"Organization\",\"@id\":\"https:\\\/\\\/www.cde.ual.es\\\/#organization\",\"name\":\"Centro de Documentaci\u00f3n Europea de Almer\u00eda\",\"url\":\"https:\\\/\\\/www.cde.ual.es\\\/\",\"logo\":{\"@type\":\"ImageObject\",\"inLanguage\":\"en-US\",\"@id\":\"https:\\\/\\\/www.cde.ual.es\\\/#\\\/schema\\\/logo\\\/image\\\/\",\"url\":\"https:\\\/\\\/www.cde.ual.es\\\/wp-content\\\/uploads\\\/2025\\\/07\\\/cde-logo-3.png\",\"contentUrl\":\"https:\\\/\\\/www.cde.ual.es\\\/wp-content\\\/uploads\\\/2025\\\/07\\\/cde-logo-3.png\",\"width\":1400,\"height\":300,\"caption\":\"Centro de Documentaci\u00f3n Europea de Almer\u00eda\"},\"image\":{\"@id\":\"https:\\\/\\\/www.cde.ual.es\\\/#\\\/schema\\\/logo\\\/image\\\/\"},\"sameAs\":[\"https:\\\/\\\/www.facebook.com\\\/cdeuniversidadalmeria\\\/\",\"https:\\\/\\\/x.com\\\/cdeualmeria\",\"https:\\\/\\\/www.tiktok.com\\\/@cdealmeria\",\"https:\\\/\\\/www.instagram.com\\\/cdealmeria\\\/\",\"https:\\\/\\\/www.linkedin.com\\\/in\\\/cde-almera-812b26a9\\\/\"]},{\"@type\":\"Person\",\"@id\":\"https:\\\/\\\/www.cde.ual.es\\\/#\\\/schema\\\/person\\\/224ef08c8bcc005f319d2713ce37ee5f\",\"name\":\"AdminCDE\",\"image\":{\"@type\":\"ImageObject\",\"inLanguage\":\"en-US\",\"@id\":\"https:\\\/\\\/secure.gravatar.com\\\/avatar\\\/a72d038d371f995cd13706fac32274b7952a52e8fb0a84b5f80c85426f2a98a8?s=96&d=mm&r=g\",\"url\":\"https:\\\/\\\/secure.gravatar.com\\\/avatar\\\/a72d038d371f995cd13706fac32274b7952a52e8fb0a84b5f80c85426f2a98a8?s=96&d=mm&r=g\",\"contentUrl\":\"https:\\\/\\\/secure.gravatar.com\\\/avatar\\\/a72d038d371f995cd13706fac32274b7952a52e8fb0a84b5f80c85426f2a98a8?s=96&d=mm&r=g\",\"caption\":\"AdminCDE\"}}]}<\/script>\n<!-- \/ Yoast SEO plugin. -->","yoast_head_json":{"title":"EU leaders agreed to start accession talks with Ukraine and Moldova | CDE Almer\u00eda - Centro de Documentaci\u00f3n Europea - Universidad de Almer\u00eda","robots":{"index":"index","follow":"follow","max-snippet":"max-snippet:-1","max-image-preview":"max-image-preview:large","max-video-preview":"max-video-preview:-1"},"canonical":"https:\/\/www.cde.ual.es\/en\/eu-leaders-agreed-to-start-accession-talks-with-ukraine-and-moldova\/","og_locale":"en_US","og_type":"article","og_title":"EU leaders agreed to start accession talks with Ukraine and Moldova | CDE Almer\u00eda - Centro de Documentaci\u00f3n Europea - Universidad de Almer\u00eda","og_description":"At the EU summit in Brussels, leaders decided to open accession talks with Ukraine and Moldova. They also agreed to start negotiations with Bosnia and Herzegovina once the necessary conditions are met and granted Georgia candidate status. EU leaders discussed continued support to Ukraine, the situation in the Middle East, enlargement and reforms, the mid-term [&hellip;]","og_url":"https:\/\/www.cde.ual.es\/en\/eu-leaders-agreed-to-start-accession-talks-with-ukraine-and-moldova\/","og_site_name":"CDE Almer\u00eda - Centro de Documentaci\u00f3n Europea - Universidad de Almer\u00eda","article_publisher":"https:\/\/www.facebook.com\/cdeuniversidadalmeria\/","article_published_time":"2023-12-18T09:44:15+00:00","og_image":[{"width":1151,"height":647,"url":"https:\/\/www.cde.ual.es\/wp-content\/uploads\/2023\/12\/euco-highlight.jpg","type":"image\/jpeg"}],"author":"AdminCDE","twitter_card":"summary_large_image","twitter_creator":"@cdeualmeria","twitter_site":"@cdeualmeria","twitter_misc":{"Written by":"AdminCDE","Est. reading time":"9 minutes"},"schema":{"@context":"https:\/\/schema.org","@graph":[{"@type":"Article","@id":"https:\/\/www.cde.ual.es\/en\/eu-leaders-agreed-to-start-accession-talks-with-ukraine-and-moldova\/#article","isPartOf":{"@id":"https:\/\/www.cde.ual.es\/en\/eu-leaders-agreed-to-start-accession-talks-with-ukraine-and-moldova\/"},"author":{"name":"AdminCDE","@id":"https:\/\/www.cde.ual.es\/#\/schema\/person\/224ef08c8bcc005f319d2713ce37ee5f"},"headline":"EU leaders agreed to start accession talks with Ukraine and Moldova","datePublished":"2023-12-18T09:44:15+00:00","mainEntityOfPage":{"@id":"https:\/\/www.cde.ual.es\/en\/eu-leaders-agreed-to-start-accession-talks-with-ukraine-and-moldova\/"},"wordCount":1754,"commentCount":0,"publisher":{"@id":"https:\/\/www.cde.ual.es\/#organization"},"image":{"@id":"https:\/\/www.cde.ual.es\/en\/eu-leaders-agreed-to-start-accession-talks-with-ukraine-and-moldova\/#primaryimage"},"thumbnailUrl":"https:\/\/www.cde.ual.es\/wp-content\/uploads\/2023\/12\/euco-highlight.jpg","keywords":["Belarus","European Union","gaza","hamas","Ir\u00e1n","Israel","north korea","russia","ukraine"],"articleSection":["Defence &amp; Security","EU News","Institutional Affairs","International Politics and Cooperation","International Safety and Defence Politics"],"inLanguage":"en-US","potentialAction":[{"@type":"CommentAction","name":"Comment","target":["https:\/\/www.cde.ual.es\/en\/eu-leaders-agreed-to-start-accession-talks-with-ukraine-and-moldova\/#respond"]}]},{"@type":"WebPage","@id":"https:\/\/www.cde.ual.es\/en\/eu-leaders-agreed-to-start-accession-talks-with-ukraine-and-moldova\/","url":"https:\/\/www.cde.ual.es\/en\/eu-leaders-agreed-to-start-accession-talks-with-ukraine-and-moldova\/","name":"EU leaders agreed to start accession talks with Ukraine and Moldova | CDE Almer\u00eda - Centro de Documentaci\u00f3n Europea - Universidad de Almer\u00eda","isPartOf":{"@id":"https:\/\/www.cde.ual.es\/#website"},"primaryImageOfPage":{"@id":"https:\/\/www.cde.ual.es\/en\/eu-leaders-agreed-to-start-accession-talks-with-ukraine-and-moldova\/#primaryimage"},"image":{"@id":"https:\/\/www.cde.ual.es\/en\/eu-leaders-agreed-to-start-accession-talks-with-ukraine-and-moldova\/#primaryimage"},"thumbnailUrl":"https:\/\/www.cde.ual.es\/wp-content\/uploads\/2023\/12\/euco-highlight.jpg","datePublished":"2023-12-18T09:44:15+00:00","breadcrumb":{"@id":"https:\/\/www.cde.ual.es\/en\/eu-leaders-agreed-to-start-accession-talks-with-ukraine-and-moldova\/#breadcrumb"},"inLanguage":"en-US","potentialAction":[{"@type":"ReadAction","target":["https:\/\/www.cde.ual.es\/en\/eu-leaders-agreed-to-start-accession-talks-with-ukraine-and-moldova\/"]}]},{"@type":"ImageObject","inLanguage":"en-US","@id":"https:\/\/www.cde.ual.es\/en\/eu-leaders-agreed-to-start-accession-talks-with-ukraine-and-moldova\/#primaryimage","url":"https:\/\/www.cde.ual.es\/wp-content\/uploads\/2023\/12\/euco-highlight.jpg","contentUrl":"https:\/\/www.cde.ual.es\/wp-content\/uploads\/2023\/12\/euco-highlight.jpg","width":1151,"height":647},{"@type":"BreadcrumbList","@id":"https:\/\/www.cde.ual.es\/en\/eu-leaders-agreed-to-start-accession-talks-with-ukraine-and-moldova\/#breadcrumb","itemListElement":[{"@type":"ListItem","position":1,"name":"Inicio","item":"https:\/\/www.cde.ual.es\/en\/"},{"@type":"ListItem","position":2,"name":"EU News","item":"https:\/\/www.cde.ual.es\/en\/category\/eu-news\/"},{"@type":"ListItem","position":3,"name":"Institutional Affairs","item":"https:\/\/www.cde.ual.es\/en\/category\/eu-news\/institutional\/"},{"@type":"ListItem","position":4,"name":"International Politics and Cooperation","item":"https:\/\/www.cde.ual.es\/en\/category\/eu-news\/institutional\/international-pol-coop\/"},{"@type":"ListItem","position":5,"name":"EU leaders agreed to start accession talks with Ukraine and Moldova"}]},{"@type":"WebSite","@id":"https:\/\/www.cde.ual.es\/#website","url":"https:\/\/www.cde.ual.es\/","name":"CDE Almer\u00eda - Centro de Documentaci\u00f3n Europea - Universidad de Almer\u00eda","description":"Centro de Documentaci\u00f3n Europea de la Universidad de Almer\u00eda","publisher":{"@id":"https:\/\/www.cde.ual.es\/#organization"},"alternateName":"CDE Almer\u00eda","potentialAction":[{"@type":"SearchAction","target":{"@type":"EntryPoint","urlTemplate":"https:\/\/www.cde.ual.es\/?s={search_term_string}"},"query-input":{"@type":"PropertyValueSpecification","valueRequired":true,"valueName":"search_term_string"}}],"inLanguage":"en-US"},{"@type":"Organization","@id":"https:\/\/www.cde.ual.es\/#organization","name":"Centro de Documentaci\u00f3n Europea de Almer\u00eda","url":"https:\/\/www.cde.ual.es\/","logo":{"@type":"ImageObject","inLanguage":"en-US","@id":"https:\/\/www.cde.ual.es\/#\/schema\/logo\/image\/","url":"https:\/\/www.cde.ual.es\/wp-content\/uploads\/2025\/07\/cde-logo-3.png","contentUrl":"https:\/\/www.cde.ual.es\/wp-content\/uploads\/2025\/07\/cde-logo-3.png","width":1400,"height":300,"caption":"Centro de Documentaci\u00f3n Europea de Almer\u00eda"},"image":{"@id":"https:\/\/www.cde.ual.es\/#\/schema\/logo\/image\/"},"sameAs":["https:\/\/www.facebook.com\/cdeuniversidadalmeria\/","https:\/\/x.com\/cdeualmeria","https:\/\/www.tiktok.com\/@cdealmeria","https:\/\/www.instagram.com\/cdealmeria\/","https:\/\/www.linkedin.com\/in\/cde-almera-812b26a9\/"]},{"@type":"Person","@id":"https:\/\/www.cde.ual.es\/#\/schema\/person\/224ef08c8bcc005f319d2713ce37ee5f","name":"AdminCDE","image":{"@type":"ImageObject","inLanguage":"en-US","@id":"https:\/\/secure.gravatar.com\/avatar\/a72d038d371f995cd13706fac32274b7952a52e8fb0a84b5f80c85426f2a98a8?s=96&d=mm&r=g","url":"https:\/\/secure.gravatar.com\/avatar\/a72d038d371f995cd13706fac32274b7952a52e8fb0a84b5f80c85426f2a98a8?s=96&d=mm&r=g","contentUrl":"https:\/\/secure.gravatar.com\/avatar\/a72d038d371f995cd13706fac32274b7952a52e8fb0a84b5f80c85426f2a98a8?s=96&d=mm&r=g","caption":"AdminCDE"}}]}},"_links":{"self":[{"href":"https:\/\/www.cde.ual.es\/en\/wp-json\/wp\/v2\/posts\/148161","targetHints":{"allow":["GET"]}}],"collection":[{"href":"https:\/\/www.cde.ual.es\/en\/wp-json\/wp\/v2\/posts"}],"about":[{"href":"https:\/\/www.cde.ual.es\/en\/wp-json\/wp\/v2\/types\/post"}],"author":[{"embeddable":true,"href":"https:\/\/www.cde.ual.es\/en\/wp-json\/wp\/v2\/users\/1"}],"replies":[{"embeddable":true,"href":"https:\/\/www.cde.ual.es\/en\/wp-json\/wp\/v2\/comments?post=148161"}],"version-history":[{"count":1,"href":"https:\/\/www.cde.ual.es\/en\/wp-json\/wp\/v2\/posts\/148161\/revisions"}],"predecessor-version":[{"id":148162,"href":"https:\/\/www.cde.ual.es\/en\/wp-json\/wp\/v2\/posts\/148161\/revisions\/148162"}],"wp:featuredmedia":[{"embeddable":true,"href":"https:\/\/www.cde.ual.es\/en\/wp-json\/wp\/v2\/media\/148159"}],"wp:attachment":[{"href":"https:\/\/www.cde.ual.es\/en\/wp-json\/wp\/v2\/media?parent=148161"}],"wp:term":[{"taxonomy":"category","embeddable":true,"href":"https:\/\/www.cde.ual.es\/en\/wp-json\/wp\/v2\/categories?post=148161"},{"taxonomy":"post_tag","embeddable":true,"href":"https:\/\/www.cde.ual.es\/en\/wp-json\/wp\/v2\/tags?post=148161"}],"curies":[{"name":"wp","href":"https:\/\/api.w.org\/{rel}","templated":true}]}}