{"id":147435,"date":"2023-12-12T09:46:29","date_gmt":"2023-12-12T08:46:29","guid":{"rendered":"https:\/\/www.cde.ual.es\/?p=147435"},"modified":"2023-12-12T09:46:29","modified_gmt":"2023-12-12T08:46:29","slug":"eu-impose-new-restrictive-measures-to-iran-due-to-supply-unmanned-aerial-vehicles-to-russia","status":"publish","type":"post","link":"https:\/\/www.cde.ual.es\/en\/eu-impose-new-restrictive-measures-to-iran-due-to-supply-unmanned-aerial-vehicles-to-russia\/","title":{"rendered":"EU impose new restrictive measures to Iran due to supply unmanned aerial vehicles to Russia"},"content":{"rendered":"<p style=\"text-align: justify;\">Yesterday, the European Council imposed restrictive measures against <strong>6 persons and 5 entities<\/strong>\u00a0involved in Iran&#8217;s development and production of\u00a0<strong>unmanned aerial vehicles (UAV)\u00a0<\/strong>used in<strong>\u00a0Russia\u2019s illegal war of aggression against Ukraine<\/strong>.<\/p>\n<p><a href=\"https:\/\/www.cde.ual.es\/wp-content\/uploads\/2023\/07\/iran-nuclear_v-r-alaei-afp.png\"><img decoding=\"async\" class=\" wp-image-138728 aligncenter\" src=\"https:\/\/www.cde.ual.es\/wp-content\/uploads\/2023\/07\/iran-nuclear_v-r-alaei-afp.png\" alt=\"\" width=\"534\" height=\"356\" srcset=\"https:\/\/www.cde.ual.es\/wp-content\/uploads\/2023\/07\/iran-nuclear_v-r-alaei-afp.png 1151w, https:\/\/www.cde.ual.es\/wp-content\/uploads\/2023\/07\/iran-nuclear_v-r-alaei-afp-300x200.png 300w, https:\/\/www.cde.ual.es\/wp-content\/uploads\/2023\/07\/iran-nuclear_v-r-alaei-afp-1024x682.png 1024w, https:\/\/www.cde.ual.es\/wp-content\/uploads\/2023\/07\/iran-nuclear_v-r-alaei-afp-768x512.png 768w\" sizes=\"(max-width: 534px) 100vw, 534px\" \/><\/a><\/p>\n<p style=\"text-align: justify;\">These are the\u00a0<strong>first listings under the newly established framework<\/strong>\u00a0for restrictive measures in view of Iran&#8217;s military support of Russia&#8217;s war of aggression against Ukraine. They complement the previous four rounds of listings on Iranian drones already adopted under other sanctions regimes.<\/p>\n<p style=\"text-align: justify;\">The new listings include the company\u00a0<strong>Shakad Sanat Asmari<\/strong>, its CEO, deputy CEO and chief scientist; other companies manufacturing components for UAVs, namely\u00a0<strong>Baharestan Kish Company<\/strong>\u00a0and its managing director,\u00a0<strong>Saad Sazeh Faraz Sharif<\/strong>\u00a0and its CEO, as well as\u00a0<strong>Sarmad Electronic Sepahan Company<\/strong>, offering aerospace engineering services, and companies helping Iran\u2019s Islamic Revolutionary Guard Corps Quds Force (IRGC-QF) improve the UAV programme (<strong>Kimia Part Sivan Company<\/strong>).<\/p>\n<p style=\"text-align: justify;\">Those targeted will be subject to an\u00a0<strong>asset freeze and travel ban to the European Union<\/strong>. Additionally,\u00a0<strong>the provision of<\/strong><strong>\u00a0funds or economic resources<\/strong>, directly or indirectly, to or for the benefit of natural or legal persons, entities or bodies listed is\u00a0<strong>prohibited<\/strong>.<\/p>\n<p style=\"text-align: justify;\">The relevant legal acts, including the names of the listed individuals and entities, have been published in the Official Journal of the European Union.<\/p>\n<table style=\"width: 99.9988%; border-collapse: collapse; border-style: double; border-color: #001f7d;\" cellpadding=\"0,5\">\n<tbody>\n<tr>\n<td style=\"width: 100%;\"><a href=\"https:\/\/www.cde.ual.es\/en\/european-parliament-adopted-three-resolutions-on-human-rights-issues-in-iran-niger-and-georgia\/\" target=\"_blank\" rel=\"noopener\"><img decoding=\"async\" class=\"alignleft\" src=\"https:\/\/www.cde.ual.es\/wp-content\/uploads\/2023\/11\/pexels-pixabay-45842-1-scaled.jpg\" alt=\"\" width=\"201\" height=\"134\" \/><\/a><\/p>\n<h4 class=\"entry-title\"><a href=\"https:\/\/www.cde.ual.es\/en\/european-parliament-adopted-three-resolutions-on-human-rights-issues-in-iran-niger-and-georgia\/\" target=\"_blank\" rel=\"noopener\"> European Parliament adopted three resolutions on human rights issues in Iran, Niger and Georgia<br \/>\n<\/a><\/h4>\n<\/td>\n<\/tr>\n<\/tbody>\n<\/table>\n<p style=\"text-align: justify;\"><strong>Background<\/strong><\/p>\n<p style=\"text-align: justify;\">In its conclusions of 12 December 2022, the Council strongly condemned and considered unacceptable any type of military support by Iran, including deliveries of unmanned aerial vehicles (UAVs), to Russia\u2019s illegal, unprovoked and unjustified war of aggression against Ukraine. The weapons provided by Iran are being used indiscriminately by Russia against Ukraine\u2019s civilian population and infrastructure, causing horrendous destruction and human suffering.<\/p>\n<p style=\"text-align: justify;\">This UAV programme is run by the Ministry of Defence and Armed Forces Logistics of Iran and the Islamic Revolutionary Guard Corps (IRGC), which are both under EU restrictive measures in relation to the non-proliferation of weapons of mass destruction, and includes the procurement, development, production and transfer of UAVs, notably to Russia. It is based on State-owned as well as private companies and benefits from domestic research capabilities.<\/p>\n<p style=\"text-align: justify;\">On 20 July 2023, the Council established a new framework for restrictive measures in view of Iran&#8217;s military support of Russia&#8217;s war of aggression against Ukraine, which prohibits the export from the European Union to Iran of components used in the construction and production of UAVs, and provides for travel restrictions and asset freeze measures to be imposed against persons responsible for, supporting or involved in Iran\u2019s UAV\u2019s programme.<\/p>\n<p><strong>SOURCE<\/strong>:<a href=\"https:\/\/www.consilium.europa.eu\/es\/press\/press-releases\/2023\/12\/11\/iran-council-sanctions-6-persons-and-5-entities-under-the-framework-for-restrictive-measures-in-view-of-iran-s-military-support-of-russia-s-war-of-aggression-against-ukraine\/\" target=\"_blank\" rel=\"noopener\"> PRESS RELEASE &#8211; EUROPEAN COUNCIL<\/a><\/p>\n","protected":false},"excerpt":{"rendered":"<p>Yesterday, the European Council imposed restrictive measures against 6 persons and 5 entities\u00a0involved in Iran&#8217;s development and production of\u00a0unmanned aerial vehicles (UAV)\u00a0used in\u00a0Russia\u2019s illegal war of aggression against Ukraine. These are the\u00a0first listings under the newly established framework\u00a0for restrictive measures in view of Iran&#8217;s military support of Russia&#8217;s war of aggression against Ukraine. They complement [&hellip;]<\/p>\n","protected":false},"author":101011,"featured_media":138728,"comment_status":"open","ping_status":"open","sticky":false,"template":"","format":"standard","meta":{"_acf_changed":false,"_relevanssi_hide_post":"","_relevanssi_hide_content":"","_relevanssi_pin_for_all":"","_relevanssi_pin_keywords":"","_relevanssi_unpin_keywords":"","_relevanssi_related_keywords":"","_relevanssi_related_include_ids":"","_relevanssi_related_exclude_ids":"","_relevanssi_related_no_append":"","_relevanssi_related_not_related":"","_relevanssi_related_posts":"","_relevanssi_noindex_reason":"","_monsterinsights_skip_tracking":false,"_monsterinsights_sitenote_active":false,"_monsterinsights_sitenote_note":"","_monsterinsights_sitenote_category":0,"_genesis_hide_title":false,"_genesis_hide_breadcrumbs":false,"_genesis_hide_singular_image":false,"_genesis_hide_footer_widgets":false,"_genesis_custom_body_class":"","_genesis_custom_post_class":"","_genesis_layout":"","footnotes":""},"categories":[4075,346,4064,4065,4078],"tags":[5892,7280,2853,11085,3152,11086,3368],"class_list":{"0":"post-147435","1":"post","2":"type-post","3":"status-publish","4":"format-standard","5":"has-post-thumbnail","7":"category-defence-security","8":"category-eu-news","9":"category-institutional","10":"category-international-pol-coop","11":"category-internat-safety-pol","12":"tag-iran-en","13":"tag-restrictive-measures-en","14":"tag-russia","15":"tag-russia-agression-ukraine","16":"tag-sanctions","17":"tag-unmanned-aerial-vehicles","18":"tag-war","19":"entry"},"acf":[],"yoast_head":"<!-- This site is optimized with the Yoast SEO plugin v27.5 - https:\/\/yoast.com\/product\/yoast-seo-wordpress\/ -->\n<title>EU impose new restrictive measures to Iran due to supply unmanned aerial vehicles to Russia | CDE Almer\u00eda - Centro de Documentaci\u00f3n Europea - Universidad de Almer\u00eda<\/title>\n<meta name=\"robots\" content=\"index, follow, max-snippet:-1, max-image-preview:large, max-video-preview:-1\" \/>\n<link rel=\"canonical\" href=\"https:\/\/www.cde.ual.es\/en\/eu-impose-new-restrictive-measures-to-iran-due-to-supply-unmanned-aerial-vehicles-to-russia\/\" \/>\n<meta property=\"og:locale\" content=\"en_US\" \/>\n<meta property=\"og:type\" content=\"article\" \/>\n<meta property=\"og:title\" content=\"EU impose new restrictive measures to Iran due to supply unmanned aerial vehicles to Russia | CDE Almer\u00eda - Centro de Documentaci\u00f3n Europea - Universidad de Almer\u00eda\" \/>\n<meta property=\"og:description\" content=\"Yesterday, the European Council imposed restrictive measures against 6 persons and 5 entities\u00a0involved in Iran&#8217;s development and production of\u00a0unmanned aerial vehicles (UAV)\u00a0used in\u00a0Russia\u2019s illegal war of aggression against Ukraine. These are the\u00a0first listings under the newly established framework\u00a0for restrictive measures in view of Iran&#8217;s military support of Russia&#8217;s war of aggression against Ukraine. They complement [&hellip;]\" \/>\n<meta property=\"og:url\" content=\"https:\/\/www.cde.ual.es\/en\/eu-impose-new-restrictive-measures-to-iran-due-to-supply-unmanned-aerial-vehicles-to-russia\/\" \/>\n<meta property=\"og:site_name\" content=\"CDE Almer\u00eda - Centro de Documentaci\u00f3n Europea - Universidad de Almer\u00eda\" \/>\n<meta property=\"article:publisher\" content=\"https:\/\/www.facebook.com\/cdeuniversidadalmeria\/\" \/>\n<meta property=\"article:published_time\" content=\"2023-12-12T08:46:29+00:00\" \/>\n<meta property=\"og:image\" content=\"https:\/\/www.cde.ual.es\/wp-content\/uploads\/2023\/07\/iran-nuclear_v-r-alaei-afp.png\" \/>\n\t<meta property=\"og:image:width\" content=\"1151\" \/>\n\t<meta property=\"og:image:height\" content=\"767\" \/>\n\t<meta property=\"og:image:type\" content=\"image\/png\" \/>\n<meta name=\"author\" content=\"BECA 2 CDE\" \/>\n<meta name=\"twitter:card\" content=\"summary_large_image\" \/>\n<meta name=\"twitter:creator\" content=\"@cdeualmeria\" \/>\n<meta name=\"twitter:site\" content=\"@cdeualmeria\" \/>\n<meta name=\"twitter:label1\" content=\"Written by\" \/>\n\t<meta name=\"twitter:data1\" content=\"BECA 2 CDE\" \/>\n\t<meta name=\"twitter:label2\" content=\"Est. reading time\" \/>\n\t<meta name=\"twitter:data2\" content=\"3 minutes\" \/>\n<script type=\"application\/ld+json\" class=\"yoast-schema-graph\">{\"@context\":\"https:\\\/\\\/schema.org\",\"@graph\":[{\"@type\":\"Article\",\"@id\":\"https:\\\/\\\/www.cde.ual.es\\\/en\\\/eu-impose-new-restrictive-measures-to-iran-due-to-supply-unmanned-aerial-vehicles-to-russia\\\/#article\",\"isPartOf\":{\"@id\":\"https:\\\/\\\/www.cde.ual.es\\\/en\\\/eu-impose-new-restrictive-measures-to-iran-due-to-supply-unmanned-aerial-vehicles-to-russia\\\/\"},\"author\":{\"name\":\"BECA 2 CDE\",\"@id\":\"https:\\\/\\\/www.cde.ual.es\\\/#\\\/schema\\\/person\\\/ee46ebc19edfa19598c02cff83335acc\"},\"headline\":\"EU impose new restrictive measures to Iran due to supply unmanned aerial vehicles to Russia\",\"datePublished\":\"2023-12-12T08:46:29+00:00\",\"mainEntityOfPage\":{\"@id\":\"https:\\\/\\\/www.cde.ual.es\\\/en\\\/eu-impose-new-restrictive-measures-to-iran-due-to-supply-unmanned-aerial-vehicles-to-russia\\\/\"},\"wordCount\":451,\"commentCount\":0,\"publisher\":{\"@id\":\"https:\\\/\\\/www.cde.ual.es\\\/#organization\"},\"image\":{\"@id\":\"https:\\\/\\\/www.cde.ual.es\\\/en\\\/eu-impose-new-restrictive-measures-to-iran-due-to-supply-unmanned-aerial-vehicles-to-russia\\\/#primaryimage\"},\"thumbnailUrl\":\"https:\\\/\\\/www.cde.ual.es\\\/wp-content\\\/uploads\\\/2023\\\/07\\\/iran-nuclear_v-r-alaei-afp.png\",\"keywords\":[\"Ir\u00e1n\",\"Restrictive measures\",\"russia\",\"RUSSIA AGRESSION UKRAINE\",\"Sanctions\",\"unmanned aerial vehicles\",\"war\"],\"articleSection\":[\"Defence &amp; Security\",\"EU News\",\"Institutional Affairs\",\"International Politics and Cooperation\",\"International Safety and Defence Politics\"],\"inLanguage\":\"en-US\",\"potentialAction\":[{\"@type\":\"CommentAction\",\"name\":\"Comment\",\"target\":[\"https:\\\/\\\/www.cde.ual.es\\\/en\\\/eu-impose-new-restrictive-measures-to-iran-due-to-supply-unmanned-aerial-vehicles-to-russia\\\/#respond\"]}]},{\"@type\":\"WebPage\",\"@id\":\"https:\\\/\\\/www.cde.ual.es\\\/en\\\/eu-impose-new-restrictive-measures-to-iran-due-to-supply-unmanned-aerial-vehicles-to-russia\\\/\",\"url\":\"https:\\\/\\\/www.cde.ual.es\\\/en\\\/eu-impose-new-restrictive-measures-to-iran-due-to-supply-unmanned-aerial-vehicles-to-russia\\\/\",\"name\":\"EU impose new restrictive measures to Iran due to supply unmanned aerial vehicles to Russia | CDE Almer\u00eda - Centro de Documentaci\u00f3n Europea - Universidad de Almer\u00eda\",\"isPartOf\":{\"@id\":\"https:\\\/\\\/www.cde.ual.es\\\/#website\"},\"primaryImageOfPage\":{\"@id\":\"https:\\\/\\\/www.cde.ual.es\\\/en\\\/eu-impose-new-restrictive-measures-to-iran-due-to-supply-unmanned-aerial-vehicles-to-russia\\\/#primaryimage\"},\"image\":{\"@id\":\"https:\\\/\\\/www.cde.ual.es\\\/en\\\/eu-impose-new-restrictive-measures-to-iran-due-to-supply-unmanned-aerial-vehicles-to-russia\\\/#primaryimage\"},\"thumbnailUrl\":\"https:\\\/\\\/www.cde.ual.es\\\/wp-content\\\/uploads\\\/2023\\\/07\\\/iran-nuclear_v-r-alaei-afp.png\",\"datePublished\":\"2023-12-12T08:46:29+00:00\",\"breadcrumb\":{\"@id\":\"https:\\\/\\\/www.cde.ual.es\\\/en\\\/eu-impose-new-restrictive-measures-to-iran-due-to-supply-unmanned-aerial-vehicles-to-russia\\\/#breadcrumb\"},\"inLanguage\":\"en-US\",\"potentialAction\":[{\"@type\":\"ReadAction\",\"target\":[\"https:\\\/\\\/www.cde.ual.es\\\/en\\\/eu-impose-new-restrictive-measures-to-iran-due-to-supply-unmanned-aerial-vehicles-to-russia\\\/\"]}]},{\"@type\":\"ImageObject\",\"inLanguage\":\"en-US\",\"@id\":\"https:\\\/\\\/www.cde.ual.es\\\/en\\\/eu-impose-new-restrictive-measures-to-iran-due-to-supply-unmanned-aerial-vehicles-to-russia\\\/#primaryimage\",\"url\":\"https:\\\/\\\/www.cde.ual.es\\\/wp-content\\\/uploads\\\/2023\\\/07\\\/iran-nuclear_v-r-alaei-afp.png\",\"contentUrl\":\"https:\\\/\\\/www.cde.ual.es\\\/wp-content\\\/uploads\\\/2023\\\/07\\\/iran-nuclear_v-r-alaei-afp.png\",\"width\":1151,\"height\":767},{\"@type\":\"BreadcrumbList\",\"@id\":\"https:\\\/\\\/www.cde.ual.es\\\/en\\\/eu-impose-new-restrictive-measures-to-iran-due-to-supply-unmanned-aerial-vehicles-to-russia\\\/#breadcrumb\",\"itemListElement\":[{\"@type\":\"ListItem\",\"position\":1,\"name\":\"Inicio\",\"item\":\"https:\\\/\\\/www.cde.ual.es\\\/en\\\/\"},{\"@type\":\"ListItem\",\"position\":2,\"name\":\"EU News\",\"item\":\"https:\\\/\\\/www.cde.ual.es\\\/en\\\/category\\\/eu-news\\\/\"},{\"@type\":\"ListItem\",\"position\":3,\"name\":\"Defence &amp; Security\",\"item\":\"https:\\\/\\\/www.cde.ual.es\\\/en\\\/category\\\/eu-news\\\/defence-security\\\/\"},{\"@type\":\"ListItem\",\"position\":4,\"name\":\"International Safety and Defence Politics\",\"item\":\"https:\\\/\\\/www.cde.ual.es\\\/en\\\/category\\\/eu-news\\\/defence-security\\\/internat-safety-pol\\\/\"},{\"@type\":\"ListItem\",\"position\":5,\"name\":\"EU impose new restrictive measures to Iran due to supply unmanned aerial vehicles to Russia\"}]},{\"@type\":\"WebSite\",\"@id\":\"https:\\\/\\\/www.cde.ual.es\\\/#website\",\"url\":\"https:\\\/\\\/www.cde.ual.es\\\/\",\"name\":\"CDE Almer\u00eda - Centro de Documentaci\u00f3n Europea - Universidad de Almer\u00eda\",\"description\":\"Centro de Documentaci\u00f3n Europea de la Universidad de Almer\u00eda\",\"publisher\":{\"@id\":\"https:\\\/\\\/www.cde.ual.es\\\/#organization\"},\"alternateName\":\"CDE Almer\u00eda\",\"potentialAction\":[{\"@type\":\"SearchAction\",\"target\":{\"@type\":\"EntryPoint\",\"urlTemplate\":\"https:\\\/\\\/www.cde.ual.es\\\/?s={search_term_string}\"},\"query-input\":{\"@type\":\"PropertyValueSpecification\",\"valueRequired\":true,\"valueName\":\"search_term_string\"}}],\"inLanguage\":\"en-US\"},{\"@type\":\"Organization\",\"@id\":\"https:\\\/\\\/www.cde.ual.es\\\/#organization\",\"name\":\"Centro de Documentaci\u00f3n Europea de Almer\u00eda\",\"url\":\"https:\\\/\\\/www.cde.ual.es\\\/\",\"logo\":{\"@type\":\"ImageObject\",\"inLanguage\":\"en-US\",\"@id\":\"https:\\\/\\\/www.cde.ual.es\\\/#\\\/schema\\\/logo\\\/image\\\/\",\"url\":\"https:\\\/\\\/www.cde.ual.es\\\/wp-content\\\/uploads\\\/2025\\\/07\\\/cde-logo-3.png\",\"contentUrl\":\"https:\\\/\\\/www.cde.ual.es\\\/wp-content\\\/uploads\\\/2025\\\/07\\\/cde-logo-3.png\",\"width\":1400,\"height\":300,\"caption\":\"Centro de Documentaci\u00f3n Europea de Almer\u00eda\"},\"image\":{\"@id\":\"https:\\\/\\\/www.cde.ual.es\\\/#\\\/schema\\\/logo\\\/image\\\/\"},\"sameAs\":[\"https:\\\/\\\/www.facebook.com\\\/cdeuniversidadalmeria\\\/\",\"https:\\\/\\\/x.com\\\/cdeualmeria\",\"https:\\\/\\\/www.tiktok.com\\\/@cdealmeria\",\"https:\\\/\\\/www.instagram.com\\\/cdealmeria\\\/\",\"https:\\\/\\\/www.linkedin.com\\\/in\\\/cde-almera-812b26a9\\\/\"]},{\"@type\":\"Person\",\"@id\":\"https:\\\/\\\/www.cde.ual.es\\\/#\\\/schema\\\/person\\\/ee46ebc19edfa19598c02cff83335acc\",\"name\":\"BECA 2 CDE\",\"image\":{\"@type\":\"ImageObject\",\"inLanguage\":\"en-US\",\"@id\":\"https:\\\/\\\/secure.gravatar.com\\\/avatar\\\/35a481bbc04bbd90e91bdfa3b0b5541036c222a49b9ad37b6889a2afcb5311a5?s=96&d=mm&r=g\",\"url\":\"https:\\\/\\\/secure.gravatar.com\\\/avatar\\\/35a481bbc04bbd90e91bdfa3b0b5541036c222a49b9ad37b6889a2afcb5311a5?s=96&d=mm&r=g\",\"contentUrl\":\"https:\\\/\\\/secure.gravatar.com\\\/avatar\\\/35a481bbc04bbd90e91bdfa3b0b5541036c222a49b9ad37b6889a2afcb5311a5?s=96&d=mm&r=g\",\"caption\":\"BECA 2 CDE\"},\"sameAs\":[\"http:\\\/\\\/www.cdealmeria.com\"]}]}<\/script>\n<!-- \/ Yoast SEO plugin. -->","yoast_head_json":{"title":"EU impose new restrictive measures to Iran due to supply unmanned aerial vehicles to Russia | CDE Almer\u00eda - Centro de Documentaci\u00f3n Europea - Universidad de Almer\u00eda","robots":{"index":"index","follow":"follow","max-snippet":"max-snippet:-1","max-image-preview":"max-image-preview:large","max-video-preview":"max-video-preview:-1"},"canonical":"https:\/\/www.cde.ual.es\/en\/eu-impose-new-restrictive-measures-to-iran-due-to-supply-unmanned-aerial-vehicles-to-russia\/","og_locale":"en_US","og_type":"article","og_title":"EU impose new restrictive measures to Iran due to supply unmanned aerial vehicles to Russia | CDE Almer\u00eda - Centro de Documentaci\u00f3n Europea - Universidad de Almer\u00eda","og_description":"Yesterday, the European Council imposed restrictive measures against 6 persons and 5 entities\u00a0involved in Iran&#8217;s development and production of\u00a0unmanned aerial vehicles (UAV)\u00a0used in\u00a0Russia\u2019s illegal war of aggression against Ukraine. These are the\u00a0first listings under the newly established framework\u00a0for restrictive measures in view of Iran&#8217;s military support of Russia&#8217;s war of aggression against Ukraine. They complement [&hellip;]","og_url":"https:\/\/www.cde.ual.es\/en\/eu-impose-new-restrictive-measures-to-iran-due-to-supply-unmanned-aerial-vehicles-to-russia\/","og_site_name":"CDE Almer\u00eda - Centro de Documentaci\u00f3n Europea - Universidad de Almer\u00eda","article_publisher":"https:\/\/www.facebook.com\/cdeuniversidadalmeria\/","article_published_time":"2023-12-12T08:46:29+00:00","og_image":[{"width":1151,"height":767,"url":"https:\/\/www.cde.ual.es\/wp-content\/uploads\/2023\/07\/iran-nuclear_v-r-alaei-afp.png","type":"image\/png"}],"author":"BECA 2 CDE","twitter_card":"summary_large_image","twitter_creator":"@cdeualmeria","twitter_site":"@cdeualmeria","twitter_misc":{"Written by":"BECA 2 CDE","Est. reading time":"3 minutes"},"schema":{"@context":"https:\/\/schema.org","@graph":[{"@type":"Article","@id":"https:\/\/www.cde.ual.es\/en\/eu-impose-new-restrictive-measures-to-iran-due-to-supply-unmanned-aerial-vehicles-to-russia\/#article","isPartOf":{"@id":"https:\/\/www.cde.ual.es\/en\/eu-impose-new-restrictive-measures-to-iran-due-to-supply-unmanned-aerial-vehicles-to-russia\/"},"author":{"name":"BECA 2 CDE","@id":"https:\/\/www.cde.ual.es\/#\/schema\/person\/ee46ebc19edfa19598c02cff83335acc"},"headline":"EU impose new restrictive measures to Iran due to supply unmanned aerial vehicles to Russia","datePublished":"2023-12-12T08:46:29+00:00","mainEntityOfPage":{"@id":"https:\/\/www.cde.ual.es\/en\/eu-impose-new-restrictive-measures-to-iran-due-to-supply-unmanned-aerial-vehicles-to-russia\/"},"wordCount":451,"commentCount":0,"publisher":{"@id":"https:\/\/www.cde.ual.es\/#organization"},"image":{"@id":"https:\/\/www.cde.ual.es\/en\/eu-impose-new-restrictive-measures-to-iran-due-to-supply-unmanned-aerial-vehicles-to-russia\/#primaryimage"},"thumbnailUrl":"https:\/\/www.cde.ual.es\/wp-content\/uploads\/2023\/07\/iran-nuclear_v-r-alaei-afp.png","keywords":["Ir\u00e1n","Restrictive measures","russia","RUSSIA AGRESSION UKRAINE","Sanctions","unmanned aerial vehicles","war"],"articleSection":["Defence &amp; Security","EU News","Institutional Affairs","International Politics and Cooperation","International Safety and Defence Politics"],"inLanguage":"en-US","potentialAction":[{"@type":"CommentAction","name":"Comment","target":["https:\/\/www.cde.ual.es\/en\/eu-impose-new-restrictive-measures-to-iran-due-to-supply-unmanned-aerial-vehicles-to-russia\/#respond"]}]},{"@type":"WebPage","@id":"https:\/\/www.cde.ual.es\/en\/eu-impose-new-restrictive-measures-to-iran-due-to-supply-unmanned-aerial-vehicles-to-russia\/","url":"https:\/\/www.cde.ual.es\/en\/eu-impose-new-restrictive-measures-to-iran-due-to-supply-unmanned-aerial-vehicles-to-russia\/","name":"EU impose new restrictive measures to Iran due to supply unmanned aerial vehicles to Russia | CDE Almer\u00eda - Centro de Documentaci\u00f3n Europea - Universidad de Almer\u00eda","isPartOf":{"@id":"https:\/\/www.cde.ual.es\/#website"},"primaryImageOfPage":{"@id":"https:\/\/www.cde.ual.es\/en\/eu-impose-new-restrictive-measures-to-iran-due-to-supply-unmanned-aerial-vehicles-to-russia\/#primaryimage"},"image":{"@id":"https:\/\/www.cde.ual.es\/en\/eu-impose-new-restrictive-measures-to-iran-due-to-supply-unmanned-aerial-vehicles-to-russia\/#primaryimage"},"thumbnailUrl":"https:\/\/www.cde.ual.es\/wp-content\/uploads\/2023\/07\/iran-nuclear_v-r-alaei-afp.png","datePublished":"2023-12-12T08:46:29+00:00","breadcrumb":{"@id":"https:\/\/www.cde.ual.es\/en\/eu-impose-new-restrictive-measures-to-iran-due-to-supply-unmanned-aerial-vehicles-to-russia\/#breadcrumb"},"inLanguage":"en-US","potentialAction":[{"@type":"ReadAction","target":["https:\/\/www.cde.ual.es\/en\/eu-impose-new-restrictive-measures-to-iran-due-to-supply-unmanned-aerial-vehicles-to-russia\/"]}]},{"@type":"ImageObject","inLanguage":"en-US","@id":"https:\/\/www.cde.ual.es\/en\/eu-impose-new-restrictive-measures-to-iran-due-to-supply-unmanned-aerial-vehicles-to-russia\/#primaryimage","url":"https:\/\/www.cde.ual.es\/wp-content\/uploads\/2023\/07\/iran-nuclear_v-r-alaei-afp.png","contentUrl":"https:\/\/www.cde.ual.es\/wp-content\/uploads\/2023\/07\/iran-nuclear_v-r-alaei-afp.png","width":1151,"height":767},{"@type":"BreadcrumbList","@id":"https:\/\/www.cde.ual.es\/en\/eu-impose-new-restrictive-measures-to-iran-due-to-supply-unmanned-aerial-vehicles-to-russia\/#breadcrumb","itemListElement":[{"@type":"ListItem","position":1,"name":"Inicio","item":"https:\/\/www.cde.ual.es\/en\/"},{"@type":"ListItem","position":2,"name":"EU News","item":"https:\/\/www.cde.ual.es\/en\/category\/eu-news\/"},{"@type":"ListItem","position":3,"name":"Defence &amp; Security","item":"https:\/\/www.cde.ual.es\/en\/category\/eu-news\/defence-security\/"},{"@type":"ListItem","position":4,"name":"International Safety and Defence Politics","item":"https:\/\/www.cde.ual.es\/en\/category\/eu-news\/defence-security\/internat-safety-pol\/"},{"@type":"ListItem","position":5,"name":"EU impose new restrictive measures to Iran due to supply unmanned aerial vehicles to Russia"}]},{"@type":"WebSite","@id":"https:\/\/www.cde.ual.es\/#website","url":"https:\/\/www.cde.ual.es\/","name":"CDE Almer\u00eda - Centro de Documentaci\u00f3n Europea - Universidad de Almer\u00eda","description":"Centro de Documentaci\u00f3n Europea de la Universidad de Almer\u00eda","publisher":{"@id":"https:\/\/www.cde.ual.es\/#organization"},"alternateName":"CDE Almer\u00eda","potentialAction":[{"@type":"SearchAction","target":{"@type":"EntryPoint","urlTemplate":"https:\/\/www.cde.ual.es\/?s={search_term_string}"},"query-input":{"@type":"PropertyValueSpecification","valueRequired":true,"valueName":"search_term_string"}}],"inLanguage":"en-US"},{"@type":"Organization","@id":"https:\/\/www.cde.ual.es\/#organization","name":"Centro de Documentaci\u00f3n Europea de Almer\u00eda","url":"https:\/\/www.cde.ual.es\/","logo":{"@type":"ImageObject","inLanguage":"en-US","@id":"https:\/\/www.cde.ual.es\/#\/schema\/logo\/image\/","url":"https:\/\/www.cde.ual.es\/wp-content\/uploads\/2025\/07\/cde-logo-3.png","contentUrl":"https:\/\/www.cde.ual.es\/wp-content\/uploads\/2025\/07\/cde-logo-3.png","width":1400,"height":300,"caption":"Centro de Documentaci\u00f3n Europea de Almer\u00eda"},"image":{"@id":"https:\/\/www.cde.ual.es\/#\/schema\/logo\/image\/"},"sameAs":["https:\/\/www.facebook.com\/cdeuniversidadalmeria\/","https:\/\/x.com\/cdeualmeria","https:\/\/www.tiktok.com\/@cdealmeria","https:\/\/www.instagram.com\/cdealmeria\/","https:\/\/www.linkedin.com\/in\/cde-almera-812b26a9\/"]},{"@type":"Person","@id":"https:\/\/www.cde.ual.es\/#\/schema\/person\/ee46ebc19edfa19598c02cff83335acc","name":"BECA 2 CDE","image":{"@type":"ImageObject","inLanguage":"en-US","@id":"https:\/\/secure.gravatar.com\/avatar\/35a481bbc04bbd90e91bdfa3b0b5541036c222a49b9ad37b6889a2afcb5311a5?s=96&d=mm&r=g","url":"https:\/\/secure.gravatar.com\/avatar\/35a481bbc04bbd90e91bdfa3b0b5541036c222a49b9ad37b6889a2afcb5311a5?s=96&d=mm&r=g","contentUrl":"https:\/\/secure.gravatar.com\/avatar\/35a481bbc04bbd90e91bdfa3b0b5541036c222a49b9ad37b6889a2afcb5311a5?s=96&d=mm&r=g","caption":"BECA 2 CDE"},"sameAs":["http:\/\/www.cdealmeria.com"]}]}},"_links":{"self":[{"href":"https:\/\/www.cde.ual.es\/en\/wp-json\/wp\/v2\/posts\/147435","targetHints":{"allow":["GET"]}}],"collection":[{"href":"https:\/\/www.cde.ual.es\/en\/wp-json\/wp\/v2\/posts"}],"about":[{"href":"https:\/\/www.cde.ual.es\/en\/wp-json\/wp\/v2\/types\/post"}],"author":[{"embeddable":true,"href":"https:\/\/www.cde.ual.es\/en\/wp-json\/wp\/v2\/users\/101011"}],"replies":[{"embeddable":true,"href":"https:\/\/www.cde.ual.es\/en\/wp-json\/wp\/v2\/comments?post=147435"}],"version-history":[{"count":1,"href":"https:\/\/www.cde.ual.es\/en\/wp-json\/wp\/v2\/posts\/147435\/revisions"}],"predecessor-version":[{"id":147436,"href":"https:\/\/www.cde.ual.es\/en\/wp-json\/wp\/v2\/posts\/147435\/revisions\/147436"}],"wp:featuredmedia":[{"embeddable":true,"href":"https:\/\/www.cde.ual.es\/en\/wp-json\/wp\/v2\/media\/138728"}],"wp:attachment":[{"href":"https:\/\/www.cde.ual.es\/en\/wp-json\/wp\/v2\/media?parent=147435"}],"wp:term":[{"taxonomy":"category","embeddable":true,"href":"https:\/\/www.cde.ual.es\/en\/wp-json\/wp\/v2\/categories?post=147435"},{"taxonomy":"post_tag","embeddable":true,"href":"https:\/\/www.cde.ual.es\/en\/wp-json\/wp\/v2\/tags?post=147435"}],"curies":[{"name":"wp","href":"https:\/\/api.w.org\/{rel}","templated":true}]}}