{"id":147366,"date":"2023-12-12T03:00:54","date_gmt":"2023-12-12T02:00:54","guid":{"rendered":"https:\/\/www.cde.ual.es\/?p=147366"},"modified":"2023-12-12T08:09:23","modified_gmt":"2023-12-12T07:09:23","slug":"eu-china-summit-7-december-2023-main-results","status":"publish","type":"post","link":"https:\/\/www.cde.ual.es\/en\/eu-china-summit-7-december-2023-main-results\/","title":{"rendered":"EU-China summit, 7 December 2023 &#8211; Main results"},"content":{"rendered":"<div class=\"col-md-9 council-left-content-basic\">\n<p style=\"text-align: justify;\">The 24th EU-China summit took place in Beijing, China. This was the first in-person EU-China summit since 2019.<\/p>\n<\/div>\n<div class=\"col-md-9 council-left-content-basic council-flexify-item\">\n<article>\n<div class=\"floated-right \" style=\"text-align: justify;\">\n<figure class=\"figure\"><img decoding=\"async\" class=\"img-responsive aligncenter\" src=\"https:\/\/www.consilium.europa.eu\/media\/68644\/38515b69-bb1f-452d-a1c7-774247998a87_hp.jpg\" alt=\"Charles MICHEL (President of the European Council), Xi JINPING (President of China), Ursula VON DER LEYEN (President of the European Commission)\" width=\"481\" height=\"271\" \/><figcaption><\/figcaption><\/figure>\n<\/div>\n<p style=\"text-align: justify;\">President of the European Council, Charles Michel, and President of the European Commission, Ursula von der Leyen, accompanied by High Representative Josep Borrell, represented the EU. They met Chinese President Xi Jinping and Premier Li Qiang at two separate sessions.<\/p>\n<p style=\"text-align: justify;\">The summit was an opportunity to engage with China at the highest level and to pursue\u00a0<strong>constructive and stable EU-China relations.<\/strong><\/p>\n<blockquote>\n<div class=\"quote_txt\">\n<p>The EU and China have a shared interest in a stable and constructive relationship based on respect for the international rules-based order.<\/p>\n<p><cite title=\"President Charles Michel\">President Charles Michel<\/cite><\/p>\n<\/div>\n<\/blockquote>\n<p style=\"text-align: justify;\">Discussions at the summit revolved around the state of\u00a0<strong>EU-China relations<\/strong>\u00a0, including the trade and economic relationship, and\u00a0<strong>international issues<\/strong>.<\/p>\n<ul class=\"council-link-list padding-bottom-20\" style=\"text-align: justify;\">\n<li><a class=\"\" title=\"24th EU-China summit: engaging to promote our values and defend our interests (press release, 7 December 2023)\" href=\"https:\/\/www.consilium.europa.eu\/en\/press\/press-releases\/2023\/12\/07\/24th-eu-china-summit-engaging-to-promote-our-values-and-defend-our-interests\/\">24th EU-China summit: engaging to promote our values and defend our interests (press release, 7 December 2023)<\/a><\/li>\n<li><a class=\"\" title=\"Remarks by President Charles Michel at the press conference following the EU-China summit in Beijing (press release, 7 December 2023)\" href=\"https:\/\/www.consilium.europa.eu\/en\/press\/press-releases\/2023\/12\/07\/remarks-by-president-charles-michel-at-the-press-conference-following-the-eu-china-summit-in-beijing\/\">Remarks by President Charles Michel at the press conference following the EU-China summit in Beijing (press release, 7 December 2023)<\/a><\/li>\n<\/ul>\n<p style=\"text-align: justify;\"><strong>Trade and economy<\/strong><\/p>\n<p style=\"text-align: justify;\">The EU and China are\u00a0<strong>major economic partners<\/strong>. However, the EU\u2019s trade deficit with China is almost \u20ac400 billion.<\/p>\n<p style=\"text-align: justify;\">The EU therefore stressed to China the importance of achieving a<strong>\u00a0more balanced economic relationship<\/strong>\u00a0with a level playing field and reciprocity.<\/p>\n<p style=\"text-align: justify;\">The EU expects China to take more concrete action to improve market access and the investment environment for EU investors and exporters.<\/p>\n<p style=\"text-align: justify;\">The EU aims to strengthen resilience by addressing critical dependencies in specific sectors, in full compliance with the World Trade Organization rules.<\/p>\n<p style=\"text-align: justify;\"><strong>Russia\u2019s war of aggression against Ukraine<\/strong><\/p>\n<div class=\"floated-right well\" style=\"text-align: justify;\">\n<figure class=\"figure\">\n<p class=\"h4 margin-y-10\">Infographic &#8211; EU solidarity with Ukraine<\/p>\n<p><a href=\"https:\/\/www.consilium.europa.eu\/en\/infographics\/eu-solidarity-ukraine\/\">See full infographic<\/a><\/figure>\n<\/div>\n<p style=\"text-align: justify;\">The leaders discussed Russia\u2019s war of aggression against Ukraine.<\/p>\n<p style=\"text-align: justify;\">EU countries are committed to continuing their\u00a0<strong>strong support for the people of Ukraine<\/strong>.<\/p>\n<p style=\"text-align: justify;\">During the summit, the EU:<\/p>\n<ul style=\"text-align: justify;\">\n<li>reiterated that, as a permanent member of the UN Security Council, China has a special responsibility in upholding the UN Charter\u2019s core principles<\/li>\n<li>strongly encouraged China to engage on Ukraine\u2019s peace formula<\/li>\n<li>insisted that China should refrain from supplying lethal weapons to Russia<\/li>\n<li>reiterated how important it is that China help to prevent Russia from circumventing sanctions<\/li>\n<\/ul>\n<ul class=\"council-link-list padding-bottom-20\" style=\"text-align: justify;\">\n<li><a class=\"\" title=\"EU response to Russia's invasion of Ukraine (background information)\" href=\"https:\/\/www.consilium.europa.eu\/en\/policies\/eu-response-ukraine-invasion\/\">EU response to Russia&#8217;s invasion of Ukraine (background information)<\/a><\/li>\n<li><a class=\"\" title=\"EU restrictive measures in response to the crisis in Ukraine (background information)\" href=\"https:\/\/www.consilium.europa.eu\/en\/policies\/sanctions\/restrictive-measures-against-russia-over-ukraine\/\">EU restrictive measures in response to the crisis in Ukraine (background information)<\/a><\/li>\n<\/ul>\n<p style=\"text-align: justify;\"><strong>Middle East<\/strong><\/p>\n<p style=\"text-align: justify;\">EU and Chinese leaders also discussed the tragic events unfolding in the Middle East.<\/p>\n<p style=\"text-align: justify;\">The EU condemned in the strongest terms the indiscriminate and brutal terrorist attacks by Hamas against Israel.<\/p>\n<p style=\"text-align: justify;\">The EU reiterated Israel\u2019s right to defend itself in line with international humanitarian law.<\/p>\n<p style=\"text-align: justify;\">The EU and China agreed that\u00a0<strong>getting life-saving aid\u00a0<\/strong>to the most vulnerable must be a<strong>\u00a0top priority<\/strong>.<\/p>\n<p style=\"text-align: justify;\">Since the start of the war, the EU has quadrupled its humanitarian aid to over 100 million euro.<\/p>\n<blockquote>\n<div class=\"quote_txt\">\n<p>As global players, we agreed that the European Union and China have a special responsibility to work for peace.<\/p>\n<p><cite title=\"President Charles Michel\">President Charles Michel<\/cite><\/p>\n<\/div>\n<\/blockquote>\n<p style=\"text-align: justify;\">Both the EU and China support the revival of a political process based on the<strong>\u00a0two-state solution<\/strong>.<\/p>\n<ul class=\"council-link-list padding-bottom-20\" style=\"text-align: justify;\">\n<li><a class=\"\" title=\"European Council conclusions on Middle East, 26 October 2023\" href=\"https:\/\/www.consilium.europa.eu\/en\/press\/press-releases\/2023\/10\/26\/european-council-conclusions-on-middle-east-26-october-2023\/\">European Council conclusions on Middle East, 26 October 2023<\/a><\/li>\n<\/ul>\n<p style=\"text-align: justify;\"><strong>Global challenges<\/strong><\/p>\n<div class=\"floated-right well\" style=\"text-align: justify;\">\n<figure class=\"figure\">\n<p class=\"h4 margin-y-10\">Infographic &#8211; Paris Agreement: the EU&#8217;s road to climate neutrality<\/p>\n<p><a href=\"https:\/\/www.consilium.europa.eu\/en\/infographics\/paris-agreement-eu\/\">See full infographic<\/a><\/figure>\n<\/div>\n<p style=\"text-align: justify;\">EU and Chinese leaders\u00a0discussed areas of shared interest such as\u00a0<strong>climate change\u00a0<\/strong>and\u00a0<strong>health.<\/strong><\/p>\n<p style=\"text-align: justify;\">The EU acknowledged recent progress on the expansion of renewable energy and China\u2019s intention to tackle methane emissions.<\/p>\n<p style=\"text-align: justify;\">The EU encouraged China to:<\/p>\n<ul style=\"text-align: justify;\">\n<li>triple renewable energy capacity<\/li>\n<li>double energy efficiency by 2030<\/li>\n<li>join the global methane pledge<\/li>\n<\/ul>\n<ul class=\"council-link-list padding-bottom-20\" style=\"text-align: justify;\">\n<li><a class=\"\" title=\"Climate goals and the EU\u02bcs external policy (background information)\" href=\"https:\/\/www.consilium.europa.eu\/en\/policies\/climate-change\/climate-external-policy\/\">Climate goals and the EU\u02bcs external policy (background information)<\/a><\/li>\n<\/ul>\n<p style=\"text-align: justify;\">The EU and China are cooperating to improve global health. This includes work on an international pandemic treaty.<\/p>\n<ul class=\"council-link-list padding-bottom-20\" style=\"text-align: justify;\">\n<li><a class=\"\" title=\"An international treaty on pandemic prevention and preparedness (background information)\" href=\"https:\/\/www.consilium.europa.eu\/en\/policies\/coronavirus\/pandemic-treaty\/\">An international treaty on pandemic prevention and preparedness (background information)<\/a><\/li>\n<\/ul>\n<p style=\"text-align: justify;\"><strong>Human rights<\/strong><\/p>\n<p style=\"text-align: justify;\">The EU welcomed the resumption of the human rights dialogue.<\/p>\n<blockquote>\n<div class=\"quote_txt\">\n<p>For the EU, human rights and fundamental freedoms are universal. They are non-negotiable.<\/p>\n<p><cite title=\"President Charles Michel\">President Charles Michel<\/cite><\/p>\n<\/div>\n<\/blockquote>\n<p style=\"text-align: justify;\">During the summit, the EU nevertheless reiterated its\u00a0<strong>deep concerns about the human rights situation in China<\/strong>, in particular about:<\/p>\n<ul style=\"text-align: justify;\">\n<li>systemic human rights violations in Xinjiang and Tibet<\/li>\n<li>forced labour<\/li>\n<li>the treatment of human rights defenders and persons belonging to minorities<\/li>\n<\/ul>\n<p style=\"text-align: justify;\"><strong>Asian region<\/strong><\/p>\n<p style=\"text-align: justify;\">The EU reaffirmed its \u2018one China\u2019 policy and expressed its\u00a0<strong>concerns<\/strong>\u00a0about the growing tensions in the\u00a0<strong>Taiwan Strait\u00a0<\/strong>and\u00a0<strong>the East and South China Seas<\/strong>.<\/p>\n<blockquote>\n<div class=\"quote_txt\" style=\"text-align: justify;\">\n<p>In the EU, we are opposed to any unilateral attempts to change the status quo by force or coercion.<\/p>\n<p><cite title=\"President Charles Michel\">President Charles Michel<\/cite><\/p>\n<\/div>\n<\/blockquote>\n<div><strong>Source<\/strong>:<a href=\"https:\/\/www.consilium.europa.eu\/en\/meetings\/international-summit\/2023\/12\/07\/\" target=\"_blank\" rel=\"noopener\"> Press release &#8211; European Union<\/a><\/div>\n<\/article>\n<\/div>\n","protected":false},"excerpt":{"rendered":"<p>The 24th EU-China summit took place in Beijing, China. This was the first in-person EU-China summit since 2019. President of the European Council, Charles Michel, and President of the European Commission, Ursula von der Leyen, accompanied by High Representative Josep Borrell, represented the EU. They met Chinese President Xi Jinping and Premier Li Qiang at [&hellip;]<\/p>\n","protected":false},"author":101011,"featured_media":147363,"comment_status":"open","ping_status":"open","sticky":false,"template":"","format":"standard","meta":{"_acf_changed":false,"_relevanssi_hide_post":"","_relevanssi_hide_content":"","_relevanssi_pin_for_all":"","_relevanssi_pin_keywords":"","_relevanssi_unpin_keywords":"","_relevanssi_related_keywords":"","_relevanssi_related_include_ids":"","_relevanssi_related_exclude_ids":"","_relevanssi_related_no_append":"","_relevanssi_related_not_related":"","_relevanssi_related_posts":"","_relevanssi_noindex_reason":"","_monsterinsights_skip_tracking":false,"_monsterinsights_sitenote_active":false,"_monsterinsights_sitenote_note":"","_monsterinsights_sitenote_category":0,"_genesis_hide_title":false,"_genesis_hide_breadcrumbs":false,"_genesis_hide_singular_image":false,"_genesis_hide_footer_widgets":false,"_genesis_custom_body_class":"","_genesis_custom_post_class":"","_genesis_layout":"","footnotes":""},"categories":[346,4064,4065],"tags":[529,441,11078,11079,779,11077,421,420,5903],"class_list":{"0":"post-147366","1":"post","2":"type-post","3":"status-publish","4":"format-standard","5":"has-post-thumbnail","7":"category-eu-news","8":"category-institutional","9":"category-international-pol-coop","10":"tag-asia-en","11":"tag-china-en","12":"tag-cooepration","13":"tag-economic-issues","14":"tag-eu-en","15":"tag-eu-china-summit","16":"tag-human-rights","17":"tag-international-cooperation","18":"tag-middle-east","19":"entry"},"acf":[],"yoast_head":"<!-- This site is optimized with the Yoast SEO plugin v27.5 - https:\/\/yoast.com\/product\/yoast-seo-wordpress\/ -->\n<title>EU-China summit, 7 December 2023 - Main results | CDE Almer\u00eda - Centro de Documentaci\u00f3n Europea - Universidad de Almer\u00eda<\/title>\n<meta name=\"robots\" content=\"index, follow, max-snippet:-1, max-image-preview:large, max-video-preview:-1\" \/>\n<link rel=\"canonical\" href=\"https:\/\/www.cde.ual.es\/en\/eu-china-summit-7-december-2023-main-results\/\" \/>\n<meta property=\"og:locale\" content=\"en_US\" \/>\n<meta property=\"og:type\" content=\"article\" \/>\n<meta property=\"og:title\" content=\"EU-China summit, 7 December 2023 - Main results | CDE Almer\u00eda - Centro de Documentaci\u00f3n Europea - Universidad de Almer\u00eda\" \/>\n<meta property=\"og:description\" content=\"The 24th EU-China summit took place in Beijing, China. This was the first in-person EU-China summit since 2019. President of the European Council, Charles Michel, and President of the European Commission, Ursula von der Leyen, accompanied by High Representative Josep Borrell, represented the EU. They met Chinese President Xi Jinping and Premier Li Qiang at [&hellip;]\" \/>\n<meta property=\"og:url\" content=\"https:\/\/www.cde.ual.es\/en\/eu-china-summit-7-december-2023-main-results\/\" \/>\n<meta property=\"og:site_name\" content=\"CDE Almer\u00eda - Centro de Documentaci\u00f3n Europea - Universidad de Almer\u00eda\" \/>\n<meta property=\"article:publisher\" content=\"https:\/\/www.facebook.com\/cdeuniversidadalmeria\/\" \/>\n<meta property=\"article:published_time\" content=\"2023-12-12T02:00:54+00:00\" \/>\n<meta property=\"article:modified_time\" content=\"2023-12-12T07:09:23+00:00\" \/>\n<meta property=\"og:image\" content=\"https:\/\/www.cde.ual.es\/wp-content\/uploads\/2023\/12\/38515b69-bb1f-452d-a1c7-774247998a87_hp.jpg\" \/>\n\t<meta property=\"og:image:width\" content=\"1151\" \/>\n\t<meta property=\"og:image:height\" content=\"649\" \/>\n\t<meta property=\"og:image:type\" content=\"image\/jpeg\" \/>\n<meta name=\"author\" content=\"BECA 2 CDE\" \/>\n<meta name=\"twitter:card\" content=\"summary_large_image\" \/>\n<meta name=\"twitter:creator\" content=\"@cdeualmeria\" \/>\n<meta name=\"twitter:site\" content=\"@cdeualmeria\" \/>\n<meta name=\"twitter:label1\" content=\"Written by\" \/>\n\t<meta name=\"twitter:data1\" content=\"BECA 2 CDE\" \/>\n\t<meta name=\"twitter:label2\" content=\"Est. reading time\" \/>\n\t<meta name=\"twitter:data2\" content=\"4 minutes\" \/>\n<script type=\"application\/ld+json\" class=\"yoast-schema-graph\">{\"@context\":\"https:\\\/\\\/schema.org\",\"@graph\":[{\"@type\":\"Article\",\"@id\":\"https:\\\/\\\/www.cde.ual.es\\\/en\\\/eu-china-summit-7-december-2023-main-results\\\/#article\",\"isPartOf\":{\"@id\":\"https:\\\/\\\/www.cde.ual.es\\\/en\\\/eu-china-summit-7-december-2023-main-results\\\/\"},\"author\":{\"name\":\"BECA 2 CDE\",\"@id\":\"https:\\\/\\\/www.cde.ual.es\\\/#\\\/schema\\\/person\\\/ee46ebc19edfa19598c02cff83335acc\"},\"headline\":\"EU-China summit, 7 December 2023 &#8211; Main results\",\"datePublished\":\"2023-12-12T02:00:54+00:00\",\"dateModified\":\"2023-12-12T07:09:23+00:00\",\"mainEntityOfPage\":{\"@id\":\"https:\\\/\\\/www.cde.ual.es\\\/en\\\/eu-china-summit-7-december-2023-main-results\\\/\"},\"wordCount\":736,\"commentCount\":0,\"publisher\":{\"@id\":\"https:\\\/\\\/www.cde.ual.es\\\/#organization\"},\"image\":{\"@id\":\"https:\\\/\\\/www.cde.ual.es\\\/en\\\/eu-china-summit-7-december-2023-main-results\\\/#primaryimage\"},\"thumbnailUrl\":\"https:\\\/\\\/www.cde.ual.es\\\/wp-content\\\/uploads\\\/2023\\\/12\\\/38515b69-bb1f-452d-a1c7-774247998a87_hp.jpg\",\"keywords\":[\"Asia\",\"China\",\"cooepration\",\"economic issues\",\"EU\",\"eu china summit\",\"Human Rights\",\"International Cooperation\",\"middle east\"],\"articleSection\":[\"EU News\",\"Institutional Affairs\",\"International Politics and Cooperation\"],\"inLanguage\":\"en-US\",\"potentialAction\":[{\"@type\":\"CommentAction\",\"name\":\"Comment\",\"target\":[\"https:\\\/\\\/www.cde.ual.es\\\/en\\\/eu-china-summit-7-december-2023-main-results\\\/#respond\"]}]},{\"@type\":\"WebPage\",\"@id\":\"https:\\\/\\\/www.cde.ual.es\\\/en\\\/eu-china-summit-7-december-2023-main-results\\\/\",\"url\":\"https:\\\/\\\/www.cde.ual.es\\\/en\\\/eu-china-summit-7-december-2023-main-results\\\/\",\"name\":\"EU-China summit, 7 December 2023 - Main results | CDE Almer\u00eda - Centro de Documentaci\u00f3n Europea - Universidad de Almer\u00eda\",\"isPartOf\":{\"@id\":\"https:\\\/\\\/www.cde.ual.es\\\/#website\"},\"primaryImageOfPage\":{\"@id\":\"https:\\\/\\\/www.cde.ual.es\\\/en\\\/eu-china-summit-7-december-2023-main-results\\\/#primaryimage\"},\"image\":{\"@id\":\"https:\\\/\\\/www.cde.ual.es\\\/en\\\/eu-china-summit-7-december-2023-main-results\\\/#primaryimage\"},\"thumbnailUrl\":\"https:\\\/\\\/www.cde.ual.es\\\/wp-content\\\/uploads\\\/2023\\\/12\\\/38515b69-bb1f-452d-a1c7-774247998a87_hp.jpg\",\"datePublished\":\"2023-12-12T02:00:54+00:00\",\"dateModified\":\"2023-12-12T07:09:23+00:00\",\"breadcrumb\":{\"@id\":\"https:\\\/\\\/www.cde.ual.es\\\/en\\\/eu-china-summit-7-december-2023-main-results\\\/#breadcrumb\"},\"inLanguage\":\"en-US\",\"potentialAction\":[{\"@type\":\"ReadAction\",\"target\":[\"https:\\\/\\\/www.cde.ual.es\\\/en\\\/eu-china-summit-7-december-2023-main-results\\\/\"]}]},{\"@type\":\"ImageObject\",\"inLanguage\":\"en-US\",\"@id\":\"https:\\\/\\\/www.cde.ual.es\\\/en\\\/eu-china-summit-7-december-2023-main-results\\\/#primaryimage\",\"url\":\"https:\\\/\\\/www.cde.ual.es\\\/wp-content\\\/uploads\\\/2023\\\/12\\\/38515b69-bb1f-452d-a1c7-774247998a87_hp.jpg\",\"contentUrl\":\"https:\\\/\\\/www.cde.ual.es\\\/wp-content\\\/uploads\\\/2023\\\/12\\\/38515b69-bb1f-452d-a1c7-774247998a87_hp.jpg\",\"width\":1151,\"height\":649},{\"@type\":\"BreadcrumbList\",\"@id\":\"https:\\\/\\\/www.cde.ual.es\\\/en\\\/eu-china-summit-7-december-2023-main-results\\\/#breadcrumb\",\"itemListElement\":[{\"@type\":\"ListItem\",\"position\":1,\"name\":\"Inicio\",\"item\":\"https:\\\/\\\/www.cde.ual.es\\\/en\\\/\"},{\"@type\":\"ListItem\",\"position\":2,\"name\":\"EU News\",\"item\":\"https:\\\/\\\/www.cde.ual.es\\\/en\\\/category\\\/eu-news\\\/\"},{\"@type\":\"ListItem\",\"position\":3,\"name\":\"Institutional Affairs\",\"item\":\"https:\\\/\\\/www.cde.ual.es\\\/en\\\/category\\\/eu-news\\\/institutional\\\/\"},{\"@type\":\"ListItem\",\"position\":4,\"name\":\"International Politics and Cooperation\",\"item\":\"https:\\\/\\\/www.cde.ual.es\\\/en\\\/category\\\/eu-news\\\/institutional\\\/international-pol-coop\\\/\"},{\"@type\":\"ListItem\",\"position\":5,\"name\":\"EU-China summit, 7 December 2023 &#8211; Main results\"}]},{\"@type\":\"WebSite\",\"@id\":\"https:\\\/\\\/www.cde.ual.es\\\/#website\",\"url\":\"https:\\\/\\\/www.cde.ual.es\\\/\",\"name\":\"CDE Almer\u00eda - Centro de Documentaci\u00f3n Europea - Universidad de Almer\u00eda\",\"description\":\"Centro de Documentaci\u00f3n Europea de la Universidad de Almer\u00eda\",\"publisher\":{\"@id\":\"https:\\\/\\\/www.cde.ual.es\\\/#organization\"},\"alternateName\":\"CDE Almer\u00eda\",\"potentialAction\":[{\"@type\":\"SearchAction\",\"target\":{\"@type\":\"EntryPoint\",\"urlTemplate\":\"https:\\\/\\\/www.cde.ual.es\\\/?s={search_term_string}\"},\"query-input\":{\"@type\":\"PropertyValueSpecification\",\"valueRequired\":true,\"valueName\":\"search_term_string\"}}],\"inLanguage\":\"en-US\"},{\"@type\":\"Organization\",\"@id\":\"https:\\\/\\\/www.cde.ual.es\\\/#organization\",\"name\":\"Centro de Documentaci\u00f3n Europea de Almer\u00eda\",\"url\":\"https:\\\/\\\/www.cde.ual.es\\\/\",\"logo\":{\"@type\":\"ImageObject\",\"inLanguage\":\"en-US\",\"@id\":\"https:\\\/\\\/www.cde.ual.es\\\/#\\\/schema\\\/logo\\\/image\\\/\",\"url\":\"https:\\\/\\\/www.cde.ual.es\\\/wp-content\\\/uploads\\\/2025\\\/07\\\/cde-logo-3.png\",\"contentUrl\":\"https:\\\/\\\/www.cde.ual.es\\\/wp-content\\\/uploads\\\/2025\\\/07\\\/cde-logo-3.png\",\"width\":1400,\"height\":300,\"caption\":\"Centro de Documentaci\u00f3n Europea de Almer\u00eda\"},\"image\":{\"@id\":\"https:\\\/\\\/www.cde.ual.es\\\/#\\\/schema\\\/logo\\\/image\\\/\"},\"sameAs\":[\"https:\\\/\\\/www.facebook.com\\\/cdeuniversidadalmeria\\\/\",\"https:\\\/\\\/x.com\\\/cdeualmeria\",\"https:\\\/\\\/www.tiktok.com\\\/@cdealmeria\",\"https:\\\/\\\/www.instagram.com\\\/cdealmeria\\\/\",\"https:\\\/\\\/www.linkedin.com\\\/in\\\/cde-almera-812b26a9\\\/\"]},{\"@type\":\"Person\",\"@id\":\"https:\\\/\\\/www.cde.ual.es\\\/#\\\/schema\\\/person\\\/ee46ebc19edfa19598c02cff83335acc\",\"name\":\"BECA 2 CDE\",\"image\":{\"@type\":\"ImageObject\",\"inLanguage\":\"en-US\",\"@id\":\"https:\\\/\\\/secure.gravatar.com\\\/avatar\\\/35a481bbc04bbd90e91bdfa3b0b5541036c222a49b9ad37b6889a2afcb5311a5?s=96&d=mm&r=g\",\"url\":\"https:\\\/\\\/secure.gravatar.com\\\/avatar\\\/35a481bbc04bbd90e91bdfa3b0b5541036c222a49b9ad37b6889a2afcb5311a5?s=96&d=mm&r=g\",\"contentUrl\":\"https:\\\/\\\/secure.gravatar.com\\\/avatar\\\/35a481bbc04bbd90e91bdfa3b0b5541036c222a49b9ad37b6889a2afcb5311a5?s=96&d=mm&r=g\",\"caption\":\"BECA 2 CDE\"},\"sameAs\":[\"http:\\\/\\\/www.cdealmeria.com\"]}]}<\/script>\n<!-- \/ Yoast SEO plugin. -->","yoast_head_json":{"title":"EU-China summit, 7 December 2023 - Main results | CDE Almer\u00eda - Centro de Documentaci\u00f3n Europea - Universidad de Almer\u00eda","robots":{"index":"index","follow":"follow","max-snippet":"max-snippet:-1","max-image-preview":"max-image-preview:large","max-video-preview":"max-video-preview:-1"},"canonical":"https:\/\/www.cde.ual.es\/en\/eu-china-summit-7-december-2023-main-results\/","og_locale":"en_US","og_type":"article","og_title":"EU-China summit, 7 December 2023 - Main results | CDE Almer\u00eda - Centro de Documentaci\u00f3n Europea - Universidad de Almer\u00eda","og_description":"The 24th EU-China summit took place in Beijing, China. This was the first in-person EU-China summit since 2019. President of the European Council, Charles Michel, and President of the European Commission, Ursula von der Leyen, accompanied by High Representative Josep Borrell, represented the EU. They met Chinese President Xi Jinping and Premier Li Qiang at [&hellip;]","og_url":"https:\/\/www.cde.ual.es\/en\/eu-china-summit-7-december-2023-main-results\/","og_site_name":"CDE Almer\u00eda - Centro de Documentaci\u00f3n Europea - Universidad de Almer\u00eda","article_publisher":"https:\/\/www.facebook.com\/cdeuniversidadalmeria\/","article_published_time":"2023-12-12T02:00:54+00:00","article_modified_time":"2023-12-12T07:09:23+00:00","og_image":[{"width":1151,"height":649,"url":"https:\/\/www.cde.ual.es\/wp-content\/uploads\/2023\/12\/38515b69-bb1f-452d-a1c7-774247998a87_hp.jpg","type":"image\/jpeg"}],"author":"BECA 2 CDE","twitter_card":"summary_large_image","twitter_creator":"@cdeualmeria","twitter_site":"@cdeualmeria","twitter_misc":{"Written by":"BECA 2 CDE","Est. reading time":"4 minutes"},"schema":{"@context":"https:\/\/schema.org","@graph":[{"@type":"Article","@id":"https:\/\/www.cde.ual.es\/en\/eu-china-summit-7-december-2023-main-results\/#article","isPartOf":{"@id":"https:\/\/www.cde.ual.es\/en\/eu-china-summit-7-december-2023-main-results\/"},"author":{"name":"BECA 2 CDE","@id":"https:\/\/www.cde.ual.es\/#\/schema\/person\/ee46ebc19edfa19598c02cff83335acc"},"headline":"EU-China summit, 7 December 2023 &#8211; Main results","datePublished":"2023-12-12T02:00:54+00:00","dateModified":"2023-12-12T07:09:23+00:00","mainEntityOfPage":{"@id":"https:\/\/www.cde.ual.es\/en\/eu-china-summit-7-december-2023-main-results\/"},"wordCount":736,"commentCount":0,"publisher":{"@id":"https:\/\/www.cde.ual.es\/#organization"},"image":{"@id":"https:\/\/www.cde.ual.es\/en\/eu-china-summit-7-december-2023-main-results\/#primaryimage"},"thumbnailUrl":"https:\/\/www.cde.ual.es\/wp-content\/uploads\/2023\/12\/38515b69-bb1f-452d-a1c7-774247998a87_hp.jpg","keywords":["Asia","China","cooepration","economic issues","EU","eu china summit","Human Rights","International Cooperation","middle east"],"articleSection":["EU News","Institutional Affairs","International Politics and Cooperation"],"inLanguage":"en-US","potentialAction":[{"@type":"CommentAction","name":"Comment","target":["https:\/\/www.cde.ual.es\/en\/eu-china-summit-7-december-2023-main-results\/#respond"]}]},{"@type":"WebPage","@id":"https:\/\/www.cde.ual.es\/en\/eu-china-summit-7-december-2023-main-results\/","url":"https:\/\/www.cde.ual.es\/en\/eu-china-summit-7-december-2023-main-results\/","name":"EU-China summit, 7 December 2023 - Main results | CDE Almer\u00eda - Centro de Documentaci\u00f3n Europea - Universidad de Almer\u00eda","isPartOf":{"@id":"https:\/\/www.cde.ual.es\/#website"},"primaryImageOfPage":{"@id":"https:\/\/www.cde.ual.es\/en\/eu-china-summit-7-december-2023-main-results\/#primaryimage"},"image":{"@id":"https:\/\/www.cde.ual.es\/en\/eu-china-summit-7-december-2023-main-results\/#primaryimage"},"thumbnailUrl":"https:\/\/www.cde.ual.es\/wp-content\/uploads\/2023\/12\/38515b69-bb1f-452d-a1c7-774247998a87_hp.jpg","datePublished":"2023-12-12T02:00:54+00:00","dateModified":"2023-12-12T07:09:23+00:00","breadcrumb":{"@id":"https:\/\/www.cde.ual.es\/en\/eu-china-summit-7-december-2023-main-results\/#breadcrumb"},"inLanguage":"en-US","potentialAction":[{"@type":"ReadAction","target":["https:\/\/www.cde.ual.es\/en\/eu-china-summit-7-december-2023-main-results\/"]}]},{"@type":"ImageObject","inLanguage":"en-US","@id":"https:\/\/www.cde.ual.es\/en\/eu-china-summit-7-december-2023-main-results\/#primaryimage","url":"https:\/\/www.cde.ual.es\/wp-content\/uploads\/2023\/12\/38515b69-bb1f-452d-a1c7-774247998a87_hp.jpg","contentUrl":"https:\/\/www.cde.ual.es\/wp-content\/uploads\/2023\/12\/38515b69-bb1f-452d-a1c7-774247998a87_hp.jpg","width":1151,"height":649},{"@type":"BreadcrumbList","@id":"https:\/\/www.cde.ual.es\/en\/eu-china-summit-7-december-2023-main-results\/#breadcrumb","itemListElement":[{"@type":"ListItem","position":1,"name":"Inicio","item":"https:\/\/www.cde.ual.es\/en\/"},{"@type":"ListItem","position":2,"name":"EU News","item":"https:\/\/www.cde.ual.es\/en\/category\/eu-news\/"},{"@type":"ListItem","position":3,"name":"Institutional Affairs","item":"https:\/\/www.cde.ual.es\/en\/category\/eu-news\/institutional\/"},{"@type":"ListItem","position":4,"name":"International Politics and Cooperation","item":"https:\/\/www.cde.ual.es\/en\/category\/eu-news\/institutional\/international-pol-coop\/"},{"@type":"ListItem","position":5,"name":"EU-China summit, 7 December 2023 &#8211; Main results"}]},{"@type":"WebSite","@id":"https:\/\/www.cde.ual.es\/#website","url":"https:\/\/www.cde.ual.es\/","name":"CDE Almer\u00eda - Centro de Documentaci\u00f3n Europea - Universidad de Almer\u00eda","description":"Centro de Documentaci\u00f3n Europea de la Universidad de Almer\u00eda","publisher":{"@id":"https:\/\/www.cde.ual.es\/#organization"},"alternateName":"CDE Almer\u00eda","potentialAction":[{"@type":"SearchAction","target":{"@type":"EntryPoint","urlTemplate":"https:\/\/www.cde.ual.es\/?s={search_term_string}"},"query-input":{"@type":"PropertyValueSpecification","valueRequired":true,"valueName":"search_term_string"}}],"inLanguage":"en-US"},{"@type":"Organization","@id":"https:\/\/www.cde.ual.es\/#organization","name":"Centro de Documentaci\u00f3n Europea de Almer\u00eda","url":"https:\/\/www.cde.ual.es\/","logo":{"@type":"ImageObject","inLanguage":"en-US","@id":"https:\/\/www.cde.ual.es\/#\/schema\/logo\/image\/","url":"https:\/\/www.cde.ual.es\/wp-content\/uploads\/2025\/07\/cde-logo-3.png","contentUrl":"https:\/\/www.cde.ual.es\/wp-content\/uploads\/2025\/07\/cde-logo-3.png","width":1400,"height":300,"caption":"Centro de Documentaci\u00f3n Europea de Almer\u00eda"},"image":{"@id":"https:\/\/www.cde.ual.es\/#\/schema\/logo\/image\/"},"sameAs":["https:\/\/www.facebook.com\/cdeuniversidadalmeria\/","https:\/\/x.com\/cdeualmeria","https:\/\/www.tiktok.com\/@cdealmeria","https:\/\/www.instagram.com\/cdealmeria\/","https:\/\/www.linkedin.com\/in\/cde-almera-812b26a9\/"]},{"@type":"Person","@id":"https:\/\/www.cde.ual.es\/#\/schema\/person\/ee46ebc19edfa19598c02cff83335acc","name":"BECA 2 CDE","image":{"@type":"ImageObject","inLanguage":"en-US","@id":"https:\/\/secure.gravatar.com\/avatar\/35a481bbc04bbd90e91bdfa3b0b5541036c222a49b9ad37b6889a2afcb5311a5?s=96&d=mm&r=g","url":"https:\/\/secure.gravatar.com\/avatar\/35a481bbc04bbd90e91bdfa3b0b5541036c222a49b9ad37b6889a2afcb5311a5?s=96&d=mm&r=g","contentUrl":"https:\/\/secure.gravatar.com\/avatar\/35a481bbc04bbd90e91bdfa3b0b5541036c222a49b9ad37b6889a2afcb5311a5?s=96&d=mm&r=g","caption":"BECA 2 CDE"},"sameAs":["http:\/\/www.cdealmeria.com"]}]}},"_links":{"self":[{"href":"https:\/\/www.cde.ual.es\/en\/wp-json\/wp\/v2\/posts\/147366","targetHints":{"allow":["GET"]}}],"collection":[{"href":"https:\/\/www.cde.ual.es\/en\/wp-json\/wp\/v2\/posts"}],"about":[{"href":"https:\/\/www.cde.ual.es\/en\/wp-json\/wp\/v2\/types\/post"}],"author":[{"embeddable":true,"href":"https:\/\/www.cde.ual.es\/en\/wp-json\/wp\/v2\/users\/101011"}],"replies":[{"embeddable":true,"href":"https:\/\/www.cde.ual.es\/en\/wp-json\/wp\/v2\/comments?post=147366"}],"version-history":[{"count":2,"href":"https:\/\/www.cde.ual.es\/en\/wp-json\/wp\/v2\/posts\/147366\/revisions"}],"predecessor-version":[{"id":147429,"href":"https:\/\/www.cde.ual.es\/en\/wp-json\/wp\/v2\/posts\/147366\/revisions\/147429"}],"wp:featuredmedia":[{"embeddable":true,"href":"https:\/\/www.cde.ual.es\/en\/wp-json\/wp\/v2\/media\/147363"}],"wp:attachment":[{"href":"https:\/\/www.cde.ual.es\/en\/wp-json\/wp\/v2\/media?parent=147366"}],"wp:term":[{"taxonomy":"category","embeddable":true,"href":"https:\/\/www.cde.ual.es\/en\/wp-json\/wp\/v2\/categories?post=147366"},{"taxonomy":"post_tag","embeddable":true,"href":"https:\/\/www.cde.ual.es\/en\/wp-json\/wp\/v2\/tags?post=147366"}],"curies":[{"name":"wp","href":"https:\/\/api.w.org\/{rel}","templated":true}]}}