{"id":147104,"date":"2023-12-04T03:00:42","date_gmt":"2023-12-04T02:00:42","guid":{"rendered":"https:\/\/www.cde.ual.es\/?p=147104"},"modified":"2023-12-01T10:26:13","modified_gmt":"2023-12-01T09:26:13","slug":"the-commission-and-the-high-representative-present-a-strategic-and-forward-looking-report-on-the-state-of-play-of-eu-turkiye-relations","status":"publish","type":"post","link":"https:\/\/www.cde.ual.es\/en\/the-commission-and-the-high-representative-present-a-strategic-and-forward-looking-report-on-the-state-of-play-of-eu-turkiye-relations\/","title":{"rendered":"The Commission and the High Representative present a strategic and forward-looking report on the state of play of EU-T\u00fcrkiye relations"},"content":{"rendered":"<p style=\"text-align: justify;\"><strong>The European Commission and the High Representative adopted a <a href=\"https:\/\/neighbourhood-enlargement.ec.europa.eu\/joint-communication-european-council-state-play-eu-turkiye-political-economic-and-trade-relations-0_en\">Joint Communication on the state of play of EU-T\u00fcrkiye political, economic and trade relations<\/a>, following up to the task set out by the European Council of 29-30 June 2023.<\/strong><\/p>\n<figure id=\"attachment_147105\" aria-describedby=\"caption-attachment-147105\" style=\"width: 2560px\" class=\"wp-caption aligncenter\"><a href=\"https:\/\/www.cde.ual.es\/wp-content\/uploads\/2023\/12\/P062530-577910-scaled.jpg\"><img decoding=\"async\" class=\"size-full wp-image-147105\" src=\"https:\/\/www.cde.ual.es\/wp-content\/uploads\/2023\/12\/P062530-577910-scaled.jpg\" alt=\"Josep Borrell Fontelles\" width=\"2560\" height=\"1703\" srcset=\"https:\/\/www.cde.ual.es\/wp-content\/uploads\/2023\/12\/P062530-577910-scaled.jpg 2560w, https:\/\/www.cde.ual.es\/wp-content\/uploads\/2023\/12\/P062530-577910-300x200.jpg 300w, https:\/\/www.cde.ual.es\/wp-content\/uploads\/2023\/12\/P062530-577910-1024x681.jpg 1024w, https:\/\/www.cde.ual.es\/wp-content\/uploads\/2023\/12\/P062530-577910-768x511.jpg 768w, https:\/\/www.cde.ual.es\/wp-content\/uploads\/2023\/12\/P062530-577910-1536x1022.jpg 1536w, https:\/\/www.cde.ual.es\/wp-content\/uploads\/2023\/12\/P062530-577910-2048x1362.jpg 2048w\" sizes=\"(max-width: 2560px) 100vw, 2560px\" \/><\/a><figcaption id=\"caption-attachment-147105\" class=\"wp-caption-text\">Josep Borrell Fontelles<\/figcaption><\/figure>\n<p style=\"text-align: justify;\">The Joint Communication builds on and updates the\u00a0<a href=\"https:\/\/eur-lex.europa.eu\/legal-content\/EN\/ALL\/?uri=JOIN:2021:8:REV1\">Joint Communication<\/a>\u00a0submitted by the Commission and the High Representative to the European Council in March 2021. It outlines the state of play of EU-T\u00fcrkiye relations in key areas and sets out recommendations, aiming to advance relations in a strategic and forward-looking manner, in the current fast-changing, geopolitical and security environment.<\/p>\n<p style=\"text-align: justify;\">The EU retains a strategic interest in a stable and secure environment in the Eastern Mediterranean and in the development of a cooperative and mutually beneficial relationship with T\u00fcrkiye. To pursue these endeavours, in line with the March 2021 Joint Communication and European Council Conclusions, the European Commission and the High Representative recommend making additional steps towards constructive engagement on key areas of cooperation, in a progressive, proportionate, and reversible manner, and on the basis of the established conditionality by the European Council, while remaining determined to use the instruments and options at the EU&#8217;s disposal to defend the interests of EU and its Member States.<\/p>\n<p style=\"text-align: justify;\">Following the adoption by the College, the report will now be submitted to the European Council for consideration and guidance.<\/p>\n<p style=\"text-align: justify;\">On 8 November, the Commission published the 2023 Communication on Enlargement Policy and its regular\u00a0<a href=\"https:\/\/neighbourhood-enlargement.ec.europa.eu\/system\/files\/2023-11\/SWD_2023_696%20T%C3%BCrkiye%20report.pdf\">country report<\/a>\u00a0on T\u00fcrkiye, reflecting the state of play in the accession process.<\/p>\n<p style=\"text-align: justify;\"><strong>More Information: <a href=\"https:\/\/ec.europa.eu\/commission\/presscorner\/detail\/en\/ip_23_6157\">European Commission<\/a><\/strong><\/p>\n","protected":false},"excerpt":{"rendered":"<p>The European Commission and the High Representative adopted a Joint Communication on the state of play of EU-T\u00fcrkiye political, economic and trade relations, following up to the task set out by the European Council of 29-30 June 2023. The Joint Communication builds on and updates the\u00a0Joint Communication\u00a0submitted by the Commission and the High Representative to [&hellip;]<\/p>\n","protected":false},"author":1,"featured_media":147105,"comment_status":"open","ping_status":"open","sticky":false,"template":"","format":"standard","meta":{"_acf_changed":false,"_relevanssi_hide_post":"","_relevanssi_hide_content":"","_relevanssi_pin_for_all":"","_relevanssi_pin_keywords":"","_relevanssi_unpin_keywords":"","_relevanssi_related_keywords":"","_relevanssi_related_include_ids":"","_relevanssi_related_exclude_ids":"","_relevanssi_related_no_append":"","_relevanssi_related_not_related":"","_relevanssi_related_posts":"","_relevanssi_noindex_reason":"","_monsterinsights_skip_tracking":false,"_monsterinsights_sitenote_active":false,"_monsterinsights_sitenote_note":"","_monsterinsights_sitenote_category":0,"_genesis_hide_title":false,"_genesis_hide_breadcrumbs":false,"_genesis_hide_singular_image":false,"_genesis_hide_footer_widgets":false,"_genesis_custom_body_class":"","_genesis_custom_post_class":"","_genesis_layout":"","footnotes":""},"categories":[346,4064,4065],"tags":[779,1488,368,481,4590,8488],"class_list":{"0":"post-147104","1":"post","2":"type-post","3":"status-publish","4":"format-standard","5":"has-post-thumbnail","7":"category-eu-news","8":"category-institutional","9":"category-international-pol-coop","10":"tag-eu-en","11":"tag-european-commission","12":"tag-european-union","13":"tag-report","14":"tag-strategic","15":"tag-turkiye","16":"entry"},"acf":[],"yoast_head":"<!-- This site is optimized with the Yoast SEO plugin v27.5 - https:\/\/yoast.com\/product\/yoast-seo-wordpress\/ -->\n<title>The Commission and the High Representative present a strategic and forward-looking report on the state of play of EU-T\u00fcrkiye relations | CDE Almer\u00eda - Centro de Documentaci\u00f3n Europea - Universidad de Almer\u00eda<\/title>\n<meta name=\"robots\" content=\"index, follow, max-snippet:-1, max-image-preview:large, max-video-preview:-1\" \/>\n<link rel=\"canonical\" href=\"https:\/\/www.cde.ual.es\/la-comision-y-el-alto-representante-presentan-un-informe-estrategico-y-prospectivo-sobre-la-situacion-de-las-relaciones-entre-la-ue-y-turquia\/\" \/>\n<meta property=\"og:locale\" content=\"en_US\" \/>\n<meta property=\"og:type\" content=\"article\" \/>\n<meta property=\"og:title\" content=\"The Commission and the High Representative present a strategic and forward-looking report on the state of play of EU-T\u00fcrkiye relations | CDE Almer\u00eda - Centro de Documentaci\u00f3n Europea - Universidad de Almer\u00eda\" \/>\n<meta property=\"og:description\" content=\"The European Commission and the High Representative adopted a Joint Communication on the state of play of EU-T\u00fcrkiye political, economic and trade relations, following up to the task set out by the European Council of 29-30 June 2023. The Joint Communication builds on and updates the\u00a0Joint Communication\u00a0submitted by the Commission and the High Representative to [&hellip;]\" \/>\n<meta property=\"og:url\" content=\"https:\/\/www.cde.ual.es\/la-comision-y-el-alto-representante-presentan-un-informe-estrategico-y-prospectivo-sobre-la-situacion-de-las-relaciones-entre-la-ue-y-turquia\/\" \/>\n<meta property=\"og:site_name\" content=\"CDE Almer\u00eda - Centro de Documentaci\u00f3n Europea - Universidad de Almer\u00eda\" \/>\n<meta property=\"article:publisher\" content=\"https:\/\/www.facebook.com\/cdeuniversidadalmeria\/\" \/>\n<meta property=\"article:published_time\" content=\"2023-12-04T02:00:42+00:00\" \/>\n<meta property=\"og:image\" content=\"https:\/\/www.cde.ual.es\/wp-content\/uploads\/2023\/12\/P062530-577910-scaled.jpg\" \/>\n\t<meta property=\"og:image:width\" content=\"2560\" \/>\n\t<meta property=\"og:image:height\" content=\"1703\" \/>\n\t<meta property=\"og:image:type\" content=\"image\/jpeg\" \/>\n<meta name=\"author\" content=\"AdminCDE\" \/>\n<meta name=\"twitter:card\" content=\"summary_large_image\" \/>\n<meta name=\"twitter:creator\" content=\"@cdeualmeria\" \/>\n<meta name=\"twitter:site\" content=\"@cdeualmeria\" \/>\n<meta name=\"twitter:label1\" content=\"Written by\" \/>\n\t<meta name=\"twitter:data1\" content=\"AdminCDE\" \/>\n\t<meta name=\"twitter:label2\" content=\"Est. reading time\" \/>\n\t<meta name=\"twitter:data2\" content=\"2 minutes\" \/>\n<script type=\"application\/ld+json\" class=\"yoast-schema-graph\">{\"@context\":\"https:\\\/\\\/schema.org\",\"@graph\":[{\"@type\":\"Article\",\"@id\":\"https:\\\/\\\/www.cde.ual.es\\\/la-comision-y-el-alto-representante-presentan-un-informe-estrategico-y-prospectivo-sobre-la-situacion-de-las-relaciones-entre-la-ue-y-turquia\\\/#article\",\"isPartOf\":{\"@id\":\"https:\\\/\\\/www.cde.ual.es\\\/la-comision-y-el-alto-representante-presentan-un-informe-estrategico-y-prospectivo-sobre-la-situacion-de-las-relaciones-entre-la-ue-y-turquia\\\/\"},\"author\":{\"name\":\"AdminCDE\",\"@id\":\"https:\\\/\\\/www.cde.ual.es\\\/#\\\/schema\\\/person\\\/224ef08c8bcc005f319d2713ce37ee5f\"},\"headline\":\"The Commission and the High Representative present a strategic and forward-looking report on the state of play of EU-T\u00fcrkiye relations\",\"datePublished\":\"2023-12-04T02:00:42+00:00\",\"mainEntityOfPage\":{\"@id\":\"https:\\\/\\\/www.cde.ual.es\\\/la-comision-y-el-alto-representante-presentan-un-informe-estrategico-y-prospectivo-sobre-la-situacion-de-las-relaciones-entre-la-ue-y-turquia\\\/\"},\"wordCount\":286,\"commentCount\":0,\"publisher\":{\"@id\":\"https:\\\/\\\/www.cde.ual.es\\\/#organization\"},\"image\":{\"@id\":\"https:\\\/\\\/www.cde.ual.es\\\/la-comision-y-el-alto-representante-presentan-un-informe-estrategico-y-prospectivo-sobre-la-situacion-de-las-relaciones-entre-la-ue-y-turquia\\\/#primaryimage\"},\"thumbnailUrl\":\"https:\\\/\\\/www.cde.ual.es\\\/wp-content\\\/uploads\\\/2023\\\/12\\\/P062530-577910-scaled.jpg\",\"keywords\":[\"EU\",\"European Commission\",\"European Union\",\"Report\",\"strategic\",\"T\u00fcrkiye\"],\"articleSection\":[\"EU News\",\"Institutional Affairs\",\"International Politics and Cooperation\"],\"inLanguage\":\"en-US\",\"potentialAction\":[{\"@type\":\"CommentAction\",\"name\":\"Comment\",\"target\":[\"https:\\\/\\\/www.cde.ual.es\\\/la-comision-y-el-alto-representante-presentan-un-informe-estrategico-y-prospectivo-sobre-la-situacion-de-las-relaciones-entre-la-ue-y-turquia\\\/#respond\"]}]},{\"@type\":\"WebPage\",\"@id\":\"https:\\\/\\\/www.cde.ual.es\\\/la-comision-y-el-alto-representante-presentan-un-informe-estrategico-y-prospectivo-sobre-la-situacion-de-las-relaciones-entre-la-ue-y-turquia\\\/\",\"url\":\"https:\\\/\\\/www.cde.ual.es\\\/la-comision-y-el-alto-representante-presentan-un-informe-estrategico-y-prospectivo-sobre-la-situacion-de-las-relaciones-entre-la-ue-y-turquia\\\/\",\"name\":\"The Commission and the High Representative present a strategic and forward-looking report on the state of play of EU-T\u00fcrkiye relations | CDE Almer\u00eda - Centro de Documentaci\u00f3n Europea - Universidad de Almer\u00eda\",\"isPartOf\":{\"@id\":\"https:\\\/\\\/www.cde.ual.es\\\/#website\"},\"primaryImageOfPage\":{\"@id\":\"https:\\\/\\\/www.cde.ual.es\\\/la-comision-y-el-alto-representante-presentan-un-informe-estrategico-y-prospectivo-sobre-la-situacion-de-las-relaciones-entre-la-ue-y-turquia\\\/#primaryimage\"},\"image\":{\"@id\":\"https:\\\/\\\/www.cde.ual.es\\\/la-comision-y-el-alto-representante-presentan-un-informe-estrategico-y-prospectivo-sobre-la-situacion-de-las-relaciones-entre-la-ue-y-turquia\\\/#primaryimage\"},\"thumbnailUrl\":\"https:\\\/\\\/www.cde.ual.es\\\/wp-content\\\/uploads\\\/2023\\\/12\\\/P062530-577910-scaled.jpg\",\"datePublished\":\"2023-12-04T02:00:42+00:00\",\"breadcrumb\":{\"@id\":\"https:\\\/\\\/www.cde.ual.es\\\/la-comision-y-el-alto-representante-presentan-un-informe-estrategico-y-prospectivo-sobre-la-situacion-de-las-relaciones-entre-la-ue-y-turquia\\\/#breadcrumb\"},\"inLanguage\":\"en-US\",\"potentialAction\":[{\"@type\":\"ReadAction\",\"target\":[\"https:\\\/\\\/www.cde.ual.es\\\/la-comision-y-el-alto-representante-presentan-un-informe-estrategico-y-prospectivo-sobre-la-situacion-de-las-relaciones-entre-la-ue-y-turquia\\\/\"]}]},{\"@type\":\"ImageObject\",\"inLanguage\":\"en-US\",\"@id\":\"https:\\\/\\\/www.cde.ual.es\\\/la-comision-y-el-alto-representante-presentan-un-informe-estrategico-y-prospectivo-sobre-la-situacion-de-las-relaciones-entre-la-ue-y-turquia\\\/#primaryimage\",\"url\":\"https:\\\/\\\/www.cde.ual.es\\\/wp-content\\\/uploads\\\/2023\\\/12\\\/P062530-577910-scaled.jpg\",\"contentUrl\":\"https:\\\/\\\/www.cde.ual.es\\\/wp-content\\\/uploads\\\/2023\\\/12\\\/P062530-577910-scaled.jpg\",\"width\":2560,\"height\":1703,\"caption\":\"Josep Borrell Fontelles\"},{\"@type\":\"BreadcrumbList\",\"@id\":\"https:\\\/\\\/www.cde.ual.es\\\/la-comision-y-el-alto-representante-presentan-un-informe-estrategico-y-prospectivo-sobre-la-situacion-de-las-relaciones-entre-la-ue-y-turquia\\\/#breadcrumb\",\"itemListElement\":[{\"@type\":\"ListItem\",\"position\":1,\"name\":\"Inicio\",\"item\":\"https:\\\/\\\/www.cde.ual.es\\\/en\\\/\"},{\"@type\":\"ListItem\",\"position\":2,\"name\":\"Noticias UE\",\"item\":\"https:\\\/\\\/www.cde.ual.es\\\/category\\\/noticias-ue\\\/\"},{\"@type\":\"ListItem\",\"position\":3,\"name\":\"Asuntos Institucionales\",\"item\":\"https:\\\/\\\/www.cde.ual.es\\\/category\\\/noticias-ue\\\/institucionales\\\/\"},{\"@type\":\"ListItem\",\"position\":4,\"name\":\"International Politics and Cooperation\",\"item\":\"https:\\\/\\\/www.cde.ual.es\\\/en\\\/category\\\/eu-news\\\/institutional\\\/international-pol-coop\\\/\"},{\"@type\":\"ListItem\",\"position\":5,\"name\":\"The Commission and the High Representative present a strategic and forward-looking report on the state of play of EU-T\u00fcrkiye relations\"}]},{\"@type\":\"WebSite\",\"@id\":\"https:\\\/\\\/www.cde.ual.es\\\/#website\",\"url\":\"https:\\\/\\\/www.cde.ual.es\\\/\",\"name\":\"CDE Almer\u00eda - Centro de Documentaci\u00f3n Europea - Universidad de Almer\u00eda\",\"description\":\"Centro de Documentaci\u00f3n Europea de la Universidad de Almer\u00eda\",\"publisher\":{\"@id\":\"https:\\\/\\\/www.cde.ual.es\\\/#organization\"},\"alternateName\":\"CDE Almer\u00eda\",\"potentialAction\":[{\"@type\":\"SearchAction\",\"target\":{\"@type\":\"EntryPoint\",\"urlTemplate\":\"https:\\\/\\\/www.cde.ual.es\\\/?s={search_term_string}\"},\"query-input\":{\"@type\":\"PropertyValueSpecification\",\"valueRequired\":true,\"valueName\":\"search_term_string\"}}],\"inLanguage\":\"en-US\"},{\"@type\":\"Organization\",\"@id\":\"https:\\\/\\\/www.cde.ual.es\\\/#organization\",\"name\":\"Centro de Documentaci\u00f3n Europea de Almer\u00eda\",\"url\":\"https:\\\/\\\/www.cde.ual.es\\\/\",\"logo\":{\"@type\":\"ImageObject\",\"inLanguage\":\"en-US\",\"@id\":\"https:\\\/\\\/www.cde.ual.es\\\/#\\\/schema\\\/logo\\\/image\\\/\",\"url\":\"https:\\\/\\\/www.cde.ual.es\\\/wp-content\\\/uploads\\\/2025\\\/07\\\/cde-logo-3.png\",\"contentUrl\":\"https:\\\/\\\/www.cde.ual.es\\\/wp-content\\\/uploads\\\/2025\\\/07\\\/cde-logo-3.png\",\"width\":1400,\"height\":300,\"caption\":\"Centro de Documentaci\u00f3n Europea de Almer\u00eda\"},\"image\":{\"@id\":\"https:\\\/\\\/www.cde.ual.es\\\/#\\\/schema\\\/logo\\\/image\\\/\"},\"sameAs\":[\"https:\\\/\\\/www.facebook.com\\\/cdeuniversidadalmeria\\\/\",\"https:\\\/\\\/x.com\\\/cdeualmeria\",\"https:\\\/\\\/www.tiktok.com\\\/@cdealmeria\",\"https:\\\/\\\/www.instagram.com\\\/cdealmeria\\\/\",\"https:\\\/\\\/www.linkedin.com\\\/in\\\/cde-almera-812b26a9\\\/\"]},{\"@type\":\"Person\",\"@id\":\"https:\\\/\\\/www.cde.ual.es\\\/#\\\/schema\\\/person\\\/224ef08c8bcc005f319d2713ce37ee5f\",\"name\":\"AdminCDE\",\"image\":{\"@type\":\"ImageObject\",\"inLanguage\":\"en-US\",\"@id\":\"https:\\\/\\\/secure.gravatar.com\\\/avatar\\\/a72d038d371f995cd13706fac32274b7952a52e8fb0a84b5f80c85426f2a98a8?s=96&d=mm&r=g\",\"url\":\"https:\\\/\\\/secure.gravatar.com\\\/avatar\\\/a72d038d371f995cd13706fac32274b7952a52e8fb0a84b5f80c85426f2a98a8?s=96&d=mm&r=g\",\"contentUrl\":\"https:\\\/\\\/secure.gravatar.com\\\/avatar\\\/a72d038d371f995cd13706fac32274b7952a52e8fb0a84b5f80c85426f2a98a8?s=96&d=mm&r=g\",\"caption\":\"AdminCDE\"}}]}<\/script>\n<!-- \/ Yoast SEO plugin. -->","yoast_head_json":{"title":"The Commission and the High Representative present a strategic and forward-looking report on the state of play of EU-T\u00fcrkiye relations | CDE Almer\u00eda - Centro de Documentaci\u00f3n Europea - Universidad de Almer\u00eda","robots":{"index":"index","follow":"follow","max-snippet":"max-snippet:-1","max-image-preview":"max-image-preview:large","max-video-preview":"max-video-preview:-1"},"canonical":"https:\/\/www.cde.ual.es\/la-comision-y-el-alto-representante-presentan-un-informe-estrategico-y-prospectivo-sobre-la-situacion-de-las-relaciones-entre-la-ue-y-turquia\/","og_locale":"en_US","og_type":"article","og_title":"The Commission and the High Representative present a strategic and forward-looking report on the state of play of EU-T\u00fcrkiye relations | CDE Almer\u00eda - Centro de Documentaci\u00f3n Europea - Universidad de Almer\u00eda","og_description":"The European Commission and the High Representative adopted a Joint Communication on the state of play of EU-T\u00fcrkiye political, economic and trade relations, following up to the task set out by the European Council of 29-30 June 2023. The Joint Communication builds on and updates the\u00a0Joint Communication\u00a0submitted by the Commission and the High Representative to [&hellip;]","og_url":"https:\/\/www.cde.ual.es\/la-comision-y-el-alto-representante-presentan-un-informe-estrategico-y-prospectivo-sobre-la-situacion-de-las-relaciones-entre-la-ue-y-turquia\/","og_site_name":"CDE Almer\u00eda - Centro de Documentaci\u00f3n Europea - Universidad de Almer\u00eda","article_publisher":"https:\/\/www.facebook.com\/cdeuniversidadalmeria\/","article_published_time":"2023-12-04T02:00:42+00:00","og_image":[{"width":2560,"height":1703,"url":"https:\/\/www.cde.ual.es\/wp-content\/uploads\/2023\/12\/P062530-577910-scaled.jpg","type":"image\/jpeg"}],"author":"AdminCDE","twitter_card":"summary_large_image","twitter_creator":"@cdeualmeria","twitter_site":"@cdeualmeria","twitter_misc":{"Written by":"AdminCDE","Est. reading time":"2 minutes"},"schema":{"@context":"https:\/\/schema.org","@graph":[{"@type":"Article","@id":"https:\/\/www.cde.ual.es\/la-comision-y-el-alto-representante-presentan-un-informe-estrategico-y-prospectivo-sobre-la-situacion-de-las-relaciones-entre-la-ue-y-turquia\/#article","isPartOf":{"@id":"https:\/\/www.cde.ual.es\/la-comision-y-el-alto-representante-presentan-un-informe-estrategico-y-prospectivo-sobre-la-situacion-de-las-relaciones-entre-la-ue-y-turquia\/"},"author":{"name":"AdminCDE","@id":"https:\/\/www.cde.ual.es\/#\/schema\/person\/224ef08c8bcc005f319d2713ce37ee5f"},"headline":"The Commission and the High Representative present a strategic and forward-looking report on the state of play of EU-T\u00fcrkiye relations","datePublished":"2023-12-04T02:00:42+00:00","mainEntityOfPage":{"@id":"https:\/\/www.cde.ual.es\/la-comision-y-el-alto-representante-presentan-un-informe-estrategico-y-prospectivo-sobre-la-situacion-de-las-relaciones-entre-la-ue-y-turquia\/"},"wordCount":286,"commentCount":0,"publisher":{"@id":"https:\/\/www.cde.ual.es\/#organization"},"image":{"@id":"https:\/\/www.cde.ual.es\/la-comision-y-el-alto-representante-presentan-un-informe-estrategico-y-prospectivo-sobre-la-situacion-de-las-relaciones-entre-la-ue-y-turquia\/#primaryimage"},"thumbnailUrl":"https:\/\/www.cde.ual.es\/wp-content\/uploads\/2023\/12\/P062530-577910-scaled.jpg","keywords":["EU","European Commission","European Union","Report","strategic","T\u00fcrkiye"],"articleSection":["EU News","Institutional Affairs","International Politics and Cooperation"],"inLanguage":"en-US","potentialAction":[{"@type":"CommentAction","name":"Comment","target":["https:\/\/www.cde.ual.es\/la-comision-y-el-alto-representante-presentan-un-informe-estrategico-y-prospectivo-sobre-la-situacion-de-las-relaciones-entre-la-ue-y-turquia\/#respond"]}]},{"@type":"WebPage","@id":"https:\/\/www.cde.ual.es\/la-comision-y-el-alto-representante-presentan-un-informe-estrategico-y-prospectivo-sobre-la-situacion-de-las-relaciones-entre-la-ue-y-turquia\/","url":"https:\/\/www.cde.ual.es\/la-comision-y-el-alto-representante-presentan-un-informe-estrategico-y-prospectivo-sobre-la-situacion-de-las-relaciones-entre-la-ue-y-turquia\/","name":"The Commission and the High Representative present a strategic and forward-looking report on the state of play of EU-T\u00fcrkiye relations | CDE Almer\u00eda - Centro de Documentaci\u00f3n Europea - Universidad de Almer\u00eda","isPartOf":{"@id":"https:\/\/www.cde.ual.es\/#website"},"primaryImageOfPage":{"@id":"https:\/\/www.cde.ual.es\/la-comision-y-el-alto-representante-presentan-un-informe-estrategico-y-prospectivo-sobre-la-situacion-de-las-relaciones-entre-la-ue-y-turquia\/#primaryimage"},"image":{"@id":"https:\/\/www.cde.ual.es\/la-comision-y-el-alto-representante-presentan-un-informe-estrategico-y-prospectivo-sobre-la-situacion-de-las-relaciones-entre-la-ue-y-turquia\/#primaryimage"},"thumbnailUrl":"https:\/\/www.cde.ual.es\/wp-content\/uploads\/2023\/12\/P062530-577910-scaled.jpg","datePublished":"2023-12-04T02:00:42+00:00","breadcrumb":{"@id":"https:\/\/www.cde.ual.es\/la-comision-y-el-alto-representante-presentan-un-informe-estrategico-y-prospectivo-sobre-la-situacion-de-las-relaciones-entre-la-ue-y-turquia\/#breadcrumb"},"inLanguage":"en-US","potentialAction":[{"@type":"ReadAction","target":["https:\/\/www.cde.ual.es\/la-comision-y-el-alto-representante-presentan-un-informe-estrategico-y-prospectivo-sobre-la-situacion-de-las-relaciones-entre-la-ue-y-turquia\/"]}]},{"@type":"ImageObject","inLanguage":"en-US","@id":"https:\/\/www.cde.ual.es\/la-comision-y-el-alto-representante-presentan-un-informe-estrategico-y-prospectivo-sobre-la-situacion-de-las-relaciones-entre-la-ue-y-turquia\/#primaryimage","url":"https:\/\/www.cde.ual.es\/wp-content\/uploads\/2023\/12\/P062530-577910-scaled.jpg","contentUrl":"https:\/\/www.cde.ual.es\/wp-content\/uploads\/2023\/12\/P062530-577910-scaled.jpg","width":2560,"height":1703,"caption":"Josep Borrell Fontelles"},{"@type":"BreadcrumbList","@id":"https:\/\/www.cde.ual.es\/la-comision-y-el-alto-representante-presentan-un-informe-estrategico-y-prospectivo-sobre-la-situacion-de-las-relaciones-entre-la-ue-y-turquia\/#breadcrumb","itemListElement":[{"@type":"ListItem","position":1,"name":"Inicio","item":"https:\/\/www.cde.ual.es\/en\/"},{"@type":"ListItem","position":2,"name":"Noticias UE","item":"https:\/\/www.cde.ual.es\/category\/noticias-ue\/"},{"@type":"ListItem","position":3,"name":"Asuntos Institucionales","item":"https:\/\/www.cde.ual.es\/category\/noticias-ue\/institucionales\/"},{"@type":"ListItem","position":4,"name":"International Politics and Cooperation","item":"https:\/\/www.cde.ual.es\/en\/category\/eu-news\/institutional\/international-pol-coop\/"},{"@type":"ListItem","position":5,"name":"The Commission and the High Representative present a strategic and forward-looking report on the state of play of EU-T\u00fcrkiye relations"}]},{"@type":"WebSite","@id":"https:\/\/www.cde.ual.es\/#website","url":"https:\/\/www.cde.ual.es\/","name":"CDE Almer\u00eda - Centro de Documentaci\u00f3n Europea - Universidad de Almer\u00eda","description":"Centro de Documentaci\u00f3n Europea de la Universidad de Almer\u00eda","publisher":{"@id":"https:\/\/www.cde.ual.es\/#organization"},"alternateName":"CDE Almer\u00eda","potentialAction":[{"@type":"SearchAction","target":{"@type":"EntryPoint","urlTemplate":"https:\/\/www.cde.ual.es\/?s={search_term_string}"},"query-input":{"@type":"PropertyValueSpecification","valueRequired":true,"valueName":"search_term_string"}}],"inLanguage":"en-US"},{"@type":"Organization","@id":"https:\/\/www.cde.ual.es\/#organization","name":"Centro de Documentaci\u00f3n Europea de Almer\u00eda","url":"https:\/\/www.cde.ual.es\/","logo":{"@type":"ImageObject","inLanguage":"en-US","@id":"https:\/\/www.cde.ual.es\/#\/schema\/logo\/image\/","url":"https:\/\/www.cde.ual.es\/wp-content\/uploads\/2025\/07\/cde-logo-3.png","contentUrl":"https:\/\/www.cde.ual.es\/wp-content\/uploads\/2025\/07\/cde-logo-3.png","width":1400,"height":300,"caption":"Centro de Documentaci\u00f3n Europea de Almer\u00eda"},"image":{"@id":"https:\/\/www.cde.ual.es\/#\/schema\/logo\/image\/"},"sameAs":["https:\/\/www.facebook.com\/cdeuniversidadalmeria\/","https:\/\/x.com\/cdeualmeria","https:\/\/www.tiktok.com\/@cdealmeria","https:\/\/www.instagram.com\/cdealmeria\/","https:\/\/www.linkedin.com\/in\/cde-almera-812b26a9\/"]},{"@type":"Person","@id":"https:\/\/www.cde.ual.es\/#\/schema\/person\/224ef08c8bcc005f319d2713ce37ee5f","name":"AdminCDE","image":{"@type":"ImageObject","inLanguage":"en-US","@id":"https:\/\/secure.gravatar.com\/avatar\/a72d038d371f995cd13706fac32274b7952a52e8fb0a84b5f80c85426f2a98a8?s=96&d=mm&r=g","url":"https:\/\/secure.gravatar.com\/avatar\/a72d038d371f995cd13706fac32274b7952a52e8fb0a84b5f80c85426f2a98a8?s=96&d=mm&r=g","contentUrl":"https:\/\/secure.gravatar.com\/avatar\/a72d038d371f995cd13706fac32274b7952a52e8fb0a84b5f80c85426f2a98a8?s=96&d=mm&r=g","caption":"AdminCDE"}}]}},"_links":{"self":[{"href":"https:\/\/www.cde.ual.es\/en\/wp-json\/wp\/v2\/posts\/147104","targetHints":{"allow":["GET"]}}],"collection":[{"href":"https:\/\/www.cde.ual.es\/en\/wp-json\/wp\/v2\/posts"}],"about":[{"href":"https:\/\/www.cde.ual.es\/en\/wp-json\/wp\/v2\/types\/post"}],"author":[{"embeddable":true,"href":"https:\/\/www.cde.ual.es\/en\/wp-json\/wp\/v2\/users\/1"}],"replies":[{"embeddable":true,"href":"https:\/\/www.cde.ual.es\/en\/wp-json\/wp\/v2\/comments?post=147104"}],"version-history":[{"count":1,"href":"https:\/\/www.cde.ual.es\/en\/wp-json\/wp\/v2\/posts\/147104\/revisions"}],"predecessor-version":[{"id":147107,"href":"https:\/\/www.cde.ual.es\/en\/wp-json\/wp\/v2\/posts\/147104\/revisions\/147107"}],"wp:featuredmedia":[{"embeddable":true,"href":"https:\/\/www.cde.ual.es\/en\/wp-json\/wp\/v2\/media\/147105"}],"wp:attachment":[{"href":"https:\/\/www.cde.ual.es\/en\/wp-json\/wp\/v2\/media?parent=147104"}],"wp:term":[{"taxonomy":"category","embeddable":true,"href":"https:\/\/www.cde.ual.es\/en\/wp-json\/wp\/v2\/categories?post=147104"},{"taxonomy":"post_tag","embeddable":true,"href":"https:\/\/www.cde.ual.es\/en\/wp-json\/wp\/v2\/tags?post=147104"}],"curies":[{"name":"wp","href":"https:\/\/api.w.org\/{rel}","templated":true}]}}