{"id":1469,"date":"2017-03-08T10:11:42","date_gmt":"2017-03-08T09:11:42","guid":{"rendered":"http:\/\/www.cde.ual.es\/?p=1469"},"modified":"2017-03-08T10:11:42","modified_gmt":"2017-03-08T09:11:42","slug":"becas-maec-aecid-de-arte-educacion-y-cultura-para-espanoles-y-extranjeros","status":"publish","type":"post","link":"https:\/\/www.cde.ual.es\/en\/becas-maec-aecid-de-arte-educacion-y-cultura-para-espanoles-y-extranjeros\/","title":{"rendered":"Becas MAEC \u2013 AECID de Arte, Educaci\u00f3n y Cultura para espa\u00f1oles y extranjeros"},"content":{"rendered":"<p style=\"text-align: justify;\"><img decoding=\"async\" class=\"aligncenter size-full wp-image-1470\" src=\"http:\/\/www.cde.ual.es\/wp-content\/uploads\/2017\/03\/van-gogh-1663090_1920.jpg\" alt=\"\" width=\"1920\" height=\"1008\" srcset=\"https:\/\/www.cde.ual.es\/wp-content\/uploads\/2017\/03\/van-gogh-1663090_1920.jpg 1920w, https:\/\/www.cde.ual.es\/wp-content\/uploads\/2017\/03\/van-gogh-1663090_1920-768x403.jpg 768w\" sizes=\"(max-width: 1920px) 100vw, 1920px\" \/><\/p>\n<p style=\"text-align: justify;\">El Ministerio de Asuntos Exteriores y Cooperaci\u00f3n del Gobierno de Espa\u00f1a pone en marcha la convocatoria de las\u00a0<strong>Becas MAEC-AECID de Arte, Educaci\u00f3n y Cultura para el curso acad\u00e9mico 2017 \u2013 2018<\/strong>.<\/p>\n<p style=\"text-align: justify;\">Estas becas van <strong>dirigidas a espa\u00f1oles y extranjeros<\/strong>\u00a0que cumplan con los requisitos espec\u00edficos establecidos para cada programa de los incluidos en la convocatoria.<\/p>\n<p style=\"text-align: justify;\">Su objetivo es ayudar a\u00a0la realizaci\u00f3n de proyectos art\u00edsticos en el exterior, la formaci\u00f3n de ciudadanos espa\u00f1oles y extranjeros en centros de educaci\u00f3n superior y de formaci\u00f3n art\u00edstica de excelencia.<\/p>\n<div class=\"td-g-rec td-g-rec-id-content_inline\"><\/div>\n<p style=\"text-align: justify;\">Con estas becas, podr\u00e1s realizar uno de los siguientes programas:<\/p>\n<ul>\n<li style=\"text-align: justify;\">Programa de becas para la Real Academia de Espa\u00f1a en Roma (RAER).<\/li>\n<li style=\"text-align: justify;\">Programa de becas para pr\u00e1cticas de gesti\u00f3n cultural exterior.<\/li>\n<li style=\"text-align: justify;\">Programa de becas para pr\u00e1cticas de cooperaci\u00f3n para el desarrollo en los Centros de Formaci\u00f3n de la Cooperaci\u00f3n Espa\u00f1ola en Am\u00e9rica Latina.<\/li>\n<li style=\"text-align: justify;\">Programa de becas de colaboraci\u00f3n formativa en las sedes de las Academias asociadas a la Real Academia Espa\u00f1ola (RAE).<\/li>\n<li style=\"text-align: justify;\">Programa de becas para el Colegio de Europa.<\/li>\n<li style=\"text-align: justify;\">Programa de becas de formaci\u00f3n musical de excelencia en la Escuela Superior de M\u00fasica Reina Sof\u00eda (ESMRS).<\/li>\n<li style=\"text-align: justify;\">Programa de becas de M\u00e1ster para funcionarios y personal integrado en los sistemas p\u00fablicos de los pa\u00edses prioritarios de la Cooperaci\u00f3n Espa\u00f1ola.<\/li>\n<li style=\"text-align: justify;\">Programa de becas para pr\u00e1cticas de dise\u00f1o gr\u00e1fico en la AECID.<\/li>\n<li style=\"text-align: justify;\">Programa de becas de pr\u00e1cticas de edici\u00f3n y publicaci\u00f3n en la AECID.<\/li>\n<\/ul>\n<p style=\"text-align: justify;\">La dotaci\u00f3n de las becas variar\u00e1 en funci\u00f3n del programa a realizar. Las\u00a0<strong>Becas MAEC-AECID de Arte, Educaci\u00f3n y Cultura\u00a0<\/strong>cuentan con una <strong>dotaci\u00f3n mensual<\/strong> durante el periodo de concesi\u00f3n de las becas. Adem\u00e1s, se ofrece un seguro de asistencia en viajes y de accidentes.<\/p>\n<p style=\"text-align: justify;\">Si est\u00e1s interesado en estas becas, puedes conocer m\u00e1s a trav\u00e9s de la <a href=\"http:\/\/www.aecid.es\/ES\/becas-y-lectorados\/convocatorias-maec-aecid\/arte-educaci%C3%B3n-y-cultura\" target=\"_blank\">convocatoria oficial en la p\u00e1gina del Ministerio<\/a>.<\/p>\n<p style=\"text-align: justify;\">El plazo para solicitarlas finaliza el d\u00eda <strong>18 de marzo de 2017.<\/strong><\/p>\n","protected":false},"excerpt":{"rendered":"<p>El Ministerio de Asuntos Exteriores y Cooperaci\u00f3n del Gobierno de Espa\u00f1a pone en marcha la convocatoria de las\u00a0Becas MAEC-AECID de Arte, Educaci\u00f3n y Cultura para el curso acad\u00e9mico 2017 \u2013 2018. Estas becas van dirigidas a espa\u00f1oles y extranjeros\u00a0que cumplan con los requisitos espec\u00edficos establecidos para cada programa de los incluidos en la convocatoria. Su [&hellip;]<\/p>\n","protected":false},"author":1,"featured_media":0,"comment_status":"open","ping_status":"open","sticky":false,"template":"","format":"standard","meta":{"_acf_changed":false,"_relevanssi_hide_post":"","_relevanssi_hide_content":"","_relevanssi_pin_for_all":"","_relevanssi_pin_keywords":"","_relevanssi_unpin_keywords":"","_relevanssi_related_keywords":"","_relevanssi_related_include_ids":"","_relevanssi_related_exclude_ids":"","_relevanssi_related_no_append":"","_relevanssi_related_not_related":"","_relevanssi_related_posts":"","_relevanssi_noindex_reason":"","_monsterinsights_skip_tracking":false,"_monsterinsights_sitenote_active":false,"_monsterinsights_sitenote_note":"","_monsterinsights_sitenote_category":0,"_genesis_hide_title":false,"_genesis_hide_breadcrumbs":false,"_genesis_hide_singular_image":false,"_genesis_hide_footer_widgets":false,"_genesis_custom_body_class":"","_genesis_custom_post_class":"","_genesis_layout":"","footnotes":""},"categories":[1],"tags":[],"class_list":{"0":"post-1469","1":"post","2":"type-post","3":"status-publish","4":"format-standard","6":"category-sin-categorizar","7":"entry","8":"has-post-thumbnail"},"acf":[],"yoast_head":"<!-- This site is optimized with the Yoast SEO plugin v27.4 - https:\/\/yoast.com\/product\/yoast-seo-wordpress\/ -->\n<title>Becas MAEC \u2013 AECID de Arte, Educaci\u00f3n y Cultura para espa\u00f1oles y extranjeros | CDE Almer\u00eda - Centro de Documentaci\u00f3n Europea - Universidad de Almer\u00eda<\/title>\n<meta name=\"robots\" content=\"index, follow, max-snippet:-1, max-image-preview:large, max-video-preview:-1\" \/>\n<link rel=\"canonical\" href=\"https:\/\/www.cde.ual.es\/becas-maec-aecid-de-arte-educacion-y-cultura-para-espanoles-y-extranjeros\/\" \/>\n<meta property=\"og:locale\" content=\"en_US\" \/>\n<meta property=\"og:type\" content=\"article\" \/>\n<meta property=\"og:title\" content=\"Becas MAEC \u2013 AECID de Arte, Educaci\u00f3n y Cultura para espa\u00f1oles y extranjeros | CDE Almer\u00eda - Centro de Documentaci\u00f3n Europea - Universidad de Almer\u00eda\" \/>\n<meta property=\"og:description\" content=\"El Ministerio de Asuntos Exteriores y Cooperaci\u00f3n del Gobierno de Espa\u00f1a pone en marcha la convocatoria de las\u00a0Becas MAEC-AECID de Arte, Educaci\u00f3n y Cultura para el curso acad\u00e9mico 2017 \u2013 2018. Estas becas van dirigidas a espa\u00f1oles y extranjeros\u00a0que cumplan con los requisitos espec\u00edficos establecidos para cada programa de los incluidos en la convocatoria. Su [&hellip;]\" \/>\n<meta property=\"og:url\" content=\"https:\/\/www.cde.ual.es\/becas-maec-aecid-de-arte-educacion-y-cultura-para-espanoles-y-extranjeros\/\" \/>\n<meta property=\"og:site_name\" content=\"CDE Almer\u00eda - Centro de Documentaci\u00f3n Europea - Universidad de Almer\u00eda\" \/>\n<meta property=\"article:publisher\" content=\"https:\/\/www.facebook.com\/cdeuniversidadalmeria\/\" \/>\n<meta property=\"article:published_time\" content=\"2017-03-08T09:11:42+00:00\" \/>\n<meta property=\"og:image\" content=\"http:\/\/www.cde.ual.es\/wp-content\/uploads\/2017\/03\/van-gogh-1663090_1920.jpg\" \/>\n<meta name=\"author\" content=\"AdminCDE\" \/>\n<meta name=\"twitter:card\" content=\"summary_large_image\" \/>\n<meta name=\"twitter:creator\" content=\"@cdeualmeria\" \/>\n<meta name=\"twitter:site\" content=\"@cdeualmeria\" \/>\n<meta name=\"twitter:label1\" content=\"Written by\" \/>\n\t<meta name=\"twitter:data1\" content=\"AdminCDE\" \/>\n\t<meta name=\"twitter:label2\" content=\"Est. reading time\" \/>\n\t<meta name=\"twitter:data2\" content=\"2 minutes\" \/>\n<script type=\"application\/ld+json\" class=\"yoast-schema-graph\">{\"@context\":\"https:\\\/\\\/schema.org\",\"@graph\":[{\"@type\":\"Article\",\"@id\":\"https:\\\/\\\/www.cde.ual.es\\\/becas-maec-aecid-de-arte-educacion-y-cultura-para-espanoles-y-extranjeros\\\/#article\",\"isPartOf\":{\"@id\":\"https:\\\/\\\/www.cde.ual.es\\\/becas-maec-aecid-de-arte-educacion-y-cultura-para-espanoles-y-extranjeros\\\/\"},\"author\":{\"name\":\"AdminCDE\",\"@id\":\"https:\\\/\\\/www.cde.ual.es\\\/#\\\/schema\\\/person\\\/224ef08c8bcc005f319d2713ce37ee5f\"},\"headline\":\"Becas MAEC \u2013 AECID de Arte, Educaci\u00f3n y Cultura para espa\u00f1oles y extranjeros\",\"datePublished\":\"2017-03-08T09:11:42+00:00\",\"mainEntityOfPage\":{\"@id\":\"https:\\\/\\\/www.cde.ual.es\\\/becas-maec-aecid-de-arte-educacion-y-cultura-para-espanoles-y-extranjeros\\\/\"},\"wordCount\":365,\"commentCount\":0,\"publisher\":{\"@id\":\"https:\\\/\\\/www.cde.ual.es\\\/#organization\"},\"image\":{\"@id\":\"https:\\\/\\\/www.cde.ual.es\\\/becas-maec-aecid-de-arte-educacion-y-cultura-para-espanoles-y-extranjeros\\\/#primaryimage\"},\"thumbnailUrl\":\"http:\\\/\\\/www.cde.ual.es\\\/wp-content\\\/uploads\\\/2017\\\/03\\\/van-gogh-1663090_1920.jpg\",\"articleSection\":[\"Sin categorizar\"],\"inLanguage\":\"en-US\",\"potentialAction\":[{\"@type\":\"CommentAction\",\"name\":\"Comment\",\"target\":[\"https:\\\/\\\/www.cde.ual.es\\\/becas-maec-aecid-de-arte-educacion-y-cultura-para-espanoles-y-extranjeros\\\/#respond\"]}]},{\"@type\":\"WebPage\",\"@id\":\"https:\\\/\\\/www.cde.ual.es\\\/becas-maec-aecid-de-arte-educacion-y-cultura-para-espanoles-y-extranjeros\\\/\",\"url\":\"https:\\\/\\\/www.cde.ual.es\\\/becas-maec-aecid-de-arte-educacion-y-cultura-para-espanoles-y-extranjeros\\\/\",\"name\":\"Becas MAEC \u2013 AECID de Arte, Educaci\u00f3n y Cultura para espa\u00f1oles y extranjeros | CDE Almer\u00eda - Centro de Documentaci\u00f3n Europea - Universidad de Almer\u00eda\",\"isPartOf\":{\"@id\":\"https:\\\/\\\/www.cde.ual.es\\\/#website\"},\"primaryImageOfPage\":{\"@id\":\"https:\\\/\\\/www.cde.ual.es\\\/becas-maec-aecid-de-arte-educacion-y-cultura-para-espanoles-y-extranjeros\\\/#primaryimage\"},\"image\":{\"@id\":\"https:\\\/\\\/www.cde.ual.es\\\/becas-maec-aecid-de-arte-educacion-y-cultura-para-espanoles-y-extranjeros\\\/#primaryimage\"},\"thumbnailUrl\":\"http:\\\/\\\/www.cde.ual.es\\\/wp-content\\\/uploads\\\/2017\\\/03\\\/van-gogh-1663090_1920.jpg\",\"datePublished\":\"2017-03-08T09:11:42+00:00\",\"breadcrumb\":{\"@id\":\"https:\\\/\\\/www.cde.ual.es\\\/becas-maec-aecid-de-arte-educacion-y-cultura-para-espanoles-y-extranjeros\\\/#breadcrumb\"},\"inLanguage\":\"en-US\",\"potentialAction\":[{\"@type\":\"ReadAction\",\"target\":[\"https:\\\/\\\/www.cde.ual.es\\\/becas-maec-aecid-de-arte-educacion-y-cultura-para-espanoles-y-extranjeros\\\/\"]}]},{\"@type\":\"ImageObject\",\"inLanguage\":\"en-US\",\"@id\":\"https:\\\/\\\/www.cde.ual.es\\\/becas-maec-aecid-de-arte-educacion-y-cultura-para-espanoles-y-extranjeros\\\/#primaryimage\",\"url\":\"http:\\\/\\\/www.cde.ual.es\\\/wp-content\\\/uploads\\\/2017\\\/03\\\/van-gogh-1663090_1920.jpg\",\"contentUrl\":\"http:\\\/\\\/www.cde.ual.es\\\/wp-content\\\/uploads\\\/2017\\\/03\\\/van-gogh-1663090_1920.jpg\"},{\"@type\":\"BreadcrumbList\",\"@id\":\"https:\\\/\\\/www.cde.ual.es\\\/becas-maec-aecid-de-arte-educacion-y-cultura-para-espanoles-y-extranjeros\\\/#breadcrumb\",\"itemListElement\":[{\"@type\":\"ListItem\",\"position\":1,\"name\":\"Inicio\",\"item\":\"https:\\\/\\\/www.cde.ual.es\\\/en\\\/\"},{\"@type\":\"ListItem\",\"position\":2,\"name\":\"Sin categorizar\",\"item\":\"https:\\\/\\\/www.cde.ual.es\\\/category\\\/sin-categorizar\\\/\"},{\"@type\":\"ListItem\",\"position\":3,\"name\":\"Becas MAEC \u2013 AECID de Arte, Educaci\u00f3n y Cultura para espa\u00f1oles y extranjeros\"}]},{\"@type\":\"WebSite\",\"@id\":\"https:\\\/\\\/www.cde.ual.es\\\/#website\",\"url\":\"https:\\\/\\\/www.cde.ual.es\\\/\",\"name\":\"CDE Almer\u00eda - Centro de Documentaci\u00f3n Europea - Universidad de Almer\u00eda\",\"description\":\"Centro de Documentaci\u00f3n Europea de la Universidad de Almer\u00eda\",\"publisher\":{\"@id\":\"https:\\\/\\\/www.cde.ual.es\\\/#organization\"},\"alternateName\":\"CDE Almer\u00eda\",\"potentialAction\":[{\"@type\":\"SearchAction\",\"target\":{\"@type\":\"EntryPoint\",\"urlTemplate\":\"https:\\\/\\\/www.cde.ual.es\\\/?s={search_term_string}\"},\"query-input\":{\"@type\":\"PropertyValueSpecification\",\"valueRequired\":true,\"valueName\":\"search_term_string\"}}],\"inLanguage\":\"en-US\"},{\"@type\":\"Organization\",\"@id\":\"https:\\\/\\\/www.cde.ual.es\\\/#organization\",\"name\":\"Centro de Documentaci\u00f3n Europea de Almer\u00eda\",\"url\":\"https:\\\/\\\/www.cde.ual.es\\\/\",\"logo\":{\"@type\":\"ImageObject\",\"inLanguage\":\"en-US\",\"@id\":\"https:\\\/\\\/www.cde.ual.es\\\/#\\\/schema\\\/logo\\\/image\\\/\",\"url\":\"https:\\\/\\\/www.cde.ual.es\\\/wp-content\\\/uploads\\\/2025\\\/07\\\/cde-logo-3.png\",\"contentUrl\":\"https:\\\/\\\/www.cde.ual.es\\\/wp-content\\\/uploads\\\/2025\\\/07\\\/cde-logo-3.png\",\"width\":1400,\"height\":300,\"caption\":\"Centro de Documentaci\u00f3n Europea de Almer\u00eda\"},\"image\":{\"@id\":\"https:\\\/\\\/www.cde.ual.es\\\/#\\\/schema\\\/logo\\\/image\\\/\"},\"sameAs\":[\"https:\\\/\\\/www.facebook.com\\\/cdeuniversidadalmeria\\\/\",\"https:\\\/\\\/x.com\\\/cdeualmeria\",\"https:\\\/\\\/www.tiktok.com\\\/@cdealmeria\",\"https:\\\/\\\/www.instagram.com\\\/cdealmeria\\\/\",\"https:\\\/\\\/www.linkedin.com\\\/in\\\/cde-almera-812b26a9\\\/\"]},{\"@type\":\"Person\",\"@id\":\"https:\\\/\\\/www.cde.ual.es\\\/#\\\/schema\\\/person\\\/224ef08c8bcc005f319d2713ce37ee5f\",\"name\":\"AdminCDE\",\"image\":{\"@type\":\"ImageObject\",\"inLanguage\":\"en-US\",\"@id\":\"https:\\\/\\\/secure.gravatar.com\\\/avatar\\\/a72d038d371f995cd13706fac32274b7952a52e8fb0a84b5f80c85426f2a98a8?s=96&d=mm&r=g\",\"url\":\"https:\\\/\\\/secure.gravatar.com\\\/avatar\\\/a72d038d371f995cd13706fac32274b7952a52e8fb0a84b5f80c85426f2a98a8?s=96&d=mm&r=g\",\"contentUrl\":\"https:\\\/\\\/secure.gravatar.com\\\/avatar\\\/a72d038d371f995cd13706fac32274b7952a52e8fb0a84b5f80c85426f2a98a8?s=96&d=mm&r=g\",\"caption\":\"AdminCDE\"}}]}<\/script>\n<!-- \/ Yoast SEO plugin. -->","yoast_head_json":{"title":"Becas MAEC \u2013 AECID de Arte, Educaci\u00f3n y Cultura para espa\u00f1oles y extranjeros | CDE Almer\u00eda - Centro de Documentaci\u00f3n Europea - Universidad de Almer\u00eda","robots":{"index":"index","follow":"follow","max-snippet":"max-snippet:-1","max-image-preview":"max-image-preview:large","max-video-preview":"max-video-preview:-1"},"canonical":"https:\/\/www.cde.ual.es\/becas-maec-aecid-de-arte-educacion-y-cultura-para-espanoles-y-extranjeros\/","og_locale":"en_US","og_type":"article","og_title":"Becas MAEC \u2013 AECID de Arte, Educaci\u00f3n y Cultura para espa\u00f1oles y extranjeros | CDE Almer\u00eda - Centro de Documentaci\u00f3n Europea - Universidad de Almer\u00eda","og_description":"El Ministerio de Asuntos Exteriores y Cooperaci\u00f3n del Gobierno de Espa\u00f1a pone en marcha la convocatoria de las\u00a0Becas MAEC-AECID de Arte, Educaci\u00f3n y Cultura para el curso acad\u00e9mico 2017 \u2013 2018. Estas becas van dirigidas a espa\u00f1oles y extranjeros\u00a0que cumplan con los requisitos espec\u00edficos establecidos para cada programa de los incluidos en la convocatoria. Su [&hellip;]","og_url":"https:\/\/www.cde.ual.es\/becas-maec-aecid-de-arte-educacion-y-cultura-para-espanoles-y-extranjeros\/","og_site_name":"CDE Almer\u00eda - Centro de Documentaci\u00f3n Europea - Universidad de Almer\u00eda","article_publisher":"https:\/\/www.facebook.com\/cdeuniversidadalmeria\/","article_published_time":"2017-03-08T09:11:42+00:00","og_image":[{"url":"http:\/\/www.cde.ual.es\/wp-content\/uploads\/2017\/03\/van-gogh-1663090_1920.jpg","type":"","width":"","height":""}],"author":"AdminCDE","twitter_card":"summary_large_image","twitter_creator":"@cdeualmeria","twitter_site":"@cdeualmeria","twitter_misc":{"Written by":"AdminCDE","Est. reading time":"2 minutes"},"schema":{"@context":"https:\/\/schema.org","@graph":[{"@type":"Article","@id":"https:\/\/www.cde.ual.es\/becas-maec-aecid-de-arte-educacion-y-cultura-para-espanoles-y-extranjeros\/#article","isPartOf":{"@id":"https:\/\/www.cde.ual.es\/becas-maec-aecid-de-arte-educacion-y-cultura-para-espanoles-y-extranjeros\/"},"author":{"name":"AdminCDE","@id":"https:\/\/www.cde.ual.es\/#\/schema\/person\/224ef08c8bcc005f319d2713ce37ee5f"},"headline":"Becas MAEC \u2013 AECID de Arte, Educaci\u00f3n y Cultura para espa\u00f1oles y extranjeros","datePublished":"2017-03-08T09:11:42+00:00","mainEntityOfPage":{"@id":"https:\/\/www.cde.ual.es\/becas-maec-aecid-de-arte-educacion-y-cultura-para-espanoles-y-extranjeros\/"},"wordCount":365,"commentCount":0,"publisher":{"@id":"https:\/\/www.cde.ual.es\/#organization"},"image":{"@id":"https:\/\/www.cde.ual.es\/becas-maec-aecid-de-arte-educacion-y-cultura-para-espanoles-y-extranjeros\/#primaryimage"},"thumbnailUrl":"http:\/\/www.cde.ual.es\/wp-content\/uploads\/2017\/03\/van-gogh-1663090_1920.jpg","articleSection":["Sin categorizar"],"inLanguage":"en-US","potentialAction":[{"@type":"CommentAction","name":"Comment","target":["https:\/\/www.cde.ual.es\/becas-maec-aecid-de-arte-educacion-y-cultura-para-espanoles-y-extranjeros\/#respond"]}]},{"@type":"WebPage","@id":"https:\/\/www.cde.ual.es\/becas-maec-aecid-de-arte-educacion-y-cultura-para-espanoles-y-extranjeros\/","url":"https:\/\/www.cde.ual.es\/becas-maec-aecid-de-arte-educacion-y-cultura-para-espanoles-y-extranjeros\/","name":"Becas MAEC \u2013 AECID de Arte, Educaci\u00f3n y Cultura para espa\u00f1oles y extranjeros | CDE Almer\u00eda - Centro de Documentaci\u00f3n Europea - Universidad de Almer\u00eda","isPartOf":{"@id":"https:\/\/www.cde.ual.es\/#website"},"primaryImageOfPage":{"@id":"https:\/\/www.cde.ual.es\/becas-maec-aecid-de-arte-educacion-y-cultura-para-espanoles-y-extranjeros\/#primaryimage"},"image":{"@id":"https:\/\/www.cde.ual.es\/becas-maec-aecid-de-arte-educacion-y-cultura-para-espanoles-y-extranjeros\/#primaryimage"},"thumbnailUrl":"http:\/\/www.cde.ual.es\/wp-content\/uploads\/2017\/03\/van-gogh-1663090_1920.jpg","datePublished":"2017-03-08T09:11:42+00:00","breadcrumb":{"@id":"https:\/\/www.cde.ual.es\/becas-maec-aecid-de-arte-educacion-y-cultura-para-espanoles-y-extranjeros\/#breadcrumb"},"inLanguage":"en-US","potentialAction":[{"@type":"ReadAction","target":["https:\/\/www.cde.ual.es\/becas-maec-aecid-de-arte-educacion-y-cultura-para-espanoles-y-extranjeros\/"]}]},{"@type":"ImageObject","inLanguage":"en-US","@id":"https:\/\/www.cde.ual.es\/becas-maec-aecid-de-arte-educacion-y-cultura-para-espanoles-y-extranjeros\/#primaryimage","url":"http:\/\/www.cde.ual.es\/wp-content\/uploads\/2017\/03\/van-gogh-1663090_1920.jpg","contentUrl":"http:\/\/www.cde.ual.es\/wp-content\/uploads\/2017\/03\/van-gogh-1663090_1920.jpg"},{"@type":"BreadcrumbList","@id":"https:\/\/www.cde.ual.es\/becas-maec-aecid-de-arte-educacion-y-cultura-para-espanoles-y-extranjeros\/#breadcrumb","itemListElement":[{"@type":"ListItem","position":1,"name":"Inicio","item":"https:\/\/www.cde.ual.es\/en\/"},{"@type":"ListItem","position":2,"name":"Sin categorizar","item":"https:\/\/www.cde.ual.es\/category\/sin-categorizar\/"},{"@type":"ListItem","position":3,"name":"Becas MAEC \u2013 AECID de Arte, Educaci\u00f3n y Cultura para espa\u00f1oles y extranjeros"}]},{"@type":"WebSite","@id":"https:\/\/www.cde.ual.es\/#website","url":"https:\/\/www.cde.ual.es\/","name":"CDE Almer\u00eda - Centro de Documentaci\u00f3n Europea - Universidad de Almer\u00eda","description":"Centro de Documentaci\u00f3n Europea de la Universidad de Almer\u00eda","publisher":{"@id":"https:\/\/www.cde.ual.es\/#organization"},"alternateName":"CDE Almer\u00eda","potentialAction":[{"@type":"SearchAction","target":{"@type":"EntryPoint","urlTemplate":"https:\/\/www.cde.ual.es\/?s={search_term_string}"},"query-input":{"@type":"PropertyValueSpecification","valueRequired":true,"valueName":"search_term_string"}}],"inLanguage":"en-US"},{"@type":"Organization","@id":"https:\/\/www.cde.ual.es\/#organization","name":"Centro de Documentaci\u00f3n Europea de Almer\u00eda","url":"https:\/\/www.cde.ual.es\/","logo":{"@type":"ImageObject","inLanguage":"en-US","@id":"https:\/\/www.cde.ual.es\/#\/schema\/logo\/image\/","url":"https:\/\/www.cde.ual.es\/wp-content\/uploads\/2025\/07\/cde-logo-3.png","contentUrl":"https:\/\/www.cde.ual.es\/wp-content\/uploads\/2025\/07\/cde-logo-3.png","width":1400,"height":300,"caption":"Centro de Documentaci\u00f3n Europea de Almer\u00eda"},"image":{"@id":"https:\/\/www.cde.ual.es\/#\/schema\/logo\/image\/"},"sameAs":["https:\/\/www.facebook.com\/cdeuniversidadalmeria\/","https:\/\/x.com\/cdeualmeria","https:\/\/www.tiktok.com\/@cdealmeria","https:\/\/www.instagram.com\/cdealmeria\/","https:\/\/www.linkedin.com\/in\/cde-almera-812b26a9\/"]},{"@type":"Person","@id":"https:\/\/www.cde.ual.es\/#\/schema\/person\/224ef08c8bcc005f319d2713ce37ee5f","name":"AdminCDE","image":{"@type":"ImageObject","inLanguage":"en-US","@id":"https:\/\/secure.gravatar.com\/avatar\/a72d038d371f995cd13706fac32274b7952a52e8fb0a84b5f80c85426f2a98a8?s=96&d=mm&r=g","url":"https:\/\/secure.gravatar.com\/avatar\/a72d038d371f995cd13706fac32274b7952a52e8fb0a84b5f80c85426f2a98a8?s=96&d=mm&r=g","contentUrl":"https:\/\/secure.gravatar.com\/avatar\/a72d038d371f995cd13706fac32274b7952a52e8fb0a84b5f80c85426f2a98a8?s=96&d=mm&r=g","caption":"AdminCDE"}}]}},"_links":{"self":[{"href":"https:\/\/www.cde.ual.es\/en\/wp-json\/wp\/v2\/posts\/1469","targetHints":{"allow":["GET"]}}],"collection":[{"href":"https:\/\/www.cde.ual.es\/en\/wp-json\/wp\/v2\/posts"}],"about":[{"href":"https:\/\/www.cde.ual.es\/en\/wp-json\/wp\/v2\/types\/post"}],"author":[{"embeddable":true,"href":"https:\/\/www.cde.ual.es\/en\/wp-json\/wp\/v2\/users\/1"}],"replies":[{"embeddable":true,"href":"https:\/\/www.cde.ual.es\/en\/wp-json\/wp\/v2\/comments?post=1469"}],"version-history":[{"count":0,"href":"https:\/\/www.cde.ual.es\/en\/wp-json\/wp\/v2\/posts\/1469\/revisions"}],"wp:attachment":[{"href":"https:\/\/www.cde.ual.es\/en\/wp-json\/wp\/v2\/media?parent=1469"}],"wp:term":[{"taxonomy":"category","embeddable":true,"href":"https:\/\/www.cde.ual.es\/en\/wp-json\/wp\/v2\/categories?post=1469"},{"taxonomy":"post_tag","embeddable":true,"href":"https:\/\/www.cde.ual.es\/en\/wp-json\/wp\/v2\/tags?post=1469"}],"curies":[{"name":"wp","href":"https:\/\/api.w.org\/{rel}","templated":true}]}}