{"id":146890,"date":"2023-12-01T03:00:39","date_gmt":"2023-12-01T02:00:39","guid":{"rendered":"https:\/\/www.cde.ual.es\/?p=146890"},"modified":"2023-11-30T12:13:23","modified_gmt":"2023-11-30T11:13:23","slug":"eu-position-for-cop28","status":"publish","type":"post","link":"https:\/\/www.cde.ual.es\/en\/eu-position-for-cop28\/","title":{"rendered":"EU position for COP28"},"content":{"rendered":"<p style=\"text-align: justify;\"><strong>World leaders will gather in Dubai, United Arab Emirates, for the world climate action summit to kick off the 28th United Nations climate change conference (COP28).<\/strong><\/p>\n<p style=\"text-align: justify;\"><a href=\"https:\/\/www.cde.ual.es\/wp-content\/uploads\/2023\/11\/COP28.jpg\"><img decoding=\"async\" class=\"aligncenter size-full wp-image-146885\" src=\"https:\/\/www.cde.ual.es\/wp-content\/uploads\/2023\/11\/COP28.jpg\" alt=\"COP28\" width=\"1151\" height=\"649\" srcset=\"https:\/\/www.cde.ual.es\/wp-content\/uploads\/2023\/11\/COP28.jpg 1151w, https:\/\/www.cde.ual.es\/wp-content\/uploads\/2023\/11\/COP28-300x169.jpg 300w, https:\/\/www.cde.ual.es\/wp-content\/uploads\/2023\/11\/COP28-1024x577.jpg 1024w, https:\/\/www.cde.ual.es\/wp-content\/uploads\/2023\/11\/COP28-768x433.jpg 768w\" sizes=\"(max-width: 1151px) 100vw, 1151px\" \/><\/a><\/p>\n<p style=\"text-align: justify;\">From 30 November to 12 December, COP28 will bring together the parties to the\u00a0<strong>UN Framework Convention on Climate Change (UNFCCC)<\/strong>. These include the EU and all EU member states.<\/p>\n<p style=\"text-align: justify;\">The EU will be represented by European Council President Charles Michel, European Commission President Ursula von der Leyen and the Spanish presidency of the Council. The EU delegation will be led by the European Commission and the Spanish presidency.<\/p>\n<p style=\"text-align: justify;\"><strong>COP28 goals<\/strong><\/p>\n<div class=\"floated-right well\">\n<p style=\"text-align: justify;\">Every year, the COP meets to determine ambition and responsibilities for climate action, and to identify and assess climate measures.<\/p>\n<p style=\"text-align: justify;\">This year\u2019s conference is hosted by the United Arab Emirates, which holds the COP28 presidency.<\/p>\n<p style=\"text-align: justify;\">The presidency\u2019s plan of action to deliver on the pillars of the Paris Agreement focuses on four areas:<\/p>\n<ul style=\"text-align: justify;\">\n<li>fast-tracking the<strong>\u00a0energy transition<\/strong><\/li>\n<li>fixing\u00a0<strong>climate finance<\/strong><\/li>\n<li>putting\u00a0<strong>nature, people, lives and livelihoods<\/strong>\u00a0at the heart of climate action<\/li>\n<li>underpinning everything with full\u00a0<strong>inclusivity<\/strong><\/li>\n<\/ul>\n<p style=\"text-align: justify;\">The main agenda items for COP28 are expected to be:<\/p>\n<ul style=\"text-align: justify;\">\n<li>a global stock-take<\/li>\n<li>the mitigation work programme<\/li>\n<li>the global goal on adaptation<\/li>\n<li>climate finance, including financial arrangements for loss and damage<\/li>\n<\/ul>\n<table style=\"width: 99.9988%; border-collapse: collapse; border-style: double; border-color: #001f7d;\" cellpadding=\"0,5\">\n<tbody>\n<tr>\n<td style=\"width: 100%;\"><a href=\"https:\/\/www.cde.ual.es\/en\/cop27-eu-calls-on-all-parties-to-take-concrete-steps-to-limit-global-warming-to-1-5c-and-respect-the-paris-agreement\/\" target=\"_blank\" rel=\"noopener\"><img decoding=\"async\" class=\"alignleft\" src=\"https:\/\/www.cde.ual.es\/wp-content\/uploads\/2022\/11\/eucoclimate-infocus.jpg\" alt=\"\" width=\"120\" height=\"170\" \/><\/a><\/p>\n<h4 class=\"entry-title\"><a href=\"https:\/\/www.cde.ual.es\/en\/cop27-eu-calls-on-all-parties-to-take-concrete-steps-to-limit-global-warming-to-1-5c-and-respect-the-paris-agreement\/\" target=\"_blank\" rel=\"noopener\">COP27: EU calls on all Parties to take concrete steps to limit global warming to 1.5\u00b0C and respect the Paris Agreement<br \/>\n<\/a><\/h4>\n<\/td>\n<\/tr>\n<\/tbody>\n<\/table>\n<h3 style=\"text-align: justify;\"><strong>EU position for COP28<\/strong><\/h3>\n<p style=\"text-align: justify;\">The Council agreed on the EU\u2019s position in its conclusions approved on 16 October 2023.<\/p>\n<p style=\"text-align: justify;\">In its conclusions, the Council highlighted the opportunities that<strong>\u00a0ambitious climate action<\/strong>\u00a0brings for the planet, the global economy and the people, and the importance of ensuring a\u00a0<strong>just transition<\/strong>\u00a0towards sustainable climate-resilient and climate-neutral economies and societies that leave no-one behind.<\/p>\n<p style=\"text-align: justify;\">The Council stressed that global ambition must increase substantially to keep the 1.5\u00b0C objective within reach, and called for:<\/p>\n<ul style=\"text-align: justify;\">\n<li>collective strengthening of nationally determined contributions (NDCs)<\/li>\n<li>a global\u00a0<strong>phase-out of unabated fossil fuels<\/strong>\u00a0and a peak in their consumption in this decade<\/li>\n<li>a fully or predominantly<strong>\u00a0decarbonised global power system<\/strong>\u00a0in the 2030s<\/li>\n<li>a phase-out of fossil fuel subsidies which do not address energy poverty or just transition as soon as possible<\/li>\n<li>global action towards the tripling of installed renewable energy capacity and the doubling of the rate of improvement in energy efficiency by 2030<\/li>\n<li>all parties to make greater efforts to integrate\u00a0<strong>climate change adaptation\u00a0<\/strong>and resilience into existing policies and programmes within all relevant sectors<\/li>\n<li>all countries to scale up efforts to\u00a0<strong>mobilise finance<\/strong>\u00a0to support climate action<\/li>\n<\/ul>\n<p style=\"text-align: justify;\">The EU is also determined to work together with all parties to:<\/p>\n<ul style=\"text-align: justify;\">\n<li>continue promoting the implementation of the enhanced transparency framework<\/li>\n<li>foster an inclusive discussion on the future of UNFCCC<\/li>\n<li>advance the implementation of the Glasgow work programme on action for climate empowerment<\/li>\n<li>address the gender dimension<\/li>\n<li>discuss the implementation of climate action in the agricultural and food security<\/li>\n<\/ul>\n<p style=\"text-align: justify;\"><strong>More information: <a href=\"https:\/\/www.consilium.europa.eu\/en\/meetings\/international-summit\/2023\/12\/01-02\/\">European Council<\/a><\/strong><\/p>\n<\/div>\n","protected":false},"excerpt":{"rendered":"<p>World leaders will gather in Dubai, United Arab Emirates, for the world climate action summit to kick off the 28th United Nations climate change conference (COP28). From 30 November to 12 December, COP28 will bring together the parties to the\u00a0UN Framework Convention on Climate Change (UNFCCC). These include the EU and all EU member states. [&hellip;]<\/p>\n","protected":false},"author":1,"featured_media":146886,"comment_status":"open","ping_status":"open","sticky":false,"template":"","format":"standard","meta":{"_acf_changed":false,"_relevanssi_hide_post":"","_relevanssi_hide_content":"","_relevanssi_pin_for_all":"","_relevanssi_pin_keywords":"","_relevanssi_unpin_keywords":"","_relevanssi_related_keywords":"","_relevanssi_related_include_ids":"","_relevanssi_related_exclude_ids":"","_relevanssi_related_no_append":"","_relevanssi_related_not_related":"","_relevanssi_related_posts":"","_relevanssi_noindex_reason":"","_monsterinsights_skip_tracking":false,"_monsterinsights_sitenote_active":false,"_monsterinsights_sitenote_note":"","_monsterinsights_sitenote_category":0,"_genesis_hide_title":false,"_genesis_hide_breadcrumbs":false,"_genesis_hide_singular_image":false,"_genesis_hide_footer_widgets":false,"_genesis_custom_body_class":"","_genesis_custom_post_class":"","_genesis_layout":"","footnotes":""},"categories":[4086,4085,346],"tags":[215,9788,11046,402,368],"class_list":{"0":"post-146890","1":"post","2":"type-post","3":"status-publish","4":"format-standard","5":"has-post-thumbnail","7":"category-energy","8":"category-environment","9":"category-eu-news","10":"tag-cambio-climatico","11":"tag-climatic-change","12":"tag-cop28-en","13":"tag-environment","14":"tag-european-union","15":"entry"},"acf":[],"yoast_head":"<!-- This site is optimized with the Yoast SEO plugin v27.4 - https:\/\/yoast.com\/product\/yoast-seo-wordpress\/ -->\n<title>EU position for COP28 | CDE Almer\u00eda - Centro de Documentaci\u00f3n Europea - Universidad de Almer\u00eda<\/title>\n<meta name=\"robots\" content=\"index, follow, max-snippet:-1, max-image-preview:large, max-video-preview:-1\" \/>\n<link rel=\"canonical\" href=\"https:\/\/www.cde.ual.es\/?p=146883\" \/>\n<meta property=\"og:locale\" content=\"en_US\" \/>\n<meta property=\"og:type\" content=\"article\" \/>\n<meta property=\"og:title\" content=\"EU position for COP28 | CDE Almer\u00eda - Centro de Documentaci\u00f3n Europea - Universidad de Almer\u00eda\" \/>\n<meta property=\"og:description\" content=\"World leaders will gather in Dubai, United Arab Emirates, for the world climate action summit to kick off the 28th United Nations climate change conference (COP28). From 30 November to 12 December, COP28 will bring together the parties to the\u00a0UN Framework Convention on Climate Change (UNFCCC). These include the EU and all EU member states. [&hellip;]\" \/>\n<meta property=\"og:url\" content=\"https:\/\/www.cde.ual.es\/?p=146883\" \/>\n<meta property=\"og:site_name\" content=\"CDE Almer\u00eda - Centro de Documentaci\u00f3n Europea - Universidad de Almer\u00eda\" \/>\n<meta property=\"article:publisher\" content=\"https:\/\/www.facebook.com\/cdeuniversidadalmeria\/\" \/>\n<meta property=\"article:published_time\" content=\"2023-12-01T02:00:39+00:00\" \/>\n<meta property=\"og:image\" content=\"https:\/\/www.cde.ual.es\/wp-content\/uploads\/2023\/11\/COP28.jpg\" \/>\n\t<meta property=\"og:image:width\" content=\"1151\" \/>\n\t<meta property=\"og:image:height\" content=\"649\" \/>\n\t<meta property=\"og:image:type\" content=\"image\/jpeg\" \/>\n<meta name=\"author\" content=\"AdminCDE\" \/>\n<meta name=\"twitter:card\" content=\"summary_large_image\" \/>\n<meta name=\"twitter:creator\" content=\"@cdeualmeria\" \/>\n<meta name=\"twitter:site\" content=\"@cdeualmeria\" \/>\n<meta name=\"twitter:label1\" content=\"Written by\" \/>\n\t<meta name=\"twitter:data1\" content=\"AdminCDE\" \/>\n\t<meta name=\"twitter:label2\" content=\"Est. reading time\" \/>\n\t<meta name=\"twitter:data2\" content=\"3 minutes\" \/>\n<script type=\"application\/ld+json\" class=\"yoast-schema-graph\">{\"@context\":\"https:\\\/\\\/schema.org\",\"@graph\":[{\"@type\":\"Article\",\"@id\":\"https:\\\/\\\/www.cde.ual.es\\\/?p=146883#article\",\"isPartOf\":{\"@id\":\"https:\\\/\\\/www.cde.ual.es\\\/?p=146883\"},\"author\":{\"name\":\"AdminCDE\",\"@id\":\"https:\\\/\\\/www.cde.ual.es\\\/#\\\/schema\\\/person\\\/224ef08c8bcc005f319d2713ce37ee5f\"},\"headline\":\"EU position for COP28\",\"datePublished\":\"2023-12-01T02:00:39+00:00\",\"mainEntityOfPage\":{\"@id\":\"https:\\\/\\\/www.cde.ual.es\\\/?p=146883\"},\"wordCount\":482,\"commentCount\":0,\"publisher\":{\"@id\":\"https:\\\/\\\/www.cde.ual.es\\\/#organization\"},\"image\":{\"@id\":\"https:\\\/\\\/www.cde.ual.es\\\/?p=146883#primaryimage\"},\"thumbnailUrl\":\"https:\\\/\\\/www.cde.ual.es\\\/wp-content\\\/uploads\\\/2023\\\/11\\\/COP28.jpg\",\"keywords\":[\"Cambio Clim\u00e1tico\",\"climatic change\",\"COP28\",\"Environment\",\"European Union\"],\"articleSection\":[\"Energy\",\"Environmental Affairs\",\"EU News\"],\"inLanguage\":\"en-US\",\"potentialAction\":[{\"@type\":\"CommentAction\",\"name\":\"Comment\",\"target\":[\"https:\\\/\\\/www.cde.ual.es\\\/?p=146883#respond\"]}]},{\"@type\":\"WebPage\",\"@id\":\"https:\\\/\\\/www.cde.ual.es\\\/?p=146883\",\"url\":\"https:\\\/\\\/www.cde.ual.es\\\/?p=146883\",\"name\":\"EU position for COP28 | CDE Almer\u00eda - Centro de Documentaci\u00f3n Europea - Universidad de Almer\u00eda\",\"isPartOf\":{\"@id\":\"https:\\\/\\\/www.cde.ual.es\\\/#website\"},\"primaryImageOfPage\":{\"@id\":\"https:\\\/\\\/www.cde.ual.es\\\/?p=146883#primaryimage\"},\"image\":{\"@id\":\"https:\\\/\\\/www.cde.ual.es\\\/?p=146883#primaryimage\"},\"thumbnailUrl\":\"https:\\\/\\\/www.cde.ual.es\\\/wp-content\\\/uploads\\\/2023\\\/11\\\/COP28.jpg\",\"datePublished\":\"2023-12-01T02:00:39+00:00\",\"breadcrumb\":{\"@id\":\"https:\\\/\\\/www.cde.ual.es\\\/?p=146883#breadcrumb\"},\"inLanguage\":\"en-US\",\"potentialAction\":[{\"@type\":\"ReadAction\",\"target\":[\"https:\\\/\\\/www.cde.ual.es\\\/?p=146883\"]}]},{\"@type\":\"ImageObject\",\"inLanguage\":\"en-US\",\"@id\":\"https:\\\/\\\/www.cde.ual.es\\\/?p=146883#primaryimage\",\"url\":\"https:\\\/\\\/www.cde.ual.es\\\/wp-content\\\/uploads\\\/2023\\\/11\\\/COP28.jpg\",\"contentUrl\":\"https:\\\/\\\/www.cde.ual.es\\\/wp-content\\\/uploads\\\/2023\\\/11\\\/COP28.jpg\",\"width\":1151,\"height\":649,\"caption\":\"COP28\"},{\"@type\":\"BreadcrumbList\",\"@id\":\"https:\\\/\\\/www.cde.ual.es\\\/?p=146883#breadcrumb\",\"itemListElement\":[{\"@type\":\"ListItem\",\"position\":1,\"name\":\"Inicio\",\"item\":\"https:\\\/\\\/www.cde.ual.es\\\/en\\\/\"},{\"@type\":\"ListItem\",\"position\":2,\"name\":\"Noticias UE\",\"item\":\"https:\\\/\\\/www.cde.ual.es\\\/category\\\/noticias-ue\\\/\"},{\"@type\":\"ListItem\",\"position\":3,\"name\":\"Medio Ambiente\",\"item\":\"https:\\\/\\\/www.cde.ual.es\\\/category\\\/noticias-ue\\\/medioambiente\\\/\"},{\"@type\":\"ListItem\",\"position\":4,\"name\":\"Energy\",\"item\":\"https:\\\/\\\/www.cde.ual.es\\\/en\\\/category\\\/eu-news\\\/environment\\\/energy\\\/\"},{\"@type\":\"ListItem\",\"position\":5,\"name\":\"EU position for COP28\"}]},{\"@type\":\"WebSite\",\"@id\":\"https:\\\/\\\/www.cde.ual.es\\\/#website\",\"url\":\"https:\\\/\\\/www.cde.ual.es\\\/\",\"name\":\"CDE Almer\u00eda - Centro de Documentaci\u00f3n Europea - Universidad de Almer\u00eda\",\"description\":\"Centro de Documentaci\u00f3n Europea de la Universidad de Almer\u00eda\",\"publisher\":{\"@id\":\"https:\\\/\\\/www.cde.ual.es\\\/#organization\"},\"alternateName\":\"CDE Almer\u00eda\",\"potentialAction\":[{\"@type\":\"SearchAction\",\"target\":{\"@type\":\"EntryPoint\",\"urlTemplate\":\"https:\\\/\\\/www.cde.ual.es\\\/?s={search_term_string}\"},\"query-input\":{\"@type\":\"PropertyValueSpecification\",\"valueRequired\":true,\"valueName\":\"search_term_string\"}}],\"inLanguage\":\"en-US\"},{\"@type\":\"Organization\",\"@id\":\"https:\\\/\\\/www.cde.ual.es\\\/#organization\",\"name\":\"Centro de Documentaci\u00f3n Europea de Almer\u00eda\",\"url\":\"https:\\\/\\\/www.cde.ual.es\\\/\",\"logo\":{\"@type\":\"ImageObject\",\"inLanguage\":\"en-US\",\"@id\":\"https:\\\/\\\/www.cde.ual.es\\\/#\\\/schema\\\/logo\\\/image\\\/\",\"url\":\"https:\\\/\\\/www.cde.ual.es\\\/wp-content\\\/uploads\\\/2025\\\/07\\\/cde-logo-3.png\",\"contentUrl\":\"https:\\\/\\\/www.cde.ual.es\\\/wp-content\\\/uploads\\\/2025\\\/07\\\/cde-logo-3.png\",\"width\":1400,\"height\":300,\"caption\":\"Centro de Documentaci\u00f3n Europea de Almer\u00eda\"},\"image\":{\"@id\":\"https:\\\/\\\/www.cde.ual.es\\\/#\\\/schema\\\/logo\\\/image\\\/\"},\"sameAs\":[\"https:\\\/\\\/www.facebook.com\\\/cdeuniversidadalmeria\\\/\",\"https:\\\/\\\/x.com\\\/cdeualmeria\",\"https:\\\/\\\/www.tiktok.com\\\/@cdealmeria\",\"https:\\\/\\\/www.instagram.com\\\/cdealmeria\\\/\",\"https:\\\/\\\/www.linkedin.com\\\/in\\\/cde-almera-812b26a9\\\/\"]},{\"@type\":\"Person\",\"@id\":\"https:\\\/\\\/www.cde.ual.es\\\/#\\\/schema\\\/person\\\/224ef08c8bcc005f319d2713ce37ee5f\",\"name\":\"AdminCDE\",\"image\":{\"@type\":\"ImageObject\",\"inLanguage\":\"en-US\",\"@id\":\"https:\\\/\\\/secure.gravatar.com\\\/avatar\\\/a72d038d371f995cd13706fac32274b7952a52e8fb0a84b5f80c85426f2a98a8?s=96&d=mm&r=g\",\"url\":\"https:\\\/\\\/secure.gravatar.com\\\/avatar\\\/a72d038d371f995cd13706fac32274b7952a52e8fb0a84b5f80c85426f2a98a8?s=96&d=mm&r=g\",\"contentUrl\":\"https:\\\/\\\/secure.gravatar.com\\\/avatar\\\/a72d038d371f995cd13706fac32274b7952a52e8fb0a84b5f80c85426f2a98a8?s=96&d=mm&r=g\",\"caption\":\"AdminCDE\"}}]}<\/script>\n<!-- \/ Yoast SEO plugin. -->","yoast_head_json":{"title":"EU position for COP28 | CDE Almer\u00eda - Centro de Documentaci\u00f3n Europea - Universidad de Almer\u00eda","robots":{"index":"index","follow":"follow","max-snippet":"max-snippet:-1","max-image-preview":"max-image-preview:large","max-video-preview":"max-video-preview:-1"},"canonical":"https:\/\/www.cde.ual.es\/?p=146883","og_locale":"en_US","og_type":"article","og_title":"EU position for COP28 | CDE Almer\u00eda - Centro de Documentaci\u00f3n Europea - Universidad de Almer\u00eda","og_description":"World leaders will gather in Dubai, United Arab Emirates, for the world climate action summit to kick off the 28th United Nations climate change conference (COP28). From 30 November to 12 December, COP28 will bring together the parties to the\u00a0UN Framework Convention on Climate Change (UNFCCC). These include the EU and all EU member states. [&hellip;]","og_url":"https:\/\/www.cde.ual.es\/?p=146883","og_site_name":"CDE Almer\u00eda - Centro de Documentaci\u00f3n Europea - Universidad de Almer\u00eda","article_publisher":"https:\/\/www.facebook.com\/cdeuniversidadalmeria\/","article_published_time":"2023-12-01T02:00:39+00:00","og_image":[{"width":1151,"height":649,"url":"https:\/\/www.cde.ual.es\/wp-content\/uploads\/2023\/11\/COP28.jpg","type":"image\/jpeg"}],"author":"AdminCDE","twitter_card":"summary_large_image","twitter_creator":"@cdeualmeria","twitter_site":"@cdeualmeria","twitter_misc":{"Written by":"AdminCDE","Est. reading time":"3 minutes"},"schema":{"@context":"https:\/\/schema.org","@graph":[{"@type":"Article","@id":"https:\/\/www.cde.ual.es\/?p=146883#article","isPartOf":{"@id":"https:\/\/www.cde.ual.es\/?p=146883"},"author":{"name":"AdminCDE","@id":"https:\/\/www.cde.ual.es\/#\/schema\/person\/224ef08c8bcc005f319d2713ce37ee5f"},"headline":"EU position for COP28","datePublished":"2023-12-01T02:00:39+00:00","mainEntityOfPage":{"@id":"https:\/\/www.cde.ual.es\/?p=146883"},"wordCount":482,"commentCount":0,"publisher":{"@id":"https:\/\/www.cde.ual.es\/#organization"},"image":{"@id":"https:\/\/www.cde.ual.es\/?p=146883#primaryimage"},"thumbnailUrl":"https:\/\/www.cde.ual.es\/wp-content\/uploads\/2023\/11\/COP28.jpg","keywords":["Cambio Clim\u00e1tico","climatic change","COP28","Environment","European Union"],"articleSection":["Energy","Environmental Affairs","EU News"],"inLanguage":"en-US","potentialAction":[{"@type":"CommentAction","name":"Comment","target":["https:\/\/www.cde.ual.es\/?p=146883#respond"]}]},{"@type":"WebPage","@id":"https:\/\/www.cde.ual.es\/?p=146883","url":"https:\/\/www.cde.ual.es\/?p=146883","name":"EU position for COP28 | CDE Almer\u00eda - Centro de Documentaci\u00f3n Europea - Universidad de Almer\u00eda","isPartOf":{"@id":"https:\/\/www.cde.ual.es\/#website"},"primaryImageOfPage":{"@id":"https:\/\/www.cde.ual.es\/?p=146883#primaryimage"},"image":{"@id":"https:\/\/www.cde.ual.es\/?p=146883#primaryimage"},"thumbnailUrl":"https:\/\/www.cde.ual.es\/wp-content\/uploads\/2023\/11\/COP28.jpg","datePublished":"2023-12-01T02:00:39+00:00","breadcrumb":{"@id":"https:\/\/www.cde.ual.es\/?p=146883#breadcrumb"},"inLanguage":"en-US","potentialAction":[{"@type":"ReadAction","target":["https:\/\/www.cde.ual.es\/?p=146883"]}]},{"@type":"ImageObject","inLanguage":"en-US","@id":"https:\/\/www.cde.ual.es\/?p=146883#primaryimage","url":"https:\/\/www.cde.ual.es\/wp-content\/uploads\/2023\/11\/COP28.jpg","contentUrl":"https:\/\/www.cde.ual.es\/wp-content\/uploads\/2023\/11\/COP28.jpg","width":1151,"height":649,"caption":"COP28"},{"@type":"BreadcrumbList","@id":"https:\/\/www.cde.ual.es\/?p=146883#breadcrumb","itemListElement":[{"@type":"ListItem","position":1,"name":"Inicio","item":"https:\/\/www.cde.ual.es\/en\/"},{"@type":"ListItem","position":2,"name":"Noticias UE","item":"https:\/\/www.cde.ual.es\/category\/noticias-ue\/"},{"@type":"ListItem","position":3,"name":"Medio Ambiente","item":"https:\/\/www.cde.ual.es\/category\/noticias-ue\/medioambiente\/"},{"@type":"ListItem","position":4,"name":"Energy","item":"https:\/\/www.cde.ual.es\/en\/category\/eu-news\/environment\/energy\/"},{"@type":"ListItem","position":5,"name":"EU position for COP28"}]},{"@type":"WebSite","@id":"https:\/\/www.cde.ual.es\/#website","url":"https:\/\/www.cde.ual.es\/","name":"CDE Almer\u00eda - Centro de Documentaci\u00f3n Europea - Universidad de Almer\u00eda","description":"Centro de Documentaci\u00f3n Europea de la Universidad de Almer\u00eda","publisher":{"@id":"https:\/\/www.cde.ual.es\/#organization"},"alternateName":"CDE Almer\u00eda","potentialAction":[{"@type":"SearchAction","target":{"@type":"EntryPoint","urlTemplate":"https:\/\/www.cde.ual.es\/?s={search_term_string}"},"query-input":{"@type":"PropertyValueSpecification","valueRequired":true,"valueName":"search_term_string"}}],"inLanguage":"en-US"},{"@type":"Organization","@id":"https:\/\/www.cde.ual.es\/#organization","name":"Centro de Documentaci\u00f3n Europea de Almer\u00eda","url":"https:\/\/www.cde.ual.es\/","logo":{"@type":"ImageObject","inLanguage":"en-US","@id":"https:\/\/www.cde.ual.es\/#\/schema\/logo\/image\/","url":"https:\/\/www.cde.ual.es\/wp-content\/uploads\/2025\/07\/cde-logo-3.png","contentUrl":"https:\/\/www.cde.ual.es\/wp-content\/uploads\/2025\/07\/cde-logo-3.png","width":1400,"height":300,"caption":"Centro de Documentaci\u00f3n Europea de Almer\u00eda"},"image":{"@id":"https:\/\/www.cde.ual.es\/#\/schema\/logo\/image\/"},"sameAs":["https:\/\/www.facebook.com\/cdeuniversidadalmeria\/","https:\/\/x.com\/cdeualmeria","https:\/\/www.tiktok.com\/@cdealmeria","https:\/\/www.instagram.com\/cdealmeria\/","https:\/\/www.linkedin.com\/in\/cde-almera-812b26a9\/"]},{"@type":"Person","@id":"https:\/\/www.cde.ual.es\/#\/schema\/person\/224ef08c8bcc005f319d2713ce37ee5f","name":"AdminCDE","image":{"@type":"ImageObject","inLanguage":"en-US","@id":"https:\/\/secure.gravatar.com\/avatar\/a72d038d371f995cd13706fac32274b7952a52e8fb0a84b5f80c85426f2a98a8?s=96&d=mm&r=g","url":"https:\/\/secure.gravatar.com\/avatar\/a72d038d371f995cd13706fac32274b7952a52e8fb0a84b5f80c85426f2a98a8?s=96&d=mm&r=g","contentUrl":"https:\/\/secure.gravatar.com\/avatar\/a72d038d371f995cd13706fac32274b7952a52e8fb0a84b5f80c85426f2a98a8?s=96&d=mm&r=g","caption":"AdminCDE"}}]}},"_links":{"self":[{"href":"https:\/\/www.cde.ual.es\/en\/wp-json\/wp\/v2\/posts\/146890","targetHints":{"allow":["GET"]}}],"collection":[{"href":"https:\/\/www.cde.ual.es\/en\/wp-json\/wp\/v2\/posts"}],"about":[{"href":"https:\/\/www.cde.ual.es\/en\/wp-json\/wp\/v2\/types\/post"}],"author":[{"embeddable":true,"href":"https:\/\/www.cde.ual.es\/en\/wp-json\/wp\/v2\/users\/1"}],"replies":[{"embeddable":true,"href":"https:\/\/www.cde.ual.es\/en\/wp-json\/wp\/v2\/comments?post=146890"}],"version-history":[{"count":1,"href":"https:\/\/www.cde.ual.es\/en\/wp-json\/wp\/v2\/posts\/146890\/revisions"}],"predecessor-version":[{"id":146892,"href":"https:\/\/www.cde.ual.es\/en\/wp-json\/wp\/v2\/posts\/146890\/revisions\/146892"}],"wp:featuredmedia":[{"embeddable":true,"href":"https:\/\/www.cde.ual.es\/en\/wp-json\/wp\/v2\/media\/146886"}],"wp:attachment":[{"href":"https:\/\/www.cde.ual.es\/en\/wp-json\/wp\/v2\/media?parent=146890"}],"wp:term":[{"taxonomy":"category","embeddable":true,"href":"https:\/\/www.cde.ual.es\/en\/wp-json\/wp\/v2\/categories?post=146890"},{"taxonomy":"post_tag","embeddable":true,"href":"https:\/\/www.cde.ual.es\/en\/wp-json\/wp\/v2\/tags?post=146890"}],"curies":[{"name":"wp","href":"https:\/\/api.w.org\/{rel}","templated":true}]}}