{"id":146338,"date":"2023-11-28T10:43:25","date_gmt":"2023-11-28T09:43:25","guid":{"rendered":"https:\/\/www.cde.ual.es\/?p=146338"},"modified":"2023-11-28T10:43:25","modified_gmt":"2023-11-28T09:43:25","slug":"resolution-of-banco-popular-affected-shareholders-and-creditors-were-not-entitled-to-compensation-from-the-single-resolution-fund","status":"publish","type":"post","link":"https:\/\/www.cde.ual.es\/en\/resolution-of-banco-popular-affected-shareholders-and-creditors-were-not-entitled-to-compensation-from-the-single-resolution-fund\/","title":{"rendered":"Resolution of Banco Popular: affected shareholders and creditors were not entitled to compensation from the Single Resolution Fund"},"content":{"rendered":"<p style=\"text-align: justify;\">They would not have received better treatment in the event of the liquidation of the bank than that resulting from its resolution<\/p>\n<p style=\"text-align: justify;\"><a href=\"https:\/\/www.cde.ual.es\/wp-content\/uploads\/2023\/11\/pexels-pixabay-259249-scaled.jpg\"><img decoding=\"async\" class=\" wp-image-146335 aligncenter\" src=\"https:\/\/www.cde.ual.es\/wp-content\/uploads\/2023\/11\/pexels-pixabay-259249-scaled.jpg\" alt=\"\" width=\"690\" height=\"460\" srcset=\"https:\/\/www.cde.ual.es\/wp-content\/uploads\/2023\/11\/pexels-pixabay-259249-scaled.jpg 2560w, https:\/\/www.cde.ual.es\/wp-content\/uploads\/2023\/11\/pexels-pixabay-259249-300x200.jpg 300w, https:\/\/www.cde.ual.es\/wp-content\/uploads\/2023\/11\/pexels-pixabay-259249-1024x683.jpg 1024w, https:\/\/www.cde.ual.es\/wp-content\/uploads\/2023\/11\/pexels-pixabay-259249-768x512.jpg 768w, https:\/\/www.cde.ual.es\/wp-content\/uploads\/2023\/11\/pexels-pixabay-259249-1536x1024.jpg 1536w, https:\/\/www.cde.ual.es\/wp-content\/uploads\/2023\/11\/pexels-pixabay-259249-2048x1365.jpg 2048w\" sizes=\"(max-width: 690px) 100vw, 690px\" \/><\/a><br \/>\nAfter the global financial crisis of 2008, the EU legislature put in place a number of measures (Banking Union) aimed at protecting EU financial markets. One of those measures is the Single Resolution Mechanism (SRM), the main objective of which is to allow an orderly resolution of banks without recourse to taxpayers\u2019 money while promoting financial stability. If a bank is failing or likely to fail, the Single Resolution Board (SRB), a Union agency, may, under certain conditions, adopt a resolution scheme which must be endorsed by the Commission.<\/p>\n<p style=\"text-align: justify;\">The Single Resolution Fund (SRF) is also part of the Banking Union. It is an emergency fund, which can be used in times of crisis and is financed by the banking sector itself.<\/p>\n<p style=\"text-align: justify;\">In June 2017, the SRB adopted a resolution scheme in respect of the Spanish bank Banco Popular, which was endorsed by the Commission and led to the purchase of Banco Popular\u2019s shares at a price of \u20ac 1 by the Spanish bank Banco Santander. According to the EU Regulation on the resolution of credit institutions, if it is established that shareholders or creditors of an entity under resolution have suffered greater losses than they would have incurred in the event of the winding up of that entity under normal insolvency proceedings, the SRB may use the SRF to compensate them.<\/p>\n<p style=\"text-align: justify;\">In the case of Banco Popular, in order to estimate that potential difference in treatment, a valuation of the bank in a hypothetical liquidation scenario was carried out by an independent valuer and the affected shareholders and creditors were given the opportunity to comment on it.<\/p>\n<p style=\"text-align: justify;\">The SRB subsequently decided that the affected shareholders and creditors would not have received better treatment in the event of the liquidation of Banco Popular than that resulting from the resolution and that they were not entitled to compensation from the SRF.<\/p>\n<p style=\"text-align: justify;\">Several affected shareholders and creditors challenge that decision before the General Court of the European Union. The present cases provide the Court, for the first time, with an opportunity to rule on the legality of such decision.<\/p>\n<p style=\"text-align: justify;\">The Court dismisses the actions, in particular as regards the questioning of the valuer\u2019s independence and the failure to respect the right to be heard of the affected shareholders and creditors. It also considers that, in its valuation, the valuer relied on a correct methodology and did not commit manifest errors in the valuation of Banco Popular\u2019s assets. The result at the end of normal insolvency proceedings would therefore have been the same as that which resulted from the resolution, with the result that the property rights of the affected shareholders and creditors were not breached.<\/p>\n<p style=\"text-align: justify;\"><strong><a href=\"https:\/\/curia.europa.eu\/jcms\/upload\/docs\/application\/pdf\/2023-11\/cp230175en.pdf\" target=\"_blank\" rel=\"noopener\">PRESS RELEASE No 175\/23<\/a><\/strong><br \/>\nLuxembourg, 22 November 2023<br \/>\nJudgments of the General Court in Joined Cases T-302\/20, T-303\/20 and T-307\/20 Del Valle Ru\u00edz and Others v SRB, and in Cases T-304\/20 Molina Fern\u00e1ndez v SRB, T-330\/20 ACMO and Others v SRB and T-340\/20 Galv\u00e1n Fern\u00e1ndez-Guill\u00e9n v SRB<\/p>\n","protected":false},"excerpt":{"rendered":"<p>They would not have received better treatment in the event of the liquidation of the bank than that resulting from its resolution After the global financial crisis of 2008, the EU legislature put in place a number of measures (Banking Union) aimed at protecting EU financial markets. One of those measures is the Single Resolution [&hellip;]<\/p>\n","protected":false},"author":101011,"featured_media":146335,"comment_status":"open","ping_status":"open","sticky":false,"template":"","format":"standard","meta":{"_acf_changed":false,"_relevanssi_hide_post":"","_relevanssi_hide_content":"","_relevanssi_pin_for_all":"","_relevanssi_pin_keywords":"","_relevanssi_unpin_keywords":"","_relevanssi_related_keywords":"","_relevanssi_related_include_ids":"","_relevanssi_related_exclude_ids":"","_relevanssi_related_no_append":"","_relevanssi_related_not_related":"","_relevanssi_related_posts":"","_relevanssi_noindex_reason":"","_monsterinsights_skip_tracking":false,"_monsterinsights_sitenote_active":false,"_monsterinsights_sitenote_note":"","_monsterinsights_sitenote_category":0,"_genesis_hide_title":false,"_genesis_hide_breadcrumbs":false,"_genesis_hide_singular_image":false,"_genesis_hide_footer_widgets":false,"_genesis_custom_body_class":"","_genesis_custom_post_class":"","_genesis_layout":"","footnotes":""},"categories":[346,4080,4079],"tags":[10999,10998,10997],"class_list":{"0":"post-146338","1":"post","2":"type-post","3":"status-publish","4":"format-standard","5":"has-post-thumbnail","7":"category-eu-news","8":"category-jurisprudence","9":"category-law","10":"tag-banco-popular-en","11":"tag-court-of-justice-europe","12":"tag-single-resolution-fund","13":"entry"},"acf":[],"yoast_head":"<!-- This site is optimized with the Yoast SEO plugin v27.5 - https:\/\/yoast.com\/product\/yoast-seo-wordpress\/ -->\n<title>Resolution of Banco Popular: affected shareholders and creditors were not entitled to compensation from the Single Resolution Fund | CDE Almer\u00eda - Centro de Documentaci\u00f3n Europea - Universidad de Almer\u00eda<\/title>\n<meta name=\"robots\" content=\"index, follow, max-snippet:-1, max-image-preview:large, max-video-preview:-1\" \/>\n<link rel=\"canonical\" href=\"https:\/\/www.cde.ual.es\/en\/resolution-of-banco-popular-affected-shareholders-and-creditors-were-not-entitled-to-compensation-from-the-single-resolution-fund\/\" \/>\n<meta property=\"og:locale\" content=\"en_US\" \/>\n<meta property=\"og:type\" content=\"article\" \/>\n<meta property=\"og:title\" content=\"Resolution of Banco Popular: affected shareholders and creditors were not entitled to compensation from the Single Resolution Fund | CDE Almer\u00eda - Centro de Documentaci\u00f3n Europea - Universidad de Almer\u00eda\" \/>\n<meta property=\"og:description\" content=\"They would not have received better treatment in the event of the liquidation of the bank than that resulting from its resolution After the global financial crisis of 2008, the EU legislature put in place a number of measures (Banking Union) aimed at protecting EU financial markets. One of those measures is the Single Resolution [&hellip;]\" \/>\n<meta property=\"og:url\" content=\"https:\/\/www.cde.ual.es\/en\/resolution-of-banco-popular-affected-shareholders-and-creditors-were-not-entitled-to-compensation-from-the-single-resolution-fund\/\" \/>\n<meta property=\"og:site_name\" content=\"CDE Almer\u00eda - Centro de Documentaci\u00f3n Europea - Universidad de Almer\u00eda\" \/>\n<meta property=\"article:publisher\" content=\"https:\/\/www.facebook.com\/cdeuniversidadalmeria\/\" \/>\n<meta property=\"article:published_time\" content=\"2023-11-28T09:43:25+00:00\" \/>\n<meta property=\"og:image\" content=\"https:\/\/www.cde.ual.es\/wp-content\/uploads\/2023\/11\/pexels-pixabay-259249-scaled.jpg\" \/>\n\t<meta property=\"og:image:width\" content=\"2560\" \/>\n\t<meta property=\"og:image:height\" content=\"1707\" \/>\n\t<meta property=\"og:image:type\" content=\"image\/jpeg\" \/>\n<meta name=\"author\" content=\"BECA 2 CDE\" \/>\n<meta name=\"twitter:card\" content=\"summary_large_image\" \/>\n<meta name=\"twitter:creator\" content=\"@cdeualmeria\" \/>\n<meta name=\"twitter:site\" content=\"@cdeualmeria\" \/>\n<meta name=\"twitter:label1\" content=\"Written by\" \/>\n\t<meta name=\"twitter:data1\" content=\"BECA 2 CDE\" \/>\n\t<meta name=\"twitter:label2\" content=\"Est. reading time\" \/>\n\t<meta name=\"twitter:data2\" content=\"3 minutes\" \/>\n<script type=\"application\/ld+json\" class=\"yoast-schema-graph\">{\"@context\":\"https:\\\/\\\/schema.org\",\"@graph\":[{\"@type\":\"Article\",\"@id\":\"https:\\\/\\\/www.cde.ual.es\\\/en\\\/resolution-of-banco-popular-affected-shareholders-and-creditors-were-not-entitled-to-compensation-from-the-single-resolution-fund\\\/#article\",\"isPartOf\":{\"@id\":\"https:\\\/\\\/www.cde.ual.es\\\/en\\\/resolution-of-banco-popular-affected-shareholders-and-creditors-were-not-entitled-to-compensation-from-the-single-resolution-fund\\\/\"},\"author\":{\"name\":\"BECA 2 CDE\",\"@id\":\"https:\\\/\\\/www.cde.ual.es\\\/#\\\/schema\\\/person\\\/ee46ebc19edfa19598c02cff83335acc\"},\"headline\":\"Resolution of Banco Popular: affected shareholders and creditors were not entitled to compensation from the Single Resolution Fund\",\"datePublished\":\"2023-11-28T09:43:25+00:00\",\"mainEntityOfPage\":{\"@id\":\"https:\\\/\\\/www.cde.ual.es\\\/en\\\/resolution-of-banco-popular-affected-shareholders-and-creditors-were-not-entitled-to-compensation-from-the-single-resolution-fund\\\/\"},\"wordCount\":531,\"commentCount\":0,\"publisher\":{\"@id\":\"https:\\\/\\\/www.cde.ual.es\\\/#organization\"},\"image\":{\"@id\":\"https:\\\/\\\/www.cde.ual.es\\\/en\\\/resolution-of-banco-popular-affected-shareholders-and-creditors-were-not-entitled-to-compensation-from-the-single-resolution-fund\\\/#primaryimage\"},\"thumbnailUrl\":\"https:\\\/\\\/www.cde.ual.es\\\/wp-content\\\/uploads\\\/2023\\\/11\\\/pexels-pixabay-259249-scaled.jpg\",\"keywords\":[\"BANCO POPULAR\",\"COURT OF JUSTICE EUROPE\",\"Single Resolution Fund\"],\"articleSection\":[\"EU News\",\"Jurisprudence\",\"Law\"],\"inLanguage\":\"en-US\",\"potentialAction\":[{\"@type\":\"CommentAction\",\"name\":\"Comment\",\"target\":[\"https:\\\/\\\/www.cde.ual.es\\\/en\\\/resolution-of-banco-popular-affected-shareholders-and-creditors-were-not-entitled-to-compensation-from-the-single-resolution-fund\\\/#respond\"]}]},{\"@type\":\"WebPage\",\"@id\":\"https:\\\/\\\/www.cde.ual.es\\\/en\\\/resolution-of-banco-popular-affected-shareholders-and-creditors-were-not-entitled-to-compensation-from-the-single-resolution-fund\\\/\",\"url\":\"https:\\\/\\\/www.cde.ual.es\\\/en\\\/resolution-of-banco-popular-affected-shareholders-and-creditors-were-not-entitled-to-compensation-from-the-single-resolution-fund\\\/\",\"name\":\"Resolution of Banco Popular: affected shareholders and creditors were not entitled to compensation from the Single Resolution Fund | CDE Almer\u00eda - Centro de Documentaci\u00f3n Europea - Universidad de Almer\u00eda\",\"isPartOf\":{\"@id\":\"https:\\\/\\\/www.cde.ual.es\\\/#website\"},\"primaryImageOfPage\":{\"@id\":\"https:\\\/\\\/www.cde.ual.es\\\/en\\\/resolution-of-banco-popular-affected-shareholders-and-creditors-were-not-entitled-to-compensation-from-the-single-resolution-fund\\\/#primaryimage\"},\"image\":{\"@id\":\"https:\\\/\\\/www.cde.ual.es\\\/en\\\/resolution-of-banco-popular-affected-shareholders-and-creditors-were-not-entitled-to-compensation-from-the-single-resolution-fund\\\/#primaryimage\"},\"thumbnailUrl\":\"https:\\\/\\\/www.cde.ual.es\\\/wp-content\\\/uploads\\\/2023\\\/11\\\/pexels-pixabay-259249-scaled.jpg\",\"datePublished\":\"2023-11-28T09:43:25+00:00\",\"breadcrumb\":{\"@id\":\"https:\\\/\\\/www.cde.ual.es\\\/en\\\/resolution-of-banco-popular-affected-shareholders-and-creditors-were-not-entitled-to-compensation-from-the-single-resolution-fund\\\/#breadcrumb\"},\"inLanguage\":\"en-US\",\"potentialAction\":[{\"@type\":\"ReadAction\",\"target\":[\"https:\\\/\\\/www.cde.ual.es\\\/en\\\/resolution-of-banco-popular-affected-shareholders-and-creditors-were-not-entitled-to-compensation-from-the-single-resolution-fund\\\/\"]}]},{\"@type\":\"ImageObject\",\"inLanguage\":\"en-US\",\"@id\":\"https:\\\/\\\/www.cde.ual.es\\\/en\\\/resolution-of-banco-popular-affected-shareholders-and-creditors-were-not-entitled-to-compensation-from-the-single-resolution-fund\\\/#primaryimage\",\"url\":\"https:\\\/\\\/www.cde.ual.es\\\/wp-content\\\/uploads\\\/2023\\\/11\\\/pexels-pixabay-259249-scaled.jpg\",\"contentUrl\":\"https:\\\/\\\/www.cde.ual.es\\\/wp-content\\\/uploads\\\/2023\\\/11\\\/pexels-pixabay-259249-scaled.jpg\",\"width\":2560,\"height\":1707},{\"@type\":\"BreadcrumbList\",\"@id\":\"https:\\\/\\\/www.cde.ual.es\\\/en\\\/resolution-of-banco-popular-affected-shareholders-and-creditors-were-not-entitled-to-compensation-from-the-single-resolution-fund\\\/#breadcrumb\",\"itemListElement\":[{\"@type\":\"ListItem\",\"position\":1,\"name\":\"Inicio\",\"item\":\"https:\\\/\\\/www.cde.ual.es\\\/en\\\/\"},{\"@type\":\"ListItem\",\"position\":2,\"name\":\"EU News\",\"item\":\"https:\\\/\\\/www.cde.ual.es\\\/en\\\/category\\\/eu-news\\\/\"},{\"@type\":\"ListItem\",\"position\":3,\"name\":\"Law\",\"item\":\"https:\\\/\\\/www.cde.ual.es\\\/en\\\/category\\\/eu-news\\\/law\\\/\"},{\"@type\":\"ListItem\",\"position\":4,\"name\":\"Jurisprudence\",\"item\":\"https:\\\/\\\/www.cde.ual.es\\\/en\\\/category\\\/eu-news\\\/law\\\/jurisprudence\\\/\"},{\"@type\":\"ListItem\",\"position\":5,\"name\":\"Resolution of Banco Popular: affected shareholders and creditors were not entitled to compensation from the Single Resolution Fund\"}]},{\"@type\":\"WebSite\",\"@id\":\"https:\\\/\\\/www.cde.ual.es\\\/#website\",\"url\":\"https:\\\/\\\/www.cde.ual.es\\\/\",\"name\":\"CDE Almer\u00eda - Centro de Documentaci\u00f3n Europea - Universidad de Almer\u00eda\",\"description\":\"Centro de Documentaci\u00f3n Europea de la Universidad de Almer\u00eda\",\"publisher\":{\"@id\":\"https:\\\/\\\/www.cde.ual.es\\\/#organization\"},\"alternateName\":\"CDE Almer\u00eda\",\"potentialAction\":[{\"@type\":\"SearchAction\",\"target\":{\"@type\":\"EntryPoint\",\"urlTemplate\":\"https:\\\/\\\/www.cde.ual.es\\\/?s={search_term_string}\"},\"query-input\":{\"@type\":\"PropertyValueSpecification\",\"valueRequired\":true,\"valueName\":\"search_term_string\"}}],\"inLanguage\":\"en-US\"},{\"@type\":\"Organization\",\"@id\":\"https:\\\/\\\/www.cde.ual.es\\\/#organization\",\"name\":\"Centro de Documentaci\u00f3n Europea de Almer\u00eda\",\"url\":\"https:\\\/\\\/www.cde.ual.es\\\/\",\"logo\":{\"@type\":\"ImageObject\",\"inLanguage\":\"en-US\",\"@id\":\"https:\\\/\\\/www.cde.ual.es\\\/#\\\/schema\\\/logo\\\/image\\\/\",\"url\":\"https:\\\/\\\/www.cde.ual.es\\\/wp-content\\\/uploads\\\/2025\\\/07\\\/cde-logo-3.png\",\"contentUrl\":\"https:\\\/\\\/www.cde.ual.es\\\/wp-content\\\/uploads\\\/2025\\\/07\\\/cde-logo-3.png\",\"width\":1400,\"height\":300,\"caption\":\"Centro de Documentaci\u00f3n Europea de Almer\u00eda\"},\"image\":{\"@id\":\"https:\\\/\\\/www.cde.ual.es\\\/#\\\/schema\\\/logo\\\/image\\\/\"},\"sameAs\":[\"https:\\\/\\\/www.facebook.com\\\/cdeuniversidadalmeria\\\/\",\"https:\\\/\\\/x.com\\\/cdeualmeria\",\"https:\\\/\\\/www.tiktok.com\\\/@cdealmeria\",\"https:\\\/\\\/www.instagram.com\\\/cdealmeria\\\/\",\"https:\\\/\\\/www.linkedin.com\\\/in\\\/cde-almera-812b26a9\\\/\"]},{\"@type\":\"Person\",\"@id\":\"https:\\\/\\\/www.cde.ual.es\\\/#\\\/schema\\\/person\\\/ee46ebc19edfa19598c02cff83335acc\",\"name\":\"BECA 2 CDE\",\"image\":{\"@type\":\"ImageObject\",\"inLanguage\":\"en-US\",\"@id\":\"https:\\\/\\\/secure.gravatar.com\\\/avatar\\\/35a481bbc04bbd90e91bdfa3b0b5541036c222a49b9ad37b6889a2afcb5311a5?s=96&d=mm&r=g\",\"url\":\"https:\\\/\\\/secure.gravatar.com\\\/avatar\\\/35a481bbc04bbd90e91bdfa3b0b5541036c222a49b9ad37b6889a2afcb5311a5?s=96&d=mm&r=g\",\"contentUrl\":\"https:\\\/\\\/secure.gravatar.com\\\/avatar\\\/35a481bbc04bbd90e91bdfa3b0b5541036c222a49b9ad37b6889a2afcb5311a5?s=96&d=mm&r=g\",\"caption\":\"BECA 2 CDE\"},\"sameAs\":[\"http:\\\/\\\/www.cdealmeria.com\"]}]}<\/script>\n<!-- \/ Yoast SEO plugin. -->","yoast_head_json":{"title":"Resolution of Banco Popular: affected shareholders and creditors were not entitled to compensation from the Single Resolution Fund | CDE Almer\u00eda - Centro de Documentaci\u00f3n Europea - Universidad de Almer\u00eda","robots":{"index":"index","follow":"follow","max-snippet":"max-snippet:-1","max-image-preview":"max-image-preview:large","max-video-preview":"max-video-preview:-1"},"canonical":"https:\/\/www.cde.ual.es\/en\/resolution-of-banco-popular-affected-shareholders-and-creditors-were-not-entitled-to-compensation-from-the-single-resolution-fund\/","og_locale":"en_US","og_type":"article","og_title":"Resolution of Banco Popular: affected shareholders and creditors were not entitled to compensation from the Single Resolution Fund | CDE Almer\u00eda - Centro de Documentaci\u00f3n Europea - Universidad de Almer\u00eda","og_description":"They would not have received better treatment in the event of the liquidation of the bank than that resulting from its resolution After the global financial crisis of 2008, the EU legislature put in place a number of measures (Banking Union) aimed at protecting EU financial markets. One of those measures is the Single Resolution [&hellip;]","og_url":"https:\/\/www.cde.ual.es\/en\/resolution-of-banco-popular-affected-shareholders-and-creditors-were-not-entitled-to-compensation-from-the-single-resolution-fund\/","og_site_name":"CDE Almer\u00eda - Centro de Documentaci\u00f3n Europea - Universidad de Almer\u00eda","article_publisher":"https:\/\/www.facebook.com\/cdeuniversidadalmeria\/","article_published_time":"2023-11-28T09:43:25+00:00","og_image":[{"width":2560,"height":1707,"url":"https:\/\/www.cde.ual.es\/wp-content\/uploads\/2023\/11\/pexels-pixabay-259249-scaled.jpg","type":"image\/jpeg"}],"author":"BECA 2 CDE","twitter_card":"summary_large_image","twitter_creator":"@cdeualmeria","twitter_site":"@cdeualmeria","twitter_misc":{"Written by":"BECA 2 CDE","Est. reading time":"3 minutes"},"schema":{"@context":"https:\/\/schema.org","@graph":[{"@type":"Article","@id":"https:\/\/www.cde.ual.es\/en\/resolution-of-banco-popular-affected-shareholders-and-creditors-were-not-entitled-to-compensation-from-the-single-resolution-fund\/#article","isPartOf":{"@id":"https:\/\/www.cde.ual.es\/en\/resolution-of-banco-popular-affected-shareholders-and-creditors-were-not-entitled-to-compensation-from-the-single-resolution-fund\/"},"author":{"name":"BECA 2 CDE","@id":"https:\/\/www.cde.ual.es\/#\/schema\/person\/ee46ebc19edfa19598c02cff83335acc"},"headline":"Resolution of Banco Popular: affected shareholders and creditors were not entitled to compensation from the Single Resolution Fund","datePublished":"2023-11-28T09:43:25+00:00","mainEntityOfPage":{"@id":"https:\/\/www.cde.ual.es\/en\/resolution-of-banco-popular-affected-shareholders-and-creditors-were-not-entitled-to-compensation-from-the-single-resolution-fund\/"},"wordCount":531,"commentCount":0,"publisher":{"@id":"https:\/\/www.cde.ual.es\/#organization"},"image":{"@id":"https:\/\/www.cde.ual.es\/en\/resolution-of-banco-popular-affected-shareholders-and-creditors-were-not-entitled-to-compensation-from-the-single-resolution-fund\/#primaryimage"},"thumbnailUrl":"https:\/\/www.cde.ual.es\/wp-content\/uploads\/2023\/11\/pexels-pixabay-259249-scaled.jpg","keywords":["BANCO POPULAR","COURT OF JUSTICE EUROPE","Single Resolution Fund"],"articleSection":["EU News","Jurisprudence","Law"],"inLanguage":"en-US","potentialAction":[{"@type":"CommentAction","name":"Comment","target":["https:\/\/www.cde.ual.es\/en\/resolution-of-banco-popular-affected-shareholders-and-creditors-were-not-entitled-to-compensation-from-the-single-resolution-fund\/#respond"]}]},{"@type":"WebPage","@id":"https:\/\/www.cde.ual.es\/en\/resolution-of-banco-popular-affected-shareholders-and-creditors-were-not-entitled-to-compensation-from-the-single-resolution-fund\/","url":"https:\/\/www.cde.ual.es\/en\/resolution-of-banco-popular-affected-shareholders-and-creditors-were-not-entitled-to-compensation-from-the-single-resolution-fund\/","name":"Resolution of Banco Popular: affected shareholders and creditors were not entitled to compensation from the Single Resolution Fund | CDE Almer\u00eda - Centro de Documentaci\u00f3n Europea - Universidad de Almer\u00eda","isPartOf":{"@id":"https:\/\/www.cde.ual.es\/#website"},"primaryImageOfPage":{"@id":"https:\/\/www.cde.ual.es\/en\/resolution-of-banco-popular-affected-shareholders-and-creditors-were-not-entitled-to-compensation-from-the-single-resolution-fund\/#primaryimage"},"image":{"@id":"https:\/\/www.cde.ual.es\/en\/resolution-of-banco-popular-affected-shareholders-and-creditors-were-not-entitled-to-compensation-from-the-single-resolution-fund\/#primaryimage"},"thumbnailUrl":"https:\/\/www.cde.ual.es\/wp-content\/uploads\/2023\/11\/pexels-pixabay-259249-scaled.jpg","datePublished":"2023-11-28T09:43:25+00:00","breadcrumb":{"@id":"https:\/\/www.cde.ual.es\/en\/resolution-of-banco-popular-affected-shareholders-and-creditors-were-not-entitled-to-compensation-from-the-single-resolution-fund\/#breadcrumb"},"inLanguage":"en-US","potentialAction":[{"@type":"ReadAction","target":["https:\/\/www.cde.ual.es\/en\/resolution-of-banco-popular-affected-shareholders-and-creditors-were-not-entitled-to-compensation-from-the-single-resolution-fund\/"]}]},{"@type":"ImageObject","inLanguage":"en-US","@id":"https:\/\/www.cde.ual.es\/en\/resolution-of-banco-popular-affected-shareholders-and-creditors-were-not-entitled-to-compensation-from-the-single-resolution-fund\/#primaryimage","url":"https:\/\/www.cde.ual.es\/wp-content\/uploads\/2023\/11\/pexels-pixabay-259249-scaled.jpg","contentUrl":"https:\/\/www.cde.ual.es\/wp-content\/uploads\/2023\/11\/pexels-pixabay-259249-scaled.jpg","width":2560,"height":1707},{"@type":"BreadcrumbList","@id":"https:\/\/www.cde.ual.es\/en\/resolution-of-banco-popular-affected-shareholders-and-creditors-were-not-entitled-to-compensation-from-the-single-resolution-fund\/#breadcrumb","itemListElement":[{"@type":"ListItem","position":1,"name":"Inicio","item":"https:\/\/www.cde.ual.es\/en\/"},{"@type":"ListItem","position":2,"name":"EU News","item":"https:\/\/www.cde.ual.es\/en\/category\/eu-news\/"},{"@type":"ListItem","position":3,"name":"Law","item":"https:\/\/www.cde.ual.es\/en\/category\/eu-news\/law\/"},{"@type":"ListItem","position":4,"name":"Jurisprudence","item":"https:\/\/www.cde.ual.es\/en\/category\/eu-news\/law\/jurisprudence\/"},{"@type":"ListItem","position":5,"name":"Resolution of Banco Popular: affected shareholders and creditors were not entitled to compensation from the Single Resolution Fund"}]},{"@type":"WebSite","@id":"https:\/\/www.cde.ual.es\/#website","url":"https:\/\/www.cde.ual.es\/","name":"CDE Almer\u00eda - Centro de Documentaci\u00f3n Europea - Universidad de Almer\u00eda","description":"Centro de Documentaci\u00f3n Europea de la Universidad de Almer\u00eda","publisher":{"@id":"https:\/\/www.cde.ual.es\/#organization"},"alternateName":"CDE Almer\u00eda","potentialAction":[{"@type":"SearchAction","target":{"@type":"EntryPoint","urlTemplate":"https:\/\/www.cde.ual.es\/?s={search_term_string}"},"query-input":{"@type":"PropertyValueSpecification","valueRequired":true,"valueName":"search_term_string"}}],"inLanguage":"en-US"},{"@type":"Organization","@id":"https:\/\/www.cde.ual.es\/#organization","name":"Centro de Documentaci\u00f3n Europea de Almer\u00eda","url":"https:\/\/www.cde.ual.es\/","logo":{"@type":"ImageObject","inLanguage":"en-US","@id":"https:\/\/www.cde.ual.es\/#\/schema\/logo\/image\/","url":"https:\/\/www.cde.ual.es\/wp-content\/uploads\/2025\/07\/cde-logo-3.png","contentUrl":"https:\/\/www.cde.ual.es\/wp-content\/uploads\/2025\/07\/cde-logo-3.png","width":1400,"height":300,"caption":"Centro de Documentaci\u00f3n Europea de Almer\u00eda"},"image":{"@id":"https:\/\/www.cde.ual.es\/#\/schema\/logo\/image\/"},"sameAs":["https:\/\/www.facebook.com\/cdeuniversidadalmeria\/","https:\/\/x.com\/cdeualmeria","https:\/\/www.tiktok.com\/@cdealmeria","https:\/\/www.instagram.com\/cdealmeria\/","https:\/\/www.linkedin.com\/in\/cde-almera-812b26a9\/"]},{"@type":"Person","@id":"https:\/\/www.cde.ual.es\/#\/schema\/person\/ee46ebc19edfa19598c02cff83335acc","name":"BECA 2 CDE","image":{"@type":"ImageObject","inLanguage":"en-US","@id":"https:\/\/secure.gravatar.com\/avatar\/35a481bbc04bbd90e91bdfa3b0b5541036c222a49b9ad37b6889a2afcb5311a5?s=96&d=mm&r=g","url":"https:\/\/secure.gravatar.com\/avatar\/35a481bbc04bbd90e91bdfa3b0b5541036c222a49b9ad37b6889a2afcb5311a5?s=96&d=mm&r=g","contentUrl":"https:\/\/secure.gravatar.com\/avatar\/35a481bbc04bbd90e91bdfa3b0b5541036c222a49b9ad37b6889a2afcb5311a5?s=96&d=mm&r=g","caption":"BECA 2 CDE"},"sameAs":["http:\/\/www.cdealmeria.com"]}]}},"_links":{"self":[{"href":"https:\/\/www.cde.ual.es\/en\/wp-json\/wp\/v2\/posts\/146338","targetHints":{"allow":["GET"]}}],"collection":[{"href":"https:\/\/www.cde.ual.es\/en\/wp-json\/wp\/v2\/posts"}],"about":[{"href":"https:\/\/www.cde.ual.es\/en\/wp-json\/wp\/v2\/types\/post"}],"author":[{"embeddable":true,"href":"https:\/\/www.cde.ual.es\/en\/wp-json\/wp\/v2\/users\/101011"}],"replies":[{"embeddable":true,"href":"https:\/\/www.cde.ual.es\/en\/wp-json\/wp\/v2\/comments?post=146338"}],"version-history":[{"count":1,"href":"https:\/\/www.cde.ual.es\/en\/wp-json\/wp\/v2\/posts\/146338\/revisions"}],"predecessor-version":[{"id":146340,"href":"https:\/\/www.cde.ual.es\/en\/wp-json\/wp\/v2\/posts\/146338\/revisions\/146340"}],"wp:featuredmedia":[{"embeddable":true,"href":"https:\/\/www.cde.ual.es\/en\/wp-json\/wp\/v2\/media\/146335"}],"wp:attachment":[{"href":"https:\/\/www.cde.ual.es\/en\/wp-json\/wp\/v2\/media?parent=146338"}],"wp:term":[{"taxonomy":"category","embeddable":true,"href":"https:\/\/www.cde.ual.es\/en\/wp-json\/wp\/v2\/categories?post=146338"},{"taxonomy":"post_tag","embeddable":true,"href":"https:\/\/www.cde.ual.es\/en\/wp-json\/wp\/v2\/tags?post=146338"}],"curies":[{"name":"wp","href":"https:\/\/api.w.org\/{rel}","templated":true}]}}