{"id":145859,"date":"2023-11-22T10:30:30","date_gmt":"2023-11-22T09:30:30","guid":{"rendered":"https:\/\/www.cde.ual.es\/?p=145859"},"modified":"2023-11-24T08:37:32","modified_gmt":"2023-11-24T07:37:32","slug":"parliament-calls-for-better-working-conditions-for-artists-and-cultural-workers","status":"publish","type":"post","link":"https:\/\/www.cde.ual.es\/en\/parliament-calls-for-better-working-conditions-for-artists-and-cultural-workers\/","title":{"rendered":"Parliament calls for better working conditions for artists and cultural workers"},"content":{"rendered":"<div class=\"ep_gridcolumn ep-m_product\" data-view1200=\"6\" data-view1020=\"6\" data-view750=\"10\" data-view640=\"6\" data-view480=\"8\" data-view320=\"4\">\n<div class=\"ep_gridcolumn-content\">\n<div class=\"ep-a_text ep-layout_chapo\">\n<p style=\"text-align: justify;\"><strong>On Tuesday, MEPs adopted their proposals for EU measures to improve living and working conditions for professionals working in the art, cultural and creative sectors.<\/strong><\/p>\n<p><a href=\"https:\/\/www.cde.ual.es\/wp-content\/uploads\/2022\/09\/mark-williams-9bNmhMKQM1Q-unsplash-scaled.jpg\"><img decoding=\"async\" class=\"aligncenter size-full wp-image-117623\" src=\"https:\/\/www.cde.ual.es\/wp-content\/uploads\/2022\/09\/mark-williams-9bNmhMKQM1Q-unsplash-scaled.jpg\" alt=\"Vista de espaldas de un actor vestido de rojo que saluda hacia la oscuridad del patio de butacas\" width=\"2560\" height=\"1707\" srcset=\"https:\/\/www.cde.ual.es\/wp-content\/uploads\/2022\/09\/mark-williams-9bNmhMKQM1Q-unsplash-scaled.jpg 2560w, https:\/\/www.cde.ual.es\/wp-content\/uploads\/2022\/09\/mark-williams-9bNmhMKQM1Q-unsplash-300x200.jpg 300w, https:\/\/www.cde.ual.es\/wp-content\/uploads\/2022\/09\/mark-williams-9bNmhMKQM1Q-unsplash-1024x683.jpg 1024w, https:\/\/www.cde.ual.es\/wp-content\/uploads\/2022\/09\/mark-williams-9bNmhMKQM1Q-unsplash-768x512.jpg 768w, https:\/\/www.cde.ual.es\/wp-content\/uploads\/2022\/09\/mark-williams-9bNmhMKQM1Q-unsplash-1536x1024.jpg 1536w, https:\/\/www.cde.ual.es\/wp-content\/uploads\/2022\/09\/mark-williams-9bNmhMKQM1Q-unsplash-2048x1365.jpg 2048w\" sizes=\"(max-width: 2560px) 100vw, 2560px\" \/><\/a><\/p>\n<\/div>\n<\/div>\n<\/div>\n<p style=\"text-align: justify;\">\n<p class=\"ep-wysiwig_paragraph\" style=\"text-align: justify;\">In the\u00a0<a href=\"https:\/\/www.europarl.europa.eu\/RegData\/etudes\/STUD\/2020\/655134\/IPOL_STU(2020)655134(SUM01)_EN.pdf\" target=\"_blank\" rel=\"noopener\">legislative initiative<\/a>, adopted by 433 votes in favour to 100 against and 99 abstentions, MEPs stress that the gaps between national social systems, different national definitions of artists and rules applying to self-employed workers create unfair conditions.<\/p>\n<p class=\"ep-wysiwig_paragraph\" style=\"text-align: justify;\">The sector, employing 3.8% of the EU\u2019s workforce and accounting for 4.4% of GDP, is insufficiently protected, they add. Since the sector is characterised by atypical working patterns, irregular income and fewer possibilities for social bargaining, there is a higher risk of underpaid or unpaid work, bogus self-employment and\u00a0<a href=\"https:\/\/www.europarl.europa.eu\/thinktank\/en\/document\/IPOL_STU(2023)754184\" target=\"_blank\" rel=\"noopener\">coercive buy-out contracts<\/a>. New digital technologies, such as generative AI, also pose challenges, the text states.<\/p>\n<p class=\"ep-wysiwig_paragraph\" style=\"text-align: justify;\"><strong>The legislative initiative<\/strong><\/p>\n<p class=\"ep-wysiwig_paragraph\" style=\"text-align: justify;\">Parliament calls for an EU framework, combining legislative and non-legislative tools, to improve social and professional conditions and create a fair and equal situation for all EU artists and cultural professionals. MEPs want this framework to include:<\/p>\n<ul style=\"text-align: justify;\">\n<li>a directive on decent working conditions and the correct determinations of employment status of professionals in the cultural and creative sectors (CCS);<\/li>\n<li>Council decisions to work towards EU standards in the sector, via a European platform for exchanging best practice and creating mutual understanding among member states;<\/li>\n<li>adapting the next cycle of EU programmes that fund creative and cultural professionals, such as Creative Europe and Horizon Europe, to oblige the EU and the recipients to comply with International Labour Organization, EU, national or collective labour and social obligations and ensure that artists are always paid, including for time spent in rehearsals or preparing funding applications.<\/li>\n<\/ul>\n<div class=\"ep_gridcolumn ep-m_product\" data-view1200=\"6\" data-view1020=\"6\" data-view750=\"10\" data-view640=\"6\" data-view480=\"8\" data-view320=\"4\">\n<div class=\"ep_gridcolumn-content\">\n<div class=\"ep-a_text\">\n<table style=\"width: 99.9988%; border-collapse: collapse; border-style: double; border-color: #001f7d;\" cellpadding=\"0,5\">\n<tbody>\n<tr>\n<td style=\"width: 100%;\"><a href=\"https:\/\/www.cde.ual.es\/directrices-de-la-ue-para-los-sectores-cultural-y-creativo\/\" target=\"_blank\" rel=\"noopener\"><img decoding=\"async\" class=\"alignleft\" src=\"https:\/\/www.cde.ual.es\/wp-content\/uploads\/2021\/06\/cover-Covid19-1024x450.png\" alt=\"\" width=\"201\" height=\"134\" \/><\/a><\/p>\n<h4 class=\"entry-title\"><a href=\"https:\/\/www.cde.ual.es\/en\/eu-guidelines-for-the-cultural-and-creative-sectors\/\" target=\"_blank\" rel=\"noopener\">EU Guidelines for the Cultural and Creative Sectors<\/a><\/h4>\n<\/td>\n<\/tr>\n<\/tbody>\n<\/table>\n<p class=\"ep-wysiwig_paragraph\" style=\"text-align: justify;\"><strong>Quotes<\/strong><\/p>\n<p class=\"ep-wysiwig_paragraph\" style=\"text-align: justify;\">\u201cWe need to dispel the myth of the &#8220;starving artist&#8221;. Cultural and creative professionals do not choose to be in a precarious situation; this is a design flaw of systems ill-suited to their specific working conditions and the power imbalances in the sector. We must urgently end buy-out contracts, include social conditionality in EU cultural funding and we need the political will to establish an EU framework for the social and professional situation of CCS professionals\u201d, said the co-rapporteur of the Culture and Education Committee\u00a0<a href=\"https:\/\/www.europarl.europa.eu\/meps\/en\/127096\/DOMENEC_RUIZ+DEVESA\/home\" target=\"_blank\" rel=\"noopener\">Domenec Ruiz Devesa (S&amp;D, ES)<\/a>.<\/p>\n<p class=\"ep-wysiwig_paragraph\" style=\"text-align: justify;\">Co-rapporteur of the Employment and Social Affairs Committee\u00a0<a href=\"https:\/\/www.europarl.europa.eu\/meps\/en\/4560\/ANTONIUS_MANDERS\/home\" target=\"_blank\" rel=\"noopener\">Antonius Manders (EPP, NL)<\/a>\u00a0said : &#8220;I have worked as an artist for years and I am very aware of the challenges and benefits that brings. The cultural and creative sectors are crucial for creating European solidarity and identity, and we need to invest in new European artistic competitions to bring EU culture closer to its citizens. Money for cultural and creative work is an investment, not a cost.&#8221;<\/p>\n<p class=\"ep-wysiwig_paragraph\" style=\"text-align: justify;\"><strong>Next steps<\/strong><\/p>\n<p class=\"ep-wysiwig_paragraph\" style=\"text-align: justify;\">After Parliament\u2019s vote, the Commission now has three months to reply by either informing the Parliament of the steps it intends to take or giving reasons for refusing to propose legislation along the lines of Parliament\u2019s request.<\/p>\n<p style=\"text-align: justify;\"><strong>More information: <\/strong><a href=\"https:\/\/www.europarl.europa.eu\/news\/en\/press-room\/20231117IPR12106\/status-of-the-artist-better-working-conditions-for-artists-and-cultural-workers\" target=\"_blank\" rel=\"noopener\">European Parliament<\/a><\/p>\n<\/div>\n<\/div>\n<\/div>\n","protected":false},"excerpt":{"rendered":"<p>On Tuesday, MEPs adopted their proposals for EU measures to improve living and working conditions for professionals working in the art, cultural and creative sectors. In the\u00a0legislative initiative, adopted by 433 votes in favour to 100 against and 99 abstentions, MEPs stress that the gaps between national social systems, different national definitions of artists and [&hellip;]<\/p>\n","protected":false},"author":101011,"featured_media":117623,"comment_status":"open","ping_status":"open","sticky":false,"template":"","format":"standard","meta":{"_acf_changed":false,"_relevanssi_hide_post":"","_relevanssi_hide_content":"","_relevanssi_pin_for_all":"","_relevanssi_pin_keywords":"","_relevanssi_unpin_keywords":"","_relevanssi_related_keywords":"","_relevanssi_related_include_ids":"","_relevanssi_related_exclude_ids":"","_relevanssi_related_no_append":"","_relevanssi_related_not_related":"","_relevanssi_related_posts":"","_relevanssi_noindex_reason":"","_monsterinsights_skip_tracking":false,"_monsterinsights_sitenote_active":false,"_monsterinsights_sitenote_note":"","_monsterinsights_sitenote_category":0,"_genesis_hide_title":false,"_genesis_hide_breadcrumbs":false,"_genesis_hide_singular_image":false,"_genesis_hide_footer_widgets":false,"_genesis_custom_body_class":"","_genesis_custom_post_class":"","_genesis_layout":"","footnotes":""},"categories":[4073,4071,346],"tags":[7402,8396,10960,753,659],"class_list":{"0":"post-145859","1":"post","2":"type-post","3":"status-publish","4":"format-standard","5":"has-post-thumbnail","7":"category-culture","8":"category-education-culture","9":"category-eu-news","10":"tag-artists","11":"tag-cultura-en","12":"tag-cultural-workers","13":"tag-european-parliament","14":"tag-working-conditions","15":"entry"},"acf":[],"yoast_head":"<!-- This site is optimized with the Yoast SEO plugin v27.4 - https:\/\/yoast.com\/product\/yoast-seo-wordpress\/ -->\n<title>Parliament calls for better working conditions for artists and cultural workers | CDE Almer\u00eda - Centro de Documentaci\u00f3n Europea - Universidad de Almer\u00eda<\/title>\n<meta name=\"robots\" content=\"index, follow, max-snippet:-1, max-image-preview:large, max-video-preview:-1\" \/>\n<link rel=\"canonical\" href=\"https:\/\/www.cde.ual.es\/en\/parliament-calls-for-better-working-conditions-for-artists-and-cultural-workers\/\" \/>\n<meta property=\"og:locale\" content=\"en_US\" \/>\n<meta property=\"og:type\" content=\"article\" \/>\n<meta property=\"og:title\" content=\"Parliament calls for better working conditions for artists and cultural workers | CDE Almer\u00eda - Centro de Documentaci\u00f3n Europea - Universidad de Almer\u00eda\" \/>\n<meta property=\"og:description\" content=\"On Tuesday, MEPs adopted their proposals for EU measures to improve living and working conditions for professionals working in the art, cultural and creative sectors. In the\u00a0legislative initiative, adopted by 433 votes in favour to 100 against and 99 abstentions, MEPs stress that the gaps between national social systems, different national definitions of artists and [&hellip;]\" \/>\n<meta property=\"og:url\" content=\"https:\/\/www.cde.ual.es\/en\/parliament-calls-for-better-working-conditions-for-artists-and-cultural-workers\/\" \/>\n<meta property=\"og:site_name\" content=\"CDE Almer\u00eda - Centro de Documentaci\u00f3n Europea - Universidad de Almer\u00eda\" \/>\n<meta property=\"article:publisher\" content=\"https:\/\/www.facebook.com\/cdeuniversidadalmeria\/\" \/>\n<meta property=\"article:published_time\" content=\"2023-11-22T09:30:30+00:00\" \/>\n<meta property=\"article:modified_time\" content=\"2023-11-24T07:37:32+00:00\" \/>\n<meta property=\"og:image\" content=\"https:\/\/www.cde.ual.es\/wp-content\/uploads\/2022\/09\/mark-williams-9bNmhMKQM1Q-unsplash-scaled.jpg\" \/>\n\t<meta property=\"og:image:width\" content=\"2560\" \/>\n\t<meta property=\"og:image:height\" content=\"1707\" \/>\n\t<meta property=\"og:image:type\" content=\"image\/jpeg\" \/>\n<meta name=\"author\" content=\"BECA 2 CDE\" \/>\n<meta name=\"twitter:card\" content=\"summary_large_image\" \/>\n<meta name=\"twitter:creator\" content=\"@cdeualmeria\" \/>\n<meta name=\"twitter:site\" content=\"@cdeualmeria\" \/>\n<meta name=\"twitter:label1\" content=\"Written by\" \/>\n\t<meta name=\"twitter:data1\" content=\"BECA 2 CDE\" \/>\n\t<meta name=\"twitter:label2\" content=\"Est. reading time\" \/>\n\t<meta name=\"twitter:data2\" content=\"3 minutes\" \/>\n<script type=\"application\/ld+json\" class=\"yoast-schema-graph\">{\"@context\":\"https:\\\/\\\/schema.org\",\"@graph\":[{\"@type\":\"Article\",\"@id\":\"https:\\\/\\\/www.cde.ual.es\\\/en\\\/parliament-calls-for-better-working-conditions-for-artists-and-cultural-workers\\\/#article\",\"isPartOf\":{\"@id\":\"https:\\\/\\\/www.cde.ual.es\\\/en\\\/parliament-calls-for-better-working-conditions-for-artists-and-cultural-workers\\\/\"},\"author\":{\"name\":\"BECA 2 CDE\",\"@id\":\"https:\\\/\\\/www.cde.ual.es\\\/#\\\/schema\\\/person\\\/ee46ebc19edfa19598c02cff83335acc\"},\"headline\":\"Parliament calls for better working conditions for artists and cultural workers\",\"datePublished\":\"2023-11-22T09:30:30+00:00\",\"dateModified\":\"2023-11-24T07:37:32+00:00\",\"mainEntityOfPage\":{\"@id\":\"https:\\\/\\\/www.cde.ual.es\\\/en\\\/parliament-calls-for-better-working-conditions-for-artists-and-cultural-workers\\\/\"},\"wordCount\":503,\"commentCount\":0,\"publisher\":{\"@id\":\"https:\\\/\\\/www.cde.ual.es\\\/#organization\"},\"image\":{\"@id\":\"https:\\\/\\\/www.cde.ual.es\\\/en\\\/parliament-calls-for-better-working-conditions-for-artists-and-cultural-workers\\\/#primaryimage\"},\"thumbnailUrl\":\"https:\\\/\\\/www.cde.ual.es\\\/wp-content\\\/uploads\\\/2022\\\/09\\\/mark-williams-9bNmhMKQM1Q-unsplash-scaled.jpg\",\"keywords\":[\"Artists\",\"Cultura\",\"cultural workers\",\"European Parliament\",\"Working conditions\"],\"articleSection\":[\"Culture\",\"Education and Culture\",\"EU News\"],\"inLanguage\":\"en-US\",\"potentialAction\":[{\"@type\":\"CommentAction\",\"name\":\"Comment\",\"target\":[\"https:\\\/\\\/www.cde.ual.es\\\/en\\\/parliament-calls-for-better-working-conditions-for-artists-and-cultural-workers\\\/#respond\"]}]},{\"@type\":\"WebPage\",\"@id\":\"https:\\\/\\\/www.cde.ual.es\\\/en\\\/parliament-calls-for-better-working-conditions-for-artists-and-cultural-workers\\\/\",\"url\":\"https:\\\/\\\/www.cde.ual.es\\\/en\\\/parliament-calls-for-better-working-conditions-for-artists-and-cultural-workers\\\/\",\"name\":\"Parliament calls for better working conditions for artists and cultural workers | CDE Almer\u00eda - Centro de Documentaci\u00f3n Europea - Universidad de Almer\u00eda\",\"isPartOf\":{\"@id\":\"https:\\\/\\\/www.cde.ual.es\\\/#website\"},\"primaryImageOfPage\":{\"@id\":\"https:\\\/\\\/www.cde.ual.es\\\/en\\\/parliament-calls-for-better-working-conditions-for-artists-and-cultural-workers\\\/#primaryimage\"},\"image\":{\"@id\":\"https:\\\/\\\/www.cde.ual.es\\\/en\\\/parliament-calls-for-better-working-conditions-for-artists-and-cultural-workers\\\/#primaryimage\"},\"thumbnailUrl\":\"https:\\\/\\\/www.cde.ual.es\\\/wp-content\\\/uploads\\\/2022\\\/09\\\/mark-williams-9bNmhMKQM1Q-unsplash-scaled.jpg\",\"datePublished\":\"2023-11-22T09:30:30+00:00\",\"dateModified\":\"2023-11-24T07:37:32+00:00\",\"breadcrumb\":{\"@id\":\"https:\\\/\\\/www.cde.ual.es\\\/en\\\/parliament-calls-for-better-working-conditions-for-artists-and-cultural-workers\\\/#breadcrumb\"},\"inLanguage\":\"en-US\",\"potentialAction\":[{\"@type\":\"ReadAction\",\"target\":[\"https:\\\/\\\/www.cde.ual.es\\\/en\\\/parliament-calls-for-better-working-conditions-for-artists-and-cultural-workers\\\/\"]}]},{\"@type\":\"ImageObject\",\"inLanguage\":\"en-US\",\"@id\":\"https:\\\/\\\/www.cde.ual.es\\\/en\\\/parliament-calls-for-better-working-conditions-for-artists-and-cultural-workers\\\/#primaryimage\",\"url\":\"https:\\\/\\\/www.cde.ual.es\\\/wp-content\\\/uploads\\\/2022\\\/09\\\/mark-williams-9bNmhMKQM1Q-unsplash-scaled.jpg\",\"contentUrl\":\"https:\\\/\\\/www.cde.ual.es\\\/wp-content\\\/uploads\\\/2022\\\/09\\\/mark-williams-9bNmhMKQM1Q-unsplash-scaled.jpg\",\"width\":2560,\"height\":1707,\"caption\":\"Vista de espaldas de un actor vestido de rojo que saluda hacia la oscuridad del patio de butacas\"},{\"@type\":\"BreadcrumbList\",\"@id\":\"https:\\\/\\\/www.cde.ual.es\\\/en\\\/parliament-calls-for-better-working-conditions-for-artists-and-cultural-workers\\\/#breadcrumb\",\"itemListElement\":[{\"@type\":\"ListItem\",\"position\":1,\"name\":\"Inicio\",\"item\":\"https:\\\/\\\/www.cde.ual.es\\\/en\\\/\"},{\"@type\":\"ListItem\",\"position\":2,\"name\":\"EU News\",\"item\":\"https:\\\/\\\/www.cde.ual.es\\\/en\\\/category\\\/eu-news\\\/\"},{\"@type\":\"ListItem\",\"position\":3,\"name\":\"Education and Culture\",\"item\":\"https:\\\/\\\/www.cde.ual.es\\\/en\\\/category\\\/eu-news\\\/education-culture\\\/\"},{\"@type\":\"ListItem\",\"position\":4,\"name\":\"Culture\",\"item\":\"https:\\\/\\\/www.cde.ual.es\\\/en\\\/category\\\/eu-news\\\/education-culture\\\/culture\\\/\"},{\"@type\":\"ListItem\",\"position\":5,\"name\":\"Parliament calls for better working conditions for artists and cultural workers\"}]},{\"@type\":\"WebSite\",\"@id\":\"https:\\\/\\\/www.cde.ual.es\\\/#website\",\"url\":\"https:\\\/\\\/www.cde.ual.es\\\/\",\"name\":\"CDE Almer\u00eda - Centro de Documentaci\u00f3n Europea - Universidad de Almer\u00eda\",\"description\":\"Centro de Documentaci\u00f3n Europea de la Universidad de Almer\u00eda\",\"publisher\":{\"@id\":\"https:\\\/\\\/www.cde.ual.es\\\/#organization\"},\"alternateName\":\"CDE Almer\u00eda\",\"potentialAction\":[{\"@type\":\"SearchAction\",\"target\":{\"@type\":\"EntryPoint\",\"urlTemplate\":\"https:\\\/\\\/www.cde.ual.es\\\/?s={search_term_string}\"},\"query-input\":{\"@type\":\"PropertyValueSpecification\",\"valueRequired\":true,\"valueName\":\"search_term_string\"}}],\"inLanguage\":\"en-US\"},{\"@type\":\"Organization\",\"@id\":\"https:\\\/\\\/www.cde.ual.es\\\/#organization\",\"name\":\"Centro de Documentaci\u00f3n Europea de Almer\u00eda\",\"url\":\"https:\\\/\\\/www.cde.ual.es\\\/\",\"logo\":{\"@type\":\"ImageObject\",\"inLanguage\":\"en-US\",\"@id\":\"https:\\\/\\\/www.cde.ual.es\\\/#\\\/schema\\\/logo\\\/image\\\/\",\"url\":\"https:\\\/\\\/www.cde.ual.es\\\/wp-content\\\/uploads\\\/2025\\\/07\\\/cde-logo-3.png\",\"contentUrl\":\"https:\\\/\\\/www.cde.ual.es\\\/wp-content\\\/uploads\\\/2025\\\/07\\\/cde-logo-3.png\",\"width\":1400,\"height\":300,\"caption\":\"Centro de Documentaci\u00f3n Europea de Almer\u00eda\"},\"image\":{\"@id\":\"https:\\\/\\\/www.cde.ual.es\\\/#\\\/schema\\\/logo\\\/image\\\/\"},\"sameAs\":[\"https:\\\/\\\/www.facebook.com\\\/cdeuniversidadalmeria\\\/\",\"https:\\\/\\\/x.com\\\/cdeualmeria\",\"https:\\\/\\\/www.tiktok.com\\\/@cdealmeria\",\"https:\\\/\\\/www.instagram.com\\\/cdealmeria\\\/\",\"https:\\\/\\\/www.linkedin.com\\\/in\\\/cde-almera-812b26a9\\\/\"]},{\"@type\":\"Person\",\"@id\":\"https:\\\/\\\/www.cde.ual.es\\\/#\\\/schema\\\/person\\\/ee46ebc19edfa19598c02cff83335acc\",\"name\":\"BECA 2 CDE\",\"image\":{\"@type\":\"ImageObject\",\"inLanguage\":\"en-US\",\"@id\":\"https:\\\/\\\/secure.gravatar.com\\\/avatar\\\/35a481bbc04bbd90e91bdfa3b0b5541036c222a49b9ad37b6889a2afcb5311a5?s=96&d=mm&r=g\",\"url\":\"https:\\\/\\\/secure.gravatar.com\\\/avatar\\\/35a481bbc04bbd90e91bdfa3b0b5541036c222a49b9ad37b6889a2afcb5311a5?s=96&d=mm&r=g\",\"contentUrl\":\"https:\\\/\\\/secure.gravatar.com\\\/avatar\\\/35a481bbc04bbd90e91bdfa3b0b5541036c222a49b9ad37b6889a2afcb5311a5?s=96&d=mm&r=g\",\"caption\":\"BECA 2 CDE\"},\"sameAs\":[\"http:\\\/\\\/www.cdealmeria.com\"]}]}<\/script>\n<!-- \/ Yoast SEO plugin. -->","yoast_head_json":{"title":"Parliament calls for better working conditions for artists and cultural workers | CDE Almer\u00eda - Centro de Documentaci\u00f3n Europea - Universidad de Almer\u00eda","robots":{"index":"index","follow":"follow","max-snippet":"max-snippet:-1","max-image-preview":"max-image-preview:large","max-video-preview":"max-video-preview:-1"},"canonical":"https:\/\/www.cde.ual.es\/en\/parliament-calls-for-better-working-conditions-for-artists-and-cultural-workers\/","og_locale":"en_US","og_type":"article","og_title":"Parliament calls for better working conditions for artists and cultural workers | CDE Almer\u00eda - Centro de Documentaci\u00f3n Europea - Universidad de Almer\u00eda","og_description":"On Tuesday, MEPs adopted their proposals for EU measures to improve living and working conditions for professionals working in the art, cultural and creative sectors. In the\u00a0legislative initiative, adopted by 433 votes in favour to 100 against and 99 abstentions, MEPs stress that the gaps between national social systems, different national definitions of artists and [&hellip;]","og_url":"https:\/\/www.cde.ual.es\/en\/parliament-calls-for-better-working-conditions-for-artists-and-cultural-workers\/","og_site_name":"CDE Almer\u00eda - Centro de Documentaci\u00f3n Europea - Universidad de Almer\u00eda","article_publisher":"https:\/\/www.facebook.com\/cdeuniversidadalmeria\/","article_published_time":"2023-11-22T09:30:30+00:00","article_modified_time":"2023-11-24T07:37:32+00:00","og_image":[{"width":2560,"height":1707,"url":"https:\/\/www.cde.ual.es\/wp-content\/uploads\/2022\/09\/mark-williams-9bNmhMKQM1Q-unsplash-scaled.jpg","type":"image\/jpeg"}],"author":"BECA 2 CDE","twitter_card":"summary_large_image","twitter_creator":"@cdeualmeria","twitter_site":"@cdeualmeria","twitter_misc":{"Written by":"BECA 2 CDE","Est. reading time":"3 minutes"},"schema":{"@context":"https:\/\/schema.org","@graph":[{"@type":"Article","@id":"https:\/\/www.cde.ual.es\/en\/parliament-calls-for-better-working-conditions-for-artists-and-cultural-workers\/#article","isPartOf":{"@id":"https:\/\/www.cde.ual.es\/en\/parliament-calls-for-better-working-conditions-for-artists-and-cultural-workers\/"},"author":{"name":"BECA 2 CDE","@id":"https:\/\/www.cde.ual.es\/#\/schema\/person\/ee46ebc19edfa19598c02cff83335acc"},"headline":"Parliament calls for better working conditions for artists and cultural workers","datePublished":"2023-11-22T09:30:30+00:00","dateModified":"2023-11-24T07:37:32+00:00","mainEntityOfPage":{"@id":"https:\/\/www.cde.ual.es\/en\/parliament-calls-for-better-working-conditions-for-artists-and-cultural-workers\/"},"wordCount":503,"commentCount":0,"publisher":{"@id":"https:\/\/www.cde.ual.es\/#organization"},"image":{"@id":"https:\/\/www.cde.ual.es\/en\/parliament-calls-for-better-working-conditions-for-artists-and-cultural-workers\/#primaryimage"},"thumbnailUrl":"https:\/\/www.cde.ual.es\/wp-content\/uploads\/2022\/09\/mark-williams-9bNmhMKQM1Q-unsplash-scaled.jpg","keywords":["Artists","Cultura","cultural workers","European Parliament","Working conditions"],"articleSection":["Culture","Education and Culture","EU News"],"inLanguage":"en-US","potentialAction":[{"@type":"CommentAction","name":"Comment","target":["https:\/\/www.cde.ual.es\/en\/parliament-calls-for-better-working-conditions-for-artists-and-cultural-workers\/#respond"]}]},{"@type":"WebPage","@id":"https:\/\/www.cde.ual.es\/en\/parliament-calls-for-better-working-conditions-for-artists-and-cultural-workers\/","url":"https:\/\/www.cde.ual.es\/en\/parliament-calls-for-better-working-conditions-for-artists-and-cultural-workers\/","name":"Parliament calls for better working conditions for artists and cultural workers | CDE Almer\u00eda - Centro de Documentaci\u00f3n Europea - Universidad de Almer\u00eda","isPartOf":{"@id":"https:\/\/www.cde.ual.es\/#website"},"primaryImageOfPage":{"@id":"https:\/\/www.cde.ual.es\/en\/parliament-calls-for-better-working-conditions-for-artists-and-cultural-workers\/#primaryimage"},"image":{"@id":"https:\/\/www.cde.ual.es\/en\/parliament-calls-for-better-working-conditions-for-artists-and-cultural-workers\/#primaryimage"},"thumbnailUrl":"https:\/\/www.cde.ual.es\/wp-content\/uploads\/2022\/09\/mark-williams-9bNmhMKQM1Q-unsplash-scaled.jpg","datePublished":"2023-11-22T09:30:30+00:00","dateModified":"2023-11-24T07:37:32+00:00","breadcrumb":{"@id":"https:\/\/www.cde.ual.es\/en\/parliament-calls-for-better-working-conditions-for-artists-and-cultural-workers\/#breadcrumb"},"inLanguage":"en-US","potentialAction":[{"@type":"ReadAction","target":["https:\/\/www.cde.ual.es\/en\/parliament-calls-for-better-working-conditions-for-artists-and-cultural-workers\/"]}]},{"@type":"ImageObject","inLanguage":"en-US","@id":"https:\/\/www.cde.ual.es\/en\/parliament-calls-for-better-working-conditions-for-artists-and-cultural-workers\/#primaryimage","url":"https:\/\/www.cde.ual.es\/wp-content\/uploads\/2022\/09\/mark-williams-9bNmhMKQM1Q-unsplash-scaled.jpg","contentUrl":"https:\/\/www.cde.ual.es\/wp-content\/uploads\/2022\/09\/mark-williams-9bNmhMKQM1Q-unsplash-scaled.jpg","width":2560,"height":1707,"caption":"Vista de espaldas de un actor vestido de rojo que saluda hacia la oscuridad del patio de butacas"},{"@type":"BreadcrumbList","@id":"https:\/\/www.cde.ual.es\/en\/parliament-calls-for-better-working-conditions-for-artists-and-cultural-workers\/#breadcrumb","itemListElement":[{"@type":"ListItem","position":1,"name":"Inicio","item":"https:\/\/www.cde.ual.es\/en\/"},{"@type":"ListItem","position":2,"name":"EU News","item":"https:\/\/www.cde.ual.es\/en\/category\/eu-news\/"},{"@type":"ListItem","position":3,"name":"Education and Culture","item":"https:\/\/www.cde.ual.es\/en\/category\/eu-news\/education-culture\/"},{"@type":"ListItem","position":4,"name":"Culture","item":"https:\/\/www.cde.ual.es\/en\/category\/eu-news\/education-culture\/culture\/"},{"@type":"ListItem","position":5,"name":"Parliament calls for better working conditions for artists and cultural workers"}]},{"@type":"WebSite","@id":"https:\/\/www.cde.ual.es\/#website","url":"https:\/\/www.cde.ual.es\/","name":"CDE Almer\u00eda - Centro de Documentaci\u00f3n Europea - Universidad de Almer\u00eda","description":"Centro de Documentaci\u00f3n Europea de la Universidad de Almer\u00eda","publisher":{"@id":"https:\/\/www.cde.ual.es\/#organization"},"alternateName":"CDE Almer\u00eda","potentialAction":[{"@type":"SearchAction","target":{"@type":"EntryPoint","urlTemplate":"https:\/\/www.cde.ual.es\/?s={search_term_string}"},"query-input":{"@type":"PropertyValueSpecification","valueRequired":true,"valueName":"search_term_string"}}],"inLanguage":"en-US"},{"@type":"Organization","@id":"https:\/\/www.cde.ual.es\/#organization","name":"Centro de Documentaci\u00f3n Europea de Almer\u00eda","url":"https:\/\/www.cde.ual.es\/","logo":{"@type":"ImageObject","inLanguage":"en-US","@id":"https:\/\/www.cde.ual.es\/#\/schema\/logo\/image\/","url":"https:\/\/www.cde.ual.es\/wp-content\/uploads\/2025\/07\/cde-logo-3.png","contentUrl":"https:\/\/www.cde.ual.es\/wp-content\/uploads\/2025\/07\/cde-logo-3.png","width":1400,"height":300,"caption":"Centro de Documentaci\u00f3n Europea de Almer\u00eda"},"image":{"@id":"https:\/\/www.cde.ual.es\/#\/schema\/logo\/image\/"},"sameAs":["https:\/\/www.facebook.com\/cdeuniversidadalmeria\/","https:\/\/x.com\/cdeualmeria","https:\/\/www.tiktok.com\/@cdealmeria","https:\/\/www.instagram.com\/cdealmeria\/","https:\/\/www.linkedin.com\/in\/cde-almera-812b26a9\/"]},{"@type":"Person","@id":"https:\/\/www.cde.ual.es\/#\/schema\/person\/ee46ebc19edfa19598c02cff83335acc","name":"BECA 2 CDE","image":{"@type":"ImageObject","inLanguage":"en-US","@id":"https:\/\/secure.gravatar.com\/avatar\/35a481bbc04bbd90e91bdfa3b0b5541036c222a49b9ad37b6889a2afcb5311a5?s=96&d=mm&r=g","url":"https:\/\/secure.gravatar.com\/avatar\/35a481bbc04bbd90e91bdfa3b0b5541036c222a49b9ad37b6889a2afcb5311a5?s=96&d=mm&r=g","contentUrl":"https:\/\/secure.gravatar.com\/avatar\/35a481bbc04bbd90e91bdfa3b0b5541036c222a49b9ad37b6889a2afcb5311a5?s=96&d=mm&r=g","caption":"BECA 2 CDE"},"sameAs":["http:\/\/www.cdealmeria.com"]}]}},"_links":{"self":[{"href":"https:\/\/www.cde.ual.es\/en\/wp-json\/wp\/v2\/posts\/145859","targetHints":{"allow":["GET"]}}],"collection":[{"href":"https:\/\/www.cde.ual.es\/en\/wp-json\/wp\/v2\/posts"}],"about":[{"href":"https:\/\/www.cde.ual.es\/en\/wp-json\/wp\/v2\/types\/post"}],"author":[{"embeddable":true,"href":"https:\/\/www.cde.ual.es\/en\/wp-json\/wp\/v2\/users\/101011"}],"replies":[{"embeddable":true,"href":"https:\/\/www.cde.ual.es\/en\/wp-json\/wp\/v2\/comments?post=145859"}],"version-history":[{"count":2,"href":"https:\/\/www.cde.ual.es\/en\/wp-json\/wp\/v2\/posts\/145859\/revisions"}],"predecessor-version":[{"id":146021,"href":"https:\/\/www.cde.ual.es\/en\/wp-json\/wp\/v2\/posts\/145859\/revisions\/146021"}],"wp:featuredmedia":[{"embeddable":true,"href":"https:\/\/www.cde.ual.es\/en\/wp-json\/wp\/v2\/media\/117623"}],"wp:attachment":[{"href":"https:\/\/www.cde.ual.es\/en\/wp-json\/wp\/v2\/media?parent=145859"}],"wp:term":[{"taxonomy":"category","embeddable":true,"href":"https:\/\/www.cde.ual.es\/en\/wp-json\/wp\/v2\/categories?post=145859"},{"taxonomy":"post_tag","embeddable":true,"href":"https:\/\/www.cde.ual.es\/en\/wp-json\/wp\/v2\/tags?post=145859"}],"curies":[{"name":"wp","href":"https:\/\/api.w.org\/{rel}","templated":true}]}}