{"id":145857,"date":"2023-12-11T03:00:57","date_gmt":"2023-12-11T02:00:57","guid":{"rendered":"https:\/\/www.cde.ual.es\/?p=145857"},"modified":"2023-12-04T09:20:13","modified_gmt":"2023-12-04T08:20:13","slug":"associate-assistant-full-professor-in-media-law-and-journalism-ethics-in-qatar","status":"publish","type":"post","link":"https:\/\/www.cde.ual.es\/en\/associate-assistant-full-professor-in-media-law-and-journalism-ethics-in-qatar\/","title":{"rendered":"Associate \/ Assistant \/ Full Professor in Media Law and Journalism Ethics in Qatar"},"content":{"rendered":"<p style=\"text-align: justify;\">Northwestern University in Qatar invites applications from highly qualified candidates for a full-time open rank faculty appointment in Media Law and Ethical Journalism, to be appointed in the Journalism and Strategic Communication Program.<\/p>\n<p style=\"text-align: justify;\"><a href=\"https:\/\/www.cde.ual.es\/wp-content\/uploads\/2023\/11\/masarath-alkhaili-vmCHHfp25lU-unsplash-scaled.jpg\"><img decoding=\"async\" class=\" wp-image-145861 aligncenter\" src=\"https:\/\/www.cde.ual.es\/wp-content\/uploads\/2023\/11\/masarath-alkhaili-vmCHHfp25lU-unsplash-scaled.jpg\" alt=\"\" width=\"564\" height=\"423\" srcset=\"https:\/\/www.cde.ual.es\/wp-content\/uploads\/2023\/11\/masarath-alkhaili-vmCHHfp25lU-unsplash-scaled.jpg 2560w, https:\/\/www.cde.ual.es\/wp-content\/uploads\/2023\/11\/masarath-alkhaili-vmCHHfp25lU-unsplash-300x225.jpg 300w, https:\/\/www.cde.ual.es\/wp-content\/uploads\/2023\/11\/masarath-alkhaili-vmCHHfp25lU-unsplash-1024x768.jpg 1024w, https:\/\/www.cde.ual.es\/wp-content\/uploads\/2023\/11\/masarath-alkhaili-vmCHHfp25lU-unsplash-768x576.jpg 768w, https:\/\/www.cde.ual.es\/wp-content\/uploads\/2023\/11\/masarath-alkhaili-vmCHHfp25lU-unsplash-1536x1152.jpg 1536w, https:\/\/www.cde.ual.es\/wp-content\/uploads\/2023\/11\/masarath-alkhaili-vmCHHfp25lU-unsplash-2048x1536.jpg 2048w\" sizes=\"(max-width: 564px) 100vw, 564px\" \/><\/a><\/p>\n<p style=\"text-align: justify;\">We seek candidates with an active scholarly profile in fields related to Media Law and Journalism Ethics, and who ideally have a combination of university-level teaching experience, legal education and\/or experience, professional media experience, and a dynamic publication record. Teaching expectations include both Media Law courses, with preference for an international media\/strategic communication emphasis, and foundational courses in the Journalism and Strategic Communication Program, such as Investigative Reporting and Journalistic Storytelling. Candidates also have an opportunity to contribute to a growing list of interdisciplinary minors, such as Strategic Communication, Middle East Studies, Media and Politics, Africana Studies, and Film and Design. Preference will be given to candidates with a JD or PhD and who have some knowledge of media practice in the Middle East and North Africa.<\/p>\n<p style=\"text-align: justify;\">NU-Q is a globally embedded institution; it is one of three campuses of Northwestern University (Chicago, Doha, Evanston) and one of several institutions in the Qatar Foundation\u2019s Education City in Doha, Qatar. Our mission is to mentor and educate students to become creative, ethical, and impactful communicators across cultural and national boundaries. We are committed to academic excellence, to a vibrant student life, and to high-level undergraduate student research and media making, particularly on the Global South. Located at the confluence of continents, NU-Q is a diverse global community with approximately 500 students from 60 countries.<\/p>\n<p style=\"text-align: justify;\">Candidates will have the opportunity to contribute to our distinctive Institute for Advanced Study in the Global South (#IAS_NUQ), a community of evidence-based storytellers devoted to understanding the media, cultures, societies, politics, and history of the countries of the Global South. This includes mentoring our Undergraduate Global Fellows, participating in reading and research groups, and contributing to panels, seminars, conferences, and publications.<\/p>\n<p style=\"text-align: justify;\">In addition to a demonstrated publication track record or evidence of a highly promising trajectory commensurate with career stage and\/or rank, applicants should show competence in working with globally diverse communities, a strong commitment to excellence in inclusive teaching and mentoring, and dedication to institutional service and shared governance.<\/p>\n<p style=\"text-align: justify;\">NU-Q provides competitive compensation and benefits. The medium of instruction is English, but proficiency in Arabic or another regional language is an advantage at NU-Q. Candidates with experience in US higher education as well as in the Arab region, women, and persons from traditionally underrepresented groups in academia are particularly encouraged to apply.<\/p>\n<p style=\"text-align: justify;\">Please read ALL instructions and make preparations before proceeding to the application page:<\/p>\n<ul style=\"text-align: justify;\">\n<li>Applications will only be accepted via online submission (see link below).<\/li>\n<li>Please prepare all documents in advance as Adobe PDF files, and please be sure all information is entered correctly and accurately (especially names and email addresses), as there will be no opportunity for online revision after your application has been submitted.<\/li>\n<li>Please also prepare a list of names and email addresses for your external academic references; your references will be contacted directly by the online system and invited to upload their letters on your behalf.<\/li>\n<li>All required fields in the application form are marked with an asterisk and must be filled before clicking the \u201cSubmit\u201d button.<\/li>\n<li>Be aware that incomplete applications cannot be saved<\/li>\n<\/ul>\n<p style=\"text-align: justify;\">Organisation\/Company &#8211; NORTHWESTERN UNIVERSITY IN QATAR<\/p>\n<p style=\"text-align: justify;\">Research Field &#8211; Juridical sciences \/ Communication sciences<\/p>\n<p style=\"text-align: justify;\">Researcher Profile &#8211; Recognised Researcher (R2) \/ First Stage Researcher (R1)<\/p>\n<p style=\"text-align: justify;\">Country &#8211; Qatar<\/p>\n<p style=\"text-align: justify;\">Type of Contract &#8211; Permanent<\/p>\n<p style=\"text-align: justify;\">Job Status &#8211; Full-time<\/p>\n<p style=\"text-align: justify;\"><span style=\"text-decoration: underline;\">Applications received by January 13, 2024, will receive priority consideration.<\/span> The search will continue until the position is filled or the search closed.<\/p>\n<p style=\"text-align: justify;\">Application Deadline &#8211; <time datetime=\"2023-12-21T00:00:00Z\">21 Dec 2023 &#8211; 00:00 (UTC)<\/time><\/p>\n<p style=\"text-align: justify;\"><a href=\"https:\/\/euraxess.ec.europa.eu\/jobs\/168192\" target=\"_blank\" rel=\"noopener\"><strong>EURAXESS<\/strong><\/a><\/p>\n","protected":false},"excerpt":{"rendered":"<p>Northwestern University in Qatar invites applications from highly qualified candidates for a full-time open rank faculty appointment in Media Law and Ethical Journalism, to be appointed in the Journalism and Strategic Communication Program. We seek candidates with an active scholarly profile in fields related to Media Law and Journalism Ethics, and who ideally have a [&hellip;]<\/p>\n","protected":false},"author":101011,"featured_media":145861,"comment_status":"open","ping_status":"open","sticky":false,"template":"","format":"standard","meta":{"_acf_changed":false,"_relevanssi_hide_post":"","_relevanssi_hide_content":"","_relevanssi_pin_for_all":"","_relevanssi_pin_keywords":"","_relevanssi_unpin_keywords":"","_relevanssi_related_keywords":"","_relevanssi_related_include_ids":"","_relevanssi_related_exclude_ids":"","_relevanssi_related_no_append":"","_relevanssi_related_not_related":"","_relevanssi_related_posts":"","_relevanssi_noindex_reason":"","_monsterinsights_skip_tracking":false,"_monsterinsights_sitenote_active":false,"_monsterinsights_sitenote_note":"","_monsterinsights_sitenote_category":0,"_genesis_hide_title":false,"_genesis_hide_breadcrumbs":false,"_genesis_hide_singular_image":false,"_genesis_hide_footer_widgets":false,"_genesis_custom_body_class":"","_genesis_custom_post_class":"","_genesis_layout":"","footnotes":""},"categories":[366,4043,4047],"tags":[2302,10962,10961,2031,10963],"class_list":{"0":"post-145857","1":"post","2":"type-post","3":"status-publish","4":"format-standard","5":"has-post-thumbnail","7":"category-eu-calls-and-awards","8":"category-euraxess-en","9":"category-social-and-legal-sciences","10":"tag-job","11":"tag-journalism-ethics","12":"tag-media-law","13":"tag-professor","14":"tag-qatar-en","15":"entry"},"acf":[],"yoast_head":"<!-- This site is optimized with the Yoast SEO plugin v27.4 - https:\/\/yoast.com\/product\/yoast-seo-wordpress\/ -->\n<title>Associate \/ Assistant \/ Full Professor in Media Law and Journalism Ethics in Qatar | CDE Almer\u00eda - Centro de Documentaci\u00f3n Europea - Universidad de Almer\u00eda<\/title>\n<meta name=\"robots\" content=\"index, follow, max-snippet:-1, max-image-preview:large, max-video-preview:-1\" \/>\n<link rel=\"canonical\" href=\"https:\/\/www.cde.ual.es\/profesor-asociado-adjunto-titular-de-derecho-de-los-medios-de-comunicacion-y-etica-del-periodismo\/\" \/>\n<meta property=\"og:locale\" content=\"en_US\" \/>\n<meta property=\"og:type\" content=\"article\" \/>\n<meta property=\"og:title\" content=\"Associate \/ Assistant \/ Full Professor in Media Law and Journalism Ethics in Qatar | CDE Almer\u00eda - Centro de Documentaci\u00f3n Europea - Universidad de Almer\u00eda\" \/>\n<meta property=\"og:description\" content=\"Northwestern University in Qatar invites applications from highly qualified candidates for a full-time open rank faculty appointment in Media Law and Ethical Journalism, to be appointed in the Journalism and Strategic Communication Program. We seek candidates with an active scholarly profile in fields related to Media Law and Journalism Ethics, and who ideally have a [&hellip;]\" \/>\n<meta property=\"og:url\" content=\"https:\/\/www.cde.ual.es\/profesor-asociado-adjunto-titular-de-derecho-de-los-medios-de-comunicacion-y-etica-del-periodismo\/\" \/>\n<meta property=\"og:site_name\" content=\"CDE Almer\u00eda - Centro de Documentaci\u00f3n Europea - Universidad de Almer\u00eda\" \/>\n<meta property=\"article:publisher\" content=\"https:\/\/www.facebook.com\/cdeuniversidadalmeria\/\" \/>\n<meta property=\"article:published_time\" content=\"2023-12-11T02:00:57+00:00\" \/>\n<meta property=\"og:image\" content=\"https:\/\/www.cde.ual.es\/wp-content\/uploads\/2023\/11\/masarath-alkhaili-vmCHHfp25lU-unsplash-scaled.jpg\" \/>\n\t<meta property=\"og:image:width\" content=\"2560\" \/>\n\t<meta property=\"og:image:height\" content=\"1920\" \/>\n\t<meta property=\"og:image:type\" content=\"image\/jpeg\" \/>\n<meta name=\"author\" content=\"BECA 2 CDE\" \/>\n<meta name=\"twitter:card\" content=\"summary_large_image\" \/>\n<meta name=\"twitter:creator\" content=\"@cdeualmeria\" \/>\n<meta name=\"twitter:site\" content=\"@cdeualmeria\" \/>\n<meta name=\"twitter:label1\" content=\"Written by\" \/>\n\t<meta name=\"twitter:data1\" content=\"BECA 2 CDE\" \/>\n\t<meta name=\"twitter:label2\" content=\"Est. reading time\" \/>\n\t<meta name=\"twitter:data2\" content=\"3 minutes\" \/>\n<script type=\"application\/ld+json\" class=\"yoast-schema-graph\">{\"@context\":\"https:\\\/\\\/schema.org\",\"@graph\":[{\"@type\":\"Article\",\"@id\":\"https:\\\/\\\/www.cde.ual.es\\\/profesor-asociado-adjunto-titular-de-derecho-de-los-medios-de-comunicacion-y-etica-del-periodismo\\\/#article\",\"isPartOf\":{\"@id\":\"https:\\\/\\\/www.cde.ual.es\\\/profesor-asociado-adjunto-titular-de-derecho-de-los-medios-de-comunicacion-y-etica-del-periodismo\\\/\"},\"author\":{\"name\":\"BECA 2 CDE\",\"@id\":\"https:\\\/\\\/www.cde.ual.es\\\/#\\\/schema\\\/person\\\/ee46ebc19edfa19598c02cff83335acc\"},\"headline\":\"Associate \\\/ Assistant \\\/ Full Professor in Media Law and Journalism Ethics in Qatar\",\"datePublished\":\"2023-12-11T02:00:57+00:00\",\"mainEntityOfPage\":{\"@id\":\"https:\\\/\\\/www.cde.ual.es\\\/profesor-asociado-adjunto-titular-de-derecho-de-los-medios-de-comunicacion-y-etica-del-periodismo\\\/\"},\"wordCount\":627,\"commentCount\":0,\"publisher\":{\"@id\":\"https:\\\/\\\/www.cde.ual.es\\\/#organization\"},\"image\":{\"@id\":\"https:\\\/\\\/www.cde.ual.es\\\/profesor-asociado-adjunto-titular-de-derecho-de-los-medios-de-comunicacion-y-etica-del-periodismo\\\/#primaryimage\"},\"thumbnailUrl\":\"https:\\\/\\\/www.cde.ual.es\\\/wp-content\\\/uploads\\\/2023\\\/11\\\/masarath-alkhaili-vmCHHfp25lU-unsplash-scaled.jpg\",\"keywords\":[\"JOB\",\"Journalism Ethics\",\"Media Law\",\"professor\",\"Qatar\"],\"articleSection\":[\"EU Calls and Awards\",\"Euraxess\",\"Social and Legal Sciences\"],\"inLanguage\":\"en-US\",\"potentialAction\":[{\"@type\":\"CommentAction\",\"name\":\"Comment\",\"target\":[\"https:\\\/\\\/www.cde.ual.es\\\/profesor-asociado-adjunto-titular-de-derecho-de-los-medios-de-comunicacion-y-etica-del-periodismo\\\/#respond\"]}]},{\"@type\":\"WebPage\",\"@id\":\"https:\\\/\\\/www.cde.ual.es\\\/profesor-asociado-adjunto-titular-de-derecho-de-los-medios-de-comunicacion-y-etica-del-periodismo\\\/\",\"url\":\"https:\\\/\\\/www.cde.ual.es\\\/profesor-asociado-adjunto-titular-de-derecho-de-los-medios-de-comunicacion-y-etica-del-periodismo\\\/\",\"name\":\"Associate \\\/ Assistant \\\/ Full Professor in Media Law and Journalism Ethics in Qatar | CDE Almer\u00eda - Centro de Documentaci\u00f3n Europea - Universidad de Almer\u00eda\",\"isPartOf\":{\"@id\":\"https:\\\/\\\/www.cde.ual.es\\\/#website\"},\"primaryImageOfPage\":{\"@id\":\"https:\\\/\\\/www.cde.ual.es\\\/profesor-asociado-adjunto-titular-de-derecho-de-los-medios-de-comunicacion-y-etica-del-periodismo\\\/#primaryimage\"},\"image\":{\"@id\":\"https:\\\/\\\/www.cde.ual.es\\\/profesor-asociado-adjunto-titular-de-derecho-de-los-medios-de-comunicacion-y-etica-del-periodismo\\\/#primaryimage\"},\"thumbnailUrl\":\"https:\\\/\\\/www.cde.ual.es\\\/wp-content\\\/uploads\\\/2023\\\/11\\\/masarath-alkhaili-vmCHHfp25lU-unsplash-scaled.jpg\",\"datePublished\":\"2023-12-11T02:00:57+00:00\",\"breadcrumb\":{\"@id\":\"https:\\\/\\\/www.cde.ual.es\\\/profesor-asociado-adjunto-titular-de-derecho-de-los-medios-de-comunicacion-y-etica-del-periodismo\\\/#breadcrumb\"},\"inLanguage\":\"en-US\",\"potentialAction\":[{\"@type\":\"ReadAction\",\"target\":[\"https:\\\/\\\/www.cde.ual.es\\\/profesor-asociado-adjunto-titular-de-derecho-de-los-medios-de-comunicacion-y-etica-del-periodismo\\\/\"]}]},{\"@type\":\"ImageObject\",\"inLanguage\":\"en-US\",\"@id\":\"https:\\\/\\\/www.cde.ual.es\\\/profesor-asociado-adjunto-titular-de-derecho-de-los-medios-de-comunicacion-y-etica-del-periodismo\\\/#primaryimage\",\"url\":\"https:\\\/\\\/www.cde.ual.es\\\/wp-content\\\/uploads\\\/2023\\\/11\\\/masarath-alkhaili-vmCHHfp25lU-unsplash-scaled.jpg\",\"contentUrl\":\"https:\\\/\\\/www.cde.ual.es\\\/wp-content\\\/uploads\\\/2023\\\/11\\\/masarath-alkhaili-vmCHHfp25lU-unsplash-scaled.jpg\",\"width\":2560,\"height\":1920},{\"@type\":\"BreadcrumbList\",\"@id\":\"https:\\\/\\\/www.cde.ual.es\\\/profesor-asociado-adjunto-titular-de-derecho-de-los-medios-de-comunicacion-y-etica-del-periodismo\\\/#breadcrumb\",\"itemListElement\":[{\"@type\":\"ListItem\",\"position\":1,\"name\":\"Inicio\",\"item\":\"https:\\\/\\\/www.cde.ual.es\\\/en\\\/\"},{\"@type\":\"ListItem\",\"position\":2,\"name\":\"Convocatorias y Premios UE\",\"item\":\"https:\\\/\\\/www.cde.ual.es\\\/category\\\/convocatorias-y-premios-ue\\\/\"},{\"@type\":\"ListItem\",\"position\":3,\"name\":\"Euraxess\",\"item\":\"https:\\\/\\\/www.cde.ual.es\\\/category\\\/convocatorias-y-premios-ue\\\/euraxess\\\/\"},{\"@type\":\"ListItem\",\"position\":4,\"name\":\"Social and Legal Sciences\",\"item\":\"https:\\\/\\\/www.cde.ual.es\\\/en\\\/category\\\/eu-calls-and-awards\\\/euraxess-en\\\/social-and-legal-sciences\\\/\"},{\"@type\":\"ListItem\",\"position\":5,\"name\":\"Associate \\\/ Assistant \\\/ Full Professor in Media Law and Journalism Ethics in Qatar\"}]},{\"@type\":\"WebSite\",\"@id\":\"https:\\\/\\\/www.cde.ual.es\\\/#website\",\"url\":\"https:\\\/\\\/www.cde.ual.es\\\/\",\"name\":\"CDE Almer\u00eda - Centro de Documentaci\u00f3n Europea - Universidad de Almer\u00eda\",\"description\":\"Centro de Documentaci\u00f3n Europea de la Universidad de Almer\u00eda\",\"publisher\":{\"@id\":\"https:\\\/\\\/www.cde.ual.es\\\/#organization\"},\"alternateName\":\"CDE Almer\u00eda\",\"potentialAction\":[{\"@type\":\"SearchAction\",\"target\":{\"@type\":\"EntryPoint\",\"urlTemplate\":\"https:\\\/\\\/www.cde.ual.es\\\/?s={search_term_string}\"},\"query-input\":{\"@type\":\"PropertyValueSpecification\",\"valueRequired\":true,\"valueName\":\"search_term_string\"}}],\"inLanguage\":\"en-US\"},{\"@type\":\"Organization\",\"@id\":\"https:\\\/\\\/www.cde.ual.es\\\/#organization\",\"name\":\"Centro de Documentaci\u00f3n Europea de Almer\u00eda\",\"url\":\"https:\\\/\\\/www.cde.ual.es\\\/\",\"logo\":{\"@type\":\"ImageObject\",\"inLanguage\":\"en-US\",\"@id\":\"https:\\\/\\\/www.cde.ual.es\\\/#\\\/schema\\\/logo\\\/image\\\/\",\"url\":\"https:\\\/\\\/www.cde.ual.es\\\/wp-content\\\/uploads\\\/2025\\\/07\\\/cde-logo-3.png\",\"contentUrl\":\"https:\\\/\\\/www.cde.ual.es\\\/wp-content\\\/uploads\\\/2025\\\/07\\\/cde-logo-3.png\",\"width\":1400,\"height\":300,\"caption\":\"Centro de Documentaci\u00f3n Europea de Almer\u00eda\"},\"image\":{\"@id\":\"https:\\\/\\\/www.cde.ual.es\\\/#\\\/schema\\\/logo\\\/image\\\/\"},\"sameAs\":[\"https:\\\/\\\/www.facebook.com\\\/cdeuniversidadalmeria\\\/\",\"https:\\\/\\\/x.com\\\/cdeualmeria\",\"https:\\\/\\\/www.tiktok.com\\\/@cdealmeria\",\"https:\\\/\\\/www.instagram.com\\\/cdealmeria\\\/\",\"https:\\\/\\\/www.linkedin.com\\\/in\\\/cde-almera-812b26a9\\\/\"]},{\"@type\":\"Person\",\"@id\":\"https:\\\/\\\/www.cde.ual.es\\\/#\\\/schema\\\/person\\\/ee46ebc19edfa19598c02cff83335acc\",\"name\":\"BECA 2 CDE\",\"image\":{\"@type\":\"ImageObject\",\"inLanguage\":\"en-US\",\"@id\":\"https:\\\/\\\/secure.gravatar.com\\\/avatar\\\/35a481bbc04bbd90e91bdfa3b0b5541036c222a49b9ad37b6889a2afcb5311a5?s=96&d=mm&r=g\",\"url\":\"https:\\\/\\\/secure.gravatar.com\\\/avatar\\\/35a481bbc04bbd90e91bdfa3b0b5541036c222a49b9ad37b6889a2afcb5311a5?s=96&d=mm&r=g\",\"contentUrl\":\"https:\\\/\\\/secure.gravatar.com\\\/avatar\\\/35a481bbc04bbd90e91bdfa3b0b5541036c222a49b9ad37b6889a2afcb5311a5?s=96&d=mm&r=g\",\"caption\":\"BECA 2 CDE\"},\"sameAs\":[\"http:\\\/\\\/www.cdealmeria.com\"]}]}<\/script>\n<!-- \/ Yoast SEO plugin. -->","yoast_head_json":{"title":"Associate \/ Assistant \/ Full Professor in Media Law and Journalism Ethics in Qatar | CDE Almer\u00eda - Centro de Documentaci\u00f3n Europea - Universidad de Almer\u00eda","robots":{"index":"index","follow":"follow","max-snippet":"max-snippet:-1","max-image-preview":"max-image-preview:large","max-video-preview":"max-video-preview:-1"},"canonical":"https:\/\/www.cde.ual.es\/profesor-asociado-adjunto-titular-de-derecho-de-los-medios-de-comunicacion-y-etica-del-periodismo\/","og_locale":"en_US","og_type":"article","og_title":"Associate \/ Assistant \/ Full Professor in Media Law and Journalism Ethics in Qatar | CDE Almer\u00eda - Centro de Documentaci\u00f3n Europea - Universidad de Almer\u00eda","og_description":"Northwestern University in Qatar invites applications from highly qualified candidates for a full-time open rank faculty appointment in Media Law and Ethical Journalism, to be appointed in the Journalism and Strategic Communication Program. We seek candidates with an active scholarly profile in fields related to Media Law and Journalism Ethics, and who ideally have a [&hellip;]","og_url":"https:\/\/www.cde.ual.es\/profesor-asociado-adjunto-titular-de-derecho-de-los-medios-de-comunicacion-y-etica-del-periodismo\/","og_site_name":"CDE Almer\u00eda - Centro de Documentaci\u00f3n Europea - Universidad de Almer\u00eda","article_publisher":"https:\/\/www.facebook.com\/cdeuniversidadalmeria\/","article_published_time":"2023-12-11T02:00:57+00:00","og_image":[{"width":2560,"height":1920,"url":"https:\/\/www.cde.ual.es\/wp-content\/uploads\/2023\/11\/masarath-alkhaili-vmCHHfp25lU-unsplash-scaled.jpg","type":"image\/jpeg"}],"author":"BECA 2 CDE","twitter_card":"summary_large_image","twitter_creator":"@cdeualmeria","twitter_site":"@cdeualmeria","twitter_misc":{"Written by":"BECA 2 CDE","Est. reading time":"3 minutes"},"schema":{"@context":"https:\/\/schema.org","@graph":[{"@type":"Article","@id":"https:\/\/www.cde.ual.es\/profesor-asociado-adjunto-titular-de-derecho-de-los-medios-de-comunicacion-y-etica-del-periodismo\/#article","isPartOf":{"@id":"https:\/\/www.cde.ual.es\/profesor-asociado-adjunto-titular-de-derecho-de-los-medios-de-comunicacion-y-etica-del-periodismo\/"},"author":{"name":"BECA 2 CDE","@id":"https:\/\/www.cde.ual.es\/#\/schema\/person\/ee46ebc19edfa19598c02cff83335acc"},"headline":"Associate \/ Assistant \/ Full Professor in Media Law and Journalism Ethics in Qatar","datePublished":"2023-12-11T02:00:57+00:00","mainEntityOfPage":{"@id":"https:\/\/www.cde.ual.es\/profesor-asociado-adjunto-titular-de-derecho-de-los-medios-de-comunicacion-y-etica-del-periodismo\/"},"wordCount":627,"commentCount":0,"publisher":{"@id":"https:\/\/www.cde.ual.es\/#organization"},"image":{"@id":"https:\/\/www.cde.ual.es\/profesor-asociado-adjunto-titular-de-derecho-de-los-medios-de-comunicacion-y-etica-del-periodismo\/#primaryimage"},"thumbnailUrl":"https:\/\/www.cde.ual.es\/wp-content\/uploads\/2023\/11\/masarath-alkhaili-vmCHHfp25lU-unsplash-scaled.jpg","keywords":["JOB","Journalism Ethics","Media Law","professor","Qatar"],"articleSection":["EU Calls and Awards","Euraxess","Social and Legal Sciences"],"inLanguage":"en-US","potentialAction":[{"@type":"CommentAction","name":"Comment","target":["https:\/\/www.cde.ual.es\/profesor-asociado-adjunto-titular-de-derecho-de-los-medios-de-comunicacion-y-etica-del-periodismo\/#respond"]}]},{"@type":"WebPage","@id":"https:\/\/www.cde.ual.es\/profesor-asociado-adjunto-titular-de-derecho-de-los-medios-de-comunicacion-y-etica-del-periodismo\/","url":"https:\/\/www.cde.ual.es\/profesor-asociado-adjunto-titular-de-derecho-de-los-medios-de-comunicacion-y-etica-del-periodismo\/","name":"Associate \/ Assistant \/ Full Professor in Media Law and Journalism Ethics in Qatar | CDE Almer\u00eda - Centro de Documentaci\u00f3n Europea - Universidad de Almer\u00eda","isPartOf":{"@id":"https:\/\/www.cde.ual.es\/#website"},"primaryImageOfPage":{"@id":"https:\/\/www.cde.ual.es\/profesor-asociado-adjunto-titular-de-derecho-de-los-medios-de-comunicacion-y-etica-del-periodismo\/#primaryimage"},"image":{"@id":"https:\/\/www.cde.ual.es\/profesor-asociado-adjunto-titular-de-derecho-de-los-medios-de-comunicacion-y-etica-del-periodismo\/#primaryimage"},"thumbnailUrl":"https:\/\/www.cde.ual.es\/wp-content\/uploads\/2023\/11\/masarath-alkhaili-vmCHHfp25lU-unsplash-scaled.jpg","datePublished":"2023-12-11T02:00:57+00:00","breadcrumb":{"@id":"https:\/\/www.cde.ual.es\/profesor-asociado-adjunto-titular-de-derecho-de-los-medios-de-comunicacion-y-etica-del-periodismo\/#breadcrumb"},"inLanguage":"en-US","potentialAction":[{"@type":"ReadAction","target":["https:\/\/www.cde.ual.es\/profesor-asociado-adjunto-titular-de-derecho-de-los-medios-de-comunicacion-y-etica-del-periodismo\/"]}]},{"@type":"ImageObject","inLanguage":"en-US","@id":"https:\/\/www.cde.ual.es\/profesor-asociado-adjunto-titular-de-derecho-de-los-medios-de-comunicacion-y-etica-del-periodismo\/#primaryimage","url":"https:\/\/www.cde.ual.es\/wp-content\/uploads\/2023\/11\/masarath-alkhaili-vmCHHfp25lU-unsplash-scaled.jpg","contentUrl":"https:\/\/www.cde.ual.es\/wp-content\/uploads\/2023\/11\/masarath-alkhaili-vmCHHfp25lU-unsplash-scaled.jpg","width":2560,"height":1920},{"@type":"BreadcrumbList","@id":"https:\/\/www.cde.ual.es\/profesor-asociado-adjunto-titular-de-derecho-de-los-medios-de-comunicacion-y-etica-del-periodismo\/#breadcrumb","itemListElement":[{"@type":"ListItem","position":1,"name":"Inicio","item":"https:\/\/www.cde.ual.es\/en\/"},{"@type":"ListItem","position":2,"name":"Convocatorias y Premios UE","item":"https:\/\/www.cde.ual.es\/category\/convocatorias-y-premios-ue\/"},{"@type":"ListItem","position":3,"name":"Euraxess","item":"https:\/\/www.cde.ual.es\/category\/convocatorias-y-premios-ue\/euraxess\/"},{"@type":"ListItem","position":4,"name":"Social and Legal Sciences","item":"https:\/\/www.cde.ual.es\/en\/category\/eu-calls-and-awards\/euraxess-en\/social-and-legal-sciences\/"},{"@type":"ListItem","position":5,"name":"Associate \/ Assistant \/ Full Professor in Media Law and Journalism Ethics in Qatar"}]},{"@type":"WebSite","@id":"https:\/\/www.cde.ual.es\/#website","url":"https:\/\/www.cde.ual.es\/","name":"CDE Almer\u00eda - Centro de Documentaci\u00f3n Europea - Universidad de Almer\u00eda","description":"Centro de Documentaci\u00f3n Europea de la Universidad de Almer\u00eda","publisher":{"@id":"https:\/\/www.cde.ual.es\/#organization"},"alternateName":"CDE Almer\u00eda","potentialAction":[{"@type":"SearchAction","target":{"@type":"EntryPoint","urlTemplate":"https:\/\/www.cde.ual.es\/?s={search_term_string}"},"query-input":{"@type":"PropertyValueSpecification","valueRequired":true,"valueName":"search_term_string"}}],"inLanguage":"en-US"},{"@type":"Organization","@id":"https:\/\/www.cde.ual.es\/#organization","name":"Centro de Documentaci\u00f3n Europea de Almer\u00eda","url":"https:\/\/www.cde.ual.es\/","logo":{"@type":"ImageObject","inLanguage":"en-US","@id":"https:\/\/www.cde.ual.es\/#\/schema\/logo\/image\/","url":"https:\/\/www.cde.ual.es\/wp-content\/uploads\/2025\/07\/cde-logo-3.png","contentUrl":"https:\/\/www.cde.ual.es\/wp-content\/uploads\/2025\/07\/cde-logo-3.png","width":1400,"height":300,"caption":"Centro de Documentaci\u00f3n Europea de Almer\u00eda"},"image":{"@id":"https:\/\/www.cde.ual.es\/#\/schema\/logo\/image\/"},"sameAs":["https:\/\/www.facebook.com\/cdeuniversidadalmeria\/","https:\/\/x.com\/cdeualmeria","https:\/\/www.tiktok.com\/@cdealmeria","https:\/\/www.instagram.com\/cdealmeria\/","https:\/\/www.linkedin.com\/in\/cde-almera-812b26a9\/"]},{"@type":"Person","@id":"https:\/\/www.cde.ual.es\/#\/schema\/person\/ee46ebc19edfa19598c02cff83335acc","name":"BECA 2 CDE","image":{"@type":"ImageObject","inLanguage":"en-US","@id":"https:\/\/secure.gravatar.com\/avatar\/35a481bbc04bbd90e91bdfa3b0b5541036c222a49b9ad37b6889a2afcb5311a5?s=96&d=mm&r=g","url":"https:\/\/secure.gravatar.com\/avatar\/35a481bbc04bbd90e91bdfa3b0b5541036c222a49b9ad37b6889a2afcb5311a5?s=96&d=mm&r=g","contentUrl":"https:\/\/secure.gravatar.com\/avatar\/35a481bbc04bbd90e91bdfa3b0b5541036c222a49b9ad37b6889a2afcb5311a5?s=96&d=mm&r=g","caption":"BECA 2 CDE"},"sameAs":["http:\/\/www.cdealmeria.com"]}]}},"_links":{"self":[{"href":"https:\/\/www.cde.ual.es\/en\/wp-json\/wp\/v2\/posts\/145857","targetHints":{"allow":["GET"]}}],"collection":[{"href":"https:\/\/www.cde.ual.es\/en\/wp-json\/wp\/v2\/posts"}],"about":[{"href":"https:\/\/www.cde.ual.es\/en\/wp-json\/wp\/v2\/types\/post"}],"author":[{"embeddable":true,"href":"https:\/\/www.cde.ual.es\/en\/wp-json\/wp\/v2\/users\/101011"}],"replies":[{"embeddable":true,"href":"https:\/\/www.cde.ual.es\/en\/wp-json\/wp\/v2\/comments?post=145857"}],"version-history":[{"count":2,"href":"https:\/\/www.cde.ual.es\/en\/wp-json\/wp\/v2\/posts\/145857\/revisions"}],"predecessor-version":[{"id":147134,"href":"https:\/\/www.cde.ual.es\/en\/wp-json\/wp\/v2\/posts\/145857\/revisions\/147134"}],"wp:featuredmedia":[{"embeddable":true,"href":"https:\/\/www.cde.ual.es\/en\/wp-json\/wp\/v2\/media\/145861"}],"wp:attachment":[{"href":"https:\/\/www.cde.ual.es\/en\/wp-json\/wp\/v2\/media?parent=145857"}],"wp:term":[{"taxonomy":"category","embeddable":true,"href":"https:\/\/www.cde.ual.es\/en\/wp-json\/wp\/v2\/categories?post=145857"},{"taxonomy":"post_tag","embeddable":true,"href":"https:\/\/www.cde.ual.es\/en\/wp-json\/wp\/v2\/tags?post=145857"}],"curies":[{"name":"wp","href":"https:\/\/api.w.org\/{rel}","templated":true}]}}