{"id":145592,"date":"2023-11-21T03:00:15","date_gmt":"2023-11-21T02:00:15","guid":{"rendered":"https:\/\/www.cde.ual.es\/?p=145592"},"modified":"2023-11-20T14:27:09","modified_gmt":"2023-11-20T13:27:09","slug":"value-of-eu-trade-deals-surpasses-e2-trillion","status":"publish","type":"post","link":"https:\/\/www.cde.ual.es\/en\/value-of-eu-trade-deals-surpasses-e2-trillion\/","title":{"rendered":"Value of EU trade deals surpasses \u20ac2 trillion"},"content":{"rendered":"<p style=\"text-align: justify;\"><strong>The value of EU trade through free trade agreements with global partners surpassed \u20ac2 trillion for the first time in 2022, according to the 3rd Annual Report on the Implementation and Enforcement of EU Trade Policy.\u00a0<\/strong><\/p>\n<p style=\"text-align: justify;\"><a href=\"https:\/\/www.cde.ual.es\/wp-content\/uploads\/2023\/03\/guillaume-perigois-HL4LEIyGEYU-unsplash-scaled.jpg\"><img decoding=\"async\" class=\"aligncenter size-full wp-image-132458\" src=\"https:\/\/www.cde.ual.es\/wp-content\/uploads\/2023\/03\/guillaume-perigois-HL4LEIyGEYU-unsplash-scaled.jpg\" alt=\"bandera de europa\" width=\"2560\" height=\"1962\" srcset=\"https:\/\/www.cde.ual.es\/wp-content\/uploads\/2023\/03\/guillaume-perigois-HL4LEIyGEYU-unsplash-scaled.jpg 2560w, https:\/\/www.cde.ual.es\/wp-content\/uploads\/2023\/03\/guillaume-perigois-HL4LEIyGEYU-unsplash-300x230.jpg 300w, https:\/\/www.cde.ual.es\/wp-content\/uploads\/2023\/03\/guillaume-perigois-HL4LEIyGEYU-unsplash-1024x785.jpg 1024w, https:\/\/www.cde.ual.es\/wp-content\/uploads\/2023\/03\/guillaume-perigois-HL4LEIyGEYU-unsplash-768x588.jpg 768w, https:\/\/www.cde.ual.es\/wp-content\/uploads\/2023\/03\/guillaume-perigois-HL4LEIyGEYU-unsplash-1536x1177.jpg 1536w, https:\/\/www.cde.ual.es\/wp-content\/uploads\/2023\/03\/guillaume-perigois-HL4LEIyGEYU-unsplash-2048x1569.jpg 2048w\" sizes=\"(max-width: 2560px) 100vw, 2560px\" \/><\/a><\/p>\n<p style=\"text-align: justify;\">The European Commission report shows that trade with our top 20 trade agreement partners grew by close to 30% on average in 2022. The Commission, working with Member States and EU businesses, also broke down over 30 barriers to trade in 19 countries. Tackling barriers over the last five years helped unlock 7 billion euros of EU exports in 2022 alone. Our agreements have also delivered stronger protection of the environment and labour rights.<\/p>\n<p style=\"text-align: justify;\">The EU has the largest network of trade agreements in the world, with a total of 74 countries, accounting for 44% of all EU trade. In 2022, trade between the EU and its trade agreement partners (excluding energy products) outgrew EU trade with all other partners.<strong>\u00a0<\/strong>These deals have helped sustain trade and investment in a difficult global business environment characterised by growing geopolitical challenges, such as Russia&#8217;s \u00a0aggression against Ukraine.<\/p>\n<p style=\"text-align: justify;\"><strong>Trade agreements support exports, resilience and diversification<\/strong><\/p>\n<p style=\"text-align: justify;\">Trade agreements continued to deliver economic growth and more resilient supply chains, by:<\/p>\n<ul style=\"text-align: justify;\">\n<li><strong>Opening new export opportunities for EU producers and farmers<\/strong>: for example, under the respective trade agreements, EU exports in pharmaceuticals to Vietnam increasedby 152%, cars and parts to South Korea by 217%, EU exports of meat to Canada increased by 136% and EU services&#8217; exports to Canada rose by 54%. EU trade supports 670 000 small and medium sized EU businesses exporting to third countries.<\/li>\n<li><strong>Making exports more resilient to external shocks<\/strong>: In 2022, EU exports of sanctioned goods to preferential partners surged by \u20ac174 billion, offsetting by far the \u20ac27 billion lost in exports to Russia.<\/li>\n<li><strong>Securing access to important inputs and reducing over-dependence on a single country<\/strong>: in the first five years of the EU-Canada (CETA) agreement, EU imports of critical raw materials from Canada rose by 56%, compared to growth of only 25% of these materials from other sources, contributing to the EU&#8217;s strategy to diversify away from Russia. Critical raw materials are essential for the green and digital transformations of the EU economy.<\/li>\n<\/ul>\n<p style=\"text-align: justify;\"><strong>Removing barriers and progressing on disputes<\/strong><\/p>\n<p style=\"text-align: justify;\">In 2022, the Commission got<strong>\u00a031 trade barriers removed in 19 partner countries<\/strong>. This helps boost<strong>\u00a0EU exports<\/strong>\u00a0in important sectors such as agri-food, pharmaceuticals, and health and beauty.<\/p>\n<p style=\"text-align: justify;\">Examples include the US amending longstanding barriers to the import of sheep and goat products, and Costa Rica removing its decade-long 10% tax on EU imported beer.<\/p>\n<p style=\"text-align: justify;\">\n<table style=\"width: 99.9988%; border-collapse: collapse; border-style: double; border-color: #001f7d;\" cellpadding=\"0,5\">\n<tbody>\n<tr>\n<td style=\"width: 100%;\"><a href=\"https:\/\/www.cde.ual.es\/el-comercio-de-tierras-raras-aumento-en-la-union-europea-en-2022\/\" target=\"_blank\" rel=\"noopener\"><img decoding=\"async\" class=\"alignleft\" src=\"https:\/\/www.cde.ual.es\/wp-content\/uploads\/2023\/11\/foto-tierras-raras.jpg\" alt=\"\" width=\"201\" height=\"134\" \/><\/a><\/p>\n<h4 class=\"entry-title\"><a href=\"https:\/\/www.cde.ual.es\/el-comercio-de-tierras-raras-aumento-en-la-union-europea-en-2022\/\" target=\"_blank\" rel=\"noopener\">El comercio de tierras raras aument\u00f3 en la Uni\u00f3n Europea en 2022<\/a><\/h4>\n<\/td>\n<\/tr>\n<\/tbody>\n<\/table>\n<p style=\"text-align: justify;\"><strong>Dispute settlement\u00a0<\/strong>at the World Trade Organization continued. The EU launched four new disputes, including the first ever with the United Kingdom, over a discriminatory subsidies scheme for green energy. This dispute was resolved after only four months through mutual agreement. The EU also prevailed in its dispute with T\u00fcrkiye over discriminatory practices in pharmaceuticals, and is now monitoring T\u00fcrkiye&#8217;s steps towards compliance.<\/p>\n<p style=\"text-align: justify;\"><strong>Promoting sustainability<\/strong><\/p>\n<p style=\"text-align: justify;\">The EU also made progress on labour and environment issues under those agreements that include a Trade and Sustainable Development chapter. As part of this work, Japan and South Korea ratified core International Labour Organization conventions foreseen in their respective trade agreements with the EU. Deeper engagement with Peru and Colombia has led these countries to launch a revision of their labour codes.<\/p>\n<p style=\"text-align: justify;\"><strong>More Information<\/strong><strong>: <a href=\"https:\/\/ec.europa.eu\/commission\/presscorner\/detail\/es\/ip_23_5742\">European Commission<\/a><\/strong><\/p>\n","protected":false},"excerpt":{"rendered":"<p>The value of EU trade through free trade agreements with global partners surpassed \u20ac2 trillion for the first time in 2022, according to the 3rd Annual Report on the Implementation and Enforcement of EU Trade Policy.\u00a0 The European Commission report shows that trade with our top 20 trade agreement partners grew by close to 30% [&hellip;]<\/p>\n","protected":false},"author":1,"featured_media":132459,"comment_status":"open","ping_status":"open","sticky":false,"template":"","format":"standard","meta":{"_acf_changed":false,"_relevanssi_hide_post":"","_relevanssi_hide_content":"","_relevanssi_pin_for_all":"","_relevanssi_pin_keywords":"","_relevanssi_unpin_keywords":"","_relevanssi_related_keywords":"","_relevanssi_related_include_ids":"","_relevanssi_related_exclude_ids":"","_relevanssi_related_no_append":"","_relevanssi_related_not_related":"","_relevanssi_related_posts":"","_relevanssi_noindex_reason":"","_monsterinsights_skip_tracking":false,"_monsterinsights_sitenote_active":false,"_monsterinsights_sitenote_note":"","_monsterinsights_sitenote_category":0,"_genesis_hide_title":false,"_genesis_hide_breadcrumbs":false,"_genesis_hide_singular_image":false,"_genesis_hide_footer_widgets":false,"_genesis_custom_body_class":"","_genesis_custom_post_class":"","_genesis_layout":"","footnotes":""},"categories":[346,4064,4065,4089,4088],"tags":[],"class_list":{"0":"post-145592","1":"post","2":"type-post","3":"status-publish","4":"format-standard","5":"has-post-thumbnail","7":"category-eu-news","8":"category-institutional","9":"category-international-pol-coop","10":"category-international-trade","11":"category-market","12":"entry"},"acf":[],"yoast_head":"<!-- This site is optimized with the Yoast SEO plugin v27.5 - https:\/\/yoast.com\/product\/yoast-seo-wordpress\/ -->\n<title>Value of EU trade deals surpasses \u20ac2 trillion | CDE Almer\u00eda - Centro de Documentaci\u00f3n Europea - Universidad de Almer\u00eda<\/title>\n<meta name=\"robots\" content=\"index, follow, max-snippet:-1, max-image-preview:large, max-video-preview:-1\" \/>\n<link rel=\"canonical\" href=\"https:\/\/www.cde.ual.es\/?p=145579\" \/>\n<meta property=\"og:locale\" content=\"en_US\" \/>\n<meta property=\"og:type\" content=\"article\" \/>\n<meta property=\"og:title\" content=\"Value of EU trade deals surpasses \u20ac2 trillion | CDE Almer\u00eda - Centro de Documentaci\u00f3n Europea - Universidad de Almer\u00eda\" \/>\n<meta property=\"og:description\" content=\"The value of EU trade through free trade agreements with global partners surpassed \u20ac2 trillion for the first time in 2022, according to the 3rd Annual Report on the Implementation and Enforcement of EU Trade Policy.\u00a0 The European Commission report shows that trade with our top 20 trade agreement partners grew by close to 30% [&hellip;]\" \/>\n<meta property=\"og:url\" content=\"https:\/\/www.cde.ual.es\/?p=145579\" \/>\n<meta property=\"og:site_name\" content=\"CDE Almer\u00eda - Centro de Documentaci\u00f3n Europea - Universidad de Almer\u00eda\" \/>\n<meta property=\"article:publisher\" content=\"https:\/\/www.facebook.com\/cdeuniversidadalmeria\/\" \/>\n<meta property=\"article:published_time\" content=\"2023-11-21T02:00:15+00:00\" \/>\n<meta property=\"og:image\" content=\"https:\/\/www.cde.ual.es\/wp-content\/uploads\/2023\/03\/guillaume-perigois-HL4LEIyGEYU-unsplash-scaled.jpg\" \/>\n\t<meta property=\"og:image:width\" content=\"2560\" \/>\n\t<meta property=\"og:image:height\" content=\"1962\" \/>\n\t<meta property=\"og:image:type\" content=\"image\/jpeg\" \/>\n<meta name=\"author\" content=\"AdminCDE\" \/>\n<meta name=\"twitter:card\" content=\"summary_large_image\" \/>\n<meta name=\"twitter:creator\" content=\"@cdeualmeria\" \/>\n<meta name=\"twitter:site\" content=\"@cdeualmeria\" \/>\n<meta name=\"twitter:label1\" content=\"Written by\" \/>\n\t<meta name=\"twitter:data1\" content=\"AdminCDE\" \/>\n\t<meta name=\"twitter:label2\" content=\"Est. reading time\" \/>\n\t<meta name=\"twitter:data2\" content=\"4 minutes\" \/>\n<script type=\"application\/ld+json\" class=\"yoast-schema-graph\">{\"@context\":\"https:\\\/\\\/schema.org\",\"@graph\":[{\"@type\":\"Article\",\"@id\":\"https:\\\/\\\/www.cde.ual.es\\\/?p=145579#article\",\"isPartOf\":{\"@id\":\"https:\\\/\\\/www.cde.ual.es\\\/?p=145579\"},\"author\":{\"name\":\"AdminCDE\",\"@id\":\"https:\\\/\\\/www.cde.ual.es\\\/#\\\/schema\\\/person\\\/224ef08c8bcc005f319d2713ce37ee5f\"},\"headline\":\"Value of EU trade deals surpasses \u20ac2 trillion\",\"datePublished\":\"2023-11-21T02:00:15+00:00\",\"mainEntityOfPage\":{\"@id\":\"https:\\\/\\\/www.cde.ual.es\\\/?p=145579\"},\"wordCount\":559,\"commentCount\":0,\"publisher\":{\"@id\":\"https:\\\/\\\/www.cde.ual.es\\\/#organization\"},\"image\":{\"@id\":\"https:\\\/\\\/www.cde.ual.es\\\/?p=145579#primaryimage\"},\"thumbnailUrl\":\"https:\\\/\\\/www.cde.ual.es\\\/wp-content\\\/uploads\\\/2023\\\/03\\\/guillaume-perigois-HL4LEIyGEYU-unsplash-scaled.jpg\",\"articleSection\":[\"EU News\",\"Institutional Affairs\",\"International Politics and Cooperation\",\"International Trade\",\"Market\"],\"inLanguage\":\"en-US\",\"potentialAction\":[{\"@type\":\"CommentAction\",\"name\":\"Comment\",\"target\":[\"https:\\\/\\\/www.cde.ual.es\\\/?p=145579#respond\"]}]},{\"@type\":\"WebPage\",\"@id\":\"https:\\\/\\\/www.cde.ual.es\\\/?p=145579\",\"url\":\"https:\\\/\\\/www.cde.ual.es\\\/?p=145579\",\"name\":\"Value of EU trade deals surpasses \u20ac2 trillion | CDE Almer\u00eda - Centro de Documentaci\u00f3n Europea - Universidad de Almer\u00eda\",\"isPartOf\":{\"@id\":\"https:\\\/\\\/www.cde.ual.es\\\/#website\"},\"primaryImageOfPage\":{\"@id\":\"https:\\\/\\\/www.cde.ual.es\\\/?p=145579#primaryimage\"},\"image\":{\"@id\":\"https:\\\/\\\/www.cde.ual.es\\\/?p=145579#primaryimage\"},\"thumbnailUrl\":\"https:\\\/\\\/www.cde.ual.es\\\/wp-content\\\/uploads\\\/2023\\\/03\\\/guillaume-perigois-HL4LEIyGEYU-unsplash-scaled.jpg\",\"datePublished\":\"2023-11-21T02:00:15+00:00\",\"breadcrumb\":{\"@id\":\"https:\\\/\\\/www.cde.ual.es\\\/?p=145579#breadcrumb\"},\"inLanguage\":\"en-US\",\"potentialAction\":[{\"@type\":\"ReadAction\",\"target\":[\"https:\\\/\\\/www.cde.ual.es\\\/?p=145579\"]}]},{\"@type\":\"ImageObject\",\"inLanguage\":\"en-US\",\"@id\":\"https:\\\/\\\/www.cde.ual.es\\\/?p=145579#primaryimage\",\"url\":\"https:\\\/\\\/www.cde.ual.es\\\/wp-content\\\/uploads\\\/2023\\\/03\\\/guillaume-perigois-HL4LEIyGEYU-unsplash-scaled.jpg\",\"contentUrl\":\"https:\\\/\\\/www.cde.ual.es\\\/wp-content\\\/uploads\\\/2023\\\/03\\\/guillaume-perigois-HL4LEIyGEYU-unsplash-scaled.jpg\",\"width\":2560,\"height\":1962,\"caption\":\"bandera de europa\"},{\"@type\":\"BreadcrumbList\",\"@id\":\"https:\\\/\\\/www.cde.ual.es\\\/?p=145579#breadcrumb\",\"itemListElement\":[{\"@type\":\"ListItem\",\"position\":1,\"name\":\"Inicio\",\"item\":\"https:\\\/\\\/www.cde.ual.es\\\/en\\\/\"},{\"@type\":\"ListItem\",\"position\":2,\"name\":\"Noticias UE\",\"item\":\"https:\\\/\\\/www.cde.ual.es\\\/category\\\/noticias-ue\\\/\"},{\"@type\":\"ListItem\",\"position\":3,\"name\":\"Asuntos Institucionales\",\"item\":\"https:\\\/\\\/www.cde.ual.es\\\/category\\\/noticias-ue\\\/institucionales\\\/\"},{\"@type\":\"ListItem\",\"position\":4,\"name\":\"International Politics and Cooperation\",\"item\":\"https:\\\/\\\/www.cde.ual.es\\\/en\\\/category\\\/eu-news\\\/institutional\\\/international-pol-coop\\\/\"},{\"@type\":\"ListItem\",\"position\":5,\"name\":\"Value of EU trade deals surpasses \u20ac2 trillion\"}]},{\"@type\":\"WebSite\",\"@id\":\"https:\\\/\\\/www.cde.ual.es\\\/#website\",\"url\":\"https:\\\/\\\/www.cde.ual.es\\\/\",\"name\":\"CDE Almer\u00eda - Centro de Documentaci\u00f3n Europea - Universidad de Almer\u00eda\",\"description\":\"Centro de Documentaci\u00f3n Europea de la Universidad de Almer\u00eda\",\"publisher\":{\"@id\":\"https:\\\/\\\/www.cde.ual.es\\\/#organization\"},\"alternateName\":\"CDE Almer\u00eda\",\"potentialAction\":[{\"@type\":\"SearchAction\",\"target\":{\"@type\":\"EntryPoint\",\"urlTemplate\":\"https:\\\/\\\/www.cde.ual.es\\\/?s={search_term_string}\"},\"query-input\":{\"@type\":\"PropertyValueSpecification\",\"valueRequired\":true,\"valueName\":\"search_term_string\"}}],\"inLanguage\":\"en-US\"},{\"@type\":\"Organization\",\"@id\":\"https:\\\/\\\/www.cde.ual.es\\\/#organization\",\"name\":\"Centro de Documentaci\u00f3n Europea de Almer\u00eda\",\"url\":\"https:\\\/\\\/www.cde.ual.es\\\/\",\"logo\":{\"@type\":\"ImageObject\",\"inLanguage\":\"en-US\",\"@id\":\"https:\\\/\\\/www.cde.ual.es\\\/#\\\/schema\\\/logo\\\/image\\\/\",\"url\":\"https:\\\/\\\/www.cde.ual.es\\\/wp-content\\\/uploads\\\/2025\\\/07\\\/cde-logo-3.png\",\"contentUrl\":\"https:\\\/\\\/www.cde.ual.es\\\/wp-content\\\/uploads\\\/2025\\\/07\\\/cde-logo-3.png\",\"width\":1400,\"height\":300,\"caption\":\"Centro de Documentaci\u00f3n Europea de Almer\u00eda\"},\"image\":{\"@id\":\"https:\\\/\\\/www.cde.ual.es\\\/#\\\/schema\\\/logo\\\/image\\\/\"},\"sameAs\":[\"https:\\\/\\\/www.facebook.com\\\/cdeuniversidadalmeria\\\/\",\"https:\\\/\\\/x.com\\\/cdeualmeria\",\"https:\\\/\\\/www.tiktok.com\\\/@cdealmeria\",\"https:\\\/\\\/www.instagram.com\\\/cdealmeria\\\/\",\"https:\\\/\\\/www.linkedin.com\\\/in\\\/cde-almera-812b26a9\\\/\"]},{\"@type\":\"Person\",\"@id\":\"https:\\\/\\\/www.cde.ual.es\\\/#\\\/schema\\\/person\\\/224ef08c8bcc005f319d2713ce37ee5f\",\"name\":\"AdminCDE\",\"image\":{\"@type\":\"ImageObject\",\"inLanguage\":\"en-US\",\"@id\":\"https:\\\/\\\/secure.gravatar.com\\\/avatar\\\/a72d038d371f995cd13706fac32274b7952a52e8fb0a84b5f80c85426f2a98a8?s=96&d=mm&r=g\",\"url\":\"https:\\\/\\\/secure.gravatar.com\\\/avatar\\\/a72d038d371f995cd13706fac32274b7952a52e8fb0a84b5f80c85426f2a98a8?s=96&d=mm&r=g\",\"contentUrl\":\"https:\\\/\\\/secure.gravatar.com\\\/avatar\\\/a72d038d371f995cd13706fac32274b7952a52e8fb0a84b5f80c85426f2a98a8?s=96&d=mm&r=g\",\"caption\":\"AdminCDE\"}}]}<\/script>\n<!-- \/ Yoast SEO plugin. -->","yoast_head_json":{"title":"Value of EU trade deals surpasses \u20ac2 trillion | CDE Almer\u00eda - Centro de Documentaci\u00f3n Europea - Universidad de Almer\u00eda","robots":{"index":"index","follow":"follow","max-snippet":"max-snippet:-1","max-image-preview":"max-image-preview:large","max-video-preview":"max-video-preview:-1"},"canonical":"https:\/\/www.cde.ual.es\/?p=145579","og_locale":"en_US","og_type":"article","og_title":"Value of EU trade deals surpasses \u20ac2 trillion | CDE Almer\u00eda - Centro de Documentaci\u00f3n Europea - Universidad de Almer\u00eda","og_description":"The value of EU trade through free trade agreements with global partners surpassed \u20ac2 trillion for the first time in 2022, according to the 3rd Annual Report on the Implementation and Enforcement of EU Trade Policy.\u00a0 The European Commission report shows that trade with our top 20 trade agreement partners grew by close to 30% [&hellip;]","og_url":"https:\/\/www.cde.ual.es\/?p=145579","og_site_name":"CDE Almer\u00eda - Centro de Documentaci\u00f3n Europea - Universidad de Almer\u00eda","article_publisher":"https:\/\/www.facebook.com\/cdeuniversidadalmeria\/","article_published_time":"2023-11-21T02:00:15+00:00","og_image":[{"width":2560,"height":1962,"url":"https:\/\/www.cde.ual.es\/wp-content\/uploads\/2023\/03\/guillaume-perigois-HL4LEIyGEYU-unsplash-scaled.jpg","type":"image\/jpeg"}],"author":"AdminCDE","twitter_card":"summary_large_image","twitter_creator":"@cdeualmeria","twitter_site":"@cdeualmeria","twitter_misc":{"Written by":"AdminCDE","Est. reading time":"4 minutes"},"schema":{"@context":"https:\/\/schema.org","@graph":[{"@type":"Article","@id":"https:\/\/www.cde.ual.es\/?p=145579#article","isPartOf":{"@id":"https:\/\/www.cde.ual.es\/?p=145579"},"author":{"name":"AdminCDE","@id":"https:\/\/www.cde.ual.es\/#\/schema\/person\/224ef08c8bcc005f319d2713ce37ee5f"},"headline":"Value of EU trade deals surpasses \u20ac2 trillion","datePublished":"2023-11-21T02:00:15+00:00","mainEntityOfPage":{"@id":"https:\/\/www.cde.ual.es\/?p=145579"},"wordCount":559,"commentCount":0,"publisher":{"@id":"https:\/\/www.cde.ual.es\/#organization"},"image":{"@id":"https:\/\/www.cde.ual.es\/?p=145579#primaryimage"},"thumbnailUrl":"https:\/\/www.cde.ual.es\/wp-content\/uploads\/2023\/03\/guillaume-perigois-HL4LEIyGEYU-unsplash-scaled.jpg","articleSection":["EU News","Institutional Affairs","International Politics and Cooperation","International Trade","Market"],"inLanguage":"en-US","potentialAction":[{"@type":"CommentAction","name":"Comment","target":["https:\/\/www.cde.ual.es\/?p=145579#respond"]}]},{"@type":"WebPage","@id":"https:\/\/www.cde.ual.es\/?p=145579","url":"https:\/\/www.cde.ual.es\/?p=145579","name":"Value of EU trade deals surpasses \u20ac2 trillion | CDE Almer\u00eda - Centro de Documentaci\u00f3n Europea - Universidad de Almer\u00eda","isPartOf":{"@id":"https:\/\/www.cde.ual.es\/#website"},"primaryImageOfPage":{"@id":"https:\/\/www.cde.ual.es\/?p=145579#primaryimage"},"image":{"@id":"https:\/\/www.cde.ual.es\/?p=145579#primaryimage"},"thumbnailUrl":"https:\/\/www.cde.ual.es\/wp-content\/uploads\/2023\/03\/guillaume-perigois-HL4LEIyGEYU-unsplash-scaled.jpg","datePublished":"2023-11-21T02:00:15+00:00","breadcrumb":{"@id":"https:\/\/www.cde.ual.es\/?p=145579#breadcrumb"},"inLanguage":"en-US","potentialAction":[{"@type":"ReadAction","target":["https:\/\/www.cde.ual.es\/?p=145579"]}]},{"@type":"ImageObject","inLanguage":"en-US","@id":"https:\/\/www.cde.ual.es\/?p=145579#primaryimage","url":"https:\/\/www.cde.ual.es\/wp-content\/uploads\/2023\/03\/guillaume-perigois-HL4LEIyGEYU-unsplash-scaled.jpg","contentUrl":"https:\/\/www.cde.ual.es\/wp-content\/uploads\/2023\/03\/guillaume-perigois-HL4LEIyGEYU-unsplash-scaled.jpg","width":2560,"height":1962,"caption":"bandera de europa"},{"@type":"BreadcrumbList","@id":"https:\/\/www.cde.ual.es\/?p=145579#breadcrumb","itemListElement":[{"@type":"ListItem","position":1,"name":"Inicio","item":"https:\/\/www.cde.ual.es\/en\/"},{"@type":"ListItem","position":2,"name":"Noticias UE","item":"https:\/\/www.cde.ual.es\/category\/noticias-ue\/"},{"@type":"ListItem","position":3,"name":"Asuntos Institucionales","item":"https:\/\/www.cde.ual.es\/category\/noticias-ue\/institucionales\/"},{"@type":"ListItem","position":4,"name":"International Politics and Cooperation","item":"https:\/\/www.cde.ual.es\/en\/category\/eu-news\/institutional\/international-pol-coop\/"},{"@type":"ListItem","position":5,"name":"Value of EU trade deals surpasses \u20ac2 trillion"}]},{"@type":"WebSite","@id":"https:\/\/www.cde.ual.es\/#website","url":"https:\/\/www.cde.ual.es\/","name":"CDE Almer\u00eda - Centro de Documentaci\u00f3n Europea - Universidad de Almer\u00eda","description":"Centro de Documentaci\u00f3n Europea de la Universidad de Almer\u00eda","publisher":{"@id":"https:\/\/www.cde.ual.es\/#organization"},"alternateName":"CDE Almer\u00eda","potentialAction":[{"@type":"SearchAction","target":{"@type":"EntryPoint","urlTemplate":"https:\/\/www.cde.ual.es\/?s={search_term_string}"},"query-input":{"@type":"PropertyValueSpecification","valueRequired":true,"valueName":"search_term_string"}}],"inLanguage":"en-US"},{"@type":"Organization","@id":"https:\/\/www.cde.ual.es\/#organization","name":"Centro de Documentaci\u00f3n Europea de Almer\u00eda","url":"https:\/\/www.cde.ual.es\/","logo":{"@type":"ImageObject","inLanguage":"en-US","@id":"https:\/\/www.cde.ual.es\/#\/schema\/logo\/image\/","url":"https:\/\/www.cde.ual.es\/wp-content\/uploads\/2025\/07\/cde-logo-3.png","contentUrl":"https:\/\/www.cde.ual.es\/wp-content\/uploads\/2025\/07\/cde-logo-3.png","width":1400,"height":300,"caption":"Centro de Documentaci\u00f3n Europea de Almer\u00eda"},"image":{"@id":"https:\/\/www.cde.ual.es\/#\/schema\/logo\/image\/"},"sameAs":["https:\/\/www.facebook.com\/cdeuniversidadalmeria\/","https:\/\/x.com\/cdeualmeria","https:\/\/www.tiktok.com\/@cdealmeria","https:\/\/www.instagram.com\/cdealmeria\/","https:\/\/www.linkedin.com\/in\/cde-almera-812b26a9\/"]},{"@type":"Person","@id":"https:\/\/www.cde.ual.es\/#\/schema\/person\/224ef08c8bcc005f319d2713ce37ee5f","name":"AdminCDE","image":{"@type":"ImageObject","inLanguage":"en-US","@id":"https:\/\/secure.gravatar.com\/avatar\/a72d038d371f995cd13706fac32274b7952a52e8fb0a84b5f80c85426f2a98a8?s=96&d=mm&r=g","url":"https:\/\/secure.gravatar.com\/avatar\/a72d038d371f995cd13706fac32274b7952a52e8fb0a84b5f80c85426f2a98a8?s=96&d=mm&r=g","contentUrl":"https:\/\/secure.gravatar.com\/avatar\/a72d038d371f995cd13706fac32274b7952a52e8fb0a84b5f80c85426f2a98a8?s=96&d=mm&r=g","caption":"AdminCDE"}}]}},"_links":{"self":[{"href":"https:\/\/www.cde.ual.es\/en\/wp-json\/wp\/v2\/posts\/145592","targetHints":{"allow":["GET"]}}],"collection":[{"href":"https:\/\/www.cde.ual.es\/en\/wp-json\/wp\/v2\/posts"}],"about":[{"href":"https:\/\/www.cde.ual.es\/en\/wp-json\/wp\/v2\/types\/post"}],"author":[{"embeddable":true,"href":"https:\/\/www.cde.ual.es\/en\/wp-json\/wp\/v2\/users\/1"}],"replies":[{"embeddable":true,"href":"https:\/\/www.cde.ual.es\/en\/wp-json\/wp\/v2\/comments?post=145592"}],"version-history":[{"count":1,"href":"https:\/\/www.cde.ual.es\/en\/wp-json\/wp\/v2\/posts\/145592\/revisions"}],"predecessor-version":[{"id":145593,"href":"https:\/\/www.cde.ual.es\/en\/wp-json\/wp\/v2\/posts\/145592\/revisions\/145593"}],"wp:featuredmedia":[{"embeddable":true,"href":"https:\/\/www.cde.ual.es\/en\/wp-json\/wp\/v2\/media\/132459"}],"wp:attachment":[{"href":"https:\/\/www.cde.ual.es\/en\/wp-json\/wp\/v2\/media?parent=145592"}],"wp:term":[{"taxonomy":"category","embeddable":true,"href":"https:\/\/www.cde.ual.es\/en\/wp-json\/wp\/v2\/categories?post=145592"},{"taxonomy":"post_tag","embeddable":true,"href":"https:\/\/www.cde.ual.es\/en\/wp-json\/wp\/v2\/tags?post=145592"}],"curies":[{"name":"wp","href":"https:\/\/api.w.org\/{rel}","templated":true}]}}