{"id":145254,"date":"2023-11-17T09:59:01","date_gmt":"2023-11-17T08:59:01","guid":{"rendered":"https:\/\/www.cde.ual.es\/?p=145254"},"modified":"2023-11-17T09:59:01","modified_gmt":"2023-11-17T08:59:01","slug":"commission-refers-spain-to-the-court-of-justice-of-the-eu-for-failure-to-fully-transpose-the-directive-on-reconciliation-of-work-and-family-life","status":"publish","type":"post","link":"https:\/\/www.cde.ual.es\/en\/commission-refers-spain-to-the-court-of-justice-of-the-eu-for-failure-to-fully-transpose-the-directive-on-reconciliation-of-work-and-family-life\/","title":{"rendered":"Commission refers Spain to the Court of Justice of the EU for failure to fully transpose the directive on reconciliation of work and family life"},"content":{"rendered":"<p style=\"text-align: justify;\">\u00a0The European Commission has decided to refer <strong>Belgium<\/strong>,\u00a0<strong>Ireland<\/strong>\u00a0and\u00a0<strong>Spain<\/strong>\u00a0to the Court of Justice of the European Union for failing to notify national measures fully transposing EU rights on Work-Life Balance for parents and carers (<a href=\"https:\/\/eur-lex.europa.eu\/legal-content\/EN\/TXT\/?uri=CELEX%3A32019L1158&amp;qid=1662717880965\">Directive (EU) 2019\/158<\/a>).<\/p>\n<p style=\"text-align: justify;\"><a href=\"https:\/\/www.cde.ual.es\/wp-content\/uploads\/2022\/11\/bandera-espana-europa.png\"><img decoding=\"async\" class=\" wp-image-123158 aligncenter\" src=\"https:\/\/www.cde.ual.es\/wp-content\/uploads\/2022\/11\/bandera-espana-europa.png\" alt=\"bandera espa\u00f1a europa\" width=\"537\" height=\"358\" srcset=\"https:\/\/www.cde.ual.es\/wp-content\/uploads\/2022\/11\/bandera-espana-europa.png 680w, https:\/\/www.cde.ual.es\/wp-content\/uploads\/2022\/11\/bandera-espana-europa-300x200.png 300w\" sizes=\"(max-width: 537px) 100vw, 537px\" \/><\/a><\/p>\n<p style=\"text-align: justify;\">The Work-Life Balance Directive, adopted in 2019, is an important legislation which aims to enable working parents to better reconcile professional and private lives. It sets out minimum standards for paternity, parental and carers&#8217; leave as well as the right to request flexible working arrangements. The new rules are meant to help people develop their careers and family life without having to sacrifice either. The Directive allows working parents and carers to take leaves to care for relatives who need support.<\/p>\n<p style=\"text-align: justify;\">The deadline for transposition of the provisions of the Work-life Balance Directive into national law was 2 August 2022.\u00a0<a name=\"_Hlk150526717\"><\/a>In\u00a0<a href=\"https:\/\/ec.europa.eu\/commission\/presscorner\/detail\/en\/inf_22_5409\">September 2022<\/a>, the Commission sent letters of formal notice to 19 Member States who had not communicated the complete transposition of the Directive. In\u00a0<a href=\"https:\/\/ec.europa.eu\/commission\/presscorner\/detail\/en\/ip_23_2112\">April 2023<\/a>, the Commission sent reasoned opinions to 11 Member States who were yet to notify full national transposition measures. These countries had two months to take the necessary measures to comply with the reasoned opinion.\u00a0<a name=\"_Hlk150768052\"><\/a>Belgium, Ireland and Spain have still not communicated transposition measures. Since the cases concern the failure to communicate transposition measures of a legislative directive, the Commission will ask the Court of Justice of the European Union to impose financial sanctions on those Member States.<\/p>\n<p style=\"text-align: justify;\"><strong>Background<\/strong><\/p>\n<p style=\"text-align: justify;\">The Directive on work-life balance, adopted in 2019, aims to both increase (i) the participation of women in the labour market and (ii) the take-up family-related leave and flexible working arrangements. Overall, women&#8217;s employment rate in the EU is 10.8 percentage points lower that for men. Moreover, only 68% of women with care responsibilities work compared to 81% of men with the same duties. The Directive provides the following rights:<\/p>\n<ul style=\"text-align: justify;\" type=\"disc\">\n<li><strong>Paternity leave:<\/strong>\u00a0Working fathers are entitled to at least 10 working days of paternity leave around the time of birth of the child. Paternity leave must be compensated at least at the level of sick pay;<\/li>\n<li><strong>Parental leave:<\/strong>\u00a0Each parent is entitled to at least four months of parental leave, of which two months is paid and non-transferable. Parents can request to take their leave in a flexible form, either full-time, part-time, or in segments;<\/li>\n<li><strong>Carers&#8217; leave:<\/strong>\u00a0All workers providing personal care or support to a relative or person living in the same household have the right to at least five working days of carers&#8217; leave per year;<\/li>\n<li><strong>Flexible Working Arrangements:<\/strong>\u00a0All working parents with children of up to at least eight years old and all carers have the right to request reduced working hours, flexible working hours, and flexibility in the place of work.<\/li>\n<\/ul>\n<p style=\"text-align: justify;\">The Directive goes hand in hand with the\u00a0<a href=\"https:\/\/ec.europa.eu\/social\/main.jsp?langId=en&amp;catId=89&amp;furtherNews=yes&amp;newsId=10382#navItem-relatedDocuments\">European Care Strategy<\/a> which aims to ensure quality, affordable and accessible care services across the European Union and improve the situation for both care receivers and the people caring for them, professionally or informally.<\/p>\n<p style=\"text-align: justify;\"><strong>SOURCE: <a href=\"https:\/\/ec.europa.eu\/commission\/presscorner\/detail\/en\/ip_23_5372\" target=\"_blank\" rel=\"noopener\">PRESS RELEASE &#8211; EUROPEAN COMMISSION<\/a><\/strong><\/p>\n","protected":false},"excerpt":{"rendered":"<p>\u00a0The European Commission has decided to refer Belgium,\u00a0Ireland\u00a0and\u00a0Spain\u00a0to the Court of Justice of the European Union for failing to notify national measures fully transposing EU rights on Work-Life Balance for parents and carers (Directive (EU) 2019\/158). The Work-Life Balance Directive, adopted in 2019, is an important legislation which aims to enable working parents to better [&hellip;]<\/p>\n","protected":false},"author":101011,"featured_media":115214,"comment_status":"open","ping_status":"open","sticky":false,"template":"","format":"standard","meta":{"_acf_changed":false,"_relevanssi_hide_post":"","_relevanssi_hide_content":"","_relevanssi_pin_for_all":"","_relevanssi_pin_keywords":"","_relevanssi_unpin_keywords":"","_relevanssi_related_keywords":"","_relevanssi_related_include_ids":"","_relevanssi_related_exclude_ids":"","_relevanssi_related_no_append":"","_relevanssi_related_not_related":"","_relevanssi_related_posts":"","_relevanssi_noindex_reason":"","_monsterinsights_skip_tracking":false,"_monsterinsights_sitenote_active":false,"_monsterinsights_sitenote_note":"","_monsterinsights_sitenote_category":0,"_genesis_hide_title":false,"_genesis_hide_breadcrumbs":false,"_genesis_hide_singular_image":false,"_genesis_hide_footer_widgets":false,"_genesis_custom_body_class":"","_genesis_custom_post_class":"","_genesis_layout":"","footnotes":""},"categories":[346,4064,4079,4066],"tags":[8395,5434,12495,2753,1488,10887,10886,12494],"class_list":{"0":"post-145254","1":"post","2":"type-post","3":"status-publish","4":"format-standard","5":"has-post-thumbnail","7":"category-eu-news","8":"category-institutional","9":"category-law","10":"category-state-members","11":"tag-comision-en","12":"tag-court-of-justice-of-the-eu","13":"tag-directiva-en","14":"tag-directive","15":"tag-european-commission","16":"tag-failure-to-fully-transpose","17":"tag-reconciliation-of-work-and-family-life","18":"tag-trasposicion-en","19":"entry"},"acf":[],"yoast_head":"<!-- This site is optimized with the Yoast SEO plugin v27.4 - https:\/\/yoast.com\/product\/yoast-seo-wordpress\/ -->\n<title>Commission refers Spain to the Court of Justice of the EU for failure to fully transpose the directive on reconciliation of work and family life | CDE Almer\u00eda - Centro de Documentaci\u00f3n Europea - Universidad de Almer\u00eda<\/title>\n<meta name=\"robots\" content=\"index, follow, max-snippet:-1, max-image-preview:large, max-video-preview:-1\" \/>\n<link rel=\"canonical\" href=\"https:\/\/www.cde.ual.es\/en\/commission-refers-spain-to-the-court-of-justice-of-the-eu-for-failure-to-fully-transpose-the-directive-on-reconciliation-of-work-and-family-life\/\" \/>\n<meta property=\"og:locale\" content=\"en_US\" \/>\n<meta property=\"og:type\" content=\"article\" \/>\n<meta property=\"og:title\" content=\"Commission refers Spain to the Court of Justice of the EU for failure to fully transpose the directive on reconciliation of work and family life | CDE Almer\u00eda - Centro de Documentaci\u00f3n Europea - Universidad de Almer\u00eda\" \/>\n<meta property=\"og:description\" content=\"\u00a0The European Commission has decided to refer Belgium,\u00a0Ireland\u00a0and\u00a0Spain\u00a0to the Court of Justice of the European Union for failing to notify national measures fully transposing EU rights on Work-Life Balance for parents and carers (Directive (EU) 2019\/158). The Work-Life Balance Directive, adopted in 2019, is an important legislation which aims to enable working parents to better [&hellip;]\" \/>\n<meta property=\"og:url\" content=\"https:\/\/www.cde.ual.es\/en\/commission-refers-spain-to-the-court-of-justice-of-the-eu-for-failure-to-fully-transpose-the-directive-on-reconciliation-of-work-and-family-life\/\" \/>\n<meta property=\"og:site_name\" content=\"CDE Almer\u00eda - Centro de Documentaci\u00f3n Europea - Universidad de Almer\u00eda\" \/>\n<meta property=\"article:publisher\" content=\"https:\/\/www.facebook.com\/cdeuniversidadalmeria\/\" \/>\n<meta property=\"article:published_time\" content=\"2023-11-17T08:59:01+00:00\" \/>\n<meta property=\"og:image\" content=\"https:\/\/www.cde.ual.es\/wp-content\/uploads\/2022\/07\/Espana-Europa-2.jpg\" \/>\n\t<meta property=\"og:image:width\" content=\"679\" \/>\n\t<meta property=\"og:image:height\" content=\"355\" \/>\n\t<meta property=\"og:image:type\" content=\"image\/jpeg\" \/>\n<meta name=\"author\" content=\"BECA 2 CDE\" \/>\n<meta name=\"twitter:card\" content=\"summary_large_image\" \/>\n<meta name=\"twitter:creator\" content=\"@cdeualmeria\" \/>\n<meta name=\"twitter:site\" content=\"@cdeualmeria\" \/>\n<meta name=\"twitter:label1\" content=\"Written by\" \/>\n\t<meta name=\"twitter:data1\" content=\"BECA 2 CDE\" \/>\n\t<meta name=\"twitter:label2\" content=\"Est. reading time\" \/>\n\t<meta name=\"twitter:data2\" content=\"3 minutes\" \/>\n<script type=\"application\/ld+json\" class=\"yoast-schema-graph\">{\"@context\":\"https:\\\/\\\/schema.org\",\"@graph\":[{\"@type\":\"Article\",\"@id\":\"https:\\\/\\\/www.cde.ual.es\\\/en\\\/commission-refers-spain-to-the-court-of-justice-of-the-eu-for-failure-to-fully-transpose-the-directive-on-reconciliation-of-work-and-family-life\\\/#article\",\"isPartOf\":{\"@id\":\"https:\\\/\\\/www.cde.ual.es\\\/en\\\/commission-refers-spain-to-the-court-of-justice-of-the-eu-for-failure-to-fully-transpose-the-directive-on-reconciliation-of-work-and-family-life\\\/\"},\"author\":{\"name\":\"BECA 2 CDE\",\"@id\":\"https:\\\/\\\/www.cde.ual.es\\\/#\\\/schema\\\/person\\\/ee46ebc19edfa19598c02cff83335acc\"},\"headline\":\"Commission refers Spain to the Court of Justice of the EU for failure to fully transpose the directive on reconciliation of work and family life\",\"datePublished\":\"2023-11-17T08:59:01+00:00\",\"mainEntityOfPage\":{\"@id\":\"https:\\\/\\\/www.cde.ual.es\\\/en\\\/commission-refers-spain-to-the-court-of-justice-of-the-eu-for-failure-to-fully-transpose-the-directive-on-reconciliation-of-work-and-family-life\\\/\"},\"wordCount\":522,\"commentCount\":0,\"publisher\":{\"@id\":\"https:\\\/\\\/www.cde.ual.es\\\/#organization\"},\"image\":{\"@id\":\"https:\\\/\\\/www.cde.ual.es\\\/en\\\/commission-refers-spain-to-the-court-of-justice-of-the-eu-for-failure-to-fully-transpose-the-directive-on-reconciliation-of-work-and-family-life\\\/#primaryimage\"},\"thumbnailUrl\":\"https:\\\/\\\/www.cde.ual.es\\\/wp-content\\\/uploads\\\/2022\\\/07\\\/Espana-Europa-2.jpg\",\"keywords\":[\"comisi\u00f3n\",\"Court of Justice of the EU\",\"Directiva\",\"directive\",\"European Commission\",\"failure to fully transpose\",\"reconciliation of work and family life\",\"trasposici\u00f3n\"],\"articleSection\":[\"EU News\",\"Institutional Affairs\",\"Law\",\"State Members\"],\"inLanguage\":\"en-US\",\"potentialAction\":[{\"@type\":\"CommentAction\",\"name\":\"Comment\",\"target\":[\"https:\\\/\\\/www.cde.ual.es\\\/en\\\/commission-refers-spain-to-the-court-of-justice-of-the-eu-for-failure-to-fully-transpose-the-directive-on-reconciliation-of-work-and-family-life\\\/#respond\"]}]},{\"@type\":\"WebPage\",\"@id\":\"https:\\\/\\\/www.cde.ual.es\\\/en\\\/commission-refers-spain-to-the-court-of-justice-of-the-eu-for-failure-to-fully-transpose-the-directive-on-reconciliation-of-work-and-family-life\\\/\",\"url\":\"https:\\\/\\\/www.cde.ual.es\\\/en\\\/commission-refers-spain-to-the-court-of-justice-of-the-eu-for-failure-to-fully-transpose-the-directive-on-reconciliation-of-work-and-family-life\\\/\",\"name\":\"Commission refers Spain to the Court of Justice of the EU for failure to fully transpose the directive on reconciliation of work and family life | CDE Almer\u00eda - Centro de Documentaci\u00f3n Europea - Universidad de Almer\u00eda\",\"isPartOf\":{\"@id\":\"https:\\\/\\\/www.cde.ual.es\\\/#website\"},\"primaryImageOfPage\":{\"@id\":\"https:\\\/\\\/www.cde.ual.es\\\/en\\\/commission-refers-spain-to-the-court-of-justice-of-the-eu-for-failure-to-fully-transpose-the-directive-on-reconciliation-of-work-and-family-life\\\/#primaryimage\"},\"image\":{\"@id\":\"https:\\\/\\\/www.cde.ual.es\\\/en\\\/commission-refers-spain-to-the-court-of-justice-of-the-eu-for-failure-to-fully-transpose-the-directive-on-reconciliation-of-work-and-family-life\\\/#primaryimage\"},\"thumbnailUrl\":\"https:\\\/\\\/www.cde.ual.es\\\/wp-content\\\/uploads\\\/2022\\\/07\\\/Espana-Europa-2.jpg\",\"datePublished\":\"2023-11-17T08:59:01+00:00\",\"breadcrumb\":{\"@id\":\"https:\\\/\\\/www.cde.ual.es\\\/en\\\/commission-refers-spain-to-the-court-of-justice-of-the-eu-for-failure-to-fully-transpose-the-directive-on-reconciliation-of-work-and-family-life\\\/#breadcrumb\"},\"inLanguage\":\"en-US\",\"potentialAction\":[{\"@type\":\"ReadAction\",\"target\":[\"https:\\\/\\\/www.cde.ual.es\\\/en\\\/commission-refers-spain-to-the-court-of-justice-of-the-eu-for-failure-to-fully-transpose-the-directive-on-reconciliation-of-work-and-family-life\\\/\"]}]},{\"@type\":\"ImageObject\",\"inLanguage\":\"en-US\",\"@id\":\"https:\\\/\\\/www.cde.ual.es\\\/en\\\/commission-refers-spain-to-the-court-of-justice-of-the-eu-for-failure-to-fully-transpose-the-directive-on-reconciliation-of-work-and-family-life\\\/#primaryimage\",\"url\":\"https:\\\/\\\/www.cde.ual.es\\\/wp-content\\\/uploads\\\/2022\\\/07\\\/Espana-Europa-2.jpg\",\"contentUrl\":\"https:\\\/\\\/www.cde.ual.es\\\/wp-content\\\/uploads\\\/2022\\\/07\\\/Espana-Europa-2.jpg\",\"width\":679,\"height\":355},{\"@type\":\"BreadcrumbList\",\"@id\":\"https:\\\/\\\/www.cde.ual.es\\\/en\\\/commission-refers-spain-to-the-court-of-justice-of-the-eu-for-failure-to-fully-transpose-the-directive-on-reconciliation-of-work-and-family-life\\\/#breadcrumb\",\"itemListElement\":[{\"@type\":\"ListItem\",\"position\":1,\"name\":\"Inicio\",\"item\":\"https:\\\/\\\/www.cde.ual.es\\\/en\\\/\"},{\"@type\":\"ListItem\",\"position\":2,\"name\":\"EU News\",\"item\":\"https:\\\/\\\/www.cde.ual.es\\\/en\\\/category\\\/eu-news\\\/\"},{\"@type\":\"ListItem\",\"position\":3,\"name\":\"Institutional Affairs\",\"item\":\"https:\\\/\\\/www.cde.ual.es\\\/en\\\/category\\\/eu-news\\\/institutional\\\/\"},{\"@type\":\"ListItem\",\"position\":4,\"name\":\"State Members\",\"item\":\"https:\\\/\\\/www.cde.ual.es\\\/en\\\/category\\\/eu-news\\\/institutional\\\/state-members\\\/\"},{\"@type\":\"ListItem\",\"position\":5,\"name\":\"Commission refers Spain to the Court of Justice of the EU for failure to fully transpose the directive on reconciliation of work and family life\"}]},{\"@type\":\"WebSite\",\"@id\":\"https:\\\/\\\/www.cde.ual.es\\\/#website\",\"url\":\"https:\\\/\\\/www.cde.ual.es\\\/\",\"name\":\"CDE Almer\u00eda - Centro de Documentaci\u00f3n Europea - Universidad de Almer\u00eda\",\"description\":\"Centro de Documentaci\u00f3n Europea de la Universidad de Almer\u00eda\",\"publisher\":{\"@id\":\"https:\\\/\\\/www.cde.ual.es\\\/#organization\"},\"alternateName\":\"CDE Almer\u00eda\",\"potentialAction\":[{\"@type\":\"SearchAction\",\"target\":{\"@type\":\"EntryPoint\",\"urlTemplate\":\"https:\\\/\\\/www.cde.ual.es\\\/?s={search_term_string}\"},\"query-input\":{\"@type\":\"PropertyValueSpecification\",\"valueRequired\":true,\"valueName\":\"search_term_string\"}}],\"inLanguage\":\"en-US\"},{\"@type\":\"Organization\",\"@id\":\"https:\\\/\\\/www.cde.ual.es\\\/#organization\",\"name\":\"Centro de Documentaci\u00f3n Europea de Almer\u00eda\",\"url\":\"https:\\\/\\\/www.cde.ual.es\\\/\",\"logo\":{\"@type\":\"ImageObject\",\"inLanguage\":\"en-US\",\"@id\":\"https:\\\/\\\/www.cde.ual.es\\\/#\\\/schema\\\/logo\\\/image\\\/\",\"url\":\"https:\\\/\\\/www.cde.ual.es\\\/wp-content\\\/uploads\\\/2025\\\/07\\\/cde-logo-3.png\",\"contentUrl\":\"https:\\\/\\\/www.cde.ual.es\\\/wp-content\\\/uploads\\\/2025\\\/07\\\/cde-logo-3.png\",\"width\":1400,\"height\":300,\"caption\":\"Centro de Documentaci\u00f3n Europea de Almer\u00eda\"},\"image\":{\"@id\":\"https:\\\/\\\/www.cde.ual.es\\\/#\\\/schema\\\/logo\\\/image\\\/\"},\"sameAs\":[\"https:\\\/\\\/www.facebook.com\\\/cdeuniversidadalmeria\\\/\",\"https:\\\/\\\/x.com\\\/cdeualmeria\",\"https:\\\/\\\/www.tiktok.com\\\/@cdealmeria\",\"https:\\\/\\\/www.instagram.com\\\/cdealmeria\\\/\",\"https:\\\/\\\/www.linkedin.com\\\/in\\\/cde-almera-812b26a9\\\/\"]},{\"@type\":\"Person\",\"@id\":\"https:\\\/\\\/www.cde.ual.es\\\/#\\\/schema\\\/person\\\/ee46ebc19edfa19598c02cff83335acc\",\"name\":\"BECA 2 CDE\",\"image\":{\"@type\":\"ImageObject\",\"inLanguage\":\"en-US\",\"@id\":\"https:\\\/\\\/secure.gravatar.com\\\/avatar\\\/35a481bbc04bbd90e91bdfa3b0b5541036c222a49b9ad37b6889a2afcb5311a5?s=96&d=mm&r=g\",\"url\":\"https:\\\/\\\/secure.gravatar.com\\\/avatar\\\/35a481bbc04bbd90e91bdfa3b0b5541036c222a49b9ad37b6889a2afcb5311a5?s=96&d=mm&r=g\",\"contentUrl\":\"https:\\\/\\\/secure.gravatar.com\\\/avatar\\\/35a481bbc04bbd90e91bdfa3b0b5541036c222a49b9ad37b6889a2afcb5311a5?s=96&d=mm&r=g\",\"caption\":\"BECA 2 CDE\"},\"sameAs\":[\"http:\\\/\\\/www.cdealmeria.com\"]}]}<\/script>\n<!-- \/ Yoast SEO plugin. -->","yoast_head_json":{"title":"Commission refers Spain to the Court of Justice of the EU for failure to fully transpose the directive on reconciliation of work and family life | CDE Almer\u00eda - Centro de Documentaci\u00f3n Europea - Universidad de Almer\u00eda","robots":{"index":"index","follow":"follow","max-snippet":"max-snippet:-1","max-image-preview":"max-image-preview:large","max-video-preview":"max-video-preview:-1"},"canonical":"https:\/\/www.cde.ual.es\/en\/commission-refers-spain-to-the-court-of-justice-of-the-eu-for-failure-to-fully-transpose-the-directive-on-reconciliation-of-work-and-family-life\/","og_locale":"en_US","og_type":"article","og_title":"Commission refers Spain to the Court of Justice of the EU for failure to fully transpose the directive on reconciliation of work and family life | CDE Almer\u00eda - Centro de Documentaci\u00f3n Europea - Universidad de Almer\u00eda","og_description":"\u00a0The European Commission has decided to refer Belgium,\u00a0Ireland\u00a0and\u00a0Spain\u00a0to the Court of Justice of the European Union for failing to notify national measures fully transposing EU rights on Work-Life Balance for parents and carers (Directive (EU) 2019\/158). The Work-Life Balance Directive, adopted in 2019, is an important legislation which aims to enable working parents to better [&hellip;]","og_url":"https:\/\/www.cde.ual.es\/en\/commission-refers-spain-to-the-court-of-justice-of-the-eu-for-failure-to-fully-transpose-the-directive-on-reconciliation-of-work-and-family-life\/","og_site_name":"CDE Almer\u00eda - Centro de Documentaci\u00f3n Europea - Universidad de Almer\u00eda","article_publisher":"https:\/\/www.facebook.com\/cdeuniversidadalmeria\/","article_published_time":"2023-11-17T08:59:01+00:00","og_image":[{"width":679,"height":355,"url":"https:\/\/www.cde.ual.es\/wp-content\/uploads\/2022\/07\/Espana-Europa-2.jpg","type":"image\/jpeg"}],"author":"BECA 2 CDE","twitter_card":"summary_large_image","twitter_creator":"@cdeualmeria","twitter_site":"@cdeualmeria","twitter_misc":{"Written by":"BECA 2 CDE","Est. reading time":"3 minutes"},"schema":{"@context":"https:\/\/schema.org","@graph":[{"@type":"Article","@id":"https:\/\/www.cde.ual.es\/en\/commission-refers-spain-to-the-court-of-justice-of-the-eu-for-failure-to-fully-transpose-the-directive-on-reconciliation-of-work-and-family-life\/#article","isPartOf":{"@id":"https:\/\/www.cde.ual.es\/en\/commission-refers-spain-to-the-court-of-justice-of-the-eu-for-failure-to-fully-transpose-the-directive-on-reconciliation-of-work-and-family-life\/"},"author":{"name":"BECA 2 CDE","@id":"https:\/\/www.cde.ual.es\/#\/schema\/person\/ee46ebc19edfa19598c02cff83335acc"},"headline":"Commission refers Spain to the Court of Justice of the EU for failure to fully transpose the directive on reconciliation of work and family life","datePublished":"2023-11-17T08:59:01+00:00","mainEntityOfPage":{"@id":"https:\/\/www.cde.ual.es\/en\/commission-refers-spain-to-the-court-of-justice-of-the-eu-for-failure-to-fully-transpose-the-directive-on-reconciliation-of-work-and-family-life\/"},"wordCount":522,"commentCount":0,"publisher":{"@id":"https:\/\/www.cde.ual.es\/#organization"},"image":{"@id":"https:\/\/www.cde.ual.es\/en\/commission-refers-spain-to-the-court-of-justice-of-the-eu-for-failure-to-fully-transpose-the-directive-on-reconciliation-of-work-and-family-life\/#primaryimage"},"thumbnailUrl":"https:\/\/www.cde.ual.es\/wp-content\/uploads\/2022\/07\/Espana-Europa-2.jpg","keywords":["comisi\u00f3n","Court of Justice of the EU","Directiva","directive","European Commission","failure to fully transpose","reconciliation of work and family life","trasposici\u00f3n"],"articleSection":["EU News","Institutional Affairs","Law","State Members"],"inLanguage":"en-US","potentialAction":[{"@type":"CommentAction","name":"Comment","target":["https:\/\/www.cde.ual.es\/en\/commission-refers-spain-to-the-court-of-justice-of-the-eu-for-failure-to-fully-transpose-the-directive-on-reconciliation-of-work-and-family-life\/#respond"]}]},{"@type":"WebPage","@id":"https:\/\/www.cde.ual.es\/en\/commission-refers-spain-to-the-court-of-justice-of-the-eu-for-failure-to-fully-transpose-the-directive-on-reconciliation-of-work-and-family-life\/","url":"https:\/\/www.cde.ual.es\/en\/commission-refers-spain-to-the-court-of-justice-of-the-eu-for-failure-to-fully-transpose-the-directive-on-reconciliation-of-work-and-family-life\/","name":"Commission refers Spain to the Court of Justice of the EU for failure to fully transpose the directive on reconciliation of work and family life | CDE Almer\u00eda - Centro de Documentaci\u00f3n Europea - Universidad de Almer\u00eda","isPartOf":{"@id":"https:\/\/www.cde.ual.es\/#website"},"primaryImageOfPage":{"@id":"https:\/\/www.cde.ual.es\/en\/commission-refers-spain-to-the-court-of-justice-of-the-eu-for-failure-to-fully-transpose-the-directive-on-reconciliation-of-work-and-family-life\/#primaryimage"},"image":{"@id":"https:\/\/www.cde.ual.es\/en\/commission-refers-spain-to-the-court-of-justice-of-the-eu-for-failure-to-fully-transpose-the-directive-on-reconciliation-of-work-and-family-life\/#primaryimage"},"thumbnailUrl":"https:\/\/www.cde.ual.es\/wp-content\/uploads\/2022\/07\/Espana-Europa-2.jpg","datePublished":"2023-11-17T08:59:01+00:00","breadcrumb":{"@id":"https:\/\/www.cde.ual.es\/en\/commission-refers-spain-to-the-court-of-justice-of-the-eu-for-failure-to-fully-transpose-the-directive-on-reconciliation-of-work-and-family-life\/#breadcrumb"},"inLanguage":"en-US","potentialAction":[{"@type":"ReadAction","target":["https:\/\/www.cde.ual.es\/en\/commission-refers-spain-to-the-court-of-justice-of-the-eu-for-failure-to-fully-transpose-the-directive-on-reconciliation-of-work-and-family-life\/"]}]},{"@type":"ImageObject","inLanguage":"en-US","@id":"https:\/\/www.cde.ual.es\/en\/commission-refers-spain-to-the-court-of-justice-of-the-eu-for-failure-to-fully-transpose-the-directive-on-reconciliation-of-work-and-family-life\/#primaryimage","url":"https:\/\/www.cde.ual.es\/wp-content\/uploads\/2022\/07\/Espana-Europa-2.jpg","contentUrl":"https:\/\/www.cde.ual.es\/wp-content\/uploads\/2022\/07\/Espana-Europa-2.jpg","width":679,"height":355},{"@type":"BreadcrumbList","@id":"https:\/\/www.cde.ual.es\/en\/commission-refers-spain-to-the-court-of-justice-of-the-eu-for-failure-to-fully-transpose-the-directive-on-reconciliation-of-work-and-family-life\/#breadcrumb","itemListElement":[{"@type":"ListItem","position":1,"name":"Inicio","item":"https:\/\/www.cde.ual.es\/en\/"},{"@type":"ListItem","position":2,"name":"EU News","item":"https:\/\/www.cde.ual.es\/en\/category\/eu-news\/"},{"@type":"ListItem","position":3,"name":"Institutional Affairs","item":"https:\/\/www.cde.ual.es\/en\/category\/eu-news\/institutional\/"},{"@type":"ListItem","position":4,"name":"State Members","item":"https:\/\/www.cde.ual.es\/en\/category\/eu-news\/institutional\/state-members\/"},{"@type":"ListItem","position":5,"name":"Commission refers Spain to the Court of Justice of the EU for failure to fully transpose the directive on reconciliation of work and family life"}]},{"@type":"WebSite","@id":"https:\/\/www.cde.ual.es\/#website","url":"https:\/\/www.cde.ual.es\/","name":"CDE Almer\u00eda - Centro de Documentaci\u00f3n Europea - Universidad de Almer\u00eda","description":"Centro de Documentaci\u00f3n Europea de la Universidad de Almer\u00eda","publisher":{"@id":"https:\/\/www.cde.ual.es\/#organization"},"alternateName":"CDE Almer\u00eda","potentialAction":[{"@type":"SearchAction","target":{"@type":"EntryPoint","urlTemplate":"https:\/\/www.cde.ual.es\/?s={search_term_string}"},"query-input":{"@type":"PropertyValueSpecification","valueRequired":true,"valueName":"search_term_string"}}],"inLanguage":"en-US"},{"@type":"Organization","@id":"https:\/\/www.cde.ual.es\/#organization","name":"Centro de Documentaci\u00f3n Europea de Almer\u00eda","url":"https:\/\/www.cde.ual.es\/","logo":{"@type":"ImageObject","inLanguage":"en-US","@id":"https:\/\/www.cde.ual.es\/#\/schema\/logo\/image\/","url":"https:\/\/www.cde.ual.es\/wp-content\/uploads\/2025\/07\/cde-logo-3.png","contentUrl":"https:\/\/www.cde.ual.es\/wp-content\/uploads\/2025\/07\/cde-logo-3.png","width":1400,"height":300,"caption":"Centro de Documentaci\u00f3n Europea de Almer\u00eda"},"image":{"@id":"https:\/\/www.cde.ual.es\/#\/schema\/logo\/image\/"},"sameAs":["https:\/\/www.facebook.com\/cdeuniversidadalmeria\/","https:\/\/x.com\/cdeualmeria","https:\/\/www.tiktok.com\/@cdealmeria","https:\/\/www.instagram.com\/cdealmeria\/","https:\/\/www.linkedin.com\/in\/cde-almera-812b26a9\/"]},{"@type":"Person","@id":"https:\/\/www.cde.ual.es\/#\/schema\/person\/ee46ebc19edfa19598c02cff83335acc","name":"BECA 2 CDE","image":{"@type":"ImageObject","inLanguage":"en-US","@id":"https:\/\/secure.gravatar.com\/avatar\/35a481bbc04bbd90e91bdfa3b0b5541036c222a49b9ad37b6889a2afcb5311a5?s=96&d=mm&r=g","url":"https:\/\/secure.gravatar.com\/avatar\/35a481bbc04bbd90e91bdfa3b0b5541036c222a49b9ad37b6889a2afcb5311a5?s=96&d=mm&r=g","contentUrl":"https:\/\/secure.gravatar.com\/avatar\/35a481bbc04bbd90e91bdfa3b0b5541036c222a49b9ad37b6889a2afcb5311a5?s=96&d=mm&r=g","caption":"BECA 2 CDE"},"sameAs":["http:\/\/www.cdealmeria.com"]}]}},"_links":{"self":[{"href":"https:\/\/www.cde.ual.es\/en\/wp-json\/wp\/v2\/posts\/145254","targetHints":{"allow":["GET"]}}],"collection":[{"href":"https:\/\/www.cde.ual.es\/en\/wp-json\/wp\/v2\/posts"}],"about":[{"href":"https:\/\/www.cde.ual.es\/en\/wp-json\/wp\/v2\/types\/post"}],"author":[{"embeddable":true,"href":"https:\/\/www.cde.ual.es\/en\/wp-json\/wp\/v2\/users\/101011"}],"replies":[{"embeddable":true,"href":"https:\/\/www.cde.ual.es\/en\/wp-json\/wp\/v2\/comments?post=145254"}],"version-history":[{"count":1,"href":"https:\/\/www.cde.ual.es\/en\/wp-json\/wp\/v2\/posts\/145254\/revisions"}],"predecessor-version":[{"id":145255,"href":"https:\/\/www.cde.ual.es\/en\/wp-json\/wp\/v2\/posts\/145254\/revisions\/145255"}],"wp:featuredmedia":[{"embeddable":true,"href":"https:\/\/www.cde.ual.es\/en\/wp-json\/wp\/v2\/media\/115214"}],"wp:attachment":[{"href":"https:\/\/www.cde.ual.es\/en\/wp-json\/wp\/v2\/media?parent=145254"}],"wp:term":[{"taxonomy":"category","embeddable":true,"href":"https:\/\/www.cde.ual.es\/en\/wp-json\/wp\/v2\/categories?post=145254"},{"taxonomy":"post_tag","embeddable":true,"href":"https:\/\/www.cde.ual.es\/en\/wp-json\/wp\/v2\/tags?post=145254"}],"curies":[{"name":"wp","href":"https:\/\/api.w.org\/{rel}","templated":true}]}}