{"id":145207,"date":"2023-11-16T12:55:12","date_gmt":"2023-11-16T11:55:12","guid":{"rendered":"https:\/\/www.cde.ual.es\/?p=145207"},"modified":"2023-11-16T12:55:12","modified_gmt":"2023-11-16T11:55:12","slug":"council-greenlights-uk-participation-in-horizon-europe-and-copernicus","status":"publish","type":"post","link":"https:\/\/www.cde.ual.es\/en\/council-greenlights-uk-participation-in-horizon-europe-and-copernicus\/","title":{"rendered":"Council greenlights UK participation in Horizon Europe and Copernicus"},"content":{"rendered":"<p style=\"text-align: justify;\"><strong>The Council gave its green light to UK participation in the EU\u2019s Horizon Europe and Copernicus programmes, approving the agreement in principle reached between the Commission and the UK government on 7 September 2023.<\/strong><\/p>\n<p style=\"text-align: justify;\"><a href=\"https:\/\/www.cde.ual.es\/wp-content\/uploads\/2023\/03\/reinounido-UE.jpg\"><img decoding=\"async\" class=\"aligncenter size-full wp-image-131146\" src=\"https:\/\/www.cde.ual.es\/wp-content\/uploads\/2023\/03\/reinounido-UE.jpg\" alt=\"bandera reino unido UE\" width=\"680\" height=\"680\" srcset=\"https:\/\/www.cde.ual.es\/wp-content\/uploads\/2023\/03\/reinounido-UE.jpg 680w, https:\/\/www.cde.ual.es\/wp-content\/uploads\/2023\/03\/reinounido-UE-300x300.jpg 300w, https:\/\/www.cde.ual.es\/wp-content\/uploads\/2023\/03\/reinounido-UE-150x150.jpg 150w, https:\/\/www.cde.ual.es\/wp-content\/uploads\/2023\/03\/reinounido-UE-120x120.jpg 120w\" sizes=\"(max-width: 680px) 100vw, 680px\" \/><\/a><\/p>\n<p style=\"text-align: justify;\">According to the agreement in principle, as of 1 January 2024, researchers and organisations in the UK will be able to participate in the EU\u2019s research and innovation programme Horizon Europe on equal terms with their counterparts in the EU member states.<\/p>\n<p style=\"text-align: justify;\">The UK will also participate in the EU&#8217;s earth observation programme Copernicus and have access to the EU\u2019s space surveillance and tracking services.<\/p>\n<p style=\"text-align: justify;\">The UK\u2019s participation will be subject to all the safeguards of the EU-UK Trade and Cooperation Agreement, including the payment of a participation fee into the EU budget.<strong>\u00a0<\/strong><\/p>\n<p style=\"text-align: justify;\">The Council and the Commission also made a joint statement on today\u2019s Council decision.<\/p>\n<table style=\"width: 99.9988%; border-collapse: collapse; border-style: double; border-color: #001f7d;\" cellpadding=\"0,5\">\n<tbody>\n<tr>\n<td style=\"width: 100%;\"><a href=\"https:\/\/www.cde.ual.es\/en\/commission-and-uk-reach-political-agreement-on-uk-participation-in-horizon-europe-and-copernicus\/\" target=\"_blank\" rel=\"noopener\"><img decoding=\"async\" class=\"alignleft\" src=\"https:\/\/www.cde.ual.es\/wp-content\/uploads\/2023\/03\/reinounido-UE.jpg\" alt=\"\" width=\"201\" height=\"134\" \/><\/a><\/p>\n<h4 class=\"entry-title\"><a href=\"https:\/\/www.cde.ual.es\/en\/commission-and-uk-reach-political-agreement-on-uk-participation-in-horizon-europe-and-copernicus\/\" target=\"_blank\" rel=\"noopener\">Commission and UK reach political agreement on UK participation in Horizon Europe and Copernicus<\/a><\/h4>\n<\/td>\n<\/tr>\n<\/tbody>\n<\/table>\n<p style=\"text-align: justify;\"><strong>Next steps<\/strong><\/p>\n<p style=\"text-align: justify;\">This Council decision will enable the EU to formalise the agreement in principle reached with the UK by adopting a decision within the EU-UK Specialised Committee on Participation in Union programmes.<\/p>\n<p style=\"text-align: justify;\">The committee, set up under the Trade and Cooperation Agreement, is expected to adopt the decision before the end of the year.<\/p>\n<p style=\"text-align: justify;\"><strong>Background<\/strong><\/p>\n<p style=\"text-align: justify;\">The UK\u2019s participation in EU programmes is governed by the EU-UK Trade and Cooperation Agreement, which entered into force on 1 May 2021.<\/p>\n<p style=\"text-align: justify;\">The agreement on the Windsor Framework, concerning a new joint way forward on the Protocol on Ireland\/Northern Ireland, has allowed the EU and the UK to turn the page in their relations and deepen their relationship in areas of shared interest.<\/p>\n<p style=\"text-align: justify;\"><strong>More information: <a href=\"https:\/\/www.consilium.europa.eu\/es\/press\/press-releases\/2023\/11\/15\/eu-uk-relations-council-gives-the-go-ahead-to-uk-participation-in-the-horizon-europe-and-copernicus-programmes\/\">Council of the EU<\/a><\/strong><\/p>\n","protected":false},"excerpt":{"rendered":"<p>The Council gave its green light to UK participation in the EU\u2019s Horizon Europe and Copernicus programmes, approving the agreement in principle reached between the Commission and the UK government on 7 September 2023. According to the agreement in principle, as of 1 January 2024, researchers and organisations in the UK will be able to [&hellip;]<\/p>\n","protected":false},"author":1,"featured_media":131145,"comment_status":"open","ping_status":"open","sticky":false,"template":"","format":"standard","meta":{"_acf_changed":false,"_relevanssi_hide_post":"","_relevanssi_hide_content":"","_relevanssi_pin_for_all":"","_relevanssi_pin_keywords":"","_relevanssi_unpin_keywords":"","_relevanssi_related_keywords":"","_relevanssi_related_include_ids":"","_relevanssi_related_exclude_ids":"","_relevanssi_related_no_append":"","_relevanssi_related_not_related":"","_relevanssi_related_posts":"","_relevanssi_noindex_reason":"","_monsterinsights_skip_tracking":false,"_monsterinsights_sitenote_active":false,"_monsterinsights_sitenote_note":"","_monsterinsights_sitenote_category":0,"_genesis_hide_title":false,"_genesis_hide_breadcrumbs":false,"_genesis_hide_singular_image":false,"_genesis_hide_footer_widgets":false,"_genesis_custom_body_class":"","_genesis_custom_post_class":"","_genesis_layout":"","footnotes":""},"categories":[346,4064,4065],"tags":[4477,368,627,1580],"class_list":{"0":"post-145207","1":"post","2":"type-post","3":"status-publish","4":"format-standard","5":"has-post-thumbnail","7":"category-eu-news","8":"category-institutional","9":"category-international-pol-coop","10":"tag-copernicus","11":"tag-european-union","12":"tag-horizon-europe","13":"tag-united-kingdom","14":"entry"},"acf":[],"yoast_head":"<!-- This site is optimized with the Yoast SEO plugin v27.5 - https:\/\/yoast.com\/product\/yoast-seo-wordpress\/ -->\n<title>Council greenlights UK participation in Horizon Europe and Copernicus | CDE Almer\u00eda - Centro de Documentaci\u00f3n Europea - Universidad de Almer\u00eda<\/title>\n<meta name=\"robots\" content=\"index, follow, max-snippet:-1, max-image-preview:large, max-video-preview:-1\" \/>\n<link rel=\"canonical\" href=\"https:\/\/www.cde.ual.es\/en\/council-greenlights-uk-participation-in-horizon-europe-and-copernicus\/\" \/>\n<meta property=\"og:locale\" content=\"en_US\" \/>\n<meta property=\"og:type\" content=\"article\" \/>\n<meta property=\"og:title\" content=\"Council greenlights UK participation in Horizon Europe and Copernicus | CDE Almer\u00eda - Centro de Documentaci\u00f3n Europea - Universidad de Almer\u00eda\" \/>\n<meta property=\"og:description\" content=\"The Council gave its green light to UK participation in the EU\u2019s Horizon Europe and Copernicus programmes, approving the agreement in principle reached between the Commission and the UK government on 7 September 2023. According to the agreement in principle, as of 1 January 2024, researchers and organisations in the UK will be able to [&hellip;]\" \/>\n<meta property=\"og:url\" content=\"https:\/\/www.cde.ual.es\/en\/council-greenlights-uk-participation-in-horizon-europe-and-copernicus\/\" \/>\n<meta property=\"og:site_name\" content=\"CDE Almer\u00eda - Centro de Documentaci\u00f3n Europea - Universidad de Almer\u00eda\" \/>\n<meta property=\"article:publisher\" content=\"https:\/\/www.facebook.com\/cdeuniversidadalmeria\/\" \/>\n<meta property=\"article:published_time\" content=\"2023-11-16T11:55:12+00:00\" \/>\n<meta property=\"og:image\" content=\"https:\/\/www.cde.ual.es\/wp-content\/uploads\/2023\/03\/reinounido-UE.jpg\" \/>\n\t<meta property=\"og:image:width\" content=\"680\" \/>\n\t<meta property=\"og:image:height\" content=\"680\" \/>\n\t<meta property=\"og:image:type\" content=\"image\/jpeg\" \/>\n<meta name=\"author\" content=\"AdminCDE\" \/>\n<meta name=\"twitter:card\" content=\"summary_large_image\" \/>\n<meta name=\"twitter:creator\" content=\"@cdeualmeria\" \/>\n<meta name=\"twitter:site\" content=\"@cdeualmeria\" \/>\n<meta name=\"twitter:label1\" content=\"Written by\" \/>\n\t<meta name=\"twitter:data1\" content=\"AdminCDE\" \/>\n\t<meta name=\"twitter:label2\" content=\"Est. reading time\" \/>\n\t<meta name=\"twitter:data2\" content=\"2 minutes\" \/>\n<script type=\"application\/ld+json\" class=\"yoast-schema-graph\">{\"@context\":\"https:\\\/\\\/schema.org\",\"@graph\":[{\"@type\":\"Article\",\"@id\":\"https:\\\/\\\/www.cde.ual.es\\\/en\\\/council-greenlights-uk-participation-in-horizon-europe-and-copernicus\\\/#article\",\"isPartOf\":{\"@id\":\"https:\\\/\\\/www.cde.ual.es\\\/en\\\/council-greenlights-uk-participation-in-horizon-europe-and-copernicus\\\/\"},\"author\":{\"name\":\"AdminCDE\",\"@id\":\"https:\\\/\\\/www.cde.ual.es\\\/#\\\/schema\\\/person\\\/224ef08c8bcc005f319d2713ce37ee5f\"},\"headline\":\"Council greenlights UK participation in Horizon Europe and Copernicus\",\"datePublished\":\"2023-11-16T11:55:12+00:00\",\"mainEntityOfPage\":{\"@id\":\"https:\\\/\\\/www.cde.ual.es\\\/en\\\/council-greenlights-uk-participation-in-horizon-europe-and-copernicus\\\/\"},\"wordCount\":292,\"commentCount\":0,\"publisher\":{\"@id\":\"https:\\\/\\\/www.cde.ual.es\\\/#organization\"},\"image\":{\"@id\":\"https:\\\/\\\/www.cde.ual.es\\\/en\\\/council-greenlights-uk-participation-in-horizon-europe-and-copernicus\\\/#primaryimage\"},\"thumbnailUrl\":\"https:\\\/\\\/www.cde.ual.es\\\/wp-content\\\/uploads\\\/2023\\\/03\\\/reinounido-UE.jpg\",\"keywords\":[\"copernicus\",\"European Union\",\"Horizon Europe\",\"United Kingdom\"],\"articleSection\":[\"EU News\",\"Institutional Affairs\",\"International Politics and Cooperation\"],\"inLanguage\":\"en-US\",\"potentialAction\":[{\"@type\":\"CommentAction\",\"name\":\"Comment\",\"target\":[\"https:\\\/\\\/www.cde.ual.es\\\/en\\\/council-greenlights-uk-participation-in-horizon-europe-and-copernicus\\\/#respond\"]}]},{\"@type\":\"WebPage\",\"@id\":\"https:\\\/\\\/www.cde.ual.es\\\/en\\\/council-greenlights-uk-participation-in-horizon-europe-and-copernicus\\\/\",\"url\":\"https:\\\/\\\/www.cde.ual.es\\\/en\\\/council-greenlights-uk-participation-in-horizon-europe-and-copernicus\\\/\",\"name\":\"Council greenlights UK participation in Horizon Europe and Copernicus | CDE Almer\u00eda - Centro de Documentaci\u00f3n Europea - Universidad de Almer\u00eda\",\"isPartOf\":{\"@id\":\"https:\\\/\\\/www.cde.ual.es\\\/#website\"},\"primaryImageOfPage\":{\"@id\":\"https:\\\/\\\/www.cde.ual.es\\\/en\\\/council-greenlights-uk-participation-in-horizon-europe-and-copernicus\\\/#primaryimage\"},\"image\":{\"@id\":\"https:\\\/\\\/www.cde.ual.es\\\/en\\\/council-greenlights-uk-participation-in-horizon-europe-and-copernicus\\\/#primaryimage\"},\"thumbnailUrl\":\"https:\\\/\\\/www.cde.ual.es\\\/wp-content\\\/uploads\\\/2023\\\/03\\\/reinounido-UE.jpg\",\"datePublished\":\"2023-11-16T11:55:12+00:00\",\"breadcrumb\":{\"@id\":\"https:\\\/\\\/www.cde.ual.es\\\/en\\\/council-greenlights-uk-participation-in-horizon-europe-and-copernicus\\\/#breadcrumb\"},\"inLanguage\":\"en-US\",\"potentialAction\":[{\"@type\":\"ReadAction\",\"target\":[\"https:\\\/\\\/www.cde.ual.es\\\/en\\\/council-greenlights-uk-participation-in-horizon-europe-and-copernicus\\\/\"]}]},{\"@type\":\"ImageObject\",\"inLanguage\":\"en-US\",\"@id\":\"https:\\\/\\\/www.cde.ual.es\\\/en\\\/council-greenlights-uk-participation-in-horizon-europe-and-copernicus\\\/#primaryimage\",\"url\":\"https:\\\/\\\/www.cde.ual.es\\\/wp-content\\\/uploads\\\/2023\\\/03\\\/reinounido-UE.jpg\",\"contentUrl\":\"https:\\\/\\\/www.cde.ual.es\\\/wp-content\\\/uploads\\\/2023\\\/03\\\/reinounido-UE.jpg\",\"width\":680,\"height\":680,\"caption\":\"bandera reino unido UE\"},{\"@type\":\"BreadcrumbList\",\"@id\":\"https:\\\/\\\/www.cde.ual.es\\\/en\\\/council-greenlights-uk-participation-in-horizon-europe-and-copernicus\\\/#breadcrumb\",\"itemListElement\":[{\"@type\":\"ListItem\",\"position\":1,\"name\":\"Inicio\",\"item\":\"https:\\\/\\\/www.cde.ual.es\\\/en\\\/\"},{\"@type\":\"ListItem\",\"position\":2,\"name\":\"EU News\",\"item\":\"https:\\\/\\\/www.cde.ual.es\\\/en\\\/category\\\/eu-news\\\/\"},{\"@type\":\"ListItem\",\"position\":3,\"name\":\"Institutional Affairs\",\"item\":\"https:\\\/\\\/www.cde.ual.es\\\/en\\\/category\\\/eu-news\\\/institutional\\\/\"},{\"@type\":\"ListItem\",\"position\":4,\"name\":\"International Politics and Cooperation\",\"item\":\"https:\\\/\\\/www.cde.ual.es\\\/en\\\/category\\\/eu-news\\\/institutional\\\/international-pol-coop\\\/\"},{\"@type\":\"ListItem\",\"position\":5,\"name\":\"Council greenlights UK participation in Horizon Europe and Copernicus\"}]},{\"@type\":\"WebSite\",\"@id\":\"https:\\\/\\\/www.cde.ual.es\\\/#website\",\"url\":\"https:\\\/\\\/www.cde.ual.es\\\/\",\"name\":\"CDE Almer\u00eda - Centro de Documentaci\u00f3n Europea - Universidad de Almer\u00eda\",\"description\":\"Centro de Documentaci\u00f3n Europea de la Universidad de Almer\u00eda\",\"publisher\":{\"@id\":\"https:\\\/\\\/www.cde.ual.es\\\/#organization\"},\"alternateName\":\"CDE Almer\u00eda\",\"potentialAction\":[{\"@type\":\"SearchAction\",\"target\":{\"@type\":\"EntryPoint\",\"urlTemplate\":\"https:\\\/\\\/www.cde.ual.es\\\/?s={search_term_string}\"},\"query-input\":{\"@type\":\"PropertyValueSpecification\",\"valueRequired\":true,\"valueName\":\"search_term_string\"}}],\"inLanguage\":\"en-US\"},{\"@type\":\"Organization\",\"@id\":\"https:\\\/\\\/www.cde.ual.es\\\/#organization\",\"name\":\"Centro de Documentaci\u00f3n Europea de Almer\u00eda\",\"url\":\"https:\\\/\\\/www.cde.ual.es\\\/\",\"logo\":{\"@type\":\"ImageObject\",\"inLanguage\":\"en-US\",\"@id\":\"https:\\\/\\\/www.cde.ual.es\\\/#\\\/schema\\\/logo\\\/image\\\/\",\"url\":\"https:\\\/\\\/www.cde.ual.es\\\/wp-content\\\/uploads\\\/2025\\\/07\\\/cde-logo-3.png\",\"contentUrl\":\"https:\\\/\\\/www.cde.ual.es\\\/wp-content\\\/uploads\\\/2025\\\/07\\\/cde-logo-3.png\",\"width\":1400,\"height\":300,\"caption\":\"Centro de Documentaci\u00f3n Europea de Almer\u00eda\"},\"image\":{\"@id\":\"https:\\\/\\\/www.cde.ual.es\\\/#\\\/schema\\\/logo\\\/image\\\/\"},\"sameAs\":[\"https:\\\/\\\/www.facebook.com\\\/cdeuniversidadalmeria\\\/\",\"https:\\\/\\\/x.com\\\/cdeualmeria\",\"https:\\\/\\\/www.tiktok.com\\\/@cdealmeria\",\"https:\\\/\\\/www.instagram.com\\\/cdealmeria\\\/\",\"https:\\\/\\\/www.linkedin.com\\\/in\\\/cde-almera-812b26a9\\\/\"]},{\"@type\":\"Person\",\"@id\":\"https:\\\/\\\/www.cde.ual.es\\\/#\\\/schema\\\/person\\\/224ef08c8bcc005f319d2713ce37ee5f\",\"name\":\"AdminCDE\",\"image\":{\"@type\":\"ImageObject\",\"inLanguage\":\"en-US\",\"@id\":\"https:\\\/\\\/secure.gravatar.com\\\/avatar\\\/a72d038d371f995cd13706fac32274b7952a52e8fb0a84b5f80c85426f2a98a8?s=96&d=mm&r=g\",\"url\":\"https:\\\/\\\/secure.gravatar.com\\\/avatar\\\/a72d038d371f995cd13706fac32274b7952a52e8fb0a84b5f80c85426f2a98a8?s=96&d=mm&r=g\",\"contentUrl\":\"https:\\\/\\\/secure.gravatar.com\\\/avatar\\\/a72d038d371f995cd13706fac32274b7952a52e8fb0a84b5f80c85426f2a98a8?s=96&d=mm&r=g\",\"caption\":\"AdminCDE\"}}]}<\/script>\n<!-- \/ Yoast SEO plugin. -->","yoast_head_json":{"title":"Council greenlights UK participation in Horizon Europe and Copernicus | CDE Almer\u00eda - Centro de Documentaci\u00f3n Europea - Universidad de Almer\u00eda","robots":{"index":"index","follow":"follow","max-snippet":"max-snippet:-1","max-image-preview":"max-image-preview:large","max-video-preview":"max-video-preview:-1"},"canonical":"https:\/\/www.cde.ual.es\/en\/council-greenlights-uk-participation-in-horizon-europe-and-copernicus\/","og_locale":"en_US","og_type":"article","og_title":"Council greenlights UK participation in Horizon Europe and Copernicus | CDE Almer\u00eda - Centro de Documentaci\u00f3n Europea - Universidad de Almer\u00eda","og_description":"The Council gave its green light to UK participation in the EU\u2019s Horizon Europe and Copernicus programmes, approving the agreement in principle reached between the Commission and the UK government on 7 September 2023. According to the agreement in principle, as of 1 January 2024, researchers and organisations in the UK will be able to [&hellip;]","og_url":"https:\/\/www.cde.ual.es\/en\/council-greenlights-uk-participation-in-horizon-europe-and-copernicus\/","og_site_name":"CDE Almer\u00eda - Centro de Documentaci\u00f3n Europea - Universidad de Almer\u00eda","article_publisher":"https:\/\/www.facebook.com\/cdeuniversidadalmeria\/","article_published_time":"2023-11-16T11:55:12+00:00","og_image":[{"width":680,"height":680,"url":"https:\/\/www.cde.ual.es\/wp-content\/uploads\/2023\/03\/reinounido-UE.jpg","type":"image\/jpeg"}],"author":"AdminCDE","twitter_card":"summary_large_image","twitter_creator":"@cdeualmeria","twitter_site":"@cdeualmeria","twitter_misc":{"Written by":"AdminCDE","Est. reading time":"2 minutes"},"schema":{"@context":"https:\/\/schema.org","@graph":[{"@type":"Article","@id":"https:\/\/www.cde.ual.es\/en\/council-greenlights-uk-participation-in-horizon-europe-and-copernicus\/#article","isPartOf":{"@id":"https:\/\/www.cde.ual.es\/en\/council-greenlights-uk-participation-in-horizon-europe-and-copernicus\/"},"author":{"name":"AdminCDE","@id":"https:\/\/www.cde.ual.es\/#\/schema\/person\/224ef08c8bcc005f319d2713ce37ee5f"},"headline":"Council greenlights UK participation in Horizon Europe and Copernicus","datePublished":"2023-11-16T11:55:12+00:00","mainEntityOfPage":{"@id":"https:\/\/www.cde.ual.es\/en\/council-greenlights-uk-participation-in-horizon-europe-and-copernicus\/"},"wordCount":292,"commentCount":0,"publisher":{"@id":"https:\/\/www.cde.ual.es\/#organization"},"image":{"@id":"https:\/\/www.cde.ual.es\/en\/council-greenlights-uk-participation-in-horizon-europe-and-copernicus\/#primaryimage"},"thumbnailUrl":"https:\/\/www.cde.ual.es\/wp-content\/uploads\/2023\/03\/reinounido-UE.jpg","keywords":["copernicus","European Union","Horizon Europe","United Kingdom"],"articleSection":["EU News","Institutional Affairs","International Politics and Cooperation"],"inLanguage":"en-US","potentialAction":[{"@type":"CommentAction","name":"Comment","target":["https:\/\/www.cde.ual.es\/en\/council-greenlights-uk-participation-in-horizon-europe-and-copernicus\/#respond"]}]},{"@type":"WebPage","@id":"https:\/\/www.cde.ual.es\/en\/council-greenlights-uk-participation-in-horizon-europe-and-copernicus\/","url":"https:\/\/www.cde.ual.es\/en\/council-greenlights-uk-participation-in-horizon-europe-and-copernicus\/","name":"Council greenlights UK participation in Horizon Europe and Copernicus | CDE Almer\u00eda - Centro de Documentaci\u00f3n Europea - Universidad de Almer\u00eda","isPartOf":{"@id":"https:\/\/www.cde.ual.es\/#website"},"primaryImageOfPage":{"@id":"https:\/\/www.cde.ual.es\/en\/council-greenlights-uk-participation-in-horizon-europe-and-copernicus\/#primaryimage"},"image":{"@id":"https:\/\/www.cde.ual.es\/en\/council-greenlights-uk-participation-in-horizon-europe-and-copernicus\/#primaryimage"},"thumbnailUrl":"https:\/\/www.cde.ual.es\/wp-content\/uploads\/2023\/03\/reinounido-UE.jpg","datePublished":"2023-11-16T11:55:12+00:00","breadcrumb":{"@id":"https:\/\/www.cde.ual.es\/en\/council-greenlights-uk-participation-in-horizon-europe-and-copernicus\/#breadcrumb"},"inLanguage":"en-US","potentialAction":[{"@type":"ReadAction","target":["https:\/\/www.cde.ual.es\/en\/council-greenlights-uk-participation-in-horizon-europe-and-copernicus\/"]}]},{"@type":"ImageObject","inLanguage":"en-US","@id":"https:\/\/www.cde.ual.es\/en\/council-greenlights-uk-participation-in-horizon-europe-and-copernicus\/#primaryimage","url":"https:\/\/www.cde.ual.es\/wp-content\/uploads\/2023\/03\/reinounido-UE.jpg","contentUrl":"https:\/\/www.cde.ual.es\/wp-content\/uploads\/2023\/03\/reinounido-UE.jpg","width":680,"height":680,"caption":"bandera reino unido UE"},{"@type":"BreadcrumbList","@id":"https:\/\/www.cde.ual.es\/en\/council-greenlights-uk-participation-in-horizon-europe-and-copernicus\/#breadcrumb","itemListElement":[{"@type":"ListItem","position":1,"name":"Inicio","item":"https:\/\/www.cde.ual.es\/en\/"},{"@type":"ListItem","position":2,"name":"EU News","item":"https:\/\/www.cde.ual.es\/en\/category\/eu-news\/"},{"@type":"ListItem","position":3,"name":"Institutional Affairs","item":"https:\/\/www.cde.ual.es\/en\/category\/eu-news\/institutional\/"},{"@type":"ListItem","position":4,"name":"International Politics and Cooperation","item":"https:\/\/www.cde.ual.es\/en\/category\/eu-news\/institutional\/international-pol-coop\/"},{"@type":"ListItem","position":5,"name":"Council greenlights UK participation in Horizon Europe and Copernicus"}]},{"@type":"WebSite","@id":"https:\/\/www.cde.ual.es\/#website","url":"https:\/\/www.cde.ual.es\/","name":"CDE Almer\u00eda - Centro de Documentaci\u00f3n Europea - Universidad de Almer\u00eda","description":"Centro de Documentaci\u00f3n Europea de la Universidad de Almer\u00eda","publisher":{"@id":"https:\/\/www.cde.ual.es\/#organization"},"alternateName":"CDE Almer\u00eda","potentialAction":[{"@type":"SearchAction","target":{"@type":"EntryPoint","urlTemplate":"https:\/\/www.cde.ual.es\/?s={search_term_string}"},"query-input":{"@type":"PropertyValueSpecification","valueRequired":true,"valueName":"search_term_string"}}],"inLanguage":"en-US"},{"@type":"Organization","@id":"https:\/\/www.cde.ual.es\/#organization","name":"Centro de Documentaci\u00f3n Europea de Almer\u00eda","url":"https:\/\/www.cde.ual.es\/","logo":{"@type":"ImageObject","inLanguage":"en-US","@id":"https:\/\/www.cde.ual.es\/#\/schema\/logo\/image\/","url":"https:\/\/www.cde.ual.es\/wp-content\/uploads\/2025\/07\/cde-logo-3.png","contentUrl":"https:\/\/www.cde.ual.es\/wp-content\/uploads\/2025\/07\/cde-logo-3.png","width":1400,"height":300,"caption":"Centro de Documentaci\u00f3n Europea de Almer\u00eda"},"image":{"@id":"https:\/\/www.cde.ual.es\/#\/schema\/logo\/image\/"},"sameAs":["https:\/\/www.facebook.com\/cdeuniversidadalmeria\/","https:\/\/x.com\/cdeualmeria","https:\/\/www.tiktok.com\/@cdealmeria","https:\/\/www.instagram.com\/cdealmeria\/","https:\/\/www.linkedin.com\/in\/cde-almera-812b26a9\/"]},{"@type":"Person","@id":"https:\/\/www.cde.ual.es\/#\/schema\/person\/224ef08c8bcc005f319d2713ce37ee5f","name":"AdminCDE","image":{"@type":"ImageObject","inLanguage":"en-US","@id":"https:\/\/secure.gravatar.com\/avatar\/a72d038d371f995cd13706fac32274b7952a52e8fb0a84b5f80c85426f2a98a8?s=96&d=mm&r=g","url":"https:\/\/secure.gravatar.com\/avatar\/a72d038d371f995cd13706fac32274b7952a52e8fb0a84b5f80c85426f2a98a8?s=96&d=mm&r=g","contentUrl":"https:\/\/secure.gravatar.com\/avatar\/a72d038d371f995cd13706fac32274b7952a52e8fb0a84b5f80c85426f2a98a8?s=96&d=mm&r=g","caption":"AdminCDE"}}]}},"_links":{"self":[{"href":"https:\/\/www.cde.ual.es\/en\/wp-json\/wp\/v2\/posts\/145207","targetHints":{"allow":["GET"]}}],"collection":[{"href":"https:\/\/www.cde.ual.es\/en\/wp-json\/wp\/v2\/posts"}],"about":[{"href":"https:\/\/www.cde.ual.es\/en\/wp-json\/wp\/v2\/types\/post"}],"author":[{"embeddable":true,"href":"https:\/\/www.cde.ual.es\/en\/wp-json\/wp\/v2\/users\/1"}],"replies":[{"embeddable":true,"href":"https:\/\/www.cde.ual.es\/en\/wp-json\/wp\/v2\/comments?post=145207"}],"version-history":[{"count":1,"href":"https:\/\/www.cde.ual.es\/en\/wp-json\/wp\/v2\/posts\/145207\/revisions"}],"predecessor-version":[{"id":145212,"href":"https:\/\/www.cde.ual.es\/en\/wp-json\/wp\/v2\/posts\/145207\/revisions\/145212"}],"wp:featuredmedia":[{"embeddable":true,"href":"https:\/\/www.cde.ual.es\/en\/wp-json\/wp\/v2\/media\/131145"}],"wp:attachment":[{"href":"https:\/\/www.cde.ual.es\/en\/wp-json\/wp\/v2\/media?parent=145207"}],"wp:term":[{"taxonomy":"category","embeddable":true,"href":"https:\/\/www.cde.ual.es\/en\/wp-json\/wp\/v2\/categories?post=145207"},{"taxonomy":"post_tag","embeddable":true,"href":"https:\/\/www.cde.ual.es\/en\/wp-json\/wp\/v2\/tags?post=145207"}],"curies":[{"name":"wp","href":"https:\/\/api.w.org\/{rel}","templated":true}]}}