{"id":144880,"date":"2023-11-13T10:49:22","date_gmt":"2023-11-13T09:49:22","guid":{"rendered":"https:\/\/www.cde.ual.es\/?p=144880"},"modified":"2023-11-13T10:49:22","modified_gmt":"2023-11-13T09:49:22","slug":"european-parliament-calls-for-new-own-resources-for-the-eu","status":"publish","type":"post","link":"https:\/\/www.cde.ual.es\/en\/european-parliament-calls-for-new-own-resources-for-the-eu\/","title":{"rendered":"European Parliament calls for new own resources for the EU"},"content":{"rendered":"<p style=\"text-align: justify;\"><strong>To invest in Europe\u2019s future and support the recovery, the EU has agreed on a binding calendar to introduce new revenue sources for the Union\u2019s budget.<\/strong><\/p>\n<p style=\"text-align: justify;\"><a href=\"https:\/\/www.cde.ual.es\/wp-content\/uploads\/2022\/02\/Parlamento-europeo-Union-europa-2.jpg\"><img decoding=\"async\" class=\"size-full wp-image-96822 aligncenter\" src=\"https:\/\/www.cde.ual.es\/wp-content\/uploads\/2022\/02\/Parlamento-europeo-Union-europa-2.jpg\" alt=\"\" width=\"750\" height=\"360\" \/><\/a><\/p>\n<p style=\"text-align: justify;\">In a\u00a0<a href=\"https:\/\/www.europarl.europa.eu\/news\/en\/press-room\/20201106IPR91014\/compromise-on-long-term-eu-budget-ep-obtains-EU16-billion-more-for-key-programmes\" target=\"_blank\" rel=\"noopener\">deal<\/a>\u00a0on\u00a0<a href=\"https:\/\/www.europarl.europa.eu\/news\/en\/headlines\/priorities\/eu-s-long-term-budget\" target=\"_blank\" rel=\"noopener\">the EU\u2019s 2021-2027 budget<\/a>\u00a0as well as the\u00a0<a href=\"https:\/\/www.europarl.europa.eu\/news\/en\/headlines\/priorities\/eu-s-long-term-budget\/20200513STO79012\/covid-19-the-eu-plan-for-the-economic-recovery\" target=\"_blank\" rel=\"noopener\">\u20ac750 billion Covid-19 recovery instrument<\/a>\u00a0on 10 November 2020, the Parliament, Council and Commission reached an agreement on a binding timeline for the introduction of new EU revenue sources, including levies on unrecycled plastic waste, the tech giants and major foreign polluters.<\/p>\n<h6 class=\"ep-wysiwig_heading-2\" style=\"text-align: justify;\"><span style=\"font-size: 14pt;\">What are own resources?<\/span><\/h6>\n<div class=\"ep_gridcolumn ep-m_product\" style=\"text-align: justify;\" data-view1200=\"8\" data-view1020=\"8\" data-view750=\"10\" data-view640=\"6\" data-view480=\"8\" data-view320=\"4\">\n<div class=\"ep_gridcolumn-content\">\n<div class=\"ep-a_text\">\n<p class=\"ep-wysiwig_paragraph\">EU countries contribute to a common EU budget in order to achieve common objectives. Unlike national budgets, the EU budget is an investment budget and is not permitted to run a deficit. The\u00a0<a href=\"https:\/\/eur-lex.europa.eu\/legal-content\/EN\/TXT\/?uri=CELEX%3A12008E311\" target=\"_blank\" rel=\"noopener\">EU treaties\u00a0<\/a>stipulate that the Union\u2019s budget \u201cshall be financed wholly from own resources\u201d.<\/p>\n<p class=\"ep-wysiwig_paragraph\">These <a href=\"https:\/\/www.europarl.europa.eu\/factsheets\/en\/sheet\/27\/the-union-s-revenue\" target=\"_blank\" rel=\"noopener\">revenue sources<\/a>\u00a0are determined by the Council, acting unanimously having consulted the Parliament, and must be ratified also by each EU country. The system of own resources remained largely unchanged for three decades and Parliament has long called for it to be overhauled.<\/p>\n<h6 class=\"ep-wysiwig_heading-2\"><span style=\"font-size: 14pt;\">What own resources already exist?<\/span><\/h6>\n<p class=\"ep-wysiwig_paragraph\">As the EU budget must always be in balance, annual revenue must completely cover annual expenditure.<\/p>\n<p class=\"ep-wysiwig_paragraph\">EU revenue presently consists of the following:<\/p>\n<ul>\n<li><strong>Traditional own resources<\/strong>\u00a0(mainly customs duties, previously also included sugar levies; normally account for about 10% of the own resource revenue)<\/li>\n<li><strong>VAT-based own resource<\/strong>\u00a0(transfer of a percentage of the estimated VAT collected by EU countries; normally also accounts for about 10% of revenue )<\/li>\n<li><strong>GNI-based own resource\u00a0<\/strong>(EU countries transfer a share of their annual gross national income; accounts for about 70% of own resource revenue )<\/li>\n<li><strong>Other revenue<\/strong>\u00a0(includes fines to companies breaching EU competition law, contributions of non-EU countries to certain EU programmes and taxes on EU staff&#8217;s salaries)<\/li>\n<\/ul>\n<p class=\"ep-wysiwig_paragraph\">Some EU countries &#8211; Austria, Denmark, Germany, the Netherlands and Sweden &#8211; currently <a href=\"https:\/\/www.europarl.europa.eu\/RegData\/etudes\/ATAG\/2020\/648764\/IPOL_ATA(2020)648764_EN.pdf\" target=\"_blank\" rel=\"noopener\">benefit from rebates<\/a>\u00a0on their contributions to the EU budget.<\/p>\n<p class=\"ep-wysiwig_paragraph\">Following an agreement with the Council and the Commission , <a href=\"https:\/\/ec.europa.eu\/info\/strategy\/eu-budget\/long-term-eu-budget\/2021-2027\/revenue\/own-resources\/plastics-own-resource_en\" target=\"_blank\" rel=\"noopener\">a revenue source based on non-recycled plastic packaging waste<\/a>\u00a0has been in place since 1 January 2021. This has encouraged reducing single-use plastics, as well as recycling and also\u00a0<a href=\"https:\/\/www.europarl.europa.eu\/news\/en\/headlines\/priorities\/circular-economy\" target=\"_blank\" rel=\"noopener\">boosted the circular economy<\/a>.<\/p>\n<\/div>\n<\/div>\n<\/div>\n<div class=\"ep_gridcolumn ep-m_product\" style=\"text-align: justify;\" data-view1200=\"8\" data-view1020=\"8\" data-view750=\"10\" data-view640=\"6\" data-view480=\"8\" data-view320=\"4\">\n<div class=\"ep_gridcolumn-content\">\n<div class=\"ep-a_text\">\n<h6 class=\"ep-wysiwig_heading-2\"><span style=\"font-size: 14pt;\">How are the EU&#8217;s own resources being reformed?<\/span><\/h6>\n<p class=\"ep-wysiwig_paragraph\">Parliament believed for a long time that the EU revenue system was opaque, unfair and in need of reform in order to better tackle current challenges and achieve meaningful results for Europeans.<\/p>\n<p class=\"ep-wysiwig_paragraph\">To reduce reliance on contributions based on gross national income and VAT from EU countries, Parliament called for the introduction of new genuine revenue sources linked to EU policies and objectives.<\/p>\n<p>Various new own resources are in the pipeline based on:<\/p>\n<ul>\n<li>The proceeds of the\u00a0<a href=\"https:\/\/www.europarl.europa.eu\/news\/en\/headlines\/priorities\/climate-change\/20170213STO62208\/the-eu-emissions-trading-scheme-ets-and-its-reform-in-brief\" target=\"_blank\" rel=\"noopener\">Emissions Trading System<\/a>\u00a0(revenue from the system which restricts the volume of greenhouse gases that can be emitted by for example energy-intensive industry, power producers and airlines)<\/li>\n<li><strong>Digital services taxation\u00a0<\/strong>(ensuring fair taxation of the digital economy)<\/li>\n<li>A\u00a0<a href=\"https:\/\/www.europarl.europa.eu\/news\/en\/headlines\/priorities\/climate-change\/20210303STO99110\/carbon-leakage-prevent-firms-from-avoiding-emissions-rules\" target=\"_blank\" rel=\"noopener\">carbon border adjustment mechanism<\/a>\u00a0(a carbon price on imports of certain goods from outside the EU, would help ensure a level playing field in the fight against climate change)<\/li>\n<li>A\u00a0<strong>financial transaction tax\u00a0<\/strong>(ensuring the financial sector pays its fair share of taxes)<\/li>\n<\/ul>\n<p class=\"ep-wysiwig_paragraph\">There will also be an own resource linked to the <strong>corporate sector or a new common corporate tax base<\/strong>.<\/p>\n<p class=\"ep-wysiwig_paragraph\">In May 2023, <a href=\"https:\/\/www.europarl.europa.eu\/news\/en\/press-room\/20230505IPR85010\/eu-revenue-a-new-start-for-eu-finances-a-new-start-for-europe\" target=\"_blank\" rel=\"noopener\">the Parliament approved a report<\/a>\u00a0that calls for an assessment of the reform process so far, and also proposes some fresh ideas for additional revenue sources such as a tax on crypto assets.<\/p>\n<p class=\"ep-wysiwig_paragraph\">In June 2023, the <a href=\"https:\/\/ec.europa.eu\/commission\/presscorner\/detail\/en\/ip_23_3328\" target=\"_blank\" rel=\"noopener\">Commission submitted a proposal<\/a>\u00a0for new sources of budget revenue:<\/p>\n<ul>\n<li>Based on revenue\u00a0<strong>from emission trading (ETS)<\/strong>: 30% of the revenue from auctions of ETS allowances will be allocated to the EU budget.<\/li>\n<li>Generated by the\u00a0<strong>EU carbon border adjustment mechanism (CBAM)<\/strong>. 75% of the revenue from the mechanism will be allocated to the EU budget.<\/li>\n<li>Linked to\u00a0<strong>company profits:<\/strong> for the moment it would be based on a statistical estimate approximating company profits; later it could be linked to an initiative to simplify corporate tax rules.<\/li>\n<\/ul>\n<p class=\"ep-wysiwig_paragraph\"><a href=\"https:\/\/www.europarl.europa.eu\/news\/en\/press-room\/20231106IPR09027\/meps-clear-way-for-new-eu-revenue-call-on-eu-countries-to-swiftly-follow-suit\" target=\"_blank\" rel=\"noopener\">Parliament supported the Commission proposal<\/a>, although MEPs underlined that the rules on reducing the net contributions of EU countries through rebates or corrections should be revised.<\/p>\n<p>All EU countries need to agree on adding new sources of income to the EU budget for it to enter into force.<\/p>\n<\/div>\n<\/div>\n<\/div>\n<table style=\"width: 99.9988%; border-collapse: collapse; border-style: double; border-color: #001f7d;\" cellpadding=\"0,5\">\n<tbody>\n<tr>\n<td style=\"width: 100%;\"><a href=\"https:\/\/www.cde.ual.es\/la-comision-europea-ha-presentado-su-propuesta-para-la-proxima-generacion-de-recursos-propios\/\" target=\"_blank\" rel=\"noopener\"><img decoding=\"async\" class=\"alignleft\" src=\"https:\/\/www.cde.ual.es\/wp-content\/uploads\/2022\/06\/money-5029288_1920.jpg\" alt=\"\" width=\"201\" height=\"134\" \/><\/a><\/p>\n<h4 class=\"entry-title\"><a href=\"https:\/\/www.cde.ual.es\/en\/the-european-commission-has-presented-its-proposal-for-the-next-generation-of-own-resources\/\" target=\"_blank\" rel=\"noopener\">The European Commission has presented its proposal for the next generation of own resources<\/a><\/h4>\n<\/td>\n<\/tr>\n<\/tbody>\n<\/table>\n<div class=\"ep_gridcolumn ep-m_product\" style=\"text-align: justify;\" data-view1200=\"8\" data-view1020=\"8\" data-view750=\"10\" data-view640=\"6\" data-view480=\"8\" data-view320=\"4\">\n<div class=\"ep_gridcolumn-content\">\n<div class=\"ep-a_text\">\n<h6 class=\"ep-wysiwig_heading-2\"><span style=\"font-size: 14pt;\">What benefits will the own resources reform create?<\/span><\/h6>\n<\/div>\n<\/div>\n<\/div>\n<div class=\"ep_gridcolumn ep-m_product\" style=\"text-align: justify;\" data-view1200=\"8\" data-view1020=\"8\" data-view750=\"10\" data-view640=\"6\" data-view480=\"8\" data-view320=\"4\">\n<div class=\"ep_gridcolumn-content\">\n<div class=\"ep-a_text\">\n<p class=\"ep-wysiwig_paragraph\">These new revenue sources will help pay off the joint debt taken by EU countries to finance the Covid-19 recovery. Without new own resources, the borrowed recovery money would have to be paid back through further reductions to\u00a0<a href=\"https:\/\/commission.europa.eu\/funding-tenders\/find-funding\/eu-funding-programmes_en\" target=\"_blank\" rel=\"noopener\">EU programmes<\/a>\u00a0and\/or higher GNI-based contributions from EU countries. MEPs also argue that increasing interest rates put more pressure on the EU budget as borrowing costs are rising.<\/p>\n<p>Parliament wants to ensure that the burden is not on the taxpayer, but on the tech giants, tax dodgers, big foreign polluters and others who don&#8217;t\u00a0 pay their fair share.<\/p>\n<p class=\"ep-wysiwig_paragraph\">The new own resources ensure that the EU\u2019s priorities \u2013 such as <a href=\"https:\/\/www.europarl.europa.eu\/news\/en\/headlines\/priorities\/climate-change\/20200618STO81513\/green-deal-key-to-a-climate-neutral-and-sustainable-eu\" target=\"_blank\" rel=\"noopener\">the Green Deal<\/a>\u00a0and the digital transformation \u2013 are better reflected in the financing of its budget. Additionally, they support the functioning of the single market and reduce reliance on GNI-based national contributions.<\/p>\n<\/div>\n<\/div>\n<\/div>\n<p class=\"ep-wysiwig_heading-2\" style=\"text-align: justify;\"><strong>More information: <\/strong><a href=\"https:\/\/www.europarl.europa.eu\/news\/en\/headlines\/economy\/20200918STO87405\/why-has-parliament-called-for-new-eu-revenue-raising-powers\" target=\"_blank\" rel=\"noopener\">European Parliament<\/a><\/p>\n","protected":false},"excerpt":{"rendered":"<p>To invest in Europe\u2019s future and support the recovery, the EU has agreed on a binding calendar to introduce new revenue sources for the Union\u2019s budget. In a\u00a0deal\u00a0on\u00a0the EU\u2019s 2021-2027 budget\u00a0as well as the\u00a0\u20ac750 billion Covid-19 recovery instrument\u00a0on 10 November 2020, the Parliament, Council and Commission reached an agreement on a binding timeline for the [&hellip;]<\/p>\n","protected":false},"author":101011,"featured_media":96823,"comment_status":"open","ping_status":"open","sticky":false,"template":"","format":"standard","meta":{"_acf_changed":false,"_relevanssi_hide_post":"","_relevanssi_hide_content":"","_relevanssi_pin_for_all":"","_relevanssi_pin_keywords":"","_relevanssi_unpin_keywords":"","_relevanssi_related_keywords":"","_relevanssi_related_include_ids":"","_relevanssi_related_exclude_ids":"","_relevanssi_related_no_append":"","_relevanssi_related_not_related":"","_relevanssi_related_posts":"","_relevanssi_noindex_reason":"","_monsterinsights_skip_tracking":false,"_monsterinsights_sitenote_active":false,"_monsterinsights_sitenote_note":"","_monsterinsights_sitenote_category":0,"_genesis_hide_title":false,"_genesis_hide_breadcrumbs":false,"_genesis_hide_singular_image":false,"_genesis_hide_footer_widgets":false,"_genesis_custom_body_class":"","_genesis_custom_post_class":"","_genesis_layout":"","footnotes":""},"categories":[4090,346,4088],"tags":[779,753,10806],"class_list":{"0":"post-144880","1":"post","2":"type-post","3":"status-publish","4":"format-standard","5":"has-post-thumbnail","7":"category-economy-finance","8":"category-eu-news","9":"category-market","10":"tag-eu-en","11":"tag-european-parliament","12":"tag-revenue-raising-powers","13":"entry"},"acf":[],"yoast_head":"<!-- This site is optimized with the Yoast SEO plugin v27.4 - https:\/\/yoast.com\/product\/yoast-seo-wordpress\/ -->\n<title>European Parliament calls for new own resources for the EU | CDE Almer\u00eda - Centro de Documentaci\u00f3n Europea - Universidad de Almer\u00eda<\/title>\n<meta name=\"robots\" content=\"index, follow, max-snippet:-1, max-image-preview:large, max-video-preview:-1\" \/>\n<link rel=\"canonical\" href=\"https:\/\/www.cde.ual.es\/en\/european-parliament-calls-for-new-own-resources-for-the-eu\/\" \/>\n<meta property=\"og:locale\" content=\"en_US\" \/>\n<meta property=\"og:type\" content=\"article\" \/>\n<meta property=\"og:title\" content=\"European Parliament calls for new own resources for the EU | CDE Almer\u00eda - Centro de Documentaci\u00f3n Europea - Universidad de Almer\u00eda\" \/>\n<meta property=\"og:description\" content=\"To invest in Europe\u2019s future and support the recovery, the EU has agreed on a binding calendar to introduce new revenue sources for the Union\u2019s budget. In a\u00a0deal\u00a0on\u00a0the EU\u2019s 2021-2027 budget\u00a0as well as the\u00a0\u20ac750 billion Covid-19 recovery instrument\u00a0on 10 November 2020, the Parliament, Council and Commission reached an agreement on a binding timeline for the [&hellip;]\" \/>\n<meta property=\"og:url\" content=\"https:\/\/www.cde.ual.es\/en\/european-parliament-calls-for-new-own-resources-for-the-eu\/\" \/>\n<meta property=\"og:site_name\" content=\"CDE Almer\u00eda - Centro de Documentaci\u00f3n Europea - Universidad de Almer\u00eda\" \/>\n<meta property=\"article:publisher\" content=\"https:\/\/www.facebook.com\/cdeuniversidadalmeria\/\" \/>\n<meta property=\"article:published_time\" content=\"2023-11-13T09:49:22+00:00\" \/>\n<meta property=\"og:image\" content=\"https:\/\/www.cde.ual.es\/wp-content\/uploads\/2022\/02\/Parlamento-europeo-Union-europa-2.jpg\" \/>\n\t<meta property=\"og:image:width\" content=\"750\" \/>\n\t<meta property=\"og:image:height\" content=\"360\" \/>\n\t<meta property=\"og:image:type\" content=\"image\/jpeg\" \/>\n<meta name=\"author\" content=\"BECA 2 CDE\" \/>\n<meta name=\"twitter:card\" content=\"summary_large_image\" \/>\n<meta name=\"twitter:creator\" content=\"@cdeualmeria\" \/>\n<meta name=\"twitter:site\" content=\"@cdeualmeria\" \/>\n<meta name=\"twitter:label1\" content=\"Written by\" \/>\n\t<meta name=\"twitter:data1\" content=\"BECA 2 CDE\" \/>\n\t<meta name=\"twitter:label2\" content=\"Est. reading time\" \/>\n\t<meta name=\"twitter:data2\" content=\"5 minutes\" \/>\n<script type=\"application\/ld+json\" class=\"yoast-schema-graph\">{\"@context\":\"https:\\\/\\\/schema.org\",\"@graph\":[{\"@type\":\"Article\",\"@id\":\"https:\\\/\\\/www.cde.ual.es\\\/en\\\/european-parliament-calls-for-new-own-resources-for-the-eu\\\/#article\",\"isPartOf\":{\"@id\":\"https:\\\/\\\/www.cde.ual.es\\\/en\\\/european-parliament-calls-for-new-own-resources-for-the-eu\\\/\"},\"author\":{\"name\":\"BECA 2 CDE\",\"@id\":\"https:\\\/\\\/www.cde.ual.es\\\/#\\\/schema\\\/person\\\/ee46ebc19edfa19598c02cff83335acc\"},\"headline\":\"European Parliament calls for new own resources for the EU\",\"datePublished\":\"2023-11-13T09:49:22+00:00\",\"mainEntityOfPage\":{\"@id\":\"https:\\\/\\\/www.cde.ual.es\\\/en\\\/european-parliament-calls-for-new-own-resources-for-the-eu\\\/\"},\"wordCount\":890,\"commentCount\":0,\"publisher\":{\"@id\":\"https:\\\/\\\/www.cde.ual.es\\\/#organization\"},\"image\":{\"@id\":\"https:\\\/\\\/www.cde.ual.es\\\/en\\\/european-parliament-calls-for-new-own-resources-for-the-eu\\\/#primaryimage\"},\"thumbnailUrl\":\"https:\\\/\\\/www.cde.ual.es\\\/wp-content\\\/uploads\\\/2022\\\/02\\\/Parlamento-europeo-Union-europa-2-e1744108338496.jpg\",\"keywords\":[\"EU\",\"European Parliament\",\"revenue-raising powers\"],\"articleSection\":[\"Economy and Finance\",\"EU News\",\"Market\"],\"inLanguage\":\"en-US\",\"potentialAction\":[{\"@type\":\"CommentAction\",\"name\":\"Comment\",\"target\":[\"https:\\\/\\\/www.cde.ual.es\\\/en\\\/european-parliament-calls-for-new-own-resources-for-the-eu\\\/#respond\"]}]},{\"@type\":\"WebPage\",\"@id\":\"https:\\\/\\\/www.cde.ual.es\\\/en\\\/european-parliament-calls-for-new-own-resources-for-the-eu\\\/\",\"url\":\"https:\\\/\\\/www.cde.ual.es\\\/en\\\/european-parliament-calls-for-new-own-resources-for-the-eu\\\/\",\"name\":\"European Parliament calls for new own resources for the EU | CDE Almer\u00eda - Centro de Documentaci\u00f3n Europea - Universidad de Almer\u00eda\",\"isPartOf\":{\"@id\":\"https:\\\/\\\/www.cde.ual.es\\\/#website\"},\"primaryImageOfPage\":{\"@id\":\"https:\\\/\\\/www.cde.ual.es\\\/en\\\/european-parliament-calls-for-new-own-resources-for-the-eu\\\/#primaryimage\"},\"image\":{\"@id\":\"https:\\\/\\\/www.cde.ual.es\\\/en\\\/european-parliament-calls-for-new-own-resources-for-the-eu\\\/#primaryimage\"},\"thumbnailUrl\":\"https:\\\/\\\/www.cde.ual.es\\\/wp-content\\\/uploads\\\/2022\\\/02\\\/Parlamento-europeo-Union-europa-2-e1744108338496.jpg\",\"datePublished\":\"2023-11-13T09:49:22+00:00\",\"breadcrumb\":{\"@id\":\"https:\\\/\\\/www.cde.ual.es\\\/en\\\/european-parliament-calls-for-new-own-resources-for-the-eu\\\/#breadcrumb\"},\"inLanguage\":\"en-US\",\"potentialAction\":[{\"@type\":\"ReadAction\",\"target\":[\"https:\\\/\\\/www.cde.ual.es\\\/en\\\/european-parliament-calls-for-new-own-resources-for-the-eu\\\/\"]}]},{\"@type\":\"ImageObject\",\"inLanguage\":\"en-US\",\"@id\":\"https:\\\/\\\/www.cde.ual.es\\\/en\\\/european-parliament-calls-for-new-own-resources-for-the-eu\\\/#primaryimage\",\"url\":\"https:\\\/\\\/www.cde.ual.es\\\/wp-content\\\/uploads\\\/2022\\\/02\\\/Parlamento-europeo-Union-europa-2-e1744108338496.jpg\",\"contentUrl\":\"https:\\\/\\\/www.cde.ual.es\\\/wp-content\\\/uploads\\\/2022\\\/02\\\/Parlamento-europeo-Union-europa-2-e1744108338496.jpg\",\"width\":750,\"height\":360},{\"@type\":\"BreadcrumbList\",\"@id\":\"https:\\\/\\\/www.cde.ual.es\\\/en\\\/european-parliament-calls-for-new-own-resources-for-the-eu\\\/#breadcrumb\",\"itemListElement\":[{\"@type\":\"ListItem\",\"position\":1,\"name\":\"Inicio\",\"item\":\"https:\\\/\\\/www.cde.ual.es\\\/en\\\/\"},{\"@type\":\"ListItem\",\"position\":2,\"name\":\"EU News\",\"item\":\"https:\\\/\\\/www.cde.ual.es\\\/en\\\/category\\\/eu-news\\\/\"},{\"@type\":\"ListItem\",\"position\":3,\"name\":\"Market\",\"item\":\"https:\\\/\\\/www.cde.ual.es\\\/en\\\/category\\\/eu-news\\\/market\\\/\"},{\"@type\":\"ListItem\",\"position\":4,\"name\":\"Economy and Finance\",\"item\":\"https:\\\/\\\/www.cde.ual.es\\\/en\\\/category\\\/eu-news\\\/market\\\/economy-finance\\\/\"},{\"@type\":\"ListItem\",\"position\":5,\"name\":\"European Parliament calls for new own resources for the EU\"}]},{\"@type\":\"WebSite\",\"@id\":\"https:\\\/\\\/www.cde.ual.es\\\/#website\",\"url\":\"https:\\\/\\\/www.cde.ual.es\\\/\",\"name\":\"CDE Almer\u00eda - Centro de Documentaci\u00f3n Europea - Universidad de Almer\u00eda\",\"description\":\"Centro de Documentaci\u00f3n Europea de la Universidad de Almer\u00eda\",\"publisher\":{\"@id\":\"https:\\\/\\\/www.cde.ual.es\\\/#organization\"},\"alternateName\":\"CDE Almer\u00eda\",\"potentialAction\":[{\"@type\":\"SearchAction\",\"target\":{\"@type\":\"EntryPoint\",\"urlTemplate\":\"https:\\\/\\\/www.cde.ual.es\\\/?s={search_term_string}\"},\"query-input\":{\"@type\":\"PropertyValueSpecification\",\"valueRequired\":true,\"valueName\":\"search_term_string\"}}],\"inLanguage\":\"en-US\"},{\"@type\":\"Organization\",\"@id\":\"https:\\\/\\\/www.cde.ual.es\\\/#organization\",\"name\":\"Centro de Documentaci\u00f3n Europea de Almer\u00eda\",\"url\":\"https:\\\/\\\/www.cde.ual.es\\\/\",\"logo\":{\"@type\":\"ImageObject\",\"inLanguage\":\"en-US\",\"@id\":\"https:\\\/\\\/www.cde.ual.es\\\/#\\\/schema\\\/logo\\\/image\\\/\",\"url\":\"https:\\\/\\\/www.cde.ual.es\\\/wp-content\\\/uploads\\\/2025\\\/07\\\/cde-logo-3.png\",\"contentUrl\":\"https:\\\/\\\/www.cde.ual.es\\\/wp-content\\\/uploads\\\/2025\\\/07\\\/cde-logo-3.png\",\"width\":1400,\"height\":300,\"caption\":\"Centro de Documentaci\u00f3n Europea de Almer\u00eda\"},\"image\":{\"@id\":\"https:\\\/\\\/www.cde.ual.es\\\/#\\\/schema\\\/logo\\\/image\\\/\"},\"sameAs\":[\"https:\\\/\\\/www.facebook.com\\\/cdeuniversidadalmeria\\\/\",\"https:\\\/\\\/x.com\\\/cdeualmeria\",\"https:\\\/\\\/www.tiktok.com\\\/@cdealmeria\",\"https:\\\/\\\/www.instagram.com\\\/cdealmeria\\\/\",\"https:\\\/\\\/www.linkedin.com\\\/in\\\/cde-almera-812b26a9\\\/\"]},{\"@type\":\"Person\",\"@id\":\"https:\\\/\\\/www.cde.ual.es\\\/#\\\/schema\\\/person\\\/ee46ebc19edfa19598c02cff83335acc\",\"name\":\"BECA 2 CDE\",\"image\":{\"@type\":\"ImageObject\",\"inLanguage\":\"en-US\",\"@id\":\"https:\\\/\\\/secure.gravatar.com\\\/avatar\\\/35a481bbc04bbd90e91bdfa3b0b5541036c222a49b9ad37b6889a2afcb5311a5?s=96&d=mm&r=g\",\"url\":\"https:\\\/\\\/secure.gravatar.com\\\/avatar\\\/35a481bbc04bbd90e91bdfa3b0b5541036c222a49b9ad37b6889a2afcb5311a5?s=96&d=mm&r=g\",\"contentUrl\":\"https:\\\/\\\/secure.gravatar.com\\\/avatar\\\/35a481bbc04bbd90e91bdfa3b0b5541036c222a49b9ad37b6889a2afcb5311a5?s=96&d=mm&r=g\",\"caption\":\"BECA 2 CDE\"},\"sameAs\":[\"http:\\\/\\\/www.cdealmeria.com\"]}]}<\/script>\n<!-- \/ Yoast SEO plugin. -->","yoast_head_json":{"title":"European Parliament calls for new own resources for the EU | CDE Almer\u00eda - Centro de Documentaci\u00f3n Europea - Universidad de Almer\u00eda","robots":{"index":"index","follow":"follow","max-snippet":"max-snippet:-1","max-image-preview":"max-image-preview:large","max-video-preview":"max-video-preview:-1"},"canonical":"https:\/\/www.cde.ual.es\/en\/european-parliament-calls-for-new-own-resources-for-the-eu\/","og_locale":"en_US","og_type":"article","og_title":"European Parliament calls for new own resources for the EU | CDE Almer\u00eda - Centro de Documentaci\u00f3n Europea - Universidad de Almer\u00eda","og_description":"To invest in Europe\u2019s future and support the recovery, the EU has agreed on a binding calendar to introduce new revenue sources for the Union\u2019s budget. In a\u00a0deal\u00a0on\u00a0the EU\u2019s 2021-2027 budget\u00a0as well as the\u00a0\u20ac750 billion Covid-19 recovery instrument\u00a0on 10 November 2020, the Parliament, Council and Commission reached an agreement on a binding timeline for the [&hellip;]","og_url":"https:\/\/www.cde.ual.es\/en\/european-parliament-calls-for-new-own-resources-for-the-eu\/","og_site_name":"CDE Almer\u00eda - Centro de Documentaci\u00f3n Europea - Universidad de Almer\u00eda","article_publisher":"https:\/\/www.facebook.com\/cdeuniversidadalmeria\/","article_published_time":"2023-11-13T09:49:22+00:00","og_image":[{"width":750,"height":360,"url":"https:\/\/www.cde.ual.es\/wp-content\/uploads\/2022\/02\/Parlamento-europeo-Union-europa-2.jpg","type":"image\/jpeg"}],"author":"BECA 2 CDE","twitter_card":"summary_large_image","twitter_creator":"@cdeualmeria","twitter_site":"@cdeualmeria","twitter_misc":{"Written by":"BECA 2 CDE","Est. reading time":"5 minutes"},"schema":{"@context":"https:\/\/schema.org","@graph":[{"@type":"Article","@id":"https:\/\/www.cde.ual.es\/en\/european-parliament-calls-for-new-own-resources-for-the-eu\/#article","isPartOf":{"@id":"https:\/\/www.cde.ual.es\/en\/european-parliament-calls-for-new-own-resources-for-the-eu\/"},"author":{"name":"BECA 2 CDE","@id":"https:\/\/www.cde.ual.es\/#\/schema\/person\/ee46ebc19edfa19598c02cff83335acc"},"headline":"European Parliament calls for new own resources for the EU","datePublished":"2023-11-13T09:49:22+00:00","mainEntityOfPage":{"@id":"https:\/\/www.cde.ual.es\/en\/european-parliament-calls-for-new-own-resources-for-the-eu\/"},"wordCount":890,"commentCount":0,"publisher":{"@id":"https:\/\/www.cde.ual.es\/#organization"},"image":{"@id":"https:\/\/www.cde.ual.es\/en\/european-parliament-calls-for-new-own-resources-for-the-eu\/#primaryimage"},"thumbnailUrl":"https:\/\/www.cde.ual.es\/wp-content\/uploads\/2022\/02\/Parlamento-europeo-Union-europa-2-e1744108338496.jpg","keywords":["EU","European Parliament","revenue-raising powers"],"articleSection":["Economy and Finance","EU News","Market"],"inLanguage":"en-US","potentialAction":[{"@type":"CommentAction","name":"Comment","target":["https:\/\/www.cde.ual.es\/en\/european-parliament-calls-for-new-own-resources-for-the-eu\/#respond"]}]},{"@type":"WebPage","@id":"https:\/\/www.cde.ual.es\/en\/european-parliament-calls-for-new-own-resources-for-the-eu\/","url":"https:\/\/www.cde.ual.es\/en\/european-parliament-calls-for-new-own-resources-for-the-eu\/","name":"European Parliament calls for new own resources for the EU | CDE Almer\u00eda - Centro de Documentaci\u00f3n Europea - Universidad de Almer\u00eda","isPartOf":{"@id":"https:\/\/www.cde.ual.es\/#website"},"primaryImageOfPage":{"@id":"https:\/\/www.cde.ual.es\/en\/european-parliament-calls-for-new-own-resources-for-the-eu\/#primaryimage"},"image":{"@id":"https:\/\/www.cde.ual.es\/en\/european-parliament-calls-for-new-own-resources-for-the-eu\/#primaryimage"},"thumbnailUrl":"https:\/\/www.cde.ual.es\/wp-content\/uploads\/2022\/02\/Parlamento-europeo-Union-europa-2-e1744108338496.jpg","datePublished":"2023-11-13T09:49:22+00:00","breadcrumb":{"@id":"https:\/\/www.cde.ual.es\/en\/european-parliament-calls-for-new-own-resources-for-the-eu\/#breadcrumb"},"inLanguage":"en-US","potentialAction":[{"@type":"ReadAction","target":["https:\/\/www.cde.ual.es\/en\/european-parliament-calls-for-new-own-resources-for-the-eu\/"]}]},{"@type":"ImageObject","inLanguage":"en-US","@id":"https:\/\/www.cde.ual.es\/en\/european-parliament-calls-for-new-own-resources-for-the-eu\/#primaryimage","url":"https:\/\/www.cde.ual.es\/wp-content\/uploads\/2022\/02\/Parlamento-europeo-Union-europa-2-e1744108338496.jpg","contentUrl":"https:\/\/www.cde.ual.es\/wp-content\/uploads\/2022\/02\/Parlamento-europeo-Union-europa-2-e1744108338496.jpg","width":750,"height":360},{"@type":"BreadcrumbList","@id":"https:\/\/www.cde.ual.es\/en\/european-parliament-calls-for-new-own-resources-for-the-eu\/#breadcrumb","itemListElement":[{"@type":"ListItem","position":1,"name":"Inicio","item":"https:\/\/www.cde.ual.es\/en\/"},{"@type":"ListItem","position":2,"name":"EU News","item":"https:\/\/www.cde.ual.es\/en\/category\/eu-news\/"},{"@type":"ListItem","position":3,"name":"Market","item":"https:\/\/www.cde.ual.es\/en\/category\/eu-news\/market\/"},{"@type":"ListItem","position":4,"name":"Economy and Finance","item":"https:\/\/www.cde.ual.es\/en\/category\/eu-news\/market\/economy-finance\/"},{"@type":"ListItem","position":5,"name":"European Parliament calls for new own resources for the EU"}]},{"@type":"WebSite","@id":"https:\/\/www.cde.ual.es\/#website","url":"https:\/\/www.cde.ual.es\/","name":"CDE Almer\u00eda - Centro de Documentaci\u00f3n Europea - Universidad de Almer\u00eda","description":"Centro de Documentaci\u00f3n Europea de la Universidad de Almer\u00eda","publisher":{"@id":"https:\/\/www.cde.ual.es\/#organization"},"alternateName":"CDE Almer\u00eda","potentialAction":[{"@type":"SearchAction","target":{"@type":"EntryPoint","urlTemplate":"https:\/\/www.cde.ual.es\/?s={search_term_string}"},"query-input":{"@type":"PropertyValueSpecification","valueRequired":true,"valueName":"search_term_string"}}],"inLanguage":"en-US"},{"@type":"Organization","@id":"https:\/\/www.cde.ual.es\/#organization","name":"Centro de Documentaci\u00f3n Europea de Almer\u00eda","url":"https:\/\/www.cde.ual.es\/","logo":{"@type":"ImageObject","inLanguage":"en-US","@id":"https:\/\/www.cde.ual.es\/#\/schema\/logo\/image\/","url":"https:\/\/www.cde.ual.es\/wp-content\/uploads\/2025\/07\/cde-logo-3.png","contentUrl":"https:\/\/www.cde.ual.es\/wp-content\/uploads\/2025\/07\/cde-logo-3.png","width":1400,"height":300,"caption":"Centro de Documentaci\u00f3n Europea de Almer\u00eda"},"image":{"@id":"https:\/\/www.cde.ual.es\/#\/schema\/logo\/image\/"},"sameAs":["https:\/\/www.facebook.com\/cdeuniversidadalmeria\/","https:\/\/x.com\/cdeualmeria","https:\/\/www.tiktok.com\/@cdealmeria","https:\/\/www.instagram.com\/cdealmeria\/","https:\/\/www.linkedin.com\/in\/cde-almera-812b26a9\/"]},{"@type":"Person","@id":"https:\/\/www.cde.ual.es\/#\/schema\/person\/ee46ebc19edfa19598c02cff83335acc","name":"BECA 2 CDE","image":{"@type":"ImageObject","inLanguage":"en-US","@id":"https:\/\/secure.gravatar.com\/avatar\/35a481bbc04bbd90e91bdfa3b0b5541036c222a49b9ad37b6889a2afcb5311a5?s=96&d=mm&r=g","url":"https:\/\/secure.gravatar.com\/avatar\/35a481bbc04bbd90e91bdfa3b0b5541036c222a49b9ad37b6889a2afcb5311a5?s=96&d=mm&r=g","contentUrl":"https:\/\/secure.gravatar.com\/avatar\/35a481bbc04bbd90e91bdfa3b0b5541036c222a49b9ad37b6889a2afcb5311a5?s=96&d=mm&r=g","caption":"BECA 2 CDE"},"sameAs":["http:\/\/www.cdealmeria.com"]}]}},"_links":{"self":[{"href":"https:\/\/www.cde.ual.es\/en\/wp-json\/wp\/v2\/posts\/144880","targetHints":{"allow":["GET"]}}],"collection":[{"href":"https:\/\/www.cde.ual.es\/en\/wp-json\/wp\/v2\/posts"}],"about":[{"href":"https:\/\/www.cde.ual.es\/en\/wp-json\/wp\/v2\/types\/post"}],"author":[{"embeddable":true,"href":"https:\/\/www.cde.ual.es\/en\/wp-json\/wp\/v2\/users\/101011"}],"replies":[{"embeddable":true,"href":"https:\/\/www.cde.ual.es\/en\/wp-json\/wp\/v2\/comments?post=144880"}],"version-history":[{"count":1,"href":"https:\/\/www.cde.ual.es\/en\/wp-json\/wp\/v2\/posts\/144880\/revisions"}],"predecessor-version":[{"id":144881,"href":"https:\/\/www.cde.ual.es\/en\/wp-json\/wp\/v2\/posts\/144880\/revisions\/144881"}],"wp:featuredmedia":[{"embeddable":true,"href":"https:\/\/www.cde.ual.es\/en\/wp-json\/wp\/v2\/media\/96823"}],"wp:attachment":[{"href":"https:\/\/www.cde.ual.es\/en\/wp-json\/wp\/v2\/media?parent=144880"}],"wp:term":[{"taxonomy":"category","embeddable":true,"href":"https:\/\/www.cde.ual.es\/en\/wp-json\/wp\/v2\/categories?post=144880"},{"taxonomy":"post_tag","embeddable":true,"href":"https:\/\/www.cde.ual.es\/en\/wp-json\/wp\/v2\/tags?post=144880"}],"curies":[{"name":"wp","href":"https:\/\/api.w.org\/{rel}","templated":true}]}}