{"id":1445,"date":"2017-03-07T11:32:03","date_gmt":"2017-03-07T10:32:03","guid":{"rendered":"http:\/\/www.cde.ual.es\/?p=1445"},"modified":"2017-03-07T11:33:11","modified_gmt":"2017-03-07T10:33:11","slug":"trabajar-en-alemania-como-cuando-y-donde","status":"publish","type":"post","link":"https:\/\/www.cde.ual.es\/en\/trabajar-en-alemania-como-cuando-y-donde\/","title":{"rendered":"Trabajar en Alemania: \u00bfc\u00f3mo, cu\u00e1ndo y d\u00f3nde?"},"content":{"rendered":"<p><img decoding=\"async\" class=\"aligncenter wp-image-1448\" src=\"http:\/\/www.cde.ual.es\/wp-content\/uploads\/2017\/03\/trabajo-alemania.jpg\" alt=\"\" width=\"485\" height=\"273\" srcset=\"https:\/\/www.cde.ual.es\/wp-content\/uploads\/2017\/03\/trabajo-alemania.jpg 620w, https:\/\/www.cde.ual.es\/wp-content\/uploads\/2017\/03\/trabajo-alemania-768x432.jpg 768w\" sizes=\"(max-width: 485px) 100vw, 485px\" \/><\/p>\n<p style=\"text-align: justify;\">El pr\u00f3ximo <strong>16 de marzo<\/strong>, tendr\u00e1 lugar<strong> de 9 de la ma\u00f1ana a 4 de la tarde<\/strong>\u00a0el evento online &#8220;EUROPEAN ONLINE JOB-DAY-MAKE IT IN GERMANY 2017&#8221; organizado por la red EURES (Red Europea de Servicios P\u00fablicos de Empleo).<\/p>\n<p>Este evento se podr\u00e1 seguir a trav\u00e9s de la plataforma Livestream en INGL\u00c9S.<\/p>\n<p><strong>\u00bfEn qu\u00e9 consiste?<\/strong><\/p>\n<p style=\"text-align: justify;\">En este job day se dar\u00e1\u00a0 informaci\u00f3n\u00a0 sobre las <u>condiciones de vida y trabajo en Alemania<\/u> en general y en sus diferentes regiones. Se abordan aspectos culturales, econ\u00f3micos tales como mercado laboral, nivel de desempleo, ocupaciones m\u00e1s demandadas, requisitos de acceso, coste de la vida, salarios,\u00a0 oportunidades laborales, etc). Adem\u00e1s se pueden encontrar <u>ofertas de empleo<\/u> interesantes. Los usuarios que se inscriban podr\u00e1n preguntar a los Consejeros Eures alemanes que participan cualquier aspecto relacionado con las condiciones de vida y trabajo en ese pa\u00eds.<\/p>\n<p style=\"text-align: justify;\">Los participantes obtendr\u00e1n informaci\u00f3n <u>pr\u00e1ctica <\/u>sobre candidaturas a puestos de trabajo en Alemania (elaboraci\u00f3n de CV, cartas de presentaci\u00f3n, entrevistas y otros aspectos relevantes para participar con \u00e9xito en un proceso de selecci\u00f3n en Alemania).<\/p>\n<p style=\"text-align: justify;\">Adem\u00e1s se proporcionar\u00e1 informaci\u00f3n sobre otros aspectos de inter\u00e9s: impuestos, seguridad social, reconocimiento de cualificaciones, etc.<\/p>\n<p><strong>\u00bfQui\u00e9n puede participar?<\/strong><\/p>\n<p style=\"text-align: justify;\">Estos eventos est\u00e1n dirigidos a <u>trabajadores cualificados<\/u> de otros Estados de la UE que quieran desarrollar una carrera profesional en otro pa\u00eds, en este caso Alemania. Para poder participar hay que <u>inscribirse con antelaci\u00f3n<\/u>.<\/p>\n<p style=\"text-align: justify;\">Los miembros de los Servicios de Empleo del pa\u00eds correspondiente, Alemania en este caso, proporcionan a los candidatos las informacionesindicada anteriormente, as\u00ed como empresas interesadas en contratar a trabajadores.<\/p>\n<p><strong>\u00bfC\u00f3mo participar?<\/strong><\/p>\n<p>Registr\u00e1ndose con anterioridad a la fecha del evento en el siguiente enlace:<\/p>\n<p><span style=\"color: #3333ff;\"><b><u><a class=\"m_-463074884396817076moz-txt-link-freetext\" href=\"https:\/\/www.europeanjobdays.eu\/es\/taxonomy\/term\/17944\" target=\"_blank\" data-saferedirecturl=\"https:\/\/www.google.com\/url?hl=es&amp;q=https:\/\/www.europeanjobdays.eu\/es\/taxonomy\/term\/17944&amp;source=gmail&amp;ust=1488968141833000&amp;usg=AFQjCNFQIO7OD-uGr-qAa2kI7CzoGpKGcw\">https:\/\/www.europeanjobdays.<wbr \/>eu\/es\/taxonomy\/term\/17944<\/a><\/u><\/b><\/span><\/p>\n<p style=\"text-align: justify;\">Tambi\u00e9n podr\u00e1 consultar en el enlace la agenda del evento, contenidos, empresas participantes, y puestos de trabajo que se ofrecen.<\/p>\n<p style=\"text-align: justify;\">Al inscribirse tiene la opci\u00f3n de subir su CV. Puede inscribirse en las ofertas que considere de inter\u00e9s si cumple los requisitos. Si su candidatura es aceptada podr\u00e1 participar en entrevistas y\/o procesos de selecci\u00f3n.<\/p>\n<p style=\"text-align: justify;\">El conocimiento del idioma nativo suele ser un requisito necesario para poder aplicar a puestos de trabajo.<\/p>\n","protected":false},"excerpt":{"rendered":"<p>El pr\u00f3ximo 16 de marzo, tendr\u00e1 lugar de 9 de la ma\u00f1ana a 4 de la tarde\u00a0el evento online &#8220;EUROPEAN ONLINE JOB-DAY-MAKE IT IN GERMANY 2017&#8221; organizado por la red EURES (Red Europea de Servicios P\u00fablicos de Empleo). Este evento se podr\u00e1 seguir a trav\u00e9s de la plataforma Livestream en INGL\u00c9S. \u00bfEn qu\u00e9 consiste? En [&hellip;]<\/p>\n","protected":false},"author":1,"featured_media":0,"comment_status":"open","ping_status":"open","sticky":false,"template":"","format":"standard","meta":{"_acf_changed":false,"_relevanssi_hide_post":"","_relevanssi_hide_content":"","_relevanssi_pin_for_all":"","_relevanssi_pin_keywords":"","_relevanssi_unpin_keywords":"","_relevanssi_related_keywords":"","_relevanssi_related_include_ids":"","_relevanssi_related_exclude_ids":"","_relevanssi_related_no_append":"","_relevanssi_related_not_related":"","_relevanssi_related_posts":"","_relevanssi_noindex_reason":"","_monsterinsights_skip_tracking":false,"_monsterinsights_sitenote_active":false,"_monsterinsights_sitenote_note":"","_monsterinsights_sitenote_category":0,"_genesis_hide_title":false,"_genesis_hide_breadcrumbs":false,"_genesis_hide_singular_image":false,"_genesis_hide_footer_widgets":false,"_genesis_custom_body_class":"","_genesis_custom_post_class":"","_genesis_layout":"","footnotes":""},"categories":[1],"tags":[],"class_list":{"0":"post-1445","1":"post","2":"type-post","3":"status-publish","4":"format-standard","6":"category-sin-categorizar","7":"entry","8":"has-post-thumbnail"},"acf":[],"yoast_head":"<!-- This site is optimized with the Yoast SEO plugin v27.4 - https:\/\/yoast.com\/product\/yoast-seo-wordpress\/ -->\n<title>Trabajar en Alemania: \u00bfc\u00f3mo, cu\u00e1ndo y d\u00f3nde? | CDE Almer\u00eda - Centro de Documentaci\u00f3n Europea - Universidad de Almer\u00eda<\/title>\n<meta name=\"robots\" content=\"index, follow, max-snippet:-1, max-image-preview:large, max-video-preview:-1\" \/>\n<link rel=\"canonical\" href=\"https:\/\/www.cde.ual.es\/trabajar-en-alemania-como-cuando-y-donde\/\" \/>\n<meta property=\"og:locale\" content=\"en_US\" \/>\n<meta property=\"og:type\" content=\"article\" \/>\n<meta property=\"og:title\" content=\"Trabajar en Alemania: \u00bfc\u00f3mo, cu\u00e1ndo y d\u00f3nde? | CDE Almer\u00eda - Centro de Documentaci\u00f3n Europea - Universidad de Almer\u00eda\" \/>\n<meta property=\"og:description\" content=\"El pr\u00f3ximo 16 de marzo, tendr\u00e1 lugar de 9 de la ma\u00f1ana a 4 de la tarde\u00a0el evento online &#8220;EUROPEAN ONLINE JOB-DAY-MAKE IT IN GERMANY 2017&#8221; organizado por la red EURES (Red Europea de Servicios P\u00fablicos de Empleo). Este evento se podr\u00e1 seguir a trav\u00e9s de la plataforma Livestream en INGL\u00c9S. \u00bfEn qu\u00e9 consiste? En [&hellip;]\" \/>\n<meta property=\"og:url\" content=\"https:\/\/www.cde.ual.es\/trabajar-en-alemania-como-cuando-y-donde\/\" \/>\n<meta property=\"og:site_name\" content=\"CDE Almer\u00eda - Centro de Documentaci\u00f3n Europea - Universidad de Almer\u00eda\" \/>\n<meta property=\"article:publisher\" content=\"https:\/\/www.facebook.com\/cdeuniversidadalmeria\/\" \/>\n<meta property=\"article:published_time\" content=\"2017-03-07T10:32:03+00:00\" \/>\n<meta property=\"article:modified_time\" content=\"2017-03-07T10:33:11+00:00\" \/>\n<meta property=\"og:image\" content=\"http:\/\/www.cde.ual.es\/wp-content\/uploads\/2017\/03\/trabajo-alemania.jpg\" \/>\n<meta name=\"author\" content=\"AdminCDE\" \/>\n<meta name=\"twitter:card\" content=\"summary_large_image\" \/>\n<meta name=\"twitter:creator\" content=\"@cdeualmeria\" \/>\n<meta name=\"twitter:site\" content=\"@cdeualmeria\" \/>\n<meta name=\"twitter:label1\" content=\"Written by\" \/>\n\t<meta name=\"twitter:data1\" content=\"AdminCDE\" \/>\n\t<meta name=\"twitter:label2\" content=\"Est. reading time\" \/>\n\t<meta name=\"twitter:data2\" content=\"2 minutes\" \/>\n<script type=\"application\/ld+json\" class=\"yoast-schema-graph\">{\"@context\":\"https:\\\/\\\/schema.org\",\"@graph\":[{\"@type\":\"Article\",\"@id\":\"https:\\\/\\\/www.cde.ual.es\\\/trabajar-en-alemania-como-cuando-y-donde\\\/#article\",\"isPartOf\":{\"@id\":\"https:\\\/\\\/www.cde.ual.es\\\/trabajar-en-alemania-como-cuando-y-donde\\\/\"},\"author\":{\"name\":\"AdminCDE\",\"@id\":\"https:\\\/\\\/www.cde.ual.es\\\/#\\\/schema\\\/person\\\/224ef08c8bcc005f319d2713ce37ee5f\"},\"headline\":\"Trabajar en Alemania: \u00bfc\u00f3mo, cu\u00e1ndo y d\u00f3nde?\",\"datePublished\":\"2017-03-07T10:32:03+00:00\",\"dateModified\":\"2017-03-07T10:33:11+00:00\",\"mainEntityOfPage\":{\"@id\":\"https:\\\/\\\/www.cde.ual.es\\\/trabajar-en-alemania-como-cuando-y-donde\\\/\"},\"wordCount\":387,\"commentCount\":0,\"publisher\":{\"@id\":\"https:\\\/\\\/www.cde.ual.es\\\/#organization\"},\"image\":{\"@id\":\"https:\\\/\\\/www.cde.ual.es\\\/trabajar-en-alemania-como-cuando-y-donde\\\/#primaryimage\"},\"thumbnailUrl\":\"http:\\\/\\\/www.cde.ual.es\\\/wp-content\\\/uploads\\\/2017\\\/03\\\/trabajo-alemania.jpg\",\"articleSection\":[\"Sin categorizar\"],\"inLanguage\":\"en-US\",\"potentialAction\":[{\"@type\":\"CommentAction\",\"name\":\"Comment\",\"target\":[\"https:\\\/\\\/www.cde.ual.es\\\/trabajar-en-alemania-como-cuando-y-donde\\\/#respond\"]}]},{\"@type\":\"WebPage\",\"@id\":\"https:\\\/\\\/www.cde.ual.es\\\/trabajar-en-alemania-como-cuando-y-donde\\\/\",\"url\":\"https:\\\/\\\/www.cde.ual.es\\\/trabajar-en-alemania-como-cuando-y-donde\\\/\",\"name\":\"Trabajar en Alemania: \u00bfc\u00f3mo, cu\u00e1ndo y d\u00f3nde? | CDE Almer\u00eda - Centro de Documentaci\u00f3n Europea - Universidad de Almer\u00eda\",\"isPartOf\":{\"@id\":\"https:\\\/\\\/www.cde.ual.es\\\/#website\"},\"primaryImageOfPage\":{\"@id\":\"https:\\\/\\\/www.cde.ual.es\\\/trabajar-en-alemania-como-cuando-y-donde\\\/#primaryimage\"},\"image\":{\"@id\":\"https:\\\/\\\/www.cde.ual.es\\\/trabajar-en-alemania-como-cuando-y-donde\\\/#primaryimage\"},\"thumbnailUrl\":\"http:\\\/\\\/www.cde.ual.es\\\/wp-content\\\/uploads\\\/2017\\\/03\\\/trabajo-alemania.jpg\",\"datePublished\":\"2017-03-07T10:32:03+00:00\",\"dateModified\":\"2017-03-07T10:33:11+00:00\",\"breadcrumb\":{\"@id\":\"https:\\\/\\\/www.cde.ual.es\\\/trabajar-en-alemania-como-cuando-y-donde\\\/#breadcrumb\"},\"inLanguage\":\"en-US\",\"potentialAction\":[{\"@type\":\"ReadAction\",\"target\":[\"https:\\\/\\\/www.cde.ual.es\\\/trabajar-en-alemania-como-cuando-y-donde\\\/\"]}]},{\"@type\":\"ImageObject\",\"inLanguage\":\"en-US\",\"@id\":\"https:\\\/\\\/www.cde.ual.es\\\/trabajar-en-alemania-como-cuando-y-donde\\\/#primaryimage\",\"url\":\"http:\\\/\\\/www.cde.ual.es\\\/wp-content\\\/uploads\\\/2017\\\/03\\\/trabajo-alemania.jpg\",\"contentUrl\":\"http:\\\/\\\/www.cde.ual.es\\\/wp-content\\\/uploads\\\/2017\\\/03\\\/trabajo-alemania.jpg\"},{\"@type\":\"BreadcrumbList\",\"@id\":\"https:\\\/\\\/www.cde.ual.es\\\/trabajar-en-alemania-como-cuando-y-donde\\\/#breadcrumb\",\"itemListElement\":[{\"@type\":\"ListItem\",\"position\":1,\"name\":\"Inicio\",\"item\":\"https:\\\/\\\/www.cde.ual.es\\\/en\\\/\"},{\"@type\":\"ListItem\",\"position\":2,\"name\":\"Sin categorizar\",\"item\":\"https:\\\/\\\/www.cde.ual.es\\\/category\\\/sin-categorizar\\\/\"},{\"@type\":\"ListItem\",\"position\":3,\"name\":\"Trabajar en Alemania: \u00bfc\u00f3mo, cu\u00e1ndo y d\u00f3nde?\"}]},{\"@type\":\"WebSite\",\"@id\":\"https:\\\/\\\/www.cde.ual.es\\\/#website\",\"url\":\"https:\\\/\\\/www.cde.ual.es\\\/\",\"name\":\"CDE Almer\u00eda - Centro de Documentaci\u00f3n Europea - Universidad de Almer\u00eda\",\"description\":\"Centro de Documentaci\u00f3n Europea de la Universidad de Almer\u00eda\",\"publisher\":{\"@id\":\"https:\\\/\\\/www.cde.ual.es\\\/#organization\"},\"alternateName\":\"CDE Almer\u00eda\",\"potentialAction\":[{\"@type\":\"SearchAction\",\"target\":{\"@type\":\"EntryPoint\",\"urlTemplate\":\"https:\\\/\\\/www.cde.ual.es\\\/?s={search_term_string}\"},\"query-input\":{\"@type\":\"PropertyValueSpecification\",\"valueRequired\":true,\"valueName\":\"search_term_string\"}}],\"inLanguage\":\"en-US\"},{\"@type\":\"Organization\",\"@id\":\"https:\\\/\\\/www.cde.ual.es\\\/#organization\",\"name\":\"Centro de Documentaci\u00f3n Europea de Almer\u00eda\",\"url\":\"https:\\\/\\\/www.cde.ual.es\\\/\",\"logo\":{\"@type\":\"ImageObject\",\"inLanguage\":\"en-US\",\"@id\":\"https:\\\/\\\/www.cde.ual.es\\\/#\\\/schema\\\/logo\\\/image\\\/\",\"url\":\"https:\\\/\\\/www.cde.ual.es\\\/wp-content\\\/uploads\\\/2025\\\/07\\\/cde-logo-3.png\",\"contentUrl\":\"https:\\\/\\\/www.cde.ual.es\\\/wp-content\\\/uploads\\\/2025\\\/07\\\/cde-logo-3.png\",\"width\":1400,\"height\":300,\"caption\":\"Centro de Documentaci\u00f3n Europea de Almer\u00eda\"},\"image\":{\"@id\":\"https:\\\/\\\/www.cde.ual.es\\\/#\\\/schema\\\/logo\\\/image\\\/\"},\"sameAs\":[\"https:\\\/\\\/www.facebook.com\\\/cdeuniversidadalmeria\\\/\",\"https:\\\/\\\/x.com\\\/cdeualmeria\",\"https:\\\/\\\/www.tiktok.com\\\/@cdealmeria\",\"https:\\\/\\\/www.instagram.com\\\/cdealmeria\\\/\",\"https:\\\/\\\/www.linkedin.com\\\/in\\\/cde-almera-812b26a9\\\/\"]},{\"@type\":\"Person\",\"@id\":\"https:\\\/\\\/www.cde.ual.es\\\/#\\\/schema\\\/person\\\/224ef08c8bcc005f319d2713ce37ee5f\",\"name\":\"AdminCDE\",\"image\":{\"@type\":\"ImageObject\",\"inLanguage\":\"en-US\",\"@id\":\"https:\\\/\\\/secure.gravatar.com\\\/avatar\\\/a72d038d371f995cd13706fac32274b7952a52e8fb0a84b5f80c85426f2a98a8?s=96&d=mm&r=g\",\"url\":\"https:\\\/\\\/secure.gravatar.com\\\/avatar\\\/a72d038d371f995cd13706fac32274b7952a52e8fb0a84b5f80c85426f2a98a8?s=96&d=mm&r=g\",\"contentUrl\":\"https:\\\/\\\/secure.gravatar.com\\\/avatar\\\/a72d038d371f995cd13706fac32274b7952a52e8fb0a84b5f80c85426f2a98a8?s=96&d=mm&r=g\",\"caption\":\"AdminCDE\"}}]}<\/script>\n<!-- \/ Yoast SEO plugin. -->","yoast_head_json":{"title":"Trabajar en Alemania: \u00bfc\u00f3mo, cu\u00e1ndo y d\u00f3nde? | CDE Almer\u00eda - Centro de Documentaci\u00f3n Europea - Universidad de Almer\u00eda","robots":{"index":"index","follow":"follow","max-snippet":"max-snippet:-1","max-image-preview":"max-image-preview:large","max-video-preview":"max-video-preview:-1"},"canonical":"https:\/\/www.cde.ual.es\/trabajar-en-alemania-como-cuando-y-donde\/","og_locale":"en_US","og_type":"article","og_title":"Trabajar en Alemania: \u00bfc\u00f3mo, cu\u00e1ndo y d\u00f3nde? | CDE Almer\u00eda - Centro de Documentaci\u00f3n Europea - Universidad de Almer\u00eda","og_description":"El pr\u00f3ximo 16 de marzo, tendr\u00e1 lugar de 9 de la ma\u00f1ana a 4 de la tarde\u00a0el evento online &#8220;EUROPEAN ONLINE JOB-DAY-MAKE IT IN GERMANY 2017&#8221; organizado por la red EURES (Red Europea de Servicios P\u00fablicos de Empleo). Este evento se podr\u00e1 seguir a trav\u00e9s de la plataforma Livestream en INGL\u00c9S. \u00bfEn qu\u00e9 consiste? En [&hellip;]","og_url":"https:\/\/www.cde.ual.es\/trabajar-en-alemania-como-cuando-y-donde\/","og_site_name":"CDE Almer\u00eda - Centro de Documentaci\u00f3n Europea - Universidad de Almer\u00eda","article_publisher":"https:\/\/www.facebook.com\/cdeuniversidadalmeria\/","article_published_time":"2017-03-07T10:32:03+00:00","article_modified_time":"2017-03-07T10:33:11+00:00","og_image":[{"url":"http:\/\/www.cde.ual.es\/wp-content\/uploads\/2017\/03\/trabajo-alemania.jpg","type":"","width":"","height":""}],"author":"AdminCDE","twitter_card":"summary_large_image","twitter_creator":"@cdeualmeria","twitter_site":"@cdeualmeria","twitter_misc":{"Written by":"AdminCDE","Est. reading time":"2 minutes"},"schema":{"@context":"https:\/\/schema.org","@graph":[{"@type":"Article","@id":"https:\/\/www.cde.ual.es\/trabajar-en-alemania-como-cuando-y-donde\/#article","isPartOf":{"@id":"https:\/\/www.cde.ual.es\/trabajar-en-alemania-como-cuando-y-donde\/"},"author":{"name":"AdminCDE","@id":"https:\/\/www.cde.ual.es\/#\/schema\/person\/224ef08c8bcc005f319d2713ce37ee5f"},"headline":"Trabajar en Alemania: \u00bfc\u00f3mo, cu\u00e1ndo y d\u00f3nde?","datePublished":"2017-03-07T10:32:03+00:00","dateModified":"2017-03-07T10:33:11+00:00","mainEntityOfPage":{"@id":"https:\/\/www.cde.ual.es\/trabajar-en-alemania-como-cuando-y-donde\/"},"wordCount":387,"commentCount":0,"publisher":{"@id":"https:\/\/www.cde.ual.es\/#organization"},"image":{"@id":"https:\/\/www.cde.ual.es\/trabajar-en-alemania-como-cuando-y-donde\/#primaryimage"},"thumbnailUrl":"http:\/\/www.cde.ual.es\/wp-content\/uploads\/2017\/03\/trabajo-alemania.jpg","articleSection":["Sin categorizar"],"inLanguage":"en-US","potentialAction":[{"@type":"CommentAction","name":"Comment","target":["https:\/\/www.cde.ual.es\/trabajar-en-alemania-como-cuando-y-donde\/#respond"]}]},{"@type":"WebPage","@id":"https:\/\/www.cde.ual.es\/trabajar-en-alemania-como-cuando-y-donde\/","url":"https:\/\/www.cde.ual.es\/trabajar-en-alemania-como-cuando-y-donde\/","name":"Trabajar en Alemania: \u00bfc\u00f3mo, cu\u00e1ndo y d\u00f3nde? | CDE Almer\u00eda - Centro de Documentaci\u00f3n Europea - Universidad de Almer\u00eda","isPartOf":{"@id":"https:\/\/www.cde.ual.es\/#website"},"primaryImageOfPage":{"@id":"https:\/\/www.cde.ual.es\/trabajar-en-alemania-como-cuando-y-donde\/#primaryimage"},"image":{"@id":"https:\/\/www.cde.ual.es\/trabajar-en-alemania-como-cuando-y-donde\/#primaryimage"},"thumbnailUrl":"http:\/\/www.cde.ual.es\/wp-content\/uploads\/2017\/03\/trabajo-alemania.jpg","datePublished":"2017-03-07T10:32:03+00:00","dateModified":"2017-03-07T10:33:11+00:00","breadcrumb":{"@id":"https:\/\/www.cde.ual.es\/trabajar-en-alemania-como-cuando-y-donde\/#breadcrumb"},"inLanguage":"en-US","potentialAction":[{"@type":"ReadAction","target":["https:\/\/www.cde.ual.es\/trabajar-en-alemania-como-cuando-y-donde\/"]}]},{"@type":"ImageObject","inLanguage":"en-US","@id":"https:\/\/www.cde.ual.es\/trabajar-en-alemania-como-cuando-y-donde\/#primaryimage","url":"http:\/\/www.cde.ual.es\/wp-content\/uploads\/2017\/03\/trabajo-alemania.jpg","contentUrl":"http:\/\/www.cde.ual.es\/wp-content\/uploads\/2017\/03\/trabajo-alemania.jpg"},{"@type":"BreadcrumbList","@id":"https:\/\/www.cde.ual.es\/trabajar-en-alemania-como-cuando-y-donde\/#breadcrumb","itemListElement":[{"@type":"ListItem","position":1,"name":"Inicio","item":"https:\/\/www.cde.ual.es\/en\/"},{"@type":"ListItem","position":2,"name":"Sin categorizar","item":"https:\/\/www.cde.ual.es\/category\/sin-categorizar\/"},{"@type":"ListItem","position":3,"name":"Trabajar en Alemania: \u00bfc\u00f3mo, cu\u00e1ndo y d\u00f3nde?"}]},{"@type":"WebSite","@id":"https:\/\/www.cde.ual.es\/#website","url":"https:\/\/www.cde.ual.es\/","name":"CDE Almer\u00eda - Centro de Documentaci\u00f3n Europea - Universidad de Almer\u00eda","description":"Centro de Documentaci\u00f3n Europea de la Universidad de Almer\u00eda","publisher":{"@id":"https:\/\/www.cde.ual.es\/#organization"},"alternateName":"CDE Almer\u00eda","potentialAction":[{"@type":"SearchAction","target":{"@type":"EntryPoint","urlTemplate":"https:\/\/www.cde.ual.es\/?s={search_term_string}"},"query-input":{"@type":"PropertyValueSpecification","valueRequired":true,"valueName":"search_term_string"}}],"inLanguage":"en-US"},{"@type":"Organization","@id":"https:\/\/www.cde.ual.es\/#organization","name":"Centro de Documentaci\u00f3n Europea de Almer\u00eda","url":"https:\/\/www.cde.ual.es\/","logo":{"@type":"ImageObject","inLanguage":"en-US","@id":"https:\/\/www.cde.ual.es\/#\/schema\/logo\/image\/","url":"https:\/\/www.cde.ual.es\/wp-content\/uploads\/2025\/07\/cde-logo-3.png","contentUrl":"https:\/\/www.cde.ual.es\/wp-content\/uploads\/2025\/07\/cde-logo-3.png","width":1400,"height":300,"caption":"Centro de Documentaci\u00f3n Europea de Almer\u00eda"},"image":{"@id":"https:\/\/www.cde.ual.es\/#\/schema\/logo\/image\/"},"sameAs":["https:\/\/www.facebook.com\/cdeuniversidadalmeria\/","https:\/\/x.com\/cdeualmeria","https:\/\/www.tiktok.com\/@cdealmeria","https:\/\/www.instagram.com\/cdealmeria\/","https:\/\/www.linkedin.com\/in\/cde-almera-812b26a9\/"]},{"@type":"Person","@id":"https:\/\/www.cde.ual.es\/#\/schema\/person\/224ef08c8bcc005f319d2713ce37ee5f","name":"AdminCDE","image":{"@type":"ImageObject","inLanguage":"en-US","@id":"https:\/\/secure.gravatar.com\/avatar\/a72d038d371f995cd13706fac32274b7952a52e8fb0a84b5f80c85426f2a98a8?s=96&d=mm&r=g","url":"https:\/\/secure.gravatar.com\/avatar\/a72d038d371f995cd13706fac32274b7952a52e8fb0a84b5f80c85426f2a98a8?s=96&d=mm&r=g","contentUrl":"https:\/\/secure.gravatar.com\/avatar\/a72d038d371f995cd13706fac32274b7952a52e8fb0a84b5f80c85426f2a98a8?s=96&d=mm&r=g","caption":"AdminCDE"}}]}},"_links":{"self":[{"href":"https:\/\/www.cde.ual.es\/en\/wp-json\/wp\/v2\/posts\/1445","targetHints":{"allow":["GET"]}}],"collection":[{"href":"https:\/\/www.cde.ual.es\/en\/wp-json\/wp\/v2\/posts"}],"about":[{"href":"https:\/\/www.cde.ual.es\/en\/wp-json\/wp\/v2\/types\/post"}],"author":[{"embeddable":true,"href":"https:\/\/www.cde.ual.es\/en\/wp-json\/wp\/v2\/users\/1"}],"replies":[{"embeddable":true,"href":"https:\/\/www.cde.ual.es\/en\/wp-json\/wp\/v2\/comments?post=1445"}],"version-history":[{"count":0,"href":"https:\/\/www.cde.ual.es\/en\/wp-json\/wp\/v2\/posts\/1445\/revisions"}],"wp:attachment":[{"href":"https:\/\/www.cde.ual.es\/en\/wp-json\/wp\/v2\/media?parent=1445"}],"wp:term":[{"taxonomy":"category","embeddable":true,"href":"https:\/\/www.cde.ual.es\/en\/wp-json\/wp\/v2\/categories?post=1445"},{"taxonomy":"post_tag","embeddable":true,"href":"https:\/\/www.cde.ual.es\/en\/wp-json\/wp\/v2\/tags?post=1445"}],"curies":[{"name":"wp","href":"https:\/\/api.w.org\/{rel}","templated":true}]}}