{"id":144273,"date":"2023-11-06T11:38:17","date_gmt":"2023-11-06T10:38:17","guid":{"rendered":"https:\/\/www.cde.ual.es\/?p=144273"},"modified":"2023-11-06T11:38:17","modified_gmt":"2023-11-06T10:38:17","slug":"european-commission-statement-on-antisemitic-incidents-in-europe","status":"publish","type":"post","link":"https:\/\/www.cde.ual.es\/en\/european-commission-statement-on-antisemitic-incidents-in-europe\/","title":{"rendered":"European Commission Statement on antisemitic incidents in Europe"},"content":{"rendered":"<section id=\"inline-nav-1\">\n<div class=\"ecl-paragraph\">\n<p style=\"text-align: justify;\"><strong>The spike of antisemitic incidents across Europe has reached extraordinary levels in the last few days, reminiscent of some of the darkest times in history. European Jews today are again living in fear.<\/strong><\/p>\n<p><a href=\"https:\/\/www.cde.ual.es\/wp-content\/uploads\/2023\/03\/guillaume-perigois-HL4LEIyGEYU-unsplash-scaled.jpg\"><img decoding=\"async\" class=\"aligncenter size-full wp-image-132459\" src=\"https:\/\/www.cde.ual.es\/wp-content\/uploads\/2023\/03\/guillaume-perigois-HL4LEIyGEYU-unsplash-scaled.jpg\" alt=\"bandera de europa\" width=\"2560\" height=\"1962\" srcset=\"https:\/\/www.cde.ual.es\/wp-content\/uploads\/2023\/03\/guillaume-perigois-HL4LEIyGEYU-unsplash-scaled.jpg 2560w, https:\/\/www.cde.ual.es\/wp-content\/uploads\/2023\/03\/guillaume-perigois-HL4LEIyGEYU-unsplash-300x230.jpg 300w, https:\/\/www.cde.ual.es\/wp-content\/uploads\/2023\/03\/guillaume-perigois-HL4LEIyGEYU-unsplash-1024x785.jpg 1024w, https:\/\/www.cde.ual.es\/wp-content\/uploads\/2023\/03\/guillaume-perigois-HL4LEIyGEYU-unsplash-768x588.jpg 768w, https:\/\/www.cde.ual.es\/wp-content\/uploads\/2023\/03\/guillaume-perigois-HL4LEIyGEYU-unsplash-1536x1177.jpg 1536w, https:\/\/www.cde.ual.es\/wp-content\/uploads\/2023\/03\/guillaume-perigois-HL4LEIyGEYU-unsplash-2048x1569.jpg 2048w\" sizes=\"(max-width: 2560px) 100vw, 2560px\" \/><\/a><\/p>\n<p style=\"text-align: justify;\">We have seen a resurgence of antisemitic incidents and rhetoric in the European Union and worldwide: Molotov cocktails thrown on a synagogue in Germany, stars of David sprayed on residential buildings in France, a Jewish cemetery desecrated in Austria, Jewish stores and synagogues attacked in Spain, demonstrators chanting hate slogans against Jews.<\/p>\n<p style=\"text-align: justify;\">In these difficult times the EU stands by its Jewish communities.<\/p>\n<p style=\"text-align: justify;\">We condemn these despicable acts in the strongest possible terms.<\/p>\n<p style=\"text-align: justify;\">They go against everything that Europe stands for.<\/p>\n<p style=\"text-align: justify;\">Against our core values and our way of life.<\/p>\n<p style=\"text-align: justify;\">Against the model of society we represent: one based on equality, inclusiveness and the full respect of human rights. Jewish, Muslim, Christian \u2013 no one should live in fear of discrimination or violence because of their religion or their identity. The EU is determined to protect the wellbeing of all its communities, ethnic, religious or other.<\/p>\n<p style=\"text-align: justify;\">We have to push back against this rise in antisemitism, as well as the rise in anti-Muslim hatred that we have been witnessing over the past weeks \u2013 which has no place in Europe.\u00a0 We already have powerful tools at our disposal to address such incidents: \u00a0EU law criminalises public incitement to hatred and violence and sets out a common approach to tackling racist and xenophobic hate speech and hate crimes.<\/p>\n<table style=\"width: 99.9988%; border-collapse: collapse; border-style: double; border-color: #001f7d;\" cellpadding=\"0,5\">\n<tbody>\n<tr>\n<td style=\"width: 100%;\"><a href=\"https:\/\/www.cde.ual.es\/en\/new-international-project-to-combat-antisemitism-through-education\/\" target=\"_blank\" rel=\"noopener\"><img decoding=\"async\" class=\"alignleft\" src=\"https:\/\/www.cde.ual.es\/wp-content\/uploads\/2022\/11\/banners-v2-higher-education-2k.png\" alt=\"\" width=\"154\" height=\"154\" \/><\/a><\/p>\n<h4 class=\"entry-title\"><a href=\"https:\/\/www.cde.ual.es\/en\/new-international-project-to-combat-antisemitism-through-education\/\" target=\"_blank\" rel=\"noopener\">New international project to combat antisemitism through education<\/a><\/h4>\n<\/td>\n<\/tr>\n<\/tbody>\n<\/table>\n<h3 style=\"text-align: justify;\"><\/h3>\n<p style=\"text-align: justify;\">Ensuring its rigorous enforcement is now more imperative than ever. And since 2021, the European Union has in place its first-ever comprehensive strategy on combating antisemitism and fostering Jewish life as well as since 2020 an EU anti-racism action plan.<\/p>\n<p style=\"text-align: justify;\">In cooperation with Member States, we will continue to step up security measures. We have already increased EU funding to protect places of worship and other premises and are working to make more support available. In parallel, we are stepping up the enforcement of relevant legislation to ensure online platforms react swiftly and effectively to antisemitic or anti-Muslim content online, be it terrorist content, hate speech or disinformation.<\/p>\n<p style=\"text-align: justify;\">It is our shared responsibility as Europeans to call out hate in all its forms and stand up against it.<\/p>\n<p><strong>More information: <a href=\"https:\/\/ec.europa.eu\/commission\/presscorner\/detail\/en\/statement_23_5527\">European Commission<\/a><\/strong><\/p>\n<\/div>\n<\/section>\n","protected":false},"excerpt":{"rendered":"<p>The spike of antisemitic incidents across Europe has reached extraordinary levels in the last few days, reminiscent of some of the darkest times in history. European Jews today are again living in fear. We have seen a resurgence of antisemitic incidents and rhetoric in the European Union and worldwide: Molotov cocktails thrown on a synagogue [&hellip;]<\/p>\n","protected":false},"author":1,"featured_media":132459,"comment_status":"open","ping_status":"open","sticky":false,"template":"","format":"standard","meta":{"_acf_changed":false,"_relevanssi_hide_post":"","_relevanssi_hide_content":"","_relevanssi_pin_for_all":"","_relevanssi_pin_keywords":"","_relevanssi_unpin_keywords":"","_relevanssi_related_keywords":"","_relevanssi_related_include_ids":"","_relevanssi_related_exclude_ids":"","_relevanssi_related_no_append":"","_relevanssi_related_not_related":"","_relevanssi_related_posts":"","_relevanssi_noindex_reason":"","_monsterinsights_skip_tracking":false,"_monsterinsights_sitenote_active":false,"_monsterinsights_sitenote_note":"","_monsterinsights_sitenote_category":0,"_genesis_hide_title":false,"_genesis_hide_breadcrumbs":false,"_genesis_hide_singular_image":false,"_genesis_hide_footer_widgets":false,"_genesis_custom_body_class":"","_genesis_custom_post_class":"","_genesis_layout":"","footnotes":""},"categories":[4069,346,4067],"tags":[1069,1217,1488,368],"class_list":{"0":"post-144273","1":"post","2":"type-post","3":"status-publish","4":"format-standard","5":"has-post-thumbnail","7":"category-equality","8":"category-eu-news","9":"category-social-affairs","10":"tag-antisemitism","11":"tag-europe","12":"tag-european-commission","13":"tag-european-union","14":"entry"},"acf":[],"yoast_head":"<!-- This site is optimized with the Yoast SEO plugin v27.5 - https:\/\/yoast.com\/product\/yoast-seo-wordpress\/ -->\n<title>European Commission Statement on antisemitic incidents in Europe | CDE Almer\u00eda - Centro de Documentaci\u00f3n Europea - Universidad de Almer\u00eda<\/title>\n<meta name=\"robots\" content=\"index, follow, max-snippet:-1, max-image-preview:large, max-video-preview:-1\" \/>\n<link rel=\"canonical\" href=\"https:\/\/www.cde.ual.es\/en\/european-commission-statement-on-antisemitic-incidents-in-europe\/\" \/>\n<meta property=\"og:locale\" content=\"en_US\" \/>\n<meta property=\"og:type\" content=\"article\" \/>\n<meta property=\"og:title\" content=\"European Commission Statement on antisemitic incidents in Europe | CDE Almer\u00eda - Centro de Documentaci\u00f3n Europea - Universidad de Almer\u00eda\" \/>\n<meta property=\"og:description\" content=\"The spike of antisemitic incidents across Europe has reached extraordinary levels in the last few days, reminiscent of some of the darkest times in history. European Jews today are again living in fear. We have seen a resurgence of antisemitic incidents and rhetoric in the European Union and worldwide: Molotov cocktails thrown on a synagogue [&hellip;]\" \/>\n<meta property=\"og:url\" content=\"https:\/\/www.cde.ual.es\/en\/european-commission-statement-on-antisemitic-incidents-in-europe\/\" \/>\n<meta property=\"og:site_name\" content=\"CDE Almer\u00eda - Centro de Documentaci\u00f3n Europea - Universidad de Almer\u00eda\" \/>\n<meta property=\"article:publisher\" content=\"https:\/\/www.facebook.com\/cdeuniversidadalmeria\/\" \/>\n<meta property=\"article:published_time\" content=\"2023-11-06T10:38:17+00:00\" \/>\n<meta property=\"og:image\" content=\"https:\/\/www.cde.ual.es\/wp-content\/uploads\/2023\/03\/guillaume-perigois-HL4LEIyGEYU-unsplash-scaled.jpg\" \/>\n\t<meta property=\"og:image:width\" content=\"2560\" \/>\n\t<meta property=\"og:image:height\" content=\"1962\" \/>\n\t<meta property=\"og:image:type\" content=\"image\/jpeg\" \/>\n<meta name=\"author\" content=\"AdminCDE\" \/>\n<meta name=\"twitter:card\" content=\"summary_large_image\" \/>\n<meta name=\"twitter:creator\" content=\"@cdeualmeria\" \/>\n<meta name=\"twitter:site\" content=\"@cdeualmeria\" \/>\n<meta name=\"twitter:label1\" content=\"Written by\" \/>\n\t<meta name=\"twitter:data1\" content=\"AdminCDE\" \/>\n\t<meta name=\"twitter:label2\" content=\"Est. reading time\" \/>\n\t<meta name=\"twitter:data2\" content=\"3 minutes\" \/>\n<script type=\"application\/ld+json\" class=\"yoast-schema-graph\">{\"@context\":\"https:\\\/\\\/schema.org\",\"@graph\":[{\"@type\":\"Article\",\"@id\":\"https:\\\/\\\/www.cde.ual.es\\\/en\\\/european-commission-statement-on-antisemitic-incidents-in-europe\\\/#article\",\"isPartOf\":{\"@id\":\"https:\\\/\\\/www.cde.ual.es\\\/en\\\/european-commission-statement-on-antisemitic-incidents-in-europe\\\/\"},\"author\":{\"name\":\"AdminCDE\",\"@id\":\"https:\\\/\\\/www.cde.ual.es\\\/#\\\/schema\\\/person\\\/224ef08c8bcc005f319d2713ce37ee5f\"},\"headline\":\"European Commission Statement on antisemitic incidents in Europe\",\"datePublished\":\"2023-11-06T10:38:17+00:00\",\"mainEntityOfPage\":{\"@id\":\"https:\\\/\\\/www.cde.ual.es\\\/en\\\/european-commission-statement-on-antisemitic-incidents-in-europe\\\/\"},\"wordCount\":394,\"commentCount\":0,\"publisher\":{\"@id\":\"https:\\\/\\\/www.cde.ual.es\\\/#organization\"},\"image\":{\"@id\":\"https:\\\/\\\/www.cde.ual.es\\\/en\\\/european-commission-statement-on-antisemitic-incidents-in-europe\\\/#primaryimage\"},\"thumbnailUrl\":\"https:\\\/\\\/www.cde.ual.es\\\/wp-content\\\/uploads\\\/2023\\\/03\\\/guillaume-perigois-HL4LEIyGEYU-unsplash-scaled.jpg\",\"keywords\":[\"antisemitism\",\"Europe\",\"European Commission\",\"European Union\"],\"articleSection\":[\"Equality\",\"EU News\",\"Social Affairs\"],\"inLanguage\":\"en-US\",\"potentialAction\":[{\"@type\":\"CommentAction\",\"name\":\"Comment\",\"target\":[\"https:\\\/\\\/www.cde.ual.es\\\/en\\\/european-commission-statement-on-antisemitic-incidents-in-europe\\\/#respond\"]}]},{\"@type\":\"WebPage\",\"@id\":\"https:\\\/\\\/www.cde.ual.es\\\/en\\\/european-commission-statement-on-antisemitic-incidents-in-europe\\\/\",\"url\":\"https:\\\/\\\/www.cde.ual.es\\\/en\\\/european-commission-statement-on-antisemitic-incidents-in-europe\\\/\",\"name\":\"European Commission Statement on antisemitic incidents in Europe | CDE Almer\u00eda - Centro de Documentaci\u00f3n Europea - Universidad de Almer\u00eda\",\"isPartOf\":{\"@id\":\"https:\\\/\\\/www.cde.ual.es\\\/#website\"},\"primaryImageOfPage\":{\"@id\":\"https:\\\/\\\/www.cde.ual.es\\\/en\\\/european-commission-statement-on-antisemitic-incidents-in-europe\\\/#primaryimage\"},\"image\":{\"@id\":\"https:\\\/\\\/www.cde.ual.es\\\/en\\\/european-commission-statement-on-antisemitic-incidents-in-europe\\\/#primaryimage\"},\"thumbnailUrl\":\"https:\\\/\\\/www.cde.ual.es\\\/wp-content\\\/uploads\\\/2023\\\/03\\\/guillaume-perigois-HL4LEIyGEYU-unsplash-scaled.jpg\",\"datePublished\":\"2023-11-06T10:38:17+00:00\",\"breadcrumb\":{\"@id\":\"https:\\\/\\\/www.cde.ual.es\\\/en\\\/european-commission-statement-on-antisemitic-incidents-in-europe\\\/#breadcrumb\"},\"inLanguage\":\"en-US\",\"potentialAction\":[{\"@type\":\"ReadAction\",\"target\":[\"https:\\\/\\\/www.cde.ual.es\\\/en\\\/european-commission-statement-on-antisemitic-incidents-in-europe\\\/\"]}]},{\"@type\":\"ImageObject\",\"inLanguage\":\"en-US\",\"@id\":\"https:\\\/\\\/www.cde.ual.es\\\/en\\\/european-commission-statement-on-antisemitic-incidents-in-europe\\\/#primaryimage\",\"url\":\"https:\\\/\\\/www.cde.ual.es\\\/wp-content\\\/uploads\\\/2023\\\/03\\\/guillaume-perigois-HL4LEIyGEYU-unsplash-scaled.jpg\",\"contentUrl\":\"https:\\\/\\\/www.cde.ual.es\\\/wp-content\\\/uploads\\\/2023\\\/03\\\/guillaume-perigois-HL4LEIyGEYU-unsplash-scaled.jpg\",\"width\":2560,\"height\":1962,\"caption\":\"bandera de europa\"},{\"@type\":\"BreadcrumbList\",\"@id\":\"https:\\\/\\\/www.cde.ual.es\\\/en\\\/european-commission-statement-on-antisemitic-incidents-in-europe\\\/#breadcrumb\",\"itemListElement\":[{\"@type\":\"ListItem\",\"position\":1,\"name\":\"Inicio\",\"item\":\"https:\\\/\\\/www.cde.ual.es\\\/en\\\/\"},{\"@type\":\"ListItem\",\"position\":2,\"name\":\"EU News\",\"item\":\"https:\\\/\\\/www.cde.ual.es\\\/en\\\/category\\\/eu-news\\\/\"},{\"@type\":\"ListItem\",\"position\":3,\"name\":\"Social Affairs\",\"item\":\"https:\\\/\\\/www.cde.ual.es\\\/en\\\/category\\\/eu-news\\\/social-affairs\\\/\"},{\"@type\":\"ListItem\",\"position\":4,\"name\":\"Equality\",\"item\":\"https:\\\/\\\/www.cde.ual.es\\\/en\\\/category\\\/eu-news\\\/social-affairs\\\/equality\\\/\"},{\"@type\":\"ListItem\",\"position\":5,\"name\":\"European Commission Statement on antisemitic incidents in Europe\"}]},{\"@type\":\"WebSite\",\"@id\":\"https:\\\/\\\/www.cde.ual.es\\\/#website\",\"url\":\"https:\\\/\\\/www.cde.ual.es\\\/\",\"name\":\"CDE Almer\u00eda - Centro de Documentaci\u00f3n Europea - Universidad de Almer\u00eda\",\"description\":\"Centro de Documentaci\u00f3n Europea de la Universidad de Almer\u00eda\",\"publisher\":{\"@id\":\"https:\\\/\\\/www.cde.ual.es\\\/#organization\"},\"alternateName\":\"CDE Almer\u00eda\",\"potentialAction\":[{\"@type\":\"SearchAction\",\"target\":{\"@type\":\"EntryPoint\",\"urlTemplate\":\"https:\\\/\\\/www.cde.ual.es\\\/?s={search_term_string}\"},\"query-input\":{\"@type\":\"PropertyValueSpecification\",\"valueRequired\":true,\"valueName\":\"search_term_string\"}}],\"inLanguage\":\"en-US\"},{\"@type\":\"Organization\",\"@id\":\"https:\\\/\\\/www.cde.ual.es\\\/#organization\",\"name\":\"Centro de Documentaci\u00f3n Europea de Almer\u00eda\",\"url\":\"https:\\\/\\\/www.cde.ual.es\\\/\",\"logo\":{\"@type\":\"ImageObject\",\"inLanguage\":\"en-US\",\"@id\":\"https:\\\/\\\/www.cde.ual.es\\\/#\\\/schema\\\/logo\\\/image\\\/\",\"url\":\"https:\\\/\\\/www.cde.ual.es\\\/wp-content\\\/uploads\\\/2025\\\/07\\\/cde-logo-3.png\",\"contentUrl\":\"https:\\\/\\\/www.cde.ual.es\\\/wp-content\\\/uploads\\\/2025\\\/07\\\/cde-logo-3.png\",\"width\":1400,\"height\":300,\"caption\":\"Centro de Documentaci\u00f3n Europea de Almer\u00eda\"},\"image\":{\"@id\":\"https:\\\/\\\/www.cde.ual.es\\\/#\\\/schema\\\/logo\\\/image\\\/\"},\"sameAs\":[\"https:\\\/\\\/www.facebook.com\\\/cdeuniversidadalmeria\\\/\",\"https:\\\/\\\/x.com\\\/cdeualmeria\",\"https:\\\/\\\/www.tiktok.com\\\/@cdealmeria\",\"https:\\\/\\\/www.instagram.com\\\/cdealmeria\\\/\",\"https:\\\/\\\/www.linkedin.com\\\/in\\\/cde-almera-812b26a9\\\/\"]},{\"@type\":\"Person\",\"@id\":\"https:\\\/\\\/www.cde.ual.es\\\/#\\\/schema\\\/person\\\/224ef08c8bcc005f319d2713ce37ee5f\",\"name\":\"AdminCDE\",\"image\":{\"@type\":\"ImageObject\",\"inLanguage\":\"en-US\",\"@id\":\"https:\\\/\\\/secure.gravatar.com\\\/avatar\\\/a72d038d371f995cd13706fac32274b7952a52e8fb0a84b5f80c85426f2a98a8?s=96&d=mm&r=g\",\"url\":\"https:\\\/\\\/secure.gravatar.com\\\/avatar\\\/a72d038d371f995cd13706fac32274b7952a52e8fb0a84b5f80c85426f2a98a8?s=96&d=mm&r=g\",\"contentUrl\":\"https:\\\/\\\/secure.gravatar.com\\\/avatar\\\/a72d038d371f995cd13706fac32274b7952a52e8fb0a84b5f80c85426f2a98a8?s=96&d=mm&r=g\",\"caption\":\"AdminCDE\"}}]}<\/script>\n<!-- \/ Yoast SEO plugin. -->","yoast_head_json":{"title":"European Commission Statement on antisemitic incidents in Europe | CDE Almer\u00eda - Centro de Documentaci\u00f3n Europea - Universidad de Almer\u00eda","robots":{"index":"index","follow":"follow","max-snippet":"max-snippet:-1","max-image-preview":"max-image-preview:large","max-video-preview":"max-video-preview:-1"},"canonical":"https:\/\/www.cde.ual.es\/en\/european-commission-statement-on-antisemitic-incidents-in-europe\/","og_locale":"en_US","og_type":"article","og_title":"European Commission Statement on antisemitic incidents in Europe | CDE Almer\u00eda - Centro de Documentaci\u00f3n Europea - Universidad de Almer\u00eda","og_description":"The spike of antisemitic incidents across Europe has reached extraordinary levels in the last few days, reminiscent of some of the darkest times in history. European Jews today are again living in fear. We have seen a resurgence of antisemitic incidents and rhetoric in the European Union and worldwide: Molotov cocktails thrown on a synagogue [&hellip;]","og_url":"https:\/\/www.cde.ual.es\/en\/european-commission-statement-on-antisemitic-incidents-in-europe\/","og_site_name":"CDE Almer\u00eda - Centro de Documentaci\u00f3n Europea - Universidad de Almer\u00eda","article_publisher":"https:\/\/www.facebook.com\/cdeuniversidadalmeria\/","article_published_time":"2023-11-06T10:38:17+00:00","og_image":[{"width":2560,"height":1962,"url":"https:\/\/www.cde.ual.es\/wp-content\/uploads\/2023\/03\/guillaume-perigois-HL4LEIyGEYU-unsplash-scaled.jpg","type":"image\/jpeg"}],"author":"AdminCDE","twitter_card":"summary_large_image","twitter_creator":"@cdeualmeria","twitter_site":"@cdeualmeria","twitter_misc":{"Written by":"AdminCDE","Est. reading time":"3 minutes"},"schema":{"@context":"https:\/\/schema.org","@graph":[{"@type":"Article","@id":"https:\/\/www.cde.ual.es\/en\/european-commission-statement-on-antisemitic-incidents-in-europe\/#article","isPartOf":{"@id":"https:\/\/www.cde.ual.es\/en\/european-commission-statement-on-antisemitic-incidents-in-europe\/"},"author":{"name":"AdminCDE","@id":"https:\/\/www.cde.ual.es\/#\/schema\/person\/224ef08c8bcc005f319d2713ce37ee5f"},"headline":"European Commission Statement on antisemitic incidents in Europe","datePublished":"2023-11-06T10:38:17+00:00","mainEntityOfPage":{"@id":"https:\/\/www.cde.ual.es\/en\/european-commission-statement-on-antisemitic-incidents-in-europe\/"},"wordCount":394,"commentCount":0,"publisher":{"@id":"https:\/\/www.cde.ual.es\/#organization"},"image":{"@id":"https:\/\/www.cde.ual.es\/en\/european-commission-statement-on-antisemitic-incidents-in-europe\/#primaryimage"},"thumbnailUrl":"https:\/\/www.cde.ual.es\/wp-content\/uploads\/2023\/03\/guillaume-perigois-HL4LEIyGEYU-unsplash-scaled.jpg","keywords":["antisemitism","Europe","European Commission","European Union"],"articleSection":["Equality","EU News","Social Affairs"],"inLanguage":"en-US","potentialAction":[{"@type":"CommentAction","name":"Comment","target":["https:\/\/www.cde.ual.es\/en\/european-commission-statement-on-antisemitic-incidents-in-europe\/#respond"]}]},{"@type":"WebPage","@id":"https:\/\/www.cde.ual.es\/en\/european-commission-statement-on-antisemitic-incidents-in-europe\/","url":"https:\/\/www.cde.ual.es\/en\/european-commission-statement-on-antisemitic-incidents-in-europe\/","name":"European Commission Statement on antisemitic incidents in Europe | CDE Almer\u00eda - Centro de Documentaci\u00f3n Europea - Universidad de Almer\u00eda","isPartOf":{"@id":"https:\/\/www.cde.ual.es\/#website"},"primaryImageOfPage":{"@id":"https:\/\/www.cde.ual.es\/en\/european-commission-statement-on-antisemitic-incidents-in-europe\/#primaryimage"},"image":{"@id":"https:\/\/www.cde.ual.es\/en\/european-commission-statement-on-antisemitic-incidents-in-europe\/#primaryimage"},"thumbnailUrl":"https:\/\/www.cde.ual.es\/wp-content\/uploads\/2023\/03\/guillaume-perigois-HL4LEIyGEYU-unsplash-scaled.jpg","datePublished":"2023-11-06T10:38:17+00:00","breadcrumb":{"@id":"https:\/\/www.cde.ual.es\/en\/european-commission-statement-on-antisemitic-incidents-in-europe\/#breadcrumb"},"inLanguage":"en-US","potentialAction":[{"@type":"ReadAction","target":["https:\/\/www.cde.ual.es\/en\/european-commission-statement-on-antisemitic-incidents-in-europe\/"]}]},{"@type":"ImageObject","inLanguage":"en-US","@id":"https:\/\/www.cde.ual.es\/en\/european-commission-statement-on-antisemitic-incidents-in-europe\/#primaryimage","url":"https:\/\/www.cde.ual.es\/wp-content\/uploads\/2023\/03\/guillaume-perigois-HL4LEIyGEYU-unsplash-scaled.jpg","contentUrl":"https:\/\/www.cde.ual.es\/wp-content\/uploads\/2023\/03\/guillaume-perigois-HL4LEIyGEYU-unsplash-scaled.jpg","width":2560,"height":1962,"caption":"bandera de europa"},{"@type":"BreadcrumbList","@id":"https:\/\/www.cde.ual.es\/en\/european-commission-statement-on-antisemitic-incidents-in-europe\/#breadcrumb","itemListElement":[{"@type":"ListItem","position":1,"name":"Inicio","item":"https:\/\/www.cde.ual.es\/en\/"},{"@type":"ListItem","position":2,"name":"EU News","item":"https:\/\/www.cde.ual.es\/en\/category\/eu-news\/"},{"@type":"ListItem","position":3,"name":"Social Affairs","item":"https:\/\/www.cde.ual.es\/en\/category\/eu-news\/social-affairs\/"},{"@type":"ListItem","position":4,"name":"Equality","item":"https:\/\/www.cde.ual.es\/en\/category\/eu-news\/social-affairs\/equality\/"},{"@type":"ListItem","position":5,"name":"European Commission Statement on antisemitic incidents in Europe"}]},{"@type":"WebSite","@id":"https:\/\/www.cde.ual.es\/#website","url":"https:\/\/www.cde.ual.es\/","name":"CDE Almer\u00eda - Centro de Documentaci\u00f3n Europea - Universidad de Almer\u00eda","description":"Centro de Documentaci\u00f3n Europea de la Universidad de Almer\u00eda","publisher":{"@id":"https:\/\/www.cde.ual.es\/#organization"},"alternateName":"CDE Almer\u00eda","potentialAction":[{"@type":"SearchAction","target":{"@type":"EntryPoint","urlTemplate":"https:\/\/www.cde.ual.es\/?s={search_term_string}"},"query-input":{"@type":"PropertyValueSpecification","valueRequired":true,"valueName":"search_term_string"}}],"inLanguage":"en-US"},{"@type":"Organization","@id":"https:\/\/www.cde.ual.es\/#organization","name":"Centro de Documentaci\u00f3n Europea de Almer\u00eda","url":"https:\/\/www.cde.ual.es\/","logo":{"@type":"ImageObject","inLanguage":"en-US","@id":"https:\/\/www.cde.ual.es\/#\/schema\/logo\/image\/","url":"https:\/\/www.cde.ual.es\/wp-content\/uploads\/2025\/07\/cde-logo-3.png","contentUrl":"https:\/\/www.cde.ual.es\/wp-content\/uploads\/2025\/07\/cde-logo-3.png","width":1400,"height":300,"caption":"Centro de Documentaci\u00f3n Europea de Almer\u00eda"},"image":{"@id":"https:\/\/www.cde.ual.es\/#\/schema\/logo\/image\/"},"sameAs":["https:\/\/www.facebook.com\/cdeuniversidadalmeria\/","https:\/\/x.com\/cdeualmeria","https:\/\/www.tiktok.com\/@cdealmeria","https:\/\/www.instagram.com\/cdealmeria\/","https:\/\/www.linkedin.com\/in\/cde-almera-812b26a9\/"]},{"@type":"Person","@id":"https:\/\/www.cde.ual.es\/#\/schema\/person\/224ef08c8bcc005f319d2713ce37ee5f","name":"AdminCDE","image":{"@type":"ImageObject","inLanguage":"en-US","@id":"https:\/\/secure.gravatar.com\/avatar\/a72d038d371f995cd13706fac32274b7952a52e8fb0a84b5f80c85426f2a98a8?s=96&d=mm&r=g","url":"https:\/\/secure.gravatar.com\/avatar\/a72d038d371f995cd13706fac32274b7952a52e8fb0a84b5f80c85426f2a98a8?s=96&d=mm&r=g","contentUrl":"https:\/\/secure.gravatar.com\/avatar\/a72d038d371f995cd13706fac32274b7952a52e8fb0a84b5f80c85426f2a98a8?s=96&d=mm&r=g","caption":"AdminCDE"}}]}},"_links":{"self":[{"href":"https:\/\/www.cde.ual.es\/en\/wp-json\/wp\/v2\/posts\/144273","targetHints":{"allow":["GET"]}}],"collection":[{"href":"https:\/\/www.cde.ual.es\/en\/wp-json\/wp\/v2\/posts"}],"about":[{"href":"https:\/\/www.cde.ual.es\/en\/wp-json\/wp\/v2\/types\/post"}],"author":[{"embeddable":true,"href":"https:\/\/www.cde.ual.es\/en\/wp-json\/wp\/v2\/users\/1"}],"replies":[{"embeddable":true,"href":"https:\/\/www.cde.ual.es\/en\/wp-json\/wp\/v2\/comments?post=144273"}],"version-history":[{"count":1,"href":"https:\/\/www.cde.ual.es\/en\/wp-json\/wp\/v2\/posts\/144273\/revisions"}],"predecessor-version":[{"id":144274,"href":"https:\/\/www.cde.ual.es\/en\/wp-json\/wp\/v2\/posts\/144273\/revisions\/144274"}],"wp:featuredmedia":[{"embeddable":true,"href":"https:\/\/www.cde.ual.es\/en\/wp-json\/wp\/v2\/media\/132459"}],"wp:attachment":[{"href":"https:\/\/www.cde.ual.es\/en\/wp-json\/wp\/v2\/media?parent=144273"}],"wp:term":[{"taxonomy":"category","embeddable":true,"href":"https:\/\/www.cde.ual.es\/en\/wp-json\/wp\/v2\/categories?post=144273"},{"taxonomy":"post_tag","embeddable":true,"href":"https:\/\/www.cde.ual.es\/en\/wp-json\/wp\/v2\/tags?post=144273"}],"curies":[{"name":"wp","href":"https:\/\/api.w.org\/{rel}","templated":true}]}}