{"id":143745,"date":"2023-10-31T03:00:49","date_gmt":"2023-10-31T02:00:49","guid":{"rendered":"https:\/\/www.cde.ual.es\/?p=143745"},"modified":"2023-10-31T08:28:43","modified_gmt":"2023-10-31T07:28:43","slug":"the-european-commission-clears-the-creation-of-a-joint-venture-between-iberdrola-and-bp","status":"publish","type":"post","link":"https:\/\/www.cde.ual.es\/en\/the-european-commission-clears-the-creation-of-a-joint-venture-between-iberdrola-and-bp\/","title":{"rendered":"The European Commission clears the creation of a joint venture between Iberdrola and BP"},"content":{"rendered":"<p style=\"text-align: justify;\"><strong>The European Commission has approved under the EU Merger Regulation the creation of a joint venture between Iberdrola, S.A. of Spain and BP, p.l.c. of the United Kingdom.<\/strong><\/p>\n<p style=\"text-align: justify;\"><a href=\"https:\/\/www.cde.ual.es\/wp-content\/uploads\/2023\/10\/chris-liverani-9cd8qOgeNIY-unsplash-scaled.jpg\"><img decoding=\"async\" class=\" wp-image-143743 aligncenter\" src=\"https:\/\/www.cde.ual.es\/wp-content\/uploads\/2023\/10\/chris-liverani-9cd8qOgeNIY-unsplash-scaled.jpg\" alt=\"\" width=\"522\" height=\"338\" srcset=\"https:\/\/www.cde.ual.es\/wp-content\/uploads\/2023\/10\/chris-liverani-9cd8qOgeNIY-unsplash-scaled.jpg 2560w, https:\/\/www.cde.ual.es\/wp-content\/uploads\/2023\/10\/chris-liverani-9cd8qOgeNIY-unsplash-300x194.jpg 300w, https:\/\/www.cde.ual.es\/wp-content\/uploads\/2023\/10\/chris-liverani-9cd8qOgeNIY-unsplash-1024x663.jpg 1024w, https:\/\/www.cde.ual.es\/wp-content\/uploads\/2023\/10\/chris-liverani-9cd8qOgeNIY-unsplash-768x497.jpg 768w, https:\/\/www.cde.ual.es\/wp-content\/uploads\/2023\/10\/chris-liverani-9cd8qOgeNIY-unsplash-1536x995.jpg 1536w, https:\/\/www.cde.ual.es\/wp-content\/uploads\/2023\/10\/chris-liverani-9cd8qOgeNIY-unsplash-2048x1326.jpg 2048w\" sizes=\"(max-width: 522px) 100vw, 522px\" \/><\/a><\/p>\n<p style=\"text-align: justify;\">The operation mainly concerns the markets for the installation, operation and maintenance of a public network of electric vehicle charging stations with fast and ultra-fast charging speeds in Spain and Portugal.<\/p>\n<p style=\"text-align: justify;\">The Commission concluded that the notified transaction would not raise competition concerns, given its limited impact on competition in the markets where the companies are active and the presence of a sufficiently large number of alternative charging point operators. These markets are expected to grow significantly over the next three years. The notified operation was examined under the normal merger control procedure.<\/p>\n<p style=\"text-align: justify;\"><strong>More information<\/strong><\/p>\n<p style=\"text-align: justify;\">The Commission&#8217;s <a href=\"https:\/\/competition-policy.ec.europa.eu\/index_en\" target=\"_blank\" rel=\"noopener\">Competition<\/a> website, in the public case <a href=\"https:\/\/competition-cases.ec.europa.eu\/search\" target=\"_blank\" rel=\"noopener\">register<\/a> under the number <a href=\"https:\/\/competition-cases.ec.europa.eu\/cases\/M.11128\" target=\"_blank\" rel=\"noopener\">M.11128.<\/a><\/p>\n","protected":false},"excerpt":{"rendered":"<p>The European Commission has approved under the EU Merger Regulation the creation of a joint venture between Iberdrola, S.A. of Spain and BP, p.l.c. of the United Kingdom. The operation mainly concerns the markets for the installation, operation and maintenance of a public network of electric vehicle charging stations with fast and ultra-fast charging speeds [&hellip;]<\/p>\n","protected":false},"author":101011,"featured_media":143743,"comment_status":"open","ping_status":"open","sticky":false,"template":"","format":"standard","meta":{"_acf_changed":false,"_relevanssi_hide_post":"","_relevanssi_hide_content":"","_relevanssi_pin_for_all":"","_relevanssi_pin_keywords":"","_relevanssi_unpin_keywords":"","_relevanssi_related_keywords":"","_relevanssi_related_include_ids":"","_relevanssi_related_exclude_ids":"","_relevanssi_related_no_append":"","_relevanssi_related_not_related":"","_relevanssi_related_posts":"","_relevanssi_noindex_reason":"","_monsterinsights_skip_tracking":false,"_monsterinsights_sitenote_active":false,"_monsterinsights_sitenote_note":"","_monsterinsights_sitenote_category":0,"_genesis_hide_title":false,"_genesis_hide_breadcrumbs":false,"_genesis_hide_singular_image":false,"_genesis_hide_footer_widgets":false,"_genesis_custom_body_class":"","_genesis_custom_post_class":"","_genesis_layout":"","footnotes":""},"categories":[4090,346,4064,4065,4089,4088],"tags":[10553,2278,1488,10554,8569,806,1580],"class_list":{"0":"post-143745","1":"post","2":"type-post","3":"status-publish","4":"format-standard","5":"has-post-thumbnail","7":"category-economy-finance","8":"category-eu-news","9":"category-institutional","10":"category-international-pol-coop","11":"category-international-trade","12":"category-market","13":"tag-bp-en","14":"tag-comision-europea-en","15":"tag-european-commission","16":"tag-iberdrola-en","17":"tag-joint-venture","18":"tag-spain","19":"tag-united-kingdom","20":"entry"},"acf":[],"yoast_head":"<!-- This site is optimized with the Yoast SEO plugin v27.4 - https:\/\/yoast.com\/product\/yoast-seo-wordpress\/ -->\n<title>The European Commission clears the creation of a joint venture between Iberdrola and BP | CDE Almer\u00eda - Centro de Documentaci\u00f3n Europea - Universidad de Almer\u00eda<\/title>\n<meta name=\"robots\" content=\"index, follow, max-snippet:-1, max-image-preview:large, max-video-preview:-1\" \/>\n<link rel=\"canonical\" href=\"https:\/\/www.cde.ual.es\/en\/the-european-commission-clears-the-creation-of-a-joint-venture-between-iberdrola-and-bp\/\" \/>\n<meta property=\"og:locale\" content=\"en_US\" \/>\n<meta property=\"og:type\" content=\"article\" \/>\n<meta property=\"og:title\" content=\"The European Commission clears the creation of a joint venture between Iberdrola and BP | CDE Almer\u00eda - Centro de Documentaci\u00f3n Europea - Universidad de Almer\u00eda\" \/>\n<meta property=\"og:description\" content=\"The European Commission has approved under the EU Merger Regulation the creation of a joint venture between Iberdrola, S.A. of Spain and BP, p.l.c. of the United Kingdom. The operation mainly concerns the markets for the installation, operation and maintenance of a public network of electric vehicle charging stations with fast and ultra-fast charging speeds [&hellip;]\" \/>\n<meta property=\"og:url\" content=\"https:\/\/www.cde.ual.es\/en\/the-european-commission-clears-the-creation-of-a-joint-venture-between-iberdrola-and-bp\/\" \/>\n<meta property=\"og:site_name\" content=\"CDE Almer\u00eda - Centro de Documentaci\u00f3n Europea - Universidad de Almer\u00eda\" \/>\n<meta property=\"article:publisher\" content=\"https:\/\/www.facebook.com\/cdeuniversidadalmeria\/\" \/>\n<meta property=\"article:published_time\" content=\"2023-10-31T02:00:49+00:00\" \/>\n<meta property=\"article:modified_time\" content=\"2023-10-31T07:28:43+00:00\" \/>\n<meta property=\"og:image\" content=\"https:\/\/www.cde.ual.es\/wp-content\/uploads\/2023\/10\/chris-liverani-9cd8qOgeNIY-unsplash-scaled.jpg\" \/>\n\t<meta property=\"og:image:width\" content=\"2560\" \/>\n\t<meta property=\"og:image:height\" content=\"1658\" \/>\n\t<meta property=\"og:image:type\" content=\"image\/jpeg\" \/>\n<meta name=\"author\" content=\"BECA 2 CDE\" \/>\n<meta name=\"twitter:card\" content=\"summary_large_image\" \/>\n<meta name=\"twitter:creator\" content=\"@cdeualmeria\" \/>\n<meta name=\"twitter:site\" content=\"@cdeualmeria\" \/>\n<meta name=\"twitter:label1\" content=\"Written by\" \/>\n\t<meta name=\"twitter:data1\" content=\"BECA 2 CDE\" \/>\n\t<meta name=\"twitter:label2\" content=\"Est. reading time\" \/>\n\t<meta name=\"twitter:data2\" content=\"1 minute\" \/>\n<script type=\"application\/ld+json\" class=\"yoast-schema-graph\">{\"@context\":\"https:\\\/\\\/schema.org\",\"@graph\":[{\"@type\":\"Article\",\"@id\":\"https:\\\/\\\/www.cde.ual.es\\\/en\\\/the-european-commission-clears-the-creation-of-a-joint-venture-between-iberdrola-and-bp\\\/#article\",\"isPartOf\":{\"@id\":\"https:\\\/\\\/www.cde.ual.es\\\/en\\\/the-european-commission-clears-the-creation-of-a-joint-venture-between-iberdrola-and-bp\\\/\"},\"author\":{\"name\":\"BECA 2 CDE\",\"@id\":\"https:\\\/\\\/www.cde.ual.es\\\/#\\\/schema\\\/person\\\/ee46ebc19edfa19598c02cff83335acc\"},\"headline\":\"The European Commission clears the creation of a joint venture between Iberdrola and BP\",\"datePublished\":\"2023-10-31T02:00:49+00:00\",\"dateModified\":\"2023-10-31T07:28:43+00:00\",\"mainEntityOfPage\":{\"@id\":\"https:\\\/\\\/www.cde.ual.es\\\/en\\\/the-european-commission-clears-the-creation-of-a-joint-venture-between-iberdrola-and-bp\\\/\"},\"wordCount\":154,\"commentCount\":0,\"publisher\":{\"@id\":\"https:\\\/\\\/www.cde.ual.es\\\/#organization\"},\"image\":{\"@id\":\"https:\\\/\\\/www.cde.ual.es\\\/en\\\/the-european-commission-clears-the-creation-of-a-joint-venture-between-iberdrola-and-bp\\\/#primaryimage\"},\"thumbnailUrl\":\"https:\\\/\\\/www.cde.ual.es\\\/wp-content\\\/uploads\\\/2023\\\/10\\\/chris-liverani-9cd8qOgeNIY-unsplash-scaled.jpg\",\"keywords\":[\"BP\",\"Comision Europea\",\"European Commission\",\"Iberdrola\",\"joint venture\",\"Spain\",\"United Kingdom\"],\"articleSection\":[\"Economy and Finance\",\"EU News\",\"Institutional Affairs\",\"International Politics and Cooperation\",\"International Trade\",\"Market\"],\"inLanguage\":\"en-US\",\"potentialAction\":[{\"@type\":\"CommentAction\",\"name\":\"Comment\",\"target\":[\"https:\\\/\\\/www.cde.ual.es\\\/en\\\/the-european-commission-clears-the-creation-of-a-joint-venture-between-iberdrola-and-bp\\\/#respond\"]}]},{\"@type\":\"WebPage\",\"@id\":\"https:\\\/\\\/www.cde.ual.es\\\/en\\\/the-european-commission-clears-the-creation-of-a-joint-venture-between-iberdrola-and-bp\\\/\",\"url\":\"https:\\\/\\\/www.cde.ual.es\\\/en\\\/the-european-commission-clears-the-creation-of-a-joint-venture-between-iberdrola-and-bp\\\/\",\"name\":\"The European Commission clears the creation of a joint venture between Iberdrola and BP | CDE Almer\u00eda - Centro de Documentaci\u00f3n Europea - Universidad de Almer\u00eda\",\"isPartOf\":{\"@id\":\"https:\\\/\\\/www.cde.ual.es\\\/#website\"},\"primaryImageOfPage\":{\"@id\":\"https:\\\/\\\/www.cde.ual.es\\\/en\\\/the-european-commission-clears-the-creation-of-a-joint-venture-between-iberdrola-and-bp\\\/#primaryimage\"},\"image\":{\"@id\":\"https:\\\/\\\/www.cde.ual.es\\\/en\\\/the-european-commission-clears-the-creation-of-a-joint-venture-between-iberdrola-and-bp\\\/#primaryimage\"},\"thumbnailUrl\":\"https:\\\/\\\/www.cde.ual.es\\\/wp-content\\\/uploads\\\/2023\\\/10\\\/chris-liverani-9cd8qOgeNIY-unsplash-scaled.jpg\",\"datePublished\":\"2023-10-31T02:00:49+00:00\",\"dateModified\":\"2023-10-31T07:28:43+00:00\",\"breadcrumb\":{\"@id\":\"https:\\\/\\\/www.cde.ual.es\\\/en\\\/the-european-commission-clears-the-creation-of-a-joint-venture-between-iberdrola-and-bp\\\/#breadcrumb\"},\"inLanguage\":\"en-US\",\"potentialAction\":[{\"@type\":\"ReadAction\",\"target\":[\"https:\\\/\\\/www.cde.ual.es\\\/en\\\/the-european-commission-clears-the-creation-of-a-joint-venture-between-iberdrola-and-bp\\\/\"]}]},{\"@type\":\"ImageObject\",\"inLanguage\":\"en-US\",\"@id\":\"https:\\\/\\\/www.cde.ual.es\\\/en\\\/the-european-commission-clears-the-creation-of-a-joint-venture-between-iberdrola-and-bp\\\/#primaryimage\",\"url\":\"https:\\\/\\\/www.cde.ual.es\\\/wp-content\\\/uploads\\\/2023\\\/10\\\/chris-liverani-9cd8qOgeNIY-unsplash-scaled.jpg\",\"contentUrl\":\"https:\\\/\\\/www.cde.ual.es\\\/wp-content\\\/uploads\\\/2023\\\/10\\\/chris-liverani-9cd8qOgeNIY-unsplash-scaled.jpg\",\"width\":2560,\"height\":1658},{\"@type\":\"BreadcrumbList\",\"@id\":\"https:\\\/\\\/www.cde.ual.es\\\/en\\\/the-european-commission-clears-the-creation-of-a-joint-venture-between-iberdrola-and-bp\\\/#breadcrumb\",\"itemListElement\":[{\"@type\":\"ListItem\",\"position\":1,\"name\":\"Inicio\",\"item\":\"https:\\\/\\\/www.cde.ual.es\\\/en\\\/\"},{\"@type\":\"ListItem\",\"position\":2,\"name\":\"EU News\",\"item\":\"https:\\\/\\\/www.cde.ual.es\\\/en\\\/category\\\/eu-news\\\/\"},{\"@type\":\"ListItem\",\"position\":3,\"name\":\"Institutional Affairs\",\"item\":\"https:\\\/\\\/www.cde.ual.es\\\/en\\\/category\\\/eu-news\\\/institutional\\\/\"},{\"@type\":\"ListItem\",\"position\":4,\"name\":\"International Politics and Cooperation\",\"item\":\"https:\\\/\\\/www.cde.ual.es\\\/en\\\/category\\\/eu-news\\\/institutional\\\/international-pol-coop\\\/\"},{\"@type\":\"ListItem\",\"position\":5,\"name\":\"The European Commission clears the creation of a joint venture between Iberdrola and BP\"}]},{\"@type\":\"WebSite\",\"@id\":\"https:\\\/\\\/www.cde.ual.es\\\/#website\",\"url\":\"https:\\\/\\\/www.cde.ual.es\\\/\",\"name\":\"CDE Almer\u00eda - Centro de Documentaci\u00f3n Europea - Universidad de Almer\u00eda\",\"description\":\"Centro de Documentaci\u00f3n Europea de la Universidad de Almer\u00eda\",\"publisher\":{\"@id\":\"https:\\\/\\\/www.cde.ual.es\\\/#organization\"},\"alternateName\":\"CDE Almer\u00eda\",\"potentialAction\":[{\"@type\":\"SearchAction\",\"target\":{\"@type\":\"EntryPoint\",\"urlTemplate\":\"https:\\\/\\\/www.cde.ual.es\\\/?s={search_term_string}\"},\"query-input\":{\"@type\":\"PropertyValueSpecification\",\"valueRequired\":true,\"valueName\":\"search_term_string\"}}],\"inLanguage\":\"en-US\"},{\"@type\":\"Organization\",\"@id\":\"https:\\\/\\\/www.cde.ual.es\\\/#organization\",\"name\":\"Centro de Documentaci\u00f3n Europea de Almer\u00eda\",\"url\":\"https:\\\/\\\/www.cde.ual.es\\\/\",\"logo\":{\"@type\":\"ImageObject\",\"inLanguage\":\"en-US\",\"@id\":\"https:\\\/\\\/www.cde.ual.es\\\/#\\\/schema\\\/logo\\\/image\\\/\",\"url\":\"https:\\\/\\\/www.cde.ual.es\\\/wp-content\\\/uploads\\\/2025\\\/07\\\/cde-logo-3.png\",\"contentUrl\":\"https:\\\/\\\/www.cde.ual.es\\\/wp-content\\\/uploads\\\/2025\\\/07\\\/cde-logo-3.png\",\"width\":1400,\"height\":300,\"caption\":\"Centro de Documentaci\u00f3n Europea de Almer\u00eda\"},\"image\":{\"@id\":\"https:\\\/\\\/www.cde.ual.es\\\/#\\\/schema\\\/logo\\\/image\\\/\"},\"sameAs\":[\"https:\\\/\\\/www.facebook.com\\\/cdeuniversidadalmeria\\\/\",\"https:\\\/\\\/x.com\\\/cdeualmeria\",\"https:\\\/\\\/www.tiktok.com\\\/@cdealmeria\",\"https:\\\/\\\/www.instagram.com\\\/cdealmeria\\\/\",\"https:\\\/\\\/www.linkedin.com\\\/in\\\/cde-almera-812b26a9\\\/\"]},{\"@type\":\"Person\",\"@id\":\"https:\\\/\\\/www.cde.ual.es\\\/#\\\/schema\\\/person\\\/ee46ebc19edfa19598c02cff83335acc\",\"name\":\"BECA 2 CDE\",\"image\":{\"@type\":\"ImageObject\",\"inLanguage\":\"en-US\",\"@id\":\"https:\\\/\\\/secure.gravatar.com\\\/avatar\\\/35a481bbc04bbd90e91bdfa3b0b5541036c222a49b9ad37b6889a2afcb5311a5?s=96&d=mm&r=g\",\"url\":\"https:\\\/\\\/secure.gravatar.com\\\/avatar\\\/35a481bbc04bbd90e91bdfa3b0b5541036c222a49b9ad37b6889a2afcb5311a5?s=96&d=mm&r=g\",\"contentUrl\":\"https:\\\/\\\/secure.gravatar.com\\\/avatar\\\/35a481bbc04bbd90e91bdfa3b0b5541036c222a49b9ad37b6889a2afcb5311a5?s=96&d=mm&r=g\",\"caption\":\"BECA 2 CDE\"},\"sameAs\":[\"http:\\\/\\\/www.cdealmeria.com\"]}]}<\/script>\n<!-- \/ Yoast SEO plugin. -->","yoast_head_json":{"title":"The European Commission clears the creation of a joint venture between Iberdrola and BP | CDE Almer\u00eda - Centro de Documentaci\u00f3n Europea - Universidad de Almer\u00eda","robots":{"index":"index","follow":"follow","max-snippet":"max-snippet:-1","max-image-preview":"max-image-preview:large","max-video-preview":"max-video-preview:-1"},"canonical":"https:\/\/www.cde.ual.es\/en\/the-european-commission-clears-the-creation-of-a-joint-venture-between-iberdrola-and-bp\/","og_locale":"en_US","og_type":"article","og_title":"The European Commission clears the creation of a joint venture between Iberdrola and BP | CDE Almer\u00eda - Centro de Documentaci\u00f3n Europea - Universidad de Almer\u00eda","og_description":"The European Commission has approved under the EU Merger Regulation the creation of a joint venture between Iberdrola, S.A. of Spain and BP, p.l.c. of the United Kingdom. The operation mainly concerns the markets for the installation, operation and maintenance of a public network of electric vehicle charging stations with fast and ultra-fast charging speeds [&hellip;]","og_url":"https:\/\/www.cde.ual.es\/en\/the-european-commission-clears-the-creation-of-a-joint-venture-between-iberdrola-and-bp\/","og_site_name":"CDE Almer\u00eda - Centro de Documentaci\u00f3n Europea - Universidad de Almer\u00eda","article_publisher":"https:\/\/www.facebook.com\/cdeuniversidadalmeria\/","article_published_time":"2023-10-31T02:00:49+00:00","article_modified_time":"2023-10-31T07:28:43+00:00","og_image":[{"width":2560,"height":1658,"url":"https:\/\/www.cde.ual.es\/wp-content\/uploads\/2023\/10\/chris-liverani-9cd8qOgeNIY-unsplash-scaled.jpg","type":"image\/jpeg"}],"author":"BECA 2 CDE","twitter_card":"summary_large_image","twitter_creator":"@cdeualmeria","twitter_site":"@cdeualmeria","twitter_misc":{"Written by":"BECA 2 CDE","Est. reading time":"1 minute"},"schema":{"@context":"https:\/\/schema.org","@graph":[{"@type":"Article","@id":"https:\/\/www.cde.ual.es\/en\/the-european-commission-clears-the-creation-of-a-joint-venture-between-iberdrola-and-bp\/#article","isPartOf":{"@id":"https:\/\/www.cde.ual.es\/en\/the-european-commission-clears-the-creation-of-a-joint-venture-between-iberdrola-and-bp\/"},"author":{"name":"BECA 2 CDE","@id":"https:\/\/www.cde.ual.es\/#\/schema\/person\/ee46ebc19edfa19598c02cff83335acc"},"headline":"The European Commission clears the creation of a joint venture between Iberdrola and BP","datePublished":"2023-10-31T02:00:49+00:00","dateModified":"2023-10-31T07:28:43+00:00","mainEntityOfPage":{"@id":"https:\/\/www.cde.ual.es\/en\/the-european-commission-clears-the-creation-of-a-joint-venture-between-iberdrola-and-bp\/"},"wordCount":154,"commentCount":0,"publisher":{"@id":"https:\/\/www.cde.ual.es\/#organization"},"image":{"@id":"https:\/\/www.cde.ual.es\/en\/the-european-commission-clears-the-creation-of-a-joint-venture-between-iberdrola-and-bp\/#primaryimage"},"thumbnailUrl":"https:\/\/www.cde.ual.es\/wp-content\/uploads\/2023\/10\/chris-liverani-9cd8qOgeNIY-unsplash-scaled.jpg","keywords":["BP","Comision Europea","European Commission","Iberdrola","joint venture","Spain","United Kingdom"],"articleSection":["Economy and Finance","EU News","Institutional Affairs","International Politics and Cooperation","International Trade","Market"],"inLanguage":"en-US","potentialAction":[{"@type":"CommentAction","name":"Comment","target":["https:\/\/www.cde.ual.es\/en\/the-european-commission-clears-the-creation-of-a-joint-venture-between-iberdrola-and-bp\/#respond"]}]},{"@type":"WebPage","@id":"https:\/\/www.cde.ual.es\/en\/the-european-commission-clears-the-creation-of-a-joint-venture-between-iberdrola-and-bp\/","url":"https:\/\/www.cde.ual.es\/en\/the-european-commission-clears-the-creation-of-a-joint-venture-between-iberdrola-and-bp\/","name":"The European Commission clears the creation of a joint venture between Iberdrola and BP | CDE Almer\u00eda - Centro de Documentaci\u00f3n Europea - Universidad de Almer\u00eda","isPartOf":{"@id":"https:\/\/www.cde.ual.es\/#website"},"primaryImageOfPage":{"@id":"https:\/\/www.cde.ual.es\/en\/the-european-commission-clears-the-creation-of-a-joint-venture-between-iberdrola-and-bp\/#primaryimage"},"image":{"@id":"https:\/\/www.cde.ual.es\/en\/the-european-commission-clears-the-creation-of-a-joint-venture-between-iberdrola-and-bp\/#primaryimage"},"thumbnailUrl":"https:\/\/www.cde.ual.es\/wp-content\/uploads\/2023\/10\/chris-liverani-9cd8qOgeNIY-unsplash-scaled.jpg","datePublished":"2023-10-31T02:00:49+00:00","dateModified":"2023-10-31T07:28:43+00:00","breadcrumb":{"@id":"https:\/\/www.cde.ual.es\/en\/the-european-commission-clears-the-creation-of-a-joint-venture-between-iberdrola-and-bp\/#breadcrumb"},"inLanguage":"en-US","potentialAction":[{"@type":"ReadAction","target":["https:\/\/www.cde.ual.es\/en\/the-european-commission-clears-the-creation-of-a-joint-venture-between-iberdrola-and-bp\/"]}]},{"@type":"ImageObject","inLanguage":"en-US","@id":"https:\/\/www.cde.ual.es\/en\/the-european-commission-clears-the-creation-of-a-joint-venture-between-iberdrola-and-bp\/#primaryimage","url":"https:\/\/www.cde.ual.es\/wp-content\/uploads\/2023\/10\/chris-liverani-9cd8qOgeNIY-unsplash-scaled.jpg","contentUrl":"https:\/\/www.cde.ual.es\/wp-content\/uploads\/2023\/10\/chris-liverani-9cd8qOgeNIY-unsplash-scaled.jpg","width":2560,"height":1658},{"@type":"BreadcrumbList","@id":"https:\/\/www.cde.ual.es\/en\/the-european-commission-clears-the-creation-of-a-joint-venture-between-iberdrola-and-bp\/#breadcrumb","itemListElement":[{"@type":"ListItem","position":1,"name":"Inicio","item":"https:\/\/www.cde.ual.es\/en\/"},{"@type":"ListItem","position":2,"name":"EU News","item":"https:\/\/www.cde.ual.es\/en\/category\/eu-news\/"},{"@type":"ListItem","position":3,"name":"Institutional Affairs","item":"https:\/\/www.cde.ual.es\/en\/category\/eu-news\/institutional\/"},{"@type":"ListItem","position":4,"name":"International Politics and Cooperation","item":"https:\/\/www.cde.ual.es\/en\/category\/eu-news\/institutional\/international-pol-coop\/"},{"@type":"ListItem","position":5,"name":"The European Commission clears the creation of a joint venture between Iberdrola and BP"}]},{"@type":"WebSite","@id":"https:\/\/www.cde.ual.es\/#website","url":"https:\/\/www.cde.ual.es\/","name":"CDE Almer\u00eda - Centro de Documentaci\u00f3n Europea - Universidad de Almer\u00eda","description":"Centro de Documentaci\u00f3n Europea de la Universidad de Almer\u00eda","publisher":{"@id":"https:\/\/www.cde.ual.es\/#organization"},"alternateName":"CDE Almer\u00eda","potentialAction":[{"@type":"SearchAction","target":{"@type":"EntryPoint","urlTemplate":"https:\/\/www.cde.ual.es\/?s={search_term_string}"},"query-input":{"@type":"PropertyValueSpecification","valueRequired":true,"valueName":"search_term_string"}}],"inLanguage":"en-US"},{"@type":"Organization","@id":"https:\/\/www.cde.ual.es\/#organization","name":"Centro de Documentaci\u00f3n Europea de Almer\u00eda","url":"https:\/\/www.cde.ual.es\/","logo":{"@type":"ImageObject","inLanguage":"en-US","@id":"https:\/\/www.cde.ual.es\/#\/schema\/logo\/image\/","url":"https:\/\/www.cde.ual.es\/wp-content\/uploads\/2025\/07\/cde-logo-3.png","contentUrl":"https:\/\/www.cde.ual.es\/wp-content\/uploads\/2025\/07\/cde-logo-3.png","width":1400,"height":300,"caption":"Centro de Documentaci\u00f3n Europea de Almer\u00eda"},"image":{"@id":"https:\/\/www.cde.ual.es\/#\/schema\/logo\/image\/"},"sameAs":["https:\/\/www.facebook.com\/cdeuniversidadalmeria\/","https:\/\/x.com\/cdeualmeria","https:\/\/www.tiktok.com\/@cdealmeria","https:\/\/www.instagram.com\/cdealmeria\/","https:\/\/www.linkedin.com\/in\/cde-almera-812b26a9\/"]},{"@type":"Person","@id":"https:\/\/www.cde.ual.es\/#\/schema\/person\/ee46ebc19edfa19598c02cff83335acc","name":"BECA 2 CDE","image":{"@type":"ImageObject","inLanguage":"en-US","@id":"https:\/\/secure.gravatar.com\/avatar\/35a481bbc04bbd90e91bdfa3b0b5541036c222a49b9ad37b6889a2afcb5311a5?s=96&d=mm&r=g","url":"https:\/\/secure.gravatar.com\/avatar\/35a481bbc04bbd90e91bdfa3b0b5541036c222a49b9ad37b6889a2afcb5311a5?s=96&d=mm&r=g","contentUrl":"https:\/\/secure.gravatar.com\/avatar\/35a481bbc04bbd90e91bdfa3b0b5541036c222a49b9ad37b6889a2afcb5311a5?s=96&d=mm&r=g","caption":"BECA 2 CDE"},"sameAs":["http:\/\/www.cdealmeria.com"]}]}},"_links":{"self":[{"href":"https:\/\/www.cde.ual.es\/en\/wp-json\/wp\/v2\/posts\/143745","targetHints":{"allow":["GET"]}}],"collection":[{"href":"https:\/\/www.cde.ual.es\/en\/wp-json\/wp\/v2\/posts"}],"about":[{"href":"https:\/\/www.cde.ual.es\/en\/wp-json\/wp\/v2\/types\/post"}],"author":[{"embeddable":true,"href":"https:\/\/www.cde.ual.es\/en\/wp-json\/wp\/v2\/users\/101011"}],"replies":[{"embeddable":true,"href":"https:\/\/www.cde.ual.es\/en\/wp-json\/wp\/v2\/comments?post=143745"}],"version-history":[{"count":2,"href":"https:\/\/www.cde.ual.es\/en\/wp-json\/wp\/v2\/posts\/143745\/revisions"}],"predecessor-version":[{"id":143858,"href":"https:\/\/www.cde.ual.es\/en\/wp-json\/wp\/v2\/posts\/143745\/revisions\/143858"}],"wp:featuredmedia":[{"embeddable":true,"href":"https:\/\/www.cde.ual.es\/en\/wp-json\/wp\/v2\/media\/143743"}],"wp:attachment":[{"href":"https:\/\/www.cde.ual.es\/en\/wp-json\/wp\/v2\/media?parent=143745"}],"wp:term":[{"taxonomy":"category","embeddable":true,"href":"https:\/\/www.cde.ual.es\/en\/wp-json\/wp\/v2\/categories?post=143745"},{"taxonomy":"post_tag","embeddable":true,"href":"https:\/\/www.cde.ual.es\/en\/wp-json\/wp\/v2\/tags?post=143745"}],"curies":[{"name":"wp","href":"https:\/\/api.w.org\/{rel}","templated":true}]}}