{"id":143553,"date":"2023-10-27T10:41:39","date_gmt":"2023-10-27T08:41:39","guid":{"rendered":"https:\/\/www.cde.ual.es\/?p=143553"},"modified":"2023-10-27T10:53:17","modified_gmt":"2023-10-27T08:53:17","slug":"if-the-airline-denies-you-boarding-even-with-prior-notice-you-are-entitled-to-compensation-cjeu-judgment","status":"publish","type":"post","link":"https:\/\/www.cde.ual.es\/en\/if-the-airline-denies-you-boarding-even-with-prior-notice-you-are-entitled-to-compensation-cjeu-judgment\/","title":{"rendered":"If the airline denies you boarding, even with prior notice, you are entitled to compensation. CJEU Judgment"},"content":{"rendered":"<p style=\"text-align: justify;\"><strong>Pre-emptively denied boarding: passengers have the right to compensation even if they did not present themselves for boarding and even if they have been informed at least two weeks before the scheduled time of departure of the flight that they will be denied boarding<\/strong><\/p>\n<p><a href=\"https:\/\/www.cde.ual.es\/wp-content\/uploads\/2023\/10\/pexels-pixabay-46148-scaled.jpg\"><img decoding=\"async\" class=\" wp-image-143544 aligncenter\" src=\"https:\/\/www.cde.ual.es\/wp-content\/uploads\/2023\/10\/pexels-pixabay-46148-scaled.jpg\" alt=\"\" width=\"556\" height=\"417\" srcset=\"https:\/\/www.cde.ual.es\/wp-content\/uploads\/2023\/10\/pexels-pixabay-46148-scaled.jpg 2560w, https:\/\/www.cde.ual.es\/wp-content\/uploads\/2023\/10\/pexels-pixabay-46148-300x225.jpg 300w, https:\/\/www.cde.ual.es\/wp-content\/uploads\/2023\/10\/pexels-pixabay-46148-1024x768.jpg 1024w, https:\/\/www.cde.ual.es\/wp-content\/uploads\/2023\/10\/pexels-pixabay-46148-768x576.jpg 768w, https:\/\/www.cde.ual.es\/wp-content\/uploads\/2023\/10\/pexels-pixabay-46148-1536x1152.jpg 1536w, https:\/\/www.cde.ual.es\/wp-content\/uploads\/2023\/10\/pexels-pixabay-46148-2048x1536.jpg 2048w\" sizes=\"(max-width: 556px) 100vw, 556px\" \/><\/a><\/p>\n<p style=\"text-align: justify;\">Finding it impossible to check in for the flight from Frankfurt am Main to Madrid that she had reserved for the next day, a passenger contacted the company LATAM Airlines. That company then informed her that it had, without warning her, transferred her to a flight operated the day before. It also informed her that she had been barred from the return flight, which was to be operated more than two weeks later, on the ground that she had not taken the outward flight. That passenger claimed a lump sum of EUR 250 from LATAM Airlines by way of compensation on account of the denied boarding of the return flight.<\/p>\n<p style=\"text-align: justify;\">The German court seised by the passenger asks the Court of Justice whether such compensation presupposes, under the Regulation on air passengers\u2019 rights, that the passenger must have presented him or herself for check-in despite the fact that the airline informed that passenger in advance that he or she would not be allowed to board.<\/p>\n<p style=\"text-align: justify;\">That court also wishes to ascertain whether the airline may, as is provided for in respect of flight cancellations, be exempted from the obligation to pay compensation where it gives the passenger sufficient advance warning that he or she will be denied boarding, that is to say, at least two weeks before the scheduled time of departure of the flight.<\/p>\n<p style=\"text-align: justify;\">With this judgment, the Court finds that, in the event of pre-emptively denied boarding, the compensation for denied boarding is payable even if the passenger concerned did not present him or herself for check-in.<\/p>\n<p style=\"text-align: justify;\">Where the air carrier has informed the passenger in advance that it will refuse, against that passenger\u2019s will, to allow him or her to board a flight for which he or she has a confirmed reservation, the requirement for that passenger to present him or herself for check-in is an unnecessary formality.<\/p>\n<p style=\"text-align: justify;\">The Court also holds that the right to compensation applies even if the passenger was informed at least two weeks before the scheduled time of departure of the flight that he or she would be denied boarding.<\/p>\n<p style=\"text-align: justify;\">There is no reason to apply to denied boarding the rule, provided for exclusively in respect of flight cancellations, that air carriers are released from their obligation to compensate passengers if they inform them of the flight cancellation at least two weeks before the scheduled time of departure.<\/p>\n<p style=\"text-align: justify;\"><a href=\"https:\/\/www.cde.ual.es\/wp-content\/uploads\/2023\/10\/cp230162en.pdf\" target=\"_blank\" rel=\"noopener\">PRESS RELEASE No 162\/23<\/a><br \/>\nLuxembourg, 26 October 2023<br \/>\nJudgment of the Court in Case C-238\/22 | LATAM Airlines Group<\/p>\n","protected":false},"excerpt":{"rendered":"<p>Pre-emptively denied boarding: passengers have the right to compensation even if they did not present themselves for boarding and even if they have been informed at least two weeks before the scheduled time of departure of the flight that they will be denied boarding Finding it impossible to check in for the flight from Frankfurt [&hellip;]<\/p>\n","protected":false},"author":101011,"featured_media":143544,"comment_status":"open","ping_status":"open","sticky":false,"template":"","format":"standard","meta":{"_acf_changed":false,"_relevanssi_hide_post":"","_relevanssi_hide_content":"","_relevanssi_pin_for_all":"","_relevanssi_pin_keywords":"","_relevanssi_unpin_keywords":"","_relevanssi_related_keywords":"","_relevanssi_related_include_ids":"","_relevanssi_related_exclude_ids":"","_relevanssi_related_no_append":"","_relevanssi_related_not_related":"","_relevanssi_related_posts":"","_relevanssi_noindex_reason":"","_monsterinsights_skip_tracking":false,"_monsterinsights_sitenote_active":false,"_monsterinsights_sitenote_note":"","_monsterinsights_sitenote_category":0,"_genesis_hide_title":false,"_genesis_hide_breadcrumbs":false,"_genesis_hide_singular_image":false,"_genesis_hide_footer_widgets":false,"_genesis_custom_body_class":"","_genesis_custom_post_class":"","_genesis_layout":"","footnotes":""},"categories":[346,4080,4079],"tags":[10527,10528,6617],"class_list":{"0":"post-143553","1":"post","2":"type-post","3":"status-publish","4":"format-standard","5":"has-post-thumbnail","7":"category-eu-news","8":"category-jurisprudence","9":"category-law","10":"tag-airline-denies-you-boarding","11":"tag-cjeu-judgment","12":"tag-compensation","13":"entry"},"acf":[],"yoast_head":"<!-- This site is optimized with the Yoast SEO plugin v27.5 - https:\/\/yoast.com\/product\/yoast-seo-wordpress\/ -->\n<title>If the airline denies you boarding, even with prior notice, you are entitled to compensation. CJEU Judgment | CDE Almer\u00eda - Centro de Documentaci\u00f3n Europea - Universidad de Almer\u00eda<\/title>\n<meta name=\"robots\" content=\"index, follow, max-snippet:-1, max-image-preview:large, max-video-preview:-1\" \/>\n<link rel=\"canonical\" href=\"https:\/\/www.cde.ual.es\/en\/if-the-airline-denies-you-boarding-even-with-prior-notice-you-are-entitled-to-compensation-cjeu-judgment\/\" \/>\n<meta property=\"og:locale\" content=\"en_US\" \/>\n<meta property=\"og:type\" content=\"article\" \/>\n<meta property=\"og:title\" content=\"If the airline denies you boarding, even with prior notice, you are entitled to compensation. CJEU Judgment | CDE Almer\u00eda - Centro de Documentaci\u00f3n Europea - Universidad de Almer\u00eda\" \/>\n<meta property=\"og:description\" content=\"Pre-emptively denied boarding: passengers have the right to compensation even if they did not present themselves for boarding and even if they have been informed at least two weeks before the scheduled time of departure of the flight that they will be denied boarding Finding it impossible to check in for the flight from Frankfurt [&hellip;]\" \/>\n<meta property=\"og:url\" content=\"https:\/\/www.cde.ual.es\/en\/if-the-airline-denies-you-boarding-even-with-prior-notice-you-are-entitled-to-compensation-cjeu-judgment\/\" \/>\n<meta property=\"og:site_name\" content=\"CDE Almer\u00eda - Centro de Documentaci\u00f3n Europea - Universidad de Almer\u00eda\" \/>\n<meta property=\"article:publisher\" content=\"https:\/\/www.facebook.com\/cdeuniversidadalmeria\/\" \/>\n<meta property=\"article:published_time\" content=\"2023-10-27T08:41:39+00:00\" \/>\n<meta property=\"article:modified_time\" content=\"2023-10-27T08:53:17+00:00\" \/>\n<meta property=\"og:image\" content=\"https:\/\/www.cde.ual.es\/wp-content\/uploads\/2023\/10\/pexels-pixabay-46148-scaled.jpg\" \/>\n\t<meta property=\"og:image:width\" content=\"2560\" \/>\n\t<meta property=\"og:image:height\" content=\"1920\" \/>\n\t<meta property=\"og:image:type\" content=\"image\/jpeg\" \/>\n<meta name=\"author\" content=\"BECA 2 CDE\" \/>\n<meta name=\"twitter:card\" content=\"summary_large_image\" \/>\n<meta name=\"twitter:creator\" content=\"@cdeualmeria\" \/>\n<meta name=\"twitter:site\" content=\"@cdeualmeria\" \/>\n<meta name=\"twitter:label1\" content=\"Written by\" \/>\n\t<meta name=\"twitter:data1\" content=\"BECA 2 CDE\" \/>\n\t<meta name=\"twitter:label2\" content=\"Est. reading time\" \/>\n\t<meta name=\"twitter:data2\" content=\"3 minutes\" \/>\n<script type=\"application\/ld+json\" class=\"yoast-schema-graph\">{\"@context\":\"https:\\\/\\\/schema.org\",\"@graph\":[{\"@type\":\"Article\",\"@id\":\"https:\\\/\\\/www.cde.ual.es\\\/en\\\/if-the-airline-denies-you-boarding-even-with-prior-notice-you-are-entitled-to-compensation-cjeu-judgment\\\/#article\",\"isPartOf\":{\"@id\":\"https:\\\/\\\/www.cde.ual.es\\\/en\\\/if-the-airline-denies-you-boarding-even-with-prior-notice-you-are-entitled-to-compensation-cjeu-judgment\\\/\"},\"author\":{\"name\":\"BECA 2 CDE\",\"@id\":\"https:\\\/\\\/www.cde.ual.es\\\/#\\\/schema\\\/person\\\/ee46ebc19edfa19598c02cff83335acc\"},\"headline\":\"If the airline denies you boarding, even with prior notice, you are entitled to compensation. CJEU Judgment\",\"datePublished\":\"2023-10-27T08:41:39+00:00\",\"dateModified\":\"2023-10-27T08:53:17+00:00\",\"mainEntityOfPage\":{\"@id\":\"https:\\\/\\\/www.cde.ual.es\\\/en\\\/if-the-airline-denies-you-boarding-even-with-prior-notice-you-are-entitled-to-compensation-cjeu-judgment\\\/\"},\"wordCount\":472,\"commentCount\":0,\"publisher\":{\"@id\":\"https:\\\/\\\/www.cde.ual.es\\\/#organization\"},\"image\":{\"@id\":\"https:\\\/\\\/www.cde.ual.es\\\/en\\\/if-the-airline-denies-you-boarding-even-with-prior-notice-you-are-entitled-to-compensation-cjeu-judgment\\\/#primaryimage\"},\"thumbnailUrl\":\"https:\\\/\\\/www.cde.ual.es\\\/wp-content\\\/uploads\\\/2023\\\/10\\\/pexels-pixabay-46148-scaled.jpg\",\"keywords\":[\"airline denies you boarding\",\"CJEU Judgment\",\"compensation\"],\"articleSection\":[\"EU News\",\"Jurisprudence\",\"Law\"],\"inLanguage\":\"en-US\",\"potentialAction\":[{\"@type\":\"CommentAction\",\"name\":\"Comment\",\"target\":[\"https:\\\/\\\/www.cde.ual.es\\\/en\\\/if-the-airline-denies-you-boarding-even-with-prior-notice-you-are-entitled-to-compensation-cjeu-judgment\\\/#respond\"]}]},{\"@type\":\"WebPage\",\"@id\":\"https:\\\/\\\/www.cde.ual.es\\\/en\\\/if-the-airline-denies-you-boarding-even-with-prior-notice-you-are-entitled-to-compensation-cjeu-judgment\\\/\",\"url\":\"https:\\\/\\\/www.cde.ual.es\\\/en\\\/if-the-airline-denies-you-boarding-even-with-prior-notice-you-are-entitled-to-compensation-cjeu-judgment\\\/\",\"name\":\"If the airline denies you boarding, even with prior notice, you are entitled to compensation. CJEU Judgment | CDE Almer\u00eda - Centro de Documentaci\u00f3n Europea - Universidad de Almer\u00eda\",\"isPartOf\":{\"@id\":\"https:\\\/\\\/www.cde.ual.es\\\/#website\"},\"primaryImageOfPage\":{\"@id\":\"https:\\\/\\\/www.cde.ual.es\\\/en\\\/if-the-airline-denies-you-boarding-even-with-prior-notice-you-are-entitled-to-compensation-cjeu-judgment\\\/#primaryimage\"},\"image\":{\"@id\":\"https:\\\/\\\/www.cde.ual.es\\\/en\\\/if-the-airline-denies-you-boarding-even-with-prior-notice-you-are-entitled-to-compensation-cjeu-judgment\\\/#primaryimage\"},\"thumbnailUrl\":\"https:\\\/\\\/www.cde.ual.es\\\/wp-content\\\/uploads\\\/2023\\\/10\\\/pexels-pixabay-46148-scaled.jpg\",\"datePublished\":\"2023-10-27T08:41:39+00:00\",\"dateModified\":\"2023-10-27T08:53:17+00:00\",\"breadcrumb\":{\"@id\":\"https:\\\/\\\/www.cde.ual.es\\\/en\\\/if-the-airline-denies-you-boarding-even-with-prior-notice-you-are-entitled-to-compensation-cjeu-judgment\\\/#breadcrumb\"},\"inLanguage\":\"en-US\",\"potentialAction\":[{\"@type\":\"ReadAction\",\"target\":[\"https:\\\/\\\/www.cde.ual.es\\\/en\\\/if-the-airline-denies-you-boarding-even-with-prior-notice-you-are-entitled-to-compensation-cjeu-judgment\\\/\"]}]},{\"@type\":\"ImageObject\",\"inLanguage\":\"en-US\",\"@id\":\"https:\\\/\\\/www.cde.ual.es\\\/en\\\/if-the-airline-denies-you-boarding-even-with-prior-notice-you-are-entitled-to-compensation-cjeu-judgment\\\/#primaryimage\",\"url\":\"https:\\\/\\\/www.cde.ual.es\\\/wp-content\\\/uploads\\\/2023\\\/10\\\/pexels-pixabay-46148-scaled.jpg\",\"contentUrl\":\"https:\\\/\\\/www.cde.ual.es\\\/wp-content\\\/uploads\\\/2023\\\/10\\\/pexels-pixabay-46148-scaled.jpg\",\"width\":2560,\"height\":1920},{\"@type\":\"BreadcrumbList\",\"@id\":\"https:\\\/\\\/www.cde.ual.es\\\/en\\\/if-the-airline-denies-you-boarding-even-with-prior-notice-you-are-entitled-to-compensation-cjeu-judgment\\\/#breadcrumb\",\"itemListElement\":[{\"@type\":\"ListItem\",\"position\":1,\"name\":\"Inicio\",\"item\":\"https:\\\/\\\/www.cde.ual.es\\\/en\\\/\"},{\"@type\":\"ListItem\",\"position\":2,\"name\":\"EU News\",\"item\":\"https:\\\/\\\/www.cde.ual.es\\\/en\\\/category\\\/eu-news\\\/\"},{\"@type\":\"ListItem\",\"position\":3,\"name\":\"Law\",\"item\":\"https:\\\/\\\/www.cde.ual.es\\\/en\\\/category\\\/eu-news\\\/law\\\/\"},{\"@type\":\"ListItem\",\"position\":4,\"name\":\"Jurisprudence\",\"item\":\"https:\\\/\\\/www.cde.ual.es\\\/en\\\/category\\\/eu-news\\\/law\\\/jurisprudence\\\/\"},{\"@type\":\"ListItem\",\"position\":5,\"name\":\"If the airline denies you boarding, even with prior notice, you are entitled to compensation. CJEU Judgment\"}]},{\"@type\":\"WebSite\",\"@id\":\"https:\\\/\\\/www.cde.ual.es\\\/#website\",\"url\":\"https:\\\/\\\/www.cde.ual.es\\\/\",\"name\":\"CDE Almer\u00eda - Centro de Documentaci\u00f3n Europea - Universidad de Almer\u00eda\",\"description\":\"Centro de Documentaci\u00f3n Europea de la Universidad de Almer\u00eda\",\"publisher\":{\"@id\":\"https:\\\/\\\/www.cde.ual.es\\\/#organization\"},\"alternateName\":\"CDE Almer\u00eda\",\"potentialAction\":[{\"@type\":\"SearchAction\",\"target\":{\"@type\":\"EntryPoint\",\"urlTemplate\":\"https:\\\/\\\/www.cde.ual.es\\\/?s={search_term_string}\"},\"query-input\":{\"@type\":\"PropertyValueSpecification\",\"valueRequired\":true,\"valueName\":\"search_term_string\"}}],\"inLanguage\":\"en-US\"},{\"@type\":\"Organization\",\"@id\":\"https:\\\/\\\/www.cde.ual.es\\\/#organization\",\"name\":\"Centro de Documentaci\u00f3n Europea de Almer\u00eda\",\"url\":\"https:\\\/\\\/www.cde.ual.es\\\/\",\"logo\":{\"@type\":\"ImageObject\",\"inLanguage\":\"en-US\",\"@id\":\"https:\\\/\\\/www.cde.ual.es\\\/#\\\/schema\\\/logo\\\/image\\\/\",\"url\":\"https:\\\/\\\/www.cde.ual.es\\\/wp-content\\\/uploads\\\/2025\\\/07\\\/cde-logo-3.png\",\"contentUrl\":\"https:\\\/\\\/www.cde.ual.es\\\/wp-content\\\/uploads\\\/2025\\\/07\\\/cde-logo-3.png\",\"width\":1400,\"height\":300,\"caption\":\"Centro de Documentaci\u00f3n Europea de Almer\u00eda\"},\"image\":{\"@id\":\"https:\\\/\\\/www.cde.ual.es\\\/#\\\/schema\\\/logo\\\/image\\\/\"},\"sameAs\":[\"https:\\\/\\\/www.facebook.com\\\/cdeuniversidadalmeria\\\/\",\"https:\\\/\\\/x.com\\\/cdeualmeria\",\"https:\\\/\\\/www.tiktok.com\\\/@cdealmeria\",\"https:\\\/\\\/www.instagram.com\\\/cdealmeria\\\/\",\"https:\\\/\\\/www.linkedin.com\\\/in\\\/cde-almera-812b26a9\\\/\"]},{\"@type\":\"Person\",\"@id\":\"https:\\\/\\\/www.cde.ual.es\\\/#\\\/schema\\\/person\\\/ee46ebc19edfa19598c02cff83335acc\",\"name\":\"BECA 2 CDE\",\"image\":{\"@type\":\"ImageObject\",\"inLanguage\":\"en-US\",\"@id\":\"https:\\\/\\\/secure.gravatar.com\\\/avatar\\\/35a481bbc04bbd90e91bdfa3b0b5541036c222a49b9ad37b6889a2afcb5311a5?s=96&d=mm&r=g\",\"url\":\"https:\\\/\\\/secure.gravatar.com\\\/avatar\\\/35a481bbc04bbd90e91bdfa3b0b5541036c222a49b9ad37b6889a2afcb5311a5?s=96&d=mm&r=g\",\"contentUrl\":\"https:\\\/\\\/secure.gravatar.com\\\/avatar\\\/35a481bbc04bbd90e91bdfa3b0b5541036c222a49b9ad37b6889a2afcb5311a5?s=96&d=mm&r=g\",\"caption\":\"BECA 2 CDE\"},\"sameAs\":[\"http:\\\/\\\/www.cdealmeria.com\"]}]}<\/script>\n<!-- \/ Yoast SEO plugin. -->","yoast_head_json":{"title":"If the airline denies you boarding, even with prior notice, you are entitled to compensation. CJEU Judgment | CDE Almer\u00eda - Centro de Documentaci\u00f3n Europea - Universidad de Almer\u00eda","robots":{"index":"index","follow":"follow","max-snippet":"max-snippet:-1","max-image-preview":"max-image-preview:large","max-video-preview":"max-video-preview:-1"},"canonical":"https:\/\/www.cde.ual.es\/en\/if-the-airline-denies-you-boarding-even-with-prior-notice-you-are-entitled-to-compensation-cjeu-judgment\/","og_locale":"en_US","og_type":"article","og_title":"If the airline denies you boarding, even with prior notice, you are entitled to compensation. CJEU Judgment | CDE Almer\u00eda - Centro de Documentaci\u00f3n Europea - Universidad de Almer\u00eda","og_description":"Pre-emptively denied boarding: passengers have the right to compensation even if they did not present themselves for boarding and even if they have been informed at least two weeks before the scheduled time of departure of the flight that they will be denied boarding Finding it impossible to check in for the flight from Frankfurt [&hellip;]","og_url":"https:\/\/www.cde.ual.es\/en\/if-the-airline-denies-you-boarding-even-with-prior-notice-you-are-entitled-to-compensation-cjeu-judgment\/","og_site_name":"CDE Almer\u00eda - Centro de Documentaci\u00f3n Europea - Universidad de Almer\u00eda","article_publisher":"https:\/\/www.facebook.com\/cdeuniversidadalmeria\/","article_published_time":"2023-10-27T08:41:39+00:00","article_modified_time":"2023-10-27T08:53:17+00:00","og_image":[{"width":2560,"height":1920,"url":"https:\/\/www.cde.ual.es\/wp-content\/uploads\/2023\/10\/pexels-pixabay-46148-scaled.jpg","type":"image\/jpeg"}],"author":"BECA 2 CDE","twitter_card":"summary_large_image","twitter_creator":"@cdeualmeria","twitter_site":"@cdeualmeria","twitter_misc":{"Written by":"BECA 2 CDE","Est. reading time":"3 minutes"},"schema":{"@context":"https:\/\/schema.org","@graph":[{"@type":"Article","@id":"https:\/\/www.cde.ual.es\/en\/if-the-airline-denies-you-boarding-even-with-prior-notice-you-are-entitled-to-compensation-cjeu-judgment\/#article","isPartOf":{"@id":"https:\/\/www.cde.ual.es\/en\/if-the-airline-denies-you-boarding-even-with-prior-notice-you-are-entitled-to-compensation-cjeu-judgment\/"},"author":{"name":"BECA 2 CDE","@id":"https:\/\/www.cde.ual.es\/#\/schema\/person\/ee46ebc19edfa19598c02cff83335acc"},"headline":"If the airline denies you boarding, even with prior notice, you are entitled to compensation. CJEU Judgment","datePublished":"2023-10-27T08:41:39+00:00","dateModified":"2023-10-27T08:53:17+00:00","mainEntityOfPage":{"@id":"https:\/\/www.cde.ual.es\/en\/if-the-airline-denies-you-boarding-even-with-prior-notice-you-are-entitled-to-compensation-cjeu-judgment\/"},"wordCount":472,"commentCount":0,"publisher":{"@id":"https:\/\/www.cde.ual.es\/#organization"},"image":{"@id":"https:\/\/www.cde.ual.es\/en\/if-the-airline-denies-you-boarding-even-with-prior-notice-you-are-entitled-to-compensation-cjeu-judgment\/#primaryimage"},"thumbnailUrl":"https:\/\/www.cde.ual.es\/wp-content\/uploads\/2023\/10\/pexels-pixabay-46148-scaled.jpg","keywords":["airline denies you boarding","CJEU Judgment","compensation"],"articleSection":["EU News","Jurisprudence","Law"],"inLanguage":"en-US","potentialAction":[{"@type":"CommentAction","name":"Comment","target":["https:\/\/www.cde.ual.es\/en\/if-the-airline-denies-you-boarding-even-with-prior-notice-you-are-entitled-to-compensation-cjeu-judgment\/#respond"]}]},{"@type":"WebPage","@id":"https:\/\/www.cde.ual.es\/en\/if-the-airline-denies-you-boarding-even-with-prior-notice-you-are-entitled-to-compensation-cjeu-judgment\/","url":"https:\/\/www.cde.ual.es\/en\/if-the-airline-denies-you-boarding-even-with-prior-notice-you-are-entitled-to-compensation-cjeu-judgment\/","name":"If the airline denies you boarding, even with prior notice, you are entitled to compensation. CJEU Judgment | CDE Almer\u00eda - Centro de Documentaci\u00f3n Europea - Universidad de Almer\u00eda","isPartOf":{"@id":"https:\/\/www.cde.ual.es\/#website"},"primaryImageOfPage":{"@id":"https:\/\/www.cde.ual.es\/en\/if-the-airline-denies-you-boarding-even-with-prior-notice-you-are-entitled-to-compensation-cjeu-judgment\/#primaryimage"},"image":{"@id":"https:\/\/www.cde.ual.es\/en\/if-the-airline-denies-you-boarding-even-with-prior-notice-you-are-entitled-to-compensation-cjeu-judgment\/#primaryimage"},"thumbnailUrl":"https:\/\/www.cde.ual.es\/wp-content\/uploads\/2023\/10\/pexels-pixabay-46148-scaled.jpg","datePublished":"2023-10-27T08:41:39+00:00","dateModified":"2023-10-27T08:53:17+00:00","breadcrumb":{"@id":"https:\/\/www.cde.ual.es\/en\/if-the-airline-denies-you-boarding-even-with-prior-notice-you-are-entitled-to-compensation-cjeu-judgment\/#breadcrumb"},"inLanguage":"en-US","potentialAction":[{"@type":"ReadAction","target":["https:\/\/www.cde.ual.es\/en\/if-the-airline-denies-you-boarding-even-with-prior-notice-you-are-entitled-to-compensation-cjeu-judgment\/"]}]},{"@type":"ImageObject","inLanguage":"en-US","@id":"https:\/\/www.cde.ual.es\/en\/if-the-airline-denies-you-boarding-even-with-prior-notice-you-are-entitled-to-compensation-cjeu-judgment\/#primaryimage","url":"https:\/\/www.cde.ual.es\/wp-content\/uploads\/2023\/10\/pexels-pixabay-46148-scaled.jpg","contentUrl":"https:\/\/www.cde.ual.es\/wp-content\/uploads\/2023\/10\/pexels-pixabay-46148-scaled.jpg","width":2560,"height":1920},{"@type":"BreadcrumbList","@id":"https:\/\/www.cde.ual.es\/en\/if-the-airline-denies-you-boarding-even-with-prior-notice-you-are-entitled-to-compensation-cjeu-judgment\/#breadcrumb","itemListElement":[{"@type":"ListItem","position":1,"name":"Inicio","item":"https:\/\/www.cde.ual.es\/en\/"},{"@type":"ListItem","position":2,"name":"EU News","item":"https:\/\/www.cde.ual.es\/en\/category\/eu-news\/"},{"@type":"ListItem","position":3,"name":"Law","item":"https:\/\/www.cde.ual.es\/en\/category\/eu-news\/law\/"},{"@type":"ListItem","position":4,"name":"Jurisprudence","item":"https:\/\/www.cde.ual.es\/en\/category\/eu-news\/law\/jurisprudence\/"},{"@type":"ListItem","position":5,"name":"If the airline denies you boarding, even with prior notice, you are entitled to compensation. CJEU Judgment"}]},{"@type":"WebSite","@id":"https:\/\/www.cde.ual.es\/#website","url":"https:\/\/www.cde.ual.es\/","name":"CDE Almer\u00eda - Centro de Documentaci\u00f3n Europea - Universidad de Almer\u00eda","description":"Centro de Documentaci\u00f3n Europea de la Universidad de Almer\u00eda","publisher":{"@id":"https:\/\/www.cde.ual.es\/#organization"},"alternateName":"CDE Almer\u00eda","potentialAction":[{"@type":"SearchAction","target":{"@type":"EntryPoint","urlTemplate":"https:\/\/www.cde.ual.es\/?s={search_term_string}"},"query-input":{"@type":"PropertyValueSpecification","valueRequired":true,"valueName":"search_term_string"}}],"inLanguage":"en-US"},{"@type":"Organization","@id":"https:\/\/www.cde.ual.es\/#organization","name":"Centro de Documentaci\u00f3n Europea de Almer\u00eda","url":"https:\/\/www.cde.ual.es\/","logo":{"@type":"ImageObject","inLanguage":"en-US","@id":"https:\/\/www.cde.ual.es\/#\/schema\/logo\/image\/","url":"https:\/\/www.cde.ual.es\/wp-content\/uploads\/2025\/07\/cde-logo-3.png","contentUrl":"https:\/\/www.cde.ual.es\/wp-content\/uploads\/2025\/07\/cde-logo-3.png","width":1400,"height":300,"caption":"Centro de Documentaci\u00f3n Europea de Almer\u00eda"},"image":{"@id":"https:\/\/www.cde.ual.es\/#\/schema\/logo\/image\/"},"sameAs":["https:\/\/www.facebook.com\/cdeuniversidadalmeria\/","https:\/\/x.com\/cdeualmeria","https:\/\/www.tiktok.com\/@cdealmeria","https:\/\/www.instagram.com\/cdealmeria\/","https:\/\/www.linkedin.com\/in\/cde-almera-812b26a9\/"]},{"@type":"Person","@id":"https:\/\/www.cde.ual.es\/#\/schema\/person\/ee46ebc19edfa19598c02cff83335acc","name":"BECA 2 CDE","image":{"@type":"ImageObject","inLanguage":"en-US","@id":"https:\/\/secure.gravatar.com\/avatar\/35a481bbc04bbd90e91bdfa3b0b5541036c222a49b9ad37b6889a2afcb5311a5?s=96&d=mm&r=g","url":"https:\/\/secure.gravatar.com\/avatar\/35a481bbc04bbd90e91bdfa3b0b5541036c222a49b9ad37b6889a2afcb5311a5?s=96&d=mm&r=g","contentUrl":"https:\/\/secure.gravatar.com\/avatar\/35a481bbc04bbd90e91bdfa3b0b5541036c222a49b9ad37b6889a2afcb5311a5?s=96&d=mm&r=g","caption":"BECA 2 CDE"},"sameAs":["http:\/\/www.cdealmeria.com"]}]}},"_links":{"self":[{"href":"https:\/\/www.cde.ual.es\/en\/wp-json\/wp\/v2\/posts\/143553","targetHints":{"allow":["GET"]}}],"collection":[{"href":"https:\/\/www.cde.ual.es\/en\/wp-json\/wp\/v2\/posts"}],"about":[{"href":"https:\/\/www.cde.ual.es\/en\/wp-json\/wp\/v2\/types\/post"}],"author":[{"embeddable":true,"href":"https:\/\/www.cde.ual.es\/en\/wp-json\/wp\/v2\/users\/101011"}],"replies":[{"embeddable":true,"href":"https:\/\/www.cde.ual.es\/en\/wp-json\/wp\/v2\/comments?post=143553"}],"version-history":[{"count":2,"href":"https:\/\/www.cde.ual.es\/en\/wp-json\/wp\/v2\/posts\/143553\/revisions"}],"predecessor-version":[{"id":143560,"href":"https:\/\/www.cde.ual.es\/en\/wp-json\/wp\/v2\/posts\/143553\/revisions\/143560"}],"wp:featuredmedia":[{"embeddable":true,"href":"https:\/\/www.cde.ual.es\/en\/wp-json\/wp\/v2\/media\/143544"}],"wp:attachment":[{"href":"https:\/\/www.cde.ual.es\/en\/wp-json\/wp\/v2\/media?parent=143553"}],"wp:term":[{"taxonomy":"category","embeddable":true,"href":"https:\/\/www.cde.ual.es\/en\/wp-json\/wp\/v2\/categories?post=143553"},{"taxonomy":"post_tag","embeddable":true,"href":"https:\/\/www.cde.ual.es\/en\/wp-json\/wp\/v2\/tags?post=143553"}],"curies":[{"name":"wp","href":"https:\/\/api.w.org\/{rel}","templated":true}]}}