{"id":1419,"date":"2017-03-02T10:31:46","date_gmt":"2017-03-02T09:31:46","guid":{"rendered":"http:\/\/www.cde.ual.es\/?p=1419"},"modified":"2017-03-02T10:51:05","modified_gmt":"2017-03-02T09:51:05","slug":"practicas-y-becas-de-movilidad-especificas-para-la-facultad-de-cc-de-la-educacion","status":"publish","type":"post","link":"https:\/\/www.cde.ual.es\/en\/practicas-y-becas-de-movilidad-especificas-para-la-facultad-de-cc-de-la-educacion\/","title":{"rendered":"Pr\u00e1cticas y becas de movilidad espec\u00edficas para la Facultad de CC. de la Educaci\u00f3n"},"content":{"rendered":"<p><img decoding=\"async\" class=\"aligncenter wp-image-1421\" src=\"http:\/\/www.cde.ual.es\/wp-content\/uploads\/2017\/03\/educacion-1453232769276.jpg\" alt=\"\" width=\"525\" height=\"258\" srcset=\"https:\/\/www.cde.ual.es\/wp-content\/uploads\/2017\/03\/educacion-1453232769276.jpg 712w, https:\/\/www.cde.ual.es\/wp-content\/uploads\/2017\/03\/educacion-1453232769276-768x377.jpg 768w\" sizes=\"(max-width: 525px) 100vw, 525px\" \/><\/p>\n<p style=\"text-align: justify;\">\u00bfEres estudiante de la <strong>Facultad de de CC. de la Educaci\u00f3n<\/strong> y est\u00e1s interesado en realizar unas pr\u00e1cticas fuera de Espa\u00f1a y vivir una <strong>experiencia \u00fanica<\/strong> en alguno de los pa\u00edses miembros de<strong> la Uni\u00f3n Europea<\/strong>?<\/p>\n<p style=\"text-align: justify;\">Deja de buscar porque en el <strong>Centro de Documentaci\u00f3n Europea (CDE)<\/strong> de la Universidad de Almer\u00eda hemos recopilado todas las becas y pr\u00e1cticas de movilidad a nivel Europeo a las que pueden optar todos los estudiantes que sean graduados o que est\u00e9n actualmente matriculados en alguno de los siguientes grados:<\/p>\n<ul>\n<li>Grado en Ciencias de la Actividad F\u00edsica y del Deporte<\/li>\n<li style=\"text-align: justify;\">Grado en Educaci\u00f3n Infantil<\/li>\n<li>Grado en Educaci\u00f3n Primaria<\/li>\n<li>Grado en Educaci\u00f3n Social<\/li>\n<\/ul>\n<p style=\"text-align: justify;\"><a href=\"http:\/\/www.cde.ual.es\/wp-content\/uploads\/2017\/03\/PRESENTACION-CDE-F.Educaci\u00f3n.pdf\" target=\"_blank\">Aqu\u00ed<\/a>\u00a0os dejamos la presentaci\u00f3n con el listado de todas \u00a0las becas y las pr\u00e1cticas.<\/p>\n<p style=\"text-align: justify;\">Si tienes alguna duda y quieres que te asesoremos en persona, nos encontramos en el <strong>Edificio Central en el despacho 0.24<\/strong> (planta baja). No dudes en pasarte, te estaremos esperando.<\/p>\n<p>&nbsp;<\/p>\n<p>&nbsp;<\/p>\n","protected":false},"excerpt":{"rendered":"<p>\u00bfEres estudiante de la Facultad de de CC. de la Educaci\u00f3n y est\u00e1s interesado en realizar unas pr\u00e1cticas fuera de Espa\u00f1a y vivir una experiencia \u00fanica en alguno de los pa\u00edses miembros de la Uni\u00f3n Europea? Deja de buscar porque en el Centro de Documentaci\u00f3n Europea (CDE) de la Universidad de Almer\u00eda hemos recopilado todas [&hellip;]<\/p>\n","protected":false},"author":1,"featured_media":0,"comment_status":"open","ping_status":"open","sticky":false,"template":"","format":"standard","meta":{"_acf_changed":false,"_relevanssi_hide_post":"","_relevanssi_hide_content":"","_relevanssi_pin_for_all":"","_relevanssi_pin_keywords":"","_relevanssi_unpin_keywords":"","_relevanssi_related_keywords":"","_relevanssi_related_include_ids":"","_relevanssi_related_exclude_ids":"","_relevanssi_related_no_append":"","_relevanssi_related_not_related":"","_relevanssi_related_posts":"","_relevanssi_noindex_reason":"","_monsterinsights_skip_tracking":false,"_monsterinsights_sitenote_active":false,"_monsterinsights_sitenote_note":"","_monsterinsights_sitenote_category":0,"_genesis_hide_title":false,"_genesis_hide_breadcrumbs":false,"_genesis_hide_singular_image":false,"_genesis_hide_footer_widgets":false,"_genesis_custom_body_class":"","_genesis_custom_post_class":"","_genesis_layout":"","footnotes":""},"categories":[1],"tags":[],"class_list":{"0":"post-1419","1":"post","2":"type-post","3":"status-publish","4":"format-standard","6":"category-sin-categorizar","7":"entry","8":"has-post-thumbnail"},"acf":[],"yoast_head":"<!-- This site is optimized with the Yoast SEO plugin v27.4 - https:\/\/yoast.com\/product\/yoast-seo-wordpress\/ -->\n<title>Pr\u00e1cticas y becas de movilidad espec\u00edficas para la Facultad de CC. de la Educaci\u00f3n | CDE Almer\u00eda - Centro de Documentaci\u00f3n Europea - Universidad de Almer\u00eda<\/title>\n<meta name=\"robots\" content=\"index, follow, max-snippet:-1, max-image-preview:large, max-video-preview:-1\" \/>\n<link rel=\"canonical\" href=\"https:\/\/www.cde.ual.es\/en\/practicas-y-becas-de-movilidad-especificas-para-la-facultad-de-cc-de-la-educacion\/\" \/>\n<meta property=\"og:locale\" content=\"en_US\" \/>\n<meta property=\"og:type\" content=\"article\" \/>\n<meta property=\"og:title\" content=\"Pr\u00e1cticas y becas de movilidad espec\u00edficas para la Facultad de CC. de la Educaci\u00f3n | CDE Almer\u00eda - Centro de Documentaci\u00f3n Europea - Universidad de Almer\u00eda\" \/>\n<meta property=\"og:description\" content=\"\u00bfEres estudiante de la Facultad de de CC. de la Educaci\u00f3n y est\u00e1s interesado en realizar unas pr\u00e1cticas fuera de Espa\u00f1a y vivir una experiencia \u00fanica en alguno de los pa\u00edses miembros de la Uni\u00f3n Europea? Deja de buscar porque en el Centro de Documentaci\u00f3n Europea (CDE) de la Universidad de Almer\u00eda hemos recopilado todas [&hellip;]\" \/>\n<meta property=\"og:url\" content=\"https:\/\/www.cde.ual.es\/en\/practicas-y-becas-de-movilidad-especificas-para-la-facultad-de-cc-de-la-educacion\/\" \/>\n<meta property=\"og:site_name\" content=\"CDE Almer\u00eda - Centro de Documentaci\u00f3n Europea - Universidad de Almer\u00eda\" \/>\n<meta property=\"article:publisher\" content=\"https:\/\/www.facebook.com\/cdeuniversidadalmeria\/\" \/>\n<meta property=\"article:published_time\" content=\"2017-03-02T09:31:46+00:00\" \/>\n<meta property=\"article:modified_time\" content=\"2017-03-02T09:51:05+00:00\" \/>\n<meta property=\"og:image\" content=\"http:\/\/www.cde.ual.es\/wp-content\/uploads\/2017\/03\/educacion-1453232769276.jpg\" \/>\n<meta name=\"author\" content=\"AdminCDE\" \/>\n<meta name=\"twitter:card\" content=\"summary_large_image\" \/>\n<meta name=\"twitter:creator\" content=\"@cdeualmeria\" \/>\n<meta name=\"twitter:site\" content=\"@cdeualmeria\" \/>\n<meta name=\"twitter:label1\" content=\"Written by\" \/>\n\t<meta name=\"twitter:data1\" content=\"AdminCDE\" \/>\n\t<meta name=\"twitter:label2\" content=\"Est. reading time\" \/>\n\t<meta name=\"twitter:data2\" content=\"1 minute\" \/>\n<script type=\"application\/ld+json\" class=\"yoast-schema-graph\">{\"@context\":\"https:\\\/\\\/schema.org\",\"@graph\":[{\"@type\":\"Article\",\"@id\":\"https:\\\/\\\/www.cde.ual.es\\\/en\\\/practicas-y-becas-de-movilidad-especificas-para-la-facultad-de-cc-de-la-educacion\\\/#article\",\"isPartOf\":{\"@id\":\"https:\\\/\\\/www.cde.ual.es\\\/en\\\/practicas-y-becas-de-movilidad-especificas-para-la-facultad-de-cc-de-la-educacion\\\/\"},\"author\":{\"name\":\"AdminCDE\",\"@id\":\"https:\\\/\\\/www.cde.ual.es\\\/#\\\/schema\\\/person\\\/224ef08c8bcc005f319d2713ce37ee5f\"},\"headline\":\"Pr\u00e1cticas y becas de movilidad espec\u00edficas para la Facultad de CC. de la Educaci\u00f3n\",\"datePublished\":\"2017-03-02T09:31:46+00:00\",\"dateModified\":\"2017-03-02T09:51:05+00:00\",\"mainEntityOfPage\":{\"@id\":\"https:\\\/\\\/www.cde.ual.es\\\/en\\\/practicas-y-becas-de-movilidad-especificas-para-la-facultad-de-cc-de-la-educacion\\\/\"},\"wordCount\":187,\"commentCount\":0,\"publisher\":{\"@id\":\"https:\\\/\\\/www.cde.ual.es\\\/#organization\"},\"image\":{\"@id\":\"https:\\\/\\\/www.cde.ual.es\\\/en\\\/practicas-y-becas-de-movilidad-especificas-para-la-facultad-de-cc-de-la-educacion\\\/#primaryimage\"},\"thumbnailUrl\":\"http:\\\/\\\/www.cde.ual.es\\\/wp-content\\\/uploads\\\/2017\\\/03\\\/educacion-1453232769276.jpg\",\"articleSection\":[\"Sin categorizar\"],\"inLanguage\":\"en-US\",\"potentialAction\":[{\"@type\":\"CommentAction\",\"name\":\"Comment\",\"target\":[\"https:\\\/\\\/www.cde.ual.es\\\/en\\\/practicas-y-becas-de-movilidad-especificas-para-la-facultad-de-cc-de-la-educacion\\\/#respond\"]}]},{\"@type\":\"WebPage\",\"@id\":\"https:\\\/\\\/www.cde.ual.es\\\/en\\\/practicas-y-becas-de-movilidad-especificas-para-la-facultad-de-cc-de-la-educacion\\\/\",\"url\":\"https:\\\/\\\/www.cde.ual.es\\\/en\\\/practicas-y-becas-de-movilidad-especificas-para-la-facultad-de-cc-de-la-educacion\\\/\",\"name\":\"Pr\u00e1cticas y becas de movilidad espec\u00edficas para la Facultad de CC. de la Educaci\u00f3n | CDE Almer\u00eda - Centro de Documentaci\u00f3n Europea - Universidad de Almer\u00eda\",\"isPartOf\":{\"@id\":\"https:\\\/\\\/www.cde.ual.es\\\/#website\"},\"primaryImageOfPage\":{\"@id\":\"https:\\\/\\\/www.cde.ual.es\\\/en\\\/practicas-y-becas-de-movilidad-especificas-para-la-facultad-de-cc-de-la-educacion\\\/#primaryimage\"},\"image\":{\"@id\":\"https:\\\/\\\/www.cde.ual.es\\\/en\\\/practicas-y-becas-de-movilidad-especificas-para-la-facultad-de-cc-de-la-educacion\\\/#primaryimage\"},\"thumbnailUrl\":\"http:\\\/\\\/www.cde.ual.es\\\/wp-content\\\/uploads\\\/2017\\\/03\\\/educacion-1453232769276.jpg\",\"datePublished\":\"2017-03-02T09:31:46+00:00\",\"dateModified\":\"2017-03-02T09:51:05+00:00\",\"breadcrumb\":{\"@id\":\"https:\\\/\\\/www.cde.ual.es\\\/en\\\/practicas-y-becas-de-movilidad-especificas-para-la-facultad-de-cc-de-la-educacion\\\/#breadcrumb\"},\"inLanguage\":\"en-US\",\"potentialAction\":[{\"@type\":\"ReadAction\",\"target\":[\"https:\\\/\\\/www.cde.ual.es\\\/en\\\/practicas-y-becas-de-movilidad-especificas-para-la-facultad-de-cc-de-la-educacion\\\/\"]}]},{\"@type\":\"ImageObject\",\"inLanguage\":\"en-US\",\"@id\":\"https:\\\/\\\/www.cde.ual.es\\\/en\\\/practicas-y-becas-de-movilidad-especificas-para-la-facultad-de-cc-de-la-educacion\\\/#primaryimage\",\"url\":\"http:\\\/\\\/www.cde.ual.es\\\/wp-content\\\/uploads\\\/2017\\\/03\\\/educacion-1453232769276.jpg\",\"contentUrl\":\"http:\\\/\\\/www.cde.ual.es\\\/wp-content\\\/uploads\\\/2017\\\/03\\\/educacion-1453232769276.jpg\"},{\"@type\":\"BreadcrumbList\",\"@id\":\"https:\\\/\\\/www.cde.ual.es\\\/en\\\/practicas-y-becas-de-movilidad-especificas-para-la-facultad-de-cc-de-la-educacion\\\/#breadcrumb\",\"itemListElement\":[{\"@type\":\"ListItem\",\"position\":1,\"name\":\"Inicio\",\"item\":\"https:\\\/\\\/www.cde.ual.es\\\/en\\\/\"},{\"@type\":\"ListItem\",\"position\":2,\"name\":\"Uncategorized\",\"item\":\"https:\\\/\\\/www.cde.ual.es\\\/en\\\/category\\\/uncategorized\\\/\"},{\"@type\":\"ListItem\",\"position\":3,\"name\":\"Pr\u00e1cticas y becas de movilidad espec\u00edficas para la Facultad de CC. de la Educaci\u00f3n\"}]},{\"@type\":\"WebSite\",\"@id\":\"https:\\\/\\\/www.cde.ual.es\\\/#website\",\"url\":\"https:\\\/\\\/www.cde.ual.es\\\/\",\"name\":\"CDE Almer\u00eda - Centro de Documentaci\u00f3n Europea - Universidad de Almer\u00eda\",\"description\":\"Centro de Documentaci\u00f3n Europea de la Universidad de Almer\u00eda\",\"publisher\":{\"@id\":\"https:\\\/\\\/www.cde.ual.es\\\/#organization\"},\"alternateName\":\"CDE Almer\u00eda\",\"potentialAction\":[{\"@type\":\"SearchAction\",\"target\":{\"@type\":\"EntryPoint\",\"urlTemplate\":\"https:\\\/\\\/www.cde.ual.es\\\/?s={search_term_string}\"},\"query-input\":{\"@type\":\"PropertyValueSpecification\",\"valueRequired\":true,\"valueName\":\"search_term_string\"}}],\"inLanguage\":\"en-US\"},{\"@type\":\"Organization\",\"@id\":\"https:\\\/\\\/www.cde.ual.es\\\/#organization\",\"name\":\"Centro de Documentaci\u00f3n Europea de Almer\u00eda\",\"url\":\"https:\\\/\\\/www.cde.ual.es\\\/\",\"logo\":{\"@type\":\"ImageObject\",\"inLanguage\":\"en-US\",\"@id\":\"https:\\\/\\\/www.cde.ual.es\\\/#\\\/schema\\\/logo\\\/image\\\/\",\"url\":\"https:\\\/\\\/www.cde.ual.es\\\/wp-content\\\/uploads\\\/2025\\\/07\\\/cde-logo-3.png\",\"contentUrl\":\"https:\\\/\\\/www.cde.ual.es\\\/wp-content\\\/uploads\\\/2025\\\/07\\\/cde-logo-3.png\",\"width\":1400,\"height\":300,\"caption\":\"Centro de Documentaci\u00f3n Europea de Almer\u00eda\"},\"image\":{\"@id\":\"https:\\\/\\\/www.cde.ual.es\\\/#\\\/schema\\\/logo\\\/image\\\/\"},\"sameAs\":[\"https:\\\/\\\/www.facebook.com\\\/cdeuniversidadalmeria\\\/\",\"https:\\\/\\\/x.com\\\/cdeualmeria\",\"https:\\\/\\\/www.tiktok.com\\\/@cdealmeria\",\"https:\\\/\\\/www.instagram.com\\\/cdealmeria\\\/\",\"https:\\\/\\\/www.linkedin.com\\\/in\\\/cde-almera-812b26a9\\\/\"]},{\"@type\":\"Person\",\"@id\":\"https:\\\/\\\/www.cde.ual.es\\\/#\\\/schema\\\/person\\\/224ef08c8bcc005f319d2713ce37ee5f\",\"name\":\"AdminCDE\",\"image\":{\"@type\":\"ImageObject\",\"inLanguage\":\"en-US\",\"@id\":\"https:\\\/\\\/secure.gravatar.com\\\/avatar\\\/a72d038d371f995cd13706fac32274b7952a52e8fb0a84b5f80c85426f2a98a8?s=96&d=mm&r=g\",\"url\":\"https:\\\/\\\/secure.gravatar.com\\\/avatar\\\/a72d038d371f995cd13706fac32274b7952a52e8fb0a84b5f80c85426f2a98a8?s=96&d=mm&r=g\",\"contentUrl\":\"https:\\\/\\\/secure.gravatar.com\\\/avatar\\\/a72d038d371f995cd13706fac32274b7952a52e8fb0a84b5f80c85426f2a98a8?s=96&d=mm&r=g\",\"caption\":\"AdminCDE\"}}]}<\/script>\n<!-- \/ Yoast SEO plugin. -->","yoast_head_json":{"title":"Pr\u00e1cticas y becas de movilidad espec\u00edficas para la Facultad de CC. de la Educaci\u00f3n | CDE Almer\u00eda - Centro de Documentaci\u00f3n Europea - Universidad de Almer\u00eda","robots":{"index":"index","follow":"follow","max-snippet":"max-snippet:-1","max-image-preview":"max-image-preview:large","max-video-preview":"max-video-preview:-1"},"canonical":"https:\/\/www.cde.ual.es\/en\/practicas-y-becas-de-movilidad-especificas-para-la-facultad-de-cc-de-la-educacion\/","og_locale":"en_US","og_type":"article","og_title":"Pr\u00e1cticas y becas de movilidad espec\u00edficas para la Facultad de CC. de la Educaci\u00f3n | CDE Almer\u00eda - Centro de Documentaci\u00f3n Europea - Universidad de Almer\u00eda","og_description":"\u00bfEres estudiante de la Facultad de de CC. de la Educaci\u00f3n y est\u00e1s interesado en realizar unas pr\u00e1cticas fuera de Espa\u00f1a y vivir una experiencia \u00fanica en alguno de los pa\u00edses miembros de la Uni\u00f3n Europea? Deja de buscar porque en el Centro de Documentaci\u00f3n Europea (CDE) de la Universidad de Almer\u00eda hemos recopilado todas [&hellip;]","og_url":"https:\/\/www.cde.ual.es\/en\/practicas-y-becas-de-movilidad-especificas-para-la-facultad-de-cc-de-la-educacion\/","og_site_name":"CDE Almer\u00eda - Centro de Documentaci\u00f3n Europea - Universidad de Almer\u00eda","article_publisher":"https:\/\/www.facebook.com\/cdeuniversidadalmeria\/","article_published_time":"2017-03-02T09:31:46+00:00","article_modified_time":"2017-03-02T09:51:05+00:00","og_image":[{"url":"http:\/\/www.cde.ual.es\/wp-content\/uploads\/2017\/03\/educacion-1453232769276.jpg","type":"","width":"","height":""}],"author":"AdminCDE","twitter_card":"summary_large_image","twitter_creator":"@cdeualmeria","twitter_site":"@cdeualmeria","twitter_misc":{"Written by":"AdminCDE","Est. reading time":"1 minute"},"schema":{"@context":"https:\/\/schema.org","@graph":[{"@type":"Article","@id":"https:\/\/www.cde.ual.es\/en\/practicas-y-becas-de-movilidad-especificas-para-la-facultad-de-cc-de-la-educacion\/#article","isPartOf":{"@id":"https:\/\/www.cde.ual.es\/en\/practicas-y-becas-de-movilidad-especificas-para-la-facultad-de-cc-de-la-educacion\/"},"author":{"name":"AdminCDE","@id":"https:\/\/www.cde.ual.es\/#\/schema\/person\/224ef08c8bcc005f319d2713ce37ee5f"},"headline":"Pr\u00e1cticas y becas de movilidad espec\u00edficas para la Facultad de CC. de la Educaci\u00f3n","datePublished":"2017-03-02T09:31:46+00:00","dateModified":"2017-03-02T09:51:05+00:00","mainEntityOfPage":{"@id":"https:\/\/www.cde.ual.es\/en\/practicas-y-becas-de-movilidad-especificas-para-la-facultad-de-cc-de-la-educacion\/"},"wordCount":187,"commentCount":0,"publisher":{"@id":"https:\/\/www.cde.ual.es\/#organization"},"image":{"@id":"https:\/\/www.cde.ual.es\/en\/practicas-y-becas-de-movilidad-especificas-para-la-facultad-de-cc-de-la-educacion\/#primaryimage"},"thumbnailUrl":"http:\/\/www.cde.ual.es\/wp-content\/uploads\/2017\/03\/educacion-1453232769276.jpg","articleSection":["Sin categorizar"],"inLanguage":"en-US","potentialAction":[{"@type":"CommentAction","name":"Comment","target":["https:\/\/www.cde.ual.es\/en\/practicas-y-becas-de-movilidad-especificas-para-la-facultad-de-cc-de-la-educacion\/#respond"]}]},{"@type":"WebPage","@id":"https:\/\/www.cde.ual.es\/en\/practicas-y-becas-de-movilidad-especificas-para-la-facultad-de-cc-de-la-educacion\/","url":"https:\/\/www.cde.ual.es\/en\/practicas-y-becas-de-movilidad-especificas-para-la-facultad-de-cc-de-la-educacion\/","name":"Pr\u00e1cticas y becas de movilidad espec\u00edficas para la Facultad de CC. de la Educaci\u00f3n | CDE Almer\u00eda - Centro de Documentaci\u00f3n Europea - Universidad de Almer\u00eda","isPartOf":{"@id":"https:\/\/www.cde.ual.es\/#website"},"primaryImageOfPage":{"@id":"https:\/\/www.cde.ual.es\/en\/practicas-y-becas-de-movilidad-especificas-para-la-facultad-de-cc-de-la-educacion\/#primaryimage"},"image":{"@id":"https:\/\/www.cde.ual.es\/en\/practicas-y-becas-de-movilidad-especificas-para-la-facultad-de-cc-de-la-educacion\/#primaryimage"},"thumbnailUrl":"http:\/\/www.cde.ual.es\/wp-content\/uploads\/2017\/03\/educacion-1453232769276.jpg","datePublished":"2017-03-02T09:31:46+00:00","dateModified":"2017-03-02T09:51:05+00:00","breadcrumb":{"@id":"https:\/\/www.cde.ual.es\/en\/practicas-y-becas-de-movilidad-especificas-para-la-facultad-de-cc-de-la-educacion\/#breadcrumb"},"inLanguage":"en-US","potentialAction":[{"@type":"ReadAction","target":["https:\/\/www.cde.ual.es\/en\/practicas-y-becas-de-movilidad-especificas-para-la-facultad-de-cc-de-la-educacion\/"]}]},{"@type":"ImageObject","inLanguage":"en-US","@id":"https:\/\/www.cde.ual.es\/en\/practicas-y-becas-de-movilidad-especificas-para-la-facultad-de-cc-de-la-educacion\/#primaryimage","url":"http:\/\/www.cde.ual.es\/wp-content\/uploads\/2017\/03\/educacion-1453232769276.jpg","contentUrl":"http:\/\/www.cde.ual.es\/wp-content\/uploads\/2017\/03\/educacion-1453232769276.jpg"},{"@type":"BreadcrumbList","@id":"https:\/\/www.cde.ual.es\/en\/practicas-y-becas-de-movilidad-especificas-para-la-facultad-de-cc-de-la-educacion\/#breadcrumb","itemListElement":[{"@type":"ListItem","position":1,"name":"Inicio","item":"https:\/\/www.cde.ual.es\/en\/"},{"@type":"ListItem","position":2,"name":"Uncategorized","item":"https:\/\/www.cde.ual.es\/en\/category\/uncategorized\/"},{"@type":"ListItem","position":3,"name":"Pr\u00e1cticas y becas de movilidad espec\u00edficas para la Facultad de CC. de la Educaci\u00f3n"}]},{"@type":"WebSite","@id":"https:\/\/www.cde.ual.es\/#website","url":"https:\/\/www.cde.ual.es\/","name":"CDE Almer\u00eda - Centro de Documentaci\u00f3n Europea - Universidad de Almer\u00eda","description":"Centro de Documentaci\u00f3n Europea de la Universidad de Almer\u00eda","publisher":{"@id":"https:\/\/www.cde.ual.es\/#organization"},"alternateName":"CDE Almer\u00eda","potentialAction":[{"@type":"SearchAction","target":{"@type":"EntryPoint","urlTemplate":"https:\/\/www.cde.ual.es\/?s={search_term_string}"},"query-input":{"@type":"PropertyValueSpecification","valueRequired":true,"valueName":"search_term_string"}}],"inLanguage":"en-US"},{"@type":"Organization","@id":"https:\/\/www.cde.ual.es\/#organization","name":"Centro de Documentaci\u00f3n Europea de Almer\u00eda","url":"https:\/\/www.cde.ual.es\/","logo":{"@type":"ImageObject","inLanguage":"en-US","@id":"https:\/\/www.cde.ual.es\/#\/schema\/logo\/image\/","url":"https:\/\/www.cde.ual.es\/wp-content\/uploads\/2025\/07\/cde-logo-3.png","contentUrl":"https:\/\/www.cde.ual.es\/wp-content\/uploads\/2025\/07\/cde-logo-3.png","width":1400,"height":300,"caption":"Centro de Documentaci\u00f3n Europea de Almer\u00eda"},"image":{"@id":"https:\/\/www.cde.ual.es\/#\/schema\/logo\/image\/"},"sameAs":["https:\/\/www.facebook.com\/cdeuniversidadalmeria\/","https:\/\/x.com\/cdeualmeria","https:\/\/www.tiktok.com\/@cdealmeria","https:\/\/www.instagram.com\/cdealmeria\/","https:\/\/www.linkedin.com\/in\/cde-almera-812b26a9\/"]},{"@type":"Person","@id":"https:\/\/www.cde.ual.es\/#\/schema\/person\/224ef08c8bcc005f319d2713ce37ee5f","name":"AdminCDE","image":{"@type":"ImageObject","inLanguage":"en-US","@id":"https:\/\/secure.gravatar.com\/avatar\/a72d038d371f995cd13706fac32274b7952a52e8fb0a84b5f80c85426f2a98a8?s=96&d=mm&r=g","url":"https:\/\/secure.gravatar.com\/avatar\/a72d038d371f995cd13706fac32274b7952a52e8fb0a84b5f80c85426f2a98a8?s=96&d=mm&r=g","contentUrl":"https:\/\/secure.gravatar.com\/avatar\/a72d038d371f995cd13706fac32274b7952a52e8fb0a84b5f80c85426f2a98a8?s=96&d=mm&r=g","caption":"AdminCDE"}}]}},"_links":{"self":[{"href":"https:\/\/www.cde.ual.es\/en\/wp-json\/wp\/v2\/posts\/1419","targetHints":{"allow":["GET"]}}],"collection":[{"href":"https:\/\/www.cde.ual.es\/en\/wp-json\/wp\/v2\/posts"}],"about":[{"href":"https:\/\/www.cde.ual.es\/en\/wp-json\/wp\/v2\/types\/post"}],"author":[{"embeddable":true,"href":"https:\/\/www.cde.ual.es\/en\/wp-json\/wp\/v2\/users\/1"}],"replies":[{"embeddable":true,"href":"https:\/\/www.cde.ual.es\/en\/wp-json\/wp\/v2\/comments?post=1419"}],"version-history":[{"count":0,"href":"https:\/\/www.cde.ual.es\/en\/wp-json\/wp\/v2\/posts\/1419\/revisions"}],"wp:attachment":[{"href":"https:\/\/www.cde.ual.es\/en\/wp-json\/wp\/v2\/media?parent=1419"}],"wp:term":[{"taxonomy":"category","embeddable":true,"href":"https:\/\/www.cde.ual.es\/en\/wp-json\/wp\/v2\/categories?post=1419"},{"taxonomy":"post_tag","embeddable":true,"href":"https:\/\/www.cde.ual.es\/en\/wp-json\/wp\/v2\/tags?post=1419"}],"curies":[{"name":"wp","href":"https:\/\/api.w.org\/{rel}","templated":true}]}}