{"id":141757,"date":"2023-10-06T10:58:10","date_gmt":"2023-10-06T08:58:10","guid":{"rendered":"https:\/\/www.cde.ual.es\/?p=141757"},"modified":"2023-10-06T10:58:10","modified_gmt":"2023-10-06T08:58:10","slug":"commission-proposes-list-of-principles-to-boost-cycling-across-europe","status":"publish","type":"post","link":"https:\/\/www.cde.ual.es\/en\/commission-proposes-list-of-principles-to-boost-cycling-across-europe\/","title":{"rendered":"Commission proposes list of principles to boost cycling across Europe"},"content":{"rendered":"<p style=\"text-align: justify;\"><strong>The proposal for a European Declaration on Cycling, adopted by the European Commission, recognises cycling as a sustainable, accessible and inclusive, affordable and healthy means of transport, with strong added value for the EU economy.<\/strong><\/p>\n<p style=\"text-align: justify;\"><a href=\"https:\/\/www.cde.ual.es\/wp-content\/uploads\/2023\/10\/norali-nayla-eDvG3IO8-Io-unsplash-scaled.jpg\"><img decoding=\"async\" class=\"aligncenter size-full wp-image-141752\" src=\"https:\/\/www.cde.ual.es\/wp-content\/uploads\/2023\/10\/norali-nayla-eDvG3IO8-Io-unsplash-scaled.jpg\" alt=\"bicicleta\" width=\"2560\" height=\"1707\" srcset=\"https:\/\/www.cde.ual.es\/wp-content\/uploads\/2023\/10\/norali-nayla-eDvG3IO8-Io-unsplash-scaled.jpg 2560w, https:\/\/www.cde.ual.es\/wp-content\/uploads\/2023\/10\/norali-nayla-eDvG3IO8-Io-unsplash-300x200.jpg 300w, https:\/\/www.cde.ual.es\/wp-content\/uploads\/2023\/10\/norali-nayla-eDvG3IO8-Io-unsplash-1024x683.jpg 1024w, https:\/\/www.cde.ual.es\/wp-content\/uploads\/2023\/10\/norali-nayla-eDvG3IO8-Io-unsplash-768x512.jpg 768w, https:\/\/www.cde.ual.es\/wp-content\/uploads\/2023\/10\/norali-nayla-eDvG3IO8-Io-unsplash-1536x1024.jpg 1536w, https:\/\/www.cde.ual.es\/wp-content\/uploads\/2023\/10\/norali-nayla-eDvG3IO8-Io-unsplash-2048x1365.jpg 2048w\" sizes=\"(max-width: 2560px) 100vw, 2560px\" \/><\/a><\/p>\n<p style=\"text-align: justify;\">It\u00a0<strong>lists\u00a0<\/strong><strong>principles to boost cycling that will guide future action<\/strong>\u00a0in the EU. Clear commitments, such as safe and coherent cycling networks in cities, better links with public transport, secure parking spaces, the deployment of charging points for e-bikes and bike highways connecting cities with rural areas, are necessary to improve the quality, quantity, continuity and attractiveness of cycling infrastructure across all Member States.<\/p>\n<p style=\"text-align: justify;\">Commissioner for Transport, Adina V\u0103lean, said: &#8220;Safety is a prerequisite to encourage cycling, as cyclists are vulnerable &#8211; 9% of road accident fatalities in the EU are cyclists. Alongside safer infrastructure such as separated cycle paths, all elements of the Safe System approach should apply to both bikes and cars. These include safe speeds and road use, and proper enforcement of road traffic rules. Additionally, to safety, this Declaration will help stimulate high-quality jobs, including in training and cycling tourism. In 2022, a total of 14.7 million bicycles were produced in the EU, a 29% increase from 2012 to 2022.&#8221;<\/p>\n<h3 style=\"text-align: justify;\"><\/h3>\n<table style=\"width: 99.9988%; border-collapse: collapse; border-style: double; border-color: #001f7d;\" cellpadding=\"0,5\">\n<tbody>\n<tr>\n<td style=\"width: 100%;\"><a href=\"https:\/\/www.cde.ual.es\/en\/eu-produced-14-7-million-bicycles-in-2022\/\" target=\"_blank\" rel=\"noopener\"><img decoding=\"async\" class=\"alignleft\" src=\"https:\/\/www.cde.ual.es\/wp-content\/uploads\/2023\/09\/murillo-de-paula-o2FCfhNSjPo-unsplash-scaled.jpg\" alt=\"\" width=\"148\" height=\"148\" \/><\/a><\/p>\n<h4 class=\"entry-title\"><a href=\"https:\/\/www.cde.ual.es\/en\/eu-produced-14-7-million-bicycles-in-2022\/\" target=\"_blank\" rel=\"noopener\">EU produced 14.7 million bicycles in 2022<\/a><\/h4>\n<p>&nbsp;<\/td>\n<\/tr>\n<\/tbody>\n<\/table>\n<p style=\"text-align: justify;\">The Cycling Declaration was adopted today in the context of the Urban Mobility Days in Seville, and as part of the wider efforts in road safety, such as the UN-JC Decaux Road Safety Campaign.<\/p>\n<p style=\"text-align: justify;\">The proposed principles will help the EU achieve its European Green Deal, Sustainable and Smart Mobility Strategy and Zero Pollution Action Plan objectives. In terms of funding, the European Commission will continue to support cycling via the Social Climate Fund, European Regional Development Fund, Cohesion Fund, European Agricultural Fund for Rural Development, Technical Support Instrument, and the Recovery and Resilience Facility.<\/p>\n<p style=\"text-align: justify;\">As a next step, the European Parliament and the Council will be able to review the text and add further commitments where necessary to enhance the implementation of this non-binding Declaration, which will be eventually signed by all three institutions.<\/p>\n<p style=\"text-align: justify;\"><strong>More information: <a href=\"https:\/\/transport.ec.europa.eu\/news-events\/news\/commission-proposes-list-principles-boost-cycling-across-europe-2023-10-04_en\">Mobility and Transport &#8211; European Commission<\/a><\/strong><\/p>\n","protected":false},"excerpt":{"rendered":"<p>The proposal for a European Declaration on Cycling, adopted by the European Commission, recognises cycling as a sustainable, accessible and inclusive, affordable and healthy means of transport, with strong added value for the EU economy. It\u00a0lists\u00a0principles to boost cycling that will guide future action\u00a0in the EU. Clear commitments, such as safe and coherent cycling networks [&hellip;]<\/p>\n","protected":false},"author":1,"featured_media":141753,"comment_status":"open","ping_status":"open","sticky":false,"template":"","format":"standard","meta":{"_acf_changed":false,"_relevanssi_hide_post":"","_relevanssi_hide_content":"","_relevanssi_pin_for_all":"","_relevanssi_pin_keywords":"","_relevanssi_unpin_keywords":"","_relevanssi_related_keywords":"","_relevanssi_related_include_ids":"","_relevanssi_related_exclude_ids":"","_relevanssi_related_no_append":"","_relevanssi_related_not_related":"","_relevanssi_related_posts":"","_relevanssi_noindex_reason":"","_monsterinsights_skip_tracking":false,"_monsterinsights_sitenote_active":false,"_monsterinsights_sitenote_note":"","_monsterinsights_sitenote_category":0,"_genesis_hide_title":false,"_genesis_hide_breadcrumbs":false,"_genesis_hide_singular_image":false,"_genesis_hide_footer_widgets":false,"_genesis_custom_body_class":"","_genesis_custom_post_class":"","_genesis_layout":"","footnotes":""},"categories":[4085,346,4087],"tags":[10112,10270,1488,368],"class_list":{"0":"post-141757","1":"post","2":"type-post","3":"status-publish","4":"format-standard","5":"has-post-thumbnail","7":"category-environment","8":"category-eu-news","9":"category-transport","10":"tag-bycicle","11":"tag-cycling","12":"tag-european-commission","13":"tag-european-union","14":"entry"},"acf":[],"yoast_head":"<!-- This site is optimized with the Yoast SEO plugin v27.4 - https:\/\/yoast.com\/product\/yoast-seo-wordpress\/ -->\n<title>Commission proposes list of principles to boost cycling across Europe | CDE Almer\u00eda - Centro de Documentaci\u00f3n Europea - Universidad de Almer\u00eda<\/title>\n<meta name=\"robots\" content=\"index, follow, max-snippet:-1, max-image-preview:large, max-video-preview:-1\" \/>\n<link rel=\"canonical\" href=\"https:\/\/www.cde.ual.es\/en\/commission-proposes-list-of-principles-to-boost-cycling-across-europe\/\" \/>\n<meta property=\"og:locale\" content=\"en_US\" \/>\n<meta property=\"og:type\" content=\"article\" \/>\n<meta property=\"og:title\" content=\"Commission proposes list of principles to boost cycling across Europe | CDE Almer\u00eda - Centro de Documentaci\u00f3n Europea - Universidad de Almer\u00eda\" \/>\n<meta property=\"og:description\" content=\"The proposal for a European Declaration on Cycling, adopted by the European Commission, recognises cycling as a sustainable, accessible and inclusive, affordable and healthy means of transport, with strong added value for the EU economy. It\u00a0lists\u00a0principles to boost cycling that will guide future action\u00a0in the EU. Clear commitments, such as safe and coherent cycling networks [&hellip;]\" \/>\n<meta property=\"og:url\" content=\"https:\/\/www.cde.ual.es\/en\/commission-proposes-list-of-principles-to-boost-cycling-across-europe\/\" \/>\n<meta property=\"og:site_name\" content=\"CDE Almer\u00eda - Centro de Documentaci\u00f3n Europea - Universidad de Almer\u00eda\" \/>\n<meta property=\"article:publisher\" content=\"https:\/\/www.facebook.com\/cdeuniversidadalmeria\/\" \/>\n<meta property=\"article:published_time\" content=\"2023-10-06T08:58:10+00:00\" \/>\n<meta property=\"og:image\" content=\"https:\/\/www.cde.ual.es\/wp-content\/uploads\/2023\/10\/norali-nayla-eDvG3IO8-Io-unsplash-scaled.jpg\" \/>\n\t<meta property=\"og:image:width\" content=\"2560\" \/>\n\t<meta property=\"og:image:height\" content=\"1707\" \/>\n\t<meta property=\"og:image:type\" content=\"image\/jpeg\" \/>\n<meta name=\"author\" content=\"AdminCDE\" \/>\n<meta name=\"twitter:card\" content=\"summary_large_image\" \/>\n<meta name=\"twitter:creator\" content=\"@cdeualmeria\" \/>\n<meta name=\"twitter:site\" content=\"@cdeualmeria\" \/>\n<meta name=\"twitter:label1\" content=\"Written by\" \/>\n\t<meta name=\"twitter:data1\" content=\"AdminCDE\" \/>\n\t<meta name=\"twitter:label2\" content=\"Est. reading time\" \/>\n\t<meta name=\"twitter:data2\" content=\"2 minutes\" \/>\n<script type=\"application\/ld+json\" class=\"yoast-schema-graph\">{\"@context\":\"https:\\\/\\\/schema.org\",\"@graph\":[{\"@type\":\"Article\",\"@id\":\"https:\\\/\\\/www.cde.ual.es\\\/en\\\/commission-proposes-list-of-principles-to-boost-cycling-across-europe\\\/#article\",\"isPartOf\":{\"@id\":\"https:\\\/\\\/www.cde.ual.es\\\/en\\\/commission-proposes-list-of-principles-to-boost-cycling-across-europe\\\/\"},\"author\":{\"name\":\"AdminCDE\",\"@id\":\"https:\\\/\\\/www.cde.ual.es\\\/#\\\/schema\\\/person\\\/224ef08c8bcc005f319d2713ce37ee5f\"},\"headline\":\"Commission proposes list of principles to boost cycling across Europe\",\"datePublished\":\"2023-10-06T08:58:10+00:00\",\"mainEntityOfPage\":{\"@id\":\"https:\\\/\\\/www.cde.ual.es\\\/en\\\/commission-proposes-list-of-principles-to-boost-cycling-across-europe\\\/\"},\"wordCount\":354,\"commentCount\":0,\"publisher\":{\"@id\":\"https:\\\/\\\/www.cde.ual.es\\\/#organization\"},\"image\":{\"@id\":\"https:\\\/\\\/www.cde.ual.es\\\/en\\\/commission-proposes-list-of-principles-to-boost-cycling-across-europe\\\/#primaryimage\"},\"thumbnailUrl\":\"https:\\\/\\\/www.cde.ual.es\\\/wp-content\\\/uploads\\\/2023\\\/10\\\/norali-nayla-eDvG3IO8-Io-unsplash-scaled.jpg\",\"keywords\":[\"bycicle\",\"cycling\",\"European Commission\",\"European Union\"],\"articleSection\":[\"Environmental Affairs\",\"EU News\",\"Transport\"],\"inLanguage\":\"en-US\",\"potentialAction\":[{\"@type\":\"CommentAction\",\"name\":\"Comment\",\"target\":[\"https:\\\/\\\/www.cde.ual.es\\\/en\\\/commission-proposes-list-of-principles-to-boost-cycling-across-europe\\\/#respond\"]}]},{\"@type\":\"WebPage\",\"@id\":\"https:\\\/\\\/www.cde.ual.es\\\/en\\\/commission-proposes-list-of-principles-to-boost-cycling-across-europe\\\/\",\"url\":\"https:\\\/\\\/www.cde.ual.es\\\/en\\\/commission-proposes-list-of-principles-to-boost-cycling-across-europe\\\/\",\"name\":\"Commission proposes list of principles to boost cycling across Europe | CDE Almer\u00eda - Centro de Documentaci\u00f3n Europea - Universidad de Almer\u00eda\",\"isPartOf\":{\"@id\":\"https:\\\/\\\/www.cde.ual.es\\\/#website\"},\"primaryImageOfPage\":{\"@id\":\"https:\\\/\\\/www.cde.ual.es\\\/en\\\/commission-proposes-list-of-principles-to-boost-cycling-across-europe\\\/#primaryimage\"},\"image\":{\"@id\":\"https:\\\/\\\/www.cde.ual.es\\\/en\\\/commission-proposes-list-of-principles-to-boost-cycling-across-europe\\\/#primaryimage\"},\"thumbnailUrl\":\"https:\\\/\\\/www.cde.ual.es\\\/wp-content\\\/uploads\\\/2023\\\/10\\\/norali-nayla-eDvG3IO8-Io-unsplash-scaled.jpg\",\"datePublished\":\"2023-10-06T08:58:10+00:00\",\"breadcrumb\":{\"@id\":\"https:\\\/\\\/www.cde.ual.es\\\/en\\\/commission-proposes-list-of-principles-to-boost-cycling-across-europe\\\/#breadcrumb\"},\"inLanguage\":\"en-US\",\"potentialAction\":[{\"@type\":\"ReadAction\",\"target\":[\"https:\\\/\\\/www.cde.ual.es\\\/en\\\/commission-proposes-list-of-principles-to-boost-cycling-across-europe\\\/\"]}]},{\"@type\":\"ImageObject\",\"inLanguage\":\"en-US\",\"@id\":\"https:\\\/\\\/www.cde.ual.es\\\/en\\\/commission-proposes-list-of-principles-to-boost-cycling-across-europe\\\/#primaryimage\",\"url\":\"https:\\\/\\\/www.cde.ual.es\\\/wp-content\\\/uploads\\\/2023\\\/10\\\/norali-nayla-eDvG3IO8-Io-unsplash-scaled.jpg\",\"contentUrl\":\"https:\\\/\\\/www.cde.ual.es\\\/wp-content\\\/uploads\\\/2023\\\/10\\\/norali-nayla-eDvG3IO8-Io-unsplash-scaled.jpg\",\"width\":2560,\"height\":1707,\"caption\":\"bicicleta\"},{\"@type\":\"BreadcrumbList\",\"@id\":\"https:\\\/\\\/www.cde.ual.es\\\/en\\\/commission-proposes-list-of-principles-to-boost-cycling-across-europe\\\/#breadcrumb\",\"itemListElement\":[{\"@type\":\"ListItem\",\"position\":1,\"name\":\"Inicio\",\"item\":\"https:\\\/\\\/www.cde.ual.es\\\/en\\\/\"},{\"@type\":\"ListItem\",\"position\":2,\"name\":\"EU News\",\"item\":\"https:\\\/\\\/www.cde.ual.es\\\/en\\\/category\\\/eu-news\\\/\"},{\"@type\":\"ListItem\",\"position\":3,\"name\":\"Environmental Affairs\",\"item\":\"https:\\\/\\\/www.cde.ual.es\\\/en\\\/category\\\/eu-news\\\/environment\\\/\"},{\"@type\":\"ListItem\",\"position\":4,\"name\":\"Transport\",\"item\":\"https:\\\/\\\/www.cde.ual.es\\\/en\\\/category\\\/eu-news\\\/environment\\\/transport\\\/\"},{\"@type\":\"ListItem\",\"position\":5,\"name\":\"Commission proposes list of principles to boost cycling across Europe\"}]},{\"@type\":\"WebSite\",\"@id\":\"https:\\\/\\\/www.cde.ual.es\\\/#website\",\"url\":\"https:\\\/\\\/www.cde.ual.es\\\/\",\"name\":\"CDE Almer\u00eda - Centro de Documentaci\u00f3n Europea - Universidad de Almer\u00eda\",\"description\":\"Centro de Documentaci\u00f3n Europea de la Universidad de Almer\u00eda\",\"publisher\":{\"@id\":\"https:\\\/\\\/www.cde.ual.es\\\/#organization\"},\"alternateName\":\"CDE Almer\u00eda\",\"potentialAction\":[{\"@type\":\"SearchAction\",\"target\":{\"@type\":\"EntryPoint\",\"urlTemplate\":\"https:\\\/\\\/www.cde.ual.es\\\/?s={search_term_string}\"},\"query-input\":{\"@type\":\"PropertyValueSpecification\",\"valueRequired\":true,\"valueName\":\"search_term_string\"}}],\"inLanguage\":\"en-US\"},{\"@type\":\"Organization\",\"@id\":\"https:\\\/\\\/www.cde.ual.es\\\/#organization\",\"name\":\"Centro de Documentaci\u00f3n Europea de Almer\u00eda\",\"url\":\"https:\\\/\\\/www.cde.ual.es\\\/\",\"logo\":{\"@type\":\"ImageObject\",\"inLanguage\":\"en-US\",\"@id\":\"https:\\\/\\\/www.cde.ual.es\\\/#\\\/schema\\\/logo\\\/image\\\/\",\"url\":\"https:\\\/\\\/www.cde.ual.es\\\/wp-content\\\/uploads\\\/2025\\\/07\\\/cde-logo-3.png\",\"contentUrl\":\"https:\\\/\\\/www.cde.ual.es\\\/wp-content\\\/uploads\\\/2025\\\/07\\\/cde-logo-3.png\",\"width\":1400,\"height\":300,\"caption\":\"Centro de Documentaci\u00f3n Europea de Almer\u00eda\"},\"image\":{\"@id\":\"https:\\\/\\\/www.cde.ual.es\\\/#\\\/schema\\\/logo\\\/image\\\/\"},\"sameAs\":[\"https:\\\/\\\/www.facebook.com\\\/cdeuniversidadalmeria\\\/\",\"https:\\\/\\\/x.com\\\/cdeualmeria\",\"https:\\\/\\\/www.tiktok.com\\\/@cdealmeria\",\"https:\\\/\\\/www.instagram.com\\\/cdealmeria\\\/\",\"https:\\\/\\\/www.linkedin.com\\\/in\\\/cde-almera-812b26a9\\\/\"]},{\"@type\":\"Person\",\"@id\":\"https:\\\/\\\/www.cde.ual.es\\\/#\\\/schema\\\/person\\\/224ef08c8bcc005f319d2713ce37ee5f\",\"name\":\"AdminCDE\",\"image\":{\"@type\":\"ImageObject\",\"inLanguage\":\"en-US\",\"@id\":\"https:\\\/\\\/secure.gravatar.com\\\/avatar\\\/a72d038d371f995cd13706fac32274b7952a52e8fb0a84b5f80c85426f2a98a8?s=96&d=mm&r=g\",\"url\":\"https:\\\/\\\/secure.gravatar.com\\\/avatar\\\/a72d038d371f995cd13706fac32274b7952a52e8fb0a84b5f80c85426f2a98a8?s=96&d=mm&r=g\",\"contentUrl\":\"https:\\\/\\\/secure.gravatar.com\\\/avatar\\\/a72d038d371f995cd13706fac32274b7952a52e8fb0a84b5f80c85426f2a98a8?s=96&d=mm&r=g\",\"caption\":\"AdminCDE\"}}]}<\/script>\n<!-- \/ Yoast SEO plugin. -->","yoast_head_json":{"title":"Commission proposes list of principles to boost cycling across Europe | CDE Almer\u00eda - Centro de Documentaci\u00f3n Europea - Universidad de Almer\u00eda","robots":{"index":"index","follow":"follow","max-snippet":"max-snippet:-1","max-image-preview":"max-image-preview:large","max-video-preview":"max-video-preview:-1"},"canonical":"https:\/\/www.cde.ual.es\/en\/commission-proposes-list-of-principles-to-boost-cycling-across-europe\/","og_locale":"en_US","og_type":"article","og_title":"Commission proposes list of principles to boost cycling across Europe | CDE Almer\u00eda - Centro de Documentaci\u00f3n Europea - Universidad de Almer\u00eda","og_description":"The proposal for a European Declaration on Cycling, adopted by the European Commission, recognises cycling as a sustainable, accessible and inclusive, affordable and healthy means of transport, with strong added value for the EU economy. It\u00a0lists\u00a0principles to boost cycling that will guide future action\u00a0in the EU. Clear commitments, such as safe and coherent cycling networks [&hellip;]","og_url":"https:\/\/www.cde.ual.es\/en\/commission-proposes-list-of-principles-to-boost-cycling-across-europe\/","og_site_name":"CDE Almer\u00eda - Centro de Documentaci\u00f3n Europea - Universidad de Almer\u00eda","article_publisher":"https:\/\/www.facebook.com\/cdeuniversidadalmeria\/","article_published_time":"2023-10-06T08:58:10+00:00","og_image":[{"width":2560,"height":1707,"url":"https:\/\/www.cde.ual.es\/wp-content\/uploads\/2023\/10\/norali-nayla-eDvG3IO8-Io-unsplash-scaled.jpg","type":"image\/jpeg"}],"author":"AdminCDE","twitter_card":"summary_large_image","twitter_creator":"@cdeualmeria","twitter_site":"@cdeualmeria","twitter_misc":{"Written by":"AdminCDE","Est. reading time":"2 minutes"},"schema":{"@context":"https:\/\/schema.org","@graph":[{"@type":"Article","@id":"https:\/\/www.cde.ual.es\/en\/commission-proposes-list-of-principles-to-boost-cycling-across-europe\/#article","isPartOf":{"@id":"https:\/\/www.cde.ual.es\/en\/commission-proposes-list-of-principles-to-boost-cycling-across-europe\/"},"author":{"name":"AdminCDE","@id":"https:\/\/www.cde.ual.es\/#\/schema\/person\/224ef08c8bcc005f319d2713ce37ee5f"},"headline":"Commission proposes list of principles to boost cycling across Europe","datePublished":"2023-10-06T08:58:10+00:00","mainEntityOfPage":{"@id":"https:\/\/www.cde.ual.es\/en\/commission-proposes-list-of-principles-to-boost-cycling-across-europe\/"},"wordCount":354,"commentCount":0,"publisher":{"@id":"https:\/\/www.cde.ual.es\/#organization"},"image":{"@id":"https:\/\/www.cde.ual.es\/en\/commission-proposes-list-of-principles-to-boost-cycling-across-europe\/#primaryimage"},"thumbnailUrl":"https:\/\/www.cde.ual.es\/wp-content\/uploads\/2023\/10\/norali-nayla-eDvG3IO8-Io-unsplash-scaled.jpg","keywords":["bycicle","cycling","European Commission","European Union"],"articleSection":["Environmental Affairs","EU News","Transport"],"inLanguage":"en-US","potentialAction":[{"@type":"CommentAction","name":"Comment","target":["https:\/\/www.cde.ual.es\/en\/commission-proposes-list-of-principles-to-boost-cycling-across-europe\/#respond"]}]},{"@type":"WebPage","@id":"https:\/\/www.cde.ual.es\/en\/commission-proposes-list-of-principles-to-boost-cycling-across-europe\/","url":"https:\/\/www.cde.ual.es\/en\/commission-proposes-list-of-principles-to-boost-cycling-across-europe\/","name":"Commission proposes list of principles to boost cycling across Europe | CDE Almer\u00eda - Centro de Documentaci\u00f3n Europea - Universidad de Almer\u00eda","isPartOf":{"@id":"https:\/\/www.cde.ual.es\/#website"},"primaryImageOfPage":{"@id":"https:\/\/www.cde.ual.es\/en\/commission-proposes-list-of-principles-to-boost-cycling-across-europe\/#primaryimage"},"image":{"@id":"https:\/\/www.cde.ual.es\/en\/commission-proposes-list-of-principles-to-boost-cycling-across-europe\/#primaryimage"},"thumbnailUrl":"https:\/\/www.cde.ual.es\/wp-content\/uploads\/2023\/10\/norali-nayla-eDvG3IO8-Io-unsplash-scaled.jpg","datePublished":"2023-10-06T08:58:10+00:00","breadcrumb":{"@id":"https:\/\/www.cde.ual.es\/en\/commission-proposes-list-of-principles-to-boost-cycling-across-europe\/#breadcrumb"},"inLanguage":"en-US","potentialAction":[{"@type":"ReadAction","target":["https:\/\/www.cde.ual.es\/en\/commission-proposes-list-of-principles-to-boost-cycling-across-europe\/"]}]},{"@type":"ImageObject","inLanguage":"en-US","@id":"https:\/\/www.cde.ual.es\/en\/commission-proposes-list-of-principles-to-boost-cycling-across-europe\/#primaryimage","url":"https:\/\/www.cde.ual.es\/wp-content\/uploads\/2023\/10\/norali-nayla-eDvG3IO8-Io-unsplash-scaled.jpg","contentUrl":"https:\/\/www.cde.ual.es\/wp-content\/uploads\/2023\/10\/norali-nayla-eDvG3IO8-Io-unsplash-scaled.jpg","width":2560,"height":1707,"caption":"bicicleta"},{"@type":"BreadcrumbList","@id":"https:\/\/www.cde.ual.es\/en\/commission-proposes-list-of-principles-to-boost-cycling-across-europe\/#breadcrumb","itemListElement":[{"@type":"ListItem","position":1,"name":"Inicio","item":"https:\/\/www.cde.ual.es\/en\/"},{"@type":"ListItem","position":2,"name":"EU News","item":"https:\/\/www.cde.ual.es\/en\/category\/eu-news\/"},{"@type":"ListItem","position":3,"name":"Environmental Affairs","item":"https:\/\/www.cde.ual.es\/en\/category\/eu-news\/environment\/"},{"@type":"ListItem","position":4,"name":"Transport","item":"https:\/\/www.cde.ual.es\/en\/category\/eu-news\/environment\/transport\/"},{"@type":"ListItem","position":5,"name":"Commission proposes list of principles to boost cycling across Europe"}]},{"@type":"WebSite","@id":"https:\/\/www.cde.ual.es\/#website","url":"https:\/\/www.cde.ual.es\/","name":"CDE Almer\u00eda - Centro de Documentaci\u00f3n Europea - Universidad de Almer\u00eda","description":"Centro de Documentaci\u00f3n Europea de la Universidad de Almer\u00eda","publisher":{"@id":"https:\/\/www.cde.ual.es\/#organization"},"alternateName":"CDE Almer\u00eda","potentialAction":[{"@type":"SearchAction","target":{"@type":"EntryPoint","urlTemplate":"https:\/\/www.cde.ual.es\/?s={search_term_string}"},"query-input":{"@type":"PropertyValueSpecification","valueRequired":true,"valueName":"search_term_string"}}],"inLanguage":"en-US"},{"@type":"Organization","@id":"https:\/\/www.cde.ual.es\/#organization","name":"Centro de Documentaci\u00f3n Europea de Almer\u00eda","url":"https:\/\/www.cde.ual.es\/","logo":{"@type":"ImageObject","inLanguage":"en-US","@id":"https:\/\/www.cde.ual.es\/#\/schema\/logo\/image\/","url":"https:\/\/www.cde.ual.es\/wp-content\/uploads\/2025\/07\/cde-logo-3.png","contentUrl":"https:\/\/www.cde.ual.es\/wp-content\/uploads\/2025\/07\/cde-logo-3.png","width":1400,"height":300,"caption":"Centro de Documentaci\u00f3n Europea de Almer\u00eda"},"image":{"@id":"https:\/\/www.cde.ual.es\/#\/schema\/logo\/image\/"},"sameAs":["https:\/\/www.facebook.com\/cdeuniversidadalmeria\/","https:\/\/x.com\/cdeualmeria","https:\/\/www.tiktok.com\/@cdealmeria","https:\/\/www.instagram.com\/cdealmeria\/","https:\/\/www.linkedin.com\/in\/cde-almera-812b26a9\/"]},{"@type":"Person","@id":"https:\/\/www.cde.ual.es\/#\/schema\/person\/224ef08c8bcc005f319d2713ce37ee5f","name":"AdminCDE","image":{"@type":"ImageObject","inLanguage":"en-US","@id":"https:\/\/secure.gravatar.com\/avatar\/a72d038d371f995cd13706fac32274b7952a52e8fb0a84b5f80c85426f2a98a8?s=96&d=mm&r=g","url":"https:\/\/secure.gravatar.com\/avatar\/a72d038d371f995cd13706fac32274b7952a52e8fb0a84b5f80c85426f2a98a8?s=96&d=mm&r=g","contentUrl":"https:\/\/secure.gravatar.com\/avatar\/a72d038d371f995cd13706fac32274b7952a52e8fb0a84b5f80c85426f2a98a8?s=96&d=mm&r=g","caption":"AdminCDE"}}]}},"_links":{"self":[{"href":"https:\/\/www.cde.ual.es\/en\/wp-json\/wp\/v2\/posts\/141757","targetHints":{"allow":["GET"]}}],"collection":[{"href":"https:\/\/www.cde.ual.es\/en\/wp-json\/wp\/v2\/posts"}],"about":[{"href":"https:\/\/www.cde.ual.es\/en\/wp-json\/wp\/v2\/types\/post"}],"author":[{"embeddable":true,"href":"https:\/\/www.cde.ual.es\/en\/wp-json\/wp\/v2\/users\/1"}],"replies":[{"embeddable":true,"href":"https:\/\/www.cde.ual.es\/en\/wp-json\/wp\/v2\/comments?post=141757"}],"version-history":[{"count":1,"href":"https:\/\/www.cde.ual.es\/en\/wp-json\/wp\/v2\/posts\/141757\/revisions"}],"predecessor-version":[{"id":141758,"href":"https:\/\/www.cde.ual.es\/en\/wp-json\/wp\/v2\/posts\/141757\/revisions\/141758"}],"wp:featuredmedia":[{"embeddable":true,"href":"https:\/\/www.cde.ual.es\/en\/wp-json\/wp\/v2\/media\/141753"}],"wp:attachment":[{"href":"https:\/\/www.cde.ual.es\/en\/wp-json\/wp\/v2\/media?parent=141757"}],"wp:term":[{"taxonomy":"category","embeddable":true,"href":"https:\/\/www.cde.ual.es\/en\/wp-json\/wp\/v2\/categories?post=141757"},{"taxonomy":"post_tag","embeddable":true,"href":"https:\/\/www.cde.ual.es\/en\/wp-json\/wp\/v2\/tags?post=141757"}],"curies":[{"name":"wp","href":"https:\/\/api.w.org\/{rel}","templated":true}]}}