{"id":141164,"date":"2023-10-03T13:13:28","date_gmt":"2023-10-03T11:13:28","guid":{"rendered":"https:\/\/www.cde.ual.es\/?p=141164"},"modified":"2023-10-03T13:13:28","modified_gmt":"2023-10-03T11:13:28","slug":"european-researchers-night-2023","status":"publish","type":"post","link":"https:\/\/www.cde.ual.es\/en\/european-researchers-night-2023\/","title":{"rendered":"European Researchers&#8217; Night 2023"},"content":{"rendered":"<p style=\"text-align: justify;\"><strong>Once again, the European Researchers&#8217; Night has been a success in Almeria, a city already used to occupy very high positions with respect to the rest of the cities that organise it simultaneously, some 350 across the continent as the largest international science dissemination event.<\/strong><\/p>\n<p style=\"text-align: justify;\"><a href=\"https:\/\/www.cde.ual.es\/wp-content\/uploads\/2023\/10\/FOTOS-NOCHE-INVESTIGADORES-1.jpeg\"><img decoding=\"async\" class=\"aligncenter size-full wp-image-141150\" src=\"https:\/\/www.cde.ual.es\/wp-content\/uploads\/2023\/10\/FOTOS-NOCHE-INVESTIGADORES-1.jpeg\" alt=\"\" width=\"1600\" height=\"1066\" srcset=\"https:\/\/www.cde.ual.es\/wp-content\/uploads\/2023\/10\/FOTOS-NOCHE-INVESTIGADORES-1.jpeg 1600w, https:\/\/www.cde.ual.es\/wp-content\/uploads\/2023\/10\/FOTOS-NOCHE-INVESTIGADORES-1-300x200.jpeg 300w, https:\/\/www.cde.ual.es\/wp-content\/uploads\/2023\/10\/FOTOS-NOCHE-INVESTIGADORES-1-1024x682.jpeg 1024w, https:\/\/www.cde.ual.es\/wp-content\/uploads\/2023\/10\/FOTOS-NOCHE-INVESTIGADORES-1-768x512.jpeg 768w, https:\/\/www.cde.ual.es\/wp-content\/uploads\/2023\/10\/FOTOS-NOCHE-INVESTIGADORES-1-1536x1023.jpeg 1536w\" sizes=\"(max-width: 1600px) 100vw, 1600px\" \/><\/a><\/p>\n<p style=\"text-align: justify;\">In Almeria, 802 researchers, 87 activities and thousands of people from Almeria have once again made it possible for the Night to continue to be a successful event. Thus, society has had direct access to scientific work thanks to the commitment of the UAL and the Descubre Foundation with the support of the administrations.<\/p>\n<p style=\"text-align: justify;\"><strong>CDE of Almeria in the European Researchers&#8217; Night<\/strong><\/p>\n<p style=\"text-align: justify;\">As every year, the CDE participated in this special night with various activities with the citizens: we tested the knowledge of Almeria&#8217;s citizens about the EU with a thematic word game, we informed about the European Year of Competences and the little ones could enjoy and learn by playing and creating their own puzzle about agriculture and food.<\/p>\n<p style=\"text-align: justify;\"><a href=\"https:\/\/www.cde.ual.es\/wp-content\/uploads\/2023\/10\/FOTOS-NOCHE-INVESTIGADORES-4.jpeg\"><img decoding=\"async\" class=\"aligncenter size-full wp-image-141148\" src=\"https:\/\/www.cde.ual.es\/wp-content\/uploads\/2023\/10\/FOTOS-NOCHE-INVESTIGADORES-4.jpeg\" alt=\"\" width=\"1600\" height=\"843\" srcset=\"https:\/\/www.cde.ual.es\/wp-content\/uploads\/2023\/10\/FOTOS-NOCHE-INVESTIGADORES-4.jpeg 1600w, https:\/\/www.cde.ual.es\/wp-content\/uploads\/2023\/10\/FOTOS-NOCHE-INVESTIGADORES-4-300x158.jpeg 300w, https:\/\/www.cde.ual.es\/wp-content\/uploads\/2023\/10\/FOTOS-NOCHE-INVESTIGADORES-4-1024x540.jpeg 1024w, https:\/\/www.cde.ual.es\/wp-content\/uploads\/2023\/10\/FOTOS-NOCHE-INVESTIGADORES-4-768x405.jpeg 768w, https:\/\/www.cde.ual.es\/wp-content\/uploads\/2023\/10\/FOTOS-NOCHE-INVESTIGADORES-4-1536x809.jpeg 1536w\" sizes=\"(max-width: 1600px) 100vw, 1600px\" \/><\/a><\/p>\n<p style=\"text-align: justify;\"><strong>European Researchers&#8217; Night<\/strong><\/p>\n<p style=\"text-align: justify;\">The European Researchers&#8217; Night is a European project of scientific dissemination promoted by the European Commission within the Marie Sktodowska-Curie actions of the European Commission&#8217;s Horizon Europe Research Framework Programme (2021-2027), which takes place simultaneously in more than 350 European cities since 2005. Its main objective is to bring the general public and researchers together in an informal and playful way, as well as to highlight the positive impact of their work in our daily lives and to promote research careers in research.<\/p>\n<p style=\"text-align: justify;\"><strong>More information: <a href=\"https:\/\/news.ual.es\/ciencia\/la-noche-europea-de-los-investigadores-muestra-un-ano-mas-el-interes-por-la-ciencia-de-la-sociedad-almeriense\/\">UALNEWS<\/a><\/strong><\/p>\n","protected":false},"excerpt":{"rendered":"<p>Once again, the European Researchers&#8217; Night has been a success in Almeria, a city already used to occupy very high positions with respect to the rest of the cities that organise it simultaneously, some 350 across the continent as the largest international science dissemination event. In Almeria, 802 researchers, 87 activities and thousands of people [&hellip;]<\/p>\n","protected":false},"author":1,"featured_media":141151,"comment_status":"open","ping_status":"open","sticky":false,"template":"","format":"standard","meta":{"_acf_changed":false,"_relevanssi_hide_post":"","_relevanssi_hide_content":"","_relevanssi_pin_for_all":"","_relevanssi_pin_keywords":"","_relevanssi_unpin_keywords":"","_relevanssi_related_keywords":"","_relevanssi_related_include_ids":"","_relevanssi_related_exclude_ids":"","_relevanssi_related_no_append":"","_relevanssi_related_not_related":"","_relevanssi_related_posts":"","_relevanssi_noindex_reason":"","_monsterinsights_skip_tracking":false,"_monsterinsights_sitenote_active":false,"_monsterinsights_sitenote_note":"","_monsterinsights_sitenote_category":0,"_genesis_hide_title":false,"_genesis_hide_breadcrumbs":false,"_genesis_hide_singular_image":false,"_genesis_hide_footer_widgets":false,"_genesis_custom_body_class":"","_genesis_custom_post_class":"","_genesis_layout":"","footnotes":""},"categories":[365,346],"tags":[6361,2746,10226],"class_list":{"0":"post-141164","1":"post","2":"type-post","3":"status-publish","4":"format-standard","5":"has-post-thumbnail","7":"category-activities","8":"category-eu-news","9":"tag-2023-en","10":"tag-almeria-en","11":"tag-eliminar-el-termino-european-researchers-night-european-researchers-night","12":"entry"},"acf":[],"yoast_head":"<!-- This site is optimized with the Yoast SEO plugin v27.5 - https:\/\/yoast.com\/product\/yoast-seo-wordpress\/ -->\n<title>European Researchers&#039; Night 2023 | CDE Almer\u00eda - Centro de Documentaci\u00f3n Europea - Universidad de Almer\u00eda<\/title>\n<meta name=\"robots\" content=\"index, follow, max-snippet:-1, max-image-preview:large, max-video-preview:-1\" \/>\n<link rel=\"canonical\" href=\"https:\/\/www.cde.ual.es\/en\/european-researchers-night-2023\/\" \/>\n<meta property=\"og:locale\" content=\"en_US\" \/>\n<meta property=\"og:type\" content=\"article\" \/>\n<meta property=\"og:title\" content=\"European Researchers&#039; Night 2023 | CDE Almer\u00eda - Centro de Documentaci\u00f3n Europea - Universidad de Almer\u00eda\" \/>\n<meta property=\"og:description\" content=\"Once again, the European Researchers&#8217; Night has been a success in Almeria, a city already used to occupy very high positions with respect to the rest of the cities that organise it simultaneously, some 350 across the continent as the largest international science dissemination event. In Almeria, 802 researchers, 87 activities and thousands of people [&hellip;]\" \/>\n<meta property=\"og:url\" content=\"https:\/\/www.cde.ual.es\/en\/european-researchers-night-2023\/\" \/>\n<meta property=\"og:site_name\" content=\"CDE Almer\u00eda - Centro de Documentaci\u00f3n Europea - Universidad de Almer\u00eda\" \/>\n<meta property=\"article:publisher\" content=\"https:\/\/www.facebook.com\/cdeuniversidadalmeria\/\" \/>\n<meta property=\"article:published_time\" content=\"2023-10-03T11:13:28+00:00\" \/>\n<meta property=\"og:image\" content=\"https:\/\/www.cde.ual.es\/wp-content\/uploads\/2023\/10\/FOTOS-NOCHE-INVESTIGADORES-1.jpeg\" \/>\n\t<meta property=\"og:image:width\" content=\"1600\" \/>\n\t<meta property=\"og:image:height\" content=\"1066\" \/>\n\t<meta property=\"og:image:type\" content=\"image\/jpeg\" \/>\n<meta name=\"author\" content=\"AdminCDE\" \/>\n<meta name=\"twitter:card\" content=\"summary_large_image\" \/>\n<meta name=\"twitter:creator\" content=\"@cdeualmeria\" \/>\n<meta name=\"twitter:site\" content=\"@cdeualmeria\" \/>\n<meta name=\"twitter:label1\" content=\"Written by\" \/>\n\t<meta name=\"twitter:data1\" content=\"AdminCDE\" \/>\n\t<meta name=\"twitter:label2\" content=\"Est. reading time\" \/>\n\t<meta name=\"twitter:data2\" content=\"2 minutes\" \/>\n<script type=\"application\/ld+json\" class=\"yoast-schema-graph\">{\"@context\":\"https:\\\/\\\/schema.org\",\"@graph\":[{\"@type\":\"Article\",\"@id\":\"https:\\\/\\\/www.cde.ual.es\\\/en\\\/european-researchers-night-2023\\\/#article\",\"isPartOf\":{\"@id\":\"https:\\\/\\\/www.cde.ual.es\\\/en\\\/european-researchers-night-2023\\\/\"},\"author\":{\"name\":\"AdminCDE\",\"@id\":\"https:\\\/\\\/www.cde.ual.es\\\/#\\\/schema\\\/person\\\/224ef08c8bcc005f319d2713ce37ee5f\"},\"headline\":\"European Researchers&#8217; Night 2023\",\"datePublished\":\"2023-10-03T11:13:28+00:00\",\"mainEntityOfPage\":{\"@id\":\"https:\\\/\\\/www.cde.ual.es\\\/en\\\/european-researchers-night-2023\\\/\"},\"wordCount\":254,\"commentCount\":0,\"publisher\":{\"@id\":\"https:\\\/\\\/www.cde.ual.es\\\/#organization\"},\"image\":{\"@id\":\"https:\\\/\\\/www.cde.ual.es\\\/en\\\/european-researchers-night-2023\\\/#primaryimage\"},\"thumbnailUrl\":\"https:\\\/\\\/www.cde.ual.es\\\/wp-content\\\/uploads\\\/2023\\\/10\\\/FOTOS-NOCHE-INVESTIGADORES-1.jpeg\",\"keywords\":[\"2023\",\"almeria\",\"Eliminar el t\u00e9rmino: European Researchers' Night European Researchers' Night\"],\"articleSection\":[\"Activities\",\"EU News\"],\"inLanguage\":\"en-US\",\"potentialAction\":[{\"@type\":\"CommentAction\",\"name\":\"Comment\",\"target\":[\"https:\\\/\\\/www.cde.ual.es\\\/en\\\/european-researchers-night-2023\\\/#respond\"]}]},{\"@type\":\"WebPage\",\"@id\":\"https:\\\/\\\/www.cde.ual.es\\\/en\\\/european-researchers-night-2023\\\/\",\"url\":\"https:\\\/\\\/www.cde.ual.es\\\/en\\\/european-researchers-night-2023\\\/\",\"name\":\"European Researchers' Night 2023 | CDE Almer\u00eda - Centro de Documentaci\u00f3n Europea - Universidad de Almer\u00eda\",\"isPartOf\":{\"@id\":\"https:\\\/\\\/www.cde.ual.es\\\/#website\"},\"primaryImageOfPage\":{\"@id\":\"https:\\\/\\\/www.cde.ual.es\\\/en\\\/european-researchers-night-2023\\\/#primaryimage\"},\"image\":{\"@id\":\"https:\\\/\\\/www.cde.ual.es\\\/en\\\/european-researchers-night-2023\\\/#primaryimage\"},\"thumbnailUrl\":\"https:\\\/\\\/www.cde.ual.es\\\/wp-content\\\/uploads\\\/2023\\\/10\\\/FOTOS-NOCHE-INVESTIGADORES-1.jpeg\",\"datePublished\":\"2023-10-03T11:13:28+00:00\",\"breadcrumb\":{\"@id\":\"https:\\\/\\\/www.cde.ual.es\\\/en\\\/european-researchers-night-2023\\\/#breadcrumb\"},\"inLanguage\":\"en-US\",\"potentialAction\":[{\"@type\":\"ReadAction\",\"target\":[\"https:\\\/\\\/www.cde.ual.es\\\/en\\\/european-researchers-night-2023\\\/\"]}]},{\"@type\":\"ImageObject\",\"inLanguage\":\"en-US\",\"@id\":\"https:\\\/\\\/www.cde.ual.es\\\/en\\\/european-researchers-night-2023\\\/#primaryimage\",\"url\":\"https:\\\/\\\/www.cde.ual.es\\\/wp-content\\\/uploads\\\/2023\\\/10\\\/FOTOS-NOCHE-INVESTIGADORES-1.jpeg\",\"contentUrl\":\"https:\\\/\\\/www.cde.ual.es\\\/wp-content\\\/uploads\\\/2023\\\/10\\\/FOTOS-NOCHE-INVESTIGADORES-1.jpeg\",\"width\":1600,\"height\":1066},{\"@type\":\"BreadcrumbList\",\"@id\":\"https:\\\/\\\/www.cde.ual.es\\\/en\\\/european-researchers-night-2023\\\/#breadcrumb\",\"itemListElement\":[{\"@type\":\"ListItem\",\"position\":1,\"name\":\"Inicio\",\"item\":\"https:\\\/\\\/www.cde.ual.es\\\/en\\\/\"},{\"@type\":\"ListItem\",\"position\":2,\"name\":\"Activities\",\"item\":\"https:\\\/\\\/www.cde.ual.es\\\/en\\\/category\\\/activities\\\/\"},{\"@type\":\"ListItem\",\"position\":3,\"name\":\"European Researchers&#8217; Night 2023\"}]},{\"@type\":\"WebSite\",\"@id\":\"https:\\\/\\\/www.cde.ual.es\\\/#website\",\"url\":\"https:\\\/\\\/www.cde.ual.es\\\/\",\"name\":\"CDE Almer\u00eda - Centro de Documentaci\u00f3n Europea - Universidad de Almer\u00eda\",\"description\":\"Centro de Documentaci\u00f3n Europea de la Universidad de Almer\u00eda\",\"publisher\":{\"@id\":\"https:\\\/\\\/www.cde.ual.es\\\/#organization\"},\"alternateName\":\"CDE Almer\u00eda\",\"potentialAction\":[{\"@type\":\"SearchAction\",\"target\":{\"@type\":\"EntryPoint\",\"urlTemplate\":\"https:\\\/\\\/www.cde.ual.es\\\/?s={search_term_string}\"},\"query-input\":{\"@type\":\"PropertyValueSpecification\",\"valueRequired\":true,\"valueName\":\"search_term_string\"}}],\"inLanguage\":\"en-US\"},{\"@type\":\"Organization\",\"@id\":\"https:\\\/\\\/www.cde.ual.es\\\/#organization\",\"name\":\"Centro de Documentaci\u00f3n Europea de Almer\u00eda\",\"url\":\"https:\\\/\\\/www.cde.ual.es\\\/\",\"logo\":{\"@type\":\"ImageObject\",\"inLanguage\":\"en-US\",\"@id\":\"https:\\\/\\\/www.cde.ual.es\\\/#\\\/schema\\\/logo\\\/image\\\/\",\"url\":\"https:\\\/\\\/www.cde.ual.es\\\/wp-content\\\/uploads\\\/2025\\\/07\\\/cde-logo-3.png\",\"contentUrl\":\"https:\\\/\\\/www.cde.ual.es\\\/wp-content\\\/uploads\\\/2025\\\/07\\\/cde-logo-3.png\",\"width\":1400,\"height\":300,\"caption\":\"Centro de Documentaci\u00f3n Europea de Almer\u00eda\"},\"image\":{\"@id\":\"https:\\\/\\\/www.cde.ual.es\\\/#\\\/schema\\\/logo\\\/image\\\/\"},\"sameAs\":[\"https:\\\/\\\/www.facebook.com\\\/cdeuniversidadalmeria\\\/\",\"https:\\\/\\\/x.com\\\/cdeualmeria\",\"https:\\\/\\\/www.tiktok.com\\\/@cdealmeria\",\"https:\\\/\\\/www.instagram.com\\\/cdealmeria\\\/\",\"https:\\\/\\\/www.linkedin.com\\\/in\\\/cde-almera-812b26a9\\\/\"]},{\"@type\":\"Person\",\"@id\":\"https:\\\/\\\/www.cde.ual.es\\\/#\\\/schema\\\/person\\\/224ef08c8bcc005f319d2713ce37ee5f\",\"name\":\"AdminCDE\",\"image\":{\"@type\":\"ImageObject\",\"inLanguage\":\"en-US\",\"@id\":\"https:\\\/\\\/secure.gravatar.com\\\/avatar\\\/a72d038d371f995cd13706fac32274b7952a52e8fb0a84b5f80c85426f2a98a8?s=96&d=mm&r=g\",\"url\":\"https:\\\/\\\/secure.gravatar.com\\\/avatar\\\/a72d038d371f995cd13706fac32274b7952a52e8fb0a84b5f80c85426f2a98a8?s=96&d=mm&r=g\",\"contentUrl\":\"https:\\\/\\\/secure.gravatar.com\\\/avatar\\\/a72d038d371f995cd13706fac32274b7952a52e8fb0a84b5f80c85426f2a98a8?s=96&d=mm&r=g\",\"caption\":\"AdminCDE\"}}]}<\/script>\n<!-- \/ Yoast SEO plugin. -->","yoast_head_json":{"title":"European Researchers' Night 2023 | CDE Almer\u00eda - Centro de Documentaci\u00f3n Europea - Universidad de Almer\u00eda","robots":{"index":"index","follow":"follow","max-snippet":"max-snippet:-1","max-image-preview":"max-image-preview:large","max-video-preview":"max-video-preview:-1"},"canonical":"https:\/\/www.cde.ual.es\/en\/european-researchers-night-2023\/","og_locale":"en_US","og_type":"article","og_title":"European Researchers' Night 2023 | CDE Almer\u00eda - Centro de Documentaci\u00f3n Europea - Universidad de Almer\u00eda","og_description":"Once again, the European Researchers&#8217; Night has been a success in Almeria, a city already used to occupy very high positions with respect to the rest of the cities that organise it simultaneously, some 350 across the continent as the largest international science dissemination event. In Almeria, 802 researchers, 87 activities and thousands of people [&hellip;]","og_url":"https:\/\/www.cde.ual.es\/en\/european-researchers-night-2023\/","og_site_name":"CDE Almer\u00eda - Centro de Documentaci\u00f3n Europea - Universidad de Almer\u00eda","article_publisher":"https:\/\/www.facebook.com\/cdeuniversidadalmeria\/","article_published_time":"2023-10-03T11:13:28+00:00","og_image":[{"width":1600,"height":1066,"url":"https:\/\/www.cde.ual.es\/wp-content\/uploads\/2023\/10\/FOTOS-NOCHE-INVESTIGADORES-1.jpeg","type":"image\/jpeg"}],"author":"AdminCDE","twitter_card":"summary_large_image","twitter_creator":"@cdeualmeria","twitter_site":"@cdeualmeria","twitter_misc":{"Written by":"AdminCDE","Est. reading time":"2 minutes"},"schema":{"@context":"https:\/\/schema.org","@graph":[{"@type":"Article","@id":"https:\/\/www.cde.ual.es\/en\/european-researchers-night-2023\/#article","isPartOf":{"@id":"https:\/\/www.cde.ual.es\/en\/european-researchers-night-2023\/"},"author":{"name":"AdminCDE","@id":"https:\/\/www.cde.ual.es\/#\/schema\/person\/224ef08c8bcc005f319d2713ce37ee5f"},"headline":"European Researchers&#8217; Night 2023","datePublished":"2023-10-03T11:13:28+00:00","mainEntityOfPage":{"@id":"https:\/\/www.cde.ual.es\/en\/european-researchers-night-2023\/"},"wordCount":254,"commentCount":0,"publisher":{"@id":"https:\/\/www.cde.ual.es\/#organization"},"image":{"@id":"https:\/\/www.cde.ual.es\/en\/european-researchers-night-2023\/#primaryimage"},"thumbnailUrl":"https:\/\/www.cde.ual.es\/wp-content\/uploads\/2023\/10\/FOTOS-NOCHE-INVESTIGADORES-1.jpeg","keywords":["2023","almeria","Eliminar el t\u00e9rmino: European Researchers' Night European Researchers' Night"],"articleSection":["Activities","EU News"],"inLanguage":"en-US","potentialAction":[{"@type":"CommentAction","name":"Comment","target":["https:\/\/www.cde.ual.es\/en\/european-researchers-night-2023\/#respond"]}]},{"@type":"WebPage","@id":"https:\/\/www.cde.ual.es\/en\/european-researchers-night-2023\/","url":"https:\/\/www.cde.ual.es\/en\/european-researchers-night-2023\/","name":"European Researchers' Night 2023 | CDE Almer\u00eda - Centro de Documentaci\u00f3n Europea - Universidad de Almer\u00eda","isPartOf":{"@id":"https:\/\/www.cde.ual.es\/#website"},"primaryImageOfPage":{"@id":"https:\/\/www.cde.ual.es\/en\/european-researchers-night-2023\/#primaryimage"},"image":{"@id":"https:\/\/www.cde.ual.es\/en\/european-researchers-night-2023\/#primaryimage"},"thumbnailUrl":"https:\/\/www.cde.ual.es\/wp-content\/uploads\/2023\/10\/FOTOS-NOCHE-INVESTIGADORES-1.jpeg","datePublished":"2023-10-03T11:13:28+00:00","breadcrumb":{"@id":"https:\/\/www.cde.ual.es\/en\/european-researchers-night-2023\/#breadcrumb"},"inLanguage":"en-US","potentialAction":[{"@type":"ReadAction","target":["https:\/\/www.cde.ual.es\/en\/european-researchers-night-2023\/"]}]},{"@type":"ImageObject","inLanguage":"en-US","@id":"https:\/\/www.cde.ual.es\/en\/european-researchers-night-2023\/#primaryimage","url":"https:\/\/www.cde.ual.es\/wp-content\/uploads\/2023\/10\/FOTOS-NOCHE-INVESTIGADORES-1.jpeg","contentUrl":"https:\/\/www.cde.ual.es\/wp-content\/uploads\/2023\/10\/FOTOS-NOCHE-INVESTIGADORES-1.jpeg","width":1600,"height":1066},{"@type":"BreadcrumbList","@id":"https:\/\/www.cde.ual.es\/en\/european-researchers-night-2023\/#breadcrumb","itemListElement":[{"@type":"ListItem","position":1,"name":"Inicio","item":"https:\/\/www.cde.ual.es\/en\/"},{"@type":"ListItem","position":2,"name":"Activities","item":"https:\/\/www.cde.ual.es\/en\/category\/activities\/"},{"@type":"ListItem","position":3,"name":"European Researchers&#8217; Night 2023"}]},{"@type":"WebSite","@id":"https:\/\/www.cde.ual.es\/#website","url":"https:\/\/www.cde.ual.es\/","name":"CDE Almer\u00eda - Centro de Documentaci\u00f3n Europea - Universidad de Almer\u00eda","description":"Centro de Documentaci\u00f3n Europea de la Universidad de Almer\u00eda","publisher":{"@id":"https:\/\/www.cde.ual.es\/#organization"},"alternateName":"CDE Almer\u00eda","potentialAction":[{"@type":"SearchAction","target":{"@type":"EntryPoint","urlTemplate":"https:\/\/www.cde.ual.es\/?s={search_term_string}"},"query-input":{"@type":"PropertyValueSpecification","valueRequired":true,"valueName":"search_term_string"}}],"inLanguage":"en-US"},{"@type":"Organization","@id":"https:\/\/www.cde.ual.es\/#organization","name":"Centro de Documentaci\u00f3n Europea de Almer\u00eda","url":"https:\/\/www.cde.ual.es\/","logo":{"@type":"ImageObject","inLanguage":"en-US","@id":"https:\/\/www.cde.ual.es\/#\/schema\/logo\/image\/","url":"https:\/\/www.cde.ual.es\/wp-content\/uploads\/2025\/07\/cde-logo-3.png","contentUrl":"https:\/\/www.cde.ual.es\/wp-content\/uploads\/2025\/07\/cde-logo-3.png","width":1400,"height":300,"caption":"Centro de Documentaci\u00f3n Europea de Almer\u00eda"},"image":{"@id":"https:\/\/www.cde.ual.es\/#\/schema\/logo\/image\/"},"sameAs":["https:\/\/www.facebook.com\/cdeuniversidadalmeria\/","https:\/\/x.com\/cdeualmeria","https:\/\/www.tiktok.com\/@cdealmeria","https:\/\/www.instagram.com\/cdealmeria\/","https:\/\/www.linkedin.com\/in\/cde-almera-812b26a9\/"]},{"@type":"Person","@id":"https:\/\/www.cde.ual.es\/#\/schema\/person\/224ef08c8bcc005f319d2713ce37ee5f","name":"AdminCDE","image":{"@type":"ImageObject","inLanguage":"en-US","@id":"https:\/\/secure.gravatar.com\/avatar\/a72d038d371f995cd13706fac32274b7952a52e8fb0a84b5f80c85426f2a98a8?s=96&d=mm&r=g","url":"https:\/\/secure.gravatar.com\/avatar\/a72d038d371f995cd13706fac32274b7952a52e8fb0a84b5f80c85426f2a98a8?s=96&d=mm&r=g","contentUrl":"https:\/\/secure.gravatar.com\/avatar\/a72d038d371f995cd13706fac32274b7952a52e8fb0a84b5f80c85426f2a98a8?s=96&d=mm&r=g","caption":"AdminCDE"}}]}},"_links":{"self":[{"href":"https:\/\/www.cde.ual.es\/en\/wp-json\/wp\/v2\/posts\/141164","targetHints":{"allow":["GET"]}}],"collection":[{"href":"https:\/\/www.cde.ual.es\/en\/wp-json\/wp\/v2\/posts"}],"about":[{"href":"https:\/\/www.cde.ual.es\/en\/wp-json\/wp\/v2\/types\/post"}],"author":[{"embeddable":true,"href":"https:\/\/www.cde.ual.es\/en\/wp-json\/wp\/v2\/users\/1"}],"replies":[{"embeddable":true,"href":"https:\/\/www.cde.ual.es\/en\/wp-json\/wp\/v2\/comments?post=141164"}],"version-history":[{"count":1,"href":"https:\/\/www.cde.ual.es\/en\/wp-json\/wp\/v2\/posts\/141164\/revisions"}],"predecessor-version":[{"id":141170,"href":"https:\/\/www.cde.ual.es\/en\/wp-json\/wp\/v2\/posts\/141164\/revisions\/141170"}],"wp:featuredmedia":[{"embeddable":true,"href":"https:\/\/www.cde.ual.es\/en\/wp-json\/wp\/v2\/media\/141151"}],"wp:attachment":[{"href":"https:\/\/www.cde.ual.es\/en\/wp-json\/wp\/v2\/media?parent=141164"}],"wp:term":[{"taxonomy":"category","embeddable":true,"href":"https:\/\/www.cde.ual.es\/en\/wp-json\/wp\/v2\/categories?post=141164"},{"taxonomy":"post_tag","embeddable":true,"href":"https:\/\/www.cde.ual.es\/en\/wp-json\/wp\/v2\/tags?post=141164"}],"curies":[{"name":"wp","href":"https:\/\/api.w.org\/{rel}","templated":true}]}}