{"id":1406,"date":"2017-02-27T13:58:59","date_gmt":"2017-02-27T12:58:59","guid":{"rendered":"http:\/\/www.cde.ual.es\/?p=1406"},"modified":"2017-02-27T13:58:59","modified_gmt":"2017-02-27T12:58:59","slug":"fundacion-heinrich-boll-convoca-becas-internacionales-para-estudiar-en-alemania","status":"publish","type":"post","link":"https:\/\/www.cde.ual.es\/en\/fundacion-heinrich-boll-convoca-becas-internacionales-para-estudiar-en-alemania\/","title":{"rendered":"Fundaci\u00f3n Heinrich B\u00f6ll convoca becas internacionales para estudiar en Alemania"},"content":{"rendered":"<p><img decoding=\"async\" class=\"aligncenter  wp-image-1407\" src=\"http:\/\/www.cde.ual.es\/wp-content\/uploads\/2017\/02\/4.png\" alt=\"\" width=\"537\" height=\"107\" srcset=\"https:\/\/www.cde.ual.es\/wp-content\/uploads\/2017\/02\/4.png 427w, https:\/\/www.cde.ual.es\/wp-content\/uploads\/2017\/02\/4-768x152.png 768w\" sizes=\"(max-width: 537px) 100vw, 537px\" \/><\/p>\n<p><a title=\"Heinrich Boll\" href=\"https:\/\/www.boell.de\/en\/foundation\/scholarships\" target=\"_blank\" rel=\"nofollow\">El departamento de becas de la Fundaci\u00f3n Heinrich B\u00f6ll <\/a>concede becas a estudiantes universitarios, graduados y estudiantes de doctorado de dentro y fuera de Alemania.<\/p>\n<p>Estas becas cuentan con dos procesos de solicitud durante el a\u00f1o, el primera plazo cierra el 1 de marzo y el segundo el 1 de septiembre del 2017.<\/p>\n<p>Estas becas otorgar\u00e1n becas a estudiantes de todas las materias y nacionalidades para realizar estudios en universidades alemanas.<\/p>\n<p>El programa de becas consta de un estipendio mensual para manutenci\u00f3n de 750 euros para estudios de maestr\u00eda; y en el caso de doctorado de mil euros mensuales para manutenci\u00f3n y 100 euros adicionales para transporte.<\/p>\n<p>Para aplicar debes ser aceptado en un programa de maestr\u00eda o doctorado en cualquier universidad alemana, contar con un excelente desempe\u00f1o acad\u00e9mico del pa\u00eds de origen, y ser extranjero (los pa\u00edses en conflicto hist\u00f3rico y\/o econom\u00edas emergentes tendr\u00e1n prioridad).<\/p>\n<p>De acuerdo a la convocatoria es deseable un buen conocimiento del idioma alem\u00e1n (aunque la fundaci\u00f3n puede llegar a financiar cursos para antes de iniciar estudios).<\/p>\n<p>\u00a1Ojo! Se dar\u00e1 preferencia a los proyectos de tesis relacionados con las \u00e1reas de trabajo de la Fundaci\u00f3n Heinrich B\u00f6ll. Tambi\u00e9n tendr\u00e1n prioridad las mujeres de todas las nacionalidades y grupos de minor\u00edas en todo el mundo.<\/p>\n<p>El procedimiento de selecci\u00f3n consta de tres etapas; el primero consta de la presentaci\u00f3n de documentos de solicitud escrita, incluyendo una referencia personal sobre el compromiso social y una referencia de un profesor universitario.<\/p>\n<p>Posteriormente se realiza una entrevista con un conferenciante de enlace, usualmente se lleva a cabo en la universidad en la que te encuentras actualmente (tambi\u00e9n se pueden realizar entrevistas telef\u00f3nicas); y por \u00faltimo es necesario asistir a un taller de selecci\u00f3n en Berl\u00edn que consistente en una entrevista individual y una discusi\u00f3n en grupo<\/p>\n<p>El proceso de postulaci\u00f3n se realiza \u00fanicamente en l\u00ednea, donde debes reg\u00edstrarte, proporcionar la informaci\u00f3n que se te solicita y cargar algunos documentos.<\/p>\n<p><strong>Solicitudes hasta:<\/strong> el 1 de Marzo de 2017<\/p>\n","protected":false},"excerpt":{"rendered":"<p>El departamento de becas de la Fundaci\u00f3n Heinrich B\u00f6ll concede becas a estudiantes universitarios, graduados y estudiantes de doctorado de dentro y fuera de Alemania. Estas becas cuentan con dos procesos de solicitud durante el a\u00f1o, el primera plazo cierra el 1 de marzo y el segundo el 1 de septiembre del 2017. Estas becas [&hellip;]<\/p>\n","protected":false},"author":1,"featured_media":0,"comment_status":"open","ping_status":"open","sticky":false,"template":"","format":"standard","meta":{"_acf_changed":false,"_relevanssi_hide_post":"","_relevanssi_hide_content":"","_relevanssi_pin_for_all":"","_relevanssi_pin_keywords":"","_relevanssi_unpin_keywords":"","_relevanssi_related_keywords":"","_relevanssi_related_include_ids":"","_relevanssi_related_exclude_ids":"","_relevanssi_related_no_append":"","_relevanssi_related_not_related":"","_relevanssi_related_posts":"","_relevanssi_noindex_reason":"","_monsterinsights_skip_tracking":false,"_monsterinsights_sitenote_active":false,"_monsterinsights_sitenote_note":"","_monsterinsights_sitenote_category":0,"_genesis_hide_title":false,"_genesis_hide_breadcrumbs":false,"_genesis_hide_singular_image":false,"_genesis_hide_footer_widgets":false,"_genesis_custom_body_class":"","_genesis_custom_post_class":"","_genesis_layout":"","footnotes":""},"categories":[1],"tags":[],"class_list":{"0":"post-1406","1":"post","2":"type-post","3":"status-publish","4":"format-standard","6":"category-sin-categorizar","7":"entry","8":"has-post-thumbnail"},"acf":[],"yoast_head":"<!-- This site is optimized with the Yoast SEO plugin v27.4 - https:\/\/yoast.com\/product\/yoast-seo-wordpress\/ -->\n<title>Fundaci\u00f3n Heinrich B\u00f6ll convoca becas internacionales para estudiar en Alemania | CDE Almer\u00eda - Centro de Documentaci\u00f3n Europea - Universidad de Almer\u00eda<\/title>\n<meta name=\"robots\" content=\"index, follow, max-snippet:-1, max-image-preview:large, max-video-preview:-1\" \/>\n<link rel=\"canonical\" href=\"https:\/\/www.cde.ual.es\/fundacion-heinrich-boll-convoca-becas-internacionales-para-estudiar-en-alemania\/\" \/>\n<meta property=\"og:locale\" content=\"en_US\" \/>\n<meta property=\"og:type\" content=\"article\" \/>\n<meta property=\"og:title\" content=\"Fundaci\u00f3n Heinrich B\u00f6ll convoca becas internacionales para estudiar en Alemania | CDE Almer\u00eda - Centro de Documentaci\u00f3n Europea - Universidad de Almer\u00eda\" \/>\n<meta property=\"og:description\" content=\"El departamento de becas de la Fundaci\u00f3n Heinrich B\u00f6ll concede becas a estudiantes universitarios, graduados y estudiantes de doctorado de dentro y fuera de Alemania. Estas becas cuentan con dos procesos de solicitud durante el a\u00f1o, el primera plazo cierra el 1 de marzo y el segundo el 1 de septiembre del 2017. Estas becas [&hellip;]\" \/>\n<meta property=\"og:url\" content=\"https:\/\/www.cde.ual.es\/fundacion-heinrich-boll-convoca-becas-internacionales-para-estudiar-en-alemania\/\" \/>\n<meta property=\"og:site_name\" content=\"CDE Almer\u00eda - Centro de Documentaci\u00f3n Europea - Universidad de Almer\u00eda\" \/>\n<meta property=\"article:publisher\" content=\"https:\/\/www.facebook.com\/cdeuniversidadalmeria\/\" \/>\n<meta property=\"article:published_time\" content=\"2017-02-27T12:58:59+00:00\" \/>\n<meta property=\"og:image\" content=\"http:\/\/www.cde.ual.es\/wp-content\/uploads\/2017\/02\/4.png\" \/>\n<meta name=\"author\" content=\"AdminCDE\" \/>\n<meta name=\"twitter:card\" content=\"summary_large_image\" \/>\n<meta name=\"twitter:creator\" content=\"@cdeualmeria\" \/>\n<meta name=\"twitter:site\" content=\"@cdeualmeria\" \/>\n<meta name=\"twitter:label1\" content=\"Written by\" \/>\n\t<meta name=\"twitter:data1\" content=\"AdminCDE\" \/>\n\t<meta name=\"twitter:label2\" content=\"Est. reading time\" \/>\n\t<meta name=\"twitter:data2\" content=\"2 minutes\" \/>\n<script type=\"application\/ld+json\" class=\"yoast-schema-graph\">{\"@context\":\"https:\\\/\\\/schema.org\",\"@graph\":[{\"@type\":\"Article\",\"@id\":\"https:\\\/\\\/www.cde.ual.es\\\/fundacion-heinrich-boll-convoca-becas-internacionales-para-estudiar-en-alemania\\\/#article\",\"isPartOf\":{\"@id\":\"https:\\\/\\\/www.cde.ual.es\\\/fundacion-heinrich-boll-convoca-becas-internacionales-para-estudiar-en-alemania\\\/\"},\"author\":{\"name\":\"AdminCDE\",\"@id\":\"https:\\\/\\\/www.cde.ual.es\\\/#\\\/schema\\\/person\\\/224ef08c8bcc005f319d2713ce37ee5f\"},\"headline\":\"Fundaci\u00f3n Heinrich B\u00f6ll convoca becas internacionales para estudiar en Alemania\",\"datePublished\":\"2017-02-27T12:58:59+00:00\",\"mainEntityOfPage\":{\"@id\":\"https:\\\/\\\/www.cde.ual.es\\\/fundacion-heinrich-boll-convoca-becas-internacionales-para-estudiar-en-alemania\\\/\"},\"wordCount\":367,\"commentCount\":0,\"publisher\":{\"@id\":\"https:\\\/\\\/www.cde.ual.es\\\/#organization\"},\"image\":{\"@id\":\"https:\\\/\\\/www.cde.ual.es\\\/fundacion-heinrich-boll-convoca-becas-internacionales-para-estudiar-en-alemania\\\/#primaryimage\"},\"thumbnailUrl\":\"http:\\\/\\\/www.cde.ual.es\\\/wp-content\\\/uploads\\\/2017\\\/02\\\/4.png\",\"articleSection\":[\"Sin categorizar\"],\"inLanguage\":\"en-US\",\"potentialAction\":[{\"@type\":\"CommentAction\",\"name\":\"Comment\",\"target\":[\"https:\\\/\\\/www.cde.ual.es\\\/fundacion-heinrich-boll-convoca-becas-internacionales-para-estudiar-en-alemania\\\/#respond\"]}]},{\"@type\":\"WebPage\",\"@id\":\"https:\\\/\\\/www.cde.ual.es\\\/fundacion-heinrich-boll-convoca-becas-internacionales-para-estudiar-en-alemania\\\/\",\"url\":\"https:\\\/\\\/www.cde.ual.es\\\/fundacion-heinrich-boll-convoca-becas-internacionales-para-estudiar-en-alemania\\\/\",\"name\":\"Fundaci\u00f3n Heinrich B\u00f6ll convoca becas internacionales para estudiar en Alemania | CDE Almer\u00eda - Centro de Documentaci\u00f3n Europea - Universidad de Almer\u00eda\",\"isPartOf\":{\"@id\":\"https:\\\/\\\/www.cde.ual.es\\\/#website\"},\"primaryImageOfPage\":{\"@id\":\"https:\\\/\\\/www.cde.ual.es\\\/fundacion-heinrich-boll-convoca-becas-internacionales-para-estudiar-en-alemania\\\/#primaryimage\"},\"image\":{\"@id\":\"https:\\\/\\\/www.cde.ual.es\\\/fundacion-heinrich-boll-convoca-becas-internacionales-para-estudiar-en-alemania\\\/#primaryimage\"},\"thumbnailUrl\":\"http:\\\/\\\/www.cde.ual.es\\\/wp-content\\\/uploads\\\/2017\\\/02\\\/4.png\",\"datePublished\":\"2017-02-27T12:58:59+00:00\",\"breadcrumb\":{\"@id\":\"https:\\\/\\\/www.cde.ual.es\\\/fundacion-heinrich-boll-convoca-becas-internacionales-para-estudiar-en-alemania\\\/#breadcrumb\"},\"inLanguage\":\"en-US\",\"potentialAction\":[{\"@type\":\"ReadAction\",\"target\":[\"https:\\\/\\\/www.cde.ual.es\\\/fundacion-heinrich-boll-convoca-becas-internacionales-para-estudiar-en-alemania\\\/\"]}]},{\"@type\":\"ImageObject\",\"inLanguage\":\"en-US\",\"@id\":\"https:\\\/\\\/www.cde.ual.es\\\/fundacion-heinrich-boll-convoca-becas-internacionales-para-estudiar-en-alemania\\\/#primaryimage\",\"url\":\"http:\\\/\\\/www.cde.ual.es\\\/wp-content\\\/uploads\\\/2017\\\/02\\\/4.png\",\"contentUrl\":\"http:\\\/\\\/www.cde.ual.es\\\/wp-content\\\/uploads\\\/2017\\\/02\\\/4.png\"},{\"@type\":\"BreadcrumbList\",\"@id\":\"https:\\\/\\\/www.cde.ual.es\\\/fundacion-heinrich-boll-convoca-becas-internacionales-para-estudiar-en-alemania\\\/#breadcrumb\",\"itemListElement\":[{\"@type\":\"ListItem\",\"position\":1,\"name\":\"Inicio\",\"item\":\"https:\\\/\\\/www.cde.ual.es\\\/en\\\/\"},{\"@type\":\"ListItem\",\"position\":2,\"name\":\"Sin categorizar\",\"item\":\"https:\\\/\\\/www.cde.ual.es\\\/category\\\/sin-categorizar\\\/\"},{\"@type\":\"ListItem\",\"position\":3,\"name\":\"Fundaci\u00f3n Heinrich B\u00f6ll convoca becas internacionales para estudiar en Alemania\"}]},{\"@type\":\"WebSite\",\"@id\":\"https:\\\/\\\/www.cde.ual.es\\\/#website\",\"url\":\"https:\\\/\\\/www.cde.ual.es\\\/\",\"name\":\"CDE Almer\u00eda - Centro de Documentaci\u00f3n Europea - Universidad de Almer\u00eda\",\"description\":\"Centro de Documentaci\u00f3n Europea de la Universidad de Almer\u00eda\",\"publisher\":{\"@id\":\"https:\\\/\\\/www.cde.ual.es\\\/#organization\"},\"alternateName\":\"CDE Almer\u00eda\",\"potentialAction\":[{\"@type\":\"SearchAction\",\"target\":{\"@type\":\"EntryPoint\",\"urlTemplate\":\"https:\\\/\\\/www.cde.ual.es\\\/?s={search_term_string}\"},\"query-input\":{\"@type\":\"PropertyValueSpecification\",\"valueRequired\":true,\"valueName\":\"search_term_string\"}}],\"inLanguage\":\"en-US\"},{\"@type\":\"Organization\",\"@id\":\"https:\\\/\\\/www.cde.ual.es\\\/#organization\",\"name\":\"Centro de Documentaci\u00f3n Europea de Almer\u00eda\",\"url\":\"https:\\\/\\\/www.cde.ual.es\\\/\",\"logo\":{\"@type\":\"ImageObject\",\"inLanguage\":\"en-US\",\"@id\":\"https:\\\/\\\/www.cde.ual.es\\\/#\\\/schema\\\/logo\\\/image\\\/\",\"url\":\"https:\\\/\\\/www.cde.ual.es\\\/wp-content\\\/uploads\\\/2025\\\/07\\\/cde-logo-3.png\",\"contentUrl\":\"https:\\\/\\\/www.cde.ual.es\\\/wp-content\\\/uploads\\\/2025\\\/07\\\/cde-logo-3.png\",\"width\":1400,\"height\":300,\"caption\":\"Centro de Documentaci\u00f3n Europea de Almer\u00eda\"},\"image\":{\"@id\":\"https:\\\/\\\/www.cde.ual.es\\\/#\\\/schema\\\/logo\\\/image\\\/\"},\"sameAs\":[\"https:\\\/\\\/www.facebook.com\\\/cdeuniversidadalmeria\\\/\",\"https:\\\/\\\/x.com\\\/cdeualmeria\",\"https:\\\/\\\/www.tiktok.com\\\/@cdealmeria\",\"https:\\\/\\\/www.instagram.com\\\/cdealmeria\\\/\",\"https:\\\/\\\/www.linkedin.com\\\/in\\\/cde-almera-812b26a9\\\/\"]},{\"@type\":\"Person\",\"@id\":\"https:\\\/\\\/www.cde.ual.es\\\/#\\\/schema\\\/person\\\/224ef08c8bcc005f319d2713ce37ee5f\",\"name\":\"AdminCDE\",\"image\":{\"@type\":\"ImageObject\",\"inLanguage\":\"en-US\",\"@id\":\"https:\\\/\\\/secure.gravatar.com\\\/avatar\\\/a72d038d371f995cd13706fac32274b7952a52e8fb0a84b5f80c85426f2a98a8?s=96&d=mm&r=g\",\"url\":\"https:\\\/\\\/secure.gravatar.com\\\/avatar\\\/a72d038d371f995cd13706fac32274b7952a52e8fb0a84b5f80c85426f2a98a8?s=96&d=mm&r=g\",\"contentUrl\":\"https:\\\/\\\/secure.gravatar.com\\\/avatar\\\/a72d038d371f995cd13706fac32274b7952a52e8fb0a84b5f80c85426f2a98a8?s=96&d=mm&r=g\",\"caption\":\"AdminCDE\"}}]}<\/script>\n<!-- \/ Yoast SEO plugin. -->","yoast_head_json":{"title":"Fundaci\u00f3n Heinrich B\u00f6ll convoca becas internacionales para estudiar en Alemania | CDE Almer\u00eda - Centro de Documentaci\u00f3n Europea - Universidad de Almer\u00eda","robots":{"index":"index","follow":"follow","max-snippet":"max-snippet:-1","max-image-preview":"max-image-preview:large","max-video-preview":"max-video-preview:-1"},"canonical":"https:\/\/www.cde.ual.es\/fundacion-heinrich-boll-convoca-becas-internacionales-para-estudiar-en-alemania\/","og_locale":"en_US","og_type":"article","og_title":"Fundaci\u00f3n Heinrich B\u00f6ll convoca becas internacionales para estudiar en Alemania | CDE Almer\u00eda - Centro de Documentaci\u00f3n Europea - Universidad de Almer\u00eda","og_description":"El departamento de becas de la Fundaci\u00f3n Heinrich B\u00f6ll concede becas a estudiantes universitarios, graduados y estudiantes de doctorado de dentro y fuera de Alemania. Estas becas cuentan con dos procesos de solicitud durante el a\u00f1o, el primera plazo cierra el 1 de marzo y el segundo el 1 de septiembre del 2017. Estas becas [&hellip;]","og_url":"https:\/\/www.cde.ual.es\/fundacion-heinrich-boll-convoca-becas-internacionales-para-estudiar-en-alemania\/","og_site_name":"CDE Almer\u00eda - Centro de Documentaci\u00f3n Europea - Universidad de Almer\u00eda","article_publisher":"https:\/\/www.facebook.com\/cdeuniversidadalmeria\/","article_published_time":"2017-02-27T12:58:59+00:00","og_image":[{"url":"http:\/\/www.cde.ual.es\/wp-content\/uploads\/2017\/02\/4.png","type":"","width":"","height":""}],"author":"AdminCDE","twitter_card":"summary_large_image","twitter_creator":"@cdeualmeria","twitter_site":"@cdeualmeria","twitter_misc":{"Written by":"AdminCDE","Est. reading time":"2 minutes"},"schema":{"@context":"https:\/\/schema.org","@graph":[{"@type":"Article","@id":"https:\/\/www.cde.ual.es\/fundacion-heinrich-boll-convoca-becas-internacionales-para-estudiar-en-alemania\/#article","isPartOf":{"@id":"https:\/\/www.cde.ual.es\/fundacion-heinrich-boll-convoca-becas-internacionales-para-estudiar-en-alemania\/"},"author":{"name":"AdminCDE","@id":"https:\/\/www.cde.ual.es\/#\/schema\/person\/224ef08c8bcc005f319d2713ce37ee5f"},"headline":"Fundaci\u00f3n Heinrich B\u00f6ll convoca becas internacionales para estudiar en Alemania","datePublished":"2017-02-27T12:58:59+00:00","mainEntityOfPage":{"@id":"https:\/\/www.cde.ual.es\/fundacion-heinrich-boll-convoca-becas-internacionales-para-estudiar-en-alemania\/"},"wordCount":367,"commentCount":0,"publisher":{"@id":"https:\/\/www.cde.ual.es\/#organization"},"image":{"@id":"https:\/\/www.cde.ual.es\/fundacion-heinrich-boll-convoca-becas-internacionales-para-estudiar-en-alemania\/#primaryimage"},"thumbnailUrl":"http:\/\/www.cde.ual.es\/wp-content\/uploads\/2017\/02\/4.png","articleSection":["Sin categorizar"],"inLanguage":"en-US","potentialAction":[{"@type":"CommentAction","name":"Comment","target":["https:\/\/www.cde.ual.es\/fundacion-heinrich-boll-convoca-becas-internacionales-para-estudiar-en-alemania\/#respond"]}]},{"@type":"WebPage","@id":"https:\/\/www.cde.ual.es\/fundacion-heinrich-boll-convoca-becas-internacionales-para-estudiar-en-alemania\/","url":"https:\/\/www.cde.ual.es\/fundacion-heinrich-boll-convoca-becas-internacionales-para-estudiar-en-alemania\/","name":"Fundaci\u00f3n Heinrich B\u00f6ll convoca becas internacionales para estudiar en Alemania | CDE Almer\u00eda - Centro de Documentaci\u00f3n Europea - Universidad de Almer\u00eda","isPartOf":{"@id":"https:\/\/www.cde.ual.es\/#website"},"primaryImageOfPage":{"@id":"https:\/\/www.cde.ual.es\/fundacion-heinrich-boll-convoca-becas-internacionales-para-estudiar-en-alemania\/#primaryimage"},"image":{"@id":"https:\/\/www.cde.ual.es\/fundacion-heinrich-boll-convoca-becas-internacionales-para-estudiar-en-alemania\/#primaryimage"},"thumbnailUrl":"http:\/\/www.cde.ual.es\/wp-content\/uploads\/2017\/02\/4.png","datePublished":"2017-02-27T12:58:59+00:00","breadcrumb":{"@id":"https:\/\/www.cde.ual.es\/fundacion-heinrich-boll-convoca-becas-internacionales-para-estudiar-en-alemania\/#breadcrumb"},"inLanguage":"en-US","potentialAction":[{"@type":"ReadAction","target":["https:\/\/www.cde.ual.es\/fundacion-heinrich-boll-convoca-becas-internacionales-para-estudiar-en-alemania\/"]}]},{"@type":"ImageObject","inLanguage":"en-US","@id":"https:\/\/www.cde.ual.es\/fundacion-heinrich-boll-convoca-becas-internacionales-para-estudiar-en-alemania\/#primaryimage","url":"http:\/\/www.cde.ual.es\/wp-content\/uploads\/2017\/02\/4.png","contentUrl":"http:\/\/www.cde.ual.es\/wp-content\/uploads\/2017\/02\/4.png"},{"@type":"BreadcrumbList","@id":"https:\/\/www.cde.ual.es\/fundacion-heinrich-boll-convoca-becas-internacionales-para-estudiar-en-alemania\/#breadcrumb","itemListElement":[{"@type":"ListItem","position":1,"name":"Inicio","item":"https:\/\/www.cde.ual.es\/en\/"},{"@type":"ListItem","position":2,"name":"Sin categorizar","item":"https:\/\/www.cde.ual.es\/category\/sin-categorizar\/"},{"@type":"ListItem","position":3,"name":"Fundaci\u00f3n Heinrich B\u00f6ll convoca becas internacionales para estudiar en Alemania"}]},{"@type":"WebSite","@id":"https:\/\/www.cde.ual.es\/#website","url":"https:\/\/www.cde.ual.es\/","name":"CDE Almer\u00eda - Centro de Documentaci\u00f3n Europea - Universidad de Almer\u00eda","description":"Centro de Documentaci\u00f3n Europea de la Universidad de Almer\u00eda","publisher":{"@id":"https:\/\/www.cde.ual.es\/#organization"},"alternateName":"CDE Almer\u00eda","potentialAction":[{"@type":"SearchAction","target":{"@type":"EntryPoint","urlTemplate":"https:\/\/www.cde.ual.es\/?s={search_term_string}"},"query-input":{"@type":"PropertyValueSpecification","valueRequired":true,"valueName":"search_term_string"}}],"inLanguage":"en-US"},{"@type":"Organization","@id":"https:\/\/www.cde.ual.es\/#organization","name":"Centro de Documentaci\u00f3n Europea de Almer\u00eda","url":"https:\/\/www.cde.ual.es\/","logo":{"@type":"ImageObject","inLanguage":"en-US","@id":"https:\/\/www.cde.ual.es\/#\/schema\/logo\/image\/","url":"https:\/\/www.cde.ual.es\/wp-content\/uploads\/2025\/07\/cde-logo-3.png","contentUrl":"https:\/\/www.cde.ual.es\/wp-content\/uploads\/2025\/07\/cde-logo-3.png","width":1400,"height":300,"caption":"Centro de Documentaci\u00f3n Europea de Almer\u00eda"},"image":{"@id":"https:\/\/www.cde.ual.es\/#\/schema\/logo\/image\/"},"sameAs":["https:\/\/www.facebook.com\/cdeuniversidadalmeria\/","https:\/\/x.com\/cdeualmeria","https:\/\/www.tiktok.com\/@cdealmeria","https:\/\/www.instagram.com\/cdealmeria\/","https:\/\/www.linkedin.com\/in\/cde-almera-812b26a9\/"]},{"@type":"Person","@id":"https:\/\/www.cde.ual.es\/#\/schema\/person\/224ef08c8bcc005f319d2713ce37ee5f","name":"AdminCDE","image":{"@type":"ImageObject","inLanguage":"en-US","@id":"https:\/\/secure.gravatar.com\/avatar\/a72d038d371f995cd13706fac32274b7952a52e8fb0a84b5f80c85426f2a98a8?s=96&d=mm&r=g","url":"https:\/\/secure.gravatar.com\/avatar\/a72d038d371f995cd13706fac32274b7952a52e8fb0a84b5f80c85426f2a98a8?s=96&d=mm&r=g","contentUrl":"https:\/\/secure.gravatar.com\/avatar\/a72d038d371f995cd13706fac32274b7952a52e8fb0a84b5f80c85426f2a98a8?s=96&d=mm&r=g","caption":"AdminCDE"}}]}},"_links":{"self":[{"href":"https:\/\/www.cde.ual.es\/en\/wp-json\/wp\/v2\/posts\/1406","targetHints":{"allow":["GET"]}}],"collection":[{"href":"https:\/\/www.cde.ual.es\/en\/wp-json\/wp\/v2\/posts"}],"about":[{"href":"https:\/\/www.cde.ual.es\/en\/wp-json\/wp\/v2\/types\/post"}],"author":[{"embeddable":true,"href":"https:\/\/www.cde.ual.es\/en\/wp-json\/wp\/v2\/users\/1"}],"replies":[{"embeddable":true,"href":"https:\/\/www.cde.ual.es\/en\/wp-json\/wp\/v2\/comments?post=1406"}],"version-history":[{"count":0,"href":"https:\/\/www.cde.ual.es\/en\/wp-json\/wp\/v2\/posts\/1406\/revisions"}],"wp:attachment":[{"href":"https:\/\/www.cde.ual.es\/en\/wp-json\/wp\/v2\/media?parent=1406"}],"wp:term":[{"taxonomy":"category","embeddable":true,"href":"https:\/\/www.cde.ual.es\/en\/wp-json\/wp\/v2\/categories?post=1406"},{"taxonomy":"post_tag","embeddable":true,"href":"https:\/\/www.cde.ual.es\/en\/wp-json\/wp\/v2\/tags?post=1406"}],"curies":[{"name":"wp","href":"https:\/\/api.w.org\/{rel}","templated":true}]}}