{"id":139899,"date":"2023-09-20T11:31:35","date_gmt":"2023-09-20T09:31:35","guid":{"rendered":"https:\/\/www.cde.ual.es\/?p=139899"},"modified":"2023-10-06T10:44:01","modified_gmt":"2023-10-06T08:44:01","slug":"azerbaijan-statement-by-the-high-representative-on-the-military-escalation","status":"publish","type":"post","link":"https:\/\/www.cde.ual.es\/en\/azerbaijan-statement-by-the-high-representative-on-the-military-escalation\/","title":{"rendered":"Azerbaijan: Statement by the High Representative on the military escalation"},"content":{"rendered":"<div class=\"col-md-7 col-lg-8 col-xl-9\">\n<div class=\"card\">\n<div class=\"card-body\">\n<div class=\"clearfix text-formatted field field--name-field-text field--type-text-long field--label-hidden field__item\">\n<p style=\"text-align: justify;\">The European Union condemns the military escalation along the Line of Contact and in other locations in Karabakh. The EU deplores the loss of lives brought by the escalation. We call for the immediate cessation of hostilities and for Azerbaijan to stop the current military activities.<\/p>\n<p><a href=\"https:\/\/www.cde.ual.es\/wp-content\/uploads\/2023\/09\/hikmat-gafarzada-gjMGxBpVXsI-unsplash-1-scaled.jpg\"><img decoding=\"async\" class=\" wp-image-141744 aligncenter\" src=\"https:\/\/www.cde.ual.es\/wp-content\/uploads\/2023\/09\/hikmat-gafarzada-gjMGxBpVXsI-unsplash-1-scaled.jpg\" alt=\"Azerbaiy\u00e1n\" width=\"684\" height=\"444\" srcset=\"https:\/\/www.cde.ual.es\/wp-content\/uploads\/2023\/09\/hikmat-gafarzada-gjMGxBpVXsI-unsplash-1-scaled.jpg 2560w, https:\/\/www.cde.ual.es\/wp-content\/uploads\/2023\/09\/hikmat-gafarzada-gjMGxBpVXsI-unsplash-1-300x195.jpg 300w, https:\/\/www.cde.ual.es\/wp-content\/uploads\/2023\/09\/hikmat-gafarzada-gjMGxBpVXsI-unsplash-1-1024x665.jpg 1024w, https:\/\/www.cde.ual.es\/wp-content\/uploads\/2023\/09\/hikmat-gafarzada-gjMGxBpVXsI-unsplash-1-768x499.jpg 768w, https:\/\/www.cde.ual.es\/wp-content\/uploads\/2023\/09\/hikmat-gafarzada-gjMGxBpVXsI-unsplash-1-1536x997.jpg 1536w, https:\/\/www.cde.ual.es\/wp-content\/uploads\/2023\/09\/hikmat-gafarzada-gjMGxBpVXsI-unsplash-1-2048x1330.jpg 2048w\" sizes=\"(max-width: 684px) 100vw, 684px\" \/><\/a><\/p>\n<p style=\"text-align: justify;\">There is an urgent need to return to dialogue between Baku and Karabakh Armenians. This military escalation should not be used as a pretext to force the exodus of the local population.<\/p>\n<\/div>\n<table style=\"width: 99.9988%; border-collapse: collapse; border-style: double; border-color: #001f7d;\" cellpadding=\"0,5\">\n<tbody>\n<tr>\n<td style=\"width: 100%;\"><a href=\"https:\/\/www.cde.ual.es\/en\/eu-and-azerbaijan-enhance-bilateral-relations-including-energy-cooperation\/\" target=\"_blank\" rel=\"noopener\"><img decoding=\"async\" class=\"alignleft\" src=\"https:\/\/www.cde.ual.es\/wp-content\/uploads\/2022\/07\/lloyd-alozie-wX_9ZhIErpg-unsplash-scaled.jpg\" alt=\"\" width=\"120\" height=\"170\" \/><\/a><\/p>\n<h4 class=\"entry-title\"><a href=\"https:\/\/www.cde.ual.es\/en\/eu-and-azerbaijan-enhance-bilateral-relations-including-energy-cooperation\/\" target=\"_blank\" rel=\"noopener\">EU and Azerbaijan enhance bilateral relations, including energy cooperation<\/a><\/h4>\n<\/td>\n<\/tr>\n<\/tbody>\n<\/table>\n<p>&nbsp;<\/p>\n<div class=\"clearfix text-formatted field field--name-field-text field--type-text-long field--label-hidden field__item\">\n<p style=\"text-align: justify;\">Violence needs to\u00a0stop in order to provide a conducive environment for peace and normalisation talks. Genuine commitment by all sides is required to work towards negotiated outcomes.\u00a0The EU remains fully engaged to facilitate the dialogue.<\/p>\n<\/div>\n<\/div>\n<\/div>\n<\/div>\n<div class=\"col-md-5 col-lg-4 col-xl-3\">\n<div class=\"card\">\n<div class=\"card-body\">\n<div class=\"text-box-header\" style=\"text-align: justify;\"><strong>More information: <a href=\"https:\/\/www.eeas.europa.eu\/eeas\/azerbaijan-statement-high-representative-military-escalation_en\">European Union External Action Service<\/a><\/strong><\/div>\n<\/div>\n<\/div>\n<\/div>\n","protected":false},"excerpt":{"rendered":"<p>The European Union condemns the military escalation along the Line of Contact and in other locations in Karabakh. The EU deplores the loss of lives brought by the escalation. We call for the immediate cessation of hostilities and for Azerbaijan to stop the current military activities. There is an urgent need to return to dialogue [&hellip;]<\/p>\n","protected":false},"author":1,"featured_media":141744,"comment_status":"open","ping_status":"open","sticky":false,"template":"","format":"standard","meta":{"_acf_changed":false,"_relevanssi_hide_post":"","_relevanssi_hide_content":"","_relevanssi_pin_for_all":"","_relevanssi_pin_keywords":"","_relevanssi_unpin_keywords":"","_relevanssi_related_keywords":"","_relevanssi_related_include_ids":"","_relevanssi_related_exclude_ids":"","_relevanssi_related_no_append":"","_relevanssi_related_not_related":"","_relevanssi_related_posts":"","_relevanssi_noindex_reason":"","_monsterinsights_skip_tracking":false,"_monsterinsights_sitenote_active":false,"_monsterinsights_sitenote_note":"","_monsterinsights_sitenote_category":0,"_genesis_hide_title":false,"_genesis_hide_breadcrumbs":false,"_genesis_hide_singular_image":false,"_genesis_hide_footer_widgets":false,"_genesis_custom_body_class":"","_genesis_custom_post_class":"","_genesis_layout":"","footnotes":""},"categories":[4075,346,4078],"tags":[6467,10141],"class_list":{"0":"post-139899","1":"post","2":"type-post","3":"status-publish","4":"format-standard","5":"has-post-thumbnail","7":"category-defence-security","8":"category-eu-news","9":"category-internat-safety-pol","10":"tag-azerbaijan","11":"tag-military-escalation","12":"entry"},"acf":[],"yoast_head":"<!-- This site is optimized with the Yoast SEO plugin v27.5 - https:\/\/yoast.com\/product\/yoast-seo-wordpress\/ -->\n<title>Azerbaijan: Statement by the High Representative on the military escalation | CDE Almer\u00eda - Centro de Documentaci\u00f3n Europea - Universidad de Almer\u00eda<\/title>\n<meta name=\"robots\" content=\"index, follow, max-snippet:-1, max-image-preview:large, max-video-preview:-1\" \/>\n<link rel=\"canonical\" href=\"https:\/\/www.cde.ual.es\/en\/azerbaijan-statement-by-the-high-representative-on-the-military-escalation\/\" \/>\n<meta property=\"og:locale\" content=\"en_US\" \/>\n<meta property=\"og:type\" content=\"article\" \/>\n<meta property=\"og:title\" content=\"Azerbaijan: Statement by the High Representative on the military escalation | CDE Almer\u00eda - Centro de Documentaci\u00f3n Europea - Universidad de Almer\u00eda\" \/>\n<meta property=\"og:description\" content=\"The European Union condemns the military escalation along the Line of Contact and in other locations in Karabakh. The EU deplores the loss of lives brought by the escalation. We call for the immediate cessation of hostilities and for Azerbaijan to stop the current military activities. There is an urgent need to return to dialogue [&hellip;]\" \/>\n<meta property=\"og:url\" content=\"https:\/\/www.cde.ual.es\/en\/azerbaijan-statement-by-the-high-representative-on-the-military-escalation\/\" \/>\n<meta property=\"og:site_name\" content=\"CDE Almer\u00eda - Centro de Documentaci\u00f3n Europea - Universidad de Almer\u00eda\" \/>\n<meta property=\"article:publisher\" content=\"https:\/\/www.facebook.com\/cdeuniversidadalmeria\/\" \/>\n<meta property=\"article:published_time\" content=\"2023-09-20T09:31:35+00:00\" \/>\n<meta property=\"article:modified_time\" content=\"2023-10-06T08:44:01+00:00\" \/>\n<meta property=\"og:image\" content=\"https:\/\/www.cde.ual.es\/wp-content\/uploads\/2023\/09\/hikmat-gafarzada-gjMGxBpVXsI-unsplash-1-scaled.jpg\" \/>\n\t<meta property=\"og:image:width\" content=\"2560\" \/>\n\t<meta property=\"og:image:height\" content=\"1662\" \/>\n\t<meta property=\"og:image:type\" content=\"image\/jpeg\" \/>\n<meta name=\"author\" content=\"AdminCDE\" \/>\n<meta name=\"twitter:card\" content=\"summary_large_image\" \/>\n<meta name=\"twitter:creator\" content=\"@cdeualmeria\" \/>\n<meta name=\"twitter:site\" content=\"@cdeualmeria\" \/>\n<meta name=\"twitter:label1\" content=\"Written by\" \/>\n\t<meta name=\"twitter:data1\" content=\"AdminCDE\" \/>\n\t<meta name=\"twitter:label2\" content=\"Est. reading time\" \/>\n\t<meta name=\"twitter:data2\" content=\"2 minutes\" \/>\n<script type=\"application\/ld+json\" class=\"yoast-schema-graph\">{\"@context\":\"https:\\\/\\\/schema.org\",\"@graph\":[{\"@type\":\"Article\",\"@id\":\"https:\\\/\\\/www.cde.ual.es\\\/en\\\/azerbaijan-statement-by-the-high-representative-on-the-military-escalation\\\/#article\",\"isPartOf\":{\"@id\":\"https:\\\/\\\/www.cde.ual.es\\\/en\\\/azerbaijan-statement-by-the-high-representative-on-the-military-escalation\\\/\"},\"author\":{\"name\":\"AdminCDE\",\"@id\":\"https:\\\/\\\/www.cde.ual.es\\\/#\\\/schema\\\/person\\\/224ef08c8bcc005f319d2713ce37ee5f\"},\"headline\":\"Azerbaijan: Statement by the High Representative on the military escalation\",\"datePublished\":\"2023-09-20T09:31:35+00:00\",\"dateModified\":\"2023-10-06T08:44:01+00:00\",\"mainEntityOfPage\":{\"@id\":\"https:\\\/\\\/www.cde.ual.es\\\/en\\\/azerbaijan-statement-by-the-high-representative-on-the-military-escalation\\\/\"},\"wordCount\":142,\"commentCount\":0,\"publisher\":{\"@id\":\"https:\\\/\\\/www.cde.ual.es\\\/#organization\"},\"image\":{\"@id\":\"https:\\\/\\\/www.cde.ual.es\\\/en\\\/azerbaijan-statement-by-the-high-representative-on-the-military-escalation\\\/#primaryimage\"},\"thumbnailUrl\":\"https:\\\/\\\/www.cde.ual.es\\\/wp-content\\\/uploads\\\/2023\\\/09\\\/hikmat-gafarzada-gjMGxBpVXsI-unsplash-1-scaled.jpg\",\"keywords\":[\"Azerbaijan\",\"military escalation\"],\"articleSection\":[\"Defence &amp; Security\",\"EU News\",\"International Safety and Defence Politics\"],\"inLanguage\":\"en-US\",\"potentialAction\":[{\"@type\":\"CommentAction\",\"name\":\"Comment\",\"target\":[\"https:\\\/\\\/www.cde.ual.es\\\/en\\\/azerbaijan-statement-by-the-high-representative-on-the-military-escalation\\\/#respond\"]}]},{\"@type\":\"WebPage\",\"@id\":\"https:\\\/\\\/www.cde.ual.es\\\/en\\\/azerbaijan-statement-by-the-high-representative-on-the-military-escalation\\\/\",\"url\":\"https:\\\/\\\/www.cde.ual.es\\\/en\\\/azerbaijan-statement-by-the-high-representative-on-the-military-escalation\\\/\",\"name\":\"Azerbaijan: Statement by the High Representative on the military escalation | CDE Almer\u00eda - Centro de Documentaci\u00f3n Europea - Universidad de Almer\u00eda\",\"isPartOf\":{\"@id\":\"https:\\\/\\\/www.cde.ual.es\\\/#website\"},\"primaryImageOfPage\":{\"@id\":\"https:\\\/\\\/www.cde.ual.es\\\/en\\\/azerbaijan-statement-by-the-high-representative-on-the-military-escalation\\\/#primaryimage\"},\"image\":{\"@id\":\"https:\\\/\\\/www.cde.ual.es\\\/en\\\/azerbaijan-statement-by-the-high-representative-on-the-military-escalation\\\/#primaryimage\"},\"thumbnailUrl\":\"https:\\\/\\\/www.cde.ual.es\\\/wp-content\\\/uploads\\\/2023\\\/09\\\/hikmat-gafarzada-gjMGxBpVXsI-unsplash-1-scaled.jpg\",\"datePublished\":\"2023-09-20T09:31:35+00:00\",\"dateModified\":\"2023-10-06T08:44:01+00:00\",\"breadcrumb\":{\"@id\":\"https:\\\/\\\/www.cde.ual.es\\\/en\\\/azerbaijan-statement-by-the-high-representative-on-the-military-escalation\\\/#breadcrumb\"},\"inLanguage\":\"en-US\",\"potentialAction\":[{\"@type\":\"ReadAction\",\"target\":[\"https:\\\/\\\/www.cde.ual.es\\\/en\\\/azerbaijan-statement-by-the-high-representative-on-the-military-escalation\\\/\"]}]},{\"@type\":\"ImageObject\",\"inLanguage\":\"en-US\",\"@id\":\"https:\\\/\\\/www.cde.ual.es\\\/en\\\/azerbaijan-statement-by-the-high-representative-on-the-military-escalation\\\/#primaryimage\",\"url\":\"https:\\\/\\\/www.cde.ual.es\\\/wp-content\\\/uploads\\\/2023\\\/09\\\/hikmat-gafarzada-gjMGxBpVXsI-unsplash-1-scaled.jpg\",\"contentUrl\":\"https:\\\/\\\/www.cde.ual.es\\\/wp-content\\\/uploads\\\/2023\\\/09\\\/hikmat-gafarzada-gjMGxBpVXsI-unsplash-1-scaled.jpg\",\"width\":2560,\"height\":1662,\"caption\":\"Azerbaiy\u00e1n\"},{\"@type\":\"BreadcrumbList\",\"@id\":\"https:\\\/\\\/www.cde.ual.es\\\/en\\\/azerbaijan-statement-by-the-high-representative-on-the-military-escalation\\\/#breadcrumb\",\"itemListElement\":[{\"@type\":\"ListItem\",\"position\":1,\"name\":\"Inicio\",\"item\":\"https:\\\/\\\/www.cde.ual.es\\\/en\\\/\"},{\"@type\":\"ListItem\",\"position\":2,\"name\":\"EU News\",\"item\":\"https:\\\/\\\/www.cde.ual.es\\\/en\\\/category\\\/eu-news\\\/\"},{\"@type\":\"ListItem\",\"position\":3,\"name\":\"Defence &amp; Security\",\"item\":\"https:\\\/\\\/www.cde.ual.es\\\/en\\\/category\\\/eu-news\\\/defence-security\\\/\"},{\"@type\":\"ListItem\",\"position\":4,\"name\":\"International Safety and Defence Politics\",\"item\":\"https:\\\/\\\/www.cde.ual.es\\\/en\\\/category\\\/eu-news\\\/defence-security\\\/internat-safety-pol\\\/\"},{\"@type\":\"ListItem\",\"position\":5,\"name\":\"Azerbaijan: Statement by the High Representative on the military escalation\"}]},{\"@type\":\"WebSite\",\"@id\":\"https:\\\/\\\/www.cde.ual.es\\\/#website\",\"url\":\"https:\\\/\\\/www.cde.ual.es\\\/\",\"name\":\"CDE Almer\u00eda - Centro de Documentaci\u00f3n Europea - Universidad de Almer\u00eda\",\"description\":\"Centro de Documentaci\u00f3n Europea de la Universidad de Almer\u00eda\",\"publisher\":{\"@id\":\"https:\\\/\\\/www.cde.ual.es\\\/#organization\"},\"alternateName\":\"CDE Almer\u00eda\",\"potentialAction\":[{\"@type\":\"SearchAction\",\"target\":{\"@type\":\"EntryPoint\",\"urlTemplate\":\"https:\\\/\\\/www.cde.ual.es\\\/?s={search_term_string}\"},\"query-input\":{\"@type\":\"PropertyValueSpecification\",\"valueRequired\":true,\"valueName\":\"search_term_string\"}}],\"inLanguage\":\"en-US\"},{\"@type\":\"Organization\",\"@id\":\"https:\\\/\\\/www.cde.ual.es\\\/#organization\",\"name\":\"Centro de Documentaci\u00f3n Europea de Almer\u00eda\",\"url\":\"https:\\\/\\\/www.cde.ual.es\\\/\",\"logo\":{\"@type\":\"ImageObject\",\"inLanguage\":\"en-US\",\"@id\":\"https:\\\/\\\/www.cde.ual.es\\\/#\\\/schema\\\/logo\\\/image\\\/\",\"url\":\"https:\\\/\\\/www.cde.ual.es\\\/wp-content\\\/uploads\\\/2025\\\/07\\\/cde-logo-3.png\",\"contentUrl\":\"https:\\\/\\\/www.cde.ual.es\\\/wp-content\\\/uploads\\\/2025\\\/07\\\/cde-logo-3.png\",\"width\":1400,\"height\":300,\"caption\":\"Centro de Documentaci\u00f3n Europea de Almer\u00eda\"},\"image\":{\"@id\":\"https:\\\/\\\/www.cde.ual.es\\\/#\\\/schema\\\/logo\\\/image\\\/\"},\"sameAs\":[\"https:\\\/\\\/www.facebook.com\\\/cdeuniversidadalmeria\\\/\",\"https:\\\/\\\/x.com\\\/cdeualmeria\",\"https:\\\/\\\/www.tiktok.com\\\/@cdealmeria\",\"https:\\\/\\\/www.instagram.com\\\/cdealmeria\\\/\",\"https:\\\/\\\/www.linkedin.com\\\/in\\\/cde-almera-812b26a9\\\/\"]},{\"@type\":\"Person\",\"@id\":\"https:\\\/\\\/www.cde.ual.es\\\/#\\\/schema\\\/person\\\/224ef08c8bcc005f319d2713ce37ee5f\",\"name\":\"AdminCDE\",\"image\":{\"@type\":\"ImageObject\",\"inLanguage\":\"en-US\",\"@id\":\"https:\\\/\\\/secure.gravatar.com\\\/avatar\\\/a72d038d371f995cd13706fac32274b7952a52e8fb0a84b5f80c85426f2a98a8?s=96&d=mm&r=g\",\"url\":\"https:\\\/\\\/secure.gravatar.com\\\/avatar\\\/a72d038d371f995cd13706fac32274b7952a52e8fb0a84b5f80c85426f2a98a8?s=96&d=mm&r=g\",\"contentUrl\":\"https:\\\/\\\/secure.gravatar.com\\\/avatar\\\/a72d038d371f995cd13706fac32274b7952a52e8fb0a84b5f80c85426f2a98a8?s=96&d=mm&r=g\",\"caption\":\"AdminCDE\"}}]}<\/script>\n<!-- \/ Yoast SEO plugin. -->","yoast_head_json":{"title":"Azerbaijan: Statement by the High Representative on the military escalation | CDE Almer\u00eda - Centro de Documentaci\u00f3n Europea - Universidad de Almer\u00eda","robots":{"index":"index","follow":"follow","max-snippet":"max-snippet:-1","max-image-preview":"max-image-preview:large","max-video-preview":"max-video-preview:-1"},"canonical":"https:\/\/www.cde.ual.es\/en\/azerbaijan-statement-by-the-high-representative-on-the-military-escalation\/","og_locale":"en_US","og_type":"article","og_title":"Azerbaijan: Statement by the High Representative on the military escalation | CDE Almer\u00eda - Centro de Documentaci\u00f3n Europea - Universidad de Almer\u00eda","og_description":"The European Union condemns the military escalation along the Line of Contact and in other locations in Karabakh. The EU deplores the loss of lives brought by the escalation. We call for the immediate cessation of hostilities and for Azerbaijan to stop the current military activities. There is an urgent need to return to dialogue [&hellip;]","og_url":"https:\/\/www.cde.ual.es\/en\/azerbaijan-statement-by-the-high-representative-on-the-military-escalation\/","og_site_name":"CDE Almer\u00eda - Centro de Documentaci\u00f3n Europea - Universidad de Almer\u00eda","article_publisher":"https:\/\/www.facebook.com\/cdeuniversidadalmeria\/","article_published_time":"2023-09-20T09:31:35+00:00","article_modified_time":"2023-10-06T08:44:01+00:00","og_image":[{"width":2560,"height":1662,"url":"https:\/\/www.cde.ual.es\/wp-content\/uploads\/2023\/09\/hikmat-gafarzada-gjMGxBpVXsI-unsplash-1-scaled.jpg","type":"image\/jpeg"}],"author":"AdminCDE","twitter_card":"summary_large_image","twitter_creator":"@cdeualmeria","twitter_site":"@cdeualmeria","twitter_misc":{"Written by":"AdminCDE","Est. reading time":"2 minutes"},"schema":{"@context":"https:\/\/schema.org","@graph":[{"@type":"Article","@id":"https:\/\/www.cde.ual.es\/en\/azerbaijan-statement-by-the-high-representative-on-the-military-escalation\/#article","isPartOf":{"@id":"https:\/\/www.cde.ual.es\/en\/azerbaijan-statement-by-the-high-representative-on-the-military-escalation\/"},"author":{"name":"AdminCDE","@id":"https:\/\/www.cde.ual.es\/#\/schema\/person\/224ef08c8bcc005f319d2713ce37ee5f"},"headline":"Azerbaijan: Statement by the High Representative on the military escalation","datePublished":"2023-09-20T09:31:35+00:00","dateModified":"2023-10-06T08:44:01+00:00","mainEntityOfPage":{"@id":"https:\/\/www.cde.ual.es\/en\/azerbaijan-statement-by-the-high-representative-on-the-military-escalation\/"},"wordCount":142,"commentCount":0,"publisher":{"@id":"https:\/\/www.cde.ual.es\/#organization"},"image":{"@id":"https:\/\/www.cde.ual.es\/en\/azerbaijan-statement-by-the-high-representative-on-the-military-escalation\/#primaryimage"},"thumbnailUrl":"https:\/\/www.cde.ual.es\/wp-content\/uploads\/2023\/09\/hikmat-gafarzada-gjMGxBpVXsI-unsplash-1-scaled.jpg","keywords":["Azerbaijan","military escalation"],"articleSection":["Defence &amp; Security","EU News","International Safety and Defence Politics"],"inLanguage":"en-US","potentialAction":[{"@type":"CommentAction","name":"Comment","target":["https:\/\/www.cde.ual.es\/en\/azerbaijan-statement-by-the-high-representative-on-the-military-escalation\/#respond"]}]},{"@type":"WebPage","@id":"https:\/\/www.cde.ual.es\/en\/azerbaijan-statement-by-the-high-representative-on-the-military-escalation\/","url":"https:\/\/www.cde.ual.es\/en\/azerbaijan-statement-by-the-high-representative-on-the-military-escalation\/","name":"Azerbaijan: Statement by the High Representative on the military escalation | CDE Almer\u00eda - Centro de Documentaci\u00f3n Europea - Universidad de Almer\u00eda","isPartOf":{"@id":"https:\/\/www.cde.ual.es\/#website"},"primaryImageOfPage":{"@id":"https:\/\/www.cde.ual.es\/en\/azerbaijan-statement-by-the-high-representative-on-the-military-escalation\/#primaryimage"},"image":{"@id":"https:\/\/www.cde.ual.es\/en\/azerbaijan-statement-by-the-high-representative-on-the-military-escalation\/#primaryimage"},"thumbnailUrl":"https:\/\/www.cde.ual.es\/wp-content\/uploads\/2023\/09\/hikmat-gafarzada-gjMGxBpVXsI-unsplash-1-scaled.jpg","datePublished":"2023-09-20T09:31:35+00:00","dateModified":"2023-10-06T08:44:01+00:00","breadcrumb":{"@id":"https:\/\/www.cde.ual.es\/en\/azerbaijan-statement-by-the-high-representative-on-the-military-escalation\/#breadcrumb"},"inLanguage":"en-US","potentialAction":[{"@type":"ReadAction","target":["https:\/\/www.cde.ual.es\/en\/azerbaijan-statement-by-the-high-representative-on-the-military-escalation\/"]}]},{"@type":"ImageObject","inLanguage":"en-US","@id":"https:\/\/www.cde.ual.es\/en\/azerbaijan-statement-by-the-high-representative-on-the-military-escalation\/#primaryimage","url":"https:\/\/www.cde.ual.es\/wp-content\/uploads\/2023\/09\/hikmat-gafarzada-gjMGxBpVXsI-unsplash-1-scaled.jpg","contentUrl":"https:\/\/www.cde.ual.es\/wp-content\/uploads\/2023\/09\/hikmat-gafarzada-gjMGxBpVXsI-unsplash-1-scaled.jpg","width":2560,"height":1662,"caption":"Azerbaiy\u00e1n"},{"@type":"BreadcrumbList","@id":"https:\/\/www.cde.ual.es\/en\/azerbaijan-statement-by-the-high-representative-on-the-military-escalation\/#breadcrumb","itemListElement":[{"@type":"ListItem","position":1,"name":"Inicio","item":"https:\/\/www.cde.ual.es\/en\/"},{"@type":"ListItem","position":2,"name":"EU News","item":"https:\/\/www.cde.ual.es\/en\/category\/eu-news\/"},{"@type":"ListItem","position":3,"name":"Defence &amp; Security","item":"https:\/\/www.cde.ual.es\/en\/category\/eu-news\/defence-security\/"},{"@type":"ListItem","position":4,"name":"International Safety and Defence Politics","item":"https:\/\/www.cde.ual.es\/en\/category\/eu-news\/defence-security\/internat-safety-pol\/"},{"@type":"ListItem","position":5,"name":"Azerbaijan: Statement by the High Representative on the military escalation"}]},{"@type":"WebSite","@id":"https:\/\/www.cde.ual.es\/#website","url":"https:\/\/www.cde.ual.es\/","name":"CDE Almer\u00eda - Centro de Documentaci\u00f3n Europea - Universidad de Almer\u00eda","description":"Centro de Documentaci\u00f3n Europea de la Universidad de Almer\u00eda","publisher":{"@id":"https:\/\/www.cde.ual.es\/#organization"},"alternateName":"CDE Almer\u00eda","potentialAction":[{"@type":"SearchAction","target":{"@type":"EntryPoint","urlTemplate":"https:\/\/www.cde.ual.es\/?s={search_term_string}"},"query-input":{"@type":"PropertyValueSpecification","valueRequired":true,"valueName":"search_term_string"}}],"inLanguage":"en-US"},{"@type":"Organization","@id":"https:\/\/www.cde.ual.es\/#organization","name":"Centro de Documentaci\u00f3n Europea de Almer\u00eda","url":"https:\/\/www.cde.ual.es\/","logo":{"@type":"ImageObject","inLanguage":"en-US","@id":"https:\/\/www.cde.ual.es\/#\/schema\/logo\/image\/","url":"https:\/\/www.cde.ual.es\/wp-content\/uploads\/2025\/07\/cde-logo-3.png","contentUrl":"https:\/\/www.cde.ual.es\/wp-content\/uploads\/2025\/07\/cde-logo-3.png","width":1400,"height":300,"caption":"Centro de Documentaci\u00f3n Europea de Almer\u00eda"},"image":{"@id":"https:\/\/www.cde.ual.es\/#\/schema\/logo\/image\/"},"sameAs":["https:\/\/www.facebook.com\/cdeuniversidadalmeria\/","https:\/\/x.com\/cdeualmeria","https:\/\/www.tiktok.com\/@cdealmeria","https:\/\/www.instagram.com\/cdealmeria\/","https:\/\/www.linkedin.com\/in\/cde-almera-812b26a9\/"]},{"@type":"Person","@id":"https:\/\/www.cde.ual.es\/#\/schema\/person\/224ef08c8bcc005f319d2713ce37ee5f","name":"AdminCDE","image":{"@type":"ImageObject","inLanguage":"en-US","@id":"https:\/\/secure.gravatar.com\/avatar\/a72d038d371f995cd13706fac32274b7952a52e8fb0a84b5f80c85426f2a98a8?s=96&d=mm&r=g","url":"https:\/\/secure.gravatar.com\/avatar\/a72d038d371f995cd13706fac32274b7952a52e8fb0a84b5f80c85426f2a98a8?s=96&d=mm&r=g","contentUrl":"https:\/\/secure.gravatar.com\/avatar\/a72d038d371f995cd13706fac32274b7952a52e8fb0a84b5f80c85426f2a98a8?s=96&d=mm&r=g","caption":"AdminCDE"}}]}},"_links":{"self":[{"href":"https:\/\/www.cde.ual.es\/en\/wp-json\/wp\/v2\/posts\/139899","targetHints":{"allow":["GET"]}}],"collection":[{"href":"https:\/\/www.cde.ual.es\/en\/wp-json\/wp\/v2\/posts"}],"about":[{"href":"https:\/\/www.cde.ual.es\/en\/wp-json\/wp\/v2\/types\/post"}],"author":[{"embeddable":true,"href":"https:\/\/www.cde.ual.es\/en\/wp-json\/wp\/v2\/users\/1"}],"replies":[{"embeddable":true,"href":"https:\/\/www.cde.ual.es\/en\/wp-json\/wp\/v2\/comments?post=139899"}],"version-history":[{"count":2,"href":"https:\/\/www.cde.ual.es\/en\/wp-json\/wp\/v2\/posts\/139899\/revisions"}],"predecessor-version":[{"id":141746,"href":"https:\/\/www.cde.ual.es\/en\/wp-json\/wp\/v2\/posts\/139899\/revisions\/141746"}],"wp:featuredmedia":[{"embeddable":true,"href":"https:\/\/www.cde.ual.es\/en\/wp-json\/wp\/v2\/media\/141744"}],"wp:attachment":[{"href":"https:\/\/www.cde.ual.es\/en\/wp-json\/wp\/v2\/media?parent=139899"}],"wp:term":[{"taxonomy":"category","embeddable":true,"href":"https:\/\/www.cde.ual.es\/en\/wp-json\/wp\/v2\/categories?post=139899"},{"taxonomy":"post_tag","embeddable":true,"href":"https:\/\/www.cde.ual.es\/en\/wp-json\/wp\/v2\/tags?post=139899"}],"curies":[{"name":"wp","href":"https:\/\/api.w.org\/{rel}","templated":true}]}}