{"id":138297,"date":"2023-07-11T10:11:04","date_gmt":"2023-07-11T08:11:04","guid":{"rendered":"https:\/\/www.cde.ual.es\/?p=138297"},"modified":"2023-07-11T10:11:04","modified_gmt":"2023-07-11T08:11:04","slug":"the-european-commission-adopted-its-adequacy-decision-for-the-eu-u-s-data-privacy-framework","status":"publish","type":"post","link":"https:\/\/www.cde.ual.es\/en\/the-european-commission-adopted-its-adequacy-decision-for-the-eu-u-s-data-privacy-framework\/","title":{"rendered":"The European Commission adopted its adequacy decision for the EU-U.S. Data Privacy Framework"},"content":{"rendered":"<p style=\"text-align: justify;\"><strong>The European Commission adopted its adequacy decision for the EU-U.S. Data Privacy Framework.<\/strong><\/p>\n<p style=\"text-align: justify;\"><a href=\"https:\/\/www.cde.ual.es\/wp-content\/uploads\/2022\/02\/cibersecurity-scaled.jpg\"><img decoding=\"async\" class=\" wp-image-94681 aligncenter\" src=\"https:\/\/www.cde.ual.es\/wp-content\/uploads\/2022\/02\/cibersecurity-scaled.jpg\" alt=\"tel\u00e9fono m\u00f3vil con pantalla de desbloqueo\" width=\"915\" height=\"602\" srcset=\"https:\/\/www.cde.ual.es\/wp-content\/uploads\/2022\/02\/cibersecurity-scaled.jpg 2560w, https:\/\/www.cde.ual.es\/wp-content\/uploads\/2022\/02\/cibersecurity-300x197.jpg 300w, https:\/\/www.cde.ual.es\/wp-content\/uploads\/2022\/02\/cibersecurity-1024x673.jpg 1024w, https:\/\/www.cde.ual.es\/wp-content\/uploads\/2022\/02\/cibersecurity-768x505.jpg 768w, https:\/\/www.cde.ual.es\/wp-content\/uploads\/2022\/02\/cibersecurity-1536x1010.jpg 1536w, https:\/\/www.cde.ual.es\/wp-content\/uploads\/2022\/02\/cibersecurity-2048x1346.jpg 2048w\" sizes=\"(max-width: 915px) 100vw, 915px\" \/><\/a><\/p>\n<p style=\"text-align: justify;\">The decision concludes that the United States ensures an adequate level of protection \u2013 comparable to that of the European Union \u2013 for personal data transferred from the EU to US companies under the new framework. On the basis of the new adequacy decision, personal data can flow safely from the EU to US companies participating in the Framework, without having to put in place additional data protection safeguards.<\/p>\n<p style=\"text-align: justify;\">The EU-U.S. Data Privacy Framework introduces new binding safeguards to address all the concerns raised by the European Court of Justice, including limiting access to EU data by US intelligence services to what is necessary and proportionate, and establishing a Data Protection Review Court (DPRC), to which EU individuals will have access. The new framework introduces significant improvements compared to the mechanism that existed under the Privacy Shield. For example, if the DPRC finds that data was collected in violation of the new safeguards, it will be able to order the deletion of the data. The new safeguards in the area of government access to data will complement the obligations that US companies importing data from EU will have to subscribe to.<\/p>\n<p style=\"text-align: justify;\">US companies will be able to join the EU-U.S. Data Privacy Framework by committing to comply with a detailed set of privacy obligations, for instance the requirement to delete personal data when it is no longer necessary for the purpose for which it was collected, and to ensure continuity of protection when personal data is shared with third parties.<\/p>\n<p style=\"text-align: justify;\">EU individuals will benefit from several redress avenues in case their data is wrongly handled by US companies. This includes free of charge independent dispute resolution mechanisms and an arbitration panel.<\/p>\n<table style=\"width: 99.9988%; border-collapse: collapse; border-style: double; border-color: #001f7d;\" cellpadding=\"0,5\">\n<tbody>\n<tr>\n<td style=\"width: 100%;\"><a href=\"https:\/\/www.cde.ual.es\/en\/eus-landmark-rules-for-online-platforms-enter-into-force\/\" target=\"_blank\" rel=\"noopener\"><img decoding=\"async\" class=\"alignleft\" src=\"https:\/\/www.cde.ual.es\/wp-content\/uploads\/2023\/01\/campaign-creators-pypeCEaJeZY-unsplash-scaled.jpg\" alt=\"\" width=\"201\" height=\"134\" \/><\/a><\/p>\n<h4 class=\"entry-title\"><a href=\"https:\/\/www.cde.ual.es\/en\/eus-landmark-rules-for-online-platforms-enter-into-force\/\" target=\"_blank\" rel=\"noopener\">EU\u2019s landmark rules for online platforms enter into force<\/a><\/h4>\n<p>&nbsp;<\/td>\n<\/tr>\n<\/tbody>\n<\/table>\n<p>&nbsp;<\/p>\n<p style=\"text-align: justify;\">In addition, the US legal framework provides for a number of\u00a0<strong>safeguards regarding the access to data<\/strong>\u00a0transferred under the framework\u00a0<strong>by US public authorities<\/strong>, in particular for criminal law enforcement and national security purposes. Access to data\u00a0 is limited to\u00a0<strong>what is necessary and proportionate<\/strong>\u00a0to protect national security.<\/p>\n<p style=\"text-align: justify;\">EU individuals will have access to an\u00a0<strong>independent and impartial redress mechanism<\/strong>\u00a0regarding the collection and use of their data by US intelligence agencies, which includes a newly created Data Protection Review Court (DPRC). The Court will independently investigate and resolve complaints, including by adopting binding remedial measures.<\/p>\n<p style=\"text-align: justify;\">The safeguards put in place by the US will also facilitate transatlantic data flows more generally, since they also apply when data is transferred by using other tools, such as standard contractual clauses and binding corporate rules.<\/p>\n<p style=\"text-align: justify;\"><strong>Next steps<\/strong><\/p>\n<p style=\"text-align: justify;\">The functioning of the EU-U.S. Data Privacy Framework will be subject to periodic reviews, to be carried out by the European Commission, together with representatives of European data protection authorities and competent US authorities.<\/p>\n<p style=\"text-align: justify;\">The first review will take place within a year of the entry into force of the adequacy decision, in order to verify that all relevant elements have been fully implemented in the US legal framework and are functioning effectively in practice.<\/p>\n<p style=\"text-align: justify;\"><strong>More information: <a href=\"https:\/\/ec.europa.eu\/commission\/presscorner\/detail\/es\/ip_23_3721\">European Commission<\/a><\/strong><\/p>\n","protected":false},"excerpt":{"rendered":"<p>The European Commission adopted its adequacy decision for the EU-U.S. Data Privacy Framework. The decision concludes that the United States ensures an adequate level of protection \u2013 comparable to that of the European Union \u2013 for personal data transferred from the EU to US companies under the new framework. On the basis of the new [&hellip;]<\/p>\n","protected":false},"author":1,"featured_media":94682,"comment_status":"open","ping_status":"open","sticky":false,"template":"","format":"standard","meta":{"_acf_changed":false,"_relevanssi_hide_post":"","_relevanssi_hide_content":"","_relevanssi_pin_for_all":"","_relevanssi_pin_keywords":"","_relevanssi_unpin_keywords":"","_relevanssi_related_keywords":"","_relevanssi_related_include_ids":"","_relevanssi_related_exclude_ids":"","_relevanssi_related_no_append":"","_relevanssi_related_not_related":"","_relevanssi_related_posts":"","_relevanssi_noindex_reason":"","_monsterinsights_skip_tracking":false,"_monsterinsights_sitenote_active":false,"_monsterinsights_sitenote_note":"","_monsterinsights_sitenote_category":0,"_genesis_hide_title":false,"_genesis_hide_breadcrumbs":false,"_genesis_hide_singular_image":false,"_genesis_hide_footer_widgets":false,"_genesis_custom_body_class":"","_genesis_custom_post_class":"","_genesis_layout":"","footnotes":""},"categories":[346,4064,4065],"tags":[9893,445,779,1488,3751,2398],"class_list":{"0":"post-138297","1":"post","2":"type-post","3":"status-publish","4":"format-standard","5":"has-post-thumbnail","7":"category-eu-news","8":"category-institutional","9":"category-international-pol-coop","10":"tag-data-flows","11":"tag-data-protection","12":"tag-eu-en","13":"tag-european-commission","14":"tag-privacy","15":"tag-us","16":"entry"},"acf":[],"yoast_head":"<!-- This site is optimized with the Yoast SEO plugin v27.5 - https:\/\/yoast.com\/product\/yoast-seo-wordpress\/ -->\n<title>The European Commission adopted its adequacy decision for the EU-U.S. Data Privacy Framework | CDE Almer\u00eda - Centro de Documentaci\u00f3n Europea - Universidad de Almer\u00eda<\/title>\n<meta name=\"robots\" content=\"index, follow, max-snippet:-1, max-image-preview:large, max-video-preview:-1\" \/>\n<link rel=\"canonical\" href=\"https:\/\/www.cde.ual.es\/en\/the-european-commission-adopted-its-adequacy-decision-for-the-eu-u-s-data-privacy-framework\/\" \/>\n<meta property=\"og:locale\" content=\"en_US\" \/>\n<meta property=\"og:type\" content=\"article\" \/>\n<meta property=\"og:title\" content=\"The European Commission adopted its adequacy decision for the EU-U.S. Data Privacy Framework | CDE Almer\u00eda - Centro de Documentaci\u00f3n Europea - Universidad de Almer\u00eda\" \/>\n<meta property=\"og:description\" content=\"The European Commission adopted its adequacy decision for the EU-U.S. Data Privacy Framework. The decision concludes that the United States ensures an adequate level of protection \u2013 comparable to that of the European Union \u2013 for personal data transferred from the EU to US companies under the new framework. On the basis of the new [&hellip;]\" \/>\n<meta property=\"og:url\" content=\"https:\/\/www.cde.ual.es\/en\/the-european-commission-adopted-its-adequacy-decision-for-the-eu-u-s-data-privacy-framework\/\" \/>\n<meta property=\"og:site_name\" content=\"CDE Almer\u00eda - Centro de Documentaci\u00f3n Europea - Universidad de Almer\u00eda\" \/>\n<meta property=\"article:publisher\" content=\"https:\/\/www.facebook.com\/cdeuniversidadalmeria\/\" \/>\n<meta property=\"article:published_time\" content=\"2023-07-11T08:11:04+00:00\" \/>\n<meta property=\"og:image\" content=\"https:\/\/www.cde.ual.es\/wp-content\/uploads\/2022\/02\/cibersecurity-scaled.jpg\" \/>\n\t<meta property=\"og:image:width\" content=\"2560\" \/>\n\t<meta property=\"og:image:height\" content=\"1683\" \/>\n\t<meta property=\"og:image:type\" content=\"image\/jpeg\" \/>\n<meta name=\"author\" content=\"AdminCDE\" \/>\n<meta name=\"twitter:card\" content=\"summary_large_image\" \/>\n<meta name=\"twitter:creator\" content=\"@cdeualmeria\" \/>\n<meta name=\"twitter:site\" content=\"@cdeualmeria\" \/>\n<meta name=\"twitter:label1\" content=\"Written by\" \/>\n\t<meta name=\"twitter:data1\" content=\"AdminCDE\" \/>\n\t<meta name=\"twitter:label2\" content=\"Est. reading time\" \/>\n\t<meta name=\"twitter:data2\" content=\"3 minutes\" \/>\n<script type=\"application\/ld+json\" class=\"yoast-schema-graph\">{\"@context\":\"https:\\\/\\\/schema.org\",\"@graph\":[{\"@type\":\"Article\",\"@id\":\"https:\\\/\\\/www.cde.ual.es\\\/en\\\/the-european-commission-adopted-its-adequacy-decision-for-the-eu-u-s-data-privacy-framework\\\/#article\",\"isPartOf\":{\"@id\":\"https:\\\/\\\/www.cde.ual.es\\\/en\\\/the-european-commission-adopted-its-adequacy-decision-for-the-eu-u-s-data-privacy-framework\\\/\"},\"author\":{\"name\":\"AdminCDE\",\"@id\":\"https:\\\/\\\/www.cde.ual.es\\\/#\\\/schema\\\/person\\\/224ef08c8bcc005f319d2713ce37ee5f\"},\"headline\":\"The European Commission adopted its adequacy decision for the EU-U.S. Data Privacy Framework\",\"datePublished\":\"2023-07-11T08:11:04+00:00\",\"mainEntityOfPage\":{\"@id\":\"https:\\\/\\\/www.cde.ual.es\\\/en\\\/the-european-commission-adopted-its-adequacy-decision-for-the-eu-u-s-data-privacy-framework\\\/\"},\"wordCount\":538,\"commentCount\":0,\"publisher\":{\"@id\":\"https:\\\/\\\/www.cde.ual.es\\\/#organization\"},\"image\":{\"@id\":\"https:\\\/\\\/www.cde.ual.es\\\/en\\\/the-european-commission-adopted-its-adequacy-decision-for-the-eu-u-s-data-privacy-framework\\\/#primaryimage\"},\"thumbnailUrl\":\"https:\\\/\\\/www.cde.ual.es\\\/wp-content\\\/uploads\\\/2022\\\/02\\\/cibersecurity-scaled.jpg\",\"keywords\":[\"data flows\",\"Data protection\",\"EU\",\"European Commission\",\"privacy\",\"US\"],\"articleSection\":[\"EU News\",\"Institutional Affairs\",\"International Politics and Cooperation\"],\"inLanguage\":\"en-US\",\"potentialAction\":[{\"@type\":\"CommentAction\",\"name\":\"Comment\",\"target\":[\"https:\\\/\\\/www.cde.ual.es\\\/en\\\/the-european-commission-adopted-its-adequacy-decision-for-the-eu-u-s-data-privacy-framework\\\/#respond\"]}]},{\"@type\":\"WebPage\",\"@id\":\"https:\\\/\\\/www.cde.ual.es\\\/en\\\/the-european-commission-adopted-its-adequacy-decision-for-the-eu-u-s-data-privacy-framework\\\/\",\"url\":\"https:\\\/\\\/www.cde.ual.es\\\/en\\\/the-european-commission-adopted-its-adequacy-decision-for-the-eu-u-s-data-privacy-framework\\\/\",\"name\":\"The European Commission adopted its adequacy decision for the EU-U.S. Data Privacy Framework | CDE Almer\u00eda - Centro de Documentaci\u00f3n Europea - Universidad de Almer\u00eda\",\"isPartOf\":{\"@id\":\"https:\\\/\\\/www.cde.ual.es\\\/#website\"},\"primaryImageOfPage\":{\"@id\":\"https:\\\/\\\/www.cde.ual.es\\\/en\\\/the-european-commission-adopted-its-adequacy-decision-for-the-eu-u-s-data-privacy-framework\\\/#primaryimage\"},\"image\":{\"@id\":\"https:\\\/\\\/www.cde.ual.es\\\/en\\\/the-european-commission-adopted-its-adequacy-decision-for-the-eu-u-s-data-privacy-framework\\\/#primaryimage\"},\"thumbnailUrl\":\"https:\\\/\\\/www.cde.ual.es\\\/wp-content\\\/uploads\\\/2022\\\/02\\\/cibersecurity-scaled.jpg\",\"datePublished\":\"2023-07-11T08:11:04+00:00\",\"breadcrumb\":{\"@id\":\"https:\\\/\\\/www.cde.ual.es\\\/en\\\/the-european-commission-adopted-its-adequacy-decision-for-the-eu-u-s-data-privacy-framework\\\/#breadcrumb\"},\"inLanguage\":\"en-US\",\"potentialAction\":[{\"@type\":\"ReadAction\",\"target\":[\"https:\\\/\\\/www.cde.ual.es\\\/en\\\/the-european-commission-adopted-its-adequacy-decision-for-the-eu-u-s-data-privacy-framework\\\/\"]}]},{\"@type\":\"ImageObject\",\"inLanguage\":\"en-US\",\"@id\":\"https:\\\/\\\/www.cde.ual.es\\\/en\\\/the-european-commission-adopted-its-adequacy-decision-for-the-eu-u-s-data-privacy-framework\\\/#primaryimage\",\"url\":\"https:\\\/\\\/www.cde.ual.es\\\/wp-content\\\/uploads\\\/2022\\\/02\\\/cibersecurity-scaled.jpg\",\"contentUrl\":\"https:\\\/\\\/www.cde.ual.es\\\/wp-content\\\/uploads\\\/2022\\\/02\\\/cibersecurity-scaled.jpg\",\"width\":2560,\"height\":1683,\"caption\":\"tel\u00e9fono m\u00f3vil con pantalla de desbloqueo\"},{\"@type\":\"BreadcrumbList\",\"@id\":\"https:\\\/\\\/www.cde.ual.es\\\/en\\\/the-european-commission-adopted-its-adequacy-decision-for-the-eu-u-s-data-privacy-framework\\\/#breadcrumb\",\"itemListElement\":[{\"@type\":\"ListItem\",\"position\":1,\"name\":\"Inicio\",\"item\":\"https:\\\/\\\/www.cde.ual.es\\\/en\\\/\"},{\"@type\":\"ListItem\",\"position\":2,\"name\":\"EU News\",\"item\":\"https:\\\/\\\/www.cde.ual.es\\\/en\\\/category\\\/eu-news\\\/\"},{\"@type\":\"ListItem\",\"position\":3,\"name\":\"Institutional Affairs\",\"item\":\"https:\\\/\\\/www.cde.ual.es\\\/en\\\/category\\\/eu-news\\\/institutional\\\/\"},{\"@type\":\"ListItem\",\"position\":4,\"name\":\"International Politics and Cooperation\",\"item\":\"https:\\\/\\\/www.cde.ual.es\\\/en\\\/category\\\/eu-news\\\/institutional\\\/international-pol-coop\\\/\"},{\"@type\":\"ListItem\",\"position\":5,\"name\":\"The European Commission adopted its adequacy decision for the EU-U.S. Data Privacy Framework\"}]},{\"@type\":\"WebSite\",\"@id\":\"https:\\\/\\\/www.cde.ual.es\\\/#website\",\"url\":\"https:\\\/\\\/www.cde.ual.es\\\/\",\"name\":\"CDE Almer\u00eda - Centro de Documentaci\u00f3n Europea - Universidad de Almer\u00eda\",\"description\":\"Centro de Documentaci\u00f3n Europea de la Universidad de Almer\u00eda\",\"publisher\":{\"@id\":\"https:\\\/\\\/www.cde.ual.es\\\/#organization\"},\"alternateName\":\"CDE Almer\u00eda\",\"potentialAction\":[{\"@type\":\"SearchAction\",\"target\":{\"@type\":\"EntryPoint\",\"urlTemplate\":\"https:\\\/\\\/www.cde.ual.es\\\/?s={search_term_string}\"},\"query-input\":{\"@type\":\"PropertyValueSpecification\",\"valueRequired\":true,\"valueName\":\"search_term_string\"}}],\"inLanguage\":\"en-US\"},{\"@type\":\"Organization\",\"@id\":\"https:\\\/\\\/www.cde.ual.es\\\/#organization\",\"name\":\"Centro de Documentaci\u00f3n Europea de Almer\u00eda\",\"url\":\"https:\\\/\\\/www.cde.ual.es\\\/\",\"logo\":{\"@type\":\"ImageObject\",\"inLanguage\":\"en-US\",\"@id\":\"https:\\\/\\\/www.cde.ual.es\\\/#\\\/schema\\\/logo\\\/image\\\/\",\"url\":\"https:\\\/\\\/www.cde.ual.es\\\/wp-content\\\/uploads\\\/2025\\\/07\\\/cde-logo-3.png\",\"contentUrl\":\"https:\\\/\\\/www.cde.ual.es\\\/wp-content\\\/uploads\\\/2025\\\/07\\\/cde-logo-3.png\",\"width\":1400,\"height\":300,\"caption\":\"Centro de Documentaci\u00f3n Europea de Almer\u00eda\"},\"image\":{\"@id\":\"https:\\\/\\\/www.cde.ual.es\\\/#\\\/schema\\\/logo\\\/image\\\/\"},\"sameAs\":[\"https:\\\/\\\/www.facebook.com\\\/cdeuniversidadalmeria\\\/\",\"https:\\\/\\\/x.com\\\/cdeualmeria\",\"https:\\\/\\\/www.tiktok.com\\\/@cdealmeria\",\"https:\\\/\\\/www.instagram.com\\\/cdealmeria\\\/\",\"https:\\\/\\\/www.linkedin.com\\\/in\\\/cde-almera-812b26a9\\\/\"]},{\"@type\":\"Person\",\"@id\":\"https:\\\/\\\/www.cde.ual.es\\\/#\\\/schema\\\/person\\\/224ef08c8bcc005f319d2713ce37ee5f\",\"name\":\"AdminCDE\",\"image\":{\"@type\":\"ImageObject\",\"inLanguage\":\"en-US\",\"@id\":\"https:\\\/\\\/secure.gravatar.com\\\/avatar\\\/a72d038d371f995cd13706fac32274b7952a52e8fb0a84b5f80c85426f2a98a8?s=96&d=mm&r=g\",\"url\":\"https:\\\/\\\/secure.gravatar.com\\\/avatar\\\/a72d038d371f995cd13706fac32274b7952a52e8fb0a84b5f80c85426f2a98a8?s=96&d=mm&r=g\",\"contentUrl\":\"https:\\\/\\\/secure.gravatar.com\\\/avatar\\\/a72d038d371f995cd13706fac32274b7952a52e8fb0a84b5f80c85426f2a98a8?s=96&d=mm&r=g\",\"caption\":\"AdminCDE\"}}]}<\/script>\n<!-- \/ Yoast SEO plugin. -->","yoast_head_json":{"title":"The European Commission adopted its adequacy decision for the EU-U.S. Data Privacy Framework | CDE Almer\u00eda - Centro de Documentaci\u00f3n Europea - Universidad de Almer\u00eda","robots":{"index":"index","follow":"follow","max-snippet":"max-snippet:-1","max-image-preview":"max-image-preview:large","max-video-preview":"max-video-preview:-1"},"canonical":"https:\/\/www.cde.ual.es\/en\/the-european-commission-adopted-its-adequacy-decision-for-the-eu-u-s-data-privacy-framework\/","og_locale":"en_US","og_type":"article","og_title":"The European Commission adopted its adequacy decision for the EU-U.S. Data Privacy Framework | CDE Almer\u00eda - Centro de Documentaci\u00f3n Europea - Universidad de Almer\u00eda","og_description":"The European Commission adopted its adequacy decision for the EU-U.S. Data Privacy Framework. The decision concludes that the United States ensures an adequate level of protection \u2013 comparable to that of the European Union \u2013 for personal data transferred from the EU to US companies under the new framework. On the basis of the new [&hellip;]","og_url":"https:\/\/www.cde.ual.es\/en\/the-european-commission-adopted-its-adequacy-decision-for-the-eu-u-s-data-privacy-framework\/","og_site_name":"CDE Almer\u00eda - Centro de Documentaci\u00f3n Europea - Universidad de Almer\u00eda","article_publisher":"https:\/\/www.facebook.com\/cdeuniversidadalmeria\/","article_published_time":"2023-07-11T08:11:04+00:00","og_image":[{"width":2560,"height":1683,"url":"https:\/\/www.cde.ual.es\/wp-content\/uploads\/2022\/02\/cibersecurity-scaled.jpg","type":"image\/jpeg"}],"author":"AdminCDE","twitter_card":"summary_large_image","twitter_creator":"@cdeualmeria","twitter_site":"@cdeualmeria","twitter_misc":{"Written by":"AdminCDE","Est. reading time":"3 minutes"},"schema":{"@context":"https:\/\/schema.org","@graph":[{"@type":"Article","@id":"https:\/\/www.cde.ual.es\/en\/the-european-commission-adopted-its-adequacy-decision-for-the-eu-u-s-data-privacy-framework\/#article","isPartOf":{"@id":"https:\/\/www.cde.ual.es\/en\/the-european-commission-adopted-its-adequacy-decision-for-the-eu-u-s-data-privacy-framework\/"},"author":{"name":"AdminCDE","@id":"https:\/\/www.cde.ual.es\/#\/schema\/person\/224ef08c8bcc005f319d2713ce37ee5f"},"headline":"The European Commission adopted its adequacy decision for the EU-U.S. Data Privacy Framework","datePublished":"2023-07-11T08:11:04+00:00","mainEntityOfPage":{"@id":"https:\/\/www.cde.ual.es\/en\/the-european-commission-adopted-its-adequacy-decision-for-the-eu-u-s-data-privacy-framework\/"},"wordCount":538,"commentCount":0,"publisher":{"@id":"https:\/\/www.cde.ual.es\/#organization"},"image":{"@id":"https:\/\/www.cde.ual.es\/en\/the-european-commission-adopted-its-adequacy-decision-for-the-eu-u-s-data-privacy-framework\/#primaryimage"},"thumbnailUrl":"https:\/\/www.cde.ual.es\/wp-content\/uploads\/2022\/02\/cibersecurity-scaled.jpg","keywords":["data flows","Data protection","EU","European Commission","privacy","US"],"articleSection":["EU News","Institutional Affairs","International Politics and Cooperation"],"inLanguage":"en-US","potentialAction":[{"@type":"CommentAction","name":"Comment","target":["https:\/\/www.cde.ual.es\/en\/the-european-commission-adopted-its-adequacy-decision-for-the-eu-u-s-data-privacy-framework\/#respond"]}]},{"@type":"WebPage","@id":"https:\/\/www.cde.ual.es\/en\/the-european-commission-adopted-its-adequacy-decision-for-the-eu-u-s-data-privacy-framework\/","url":"https:\/\/www.cde.ual.es\/en\/the-european-commission-adopted-its-adequacy-decision-for-the-eu-u-s-data-privacy-framework\/","name":"The European Commission adopted its adequacy decision for the EU-U.S. Data Privacy Framework | CDE Almer\u00eda - Centro de Documentaci\u00f3n Europea - Universidad de Almer\u00eda","isPartOf":{"@id":"https:\/\/www.cde.ual.es\/#website"},"primaryImageOfPage":{"@id":"https:\/\/www.cde.ual.es\/en\/the-european-commission-adopted-its-adequacy-decision-for-the-eu-u-s-data-privacy-framework\/#primaryimage"},"image":{"@id":"https:\/\/www.cde.ual.es\/en\/the-european-commission-adopted-its-adequacy-decision-for-the-eu-u-s-data-privacy-framework\/#primaryimage"},"thumbnailUrl":"https:\/\/www.cde.ual.es\/wp-content\/uploads\/2022\/02\/cibersecurity-scaled.jpg","datePublished":"2023-07-11T08:11:04+00:00","breadcrumb":{"@id":"https:\/\/www.cde.ual.es\/en\/the-european-commission-adopted-its-adequacy-decision-for-the-eu-u-s-data-privacy-framework\/#breadcrumb"},"inLanguage":"en-US","potentialAction":[{"@type":"ReadAction","target":["https:\/\/www.cde.ual.es\/en\/the-european-commission-adopted-its-adequacy-decision-for-the-eu-u-s-data-privacy-framework\/"]}]},{"@type":"ImageObject","inLanguage":"en-US","@id":"https:\/\/www.cde.ual.es\/en\/the-european-commission-adopted-its-adequacy-decision-for-the-eu-u-s-data-privacy-framework\/#primaryimage","url":"https:\/\/www.cde.ual.es\/wp-content\/uploads\/2022\/02\/cibersecurity-scaled.jpg","contentUrl":"https:\/\/www.cde.ual.es\/wp-content\/uploads\/2022\/02\/cibersecurity-scaled.jpg","width":2560,"height":1683,"caption":"tel\u00e9fono m\u00f3vil con pantalla de desbloqueo"},{"@type":"BreadcrumbList","@id":"https:\/\/www.cde.ual.es\/en\/the-european-commission-adopted-its-adequacy-decision-for-the-eu-u-s-data-privacy-framework\/#breadcrumb","itemListElement":[{"@type":"ListItem","position":1,"name":"Inicio","item":"https:\/\/www.cde.ual.es\/en\/"},{"@type":"ListItem","position":2,"name":"EU News","item":"https:\/\/www.cde.ual.es\/en\/category\/eu-news\/"},{"@type":"ListItem","position":3,"name":"Institutional Affairs","item":"https:\/\/www.cde.ual.es\/en\/category\/eu-news\/institutional\/"},{"@type":"ListItem","position":4,"name":"International Politics and Cooperation","item":"https:\/\/www.cde.ual.es\/en\/category\/eu-news\/institutional\/international-pol-coop\/"},{"@type":"ListItem","position":5,"name":"The European Commission adopted its adequacy decision for the EU-U.S. Data Privacy Framework"}]},{"@type":"WebSite","@id":"https:\/\/www.cde.ual.es\/#website","url":"https:\/\/www.cde.ual.es\/","name":"CDE Almer\u00eda - Centro de Documentaci\u00f3n Europea - Universidad de Almer\u00eda","description":"Centro de Documentaci\u00f3n Europea de la Universidad de Almer\u00eda","publisher":{"@id":"https:\/\/www.cde.ual.es\/#organization"},"alternateName":"CDE Almer\u00eda","potentialAction":[{"@type":"SearchAction","target":{"@type":"EntryPoint","urlTemplate":"https:\/\/www.cde.ual.es\/?s={search_term_string}"},"query-input":{"@type":"PropertyValueSpecification","valueRequired":true,"valueName":"search_term_string"}}],"inLanguage":"en-US"},{"@type":"Organization","@id":"https:\/\/www.cde.ual.es\/#organization","name":"Centro de Documentaci\u00f3n Europea de Almer\u00eda","url":"https:\/\/www.cde.ual.es\/","logo":{"@type":"ImageObject","inLanguage":"en-US","@id":"https:\/\/www.cde.ual.es\/#\/schema\/logo\/image\/","url":"https:\/\/www.cde.ual.es\/wp-content\/uploads\/2025\/07\/cde-logo-3.png","contentUrl":"https:\/\/www.cde.ual.es\/wp-content\/uploads\/2025\/07\/cde-logo-3.png","width":1400,"height":300,"caption":"Centro de Documentaci\u00f3n Europea de Almer\u00eda"},"image":{"@id":"https:\/\/www.cde.ual.es\/#\/schema\/logo\/image\/"},"sameAs":["https:\/\/www.facebook.com\/cdeuniversidadalmeria\/","https:\/\/x.com\/cdeualmeria","https:\/\/www.tiktok.com\/@cdealmeria","https:\/\/www.instagram.com\/cdealmeria\/","https:\/\/www.linkedin.com\/in\/cde-almera-812b26a9\/"]},{"@type":"Person","@id":"https:\/\/www.cde.ual.es\/#\/schema\/person\/224ef08c8bcc005f319d2713ce37ee5f","name":"AdminCDE","image":{"@type":"ImageObject","inLanguage":"en-US","@id":"https:\/\/secure.gravatar.com\/avatar\/a72d038d371f995cd13706fac32274b7952a52e8fb0a84b5f80c85426f2a98a8?s=96&d=mm&r=g","url":"https:\/\/secure.gravatar.com\/avatar\/a72d038d371f995cd13706fac32274b7952a52e8fb0a84b5f80c85426f2a98a8?s=96&d=mm&r=g","contentUrl":"https:\/\/secure.gravatar.com\/avatar\/a72d038d371f995cd13706fac32274b7952a52e8fb0a84b5f80c85426f2a98a8?s=96&d=mm&r=g","caption":"AdminCDE"}}]}},"_links":{"self":[{"href":"https:\/\/www.cde.ual.es\/en\/wp-json\/wp\/v2\/posts\/138297","targetHints":{"allow":["GET"]}}],"collection":[{"href":"https:\/\/www.cde.ual.es\/en\/wp-json\/wp\/v2\/posts"}],"about":[{"href":"https:\/\/www.cde.ual.es\/en\/wp-json\/wp\/v2\/types\/post"}],"author":[{"embeddable":true,"href":"https:\/\/www.cde.ual.es\/en\/wp-json\/wp\/v2\/users\/1"}],"replies":[{"embeddable":true,"href":"https:\/\/www.cde.ual.es\/en\/wp-json\/wp\/v2\/comments?post=138297"}],"version-history":[{"count":1,"href":"https:\/\/www.cde.ual.es\/en\/wp-json\/wp\/v2\/posts\/138297\/revisions"}],"predecessor-version":[{"id":138298,"href":"https:\/\/www.cde.ual.es\/en\/wp-json\/wp\/v2\/posts\/138297\/revisions\/138298"}],"wp:featuredmedia":[{"embeddable":true,"href":"https:\/\/www.cde.ual.es\/en\/wp-json\/wp\/v2\/media\/94682"}],"wp:attachment":[{"href":"https:\/\/www.cde.ual.es\/en\/wp-json\/wp\/v2\/media?parent=138297"}],"wp:term":[{"taxonomy":"category","embeddable":true,"href":"https:\/\/www.cde.ual.es\/en\/wp-json\/wp\/v2\/categories?post=138297"},{"taxonomy":"post_tag","embeddable":true,"href":"https:\/\/www.cde.ual.es\/en\/wp-json\/wp\/v2\/tags?post=138297"}],"curies":[{"name":"wp","href":"https:\/\/api.w.org\/{rel}","templated":true}]}}