{"id":137939,"date":"2023-07-04T03:00:02","date_gmt":"2023-07-04T01:00:02","guid":{"rendered":"https:\/\/www.cde.ual.es\/?p=137939"},"modified":"2023-07-03T14:53:22","modified_gmt":"2023-07-03T12:53:22","slug":"eu-leaders-discuss-ukraine-migration-and-economy-at-european-council-on-june-29-30","status":"publish","type":"post","link":"https:\/\/www.cde.ual.es\/en\/eu-leaders-discuss-ukraine-migration-and-economy-at-european-council-on-june-29-30\/","title":{"rendered":"EU leaders discuss Ukraine, migration and economy at European Council on June 29-30"},"content":{"rendered":"<p style=\"text-align: justify;\">EU leaders discussed continued\u00a0<strong>support for Ukraine<\/strong>, notably sustainable military and financial support, and how to boost\u00a0<strong>long-term economic strength and resilience in the EU<\/strong>.<\/p>\n<p style=\"text-align: justify;\"><a href=\"https:\/\/www.cde.ual.es\/wp-content\/uploads\/2023\/07\/1080c882-ff6c-4aec-88d9-1c00fbb52828-1-scaled.jpg\"><img decoding=\"async\" class=\"size-large wp-image-137936 aligncenter\" src=\"https:\/\/www.cde.ual.es\/wp-content\/uploads\/2023\/07\/1080c882-ff6c-4aec-88d9-1c00fbb52828-1-1024x683.jpg\" alt=\"\" width=\"1024\" height=\"683\" srcset=\"https:\/\/www.cde.ual.es\/wp-content\/uploads\/2023\/07\/1080c882-ff6c-4aec-88d9-1c00fbb52828-1-1024x683.jpg 1024w, https:\/\/www.cde.ual.es\/wp-content\/uploads\/2023\/07\/1080c882-ff6c-4aec-88d9-1c00fbb52828-1-300x200.jpg 300w, https:\/\/www.cde.ual.es\/wp-content\/uploads\/2023\/07\/1080c882-ff6c-4aec-88d9-1c00fbb52828-1-768x512.jpg 768w, https:\/\/www.cde.ual.es\/wp-content\/uploads\/2023\/07\/1080c882-ff6c-4aec-88d9-1c00fbb52828-1-1536x1025.jpg 1536w, https:\/\/www.cde.ual.es\/wp-content\/uploads\/2023\/07\/1080c882-ff6c-4aec-88d9-1c00fbb52828-1-2048x1366.jpg 2048w\" sizes=\"(max-width: 1024px) 100vw, 1024px\" \/><\/a><\/p>\n<p style=\"text-align: justify;\">They also discussed\u00a0<strong>migration<\/strong>, the\u00a0<strong>EU-China relationship<\/strong>\u00a0and\u00a0<strong>external relations<\/strong>.<\/p>\n<p style=\"text-align: justify;\">The EU leaders were joined by NATO Secretary-General,\u00a0<strong>Jens Stoltenberg<\/strong>, for a working lunch to discuss EU-NATO cooperation and Euro-Atlantic security. The President of Ukraine,\u00a0<strong>Volodymyr Zelenskyy<\/strong>, addressed the leaders via video conference.<\/p>\n<p style=\"text-align: justify;\"><strong>EU response to Russia\u2019s war of aggression against Ukraine<\/strong><\/p>\n<div class=\"floated-right well\" style=\"text-align: justify;\">\n<p>EU leaders reiterated their resolute condemnation of Russia\u2019s war and unwavering solidarity with Ukraine and its people.<\/p>\n<p>So far, the EU and its member states have provided over \u20ac77 billion to Ukraine. They will continue to strongly support Ukraine\u2019s economy, society, armed forces and future reconstruction. The EU will also provide flexible financial assistance to reinforce support for displaced persons in Ukraine and in the EU.<\/p>\n<p><strong>Military support<\/strong><\/p>\n<p>The EU is ready to provide sustainable military support to Ukraine for as long as it takes, particularly through its dedicated military assistance mission to Ukraine and the European Peace Facility, an off-budget fund to prevent conflicts and build peace.<\/p>\n<p>In this regard, EU leaders took stock of progress on the delivery and joint procurement of ammunition to Ukraine.<\/p>\n<p style=\"text-align: justify;\">They underlined the importance of continuing efforts to help meet Ukraine\u2019s pressing military and defence needs, while also taking into account member states\u2019 security and defence policies. The EU and its member states stand ready to contribute to future security commitments to ensure long-term stability in Ukraine.<\/p>\n<h4>Destruction of the Kakhovka dam<\/h4>\n<p>EU leaders\u00a0<strong>condemned in the strongest terms the deliberate destruction of the dam<\/strong>\u00a0at the Kakhovka hydroelectric power plant, which has devastating humanitarian and ecological repercussions and puts at risk the safety and security of the Zaporizhzhia nuclear power plant.<\/p>\n<p>Leaders welcomed the emergency assistance for relief efforts at EU level.<\/p>\n<h4>Reconstruction of Ukraine<\/h4>\n<p>Firmly committed to the repair, recovery and reconstruction of Ukraine, EU leaders underlined the need to ensure\u00a0<strong>stable, predictable and sustainable financial support<\/strong>\u00a0in the years to come. They called on the relevant EU and international actors to:<\/p>\n<ul>\n<li>step up support for Ukraine\u2019s most urgent infrastructure needs<\/li>\n<li>take forward work on Russia\u2019s frozen assets<\/li>\n<\/ul>\n<p>To achieve a just and lasting peace in Ukraine, the EU offers its full support to the country\u2019s\u00a0<strong>peace formula<\/strong>.<\/p>\n<h4>Accountability of perpetrators<\/h4>\n<p>The EU is firmly committed to ensuring that Russia is held fully accountable for its war. In this regard, EU leaders welcomed progress in setting up the International Centre for the Prosecution of the Crime of Aggression Against Ukraine (ICPA) and called for work to continue on the:<\/p>\n<ul>\n<li>tribunal for the prosecution of the crime of aggression against Ukraine<\/li>\n<li>international cooperation on the investigation and prosecution of the most serious crimes<\/li>\n<li>register of damage<\/li>\n<\/ul>\n<p>EU leaders also called for the\u00a0<strong>immediate safe return<\/strong>\u00a0of Ukrainian civilians, including children, who have been unlawfully deported to Russia and Belarus.<\/p>\n<h4>Sanctions against Russia<\/h4>\n<p>EU leaders reviewed efforts to further increase pressure on Russia in order to weaken its ability to wage its war, including through the effective implementation of sanctions as well as the prevention of their circumvention.<\/p>\n<p>In this context, they welcomed the\u00a0<strong>adoption of the 11th sanctions package<\/strong>\u00a0and called on the Council of the EU and the European Parliament to swiftly finalise work on the proposed rules to approximate criminal offences and penalties for the violation of EU restrictive measures.<\/p>\n<h4>Belarus and Iran<\/h4>\n<p>EU leaders condemned the continued military support for Russia provided by Iran and Belarus.<\/p>\n<p>&nbsp;<\/p>\n<table style=\"width: 99.9988%; border-collapse: collapse; border-style: double; border-color: #001f7d;\" cellpadding=\"0,5\">\n<tbody>\n<tr>\n<td style=\"width: 100%;\"><a href=\"https:\/\/www.cde.ual.es\/en\/priorities-of-the-spanish-presidency-of-the-council-of-the-european-union\/\" target=\"_blank\" rel=\"noopener\"><img decoding=\"async\" class=\"alignleft\" src=\"https:\/\/www.cde.ual.es\/wp-content\/uploads\/2023\/06\/foto-logo-pioridades-1024x683.webp\" alt=\"\" width=\"201\" height=\"134\" \/><\/a><\/p>\n<h4 class=\"entry-title\"><a href=\"https:\/\/www.cde.ual.es\/en\/priorities-of-the-spanish-presidency-of-the-council-of-the-european-union\/\" target=\"_blank\" rel=\"noopener\">Priorities of the Spanish Presidency of the Council of the European Union<\/a><\/h4>\n<\/td>\n<\/tr>\n<\/tbody>\n<\/table>\n<p>&nbsp;<\/p>\n<h4>Global food security<\/h4>\n<p>Russia continues to use food as a weapon, thereby undermining global food security. EU leaders expressed their deep concern for the continued slowdown in the implementation of the\u00a0<strong>Black Sea Grain Initiative<\/strong>\u00a0and called for the swift and full resumption of its\u00a0operations. They also acknowledged that the\u00a0<strong>EU\u2019s solidarity lanes<\/strong>\u00a0are instrumental in bolstering global food security.<\/p>\n<h3>A strong and resilient economy<\/h3>\n<p>EU leaders stressed the need to enhance the\u00a0<strong>EU\u2019s economic resilience and security\u00a0<\/strong>to defend its values globally while preserving an open economy.<\/p>\n<p>The EU is committed to a future-proof and robust economy in line with the green and digital transitions. With a view to\u00a0<strong>strengthening its industrial policy<\/strong>\u00a0and\u00a0<strong>reducing strategic dependencies<\/strong>, EU leaders called on the relevant EU institutions to advance work on:<\/p>\n<ul>\n<li>the net-zero industry and critical raw materials acts<\/li>\n<li>the development of strategic technologies<\/li>\n<li>artificial intelligence<\/li>\n<li>the production and availability of the most critical medicines<\/li>\n<li>a toolbox on demographic challenges<\/li>\n<li>the economic governance review<\/li>\n<li>the proposed revision of the multi-annual financial framework, the EU\u2019s long-term budget<\/li>\n<li>the assessment of the United States\u2019 inflation reduction act<\/li>\n<\/ul>\n<p>EU leaders also welcomed the entry into force of the\u00a0<strong>unified patent court agreement<\/strong>\u00a0and held a discussion on the country-specific recommendations as discussed by the Council, thus allowing for the conclusion of the\u00a0<strong>2023 European Semester<\/strong>. The Semester is the EU\u2019s annual cycle of economic, fiscal, labour and social policy coordination.<\/p>\n<h3><strong>Security and defence<\/strong><\/h3>\n<p>The EU is committed to taking more responsibility for its own security and increasing its capacity to\u00a0<strong>act autonomously\u00a0<\/strong>while acknowledging the transatlantic relationship and EU-NATO cooperation as key to the EU\u2019s overall security.<\/p>\n<p>EU leaders took stock of the progress made in implementing past conclusions, notably the\u00a0<strong>Versailles declaration<\/strong>, in which leaders outlined measures to bolster the EU\u2019s defence capabilities. They also welcomed the progress made in implementing the\u00a0<strong>Strategic Compass<\/strong>, which defines a coherent set of actions to help secure EU interests and protect European citizens.<\/p>\n<h4>A strong European defence sector<\/h4>\n<p>EU leaders underlined the need to strengthen the\u00a0<strong>technological and industrial base<\/strong>\u00a0of the European defence sector.<\/p>\n<p>They welcomed the agreement on the European defence industry reinforcement through the common procurement act and called for swift action on:<\/p>\n<ul>\n<li>the delivery and joint procurement of ammunition<\/li>\n<li>a proposal for a European defence investment programme<\/li>\n<\/ul>\n<p>&nbsp;<\/p>\n<table style=\"width: 99.9988%; border-collapse: collapse; border-style: double; border-color: #001f7d;\" cellpadding=\"0,5\">\n<tbody>\n<tr>\n<td style=\"width: 100%;\"><a href=\"https:\/\/www.cde.ual.es\/en\/eu-proposes-comprehensive-new-on-climate-security-nexus\/\" target=\"_blank\" rel=\"noopener\"><img decoding=\"async\" class=\"alignleft\" src=\"https:\/\/www.cde.ual.es\/wp-content\/uploads\/2023\/06\/markus-spiske-TknRspuNTJs-unsplash-1024x683.jpg\" alt=\"\" width=\"201\" height=\"134\" \/><\/a><\/p>\n<h4 class=\"entry-title\"><a href=\"https:\/\/www.cde.ual.es\/en\/eu-proposes-comprehensive-new-on-climate-security-nexus\/\" target=\"_blank\" rel=\"noopener\">EU proposes comprehensive new on Climate-Security nexus<\/a><\/h4>\n<p>&nbsp;<\/td>\n<\/tr>\n<\/tbody>\n<\/table>\n<p>&nbsp;<\/p>\n<h4>European Peace Facility<\/h4>\n<p>EU leaders welcomed the decision to further increase the financial ceiling of the European Peace Facility (EPF).<\/p>\n<div class=\"clearfix\">\n<div class=\"col-sm-12 text-center margin-y-30 downriver-color\">\n<p>This financial top-up will help to:<\/p>\n<ul>\n<li>preserve the facility\u2019s global geographical scope<\/li>\n<li>continue to provide military support for Ukraine<\/li>\n<li>maintain the EU\u2019s ability to prevent and swiftly respond to crises<\/li>\n<li>build capacity through training missions<\/li>\n<\/ul>\n<h3>EU-China relationship<\/h3>\n<p>EU leaders held a strategic discussion on China, which is simultaneously a partner, a competitor and a systemic rival of the EU. The EU and China have a shared interest in pursuing\u00a0<strong>constructive and stable relations<\/strong>, anchored in respect for the rules-based international order, balanced engagement and reciprocity.<\/p>\n<p>The EU is committed to its \u2018One China&#8217; policy and will continue to engage with China:<\/p>\n<ul>\n<li>to tackle\u00a0<strong>global challenges<\/strong>\u00a0such as climate change, pandemic preparedness and the Russian war on Ukraine<\/li>\n<li>to ensure a level playing field for the\u00a0<strong>economy and trade<\/strong><\/li>\n<\/ul>\n<p>EU leaders\u00a0<strong>expressed concern<\/strong>\u00a0about growing tensions in the Taiwan Strait and the situation in Tibet and Xinjiang, as well as concern over the treatment of human rights defenders and persons belonging to minorities.<\/p>\n<h3>External relations<\/h3>\n<p><strong>Latin America and the Caribbean<\/strong><\/p>\n<p>The upcoming EU-CELAC summit will bring together EU leaders and leaders from the regional bloc of Latin American and Caribbean states.<\/p>\n<p>The European Council stressed the importance of the EU and CELAC together addressing:<\/p>\n<ul>\n<li>the global climate and environmental crises<\/li>\n<li>rising inequalities<\/li>\n<li>threats to global security and the rules-based order<\/li>\n<\/ul>\n<\/div>\n<\/div>\n<p><strong>Southern Neighbourhood<\/strong><\/p>\n<p>EU leaders held a strategic discussion on how to strengthen EU relations with partners in the Southern Neighbourhood, which covers 10 countries: Algeria, Egypt, Israel, Jordan, Lebanon, Libya, Morocco, Palestine, Syria and Tunisia.<\/p>\n<p>In this context, they welcomed the work done on the partnership package with Tunisia and supported the resumption of political dialogue in the framework of the EU-Tunisia association agreement. They also stressed the importance of developing similar strategic partnerships with other partners in the region.<\/p>\n<h4>Kosovo*<\/h4>\n<p>Leaders condemned the recent violent incidents in the north of Kosovo* and called for an immediate de-escalation of the situation, stating that failure to do so would have negative consequences.<\/p>\n<p>They stressed the importance of resuming the EU-facilitated talks and of implementing the agreement on the path to normalisation between Kosovo and Serbia.<\/p>\n<p><sup>* This designation is without prejudice to positions on status, and is in line with UNSCR 1244\/1999 and the ICJ Opinion on the Kosovo declaration of independence<\/sup><\/p>\n<\/div>\n<p style=\"text-align: justify;\"><strong>African Union<\/strong><\/p>\n<p style=\"text-align: justify;\">The European Council supports the reinforced presence of the African Union in international forums, notably in the G20.<\/p>\n<h3 style=\"text-align: justify;\">Eastern Mediterranean<\/h3>\n<p style=\"text-align: justify;\"><strong>Cyprus<\/strong><\/p>\n<p style=\"text-align: justify;\">The European Council remains fully committed to a comprehensive settlement on\u00a0<strong>Cyprus<\/strong>\u00a0in accordance with the relevant resolutions from the UN Security Council and in line with the EU founding principles of respect for human rights, democracy and the rule of law.<\/p>\n<p style=\"text-align: justify;\">EU leaders called for the speedy resumption of negotiations and stated their readiness to play an active role in supporting the UN-led process.<\/p>\n<p style=\"text-align: justify;\"><strong>T\u00fcrkiye<\/strong><\/p>\n<p style=\"text-align: justify;\">EU leaders invited the High Representative and the European Commission to submit a report on the state of play of EU-T\u00fcrkiye relations.<\/p>\n<h3 style=\"text-align: justify;\"><strong>EU response to crises<\/strong><\/h3>\n<p style=\"text-align: justify;\">EU leaders acknowledged the challenges posed by cross-sectoral and cross-border crises, many of which are exacerbated by climate change and the evolving security landscape. In this regard, they underlined the importance of building resilience in strategic areas and strengthening EU preparedness and response mechanisms.<\/p>\n<p style=\"text-align: justify;\"><strong>Migration<\/strong><\/p>\n<p style=\"text-align: justify;\">President Charles Michel noted that the European Council expressed its profound sorrow for the terrible loss of life as a result of the recent tragedy in the Mediterranean.<\/p>\n<p style=\"text-align: justify;\">In February 2023, discussions on migration focused on external aspects, such as increased external action, effective control of external borders and financing mechanisms. Building on the progress so far:<\/p>\n<ul style=\"text-align: justify;\">\n<li>work will be stepped up\u00a0on all strands of action along all migratory routes, in line with international law<\/li>\n<li>the Council and the Commission will continue the work and report back accordingly, including on mobilisation of existing EU funds in support of temporary protection<\/li>\n<\/ul>\n<p style=\"text-align: justify;\">President Michel took further note that Poland and Hungary declared that, in the context of the ongoing work on the\u00a0<strong>pact on migration and asylum<\/strong>, there is a need to find consensus on an effective migration and asylum policy.<\/p>\n<div class=\"floated-right well\">\n<p style=\"text-align: justify;\"><strong>More information: <a href=\"https:\/\/www.consilium.europa.eu\/es\/meetings\/european-council\/2023\/06\/29-30\/\">European Council<\/a><\/strong><\/p>\n<\/div>\n","protected":false},"excerpt":{"rendered":"<p>EU leaders discussed continued\u00a0support for Ukraine, notably sustainable military and financial support, and how to boost\u00a0long-term economic strength and resilience in the EU. They also discussed\u00a0migration, the\u00a0EU-China relationship\u00a0and\u00a0external relations. The EU leaders were joined by NATO Secretary-General,\u00a0Jens Stoltenberg, for a working lunch to discuss EU-NATO cooperation and Euro-Atlantic security. The President of Ukraine,\u00a0Volodymyr Zelenskyy, addressed [&hellip;]<\/p>\n","protected":false},"author":1,"featured_media":137937,"comment_status":"open","ping_status":"open","sticky":false,"template":"","format":"standard","meta":{"_acf_changed":false,"_relevanssi_hide_post":"","_relevanssi_hide_content":"","_relevanssi_pin_for_all":"","_relevanssi_pin_keywords":"","_relevanssi_unpin_keywords":"","_relevanssi_related_keywords":"","_relevanssi_related_include_ids":"","_relevanssi_related_exclude_ids":"","_relevanssi_related_no_append":"","_relevanssi_related_not_related":"","_relevanssi_related_posts":"","_relevanssi_noindex_reason":"","_monsterinsights_skip_tracking":false,"_monsterinsights_sitenote_active":false,"_monsterinsights_sitenote_note":"","_monsterinsights_sitenote_category":0,"_genesis_hide_title":false,"_genesis_hide_breadcrumbs":false,"_genesis_hide_singular_image":false,"_genesis_hide_footer_widgets":false,"_genesis_custom_body_class":"","_genesis_custom_post_class":"","_genesis_layout":"","footnotes":""},"categories":[346,4064,4065],"tags":[6361,5109,726],"class_list":{"0":"post-137939","1":"post","2":"type-post","3":"status-publish","4":"format-standard","5":"has-post-thumbnail","7":"category-eu-news","8":"category-institutional","9":"category-international-pol-coop","10":"tag-2023-en","11":"tag-consejo-europeo-en-2","12":"tag-european-council","13":"entry"},"acf":[],"yoast_head":"<!-- This site is optimized with the Yoast SEO plugin v27.5 - https:\/\/yoast.com\/product\/yoast-seo-wordpress\/ -->\n<title>EU leaders discuss Ukraine, migration and economy at European Council on June 29-30 | CDE Almer\u00eda - Centro de Documentaci\u00f3n Europea - Universidad de Almer\u00eda<\/title>\n<meta name=\"robots\" content=\"index, follow, max-snippet:-1, max-image-preview:large, max-video-preview:-1\" \/>\n<link rel=\"canonical\" href=\"https:\/\/www.cde.ual.es\/?p=137935\" \/>\n<meta property=\"og:locale\" content=\"en_US\" \/>\n<meta property=\"og:type\" content=\"article\" \/>\n<meta property=\"og:title\" content=\"EU leaders discuss Ukraine, migration and economy at European Council on June 29-30 | CDE Almer\u00eda - Centro de Documentaci\u00f3n Europea - Universidad de Almer\u00eda\" \/>\n<meta property=\"og:description\" content=\"EU leaders discussed continued\u00a0support for Ukraine, notably sustainable military and financial support, and how to boost\u00a0long-term economic strength and resilience in the EU. They also discussed\u00a0migration, the\u00a0EU-China relationship\u00a0and\u00a0external relations. The EU leaders were joined by NATO Secretary-General,\u00a0Jens Stoltenberg, for a working lunch to discuss EU-NATO cooperation and Euro-Atlantic security. The President of Ukraine,\u00a0Volodymyr Zelenskyy, addressed [&hellip;]\" \/>\n<meta property=\"og:url\" content=\"https:\/\/www.cde.ual.es\/?p=137935\" \/>\n<meta property=\"og:site_name\" content=\"CDE Almer\u00eda - Centro de Documentaci\u00f3n Europea - Universidad de Almer\u00eda\" \/>\n<meta property=\"article:publisher\" content=\"https:\/\/www.facebook.com\/cdeuniversidadalmeria\/\" \/>\n<meta property=\"article:published_time\" content=\"2023-07-04T01:00:02+00:00\" \/>\n<meta property=\"og:image\" content=\"https:\/\/www.cde.ual.es\/wp-content\/uploads\/2023\/07\/1080c882-ff6c-4aec-88d9-1c00fbb52828-1-scaled.jpg\" \/>\n\t<meta property=\"og:image:width\" content=\"2560\" \/>\n\t<meta property=\"og:image:height\" content=\"1708\" \/>\n\t<meta property=\"og:image:type\" content=\"image\/jpeg\" \/>\n<meta name=\"author\" content=\"AdminCDE\" \/>\n<meta name=\"twitter:card\" content=\"summary_large_image\" \/>\n<meta name=\"twitter:creator\" content=\"@cdeualmeria\" \/>\n<meta name=\"twitter:site\" content=\"@cdeualmeria\" \/>\n<meta name=\"twitter:label1\" content=\"Written by\" \/>\n\t<meta name=\"twitter:data1\" content=\"AdminCDE\" \/>\n\t<meta name=\"twitter:label2\" content=\"Est. reading time\" \/>\n\t<meta name=\"twitter:data2\" content=\"9 minutes\" \/>\n<script type=\"application\/ld+json\" class=\"yoast-schema-graph\">{\"@context\":\"https:\\\/\\\/schema.org\",\"@graph\":[{\"@type\":\"Article\",\"@id\":\"https:\\\/\\\/www.cde.ual.es\\\/?p=137935#article\",\"isPartOf\":{\"@id\":\"https:\\\/\\\/www.cde.ual.es\\\/?p=137935\"},\"author\":{\"name\":\"AdminCDE\",\"@id\":\"https:\\\/\\\/www.cde.ual.es\\\/#\\\/schema\\\/person\\\/224ef08c8bcc005f319d2713ce37ee5f\"},\"headline\":\"EU leaders discuss Ukraine, migration and economy at European Council on June 29-30\",\"datePublished\":\"2023-07-04T01:00:02+00:00\",\"mainEntityOfPage\":{\"@id\":\"https:\\\/\\\/www.cde.ual.es\\\/?p=137935\"},\"wordCount\":1722,\"commentCount\":0,\"publisher\":{\"@id\":\"https:\\\/\\\/www.cde.ual.es\\\/#organization\"},\"image\":{\"@id\":\"https:\\\/\\\/www.cde.ual.es\\\/?p=137935#primaryimage\"},\"thumbnailUrl\":\"https:\\\/\\\/www.cde.ual.es\\\/wp-content\\\/uploads\\\/2023\\\/07\\\/1080c882-ff6c-4aec-88d9-1c00fbb52828-1-scaled.jpg\",\"keywords\":[\"2023\",\"Consejo Europeo\",\"European Council\"],\"articleSection\":[\"EU News\",\"Institutional Affairs\",\"International Politics and Cooperation\"],\"inLanguage\":\"en-US\",\"potentialAction\":[{\"@type\":\"CommentAction\",\"name\":\"Comment\",\"target\":[\"https:\\\/\\\/www.cde.ual.es\\\/?p=137935#respond\"]}]},{\"@type\":\"WebPage\",\"@id\":\"https:\\\/\\\/www.cde.ual.es\\\/?p=137935\",\"url\":\"https:\\\/\\\/www.cde.ual.es\\\/?p=137935\",\"name\":\"EU leaders discuss Ukraine, migration and economy at European Council on June 29-30 | CDE Almer\u00eda - Centro de Documentaci\u00f3n Europea - Universidad de Almer\u00eda\",\"isPartOf\":{\"@id\":\"https:\\\/\\\/www.cde.ual.es\\\/#website\"},\"primaryImageOfPage\":{\"@id\":\"https:\\\/\\\/www.cde.ual.es\\\/?p=137935#primaryimage\"},\"image\":{\"@id\":\"https:\\\/\\\/www.cde.ual.es\\\/?p=137935#primaryimage\"},\"thumbnailUrl\":\"https:\\\/\\\/www.cde.ual.es\\\/wp-content\\\/uploads\\\/2023\\\/07\\\/1080c882-ff6c-4aec-88d9-1c00fbb52828-1-scaled.jpg\",\"datePublished\":\"2023-07-04T01:00:02+00:00\",\"breadcrumb\":{\"@id\":\"https:\\\/\\\/www.cde.ual.es\\\/?p=137935#breadcrumb\"},\"inLanguage\":\"en-US\",\"potentialAction\":[{\"@type\":\"ReadAction\",\"target\":[\"https:\\\/\\\/www.cde.ual.es\\\/?p=137935\"]}]},{\"@type\":\"ImageObject\",\"inLanguage\":\"en-US\",\"@id\":\"https:\\\/\\\/www.cde.ual.es\\\/?p=137935#primaryimage\",\"url\":\"https:\\\/\\\/www.cde.ual.es\\\/wp-content\\\/uploads\\\/2023\\\/07\\\/1080c882-ff6c-4aec-88d9-1c00fbb52828-1-scaled.jpg\",\"contentUrl\":\"https:\\\/\\\/www.cde.ual.es\\\/wp-content\\\/uploads\\\/2023\\\/07\\\/1080c882-ff6c-4aec-88d9-1c00fbb52828-1-scaled.jpg\",\"width\":2560,\"height\":1708},{\"@type\":\"BreadcrumbList\",\"@id\":\"https:\\\/\\\/www.cde.ual.es\\\/?p=137935#breadcrumb\",\"itemListElement\":[{\"@type\":\"ListItem\",\"position\":1,\"name\":\"Inicio\",\"item\":\"https:\\\/\\\/www.cde.ual.es\\\/en\\\/\"},{\"@type\":\"ListItem\",\"position\":2,\"name\":\"Noticias UE\",\"item\":\"https:\\\/\\\/www.cde.ual.es\\\/category\\\/noticias-ue\\\/\"},{\"@type\":\"ListItem\",\"position\":3,\"name\":\"Asuntos Institucionales\",\"item\":\"https:\\\/\\\/www.cde.ual.es\\\/category\\\/noticias-ue\\\/institucionales\\\/\"},{\"@type\":\"ListItem\",\"position\":4,\"name\":\"International Politics and Cooperation\",\"item\":\"https:\\\/\\\/www.cde.ual.es\\\/en\\\/category\\\/eu-news\\\/institutional\\\/international-pol-coop\\\/\"},{\"@type\":\"ListItem\",\"position\":5,\"name\":\"EU leaders discuss Ukraine, migration and economy at European Council on June 29-30\"}]},{\"@type\":\"WebSite\",\"@id\":\"https:\\\/\\\/www.cde.ual.es\\\/#website\",\"url\":\"https:\\\/\\\/www.cde.ual.es\\\/\",\"name\":\"CDE Almer\u00eda - Centro de Documentaci\u00f3n Europea - Universidad de Almer\u00eda\",\"description\":\"Centro de Documentaci\u00f3n Europea de la Universidad de Almer\u00eda\",\"publisher\":{\"@id\":\"https:\\\/\\\/www.cde.ual.es\\\/#organization\"},\"alternateName\":\"CDE Almer\u00eda\",\"potentialAction\":[{\"@type\":\"SearchAction\",\"target\":{\"@type\":\"EntryPoint\",\"urlTemplate\":\"https:\\\/\\\/www.cde.ual.es\\\/?s={search_term_string}\"},\"query-input\":{\"@type\":\"PropertyValueSpecification\",\"valueRequired\":true,\"valueName\":\"search_term_string\"}}],\"inLanguage\":\"en-US\"},{\"@type\":\"Organization\",\"@id\":\"https:\\\/\\\/www.cde.ual.es\\\/#organization\",\"name\":\"Centro de Documentaci\u00f3n Europea de Almer\u00eda\",\"url\":\"https:\\\/\\\/www.cde.ual.es\\\/\",\"logo\":{\"@type\":\"ImageObject\",\"inLanguage\":\"en-US\",\"@id\":\"https:\\\/\\\/www.cde.ual.es\\\/#\\\/schema\\\/logo\\\/image\\\/\",\"url\":\"https:\\\/\\\/www.cde.ual.es\\\/wp-content\\\/uploads\\\/2025\\\/07\\\/cde-logo-3.png\",\"contentUrl\":\"https:\\\/\\\/www.cde.ual.es\\\/wp-content\\\/uploads\\\/2025\\\/07\\\/cde-logo-3.png\",\"width\":1400,\"height\":300,\"caption\":\"Centro de Documentaci\u00f3n Europea de Almer\u00eda\"},\"image\":{\"@id\":\"https:\\\/\\\/www.cde.ual.es\\\/#\\\/schema\\\/logo\\\/image\\\/\"},\"sameAs\":[\"https:\\\/\\\/www.facebook.com\\\/cdeuniversidadalmeria\\\/\",\"https:\\\/\\\/x.com\\\/cdeualmeria\",\"https:\\\/\\\/www.tiktok.com\\\/@cdealmeria\",\"https:\\\/\\\/www.instagram.com\\\/cdealmeria\\\/\",\"https:\\\/\\\/www.linkedin.com\\\/in\\\/cde-almera-812b26a9\\\/\"]},{\"@type\":\"Person\",\"@id\":\"https:\\\/\\\/www.cde.ual.es\\\/#\\\/schema\\\/person\\\/224ef08c8bcc005f319d2713ce37ee5f\",\"name\":\"AdminCDE\",\"image\":{\"@type\":\"ImageObject\",\"inLanguage\":\"en-US\",\"@id\":\"https:\\\/\\\/secure.gravatar.com\\\/avatar\\\/a72d038d371f995cd13706fac32274b7952a52e8fb0a84b5f80c85426f2a98a8?s=96&d=mm&r=g\",\"url\":\"https:\\\/\\\/secure.gravatar.com\\\/avatar\\\/a72d038d371f995cd13706fac32274b7952a52e8fb0a84b5f80c85426f2a98a8?s=96&d=mm&r=g\",\"contentUrl\":\"https:\\\/\\\/secure.gravatar.com\\\/avatar\\\/a72d038d371f995cd13706fac32274b7952a52e8fb0a84b5f80c85426f2a98a8?s=96&d=mm&r=g\",\"caption\":\"AdminCDE\"}}]}<\/script>\n<!-- \/ Yoast SEO plugin. -->","yoast_head_json":{"title":"EU leaders discuss Ukraine, migration and economy at European Council on June 29-30 | CDE Almer\u00eda - Centro de Documentaci\u00f3n Europea - Universidad de Almer\u00eda","robots":{"index":"index","follow":"follow","max-snippet":"max-snippet:-1","max-image-preview":"max-image-preview:large","max-video-preview":"max-video-preview:-1"},"canonical":"https:\/\/www.cde.ual.es\/?p=137935","og_locale":"en_US","og_type":"article","og_title":"EU leaders discuss Ukraine, migration and economy at European Council on June 29-30 | CDE Almer\u00eda - Centro de Documentaci\u00f3n Europea - Universidad de Almer\u00eda","og_description":"EU leaders discussed continued\u00a0support for Ukraine, notably sustainable military and financial support, and how to boost\u00a0long-term economic strength and resilience in the EU. They also discussed\u00a0migration, the\u00a0EU-China relationship\u00a0and\u00a0external relations. The EU leaders were joined by NATO Secretary-General,\u00a0Jens Stoltenberg, for a working lunch to discuss EU-NATO cooperation and Euro-Atlantic security. The President of Ukraine,\u00a0Volodymyr Zelenskyy, addressed [&hellip;]","og_url":"https:\/\/www.cde.ual.es\/?p=137935","og_site_name":"CDE Almer\u00eda - Centro de Documentaci\u00f3n Europea - Universidad de Almer\u00eda","article_publisher":"https:\/\/www.facebook.com\/cdeuniversidadalmeria\/","article_published_time":"2023-07-04T01:00:02+00:00","og_image":[{"width":2560,"height":1708,"url":"https:\/\/www.cde.ual.es\/wp-content\/uploads\/2023\/07\/1080c882-ff6c-4aec-88d9-1c00fbb52828-1-scaled.jpg","type":"image\/jpeg"}],"author":"AdminCDE","twitter_card":"summary_large_image","twitter_creator":"@cdeualmeria","twitter_site":"@cdeualmeria","twitter_misc":{"Written by":"AdminCDE","Est. reading time":"9 minutes"},"schema":{"@context":"https:\/\/schema.org","@graph":[{"@type":"Article","@id":"https:\/\/www.cde.ual.es\/?p=137935#article","isPartOf":{"@id":"https:\/\/www.cde.ual.es\/?p=137935"},"author":{"name":"AdminCDE","@id":"https:\/\/www.cde.ual.es\/#\/schema\/person\/224ef08c8bcc005f319d2713ce37ee5f"},"headline":"EU leaders discuss Ukraine, migration and economy at European Council on June 29-30","datePublished":"2023-07-04T01:00:02+00:00","mainEntityOfPage":{"@id":"https:\/\/www.cde.ual.es\/?p=137935"},"wordCount":1722,"commentCount":0,"publisher":{"@id":"https:\/\/www.cde.ual.es\/#organization"},"image":{"@id":"https:\/\/www.cde.ual.es\/?p=137935#primaryimage"},"thumbnailUrl":"https:\/\/www.cde.ual.es\/wp-content\/uploads\/2023\/07\/1080c882-ff6c-4aec-88d9-1c00fbb52828-1-scaled.jpg","keywords":["2023","Consejo Europeo","European Council"],"articleSection":["EU News","Institutional Affairs","International Politics and Cooperation"],"inLanguage":"en-US","potentialAction":[{"@type":"CommentAction","name":"Comment","target":["https:\/\/www.cde.ual.es\/?p=137935#respond"]}]},{"@type":"WebPage","@id":"https:\/\/www.cde.ual.es\/?p=137935","url":"https:\/\/www.cde.ual.es\/?p=137935","name":"EU leaders discuss Ukraine, migration and economy at European Council on June 29-30 | CDE Almer\u00eda - Centro de Documentaci\u00f3n Europea - Universidad de Almer\u00eda","isPartOf":{"@id":"https:\/\/www.cde.ual.es\/#website"},"primaryImageOfPage":{"@id":"https:\/\/www.cde.ual.es\/?p=137935#primaryimage"},"image":{"@id":"https:\/\/www.cde.ual.es\/?p=137935#primaryimage"},"thumbnailUrl":"https:\/\/www.cde.ual.es\/wp-content\/uploads\/2023\/07\/1080c882-ff6c-4aec-88d9-1c00fbb52828-1-scaled.jpg","datePublished":"2023-07-04T01:00:02+00:00","breadcrumb":{"@id":"https:\/\/www.cde.ual.es\/?p=137935#breadcrumb"},"inLanguage":"en-US","potentialAction":[{"@type":"ReadAction","target":["https:\/\/www.cde.ual.es\/?p=137935"]}]},{"@type":"ImageObject","inLanguage":"en-US","@id":"https:\/\/www.cde.ual.es\/?p=137935#primaryimage","url":"https:\/\/www.cde.ual.es\/wp-content\/uploads\/2023\/07\/1080c882-ff6c-4aec-88d9-1c00fbb52828-1-scaled.jpg","contentUrl":"https:\/\/www.cde.ual.es\/wp-content\/uploads\/2023\/07\/1080c882-ff6c-4aec-88d9-1c00fbb52828-1-scaled.jpg","width":2560,"height":1708},{"@type":"BreadcrumbList","@id":"https:\/\/www.cde.ual.es\/?p=137935#breadcrumb","itemListElement":[{"@type":"ListItem","position":1,"name":"Inicio","item":"https:\/\/www.cde.ual.es\/en\/"},{"@type":"ListItem","position":2,"name":"Noticias UE","item":"https:\/\/www.cde.ual.es\/category\/noticias-ue\/"},{"@type":"ListItem","position":3,"name":"Asuntos Institucionales","item":"https:\/\/www.cde.ual.es\/category\/noticias-ue\/institucionales\/"},{"@type":"ListItem","position":4,"name":"International Politics and Cooperation","item":"https:\/\/www.cde.ual.es\/en\/category\/eu-news\/institutional\/international-pol-coop\/"},{"@type":"ListItem","position":5,"name":"EU leaders discuss Ukraine, migration and economy at European Council on June 29-30"}]},{"@type":"WebSite","@id":"https:\/\/www.cde.ual.es\/#website","url":"https:\/\/www.cde.ual.es\/","name":"CDE Almer\u00eda - Centro de Documentaci\u00f3n Europea - Universidad de Almer\u00eda","description":"Centro de Documentaci\u00f3n Europea de la Universidad de Almer\u00eda","publisher":{"@id":"https:\/\/www.cde.ual.es\/#organization"},"alternateName":"CDE Almer\u00eda","potentialAction":[{"@type":"SearchAction","target":{"@type":"EntryPoint","urlTemplate":"https:\/\/www.cde.ual.es\/?s={search_term_string}"},"query-input":{"@type":"PropertyValueSpecification","valueRequired":true,"valueName":"search_term_string"}}],"inLanguage":"en-US"},{"@type":"Organization","@id":"https:\/\/www.cde.ual.es\/#organization","name":"Centro de Documentaci\u00f3n Europea de Almer\u00eda","url":"https:\/\/www.cde.ual.es\/","logo":{"@type":"ImageObject","inLanguage":"en-US","@id":"https:\/\/www.cde.ual.es\/#\/schema\/logo\/image\/","url":"https:\/\/www.cde.ual.es\/wp-content\/uploads\/2025\/07\/cde-logo-3.png","contentUrl":"https:\/\/www.cde.ual.es\/wp-content\/uploads\/2025\/07\/cde-logo-3.png","width":1400,"height":300,"caption":"Centro de Documentaci\u00f3n Europea de Almer\u00eda"},"image":{"@id":"https:\/\/www.cde.ual.es\/#\/schema\/logo\/image\/"},"sameAs":["https:\/\/www.facebook.com\/cdeuniversidadalmeria\/","https:\/\/x.com\/cdeualmeria","https:\/\/www.tiktok.com\/@cdealmeria","https:\/\/www.instagram.com\/cdealmeria\/","https:\/\/www.linkedin.com\/in\/cde-almera-812b26a9\/"]},{"@type":"Person","@id":"https:\/\/www.cde.ual.es\/#\/schema\/person\/224ef08c8bcc005f319d2713ce37ee5f","name":"AdminCDE","image":{"@type":"ImageObject","inLanguage":"en-US","@id":"https:\/\/secure.gravatar.com\/avatar\/a72d038d371f995cd13706fac32274b7952a52e8fb0a84b5f80c85426f2a98a8?s=96&d=mm&r=g","url":"https:\/\/secure.gravatar.com\/avatar\/a72d038d371f995cd13706fac32274b7952a52e8fb0a84b5f80c85426f2a98a8?s=96&d=mm&r=g","contentUrl":"https:\/\/secure.gravatar.com\/avatar\/a72d038d371f995cd13706fac32274b7952a52e8fb0a84b5f80c85426f2a98a8?s=96&d=mm&r=g","caption":"AdminCDE"}}]}},"_links":{"self":[{"href":"https:\/\/www.cde.ual.es\/en\/wp-json\/wp\/v2\/posts\/137939","targetHints":{"allow":["GET"]}}],"collection":[{"href":"https:\/\/www.cde.ual.es\/en\/wp-json\/wp\/v2\/posts"}],"about":[{"href":"https:\/\/www.cde.ual.es\/en\/wp-json\/wp\/v2\/types\/post"}],"author":[{"embeddable":true,"href":"https:\/\/www.cde.ual.es\/en\/wp-json\/wp\/v2\/users\/1"}],"replies":[{"embeddable":true,"href":"https:\/\/www.cde.ual.es\/en\/wp-json\/wp\/v2\/comments?post=137939"}],"version-history":[{"count":2,"href":"https:\/\/www.cde.ual.es\/en\/wp-json\/wp\/v2\/posts\/137939\/revisions"}],"predecessor-version":[{"id":138560,"href":"https:\/\/www.cde.ual.es\/en\/wp-json\/wp\/v2\/posts\/137939\/revisions\/138560"}],"wp:featuredmedia":[{"embeddable":true,"href":"https:\/\/www.cde.ual.es\/en\/wp-json\/wp\/v2\/media\/137937"}],"wp:attachment":[{"href":"https:\/\/www.cde.ual.es\/en\/wp-json\/wp\/v2\/media?parent=137939"}],"wp:term":[{"taxonomy":"category","embeddable":true,"href":"https:\/\/www.cde.ual.es\/en\/wp-json\/wp\/v2\/categories?post=137939"},{"taxonomy":"post_tag","embeddable":true,"href":"https:\/\/www.cde.ual.es\/en\/wp-json\/wp\/v2\/tags?post=137939"}],"curies":[{"name":"wp","href":"https:\/\/api.w.org\/{rel}","templated":true}]}}