{"id":137913,"date":"2023-07-03T03:00:53","date_gmt":"2023-07-03T01:00:53","guid":{"rendered":"https:\/\/www.cde.ual.es\/?p=137913"},"modified":"2023-06-30T13:31:57","modified_gmt":"2023-06-30T11:31:57","slug":"eu-and-republic-of-korea-digital-partnership","status":"publish","type":"post","link":"https:\/\/www.cde.ual.es\/en\/eu-and-republic-of-korea-digital-partnership\/","title":{"rendered":"EU and Republic of Korea Digital Partnership"},"content":{"rendered":"<p style=\"text-align: justify;\">The European Union and the Republic of Korea held the first Digital Partnership council in Seoul, Republic of Korea. The council was co-chaired by Commissioner for the Internal Market, Thierry <strong>Breton<\/strong>, and by Korean Minister for Science and ICT, Mr Lee Jong-Ho.<\/p>\n<p><a href=\"https:\/\/www.cde.ual.es\/wp-content\/uploads\/2018\/10\/ue-corea-690x450.jpg\"><img decoding=\"async\" class=\"size-full wp-image-22400 aligncenter\" src=\"https:\/\/www.cde.ual.es\/wp-content\/uploads\/2018\/10\/ue-corea-690x450.jpg\" alt=\"\" width=\"690\" height=\"450\" srcset=\"https:\/\/www.cde.ual.es\/wp-content\/uploads\/2018\/10\/ue-corea-690x450.jpg 690w, https:\/\/www.cde.ual.es\/wp-content\/uploads\/2018\/10\/ue-corea-690x450-300x196.jpg 300w\" sizes=\"(max-width: 690px) 100vw, 690px\" \/><\/a><\/p>\n<p style=\"text-align: justify;\"><strong>On the occasion of the ministerial meeting, the EU and the Republic of Korea agreed on<\/strong>\u00a0<strong>key outcomes to advance cooperation for an inclusive and resilient digital transformation<\/strong>. Both partners agreed to work on semiconductors, High Performance Computing (HPC) and Quantum technology, 5G and beyond, platform economy, artificial intelligence (AI) and cybersecurity.<\/p>\n<p style=\"text-align: justify;\"><strong>Key outcomes of the first Digital Partnership council<\/strong><\/p>\n<p style=\"text-align: justify;\">The EU and the Republic of Korea committed to cooperate on emerging technologies that were recently put forward in the\u00a0<a href=\"https:\/\/ec.europa.eu\/commission\/presscorner\/detail\/en\/ip_23_3358\">EU economic security strategy<\/a>.<\/p>\n<p style=\"text-align: justify;\">The EU and the Republic of Korea have leading capabilities in the area of semiconductors. They decided to establish a\u00a0<strong>ROK-EU Forum for Semiconductor Researchers<\/strong>\u00a0that intends to promote research in complementary areas. In the area of\u00a0<strong>High Performance Computing<\/strong>\u00a0(HPC), both partners agreed to join forces to develop applications for use in cases of common interest such as extreme weather events or material science.\u00a0<strong>To achieve these objectives, the EU and the Republic of Korea will seek to facilitate researchers&#8217; access to respective HPC infrastructures<\/strong>. A\u00a0<strong>Quantum expert group\u00a0<\/strong>will also be established to work on standards and research.<\/p>\n<p style=\"text-align: justify;\">Both partners will define\u00a0<strong>a common vision for 6G<\/strong>, building on their leadership in 5G technologies. They will also\u00a0<strong>increase cooperation around Artificial Intelligence<\/strong>\u00a0and establish a permanent dialogue to allow a regular update from each side on initiatives for a trustworthy AI, including on large models of generative AI and support common approaches in international standards bodies related to AI.<\/p>\n<p>&nbsp;<\/p>\n<table style=\"width: 99.9988%; border-collapse: collapse; border-style: double; border-color: #001f7d;\" cellpadding=\"0,5\">\n<tbody>\n<tr>\n<td style=\"width: 100%;\"><a href=\"https:\/\/www.cde.ual.es\/en\/eu-and-republic-of-korea-launch-green-partnership\/\" target=\"_blank\" rel=\"noopener\"><img decoding=\"async\" class=\"alignleft\" src=\"https:\/\/www.cde.ual.es\/wp-content\/uploads\/2021\/12\/guillaume-perigois-0NRkVddA2fw-unsplash-1024x683.jpg\" alt=\"\" width=\"201\" height=\"134\" \/><\/a><\/p>\n<h4 class=\"entry-title\"><a href=\"https:\/\/www.cde.ual.es\/en\/eu-and-republic-of-korea-launch-green-partnership\/\" target=\"_blank\" rel=\"noopener\">EU and Republic of Korea launch Green Partnership<\/a><\/h4>\n<\/td>\n<\/tr>\n<\/tbody>\n<\/table>\n<h4 style=\"text-align: justify;\"><\/h4>\n<p style=\"text-align: justify;\">Besides, as strategic like-minded partners, EU and Korea took steps to\u00a0<strong>bolster their cooperation for an inclusive and resilient digital transformation<\/strong>. Both partners share the same vision for a fair and secure online environment that harmoniously balances innovation, safety, and fairness.\u00a0<strong>They agreed to enhance cooperation on cybersecurity, notably through information exchange and industrial collaboration, and will continue implementing the principles of the\u00a0<\/strong><a href=\"https:\/\/ec.europa.eu\/commission\/presscorner\/detail\/en\/IP_22_2695\"><strong>Declaration for the Future of Internet<\/strong><\/a><strong>.<\/strong><\/p>\n<p style=\"text-align: justify;\"><strong>Next Steps<\/strong><\/p>\n<p style=\"text-align: justify;\">Concerning future work, both sides agreed to exchange information on the semiconductor supply chain and to expand their cooperation in the future on secure digital connectivity infrastructure links including submarine cables; digital skills and capacity-building; and exchange of best practices on digital start-ups.<\/p>\n<p style=\"text-align: justify;\">The next Digital Partnership Council is planned for early 2024, in Brussels, to review progress and make further steps to deepen the EU-Republic of Korea digital partnership.<\/p>\n<p style=\"text-align: justify;\"><strong>More information: <a href=\"https:\/\/ec.europa.eu\/commission\/presscorner\/detail\/en\/IP_23_3607\">European Commission<\/a><\/strong><\/p>\n","protected":false},"excerpt":{"rendered":"<p>The European Union and the Republic of Korea held the first Digital Partnership council in Seoul, Republic of Korea. The council was co-chaired by Commissioner for the Internal Market, Thierry Breton, and by Korean Minister for Science and ICT, Mr Lee Jong-Ho. On the occasion of the ministerial meeting, the EU and the Republic of [&hellip;]<\/p>\n","protected":false},"author":1,"featured_media":22400,"comment_status":"open","ping_status":"open","sticky":false,"template":"","format":"standard","meta":{"_acf_changed":false,"_relevanssi_hide_post":"","_relevanssi_hide_content":"","_relevanssi_pin_for_all":"","_relevanssi_pin_keywords":"","_relevanssi_unpin_keywords":"","_relevanssi_related_keywords":"","_relevanssi_related_include_ids":"","_relevanssi_related_exclude_ids":"","_relevanssi_related_no_append":"","_relevanssi_related_not_related":"","_relevanssi_related_posts":"","_relevanssi_noindex_reason":"","_monsterinsights_skip_tracking":false,"_monsterinsights_sitenote_active":false,"_monsterinsights_sitenote_note":"","_monsterinsights_sitenote_category":0,"_genesis_hide_title":false,"_genesis_hide_breadcrumbs":false,"_genesis_hide_singular_image":false,"_genesis_hide_footer_widgets":false,"_genesis_custom_body_class":"","_genesis_custom_post_class":"","_genesis_layout":"","footnotes":""},"categories":[346,4064,4065,4082,4084],"tags":[965,407,623,6244,548,3512,9833,9835,9834,8367],"class_list":{"0":"post-137913","1":"post","2":"type-post","3":"status-publish","4":"format-standard","5":"has-post-thumbnail","7":"category-eu-news","8":"category-institutional","9":"category-international-pol-coop","10":"category-research-innovation","11":"category-technology","12":"tag-ai","13":"tag-artificial-intelligence","14":"tag-cooperation","15":"tag-corea-en","16":"tag-cybersecurity","17":"tag-digital","18":"tag-high-performance-computing-hpc","19":"tag-platform-economy","20":"tag-quantum-technology","21":"tag-semiconductors","22":"entry"},"acf":[],"yoast_head":"<!-- This site is optimized with the Yoast SEO plugin v27.5 - https:\/\/yoast.com\/product\/yoast-seo-wordpress\/ -->\n<title>EU and Republic of Korea Digital Partnership | CDE Almer\u00eda - Centro de Documentaci\u00f3n Europea - Universidad de Almer\u00eda<\/title>\n<meta name=\"robots\" content=\"index, follow, max-snippet:-1, max-image-preview:large, max-video-preview:-1\" \/>\n<link rel=\"canonical\" href=\"https:\/\/www.cde.ual.es\/asociacion-digital-ue-republica-de-corea\/\" \/>\n<meta property=\"og:locale\" content=\"en_US\" \/>\n<meta property=\"og:type\" content=\"article\" \/>\n<meta property=\"og:title\" content=\"EU and Republic of Korea Digital Partnership | CDE Almer\u00eda - Centro de Documentaci\u00f3n Europea - Universidad de Almer\u00eda\" \/>\n<meta property=\"og:description\" content=\"The European Union and the Republic of Korea held the first Digital Partnership council in Seoul, Republic of Korea. The council was co-chaired by Commissioner for the Internal Market, Thierry Breton, and by Korean Minister for Science and ICT, Mr Lee Jong-Ho. On the occasion of the ministerial meeting, the EU and the Republic of [&hellip;]\" \/>\n<meta property=\"og:url\" content=\"https:\/\/www.cde.ual.es\/asociacion-digital-ue-republica-de-corea\/\" \/>\n<meta property=\"og:site_name\" content=\"CDE Almer\u00eda - Centro de Documentaci\u00f3n Europea - Universidad de Almer\u00eda\" \/>\n<meta property=\"article:publisher\" content=\"https:\/\/www.facebook.com\/cdeuniversidadalmeria\/\" \/>\n<meta property=\"article:published_time\" content=\"2023-07-03T01:00:53+00:00\" \/>\n<meta property=\"og:image\" content=\"https:\/\/www.cde.ual.es\/wp-content\/uploads\/2018\/10\/ue-corea-690x450.jpg\" \/>\n\t<meta property=\"og:image:width\" content=\"690\" \/>\n\t<meta property=\"og:image:height\" content=\"450\" \/>\n\t<meta property=\"og:image:type\" content=\"image\/jpeg\" \/>\n<meta name=\"author\" content=\"AdminCDE\" \/>\n<meta name=\"twitter:card\" content=\"summary_large_image\" \/>\n<meta name=\"twitter:creator\" content=\"@cdeualmeria\" \/>\n<meta name=\"twitter:site\" content=\"@cdeualmeria\" \/>\n<meta name=\"twitter:label1\" content=\"Written by\" \/>\n\t<meta name=\"twitter:data1\" content=\"AdminCDE\" \/>\n\t<meta name=\"twitter:label2\" content=\"Est. reading time\" \/>\n\t<meta name=\"twitter:data2\" content=\"3 minutes\" \/>\n<script type=\"application\/ld+json\" class=\"yoast-schema-graph\">{\"@context\":\"https:\\\/\\\/schema.org\",\"@graph\":[{\"@type\":\"Article\",\"@id\":\"https:\\\/\\\/www.cde.ual.es\\\/asociacion-digital-ue-republica-de-corea\\\/#article\",\"isPartOf\":{\"@id\":\"https:\\\/\\\/www.cde.ual.es\\\/asociacion-digital-ue-republica-de-corea\\\/\"},\"author\":{\"name\":\"AdminCDE\",\"@id\":\"https:\\\/\\\/www.cde.ual.es\\\/#\\\/schema\\\/person\\\/224ef08c8bcc005f319d2713ce37ee5f\"},\"headline\":\"EU and Republic of Korea Digital Partnership\",\"datePublished\":\"2023-07-03T01:00:53+00:00\",\"mainEntityOfPage\":{\"@id\":\"https:\\\/\\\/www.cde.ual.es\\\/asociacion-digital-ue-republica-de-corea\\\/\"},\"wordCount\":447,\"commentCount\":0,\"publisher\":{\"@id\":\"https:\\\/\\\/www.cde.ual.es\\\/#organization\"},\"image\":{\"@id\":\"https:\\\/\\\/www.cde.ual.es\\\/asociacion-digital-ue-republica-de-corea\\\/#primaryimage\"},\"thumbnailUrl\":\"https:\\\/\\\/www.cde.ual.es\\\/wp-content\\\/uploads\\\/2018\\\/10\\\/ue-corea-690x450.jpg\",\"keywords\":[\"AI\",\"artificial intelligence\",\"Cooperation\",\"Corea\",\"cybersecurity\",\"Digital\",\"High Performance Computing (HPC)\",\"platform economy\",\"Quantum technology\",\"Semiconductors\"],\"articleSection\":[\"EU News\",\"Institutional Affairs\",\"International Politics and Cooperation\",\"Research and Innovation\",\"Technology\"],\"inLanguage\":\"en-US\",\"potentialAction\":[{\"@type\":\"CommentAction\",\"name\":\"Comment\",\"target\":[\"https:\\\/\\\/www.cde.ual.es\\\/asociacion-digital-ue-republica-de-corea\\\/#respond\"]}]},{\"@type\":\"WebPage\",\"@id\":\"https:\\\/\\\/www.cde.ual.es\\\/asociacion-digital-ue-republica-de-corea\\\/\",\"url\":\"https:\\\/\\\/www.cde.ual.es\\\/asociacion-digital-ue-republica-de-corea\\\/\",\"name\":\"EU and Republic of Korea Digital Partnership | CDE Almer\u00eda - Centro de Documentaci\u00f3n Europea - Universidad de Almer\u00eda\",\"isPartOf\":{\"@id\":\"https:\\\/\\\/www.cde.ual.es\\\/#website\"},\"primaryImageOfPage\":{\"@id\":\"https:\\\/\\\/www.cde.ual.es\\\/asociacion-digital-ue-republica-de-corea\\\/#primaryimage\"},\"image\":{\"@id\":\"https:\\\/\\\/www.cde.ual.es\\\/asociacion-digital-ue-republica-de-corea\\\/#primaryimage\"},\"thumbnailUrl\":\"https:\\\/\\\/www.cde.ual.es\\\/wp-content\\\/uploads\\\/2018\\\/10\\\/ue-corea-690x450.jpg\",\"datePublished\":\"2023-07-03T01:00:53+00:00\",\"breadcrumb\":{\"@id\":\"https:\\\/\\\/www.cde.ual.es\\\/asociacion-digital-ue-republica-de-corea\\\/#breadcrumb\"},\"inLanguage\":\"en-US\",\"potentialAction\":[{\"@type\":\"ReadAction\",\"target\":[\"https:\\\/\\\/www.cde.ual.es\\\/asociacion-digital-ue-republica-de-corea\\\/\"]}]},{\"@type\":\"ImageObject\",\"inLanguage\":\"en-US\",\"@id\":\"https:\\\/\\\/www.cde.ual.es\\\/asociacion-digital-ue-republica-de-corea\\\/#primaryimage\",\"url\":\"https:\\\/\\\/www.cde.ual.es\\\/wp-content\\\/uploads\\\/2018\\\/10\\\/ue-corea-690x450.jpg\",\"contentUrl\":\"https:\\\/\\\/www.cde.ual.es\\\/wp-content\\\/uploads\\\/2018\\\/10\\\/ue-corea-690x450.jpg\",\"width\":690,\"height\":450},{\"@type\":\"BreadcrumbList\",\"@id\":\"https:\\\/\\\/www.cde.ual.es\\\/asociacion-digital-ue-republica-de-corea\\\/#breadcrumb\",\"itemListElement\":[{\"@type\":\"ListItem\",\"position\":1,\"name\":\"Inicio\",\"item\":\"https:\\\/\\\/www.cde.ual.es\\\/en\\\/\"},{\"@type\":\"ListItem\",\"position\":2,\"name\":\"Noticias UE\",\"item\":\"https:\\\/\\\/www.cde.ual.es\\\/category\\\/noticias-ue\\\/\"},{\"@type\":\"ListItem\",\"position\":3,\"name\":\"Asuntos Institucionales\",\"item\":\"https:\\\/\\\/www.cde.ual.es\\\/category\\\/noticias-ue\\\/institucionales\\\/\"},{\"@type\":\"ListItem\",\"position\":4,\"name\":\"International Politics and Cooperation\",\"item\":\"https:\\\/\\\/www.cde.ual.es\\\/en\\\/category\\\/eu-news\\\/institutional\\\/international-pol-coop\\\/\"},{\"@type\":\"ListItem\",\"position\":5,\"name\":\"EU and Republic of Korea Digital Partnership\"}]},{\"@type\":\"WebSite\",\"@id\":\"https:\\\/\\\/www.cde.ual.es\\\/#website\",\"url\":\"https:\\\/\\\/www.cde.ual.es\\\/\",\"name\":\"CDE Almer\u00eda - Centro de Documentaci\u00f3n Europea - Universidad de Almer\u00eda\",\"description\":\"Centro de Documentaci\u00f3n Europea de la Universidad de Almer\u00eda\",\"publisher\":{\"@id\":\"https:\\\/\\\/www.cde.ual.es\\\/#organization\"},\"alternateName\":\"CDE Almer\u00eda\",\"potentialAction\":[{\"@type\":\"SearchAction\",\"target\":{\"@type\":\"EntryPoint\",\"urlTemplate\":\"https:\\\/\\\/www.cde.ual.es\\\/?s={search_term_string}\"},\"query-input\":{\"@type\":\"PropertyValueSpecification\",\"valueRequired\":true,\"valueName\":\"search_term_string\"}}],\"inLanguage\":\"en-US\"},{\"@type\":\"Organization\",\"@id\":\"https:\\\/\\\/www.cde.ual.es\\\/#organization\",\"name\":\"Centro de Documentaci\u00f3n Europea de Almer\u00eda\",\"url\":\"https:\\\/\\\/www.cde.ual.es\\\/\",\"logo\":{\"@type\":\"ImageObject\",\"inLanguage\":\"en-US\",\"@id\":\"https:\\\/\\\/www.cde.ual.es\\\/#\\\/schema\\\/logo\\\/image\\\/\",\"url\":\"https:\\\/\\\/www.cde.ual.es\\\/wp-content\\\/uploads\\\/2025\\\/07\\\/cde-logo-3.png\",\"contentUrl\":\"https:\\\/\\\/www.cde.ual.es\\\/wp-content\\\/uploads\\\/2025\\\/07\\\/cde-logo-3.png\",\"width\":1400,\"height\":300,\"caption\":\"Centro de Documentaci\u00f3n Europea de Almer\u00eda\"},\"image\":{\"@id\":\"https:\\\/\\\/www.cde.ual.es\\\/#\\\/schema\\\/logo\\\/image\\\/\"},\"sameAs\":[\"https:\\\/\\\/www.facebook.com\\\/cdeuniversidadalmeria\\\/\",\"https:\\\/\\\/x.com\\\/cdeualmeria\",\"https:\\\/\\\/www.tiktok.com\\\/@cdealmeria\",\"https:\\\/\\\/www.instagram.com\\\/cdealmeria\\\/\",\"https:\\\/\\\/www.linkedin.com\\\/in\\\/cde-almera-812b26a9\\\/\"]},{\"@type\":\"Person\",\"@id\":\"https:\\\/\\\/www.cde.ual.es\\\/#\\\/schema\\\/person\\\/224ef08c8bcc005f319d2713ce37ee5f\",\"name\":\"AdminCDE\",\"image\":{\"@type\":\"ImageObject\",\"inLanguage\":\"en-US\",\"@id\":\"https:\\\/\\\/secure.gravatar.com\\\/avatar\\\/a72d038d371f995cd13706fac32274b7952a52e8fb0a84b5f80c85426f2a98a8?s=96&d=mm&r=g\",\"url\":\"https:\\\/\\\/secure.gravatar.com\\\/avatar\\\/a72d038d371f995cd13706fac32274b7952a52e8fb0a84b5f80c85426f2a98a8?s=96&d=mm&r=g\",\"contentUrl\":\"https:\\\/\\\/secure.gravatar.com\\\/avatar\\\/a72d038d371f995cd13706fac32274b7952a52e8fb0a84b5f80c85426f2a98a8?s=96&d=mm&r=g\",\"caption\":\"AdminCDE\"}}]}<\/script>\n<!-- \/ Yoast SEO plugin. -->","yoast_head_json":{"title":"EU and Republic of Korea Digital Partnership | CDE Almer\u00eda - Centro de Documentaci\u00f3n Europea - Universidad de Almer\u00eda","robots":{"index":"index","follow":"follow","max-snippet":"max-snippet:-1","max-image-preview":"max-image-preview:large","max-video-preview":"max-video-preview:-1"},"canonical":"https:\/\/www.cde.ual.es\/asociacion-digital-ue-republica-de-corea\/","og_locale":"en_US","og_type":"article","og_title":"EU and Republic of Korea Digital Partnership | CDE Almer\u00eda - Centro de Documentaci\u00f3n Europea - Universidad de Almer\u00eda","og_description":"The European Union and the Republic of Korea held the first Digital Partnership council in Seoul, Republic of Korea. The council was co-chaired by Commissioner for the Internal Market, Thierry Breton, and by Korean Minister for Science and ICT, Mr Lee Jong-Ho. On the occasion of the ministerial meeting, the EU and the Republic of [&hellip;]","og_url":"https:\/\/www.cde.ual.es\/asociacion-digital-ue-republica-de-corea\/","og_site_name":"CDE Almer\u00eda - Centro de Documentaci\u00f3n Europea - Universidad de Almer\u00eda","article_publisher":"https:\/\/www.facebook.com\/cdeuniversidadalmeria\/","article_published_time":"2023-07-03T01:00:53+00:00","og_image":[{"width":690,"height":450,"url":"https:\/\/www.cde.ual.es\/wp-content\/uploads\/2018\/10\/ue-corea-690x450.jpg","type":"image\/jpeg"}],"author":"AdminCDE","twitter_card":"summary_large_image","twitter_creator":"@cdeualmeria","twitter_site":"@cdeualmeria","twitter_misc":{"Written by":"AdminCDE","Est. reading time":"3 minutes"},"schema":{"@context":"https:\/\/schema.org","@graph":[{"@type":"Article","@id":"https:\/\/www.cde.ual.es\/asociacion-digital-ue-republica-de-corea\/#article","isPartOf":{"@id":"https:\/\/www.cde.ual.es\/asociacion-digital-ue-republica-de-corea\/"},"author":{"name":"AdminCDE","@id":"https:\/\/www.cde.ual.es\/#\/schema\/person\/224ef08c8bcc005f319d2713ce37ee5f"},"headline":"EU and Republic of Korea Digital Partnership","datePublished":"2023-07-03T01:00:53+00:00","mainEntityOfPage":{"@id":"https:\/\/www.cde.ual.es\/asociacion-digital-ue-republica-de-corea\/"},"wordCount":447,"commentCount":0,"publisher":{"@id":"https:\/\/www.cde.ual.es\/#organization"},"image":{"@id":"https:\/\/www.cde.ual.es\/asociacion-digital-ue-republica-de-corea\/#primaryimage"},"thumbnailUrl":"https:\/\/www.cde.ual.es\/wp-content\/uploads\/2018\/10\/ue-corea-690x450.jpg","keywords":["AI","artificial intelligence","Cooperation","Corea","cybersecurity","Digital","High Performance Computing (HPC)","platform economy","Quantum technology","Semiconductors"],"articleSection":["EU News","Institutional Affairs","International Politics and Cooperation","Research and Innovation","Technology"],"inLanguage":"en-US","potentialAction":[{"@type":"CommentAction","name":"Comment","target":["https:\/\/www.cde.ual.es\/asociacion-digital-ue-republica-de-corea\/#respond"]}]},{"@type":"WebPage","@id":"https:\/\/www.cde.ual.es\/asociacion-digital-ue-republica-de-corea\/","url":"https:\/\/www.cde.ual.es\/asociacion-digital-ue-republica-de-corea\/","name":"EU and Republic of Korea Digital Partnership | CDE Almer\u00eda - Centro de Documentaci\u00f3n Europea - Universidad de Almer\u00eda","isPartOf":{"@id":"https:\/\/www.cde.ual.es\/#website"},"primaryImageOfPage":{"@id":"https:\/\/www.cde.ual.es\/asociacion-digital-ue-republica-de-corea\/#primaryimage"},"image":{"@id":"https:\/\/www.cde.ual.es\/asociacion-digital-ue-republica-de-corea\/#primaryimage"},"thumbnailUrl":"https:\/\/www.cde.ual.es\/wp-content\/uploads\/2018\/10\/ue-corea-690x450.jpg","datePublished":"2023-07-03T01:00:53+00:00","breadcrumb":{"@id":"https:\/\/www.cde.ual.es\/asociacion-digital-ue-republica-de-corea\/#breadcrumb"},"inLanguage":"en-US","potentialAction":[{"@type":"ReadAction","target":["https:\/\/www.cde.ual.es\/asociacion-digital-ue-republica-de-corea\/"]}]},{"@type":"ImageObject","inLanguage":"en-US","@id":"https:\/\/www.cde.ual.es\/asociacion-digital-ue-republica-de-corea\/#primaryimage","url":"https:\/\/www.cde.ual.es\/wp-content\/uploads\/2018\/10\/ue-corea-690x450.jpg","contentUrl":"https:\/\/www.cde.ual.es\/wp-content\/uploads\/2018\/10\/ue-corea-690x450.jpg","width":690,"height":450},{"@type":"BreadcrumbList","@id":"https:\/\/www.cde.ual.es\/asociacion-digital-ue-republica-de-corea\/#breadcrumb","itemListElement":[{"@type":"ListItem","position":1,"name":"Inicio","item":"https:\/\/www.cde.ual.es\/en\/"},{"@type":"ListItem","position":2,"name":"Noticias UE","item":"https:\/\/www.cde.ual.es\/category\/noticias-ue\/"},{"@type":"ListItem","position":3,"name":"Asuntos Institucionales","item":"https:\/\/www.cde.ual.es\/category\/noticias-ue\/institucionales\/"},{"@type":"ListItem","position":4,"name":"International Politics and Cooperation","item":"https:\/\/www.cde.ual.es\/en\/category\/eu-news\/institutional\/international-pol-coop\/"},{"@type":"ListItem","position":5,"name":"EU and Republic of Korea Digital Partnership"}]},{"@type":"WebSite","@id":"https:\/\/www.cde.ual.es\/#website","url":"https:\/\/www.cde.ual.es\/","name":"CDE Almer\u00eda - Centro de Documentaci\u00f3n Europea - Universidad de Almer\u00eda","description":"Centro de Documentaci\u00f3n Europea de la Universidad de Almer\u00eda","publisher":{"@id":"https:\/\/www.cde.ual.es\/#organization"},"alternateName":"CDE Almer\u00eda","potentialAction":[{"@type":"SearchAction","target":{"@type":"EntryPoint","urlTemplate":"https:\/\/www.cde.ual.es\/?s={search_term_string}"},"query-input":{"@type":"PropertyValueSpecification","valueRequired":true,"valueName":"search_term_string"}}],"inLanguage":"en-US"},{"@type":"Organization","@id":"https:\/\/www.cde.ual.es\/#organization","name":"Centro de Documentaci\u00f3n Europea de Almer\u00eda","url":"https:\/\/www.cde.ual.es\/","logo":{"@type":"ImageObject","inLanguage":"en-US","@id":"https:\/\/www.cde.ual.es\/#\/schema\/logo\/image\/","url":"https:\/\/www.cde.ual.es\/wp-content\/uploads\/2025\/07\/cde-logo-3.png","contentUrl":"https:\/\/www.cde.ual.es\/wp-content\/uploads\/2025\/07\/cde-logo-3.png","width":1400,"height":300,"caption":"Centro de Documentaci\u00f3n Europea de Almer\u00eda"},"image":{"@id":"https:\/\/www.cde.ual.es\/#\/schema\/logo\/image\/"},"sameAs":["https:\/\/www.facebook.com\/cdeuniversidadalmeria\/","https:\/\/x.com\/cdeualmeria","https:\/\/www.tiktok.com\/@cdealmeria","https:\/\/www.instagram.com\/cdealmeria\/","https:\/\/www.linkedin.com\/in\/cde-almera-812b26a9\/"]},{"@type":"Person","@id":"https:\/\/www.cde.ual.es\/#\/schema\/person\/224ef08c8bcc005f319d2713ce37ee5f","name":"AdminCDE","image":{"@type":"ImageObject","inLanguage":"en-US","@id":"https:\/\/secure.gravatar.com\/avatar\/a72d038d371f995cd13706fac32274b7952a52e8fb0a84b5f80c85426f2a98a8?s=96&d=mm&r=g","url":"https:\/\/secure.gravatar.com\/avatar\/a72d038d371f995cd13706fac32274b7952a52e8fb0a84b5f80c85426f2a98a8?s=96&d=mm&r=g","contentUrl":"https:\/\/secure.gravatar.com\/avatar\/a72d038d371f995cd13706fac32274b7952a52e8fb0a84b5f80c85426f2a98a8?s=96&d=mm&r=g","caption":"AdminCDE"}}]}},"_links":{"self":[{"href":"https:\/\/www.cde.ual.es\/en\/wp-json\/wp\/v2\/posts\/137913","targetHints":{"allow":["GET"]}}],"collection":[{"href":"https:\/\/www.cde.ual.es\/en\/wp-json\/wp\/v2\/posts"}],"about":[{"href":"https:\/\/www.cde.ual.es\/en\/wp-json\/wp\/v2\/types\/post"}],"author":[{"embeddable":true,"href":"https:\/\/www.cde.ual.es\/en\/wp-json\/wp\/v2\/users\/1"}],"replies":[{"embeddable":true,"href":"https:\/\/www.cde.ual.es\/en\/wp-json\/wp\/v2\/comments?post=137913"}],"version-history":[{"count":1,"href":"https:\/\/www.cde.ual.es\/en\/wp-json\/wp\/v2\/posts\/137913\/revisions"}],"predecessor-version":[{"id":137914,"href":"https:\/\/www.cde.ual.es\/en\/wp-json\/wp\/v2\/posts\/137913\/revisions\/137914"}],"wp:featuredmedia":[{"embeddable":true,"href":"https:\/\/www.cde.ual.es\/en\/wp-json\/wp\/v2\/media\/22400"}],"wp:attachment":[{"href":"https:\/\/www.cde.ual.es\/en\/wp-json\/wp\/v2\/media?parent=137913"}],"wp:term":[{"taxonomy":"category","embeddable":true,"href":"https:\/\/www.cde.ual.es\/en\/wp-json\/wp\/v2\/categories?post=137913"},{"taxonomy":"post_tag","embeddable":true,"href":"https:\/\/www.cde.ual.es\/en\/wp-json\/wp\/v2\/tags?post=137913"}],"curies":[{"name":"wp","href":"https:\/\/api.w.org\/{rel}","templated":true}]}}