{"id":1377,"date":"2017-02-23T09:41:16","date_gmt":"2017-02-23T08:41:16","guid":{"rendered":"http:\/\/www.cde.ual.es\/?p=1377"},"modified":"2017-05-15T11:41:58","modified_gmt":"2017-05-15T09:41:58","slug":"seminario-para-la-presentacion-del-proyecto-erasmus-reculm","status":"publish","type":"post","link":"https:\/\/www.cde.ual.es\/en\/seminario-para-la-presentacion-del-proyecto-erasmus-reculm\/","title":{"rendered":"Seminario para la presentaci\u00f3n del \u201cProyecto Erasmus+ ReCULM&#8221;"},"content":{"rendered":"<h3><img decoding=\"async\" class=\"aligncenter wp-image-1382\" src=\"http:\/\/www.cde.ual.es\/wp-content\/uploads\/2017\/02\/1.png\" alt=\"\" width=\"631\" height=\"214\" srcset=\"https:\/\/www.cde.ual.es\/wp-content\/uploads\/2017\/02\/1.png 590w, https:\/\/www.cde.ual.es\/wp-content\/uploads\/2017\/02\/1-768x260.png 768w\" sizes=\"(max-width: 631px) 100vw, 631px\" \/><\/h3>\n<h3 style=\"text-align: justify;\">&#8220;Curso de formaci\u00f3n a mediadores culturales para afrontar las destrezas necesarias ante la crisis de refugiados\u201d<\/h3>\n<p style=\"text-align: justify;\">El Proyecto Erasmus+ ReCULM busca impulsar el reconocimiento oficial de la mediaci\u00f3n cultural como profesi\u00f3n.\u00a0Fortalecer\u00e1 a futuros mediadores culturales con un conjunto de conocimientos y competencias necesarias para mantenerse al d\u00eda sobre las demandas de la realidad actual en Europa respecto de las necesidades de los solicitantes de asilo.<\/p>\n<p style=\"text-align: justify;\">La Universidad de Almer\u00eda, a trav\u00e9s del CEMyRI, participa en este proyecto junto con el\u00a0EKKE (centro coordinador), la Universidad de Reggio-Emilia (Italia) y la Universidad de Glasgow (Reino Unido).<\/p>\n<p style=\"text-align: justify;\">El proyecto busca desarrollar un curso online abierto para formar mediadores y voluntarios que trabajan o van a trabajar con refugiados.<\/p>\n<p style=\"text-align: justify;\">Por lo tanto los objetivos de este seminario son:<\/p>\n<ul>\n<li style=\"text-align: justify;\">Presentaci\u00f3n del Proyecto Erasmus+ ReCULM y de sus objetivos.<\/li>\n<li>Discusi\u00f3n de la problem\u00e1tica en la atenci\u00f3n a los refugiados.<\/li>\n<li>Conocer el Servicio Voluntario Europeo del programa Erasmus+ y las oportunidades del nuevo Cuerpo Europeo de Solidaridad.<\/li>\n<\/ul>\n<p><strong>D\u00eda de celebraci\u00f3n:<\/strong> 6 de marzo de 2017.<\/p>\n<p><strong>Duraci\u00f3n:<\/strong> 2 horas y cuarto.<\/p>\n<p><strong>Horario:<\/strong> De 11:00 a 13:15hs.<\/p>\n<p><strong>Lugar:<\/strong> Aula Magna del edificio Departamental de Humanidades y CC. EE. II (Edificio C) en la Universidad de Almer\u00eda.<\/p>\n<p><strong>Destinatarios:<\/strong> Comunidad universitaria, ciudadan\u00eda en general.<\/p>\n<p style=\"text-align: justify;\"><strong>Inscripciones:<\/strong>\u00a0Inscr\u00edbete\u00a0<a href=\"https:\/\/docs.google.com\/a\/ual.es\/forms\/d\/e\/1FAIpQLSe7kysV7WH8d4ffhbz11rz7GIpBSNRMv1NPDwbPPrqyjAFErA\/viewform?c=0&amp;w=1\" target=\"_blank\" rel=\"noopener noreferrer\">aqu\u00ed<\/a> hasta el 3 de marzo de 2017. El n\u00famero de plazas est\u00e1 limitado a 120. Las personas interesadas en participar deber\u00e1n completar el formulario.<\/p>\n<p><a href=\"http:\/\/www.cde.ual.es\/wp-content\/uploads\/2017\/02\/Aqu\u00ed.pdf\" target=\"_blank\" rel=\"noopener noreferrer\">Aqu\u00ed<\/a> encontrar\u00e1s el programa del seminario.<\/p>\n","protected":false},"excerpt":{"rendered":"<p>&#8220;Curso de formaci\u00f3n a mediadores culturales para afrontar las destrezas necesarias ante la crisis de refugiados\u201d El Proyecto Erasmus+ ReCULM busca impulsar el reconocimiento oficial de la mediaci\u00f3n cultural como profesi\u00f3n.\u00a0Fortalecer\u00e1 a futuros mediadores culturales con un conjunto de conocimientos y competencias necesarias para mantenerse al d\u00eda sobre las demandas de la realidad actual en [&hellip;]<\/p>\n","protected":false},"author":1,"featured_media":0,"comment_status":"open","ping_status":"open","sticky":false,"template":"","format":"standard","meta":{"_acf_changed":false,"_relevanssi_hide_post":"","_relevanssi_hide_content":"","_relevanssi_pin_for_all":"","_relevanssi_pin_keywords":"","_relevanssi_unpin_keywords":"","_relevanssi_related_keywords":"","_relevanssi_related_include_ids":"","_relevanssi_related_exclude_ids":"","_relevanssi_related_no_append":"","_relevanssi_related_not_related":"","_relevanssi_related_posts":"","_relevanssi_noindex_reason":"","_monsterinsights_skip_tracking":false,"_monsterinsights_sitenote_active":false,"_monsterinsights_sitenote_note":"","_monsterinsights_sitenote_category":0,"_genesis_hide_title":false,"_genesis_hide_breadcrumbs":false,"_genesis_hide_singular_image":false,"_genesis_hide_footer_widgets":false,"_genesis_custom_body_class":"","_genesis_custom_post_class":"","_genesis_layout":"","footnotes":""},"categories":[1],"tags":[],"class_list":{"0":"post-1377","1":"post","2":"type-post","3":"status-publish","4":"format-standard","6":"category-sin-categorizar","7":"entry","8":"has-post-thumbnail"},"acf":[],"yoast_head":"<!-- This site is optimized with the Yoast SEO plugin v27.4 - https:\/\/yoast.com\/product\/yoast-seo-wordpress\/ -->\n<title>Seminario para la presentaci\u00f3n del \u201cProyecto Erasmus+ ReCULM&quot; | CDE Almer\u00eda - Centro de Documentaci\u00f3n Europea - Universidad de Almer\u00eda<\/title>\n<meta name=\"robots\" content=\"index, follow, max-snippet:-1, max-image-preview:large, max-video-preview:-1\" \/>\n<link rel=\"canonical\" href=\"https:\/\/www.cde.ual.es\/seminario-para-la-presentacion-del-proyecto-erasmus-reculm\/\" \/>\n<meta property=\"og:locale\" content=\"en_US\" \/>\n<meta property=\"og:type\" content=\"article\" \/>\n<meta property=\"og:title\" content=\"Seminario para la presentaci\u00f3n del \u201cProyecto Erasmus+ ReCULM&quot; | CDE Almer\u00eda - Centro de Documentaci\u00f3n Europea - Universidad de Almer\u00eda\" \/>\n<meta property=\"og:description\" content=\"&#8220;Curso de formaci\u00f3n a mediadores culturales para afrontar las destrezas necesarias ante la crisis de refugiados\u201d El Proyecto Erasmus+ ReCULM busca impulsar el reconocimiento oficial de la mediaci\u00f3n cultural como profesi\u00f3n.\u00a0Fortalecer\u00e1 a futuros mediadores culturales con un conjunto de conocimientos y competencias necesarias para mantenerse al d\u00eda sobre las demandas de la realidad actual en [&hellip;]\" \/>\n<meta property=\"og:url\" content=\"https:\/\/www.cde.ual.es\/seminario-para-la-presentacion-del-proyecto-erasmus-reculm\/\" \/>\n<meta property=\"og:site_name\" content=\"CDE Almer\u00eda - Centro de Documentaci\u00f3n Europea - Universidad de Almer\u00eda\" \/>\n<meta property=\"article:publisher\" content=\"https:\/\/www.facebook.com\/cdeuniversidadalmeria\/\" \/>\n<meta property=\"article:published_time\" content=\"2017-02-23T08:41:16+00:00\" \/>\n<meta property=\"article:modified_time\" content=\"2017-05-15T09:41:58+00:00\" \/>\n<meta property=\"og:image\" content=\"http:\/\/www.cde.ual.es\/wp-content\/uploads\/2017\/02\/1.png\" \/>\n<meta name=\"author\" content=\"AdminCDE\" \/>\n<meta name=\"twitter:card\" content=\"summary_large_image\" \/>\n<meta name=\"twitter:creator\" content=\"@cdeualmeria\" \/>\n<meta name=\"twitter:site\" content=\"@cdeualmeria\" \/>\n<meta name=\"twitter:label1\" content=\"Written by\" \/>\n\t<meta name=\"twitter:data1\" content=\"AdminCDE\" \/>\n\t<meta name=\"twitter:label2\" content=\"Est. reading time\" \/>\n\t<meta name=\"twitter:data2\" content=\"1 minute\" \/>\n<script type=\"application\/ld+json\" class=\"yoast-schema-graph\">{\"@context\":\"https:\\\/\\\/schema.org\",\"@graph\":[{\"@type\":\"Article\",\"@id\":\"https:\\\/\\\/www.cde.ual.es\\\/seminario-para-la-presentacion-del-proyecto-erasmus-reculm\\\/#article\",\"isPartOf\":{\"@id\":\"https:\\\/\\\/www.cde.ual.es\\\/seminario-para-la-presentacion-del-proyecto-erasmus-reculm\\\/\"},\"author\":{\"name\":\"AdminCDE\",\"@id\":\"https:\\\/\\\/www.cde.ual.es\\\/#\\\/schema\\\/person\\\/224ef08c8bcc005f319d2713ce37ee5f\"},\"headline\":\"Seminario para la presentaci\u00f3n del \u201cProyecto Erasmus+ ReCULM&#8221;\",\"datePublished\":\"2017-02-23T08:41:16+00:00\",\"dateModified\":\"2017-05-15T09:41:58+00:00\",\"mainEntityOfPage\":{\"@id\":\"https:\\\/\\\/www.cde.ual.es\\\/seminario-para-la-presentacion-del-proyecto-erasmus-reculm\\\/\"},\"wordCount\":259,\"commentCount\":2,\"publisher\":{\"@id\":\"https:\\\/\\\/www.cde.ual.es\\\/#organization\"},\"image\":{\"@id\":\"https:\\\/\\\/www.cde.ual.es\\\/seminario-para-la-presentacion-del-proyecto-erasmus-reculm\\\/#primaryimage\"},\"thumbnailUrl\":\"http:\\\/\\\/www.cde.ual.es\\\/wp-content\\\/uploads\\\/2017\\\/02\\\/1.png\",\"articleSection\":[\"Sin categorizar\"],\"inLanguage\":\"en-US\",\"potentialAction\":[{\"@type\":\"CommentAction\",\"name\":\"Comment\",\"target\":[\"https:\\\/\\\/www.cde.ual.es\\\/seminario-para-la-presentacion-del-proyecto-erasmus-reculm\\\/#respond\"]}]},{\"@type\":\"WebPage\",\"@id\":\"https:\\\/\\\/www.cde.ual.es\\\/seminario-para-la-presentacion-del-proyecto-erasmus-reculm\\\/\",\"url\":\"https:\\\/\\\/www.cde.ual.es\\\/seminario-para-la-presentacion-del-proyecto-erasmus-reculm\\\/\",\"name\":\"Seminario para la presentaci\u00f3n del \u201cProyecto Erasmus+ ReCULM\\\" | CDE Almer\u00eda - Centro de Documentaci\u00f3n Europea - Universidad de Almer\u00eda\",\"isPartOf\":{\"@id\":\"https:\\\/\\\/www.cde.ual.es\\\/#website\"},\"primaryImageOfPage\":{\"@id\":\"https:\\\/\\\/www.cde.ual.es\\\/seminario-para-la-presentacion-del-proyecto-erasmus-reculm\\\/#primaryimage\"},\"image\":{\"@id\":\"https:\\\/\\\/www.cde.ual.es\\\/seminario-para-la-presentacion-del-proyecto-erasmus-reculm\\\/#primaryimage\"},\"thumbnailUrl\":\"http:\\\/\\\/www.cde.ual.es\\\/wp-content\\\/uploads\\\/2017\\\/02\\\/1.png\",\"datePublished\":\"2017-02-23T08:41:16+00:00\",\"dateModified\":\"2017-05-15T09:41:58+00:00\",\"breadcrumb\":{\"@id\":\"https:\\\/\\\/www.cde.ual.es\\\/seminario-para-la-presentacion-del-proyecto-erasmus-reculm\\\/#breadcrumb\"},\"inLanguage\":\"en-US\",\"potentialAction\":[{\"@type\":\"ReadAction\",\"target\":[\"https:\\\/\\\/www.cde.ual.es\\\/seminario-para-la-presentacion-del-proyecto-erasmus-reculm\\\/\"]}]},{\"@type\":\"ImageObject\",\"inLanguage\":\"en-US\",\"@id\":\"https:\\\/\\\/www.cde.ual.es\\\/seminario-para-la-presentacion-del-proyecto-erasmus-reculm\\\/#primaryimage\",\"url\":\"http:\\\/\\\/www.cde.ual.es\\\/wp-content\\\/uploads\\\/2017\\\/02\\\/1.png\",\"contentUrl\":\"http:\\\/\\\/www.cde.ual.es\\\/wp-content\\\/uploads\\\/2017\\\/02\\\/1.png\"},{\"@type\":\"BreadcrumbList\",\"@id\":\"https:\\\/\\\/www.cde.ual.es\\\/seminario-para-la-presentacion-del-proyecto-erasmus-reculm\\\/#breadcrumb\",\"itemListElement\":[{\"@type\":\"ListItem\",\"position\":1,\"name\":\"Inicio\",\"item\":\"https:\\\/\\\/www.cde.ual.es\\\/en\\\/\"},{\"@type\":\"ListItem\",\"position\":2,\"name\":\"Sin categorizar\",\"item\":\"https:\\\/\\\/www.cde.ual.es\\\/category\\\/sin-categorizar\\\/\"},{\"@type\":\"ListItem\",\"position\":3,\"name\":\"Seminario para la presentaci\u00f3n del \u201cProyecto Erasmus+ ReCULM\u00bb\"}]},{\"@type\":\"WebSite\",\"@id\":\"https:\\\/\\\/www.cde.ual.es\\\/#website\",\"url\":\"https:\\\/\\\/www.cde.ual.es\\\/\",\"name\":\"CDE Almer\u00eda - Centro de Documentaci\u00f3n Europea - Universidad de Almer\u00eda\",\"description\":\"Centro de Documentaci\u00f3n Europea de la Universidad de Almer\u00eda\",\"publisher\":{\"@id\":\"https:\\\/\\\/www.cde.ual.es\\\/#organization\"},\"alternateName\":\"CDE Almer\u00eda\",\"potentialAction\":[{\"@type\":\"SearchAction\",\"target\":{\"@type\":\"EntryPoint\",\"urlTemplate\":\"https:\\\/\\\/www.cde.ual.es\\\/?s={search_term_string}\"},\"query-input\":{\"@type\":\"PropertyValueSpecification\",\"valueRequired\":true,\"valueName\":\"search_term_string\"}}],\"inLanguage\":\"en-US\"},{\"@type\":\"Organization\",\"@id\":\"https:\\\/\\\/www.cde.ual.es\\\/#organization\",\"name\":\"Centro de Documentaci\u00f3n Europea de Almer\u00eda\",\"url\":\"https:\\\/\\\/www.cde.ual.es\\\/\",\"logo\":{\"@type\":\"ImageObject\",\"inLanguage\":\"en-US\",\"@id\":\"https:\\\/\\\/www.cde.ual.es\\\/#\\\/schema\\\/logo\\\/image\\\/\",\"url\":\"https:\\\/\\\/www.cde.ual.es\\\/wp-content\\\/uploads\\\/2025\\\/07\\\/cde-logo-3.png\",\"contentUrl\":\"https:\\\/\\\/www.cde.ual.es\\\/wp-content\\\/uploads\\\/2025\\\/07\\\/cde-logo-3.png\",\"width\":1400,\"height\":300,\"caption\":\"Centro de Documentaci\u00f3n Europea de Almer\u00eda\"},\"image\":{\"@id\":\"https:\\\/\\\/www.cde.ual.es\\\/#\\\/schema\\\/logo\\\/image\\\/\"},\"sameAs\":[\"https:\\\/\\\/www.facebook.com\\\/cdeuniversidadalmeria\\\/\",\"https:\\\/\\\/x.com\\\/cdeualmeria\",\"https:\\\/\\\/www.tiktok.com\\\/@cdealmeria\",\"https:\\\/\\\/www.instagram.com\\\/cdealmeria\\\/\",\"https:\\\/\\\/www.linkedin.com\\\/in\\\/cde-almera-812b26a9\\\/\"]},{\"@type\":\"Person\",\"@id\":\"https:\\\/\\\/www.cde.ual.es\\\/#\\\/schema\\\/person\\\/224ef08c8bcc005f319d2713ce37ee5f\",\"name\":\"AdminCDE\",\"image\":{\"@type\":\"ImageObject\",\"inLanguage\":\"en-US\",\"@id\":\"https:\\\/\\\/secure.gravatar.com\\\/avatar\\\/a72d038d371f995cd13706fac32274b7952a52e8fb0a84b5f80c85426f2a98a8?s=96&d=mm&r=g\",\"url\":\"https:\\\/\\\/secure.gravatar.com\\\/avatar\\\/a72d038d371f995cd13706fac32274b7952a52e8fb0a84b5f80c85426f2a98a8?s=96&d=mm&r=g\",\"contentUrl\":\"https:\\\/\\\/secure.gravatar.com\\\/avatar\\\/a72d038d371f995cd13706fac32274b7952a52e8fb0a84b5f80c85426f2a98a8?s=96&d=mm&r=g\",\"caption\":\"AdminCDE\"}}]}<\/script>\n<!-- \/ Yoast SEO plugin. -->","yoast_head_json":{"title":"Seminario para la presentaci\u00f3n del \u201cProyecto Erasmus+ ReCULM\" | CDE Almer\u00eda - Centro de Documentaci\u00f3n Europea - Universidad de Almer\u00eda","robots":{"index":"index","follow":"follow","max-snippet":"max-snippet:-1","max-image-preview":"max-image-preview:large","max-video-preview":"max-video-preview:-1"},"canonical":"https:\/\/www.cde.ual.es\/seminario-para-la-presentacion-del-proyecto-erasmus-reculm\/","og_locale":"en_US","og_type":"article","og_title":"Seminario para la presentaci\u00f3n del \u201cProyecto Erasmus+ ReCULM\" | CDE Almer\u00eda - Centro de Documentaci\u00f3n Europea - Universidad de Almer\u00eda","og_description":"&#8220;Curso de formaci\u00f3n a mediadores culturales para afrontar las destrezas necesarias ante la crisis de refugiados\u201d El Proyecto Erasmus+ ReCULM busca impulsar el reconocimiento oficial de la mediaci\u00f3n cultural como profesi\u00f3n.\u00a0Fortalecer\u00e1 a futuros mediadores culturales con un conjunto de conocimientos y competencias necesarias para mantenerse al d\u00eda sobre las demandas de la realidad actual en [&hellip;]","og_url":"https:\/\/www.cde.ual.es\/seminario-para-la-presentacion-del-proyecto-erasmus-reculm\/","og_site_name":"CDE Almer\u00eda - Centro de Documentaci\u00f3n Europea - Universidad de Almer\u00eda","article_publisher":"https:\/\/www.facebook.com\/cdeuniversidadalmeria\/","article_published_time":"2017-02-23T08:41:16+00:00","article_modified_time":"2017-05-15T09:41:58+00:00","og_image":[{"url":"http:\/\/www.cde.ual.es\/wp-content\/uploads\/2017\/02\/1.png","type":"","width":"","height":""}],"author":"AdminCDE","twitter_card":"summary_large_image","twitter_creator":"@cdeualmeria","twitter_site":"@cdeualmeria","twitter_misc":{"Written by":"AdminCDE","Est. reading time":"1 minute"},"schema":{"@context":"https:\/\/schema.org","@graph":[{"@type":"Article","@id":"https:\/\/www.cde.ual.es\/seminario-para-la-presentacion-del-proyecto-erasmus-reculm\/#article","isPartOf":{"@id":"https:\/\/www.cde.ual.es\/seminario-para-la-presentacion-del-proyecto-erasmus-reculm\/"},"author":{"name":"AdminCDE","@id":"https:\/\/www.cde.ual.es\/#\/schema\/person\/224ef08c8bcc005f319d2713ce37ee5f"},"headline":"Seminario para la presentaci\u00f3n del \u201cProyecto Erasmus+ ReCULM&#8221;","datePublished":"2017-02-23T08:41:16+00:00","dateModified":"2017-05-15T09:41:58+00:00","mainEntityOfPage":{"@id":"https:\/\/www.cde.ual.es\/seminario-para-la-presentacion-del-proyecto-erasmus-reculm\/"},"wordCount":259,"commentCount":2,"publisher":{"@id":"https:\/\/www.cde.ual.es\/#organization"},"image":{"@id":"https:\/\/www.cde.ual.es\/seminario-para-la-presentacion-del-proyecto-erasmus-reculm\/#primaryimage"},"thumbnailUrl":"http:\/\/www.cde.ual.es\/wp-content\/uploads\/2017\/02\/1.png","articleSection":["Sin categorizar"],"inLanguage":"en-US","potentialAction":[{"@type":"CommentAction","name":"Comment","target":["https:\/\/www.cde.ual.es\/seminario-para-la-presentacion-del-proyecto-erasmus-reculm\/#respond"]}]},{"@type":"WebPage","@id":"https:\/\/www.cde.ual.es\/seminario-para-la-presentacion-del-proyecto-erasmus-reculm\/","url":"https:\/\/www.cde.ual.es\/seminario-para-la-presentacion-del-proyecto-erasmus-reculm\/","name":"Seminario para la presentaci\u00f3n del \u201cProyecto Erasmus+ ReCULM\" | CDE Almer\u00eda - Centro de Documentaci\u00f3n Europea - Universidad de Almer\u00eda","isPartOf":{"@id":"https:\/\/www.cde.ual.es\/#website"},"primaryImageOfPage":{"@id":"https:\/\/www.cde.ual.es\/seminario-para-la-presentacion-del-proyecto-erasmus-reculm\/#primaryimage"},"image":{"@id":"https:\/\/www.cde.ual.es\/seminario-para-la-presentacion-del-proyecto-erasmus-reculm\/#primaryimage"},"thumbnailUrl":"http:\/\/www.cde.ual.es\/wp-content\/uploads\/2017\/02\/1.png","datePublished":"2017-02-23T08:41:16+00:00","dateModified":"2017-05-15T09:41:58+00:00","breadcrumb":{"@id":"https:\/\/www.cde.ual.es\/seminario-para-la-presentacion-del-proyecto-erasmus-reculm\/#breadcrumb"},"inLanguage":"en-US","potentialAction":[{"@type":"ReadAction","target":["https:\/\/www.cde.ual.es\/seminario-para-la-presentacion-del-proyecto-erasmus-reculm\/"]}]},{"@type":"ImageObject","inLanguage":"en-US","@id":"https:\/\/www.cde.ual.es\/seminario-para-la-presentacion-del-proyecto-erasmus-reculm\/#primaryimage","url":"http:\/\/www.cde.ual.es\/wp-content\/uploads\/2017\/02\/1.png","contentUrl":"http:\/\/www.cde.ual.es\/wp-content\/uploads\/2017\/02\/1.png"},{"@type":"BreadcrumbList","@id":"https:\/\/www.cde.ual.es\/seminario-para-la-presentacion-del-proyecto-erasmus-reculm\/#breadcrumb","itemListElement":[{"@type":"ListItem","position":1,"name":"Inicio","item":"https:\/\/www.cde.ual.es\/en\/"},{"@type":"ListItem","position":2,"name":"Sin categorizar","item":"https:\/\/www.cde.ual.es\/category\/sin-categorizar\/"},{"@type":"ListItem","position":3,"name":"Seminario para la presentaci\u00f3n del \u201cProyecto Erasmus+ ReCULM\u00bb"}]},{"@type":"WebSite","@id":"https:\/\/www.cde.ual.es\/#website","url":"https:\/\/www.cde.ual.es\/","name":"CDE Almer\u00eda - Centro de Documentaci\u00f3n Europea - Universidad de Almer\u00eda","description":"Centro de Documentaci\u00f3n Europea de la Universidad de Almer\u00eda","publisher":{"@id":"https:\/\/www.cde.ual.es\/#organization"},"alternateName":"CDE Almer\u00eda","potentialAction":[{"@type":"SearchAction","target":{"@type":"EntryPoint","urlTemplate":"https:\/\/www.cde.ual.es\/?s={search_term_string}"},"query-input":{"@type":"PropertyValueSpecification","valueRequired":true,"valueName":"search_term_string"}}],"inLanguage":"en-US"},{"@type":"Organization","@id":"https:\/\/www.cde.ual.es\/#organization","name":"Centro de Documentaci\u00f3n Europea de Almer\u00eda","url":"https:\/\/www.cde.ual.es\/","logo":{"@type":"ImageObject","inLanguage":"en-US","@id":"https:\/\/www.cde.ual.es\/#\/schema\/logo\/image\/","url":"https:\/\/www.cde.ual.es\/wp-content\/uploads\/2025\/07\/cde-logo-3.png","contentUrl":"https:\/\/www.cde.ual.es\/wp-content\/uploads\/2025\/07\/cde-logo-3.png","width":1400,"height":300,"caption":"Centro de Documentaci\u00f3n Europea de Almer\u00eda"},"image":{"@id":"https:\/\/www.cde.ual.es\/#\/schema\/logo\/image\/"},"sameAs":["https:\/\/www.facebook.com\/cdeuniversidadalmeria\/","https:\/\/x.com\/cdeualmeria","https:\/\/www.tiktok.com\/@cdealmeria","https:\/\/www.instagram.com\/cdealmeria\/","https:\/\/www.linkedin.com\/in\/cde-almera-812b26a9\/"]},{"@type":"Person","@id":"https:\/\/www.cde.ual.es\/#\/schema\/person\/224ef08c8bcc005f319d2713ce37ee5f","name":"AdminCDE","image":{"@type":"ImageObject","inLanguage":"en-US","@id":"https:\/\/secure.gravatar.com\/avatar\/a72d038d371f995cd13706fac32274b7952a52e8fb0a84b5f80c85426f2a98a8?s=96&d=mm&r=g","url":"https:\/\/secure.gravatar.com\/avatar\/a72d038d371f995cd13706fac32274b7952a52e8fb0a84b5f80c85426f2a98a8?s=96&d=mm&r=g","contentUrl":"https:\/\/secure.gravatar.com\/avatar\/a72d038d371f995cd13706fac32274b7952a52e8fb0a84b5f80c85426f2a98a8?s=96&d=mm&r=g","caption":"AdminCDE"}}]}},"_links":{"self":[{"href":"https:\/\/www.cde.ual.es\/en\/wp-json\/wp\/v2\/posts\/1377","targetHints":{"allow":["GET"]}}],"collection":[{"href":"https:\/\/www.cde.ual.es\/en\/wp-json\/wp\/v2\/posts"}],"about":[{"href":"https:\/\/www.cde.ual.es\/en\/wp-json\/wp\/v2\/types\/post"}],"author":[{"embeddable":true,"href":"https:\/\/www.cde.ual.es\/en\/wp-json\/wp\/v2\/users\/1"}],"replies":[{"embeddable":true,"href":"https:\/\/www.cde.ual.es\/en\/wp-json\/wp\/v2\/comments?post=1377"}],"version-history":[{"count":0,"href":"https:\/\/www.cde.ual.es\/en\/wp-json\/wp\/v2\/posts\/1377\/revisions"}],"wp:attachment":[{"href":"https:\/\/www.cde.ual.es\/en\/wp-json\/wp\/v2\/media?parent=1377"}],"wp:term":[{"taxonomy":"category","embeddable":true,"href":"https:\/\/www.cde.ual.es\/en\/wp-json\/wp\/v2\/categories?post=1377"},{"taxonomy":"post_tag","embeddable":true,"href":"https:\/\/www.cde.ual.es\/en\/wp-json\/wp\/v2\/tags?post=1377"}],"curies":[{"name":"wp","href":"https:\/\/api.w.org\/{rel}","templated":true}]}}