{"id":13745,"date":"2019-03-04T08:00:18","date_gmt":"2019-03-04T07:00:18","guid":{"rendered":"http:\/\/www.cde.ual.es\/?p=13745"},"modified":"2019-03-04T07:29:58","modified_gmt":"2019-03-04T06:29:58","slug":"naturaleza-cultura-y-gobernanza-la-relacion-entre-china-y-europa","status":"publish","type":"post","link":"https:\/\/www.cde.ual.es\/en\/naturaleza-cultura-y-gobernanza-la-relacion-entre-china-y-europa\/","title":{"rendered":"Naturaleza, cultura y gobernanza: la relaci\u00f3n entre China y Europa"},"content":{"rendered":"<p><a href=\"http:\/\/www.cde.ual.es\/wp-content\/uploads\/2019\/02\/Naturaleza.png\"><img decoding=\"async\" class=\"size-medium wp-image-13750 aligncenter\" src=\"http:\/\/www.cde.ual.es\/wp-content\/uploads\/2019\/02\/Naturaleza-300x225.png\" alt=\"\" width=\"300\" height=\"225\" srcset=\"https:\/\/www.cde.ual.es\/wp-content\/uploads\/2019\/02\/Naturaleza-300x225.png 300w, https:\/\/www.cde.ual.es\/wp-content\/uploads\/2019\/02\/Naturaleza.png 680w\" sizes=\"(max-width: 300px) 100vw, 300px\" \/><\/a><\/p>\n<p><em><strong>Mediante el estudio de los intercambios de arte paisaj\u00edstico, un investigador, financiado con fondos europeos, no solo examin\u00f3 el \u00abobjeto\u00bb de los procesos de intercambio, sino tambi\u00e9n c\u00f3mo se llevaba a cabo ese intercambio entre sociedades y culturas.<\/strong><\/em><\/p>\n<h3>Arte paisaj\u00edstico<\/h3>\n<p>El debate sobre las relaciones entre el arte paisaj\u00edstico chino y el europeo no es nuevo. Desde el siglo\u00a0XVIII, el hecho de que los jardines ingleses o europeos hayan sido \u00abinfluenciados\u00bb por los jardines chinos ha sido con frecuencia objeto de discusi\u00f3n. Los debates anteriores a menudo se limitaban \u00fanicamente a la est\u00e9tica, sin tener en cuenta el contexto social y pol\u00edtico m\u00e1s amplio.<\/p>\n<h3>Proyecto Nature Entangled<\/h3>\n<p>El proyecto Nature Entangled examina este panorama m\u00e1s amplio gracias al apoyo de una beca de investigaci\u00f3n Marie Curie. Su investigadora principal, la doctora Yue Zhuang, explica: \u00abLos estudios m\u00e1s recientes se ocupan de estos contextos m\u00e1s amplios, pero a menudo se centran en el paso de la idealizaci\u00f3n de China en el primer per\u00edodo de la Ilustraci\u00f3n a su denigraci\u00f3n a finales de los siglos\u00a0XVIII y XIX. Presentan un \u201cdebilitamiento progresivo\u201d del Estado chino en medio del \u201cascenso simult\u00e1neo\u201d de las potencias europeas; en otras palabras, China es tratada como un \u201cotro\u201d inferior\u00bb. El proyecto Nature Entangled pone de relieve que, durante un per\u00edodo de tiempo considerable en Europa (desde el siglo\u00a0XVI hasta finales del siglo\u00a0XVIII), China fue considerada por muchos europeos como un modelo para su econom\u00eda basada en la agricultura y el comercio; su monarqu\u00eda ilustrada y moderada, y sus ciudadanos templados.<\/p>\n<p>Estos aspectos no se percib\u00edan como elementos independientes de la jardiner\u00eda o el dise\u00f1o. Los valores conexos de los paisajes chinos, como la moderaci\u00f3n confuciana, fueron evocados por los liberales conservadores brit\u00e1nicos en su visi\u00f3n del paisaje que imita a la naturaleza. Exploraron este ideal como un medio para expresar un orden moral, psicof\u00edsico y ecol\u00f3gico que simult\u00e1neamente constitu\u00eda y contradec\u00eda los valores emergentes de la modernidad en los siglos\u00a0XVII y XVIII.<\/p>\n<p>Al vincular la idea de \u00abjardines paisaj\u00edsticos que imitan a la naturaleza\u00bb con los discursos de gobernanza moral, filosof\u00eda y fisiolog\u00eda, as\u00ed como con el urbanismo paisaj\u00edstico, el proyecto Nature Entangled eval\u00faa las interacciones entre China y Europa como dos socios iguales, sin las cargas del orientalismo y el progresismo. \u00abConsideramos el tema como un \u201centrelazamiento\u201d; el efecto de los intercambios culturales en las complicadas narrativas, negociaciones y reinterpretaciones posteriores de conceptos rec\u00edprocos entre las culturas europea y china\u00bb, se\u00f1ala la doctora Zhuang, profesora principal de chino en el Departamento de Lenguas Modernas de la Universidad de Exeter.<\/p>\n<p>La ense\u00f1anza extra\u00edda de este estudio, como explic\u00f3 la doctora, es que el cultivo moral y cultural de todos es tan importante como el desarrollo tecnol\u00f3gico. En particular, la \u00abnaturaleza\u00bb no debe tratarse en el sentido moderno y occidental como un \u00abmundo natural\u00bb alienado que puede ser conquistado y \u00abmejorado\u00bb por la tecnolog\u00eda. \u00abM\u00e1s bien, se tiende a pensar en un concepto confuciano de la naturaleza; un proceso de vida y regeneraci\u00f3n en el que la humanidad considera su propia responsabilidad de ayudar y nutrir\u00bb.<\/p>\n<p>Mientras que el proyecto Nature Entangled es principalmente un estudio hist\u00f3rico, la metodolog\u00eda aplicada al estudio de los discursos contempor\u00e1neos, como la idea de las \u00abciudades ecol\u00f3gicas\u00bb, incluye el trabajo de campo junto con el an\u00e1lisis visual, los estudios culturales y las entrevistas \u00abin\u00a0situ\u00bb. \u00abLa idea de que el paisajismo que imita a la naturaleza puede afinar o moldear las emociones humanas hacia el equilibrio o la templanza es una idea vigente en la actualidad. Una de las primeras ideas modernas de la felicidad giraba en torno al bienestar tanto del individuo (\u00e9tica, salud) como de la sociedad (gobernanza). Estudiar la relaci\u00f3n entre China y Europa en medio de una globalizaci\u00f3n temprana tiene una importancia considerable para entender los problemas contempor\u00e1neos\u00bb.<\/p>\n<h3>M\u00e1s informaci\u00f3n<\/h3>\n<p><a href=\"https:\/\/cordis.europa.eu\/project\/rcn\/186927\/brief\/es\">Noticia completa<\/a><\/p>\n<p><a class=\"links-related-documents\" href=\"https:\/\/cordis.europa.eu\/project\/rcn\/186927\/reporting\/es\">Final Report Summary &#8211; NATURE ENTANGLED (Entangled histories of &#8216;Nature&#8217; in the landscape discourses of early modern China and Europe)<\/a><\/p>\n<p><a class=\"links-related-documents\" href=\"https:\/\/cordis.europa.eu\/project\/rcn\/186927\/reporting\/es?rcn=192292\">Periodic Report Summary 1 &#8211; NATURE ENTANGLED (Entangled histories of &#8216;Nature&#8217; in the landscape discourses of early modern China and Europe)<\/a><\/p>\n<p>&nbsp;<\/p>\n<p>&nbsp;<\/p>\n","protected":false},"excerpt":{"rendered":"<p>Mediante el estudio de los intercambios de arte paisaj\u00edstico, un investigador, financiado con fondos europeos, no solo examin\u00f3 el \u00abobjeto\u00bb de los procesos de intercambio, sino tambi\u00e9n c\u00f3mo se llevaba a cabo ese intercambio entre sociedades y culturas. Arte paisaj\u00edstico El debate sobre las relaciones entre el arte paisaj\u00edstico chino y el europeo no es [&hellip;]<\/p>\n","protected":false},"author":1,"featured_media":13750,"comment_status":"open","ping_status":"open","sticky":false,"template":"","format":"standard","meta":{"_acf_changed":false,"_relevanssi_hide_post":"","_relevanssi_hide_content":"","_relevanssi_pin_for_all":"","_relevanssi_pin_keywords":"","_relevanssi_unpin_keywords":"","_relevanssi_related_keywords":"","_relevanssi_related_include_ids":"","_relevanssi_related_exclude_ids":"","_relevanssi_related_no_append":"","_relevanssi_related_not_related":"","_relevanssi_related_posts":"","_relevanssi_noindex_reason":"","_monsterinsights_skip_tracking":false,"_monsterinsights_sitenote_active":false,"_monsterinsights_sitenote_note":"","_monsterinsights_sitenote_category":0,"_genesis_hide_title":false,"_genesis_hide_breadcrumbs":false,"_genesis_hide_singular_image":false,"_genesis_hide_footer_widgets":false,"_genesis_custom_body_class":"","_genesis_custom_post_class":"","_genesis_layout":"","footnotes":""},"categories":[96],"tags":[128],"class_list":{"0":"post-13745","1":"post","2":"type-post","3":"status-publish","4":"format-standard","5":"has-post-thumbnail","7":"category-noticias-ue","8":"tag-cultura-educacion","9":"entry"},"acf":[],"yoast_head":"<!-- This site is optimized with the Yoast SEO plugin v27.5 - https:\/\/yoast.com\/product\/yoast-seo-wordpress\/ -->\n<title>Naturaleza, cultura y gobernanza: la relaci\u00f3n entre China y Europa | CDE Almer\u00eda - Centro de Documentaci\u00f3n Europea - Universidad de Almer\u00eda<\/title>\n<meta name=\"robots\" content=\"index, follow, max-snippet:-1, max-image-preview:large, max-video-preview:-1\" \/>\n<link rel=\"canonical\" href=\"https:\/\/www.cde.ual.es\/naturaleza-cultura-y-gobernanza-la-relacion-entre-china-y-europa\/\" \/>\n<meta property=\"og:locale\" content=\"en_US\" \/>\n<meta property=\"og:type\" content=\"article\" \/>\n<meta property=\"og:title\" content=\"Naturaleza, cultura y gobernanza: la relaci\u00f3n entre China y Europa | CDE Almer\u00eda - Centro de Documentaci\u00f3n Europea - Universidad de Almer\u00eda\" \/>\n<meta property=\"og:description\" content=\"Mediante el estudio de los intercambios de arte paisaj\u00edstico, un investigador, financiado con fondos europeos, no solo examin\u00f3 el \u00abobjeto\u00bb de los procesos de intercambio, sino tambi\u00e9n c\u00f3mo se llevaba a cabo ese intercambio entre sociedades y culturas. Arte paisaj\u00edstico El debate sobre las relaciones entre el arte paisaj\u00edstico chino y el europeo no es [&hellip;]\" \/>\n<meta property=\"og:url\" content=\"https:\/\/www.cde.ual.es\/naturaleza-cultura-y-gobernanza-la-relacion-entre-china-y-europa\/\" \/>\n<meta property=\"og:site_name\" content=\"CDE Almer\u00eda - Centro de Documentaci\u00f3n Europea - Universidad de Almer\u00eda\" \/>\n<meta property=\"article:publisher\" content=\"https:\/\/www.facebook.com\/cdeuniversidadalmeria\/\" \/>\n<meta property=\"article:published_time\" content=\"2019-03-04T07:00:18+00:00\" \/>\n<meta property=\"og:image\" content=\"https:\/\/www.cde.ual.es\/wp-content\/uploads\/2019\/02\/Naturaleza.png\" \/>\n\t<meta property=\"og:image:width\" content=\"680\" \/>\n\t<meta property=\"og:image:height\" content=\"509\" \/>\n\t<meta property=\"og:image:type\" content=\"image\/png\" \/>\n<meta name=\"author\" content=\"AdminCDE\" \/>\n<meta name=\"twitter:card\" content=\"summary_large_image\" \/>\n<meta name=\"twitter:creator\" content=\"@cdeualmeria\" \/>\n<meta name=\"twitter:site\" content=\"@cdeualmeria\" \/>\n<meta name=\"twitter:label1\" content=\"Written by\" \/>\n\t<meta name=\"twitter:data1\" content=\"AdminCDE\" \/>\n\t<meta name=\"twitter:label2\" content=\"Est. reading time\" \/>\n\t<meta name=\"twitter:data2\" content=\"4 minutes\" \/>\n<script type=\"application\/ld+json\" class=\"yoast-schema-graph\">{\"@context\":\"https:\\\/\\\/schema.org\",\"@graph\":[{\"@type\":\"Article\",\"@id\":\"https:\\\/\\\/www.cde.ual.es\\\/naturaleza-cultura-y-gobernanza-la-relacion-entre-china-y-europa\\\/#article\",\"isPartOf\":{\"@id\":\"https:\\\/\\\/www.cde.ual.es\\\/naturaleza-cultura-y-gobernanza-la-relacion-entre-china-y-europa\\\/\"},\"author\":{\"name\":\"AdminCDE\",\"@id\":\"https:\\\/\\\/www.cde.ual.es\\\/#\\\/schema\\\/person\\\/224ef08c8bcc005f319d2713ce37ee5f\"},\"headline\":\"Naturaleza, cultura y gobernanza: la relaci\u00f3n entre China y Europa\",\"datePublished\":\"2019-03-04T07:00:18+00:00\",\"mainEntityOfPage\":{\"@id\":\"https:\\\/\\\/www.cde.ual.es\\\/naturaleza-cultura-y-gobernanza-la-relacion-entre-china-y-europa\\\/\"},\"wordCount\":746,\"commentCount\":0,\"publisher\":{\"@id\":\"https:\\\/\\\/www.cde.ual.es\\\/#organization\"},\"image\":{\"@id\":\"https:\\\/\\\/www.cde.ual.es\\\/naturaleza-cultura-y-gobernanza-la-relacion-entre-china-y-europa\\\/#primaryimage\"},\"thumbnailUrl\":\"https:\\\/\\\/www.cde.ual.es\\\/wp-content\\\/uploads\\\/2019\\\/02\\\/Naturaleza.png\",\"keywords\":[\"Cultura y Educaci\u00f3n\"],\"articleSection\":[\"Noticias UE\"],\"inLanguage\":\"en-US\",\"potentialAction\":[{\"@type\":\"CommentAction\",\"name\":\"Comment\",\"target\":[\"https:\\\/\\\/www.cde.ual.es\\\/naturaleza-cultura-y-gobernanza-la-relacion-entre-china-y-europa\\\/#respond\"]}]},{\"@type\":\"WebPage\",\"@id\":\"https:\\\/\\\/www.cde.ual.es\\\/naturaleza-cultura-y-gobernanza-la-relacion-entre-china-y-europa\\\/\",\"url\":\"https:\\\/\\\/www.cde.ual.es\\\/naturaleza-cultura-y-gobernanza-la-relacion-entre-china-y-europa\\\/\",\"name\":\"Naturaleza, cultura y gobernanza: la relaci\u00f3n entre China y Europa | CDE Almer\u00eda - Centro de Documentaci\u00f3n Europea - Universidad de Almer\u00eda\",\"isPartOf\":{\"@id\":\"https:\\\/\\\/www.cde.ual.es\\\/#website\"},\"primaryImageOfPage\":{\"@id\":\"https:\\\/\\\/www.cde.ual.es\\\/naturaleza-cultura-y-gobernanza-la-relacion-entre-china-y-europa\\\/#primaryimage\"},\"image\":{\"@id\":\"https:\\\/\\\/www.cde.ual.es\\\/naturaleza-cultura-y-gobernanza-la-relacion-entre-china-y-europa\\\/#primaryimage\"},\"thumbnailUrl\":\"https:\\\/\\\/www.cde.ual.es\\\/wp-content\\\/uploads\\\/2019\\\/02\\\/Naturaleza.png\",\"datePublished\":\"2019-03-04T07:00:18+00:00\",\"breadcrumb\":{\"@id\":\"https:\\\/\\\/www.cde.ual.es\\\/naturaleza-cultura-y-gobernanza-la-relacion-entre-china-y-europa\\\/#breadcrumb\"},\"inLanguage\":\"en-US\",\"potentialAction\":[{\"@type\":\"ReadAction\",\"target\":[\"https:\\\/\\\/www.cde.ual.es\\\/naturaleza-cultura-y-gobernanza-la-relacion-entre-china-y-europa\\\/\"]}]},{\"@type\":\"ImageObject\",\"inLanguage\":\"en-US\",\"@id\":\"https:\\\/\\\/www.cde.ual.es\\\/naturaleza-cultura-y-gobernanza-la-relacion-entre-china-y-europa\\\/#primaryimage\",\"url\":\"https:\\\/\\\/www.cde.ual.es\\\/wp-content\\\/uploads\\\/2019\\\/02\\\/Naturaleza.png\",\"contentUrl\":\"https:\\\/\\\/www.cde.ual.es\\\/wp-content\\\/uploads\\\/2019\\\/02\\\/Naturaleza.png\",\"width\":680,\"height\":509},{\"@type\":\"BreadcrumbList\",\"@id\":\"https:\\\/\\\/www.cde.ual.es\\\/naturaleza-cultura-y-gobernanza-la-relacion-entre-china-y-europa\\\/#breadcrumb\",\"itemListElement\":[{\"@type\":\"ListItem\",\"position\":1,\"name\":\"Inicio\",\"item\":\"https:\\\/\\\/www.cde.ual.es\\\/en\\\/\"},{\"@type\":\"ListItem\",\"position\":2,\"name\":\"Noticias UE\",\"item\":\"https:\\\/\\\/www.cde.ual.es\\\/category\\\/noticias-ue\\\/\"},{\"@type\":\"ListItem\",\"position\":3,\"name\":\"Naturaleza, cultura y gobernanza: la relaci\u00f3n entre China y Europa\"}]},{\"@type\":\"WebSite\",\"@id\":\"https:\\\/\\\/www.cde.ual.es\\\/#website\",\"url\":\"https:\\\/\\\/www.cde.ual.es\\\/\",\"name\":\"CDE Almer\u00eda - Centro de Documentaci\u00f3n Europea - Universidad de Almer\u00eda\",\"description\":\"Centro de Documentaci\u00f3n Europea de la Universidad de Almer\u00eda\",\"publisher\":{\"@id\":\"https:\\\/\\\/www.cde.ual.es\\\/#organization\"},\"alternateName\":\"CDE Almer\u00eda\",\"potentialAction\":[{\"@type\":\"SearchAction\",\"target\":{\"@type\":\"EntryPoint\",\"urlTemplate\":\"https:\\\/\\\/www.cde.ual.es\\\/?s={search_term_string}\"},\"query-input\":{\"@type\":\"PropertyValueSpecification\",\"valueRequired\":true,\"valueName\":\"search_term_string\"}}],\"inLanguage\":\"en-US\"},{\"@type\":\"Organization\",\"@id\":\"https:\\\/\\\/www.cde.ual.es\\\/#organization\",\"name\":\"Centro de Documentaci\u00f3n Europea de Almer\u00eda\",\"url\":\"https:\\\/\\\/www.cde.ual.es\\\/\",\"logo\":{\"@type\":\"ImageObject\",\"inLanguage\":\"en-US\",\"@id\":\"https:\\\/\\\/www.cde.ual.es\\\/#\\\/schema\\\/logo\\\/image\\\/\",\"url\":\"https:\\\/\\\/www.cde.ual.es\\\/wp-content\\\/uploads\\\/2025\\\/07\\\/cde-logo-3.png\",\"contentUrl\":\"https:\\\/\\\/www.cde.ual.es\\\/wp-content\\\/uploads\\\/2025\\\/07\\\/cde-logo-3.png\",\"width\":1400,\"height\":300,\"caption\":\"Centro de Documentaci\u00f3n Europea de Almer\u00eda\"},\"image\":{\"@id\":\"https:\\\/\\\/www.cde.ual.es\\\/#\\\/schema\\\/logo\\\/image\\\/\"},\"sameAs\":[\"https:\\\/\\\/www.facebook.com\\\/cdeuniversidadalmeria\\\/\",\"https:\\\/\\\/x.com\\\/cdeualmeria\",\"https:\\\/\\\/www.tiktok.com\\\/@cdealmeria\",\"https:\\\/\\\/www.instagram.com\\\/cdealmeria\\\/\",\"https:\\\/\\\/www.linkedin.com\\\/in\\\/cde-almera-812b26a9\\\/\"]},{\"@type\":\"Person\",\"@id\":\"https:\\\/\\\/www.cde.ual.es\\\/#\\\/schema\\\/person\\\/224ef08c8bcc005f319d2713ce37ee5f\",\"name\":\"AdminCDE\",\"image\":{\"@type\":\"ImageObject\",\"inLanguage\":\"en-US\",\"@id\":\"https:\\\/\\\/secure.gravatar.com\\\/avatar\\\/a72d038d371f995cd13706fac32274b7952a52e8fb0a84b5f80c85426f2a98a8?s=96&d=mm&r=g\",\"url\":\"https:\\\/\\\/secure.gravatar.com\\\/avatar\\\/a72d038d371f995cd13706fac32274b7952a52e8fb0a84b5f80c85426f2a98a8?s=96&d=mm&r=g\",\"contentUrl\":\"https:\\\/\\\/secure.gravatar.com\\\/avatar\\\/a72d038d371f995cd13706fac32274b7952a52e8fb0a84b5f80c85426f2a98a8?s=96&d=mm&r=g\",\"caption\":\"AdminCDE\"}}]}<\/script>\n<!-- \/ Yoast SEO plugin. -->","yoast_head_json":{"title":"Naturaleza, cultura y gobernanza: la relaci\u00f3n entre China y Europa | CDE Almer\u00eda - Centro de Documentaci\u00f3n Europea - Universidad de Almer\u00eda","robots":{"index":"index","follow":"follow","max-snippet":"max-snippet:-1","max-image-preview":"max-image-preview:large","max-video-preview":"max-video-preview:-1"},"canonical":"https:\/\/www.cde.ual.es\/naturaleza-cultura-y-gobernanza-la-relacion-entre-china-y-europa\/","og_locale":"en_US","og_type":"article","og_title":"Naturaleza, cultura y gobernanza: la relaci\u00f3n entre China y Europa | CDE Almer\u00eda - Centro de Documentaci\u00f3n Europea - Universidad de Almer\u00eda","og_description":"Mediante el estudio de los intercambios de arte paisaj\u00edstico, un investigador, financiado con fondos europeos, no solo examin\u00f3 el \u00abobjeto\u00bb de los procesos de intercambio, sino tambi\u00e9n c\u00f3mo se llevaba a cabo ese intercambio entre sociedades y culturas. Arte paisaj\u00edstico El debate sobre las relaciones entre el arte paisaj\u00edstico chino y el europeo no es [&hellip;]","og_url":"https:\/\/www.cde.ual.es\/naturaleza-cultura-y-gobernanza-la-relacion-entre-china-y-europa\/","og_site_name":"CDE Almer\u00eda - Centro de Documentaci\u00f3n Europea - Universidad de Almer\u00eda","article_publisher":"https:\/\/www.facebook.com\/cdeuniversidadalmeria\/","article_published_time":"2019-03-04T07:00:18+00:00","og_image":[{"width":680,"height":509,"url":"https:\/\/www.cde.ual.es\/wp-content\/uploads\/2019\/02\/Naturaleza.png","type":"image\/png"}],"author":"AdminCDE","twitter_card":"summary_large_image","twitter_creator":"@cdeualmeria","twitter_site":"@cdeualmeria","twitter_misc":{"Written by":"AdminCDE","Est. reading time":"4 minutes"},"schema":{"@context":"https:\/\/schema.org","@graph":[{"@type":"Article","@id":"https:\/\/www.cde.ual.es\/naturaleza-cultura-y-gobernanza-la-relacion-entre-china-y-europa\/#article","isPartOf":{"@id":"https:\/\/www.cde.ual.es\/naturaleza-cultura-y-gobernanza-la-relacion-entre-china-y-europa\/"},"author":{"name":"AdminCDE","@id":"https:\/\/www.cde.ual.es\/#\/schema\/person\/224ef08c8bcc005f319d2713ce37ee5f"},"headline":"Naturaleza, cultura y gobernanza: la relaci\u00f3n entre China y Europa","datePublished":"2019-03-04T07:00:18+00:00","mainEntityOfPage":{"@id":"https:\/\/www.cde.ual.es\/naturaleza-cultura-y-gobernanza-la-relacion-entre-china-y-europa\/"},"wordCount":746,"commentCount":0,"publisher":{"@id":"https:\/\/www.cde.ual.es\/#organization"},"image":{"@id":"https:\/\/www.cde.ual.es\/naturaleza-cultura-y-gobernanza-la-relacion-entre-china-y-europa\/#primaryimage"},"thumbnailUrl":"https:\/\/www.cde.ual.es\/wp-content\/uploads\/2019\/02\/Naturaleza.png","keywords":["Cultura y Educaci\u00f3n"],"articleSection":["Noticias UE"],"inLanguage":"en-US","potentialAction":[{"@type":"CommentAction","name":"Comment","target":["https:\/\/www.cde.ual.es\/naturaleza-cultura-y-gobernanza-la-relacion-entre-china-y-europa\/#respond"]}]},{"@type":"WebPage","@id":"https:\/\/www.cde.ual.es\/naturaleza-cultura-y-gobernanza-la-relacion-entre-china-y-europa\/","url":"https:\/\/www.cde.ual.es\/naturaleza-cultura-y-gobernanza-la-relacion-entre-china-y-europa\/","name":"Naturaleza, cultura y gobernanza: la relaci\u00f3n entre China y Europa | CDE Almer\u00eda - Centro de Documentaci\u00f3n Europea - Universidad de Almer\u00eda","isPartOf":{"@id":"https:\/\/www.cde.ual.es\/#website"},"primaryImageOfPage":{"@id":"https:\/\/www.cde.ual.es\/naturaleza-cultura-y-gobernanza-la-relacion-entre-china-y-europa\/#primaryimage"},"image":{"@id":"https:\/\/www.cde.ual.es\/naturaleza-cultura-y-gobernanza-la-relacion-entre-china-y-europa\/#primaryimage"},"thumbnailUrl":"https:\/\/www.cde.ual.es\/wp-content\/uploads\/2019\/02\/Naturaleza.png","datePublished":"2019-03-04T07:00:18+00:00","breadcrumb":{"@id":"https:\/\/www.cde.ual.es\/naturaleza-cultura-y-gobernanza-la-relacion-entre-china-y-europa\/#breadcrumb"},"inLanguage":"en-US","potentialAction":[{"@type":"ReadAction","target":["https:\/\/www.cde.ual.es\/naturaleza-cultura-y-gobernanza-la-relacion-entre-china-y-europa\/"]}]},{"@type":"ImageObject","inLanguage":"en-US","@id":"https:\/\/www.cde.ual.es\/naturaleza-cultura-y-gobernanza-la-relacion-entre-china-y-europa\/#primaryimage","url":"https:\/\/www.cde.ual.es\/wp-content\/uploads\/2019\/02\/Naturaleza.png","contentUrl":"https:\/\/www.cde.ual.es\/wp-content\/uploads\/2019\/02\/Naturaleza.png","width":680,"height":509},{"@type":"BreadcrumbList","@id":"https:\/\/www.cde.ual.es\/naturaleza-cultura-y-gobernanza-la-relacion-entre-china-y-europa\/#breadcrumb","itemListElement":[{"@type":"ListItem","position":1,"name":"Inicio","item":"https:\/\/www.cde.ual.es\/en\/"},{"@type":"ListItem","position":2,"name":"Noticias UE","item":"https:\/\/www.cde.ual.es\/category\/noticias-ue\/"},{"@type":"ListItem","position":3,"name":"Naturaleza, cultura y gobernanza: la relaci\u00f3n entre China y Europa"}]},{"@type":"WebSite","@id":"https:\/\/www.cde.ual.es\/#website","url":"https:\/\/www.cde.ual.es\/","name":"CDE Almer\u00eda - Centro de Documentaci\u00f3n Europea - Universidad de Almer\u00eda","description":"Centro de Documentaci\u00f3n Europea de la Universidad de Almer\u00eda","publisher":{"@id":"https:\/\/www.cde.ual.es\/#organization"},"alternateName":"CDE Almer\u00eda","potentialAction":[{"@type":"SearchAction","target":{"@type":"EntryPoint","urlTemplate":"https:\/\/www.cde.ual.es\/?s={search_term_string}"},"query-input":{"@type":"PropertyValueSpecification","valueRequired":true,"valueName":"search_term_string"}}],"inLanguage":"en-US"},{"@type":"Organization","@id":"https:\/\/www.cde.ual.es\/#organization","name":"Centro de Documentaci\u00f3n Europea de Almer\u00eda","url":"https:\/\/www.cde.ual.es\/","logo":{"@type":"ImageObject","inLanguage":"en-US","@id":"https:\/\/www.cde.ual.es\/#\/schema\/logo\/image\/","url":"https:\/\/www.cde.ual.es\/wp-content\/uploads\/2025\/07\/cde-logo-3.png","contentUrl":"https:\/\/www.cde.ual.es\/wp-content\/uploads\/2025\/07\/cde-logo-3.png","width":1400,"height":300,"caption":"Centro de Documentaci\u00f3n Europea de Almer\u00eda"},"image":{"@id":"https:\/\/www.cde.ual.es\/#\/schema\/logo\/image\/"},"sameAs":["https:\/\/www.facebook.com\/cdeuniversidadalmeria\/","https:\/\/x.com\/cdeualmeria","https:\/\/www.tiktok.com\/@cdealmeria","https:\/\/www.instagram.com\/cdealmeria\/","https:\/\/www.linkedin.com\/in\/cde-almera-812b26a9\/"]},{"@type":"Person","@id":"https:\/\/www.cde.ual.es\/#\/schema\/person\/224ef08c8bcc005f319d2713ce37ee5f","name":"AdminCDE","image":{"@type":"ImageObject","inLanguage":"en-US","@id":"https:\/\/secure.gravatar.com\/avatar\/a72d038d371f995cd13706fac32274b7952a52e8fb0a84b5f80c85426f2a98a8?s=96&d=mm&r=g","url":"https:\/\/secure.gravatar.com\/avatar\/a72d038d371f995cd13706fac32274b7952a52e8fb0a84b5f80c85426f2a98a8?s=96&d=mm&r=g","contentUrl":"https:\/\/secure.gravatar.com\/avatar\/a72d038d371f995cd13706fac32274b7952a52e8fb0a84b5f80c85426f2a98a8?s=96&d=mm&r=g","caption":"AdminCDE"}}]}},"_links":{"self":[{"href":"https:\/\/www.cde.ual.es\/en\/wp-json\/wp\/v2\/posts\/13745","targetHints":{"allow":["GET"]}}],"collection":[{"href":"https:\/\/www.cde.ual.es\/en\/wp-json\/wp\/v2\/posts"}],"about":[{"href":"https:\/\/www.cde.ual.es\/en\/wp-json\/wp\/v2\/types\/post"}],"author":[{"embeddable":true,"href":"https:\/\/www.cde.ual.es\/en\/wp-json\/wp\/v2\/users\/1"}],"replies":[{"embeddable":true,"href":"https:\/\/www.cde.ual.es\/en\/wp-json\/wp\/v2\/comments?post=13745"}],"version-history":[{"count":0,"href":"https:\/\/www.cde.ual.es\/en\/wp-json\/wp\/v2\/posts\/13745\/revisions"}],"wp:featuredmedia":[{"embeddable":true,"href":"https:\/\/www.cde.ual.es\/en\/wp-json\/wp\/v2\/media\/13750"}],"wp:attachment":[{"href":"https:\/\/www.cde.ual.es\/en\/wp-json\/wp\/v2\/media?parent=13745"}],"wp:term":[{"taxonomy":"category","embeddable":true,"href":"https:\/\/www.cde.ual.es\/en\/wp-json\/wp\/v2\/categories?post=13745"},{"taxonomy":"post_tag","embeddable":true,"href":"https:\/\/www.cde.ual.es\/en\/wp-json\/wp\/v2\/tags?post=13745"}],"curies":[{"name":"wp","href":"https:\/\/api.w.org\/{rel}","templated":true}]}}