{"id":13729,"date":"2019-02-27T09:22:19","date_gmt":"2019-02-27T08:22:19","guid":{"rendered":"http:\/\/www.cde.ual.es\/?p=13729"},"modified":"2019-02-27T09:22:19","modified_gmt":"2019-02-27T08:22:19","slug":"spotlight-initiative-eu-and-un-fight-against-domestic-violence-in-the-pacific-region","status":"publish","type":"post","link":"https:\/\/www.cde.ual.es\/en\/spotlight-initiative-eu-and-un-fight-against-domestic-violence-in-the-pacific-region\/","title":{"rendered":"Spotlight Initiative: EU and UN fight against domestic violence in the Pacific region"},"content":{"rendered":"<p><strong>The European Union and the United Nations are announcing today a \u20ac50 million investment to tackle domestic violence in the Pacific region, as part of the EU-UN Spotlight Initiative.<\/strong><\/p>\n<p><a href=\"http:\/\/www.cde.ual.es\/wp-content\/uploads\/2019\/02\/pexels-photo-1432697.jpeg\"><img decoding=\"async\" class=\"size-medium wp-image-13709 aligncenter\" src=\"http:\/\/www.cde.ual.es\/wp-content\/uploads\/2019\/02\/pexels-photo-1432697-300x200.jpeg\" alt=\"Tres ni\u00f1as peque\u00f1as sonr\u00eden a la c\u00e1mara\" width=\"300\" height=\"200\" srcset=\"https:\/\/www.cde.ual.es\/wp-content\/uploads\/2019\/02\/pexels-photo-1432697-300x200.jpeg 300w, https:\/\/www.cde.ual.es\/wp-content\/uploads\/2019\/02\/pexels-photo-1432697.jpeg 600w\" sizes=\"(max-width: 300px) 100vw, 300px\" \/><\/a><\/p>\n<p><strong>The \u20ac50 million<\/strong> contribution will fund new programmes<strong> to support concrete measures to end domestic and gender-based violence<\/strong>. It will do so by supporting preventive measures, and by providing protection and quality services to victims. Such measures will be accompanied by broader efforts to ensure women&#8217;s economic empowerment and their participation in all aspects of society.<\/p>\n<p><a href=\"http:\/\/www.un.org\/en\/spotlight-initiative\/index.shtml\">Spotlight Initiative<\/a> high-level event for the Pacific marks the beginning of a consultative process between governments, regional bodies, civil society and development partners to design a programme that seeks to end domestic violence in the region. The event brought together heads of state and government representatives from Pacific states, religious leaders, high-level representatives from the European Union and United Nations, survivors of gender-based violence, and civil society leaders to share their experiences and confirm their commitment to eliminating violence against women and girls.<\/p>\n<h2>Background<\/h2>\n<p>Violence against women and girls is one of the most widespread and devastating human rights violations across the globe. It affects all societies, cutting across generational, socio-economic, educational and geographic boundaries. Overall more than a billion lives today are touched by violence. It is estimated that one in every three women in the world have experienced violence at some point in their lives.<\/p>\n<p>In the Pacific region up to two in every three women are impacted by domestic violence and gender-based violence \u2013 twice the global average based on national prevalence studies. This scourge is a barrier to gender equality, women&#8217;s and girls&#8217; empowerment and overall sustainable development, and an impediment to the achievement of the SDGs.<\/p>\n<p><a href=\"http:\/\/www.un.org\/en\/spotlight-initiative\/index.shtml\">The Spotlight Initiative<\/a> is an expression of the same political will that was demonstrated by the international community in adopting the Sustainable Development Goals, with Goal 5 focusing specifically on Gender Equality and concrete targets on ending violence against women and girls, as well as mainstreaming of gender equality across the entire 2030 Agenda for Sustainable Development.<\/p>\n<p>The<a href=\"https:\/\/ec.europa.eu\/europeaid\/policies\/european-development-policy\/european-consensus-development_en\"> New European Consensus on Development<\/a>, the EU&#8217;s new global approach to sustainable development for the years ahead, also underlines the commitment of the EU and all its Member States to gender equality.<\/p>\n<h3>For more information<\/h3>\n<p><a href=\"http:\/\/www.un.org\/en\/spotlight-initiative\/index.shtml\">EU-UN Spotlight Initiative<\/a><\/p>\n<p><a href=\"http:\/\/europa.eu\/rapid\/press-release_MEMO-18-5904_en.htm\">MEMO Q&amp;A<\/a><\/p>\n<p><a href=\"http:\/\/eeas.europa.eu\/archives\/docs\/top_stories\/pdf\/eugs_review_web.pdf\">Global Strategy for the European Union&#8217;s Foreign And Security Policy<\/a><\/p>\n<p><a href=\"https:\/\/ec.europa.eu\/europeaid\/sites\/devco\/files\/staff-working-document-gender-2016-2020-20150922_en.pdf\">EU Gender Action Plan II (2016 -2020)<\/a><\/p>\n","protected":false},"excerpt":{"rendered":"<p>The European Union and the United Nations are announcing today a \u20ac50 million investment to tackle domestic violence in the Pacific region, as part of the EU-UN Spotlight Initiative. The \u20ac50 million contribution will fund new programmes to support concrete measures to end domestic and gender-based violence. It will do so by supporting preventive measures, [&hellip;]<\/p>\n","protected":false},"author":101011,"featured_media":13710,"comment_status":"open","ping_status":"open","sticky":false,"template":"","format":"standard","meta":{"_acf_changed":false,"_relevanssi_hide_post":"","_relevanssi_hide_content":"","_relevanssi_pin_for_all":"","_relevanssi_pin_keywords":"","_relevanssi_unpin_keywords":"","_relevanssi_related_keywords":"","_relevanssi_related_include_ids":"","_relevanssi_related_exclude_ids":"","_relevanssi_related_no_append":"","_relevanssi_related_not_related":"","_relevanssi_related_posts":"","_relevanssi_noindex_reason":"","_monsterinsights_skip_tracking":false,"_monsterinsights_sitenote_active":false,"_monsterinsights_sitenote_note":"","_monsterinsights_sitenote_category":0,"_genesis_hide_title":false,"_genesis_hide_breadcrumbs":false,"_genesis_hide_singular_image":false,"_genesis_hide_footer_widgets":false,"_genesis_custom_body_class":"","_genesis_custom_post_class":"","_genesis_layout":"","footnotes":""},"categories":[346],"tags":[375,376,374],"class_list":{"0":"post-13729","1":"post","2":"type-post","3":"status-publish","4":"format-standard","5":"has-post-thumbnail","7":"category-eu-news","8":"tag-asuntos-internacionales-en","9":"tag-cooperacion-internacional-en","10":"tag-igualdad-de-genero-en","11":"entry"},"acf":[],"yoast_head":"<!-- This site is optimized with the Yoast SEO plugin v27.4 - https:\/\/yoast.com\/product\/yoast-seo-wordpress\/ -->\n<title>Spotlight Initiative: EU and UN fight against domestic violence in the Pacific region | CDE Almer\u00eda - Centro de Documentaci\u00f3n Europea - Universidad de Almer\u00eda<\/title>\n<meta name=\"robots\" content=\"index, follow, max-snippet:-1, max-image-preview:large, max-video-preview:-1\" \/>\n<link rel=\"canonical\" href=\"https:\/\/www.cde.ual.es\/en\/spotlight-initiative-eu-and-un-fight-against-domestic-violence-in-the-pacific-region\/\" \/>\n<meta property=\"og:locale\" content=\"en_US\" \/>\n<meta property=\"og:type\" content=\"article\" \/>\n<meta property=\"og:title\" content=\"Spotlight Initiative: EU and UN fight against domestic violence in the Pacific region | CDE Almer\u00eda - Centro de Documentaci\u00f3n Europea - Universidad de Almer\u00eda\" \/>\n<meta property=\"og:description\" content=\"The European Union and the United Nations are announcing today a \u20ac50 million investment to tackle domestic violence in the Pacific region, as part of the EU-UN Spotlight Initiative. The \u20ac50 million contribution will fund new programmes to support concrete measures to end domestic and gender-based violence. It will do so by supporting preventive measures, [&hellip;]\" \/>\n<meta property=\"og:url\" content=\"https:\/\/www.cde.ual.es\/en\/spotlight-initiative-eu-and-un-fight-against-domestic-violence-in-the-pacific-region\/\" \/>\n<meta property=\"og:site_name\" content=\"CDE Almer\u00eda - Centro de Documentaci\u00f3n Europea - Universidad de Almer\u00eda\" \/>\n<meta property=\"article:publisher\" content=\"https:\/\/www.facebook.com\/cdeuniversidadalmeria\/\" \/>\n<meta property=\"article:published_time\" content=\"2019-02-27T08:22:19+00:00\" \/>\n<meta property=\"og:image\" content=\"https:\/\/www.cde.ual.es\/wp-content\/uploads\/2019\/02\/pexels-photo-1432697.jpeg\" \/>\n\t<meta property=\"og:image:width\" content=\"600\" \/>\n\t<meta property=\"og:image:height\" content=\"400\" \/>\n\t<meta property=\"og:image:type\" content=\"image\/jpeg\" \/>\n<meta name=\"author\" content=\"BECA 2 CDE\" \/>\n<meta name=\"twitter:card\" content=\"summary_large_image\" \/>\n<meta name=\"twitter:creator\" content=\"@cdeualmeria\" \/>\n<meta name=\"twitter:site\" content=\"@cdeualmeria\" \/>\n<meta name=\"twitter:label1\" content=\"Written by\" \/>\n\t<meta name=\"twitter:data1\" content=\"BECA 2 CDE\" \/>\n\t<meta name=\"twitter:label2\" content=\"Est. reading time\" \/>\n\t<meta name=\"twitter:data2\" content=\"2 minutes\" \/>\n<script type=\"application\/ld+json\" class=\"yoast-schema-graph\">{\"@context\":\"https:\\\/\\\/schema.org\",\"@graph\":[{\"@type\":\"Article\",\"@id\":\"https:\\\/\\\/www.cde.ual.es\\\/en\\\/spotlight-initiative-eu-and-un-fight-against-domestic-violence-in-the-pacific-region\\\/#article\",\"isPartOf\":{\"@id\":\"https:\\\/\\\/www.cde.ual.es\\\/en\\\/spotlight-initiative-eu-and-un-fight-against-domestic-violence-in-the-pacific-region\\\/\"},\"author\":{\"name\":\"BECA 2 CDE\",\"@id\":\"https:\\\/\\\/www.cde.ual.es\\\/#\\\/schema\\\/person\\\/ee46ebc19edfa19598c02cff83335acc\"},\"headline\":\"Spotlight Initiative: EU and UN fight against domestic violence in the Pacific region\",\"datePublished\":\"2019-02-27T08:22:19+00:00\",\"mainEntityOfPage\":{\"@id\":\"https:\\\/\\\/www.cde.ual.es\\\/en\\\/spotlight-initiative-eu-and-un-fight-against-domestic-violence-in-the-pacific-region\\\/\"},\"wordCount\":414,\"commentCount\":0,\"publisher\":{\"@id\":\"https:\\\/\\\/www.cde.ual.es\\\/#organization\"},\"image\":{\"@id\":\"https:\\\/\\\/www.cde.ual.es\\\/en\\\/spotlight-initiative-eu-and-un-fight-against-domestic-violence-in-the-pacific-region\\\/#primaryimage\"},\"thumbnailUrl\":\"https:\\\/\\\/www.cde.ual.es\\\/wp-content\\\/uploads\\\/2019\\\/02\\\/pexels-photo-1432697.jpeg\",\"keywords\":[\"Asuntos Internacionales\",\"Cooperaci\u00f3n Internacional\",\"Igualdad de Genero\"],\"articleSection\":[\"EU News\"],\"inLanguage\":\"en-US\",\"potentialAction\":[{\"@type\":\"CommentAction\",\"name\":\"Comment\",\"target\":[\"https:\\\/\\\/www.cde.ual.es\\\/en\\\/spotlight-initiative-eu-and-un-fight-against-domestic-violence-in-the-pacific-region\\\/#respond\"]}]},{\"@type\":\"WebPage\",\"@id\":\"https:\\\/\\\/www.cde.ual.es\\\/en\\\/spotlight-initiative-eu-and-un-fight-against-domestic-violence-in-the-pacific-region\\\/\",\"url\":\"https:\\\/\\\/www.cde.ual.es\\\/en\\\/spotlight-initiative-eu-and-un-fight-against-domestic-violence-in-the-pacific-region\\\/\",\"name\":\"Spotlight Initiative: EU and UN fight against domestic violence in the Pacific region | CDE Almer\u00eda - Centro de Documentaci\u00f3n Europea - Universidad de Almer\u00eda\",\"isPartOf\":{\"@id\":\"https:\\\/\\\/www.cde.ual.es\\\/#website\"},\"primaryImageOfPage\":{\"@id\":\"https:\\\/\\\/www.cde.ual.es\\\/en\\\/spotlight-initiative-eu-and-un-fight-against-domestic-violence-in-the-pacific-region\\\/#primaryimage\"},\"image\":{\"@id\":\"https:\\\/\\\/www.cde.ual.es\\\/en\\\/spotlight-initiative-eu-and-un-fight-against-domestic-violence-in-the-pacific-region\\\/#primaryimage\"},\"thumbnailUrl\":\"https:\\\/\\\/www.cde.ual.es\\\/wp-content\\\/uploads\\\/2019\\\/02\\\/pexels-photo-1432697.jpeg\",\"datePublished\":\"2019-02-27T08:22:19+00:00\",\"breadcrumb\":{\"@id\":\"https:\\\/\\\/www.cde.ual.es\\\/en\\\/spotlight-initiative-eu-and-un-fight-against-domestic-violence-in-the-pacific-region\\\/#breadcrumb\"},\"inLanguage\":\"en-US\",\"potentialAction\":[{\"@type\":\"ReadAction\",\"target\":[\"https:\\\/\\\/www.cde.ual.es\\\/en\\\/spotlight-initiative-eu-and-un-fight-against-domestic-violence-in-the-pacific-region\\\/\"]}]},{\"@type\":\"ImageObject\",\"inLanguage\":\"en-US\",\"@id\":\"https:\\\/\\\/www.cde.ual.es\\\/en\\\/spotlight-initiative-eu-and-un-fight-against-domestic-violence-in-the-pacific-region\\\/#primaryimage\",\"url\":\"https:\\\/\\\/www.cde.ual.es\\\/wp-content\\\/uploads\\\/2019\\\/02\\\/pexels-photo-1432697.jpeg\",\"contentUrl\":\"https:\\\/\\\/www.cde.ual.es\\\/wp-content\\\/uploads\\\/2019\\\/02\\\/pexels-photo-1432697.jpeg\",\"width\":600,\"height\":400,\"caption\":\"Tres ni\u00f1as peque\u00f1as sonr\u00eden a la c\u00e1mara\"},{\"@type\":\"BreadcrumbList\",\"@id\":\"https:\\\/\\\/www.cde.ual.es\\\/en\\\/spotlight-initiative-eu-and-un-fight-against-domestic-violence-in-the-pacific-region\\\/#breadcrumb\",\"itemListElement\":[{\"@type\":\"ListItem\",\"position\":1,\"name\":\"Inicio\",\"item\":\"https:\\\/\\\/www.cde.ual.es\\\/en\\\/\"},{\"@type\":\"ListItem\",\"position\":2,\"name\":\"EU News\",\"item\":\"https:\\\/\\\/www.cde.ual.es\\\/en\\\/category\\\/eu-news\\\/\"},{\"@type\":\"ListItem\",\"position\":3,\"name\":\"Spotlight Initiative: EU and UN fight against domestic violence in the Pacific region\"}]},{\"@type\":\"WebSite\",\"@id\":\"https:\\\/\\\/www.cde.ual.es\\\/#website\",\"url\":\"https:\\\/\\\/www.cde.ual.es\\\/\",\"name\":\"CDE Almer\u00eda - Centro de Documentaci\u00f3n Europea - Universidad de Almer\u00eda\",\"description\":\"Centro de Documentaci\u00f3n Europea de la Universidad de Almer\u00eda\",\"publisher\":{\"@id\":\"https:\\\/\\\/www.cde.ual.es\\\/#organization\"},\"alternateName\":\"CDE Almer\u00eda\",\"potentialAction\":[{\"@type\":\"SearchAction\",\"target\":{\"@type\":\"EntryPoint\",\"urlTemplate\":\"https:\\\/\\\/www.cde.ual.es\\\/?s={search_term_string}\"},\"query-input\":{\"@type\":\"PropertyValueSpecification\",\"valueRequired\":true,\"valueName\":\"search_term_string\"}}],\"inLanguage\":\"en-US\"},{\"@type\":\"Organization\",\"@id\":\"https:\\\/\\\/www.cde.ual.es\\\/#organization\",\"name\":\"Centro de Documentaci\u00f3n Europea de Almer\u00eda\",\"url\":\"https:\\\/\\\/www.cde.ual.es\\\/\",\"logo\":{\"@type\":\"ImageObject\",\"inLanguage\":\"en-US\",\"@id\":\"https:\\\/\\\/www.cde.ual.es\\\/#\\\/schema\\\/logo\\\/image\\\/\",\"url\":\"https:\\\/\\\/www.cde.ual.es\\\/wp-content\\\/uploads\\\/2025\\\/07\\\/cde-logo-3.png\",\"contentUrl\":\"https:\\\/\\\/www.cde.ual.es\\\/wp-content\\\/uploads\\\/2025\\\/07\\\/cde-logo-3.png\",\"width\":1400,\"height\":300,\"caption\":\"Centro de Documentaci\u00f3n Europea de Almer\u00eda\"},\"image\":{\"@id\":\"https:\\\/\\\/www.cde.ual.es\\\/#\\\/schema\\\/logo\\\/image\\\/\"},\"sameAs\":[\"https:\\\/\\\/www.facebook.com\\\/cdeuniversidadalmeria\\\/\",\"https:\\\/\\\/x.com\\\/cdeualmeria\",\"https:\\\/\\\/www.tiktok.com\\\/@cdealmeria\",\"https:\\\/\\\/www.instagram.com\\\/cdealmeria\\\/\",\"https:\\\/\\\/www.linkedin.com\\\/in\\\/cde-almera-812b26a9\\\/\"]},{\"@type\":\"Person\",\"@id\":\"https:\\\/\\\/www.cde.ual.es\\\/#\\\/schema\\\/person\\\/ee46ebc19edfa19598c02cff83335acc\",\"name\":\"BECA 2 CDE\",\"image\":{\"@type\":\"ImageObject\",\"inLanguage\":\"en-US\",\"@id\":\"https:\\\/\\\/secure.gravatar.com\\\/avatar\\\/35a481bbc04bbd90e91bdfa3b0b5541036c222a49b9ad37b6889a2afcb5311a5?s=96&d=mm&r=g\",\"url\":\"https:\\\/\\\/secure.gravatar.com\\\/avatar\\\/35a481bbc04bbd90e91bdfa3b0b5541036c222a49b9ad37b6889a2afcb5311a5?s=96&d=mm&r=g\",\"contentUrl\":\"https:\\\/\\\/secure.gravatar.com\\\/avatar\\\/35a481bbc04bbd90e91bdfa3b0b5541036c222a49b9ad37b6889a2afcb5311a5?s=96&d=mm&r=g\",\"caption\":\"BECA 2 CDE\"},\"sameAs\":[\"http:\\\/\\\/www.cdealmeria.com\"]}]}<\/script>\n<!-- \/ Yoast SEO plugin. -->","yoast_head_json":{"title":"Spotlight Initiative: EU and UN fight against domestic violence in the Pacific region | CDE Almer\u00eda - Centro de Documentaci\u00f3n Europea - Universidad de Almer\u00eda","robots":{"index":"index","follow":"follow","max-snippet":"max-snippet:-1","max-image-preview":"max-image-preview:large","max-video-preview":"max-video-preview:-1"},"canonical":"https:\/\/www.cde.ual.es\/en\/spotlight-initiative-eu-and-un-fight-against-domestic-violence-in-the-pacific-region\/","og_locale":"en_US","og_type":"article","og_title":"Spotlight Initiative: EU and UN fight against domestic violence in the Pacific region | CDE Almer\u00eda - Centro de Documentaci\u00f3n Europea - Universidad de Almer\u00eda","og_description":"The European Union and the United Nations are announcing today a \u20ac50 million investment to tackle domestic violence in the Pacific region, as part of the EU-UN Spotlight Initiative. The \u20ac50 million contribution will fund new programmes to support concrete measures to end domestic and gender-based violence. It will do so by supporting preventive measures, [&hellip;]","og_url":"https:\/\/www.cde.ual.es\/en\/spotlight-initiative-eu-and-un-fight-against-domestic-violence-in-the-pacific-region\/","og_site_name":"CDE Almer\u00eda - Centro de Documentaci\u00f3n Europea - Universidad de Almer\u00eda","article_publisher":"https:\/\/www.facebook.com\/cdeuniversidadalmeria\/","article_published_time":"2019-02-27T08:22:19+00:00","og_image":[{"width":600,"height":400,"url":"https:\/\/www.cde.ual.es\/wp-content\/uploads\/2019\/02\/pexels-photo-1432697.jpeg","type":"image\/jpeg"}],"author":"BECA 2 CDE","twitter_card":"summary_large_image","twitter_creator":"@cdeualmeria","twitter_site":"@cdeualmeria","twitter_misc":{"Written by":"BECA 2 CDE","Est. reading time":"2 minutes"},"schema":{"@context":"https:\/\/schema.org","@graph":[{"@type":"Article","@id":"https:\/\/www.cde.ual.es\/en\/spotlight-initiative-eu-and-un-fight-against-domestic-violence-in-the-pacific-region\/#article","isPartOf":{"@id":"https:\/\/www.cde.ual.es\/en\/spotlight-initiative-eu-and-un-fight-against-domestic-violence-in-the-pacific-region\/"},"author":{"name":"BECA 2 CDE","@id":"https:\/\/www.cde.ual.es\/#\/schema\/person\/ee46ebc19edfa19598c02cff83335acc"},"headline":"Spotlight Initiative: EU and UN fight against domestic violence in the Pacific region","datePublished":"2019-02-27T08:22:19+00:00","mainEntityOfPage":{"@id":"https:\/\/www.cde.ual.es\/en\/spotlight-initiative-eu-and-un-fight-against-domestic-violence-in-the-pacific-region\/"},"wordCount":414,"commentCount":0,"publisher":{"@id":"https:\/\/www.cde.ual.es\/#organization"},"image":{"@id":"https:\/\/www.cde.ual.es\/en\/spotlight-initiative-eu-and-un-fight-against-domestic-violence-in-the-pacific-region\/#primaryimage"},"thumbnailUrl":"https:\/\/www.cde.ual.es\/wp-content\/uploads\/2019\/02\/pexels-photo-1432697.jpeg","keywords":["Asuntos Internacionales","Cooperaci\u00f3n Internacional","Igualdad de Genero"],"articleSection":["EU News"],"inLanguage":"en-US","potentialAction":[{"@type":"CommentAction","name":"Comment","target":["https:\/\/www.cde.ual.es\/en\/spotlight-initiative-eu-and-un-fight-against-domestic-violence-in-the-pacific-region\/#respond"]}]},{"@type":"WebPage","@id":"https:\/\/www.cde.ual.es\/en\/spotlight-initiative-eu-and-un-fight-against-domestic-violence-in-the-pacific-region\/","url":"https:\/\/www.cde.ual.es\/en\/spotlight-initiative-eu-and-un-fight-against-domestic-violence-in-the-pacific-region\/","name":"Spotlight Initiative: EU and UN fight against domestic violence in the Pacific region | CDE Almer\u00eda - Centro de Documentaci\u00f3n Europea - Universidad de Almer\u00eda","isPartOf":{"@id":"https:\/\/www.cde.ual.es\/#website"},"primaryImageOfPage":{"@id":"https:\/\/www.cde.ual.es\/en\/spotlight-initiative-eu-and-un-fight-against-domestic-violence-in-the-pacific-region\/#primaryimage"},"image":{"@id":"https:\/\/www.cde.ual.es\/en\/spotlight-initiative-eu-and-un-fight-against-domestic-violence-in-the-pacific-region\/#primaryimage"},"thumbnailUrl":"https:\/\/www.cde.ual.es\/wp-content\/uploads\/2019\/02\/pexels-photo-1432697.jpeg","datePublished":"2019-02-27T08:22:19+00:00","breadcrumb":{"@id":"https:\/\/www.cde.ual.es\/en\/spotlight-initiative-eu-and-un-fight-against-domestic-violence-in-the-pacific-region\/#breadcrumb"},"inLanguage":"en-US","potentialAction":[{"@type":"ReadAction","target":["https:\/\/www.cde.ual.es\/en\/spotlight-initiative-eu-and-un-fight-against-domestic-violence-in-the-pacific-region\/"]}]},{"@type":"ImageObject","inLanguage":"en-US","@id":"https:\/\/www.cde.ual.es\/en\/spotlight-initiative-eu-and-un-fight-against-domestic-violence-in-the-pacific-region\/#primaryimage","url":"https:\/\/www.cde.ual.es\/wp-content\/uploads\/2019\/02\/pexels-photo-1432697.jpeg","contentUrl":"https:\/\/www.cde.ual.es\/wp-content\/uploads\/2019\/02\/pexels-photo-1432697.jpeg","width":600,"height":400,"caption":"Tres ni\u00f1as peque\u00f1as sonr\u00eden a la c\u00e1mara"},{"@type":"BreadcrumbList","@id":"https:\/\/www.cde.ual.es\/en\/spotlight-initiative-eu-and-un-fight-against-domestic-violence-in-the-pacific-region\/#breadcrumb","itemListElement":[{"@type":"ListItem","position":1,"name":"Inicio","item":"https:\/\/www.cde.ual.es\/en\/"},{"@type":"ListItem","position":2,"name":"EU News","item":"https:\/\/www.cde.ual.es\/en\/category\/eu-news\/"},{"@type":"ListItem","position":3,"name":"Spotlight Initiative: EU and UN fight against domestic violence in the Pacific region"}]},{"@type":"WebSite","@id":"https:\/\/www.cde.ual.es\/#website","url":"https:\/\/www.cde.ual.es\/","name":"CDE Almer\u00eda - Centro de Documentaci\u00f3n Europea - Universidad de Almer\u00eda","description":"Centro de Documentaci\u00f3n Europea de la Universidad de Almer\u00eda","publisher":{"@id":"https:\/\/www.cde.ual.es\/#organization"},"alternateName":"CDE Almer\u00eda","potentialAction":[{"@type":"SearchAction","target":{"@type":"EntryPoint","urlTemplate":"https:\/\/www.cde.ual.es\/?s={search_term_string}"},"query-input":{"@type":"PropertyValueSpecification","valueRequired":true,"valueName":"search_term_string"}}],"inLanguage":"en-US"},{"@type":"Organization","@id":"https:\/\/www.cde.ual.es\/#organization","name":"Centro de Documentaci\u00f3n Europea de Almer\u00eda","url":"https:\/\/www.cde.ual.es\/","logo":{"@type":"ImageObject","inLanguage":"en-US","@id":"https:\/\/www.cde.ual.es\/#\/schema\/logo\/image\/","url":"https:\/\/www.cde.ual.es\/wp-content\/uploads\/2025\/07\/cde-logo-3.png","contentUrl":"https:\/\/www.cde.ual.es\/wp-content\/uploads\/2025\/07\/cde-logo-3.png","width":1400,"height":300,"caption":"Centro de Documentaci\u00f3n Europea de Almer\u00eda"},"image":{"@id":"https:\/\/www.cde.ual.es\/#\/schema\/logo\/image\/"},"sameAs":["https:\/\/www.facebook.com\/cdeuniversidadalmeria\/","https:\/\/x.com\/cdeualmeria","https:\/\/www.tiktok.com\/@cdealmeria","https:\/\/www.instagram.com\/cdealmeria\/","https:\/\/www.linkedin.com\/in\/cde-almera-812b26a9\/"]},{"@type":"Person","@id":"https:\/\/www.cde.ual.es\/#\/schema\/person\/ee46ebc19edfa19598c02cff83335acc","name":"BECA 2 CDE","image":{"@type":"ImageObject","inLanguage":"en-US","@id":"https:\/\/secure.gravatar.com\/avatar\/35a481bbc04bbd90e91bdfa3b0b5541036c222a49b9ad37b6889a2afcb5311a5?s=96&d=mm&r=g","url":"https:\/\/secure.gravatar.com\/avatar\/35a481bbc04bbd90e91bdfa3b0b5541036c222a49b9ad37b6889a2afcb5311a5?s=96&d=mm&r=g","contentUrl":"https:\/\/secure.gravatar.com\/avatar\/35a481bbc04bbd90e91bdfa3b0b5541036c222a49b9ad37b6889a2afcb5311a5?s=96&d=mm&r=g","caption":"BECA 2 CDE"},"sameAs":["http:\/\/www.cdealmeria.com"]}]}},"_links":{"self":[{"href":"https:\/\/www.cde.ual.es\/en\/wp-json\/wp\/v2\/posts\/13729","targetHints":{"allow":["GET"]}}],"collection":[{"href":"https:\/\/www.cde.ual.es\/en\/wp-json\/wp\/v2\/posts"}],"about":[{"href":"https:\/\/www.cde.ual.es\/en\/wp-json\/wp\/v2\/types\/post"}],"author":[{"embeddable":true,"href":"https:\/\/www.cde.ual.es\/en\/wp-json\/wp\/v2\/users\/101011"}],"replies":[{"embeddable":true,"href":"https:\/\/www.cde.ual.es\/en\/wp-json\/wp\/v2\/comments?post=13729"}],"version-history":[{"count":0,"href":"https:\/\/www.cde.ual.es\/en\/wp-json\/wp\/v2\/posts\/13729\/revisions"}],"wp:featuredmedia":[{"embeddable":true,"href":"https:\/\/www.cde.ual.es\/en\/wp-json\/wp\/v2\/media\/13710"}],"wp:attachment":[{"href":"https:\/\/www.cde.ual.es\/en\/wp-json\/wp\/v2\/media?parent=13729"}],"wp:term":[{"taxonomy":"category","embeddable":true,"href":"https:\/\/www.cde.ual.es\/en\/wp-json\/wp\/v2\/categories?post=13729"},{"taxonomy":"post_tag","embeddable":true,"href":"https:\/\/www.cde.ual.es\/en\/wp-json\/wp\/v2\/tags?post=13729"}],"curies":[{"name":"wp","href":"https:\/\/api.w.org\/{rel}","templated":true}]}}