{"id":137214,"date":"2023-06-01T12:18:10","date_gmt":"2023-06-01T10:18:10","guid":{"rendered":"https:\/\/www.cde.ual.es\/?p=137214"},"modified":"2023-06-01T12:18:10","modified_gmt":"2023-06-01T10:18:10","slug":"how-the-eu-is-preparing-for-the-2023-wildfire-season","status":"publish","type":"post","link":"https:\/\/www.cde.ual.es\/en\/how-the-eu-is-preparing-for-the-2023-wildfire-season\/","title":{"rendered":"How the EU is preparing for the 2023 wildfire season"},"content":{"rendered":"<p style=\"text-align: justify;\">2022 was the second worst wildfire season in Europe and the first months of this year are following the same trajectory. We have already seen many winter and spring fires across the continent \u2013 from southern Ireland to the Balkan region. In response to this situation, the EU is scaling\u00a0up its firefighting efforts with a bold new range of tools to keep Europeans safe this summer.<\/p>\n<p><a href=\"https:\/\/www.cde.ual.es\/wp-content\/uploads\/2019\/05\/forest-fire-432870_960_720.jpg\"><img decoding=\"async\" class=\"size-full wp-image-17786 aligncenter\" src=\"https:\/\/www.cde.ual.es\/wp-content\/uploads\/2019\/05\/forest-fire-432870_960_720.jpg\" alt=\"\" width=\"960\" height=\"626\" srcset=\"https:\/\/www.cde.ual.es\/wp-content\/uploads\/2019\/05\/forest-fire-432870_960_720.jpg 960w, https:\/\/www.cde.ual.es\/wp-content\/uploads\/2019\/05\/forest-fire-432870_960_720-300x196.jpg 300w, https:\/\/www.cde.ual.es\/wp-content\/uploads\/2019\/05\/forest-fire-432870_960_720-768x501.jpg 768w\" sizes=\"(max-width: 960px) 100vw, 960px\" \/><\/a><\/p>\n<p style=\"text-align: justify;\">Wildfires pose a significant disaster risk across Europe and beyond. They damage ecosystems, destroy communities and devastate the lives of many Europeans.<\/p>\n<p style=\"text-align: justify;\">With the reality of the climate crisis making natural hazards more frequent and intense, Europe must be prepared for longer and more challenging wildfire seasons in the coming years.<\/p>\n<p style=\"text-align: justify;\">Here are 3 ways the EU is preparing for this year\u2019s wildfires season.<\/p>\n<p style=\"text-align: justify;\"><strong>1. Building Europe\u2019s wildfire fighting capacity<\/strong><\/p>\n<p style=\"text-align: justify;\">When a wildfire starts, it is crucial that the national emergency services have the ability to deal with the blaze quickly and efficiently. But when a wildfire becomes too big for one country to deal with, it needs the resources and support of the EU.<\/p>\n<p style=\"text-align: justify;\">That\u2019s why Europe is doubling the\u00a0<a class=\"ecl-link\" href=\"https:\/\/civil-protection-humanitarian-aid.ec.europa.eu\/what\/civil-protection\/resceu_en\">rescEU<\/a>\u00a0firefighting air fleet, meaning 28 planes and helicopters will be on hand this year to support national firefighters across the continent. This consists of:<\/p>\n<ul style=\"text-align: justify;\">\n<li>10 medium amphibious aircraft<\/li>\n<li>14 lighter aircraft<\/li>\n<li>4 medium\/heavy lift helicopters<\/li>\n<\/ul>\n<p style=\"text-align: justify;\">This is alongside the resources ready to be mobilised from the\u00a0<a class=\"ecl-link\" href=\"https:\/\/civil-protection-humanitarian-aid.ec.europa.eu\/what\/civil-protection\/european-civil-protection-pool_en\">European wildfire Pool<\/a>, including:<\/p>\n<ul style=\"text-align: justify;\">\n<li>4 medium amphibious aircraft<\/li>\n<li>12 ground forest firefighting teams<\/li>\n<li>2 assessment \/ advisory teams<\/li>\n<\/ul>\n<p style=\"text-align: justify;\">These resources are complemented by ad-hoc offers from Member States under the\u00a0<a class=\"ecl-link\" href=\"https:\/\/civil-protection-humanitarian-aid.ec.europa.eu\/what\/civil-protection\/eu-civil-protection-mechanism_en\">EU Civil Protection Mechanism<\/a>.<\/p>\n<p>&nbsp;<\/p>\n<table style=\"width: 99.9988%; border-collapse: collapse; border-style: double; border-color: #001f7d;\" cellpadding=\"0,5\">\n<tbody>\n<tr>\n<td style=\"width: 100%;\"><a href=\"https:\/\/www.cde.ual.es\/en\/eu-doubles-resceu-firefighting-fleet-for-summer-2023\/\" target=\"_blank\" rel=\"noopener\"><img decoding=\"async\" class=\"alignleft\" src=\"https:\/\/www.cde.ual.es\/wp-content\/uploads\/2018\/12\/civil_protection_rodas.jpg\" alt=\"\" width=\"136\" height=\"194\" \/><\/a><\/p>\n<h4 class=\"entry-title\"><a href=\"https:\/\/www.cde.ual.es\/en\/eu-doubles-resceu-firefighting-fleet-for-summer-2023\/\" target=\"_blank\" rel=\"noopener\">EU doubles rescEU firefighting fleet for summer 2023<\/a><\/h4>\n<\/td>\n<\/tr>\n<\/tbody>\n<\/table>\n<p style=\"text-align: justify;\"><strong>2. Prepositioning ground teams to fight fires as they start<\/strong><\/p>\n<p style=\"text-align: justify;\">In addition to an increased rescEU fleet, the EU facilitates and finances the prepositioning of firefighters and ground vehicles.<\/p>\n<p style=\"text-align: justify;\">This summer the programme is being expanded to ensure more than 450 firefighters from 11 EU countries are already positioned in Greece, France and Portugal, ready to help local fire brigades if fires break out.<\/p>\n<p style=\"text-align: justify;\"><strong>3. Launching new, dedicated wildfires support team<\/strong><\/p>\n<p style=\"text-align: justify;\">The EU is developing a wildfires support team within the\u00a0<a class=\"ecl-link\" href=\"https:\/\/civil-protection-humanitarian-aid.ec.europa.eu\/what\/civil-protection\/emergency-response-coordination-centre-ercc_en\">Emergency Response Coordination Centre<\/a>\u00a0(ERCC) to deal with the new realities of longer, more dangerous wildfire seasons.<\/p>\n<p style=\"text-align: justify;\">This new firefighting coordination cell will be dedicated to managing a coordinated response to wildfires across Europe and beyond: monitoring the situation, tracking equipment availability, and contributing to deployment.<\/p>\n<p style=\"text-align: justify;\">This team will be staffed jointly by ERCC personnel and national scientific experts from Member States and participating states of the EU Civil Protection Mechanism. It will operate from June to September, the height of the wildfire season.<\/p>\n<table style=\"width: 99.9988%; border-collapse: collapse; border-style: double; border-color: #001f7d;\" cellpadding=\"0,5\">\n<tbody>\n<tr>\n<td style=\"width: 100%;\"><a href=\"https:\/\/www.cde.ual.es\/en\/fires-in-the-eu-call-firefighters-to-the-test\/\" target=\"_blank\" rel=\"noopener\"><img decoding=\"async\" class=\"alignleft\" src=\"https:\/\/www.cde.ual.es\/wp-content\/uploads\/2022\/08\/20220809_FirefightersbuPop_wide-1024x512.png\" alt=\"\" width=\"136\" height=\"194\" \/><\/a><\/p>\n<h4 class=\"entry-title\"><a href=\"https:\/\/www.cde.ual.es\/en\/fires-in-the-eu-call-firefighters-to-the-test\/\" target=\"_blank\" rel=\"noopener\">Fires in the EU call firefighters to the test<br \/>\n<\/a><\/h4>\n<\/td>\n<\/tr>\n<\/tbody>\n<\/table>\n<p style=\"text-align: justify;\"><strong>Building a safer future for Europe<\/strong><\/p>\n<p style=\"text-align: justify;\">These new resources all reinforce the science-based approach and cutting-edge abilities of the EU Civil Protection Mechanism, ensuring that Europe is prepared for the future.<\/p>\n<p style=\"text-align: justify;\">But the EU\u2019s increased capacity is not just limited to firefighting. In February the EU adopted 5\u00a0<a class=\"ecl-link\" href=\"https:\/\/civil-protection-humanitarian-aid.ec.europa.eu\/what\/civil-protection\/european-disaster-risk-management\/european-disaster-resilience-goals_en\">European Disaster Resilience Goals<\/a>, which will help communities to better anticipate and withstand future emergencies.<\/p>\n<p style=\"text-align: justify;\">Furthermore, the Commission has introduced the\u00a0<a class=\"ecl-link\" href=\"https:\/\/civil-protection-humanitarian-aid.ec.europa.eu\/what\/civil-protection\/peer-review-programme_en#new-wildfire-peer-reviews\">Wildfire Peer Review Assessment Framework (Wildfire PRAF)<\/a>\u00a0as a tool to enhance wildfire risk management capacity and promote knowledge sharing among European nations.<\/p>\n<p style=\"text-align: justify;\"><strong>More information: <a href=\"https:\/\/civil-protection-humanitarian-aid.ec.europa.eu\/news-stories\/stories\/how-eu-preparing-2023-wildfire-season_en?pk_source=website&amp;pk_medium=banner&amp;pk_campaign=carousel\">EU Civil Protection<\/a><\/strong><\/p>\n","protected":false},"excerpt":{"rendered":"<p>2022 was the second worst wildfire season in Europe and the first months of this year are following the same trajectory. We have already seen many winter and spring fires across the continent \u2013 from southern Ireland to the Balkan region. In response to this situation, the EU is scaling\u00a0up its firefighting efforts with a [&hellip;]<\/p>\n","protected":false},"author":1,"featured_media":17786,"comment_status":"open","ping_status":"open","sticky":false,"template":"","format":"standard","meta":{"_acf_changed":false,"_relevanssi_hide_post":"","_relevanssi_hide_content":"","_relevanssi_pin_for_all":"","_relevanssi_pin_keywords":"","_relevanssi_unpin_keywords":"","_relevanssi_related_keywords":"","_relevanssi_related_include_ids":"","_relevanssi_related_exclude_ids":"","_relevanssi_related_no_append":"","_relevanssi_related_not_related":"","_relevanssi_related_posts":"","_relevanssi_noindex_reason":"","_monsterinsights_skip_tracking":false,"_monsterinsights_sitenote_active":false,"_monsterinsights_sitenote_note":"","_monsterinsights_sitenote_category":0,"_genesis_hide_title":false,"_genesis_hide_breadcrumbs":false,"_genesis_hide_singular_image":false,"_genesis_hide_footer_widgets":false,"_genesis_custom_body_class":"","_genesis_custom_post_class":"","_genesis_layout":"","footnotes":""},"categories":[4085,346],"tags":[6361,779,368,1679,9689],"class_list":{"0":"post-137214","1":"post","2":"type-post","3":"status-publish","4":"format-standard","5":"has-post-thumbnail","7":"category-environment","8":"category-eu-news","9":"tag-2023-en","10":"tag-eu-en","11":"tag-european-union","12":"tag-resceu","13":"tag-wildfire","14":"entry"},"acf":[],"yoast_head":"<!-- This site is optimized with the Yoast SEO plugin v27.4 - https:\/\/yoast.com\/product\/yoast-seo-wordpress\/ -->\n<title>How the EU is preparing for the 2023 wildfire season | CDE Almer\u00eda - Centro de Documentaci\u00f3n Europea - Universidad de Almer\u00eda<\/title>\n<meta name=\"robots\" content=\"index, follow, max-snippet:-1, max-image-preview:large, max-video-preview:-1\" \/>\n<link rel=\"canonical\" href=\"https:\/\/www.cde.ual.es\/en\/how-the-eu-is-preparing-for-the-2023-wildfire-season\/\" \/>\n<meta property=\"og:locale\" content=\"en_US\" \/>\n<meta property=\"og:type\" content=\"article\" \/>\n<meta property=\"og:title\" content=\"How the EU is preparing for the 2023 wildfire season | CDE Almer\u00eda - Centro de Documentaci\u00f3n Europea - Universidad de Almer\u00eda\" \/>\n<meta property=\"og:description\" content=\"2022 was the second worst wildfire season in Europe and the first months of this year are following the same trajectory. We have already seen many winter and spring fires across the continent \u2013 from southern Ireland to the Balkan region. In response to this situation, the EU is scaling\u00a0up its firefighting efforts with a [&hellip;]\" \/>\n<meta property=\"og:url\" content=\"https:\/\/www.cde.ual.es\/en\/how-the-eu-is-preparing-for-the-2023-wildfire-season\/\" \/>\n<meta property=\"og:site_name\" content=\"CDE Almer\u00eda - Centro de Documentaci\u00f3n Europea - Universidad de Almer\u00eda\" \/>\n<meta property=\"article:publisher\" content=\"https:\/\/www.facebook.com\/cdeuniversidadalmeria\/\" \/>\n<meta property=\"article:published_time\" content=\"2023-06-01T10:18:10+00:00\" \/>\n<meta property=\"og:image\" content=\"https:\/\/www.cde.ual.es\/wp-content\/uploads\/2019\/05\/forest-fire-432870_960_720.jpg\" \/>\n\t<meta property=\"og:image:width\" content=\"960\" \/>\n\t<meta property=\"og:image:height\" content=\"626\" \/>\n\t<meta property=\"og:image:type\" content=\"image\/jpeg\" \/>\n<meta name=\"author\" content=\"AdminCDE\" \/>\n<meta name=\"twitter:card\" content=\"summary_large_image\" \/>\n<meta name=\"twitter:creator\" content=\"@cdeualmeria\" \/>\n<meta name=\"twitter:site\" content=\"@cdeualmeria\" \/>\n<meta name=\"twitter:label1\" content=\"Written by\" \/>\n\t<meta name=\"twitter:data1\" content=\"AdminCDE\" \/>\n\t<meta name=\"twitter:label2\" content=\"Est. reading time\" \/>\n\t<meta name=\"twitter:data2\" content=\"4 minutes\" \/>\n<script type=\"application\/ld+json\" class=\"yoast-schema-graph\">{\"@context\":\"https:\\\/\\\/schema.org\",\"@graph\":[{\"@type\":\"Article\",\"@id\":\"https:\\\/\\\/www.cde.ual.es\\\/en\\\/how-the-eu-is-preparing-for-the-2023-wildfire-season\\\/#article\",\"isPartOf\":{\"@id\":\"https:\\\/\\\/www.cde.ual.es\\\/en\\\/how-the-eu-is-preparing-for-the-2023-wildfire-season\\\/\"},\"author\":{\"name\":\"AdminCDE\",\"@id\":\"https:\\\/\\\/www.cde.ual.es\\\/#\\\/schema\\\/person\\\/224ef08c8bcc005f319d2713ce37ee5f\"},\"headline\":\"How the EU is preparing for the 2023 wildfire season\",\"datePublished\":\"2023-06-01T10:18:10+00:00\",\"mainEntityOfPage\":{\"@id\":\"https:\\\/\\\/www.cde.ual.es\\\/en\\\/how-the-eu-is-preparing-for-the-2023-wildfire-season\\\/\"},\"wordCount\":545,\"commentCount\":0,\"publisher\":{\"@id\":\"https:\\\/\\\/www.cde.ual.es\\\/#organization\"},\"image\":{\"@id\":\"https:\\\/\\\/www.cde.ual.es\\\/en\\\/how-the-eu-is-preparing-for-the-2023-wildfire-season\\\/#primaryimage\"},\"thumbnailUrl\":\"https:\\\/\\\/www.cde.ual.es\\\/wp-content\\\/uploads\\\/2019\\\/05\\\/forest-fire-432870_960_720.jpg\",\"keywords\":[\"2023\",\"EU\",\"European Union\",\"rescEU\",\"wildfire\"],\"articleSection\":[\"Environmental Affairs\",\"EU News\"],\"inLanguage\":\"en-US\",\"potentialAction\":[{\"@type\":\"CommentAction\",\"name\":\"Comment\",\"target\":[\"https:\\\/\\\/www.cde.ual.es\\\/en\\\/how-the-eu-is-preparing-for-the-2023-wildfire-season\\\/#respond\"]}]},{\"@type\":\"WebPage\",\"@id\":\"https:\\\/\\\/www.cde.ual.es\\\/en\\\/how-the-eu-is-preparing-for-the-2023-wildfire-season\\\/\",\"url\":\"https:\\\/\\\/www.cde.ual.es\\\/en\\\/how-the-eu-is-preparing-for-the-2023-wildfire-season\\\/\",\"name\":\"How the EU is preparing for the 2023 wildfire season | CDE Almer\u00eda - Centro de Documentaci\u00f3n Europea - Universidad de Almer\u00eda\",\"isPartOf\":{\"@id\":\"https:\\\/\\\/www.cde.ual.es\\\/#website\"},\"primaryImageOfPage\":{\"@id\":\"https:\\\/\\\/www.cde.ual.es\\\/en\\\/how-the-eu-is-preparing-for-the-2023-wildfire-season\\\/#primaryimage\"},\"image\":{\"@id\":\"https:\\\/\\\/www.cde.ual.es\\\/en\\\/how-the-eu-is-preparing-for-the-2023-wildfire-season\\\/#primaryimage\"},\"thumbnailUrl\":\"https:\\\/\\\/www.cde.ual.es\\\/wp-content\\\/uploads\\\/2019\\\/05\\\/forest-fire-432870_960_720.jpg\",\"datePublished\":\"2023-06-01T10:18:10+00:00\",\"breadcrumb\":{\"@id\":\"https:\\\/\\\/www.cde.ual.es\\\/en\\\/how-the-eu-is-preparing-for-the-2023-wildfire-season\\\/#breadcrumb\"},\"inLanguage\":\"en-US\",\"potentialAction\":[{\"@type\":\"ReadAction\",\"target\":[\"https:\\\/\\\/www.cde.ual.es\\\/en\\\/how-the-eu-is-preparing-for-the-2023-wildfire-season\\\/\"]}]},{\"@type\":\"ImageObject\",\"inLanguage\":\"en-US\",\"@id\":\"https:\\\/\\\/www.cde.ual.es\\\/en\\\/how-the-eu-is-preparing-for-the-2023-wildfire-season\\\/#primaryimage\",\"url\":\"https:\\\/\\\/www.cde.ual.es\\\/wp-content\\\/uploads\\\/2019\\\/05\\\/forest-fire-432870_960_720.jpg\",\"contentUrl\":\"https:\\\/\\\/www.cde.ual.es\\\/wp-content\\\/uploads\\\/2019\\\/05\\\/forest-fire-432870_960_720.jpg\",\"width\":960,\"height\":626},{\"@type\":\"BreadcrumbList\",\"@id\":\"https:\\\/\\\/www.cde.ual.es\\\/en\\\/how-the-eu-is-preparing-for-the-2023-wildfire-season\\\/#breadcrumb\",\"itemListElement\":[{\"@type\":\"ListItem\",\"position\":1,\"name\":\"Inicio\",\"item\":\"https:\\\/\\\/www.cde.ual.es\\\/en\\\/\"},{\"@type\":\"ListItem\",\"position\":2,\"name\":\"EU News\",\"item\":\"https:\\\/\\\/www.cde.ual.es\\\/en\\\/category\\\/eu-news\\\/\"},{\"@type\":\"ListItem\",\"position\":3,\"name\":\"Environmental Affairs\",\"item\":\"https:\\\/\\\/www.cde.ual.es\\\/en\\\/category\\\/eu-news\\\/environment\\\/\"},{\"@type\":\"ListItem\",\"position\":4,\"name\":\"How the EU is preparing for the 2023 wildfire season\"}]},{\"@type\":\"WebSite\",\"@id\":\"https:\\\/\\\/www.cde.ual.es\\\/#website\",\"url\":\"https:\\\/\\\/www.cde.ual.es\\\/\",\"name\":\"CDE Almer\u00eda - Centro de Documentaci\u00f3n Europea - Universidad de Almer\u00eda\",\"description\":\"Centro de Documentaci\u00f3n Europea de la Universidad de Almer\u00eda\",\"publisher\":{\"@id\":\"https:\\\/\\\/www.cde.ual.es\\\/#organization\"},\"alternateName\":\"CDE Almer\u00eda\",\"potentialAction\":[{\"@type\":\"SearchAction\",\"target\":{\"@type\":\"EntryPoint\",\"urlTemplate\":\"https:\\\/\\\/www.cde.ual.es\\\/?s={search_term_string}\"},\"query-input\":{\"@type\":\"PropertyValueSpecification\",\"valueRequired\":true,\"valueName\":\"search_term_string\"}}],\"inLanguage\":\"en-US\"},{\"@type\":\"Organization\",\"@id\":\"https:\\\/\\\/www.cde.ual.es\\\/#organization\",\"name\":\"Centro de Documentaci\u00f3n Europea de Almer\u00eda\",\"url\":\"https:\\\/\\\/www.cde.ual.es\\\/\",\"logo\":{\"@type\":\"ImageObject\",\"inLanguage\":\"en-US\",\"@id\":\"https:\\\/\\\/www.cde.ual.es\\\/#\\\/schema\\\/logo\\\/image\\\/\",\"url\":\"https:\\\/\\\/www.cde.ual.es\\\/wp-content\\\/uploads\\\/2025\\\/07\\\/cde-logo-3.png\",\"contentUrl\":\"https:\\\/\\\/www.cde.ual.es\\\/wp-content\\\/uploads\\\/2025\\\/07\\\/cde-logo-3.png\",\"width\":1400,\"height\":300,\"caption\":\"Centro de Documentaci\u00f3n Europea de Almer\u00eda\"},\"image\":{\"@id\":\"https:\\\/\\\/www.cde.ual.es\\\/#\\\/schema\\\/logo\\\/image\\\/\"},\"sameAs\":[\"https:\\\/\\\/www.facebook.com\\\/cdeuniversidadalmeria\\\/\",\"https:\\\/\\\/x.com\\\/cdeualmeria\",\"https:\\\/\\\/www.tiktok.com\\\/@cdealmeria\",\"https:\\\/\\\/www.instagram.com\\\/cdealmeria\\\/\",\"https:\\\/\\\/www.linkedin.com\\\/in\\\/cde-almera-812b26a9\\\/\"]},{\"@type\":\"Person\",\"@id\":\"https:\\\/\\\/www.cde.ual.es\\\/#\\\/schema\\\/person\\\/224ef08c8bcc005f319d2713ce37ee5f\",\"name\":\"AdminCDE\",\"image\":{\"@type\":\"ImageObject\",\"inLanguage\":\"en-US\",\"@id\":\"https:\\\/\\\/secure.gravatar.com\\\/avatar\\\/a72d038d371f995cd13706fac32274b7952a52e8fb0a84b5f80c85426f2a98a8?s=96&d=mm&r=g\",\"url\":\"https:\\\/\\\/secure.gravatar.com\\\/avatar\\\/a72d038d371f995cd13706fac32274b7952a52e8fb0a84b5f80c85426f2a98a8?s=96&d=mm&r=g\",\"contentUrl\":\"https:\\\/\\\/secure.gravatar.com\\\/avatar\\\/a72d038d371f995cd13706fac32274b7952a52e8fb0a84b5f80c85426f2a98a8?s=96&d=mm&r=g\",\"caption\":\"AdminCDE\"}}]}<\/script>\n<!-- \/ Yoast SEO plugin. -->","yoast_head_json":{"title":"How the EU is preparing for the 2023 wildfire season | CDE Almer\u00eda - Centro de Documentaci\u00f3n Europea - Universidad de Almer\u00eda","robots":{"index":"index","follow":"follow","max-snippet":"max-snippet:-1","max-image-preview":"max-image-preview:large","max-video-preview":"max-video-preview:-1"},"canonical":"https:\/\/www.cde.ual.es\/en\/how-the-eu-is-preparing-for-the-2023-wildfire-season\/","og_locale":"en_US","og_type":"article","og_title":"How the EU is preparing for the 2023 wildfire season | CDE Almer\u00eda - Centro de Documentaci\u00f3n Europea - Universidad de Almer\u00eda","og_description":"2022 was the second worst wildfire season in Europe and the first months of this year are following the same trajectory. We have already seen many winter and spring fires across the continent \u2013 from southern Ireland to the Balkan region. In response to this situation, the EU is scaling\u00a0up its firefighting efforts with a [&hellip;]","og_url":"https:\/\/www.cde.ual.es\/en\/how-the-eu-is-preparing-for-the-2023-wildfire-season\/","og_site_name":"CDE Almer\u00eda - Centro de Documentaci\u00f3n Europea - Universidad de Almer\u00eda","article_publisher":"https:\/\/www.facebook.com\/cdeuniversidadalmeria\/","article_published_time":"2023-06-01T10:18:10+00:00","og_image":[{"width":960,"height":626,"url":"https:\/\/www.cde.ual.es\/wp-content\/uploads\/2019\/05\/forest-fire-432870_960_720.jpg","type":"image\/jpeg"}],"author":"AdminCDE","twitter_card":"summary_large_image","twitter_creator":"@cdeualmeria","twitter_site":"@cdeualmeria","twitter_misc":{"Written by":"AdminCDE","Est. reading time":"4 minutes"},"schema":{"@context":"https:\/\/schema.org","@graph":[{"@type":"Article","@id":"https:\/\/www.cde.ual.es\/en\/how-the-eu-is-preparing-for-the-2023-wildfire-season\/#article","isPartOf":{"@id":"https:\/\/www.cde.ual.es\/en\/how-the-eu-is-preparing-for-the-2023-wildfire-season\/"},"author":{"name":"AdminCDE","@id":"https:\/\/www.cde.ual.es\/#\/schema\/person\/224ef08c8bcc005f319d2713ce37ee5f"},"headline":"How the EU is preparing for the 2023 wildfire season","datePublished":"2023-06-01T10:18:10+00:00","mainEntityOfPage":{"@id":"https:\/\/www.cde.ual.es\/en\/how-the-eu-is-preparing-for-the-2023-wildfire-season\/"},"wordCount":545,"commentCount":0,"publisher":{"@id":"https:\/\/www.cde.ual.es\/#organization"},"image":{"@id":"https:\/\/www.cde.ual.es\/en\/how-the-eu-is-preparing-for-the-2023-wildfire-season\/#primaryimage"},"thumbnailUrl":"https:\/\/www.cde.ual.es\/wp-content\/uploads\/2019\/05\/forest-fire-432870_960_720.jpg","keywords":["2023","EU","European Union","rescEU","wildfire"],"articleSection":["Environmental Affairs","EU News"],"inLanguage":"en-US","potentialAction":[{"@type":"CommentAction","name":"Comment","target":["https:\/\/www.cde.ual.es\/en\/how-the-eu-is-preparing-for-the-2023-wildfire-season\/#respond"]}]},{"@type":"WebPage","@id":"https:\/\/www.cde.ual.es\/en\/how-the-eu-is-preparing-for-the-2023-wildfire-season\/","url":"https:\/\/www.cde.ual.es\/en\/how-the-eu-is-preparing-for-the-2023-wildfire-season\/","name":"How the EU is preparing for the 2023 wildfire season | CDE Almer\u00eda - Centro de Documentaci\u00f3n Europea - Universidad de Almer\u00eda","isPartOf":{"@id":"https:\/\/www.cde.ual.es\/#website"},"primaryImageOfPage":{"@id":"https:\/\/www.cde.ual.es\/en\/how-the-eu-is-preparing-for-the-2023-wildfire-season\/#primaryimage"},"image":{"@id":"https:\/\/www.cde.ual.es\/en\/how-the-eu-is-preparing-for-the-2023-wildfire-season\/#primaryimage"},"thumbnailUrl":"https:\/\/www.cde.ual.es\/wp-content\/uploads\/2019\/05\/forest-fire-432870_960_720.jpg","datePublished":"2023-06-01T10:18:10+00:00","breadcrumb":{"@id":"https:\/\/www.cde.ual.es\/en\/how-the-eu-is-preparing-for-the-2023-wildfire-season\/#breadcrumb"},"inLanguage":"en-US","potentialAction":[{"@type":"ReadAction","target":["https:\/\/www.cde.ual.es\/en\/how-the-eu-is-preparing-for-the-2023-wildfire-season\/"]}]},{"@type":"ImageObject","inLanguage":"en-US","@id":"https:\/\/www.cde.ual.es\/en\/how-the-eu-is-preparing-for-the-2023-wildfire-season\/#primaryimage","url":"https:\/\/www.cde.ual.es\/wp-content\/uploads\/2019\/05\/forest-fire-432870_960_720.jpg","contentUrl":"https:\/\/www.cde.ual.es\/wp-content\/uploads\/2019\/05\/forest-fire-432870_960_720.jpg","width":960,"height":626},{"@type":"BreadcrumbList","@id":"https:\/\/www.cde.ual.es\/en\/how-the-eu-is-preparing-for-the-2023-wildfire-season\/#breadcrumb","itemListElement":[{"@type":"ListItem","position":1,"name":"Inicio","item":"https:\/\/www.cde.ual.es\/en\/"},{"@type":"ListItem","position":2,"name":"EU News","item":"https:\/\/www.cde.ual.es\/en\/category\/eu-news\/"},{"@type":"ListItem","position":3,"name":"Environmental Affairs","item":"https:\/\/www.cde.ual.es\/en\/category\/eu-news\/environment\/"},{"@type":"ListItem","position":4,"name":"How the EU is preparing for the 2023 wildfire season"}]},{"@type":"WebSite","@id":"https:\/\/www.cde.ual.es\/#website","url":"https:\/\/www.cde.ual.es\/","name":"CDE Almer\u00eda - Centro de Documentaci\u00f3n Europea - Universidad de Almer\u00eda","description":"Centro de Documentaci\u00f3n Europea de la Universidad de Almer\u00eda","publisher":{"@id":"https:\/\/www.cde.ual.es\/#organization"},"alternateName":"CDE Almer\u00eda","potentialAction":[{"@type":"SearchAction","target":{"@type":"EntryPoint","urlTemplate":"https:\/\/www.cde.ual.es\/?s={search_term_string}"},"query-input":{"@type":"PropertyValueSpecification","valueRequired":true,"valueName":"search_term_string"}}],"inLanguage":"en-US"},{"@type":"Organization","@id":"https:\/\/www.cde.ual.es\/#organization","name":"Centro de Documentaci\u00f3n Europea de Almer\u00eda","url":"https:\/\/www.cde.ual.es\/","logo":{"@type":"ImageObject","inLanguage":"en-US","@id":"https:\/\/www.cde.ual.es\/#\/schema\/logo\/image\/","url":"https:\/\/www.cde.ual.es\/wp-content\/uploads\/2025\/07\/cde-logo-3.png","contentUrl":"https:\/\/www.cde.ual.es\/wp-content\/uploads\/2025\/07\/cde-logo-3.png","width":1400,"height":300,"caption":"Centro de Documentaci\u00f3n Europea de Almer\u00eda"},"image":{"@id":"https:\/\/www.cde.ual.es\/#\/schema\/logo\/image\/"},"sameAs":["https:\/\/www.facebook.com\/cdeuniversidadalmeria\/","https:\/\/x.com\/cdeualmeria","https:\/\/www.tiktok.com\/@cdealmeria","https:\/\/www.instagram.com\/cdealmeria\/","https:\/\/www.linkedin.com\/in\/cde-almera-812b26a9\/"]},{"@type":"Person","@id":"https:\/\/www.cde.ual.es\/#\/schema\/person\/224ef08c8bcc005f319d2713ce37ee5f","name":"AdminCDE","image":{"@type":"ImageObject","inLanguage":"en-US","@id":"https:\/\/secure.gravatar.com\/avatar\/a72d038d371f995cd13706fac32274b7952a52e8fb0a84b5f80c85426f2a98a8?s=96&d=mm&r=g","url":"https:\/\/secure.gravatar.com\/avatar\/a72d038d371f995cd13706fac32274b7952a52e8fb0a84b5f80c85426f2a98a8?s=96&d=mm&r=g","contentUrl":"https:\/\/secure.gravatar.com\/avatar\/a72d038d371f995cd13706fac32274b7952a52e8fb0a84b5f80c85426f2a98a8?s=96&d=mm&r=g","caption":"AdminCDE"}}]}},"_links":{"self":[{"href":"https:\/\/www.cde.ual.es\/en\/wp-json\/wp\/v2\/posts\/137214","targetHints":{"allow":["GET"]}}],"collection":[{"href":"https:\/\/www.cde.ual.es\/en\/wp-json\/wp\/v2\/posts"}],"about":[{"href":"https:\/\/www.cde.ual.es\/en\/wp-json\/wp\/v2\/types\/post"}],"author":[{"embeddable":true,"href":"https:\/\/www.cde.ual.es\/en\/wp-json\/wp\/v2\/users\/1"}],"replies":[{"embeddable":true,"href":"https:\/\/www.cde.ual.es\/en\/wp-json\/wp\/v2\/comments?post=137214"}],"version-history":[{"count":1,"href":"https:\/\/www.cde.ual.es\/en\/wp-json\/wp\/v2\/posts\/137214\/revisions"}],"predecessor-version":[{"id":137215,"href":"https:\/\/www.cde.ual.es\/en\/wp-json\/wp\/v2\/posts\/137214\/revisions\/137215"}],"wp:featuredmedia":[{"embeddable":true,"href":"https:\/\/www.cde.ual.es\/en\/wp-json\/wp\/v2\/media\/17786"}],"wp:attachment":[{"href":"https:\/\/www.cde.ual.es\/en\/wp-json\/wp\/v2\/media?parent=137214"}],"wp:term":[{"taxonomy":"category","embeddable":true,"href":"https:\/\/www.cde.ual.es\/en\/wp-json\/wp\/v2\/categories?post=137214"},{"taxonomy":"post_tag","embeddable":true,"href":"https:\/\/www.cde.ual.es\/en\/wp-json\/wp\/v2\/tags?post=137214"}],"curies":[{"name":"wp","href":"https:\/\/api.w.org\/{rel}","templated":true}]}}