{"id":134386,"date":"2023-05-15T03:00:53","date_gmt":"2023-05-15T01:00:53","guid":{"rendered":"https:\/\/www.cde.ual.es\/?p=134386"},"modified":"2023-05-12T13:42:05","modified_gmt":"2023-05-12T11:42:05","slug":"professor-position-in-the-department-of-social-work-in-czech-republic","status":"publish","type":"post","link":"https:\/\/www.cde.ual.es\/en\/professor-position-in-the-department-of-social-work-in-czech-republic\/","title":{"rendered":"Professor Position in the Department of Social Work in Czech Republic"},"content":{"rendered":"<p><a href=\"https:\/\/www.cde.ual.es\/wp-content\/uploads\/2023\/04\/bag-ge4ab1cda2_1280.jpg\"><img decoding=\"async\" class=\" wp-image-134406 aligncenter\" src=\"https:\/\/www.cde.ual.es\/wp-content\/uploads\/2023\/04\/bag-ge4ab1cda2_1280.jpg\" alt=\"\" width=\"515\" height=\"343\" srcset=\"https:\/\/www.cde.ual.es\/wp-content\/uploads\/2023\/04\/bag-ge4ab1cda2_1280.jpg 1280w, https:\/\/www.cde.ual.es\/wp-content\/uploads\/2023\/04\/bag-ge4ab1cda2_1280-300x200.jpg 300w, https:\/\/www.cde.ual.es\/wp-content\/uploads\/2023\/04\/bag-ge4ab1cda2_1280-1024x683.jpg 1024w, https:\/\/www.cde.ual.es\/wp-content\/uploads\/2023\/04\/bag-ge4ab1cda2_1280-768x512.jpg 768w\" sizes=\"(max-width: 515px) 100vw, 515px\" \/><\/a><\/p>\n<p style=\"text-align: justify;\"><strong>Job description:<\/strong><\/p>\n<ul style=\"text-align: justify;\">\n<li>management and organization of pedagogical and creative activities of the department<\/li>\n<li>responsibility for the pedagogical and creative activities of the department<\/li>\n<li>responsibility for the economical use of faculty funds at the department&#8217;s disposal<\/li>\n<li>teaching of disciplines relevant to the field, including courses in English<\/li>\n<li>conducting and opposing the qualification theses<\/li>\n<li>developing your own research programme and creative activities<\/li>\n<li>participation in other activities of the department<\/li>\n<\/ul>\n<p style=\"text-align: justify;\">Estimated commencement of employment:\u00a0<strong>1<sup>st<\/sup>\u00a0July 2023<\/strong><br \/>\nDeadline for application:\u00a0<strong>26<sup>th<\/sup>\u00a0May 2023<\/strong><\/p>\n<h3 id=\"requirements\" class=\"ecl-u-type-heading-2 ecl-u-mt-none ecl-u-mb-l ecl-inpage-navigation__heading--active\" style=\"text-align: justify;\">Requirements<\/h3>\n<div class=\"ecl-u-mb-m\">\n<div class=\"ecl-u-type-bold ecl-u-mb-m\" style=\"text-align: justify;\"><strong>Skills\/Qualifications<\/strong><\/div>\n<div class=\"ecl\" style=\"text-align: justify;\">\n<ul>\n<li>completed doctoral programme in social work, social psychology, sociology, occupational psychology, social pedagogy, law, or other related disciplines<\/li>\n<li>previous teaching, research and other creative activities in the required field<\/li>\n<li>ability to teach in English, fluent in Czech<\/li>\n<li>experience in research or applied projects and grants<\/li>\n<li>organisational and communication skills<\/li>\n<li>concept for the development of the department and studies (to be prepared at least 3 years in advance, maximum 10 pages)<\/li>\n<\/ul>\n<p><strong>The concept mainly includes:<\/strong><\/p>\n<ul>\n<li>Assessment of the current state of the workplace<\/li>\n<li>Area of personnel development<\/li>\n<li>Development of pedagogical activities and study concept<\/li>\n<li>Development of scientific research activities<\/li>\n<li>Development of applied research and cooperation<\/li>\n<li>Prospects for further development of the department (structure of the department, development of the existing profile, research and pedagogical collaboration with other institutions, etc.)<\/li>\n<\/ul>\n<h3>Organisation\/Company<\/h3>\n<div>Charles University in Prague, Faculty of Arts<\/div>\n<h3>Research Field<\/h3>\n<div>\n<div>Sociology \u00bb Other<\/div>\n<\/div>\n<h3>Country<\/h3>\n<div>Czech Republic<\/div>\n<h3>Application Deadline<\/h3>\n<div><time datetime=\"2023-05-26T17:00:00Z\">26 May 2023 &#8211; 17:00 (Europe\/Prague)<\/time><\/div>\n<\/div>\n<h3 style=\"text-align: justify;\">More information<\/h3>\n<div class=\"ecl\">\n<p style=\"text-align: justify;\"><a href=\"https:\/\/euraxess.ec.europa.eu\/jobs\/100469\" target=\"_blank\" rel=\"noopener\">Euraxess<\/a><\/p>\n<\/div>\n<\/div>\n","protected":false},"excerpt":{"rendered":"<p>Job description: management and organization of pedagogical and creative activities of the department responsibility for the pedagogical and creative activities of the department responsibility for the economical use of faculty funds at the department&#8217;s disposal teaching of disciplines relevant to the field, including courses in English conducting and opposing the qualification theses developing your own [&hellip;]<\/p>\n","protected":false},"author":101011,"featured_media":134406,"comment_status":"open","ping_status":"open","sticky":false,"template":"","format":"standard","meta":{"_acf_changed":false,"_relevanssi_hide_post":"","_relevanssi_hide_content":"","_relevanssi_pin_for_all":"","_relevanssi_pin_keywords":"","_relevanssi_unpin_keywords":"","_relevanssi_related_keywords":"","_relevanssi_related_include_ids":"","_relevanssi_related_exclude_ids":"","_relevanssi_related_no_append":"","_relevanssi_related_not_related":"","_relevanssi_related_posts":"","_relevanssi_noindex_reason":"","_monsterinsights_skip_tracking":false,"_monsterinsights_sitenote_active":false,"_monsterinsights_sitenote_note":"","_monsterinsights_sitenote_category":0,"_genesis_hide_title":false,"_genesis_hide_breadcrumbs":false,"_genesis_hide_singular_image":false,"_genesis_hide_footer_widgets":false,"_genesis_custom_body_class":"","_genesis_custom_post_class":"","_genesis_layout":"","footnotes":""},"categories":[366,4115],"tags":[409,848,9247,3726,1259],"class_list":{"0":"post-134386","1":"post","2":"type-post","3":"status-publish","4":"format-standard","5":"has-post-thumbnail","7":"category-eu-calls-and-awards","8":"category-other","9":"tag-call","10":"tag-euraxess-en","11":"tag-social-psychology","12":"tag-social-work","13":"tag-sociology","14":"entry"},"acf":[],"yoast_head":"<!-- This site is optimized with the Yoast SEO plugin v27.4 - https:\/\/yoast.com\/product\/yoast-seo-wordpress\/ -->\n<title>Professor Position in the Department of Social Work in Czech Republic | CDE Almer\u00eda - Centro de Documentaci\u00f3n Europea - Universidad de Almer\u00eda<\/title>\n<meta name=\"robots\" content=\"index, follow, max-snippet:-1, max-image-preview:large, max-video-preview:-1\" \/>\n<link rel=\"canonical\" href=\"https:\/\/www.cde.ual.es\/puesto-de-profesor-en-el-departamento-de-trabajo-social-en-la-republica-checa\/\" \/>\n<meta property=\"og:locale\" content=\"en_US\" \/>\n<meta property=\"og:type\" content=\"article\" \/>\n<meta property=\"og:title\" content=\"Professor Position in the Department of Social Work in Czech Republic | CDE Almer\u00eda - Centro de Documentaci\u00f3n Europea - Universidad de Almer\u00eda\" \/>\n<meta property=\"og:description\" content=\"Job description: management and organization of pedagogical and creative activities of the department responsibility for the pedagogical and creative activities of the department responsibility for the economical use of faculty funds at the department&#8217;s disposal teaching of disciplines relevant to the field, including courses in English conducting and opposing the qualification theses developing your own [&hellip;]\" \/>\n<meta property=\"og:url\" content=\"https:\/\/www.cde.ual.es\/puesto-de-profesor-en-el-departamento-de-trabajo-social-en-la-republica-checa\/\" \/>\n<meta property=\"og:site_name\" content=\"CDE Almer\u00eda - Centro de Documentaci\u00f3n Europea - Universidad de Almer\u00eda\" \/>\n<meta property=\"article:publisher\" content=\"https:\/\/www.facebook.com\/cdeuniversidadalmeria\/\" \/>\n<meta property=\"article:published_time\" content=\"2023-05-15T01:00:53+00:00\" \/>\n<meta property=\"og:image\" content=\"https:\/\/www.cde.ual.es\/wp-content\/uploads\/2023\/04\/bag-ge4ab1cda2_1280.jpg\" \/>\n\t<meta property=\"og:image:width\" content=\"1280\" \/>\n\t<meta property=\"og:image:height\" content=\"854\" \/>\n\t<meta property=\"og:image:type\" content=\"image\/jpeg\" \/>\n<meta name=\"author\" content=\"BECA 2 CDE\" \/>\n<meta name=\"twitter:card\" content=\"summary_large_image\" \/>\n<meta name=\"twitter:creator\" content=\"@cdeualmeria\" \/>\n<meta name=\"twitter:site\" content=\"@cdeualmeria\" \/>\n<meta name=\"twitter:label1\" content=\"Written by\" \/>\n\t<meta name=\"twitter:data1\" content=\"BECA 2 CDE\" \/>\n\t<meta name=\"twitter:label2\" content=\"Est. reading time\" \/>\n\t<meta name=\"twitter:data2\" content=\"2 minutes\" \/>\n<script type=\"application\/ld+json\" class=\"yoast-schema-graph\">{\"@context\":\"https:\\\/\\\/schema.org\",\"@graph\":[{\"@type\":\"Article\",\"@id\":\"https:\\\/\\\/www.cde.ual.es\\\/puesto-de-profesor-en-el-departamento-de-trabajo-social-en-la-republica-checa\\\/#article\",\"isPartOf\":{\"@id\":\"https:\\\/\\\/www.cde.ual.es\\\/puesto-de-profesor-en-el-departamento-de-trabajo-social-en-la-republica-checa\\\/\"},\"author\":{\"name\":\"BECA 2 CDE\",\"@id\":\"https:\\\/\\\/www.cde.ual.es\\\/#\\\/schema\\\/person\\\/ee46ebc19edfa19598c02cff83335acc\"},\"headline\":\"Professor Position in the Department of Social Work in Czech Republic\",\"datePublished\":\"2023-05-15T01:00:53+00:00\",\"mainEntityOfPage\":{\"@id\":\"https:\\\/\\\/www.cde.ual.es\\\/puesto-de-profesor-en-el-departamento-de-trabajo-social-en-la-republica-checa\\\/\"},\"wordCount\":244,\"commentCount\":0,\"publisher\":{\"@id\":\"https:\\\/\\\/www.cde.ual.es\\\/#organization\"},\"image\":{\"@id\":\"https:\\\/\\\/www.cde.ual.es\\\/puesto-de-profesor-en-el-departamento-de-trabajo-social-en-la-republica-checa\\\/#primaryimage\"},\"thumbnailUrl\":\"https:\\\/\\\/www.cde.ual.es\\\/wp-content\\\/uploads\\\/2023\\\/04\\\/bag-ge4ab1cda2_1280.jpg\",\"keywords\":[\"call\",\"Euraxess\",\"social psychology\",\"social work\",\"Sociology\"],\"articleSection\":[\"EU Calls and Awards\",\"Other\"],\"inLanguage\":\"en-US\",\"potentialAction\":[{\"@type\":\"CommentAction\",\"name\":\"Comment\",\"target\":[\"https:\\\/\\\/www.cde.ual.es\\\/puesto-de-profesor-en-el-departamento-de-trabajo-social-en-la-republica-checa\\\/#respond\"]}]},{\"@type\":\"WebPage\",\"@id\":\"https:\\\/\\\/www.cde.ual.es\\\/puesto-de-profesor-en-el-departamento-de-trabajo-social-en-la-republica-checa\\\/\",\"url\":\"https:\\\/\\\/www.cde.ual.es\\\/puesto-de-profesor-en-el-departamento-de-trabajo-social-en-la-republica-checa\\\/\",\"name\":\"Professor Position in the Department of Social Work in Czech Republic | CDE Almer\u00eda - Centro de Documentaci\u00f3n Europea - Universidad de Almer\u00eda\",\"isPartOf\":{\"@id\":\"https:\\\/\\\/www.cde.ual.es\\\/#website\"},\"primaryImageOfPage\":{\"@id\":\"https:\\\/\\\/www.cde.ual.es\\\/puesto-de-profesor-en-el-departamento-de-trabajo-social-en-la-republica-checa\\\/#primaryimage\"},\"image\":{\"@id\":\"https:\\\/\\\/www.cde.ual.es\\\/puesto-de-profesor-en-el-departamento-de-trabajo-social-en-la-republica-checa\\\/#primaryimage\"},\"thumbnailUrl\":\"https:\\\/\\\/www.cde.ual.es\\\/wp-content\\\/uploads\\\/2023\\\/04\\\/bag-ge4ab1cda2_1280.jpg\",\"datePublished\":\"2023-05-15T01:00:53+00:00\",\"breadcrumb\":{\"@id\":\"https:\\\/\\\/www.cde.ual.es\\\/puesto-de-profesor-en-el-departamento-de-trabajo-social-en-la-republica-checa\\\/#breadcrumb\"},\"inLanguage\":\"en-US\",\"potentialAction\":[{\"@type\":\"ReadAction\",\"target\":[\"https:\\\/\\\/www.cde.ual.es\\\/puesto-de-profesor-en-el-departamento-de-trabajo-social-en-la-republica-checa\\\/\"]}]},{\"@type\":\"ImageObject\",\"inLanguage\":\"en-US\",\"@id\":\"https:\\\/\\\/www.cde.ual.es\\\/puesto-de-profesor-en-el-departamento-de-trabajo-social-en-la-republica-checa\\\/#primaryimage\",\"url\":\"https:\\\/\\\/www.cde.ual.es\\\/wp-content\\\/uploads\\\/2023\\\/04\\\/bag-ge4ab1cda2_1280.jpg\",\"contentUrl\":\"https:\\\/\\\/www.cde.ual.es\\\/wp-content\\\/uploads\\\/2023\\\/04\\\/bag-ge4ab1cda2_1280.jpg\",\"width\":1280,\"height\":854},{\"@type\":\"BreadcrumbList\",\"@id\":\"https:\\\/\\\/www.cde.ual.es\\\/puesto-de-profesor-en-el-departamento-de-trabajo-social-en-la-republica-checa\\\/#breadcrumb\",\"itemListElement\":[{\"@type\":\"ListItem\",\"position\":1,\"name\":\"Inicio\",\"item\":\"https:\\\/\\\/www.cde.ual.es\\\/en\\\/\"},{\"@type\":\"ListItem\",\"position\":2,\"name\":\"Convocatorias y Premios UE\",\"item\":\"https:\\\/\\\/www.cde.ual.es\\\/category\\\/convocatorias-y-premios-ue\\\/\"},{\"@type\":\"ListItem\",\"position\":3,\"name\":\"Other\",\"item\":\"https:\\\/\\\/www.cde.ual.es\\\/en\\\/category\\\/eu-calls-and-awards\\\/other\\\/\"},{\"@type\":\"ListItem\",\"position\":4,\"name\":\"Professor Position in the Department of Social Work in Czech Republic\"}]},{\"@type\":\"WebSite\",\"@id\":\"https:\\\/\\\/www.cde.ual.es\\\/#website\",\"url\":\"https:\\\/\\\/www.cde.ual.es\\\/\",\"name\":\"CDE Almer\u00eda - Centro de Documentaci\u00f3n Europea - Universidad de Almer\u00eda\",\"description\":\"Centro de Documentaci\u00f3n Europea de la Universidad de Almer\u00eda\",\"publisher\":{\"@id\":\"https:\\\/\\\/www.cde.ual.es\\\/#organization\"},\"alternateName\":\"CDE Almer\u00eda\",\"potentialAction\":[{\"@type\":\"SearchAction\",\"target\":{\"@type\":\"EntryPoint\",\"urlTemplate\":\"https:\\\/\\\/www.cde.ual.es\\\/?s={search_term_string}\"},\"query-input\":{\"@type\":\"PropertyValueSpecification\",\"valueRequired\":true,\"valueName\":\"search_term_string\"}}],\"inLanguage\":\"en-US\"},{\"@type\":\"Organization\",\"@id\":\"https:\\\/\\\/www.cde.ual.es\\\/#organization\",\"name\":\"Centro de Documentaci\u00f3n Europea de Almer\u00eda\",\"url\":\"https:\\\/\\\/www.cde.ual.es\\\/\",\"logo\":{\"@type\":\"ImageObject\",\"inLanguage\":\"en-US\",\"@id\":\"https:\\\/\\\/www.cde.ual.es\\\/#\\\/schema\\\/logo\\\/image\\\/\",\"url\":\"https:\\\/\\\/www.cde.ual.es\\\/wp-content\\\/uploads\\\/2025\\\/07\\\/cde-logo-3.png\",\"contentUrl\":\"https:\\\/\\\/www.cde.ual.es\\\/wp-content\\\/uploads\\\/2025\\\/07\\\/cde-logo-3.png\",\"width\":1400,\"height\":300,\"caption\":\"Centro de Documentaci\u00f3n Europea de Almer\u00eda\"},\"image\":{\"@id\":\"https:\\\/\\\/www.cde.ual.es\\\/#\\\/schema\\\/logo\\\/image\\\/\"},\"sameAs\":[\"https:\\\/\\\/www.facebook.com\\\/cdeuniversidadalmeria\\\/\",\"https:\\\/\\\/x.com\\\/cdeualmeria\",\"https:\\\/\\\/www.tiktok.com\\\/@cdealmeria\",\"https:\\\/\\\/www.instagram.com\\\/cdealmeria\\\/\",\"https:\\\/\\\/www.linkedin.com\\\/in\\\/cde-almera-812b26a9\\\/\"]},{\"@type\":\"Person\",\"@id\":\"https:\\\/\\\/www.cde.ual.es\\\/#\\\/schema\\\/person\\\/ee46ebc19edfa19598c02cff83335acc\",\"name\":\"BECA 2 CDE\",\"image\":{\"@type\":\"ImageObject\",\"inLanguage\":\"en-US\",\"@id\":\"https:\\\/\\\/secure.gravatar.com\\\/avatar\\\/35a481bbc04bbd90e91bdfa3b0b5541036c222a49b9ad37b6889a2afcb5311a5?s=96&d=mm&r=g\",\"url\":\"https:\\\/\\\/secure.gravatar.com\\\/avatar\\\/35a481bbc04bbd90e91bdfa3b0b5541036c222a49b9ad37b6889a2afcb5311a5?s=96&d=mm&r=g\",\"contentUrl\":\"https:\\\/\\\/secure.gravatar.com\\\/avatar\\\/35a481bbc04bbd90e91bdfa3b0b5541036c222a49b9ad37b6889a2afcb5311a5?s=96&d=mm&r=g\",\"caption\":\"BECA 2 CDE\"},\"sameAs\":[\"http:\\\/\\\/www.cdealmeria.com\"]}]}<\/script>\n<!-- \/ Yoast SEO plugin. -->","yoast_head_json":{"title":"Professor Position in the Department of Social Work in Czech Republic | CDE Almer\u00eda - Centro de Documentaci\u00f3n Europea - Universidad de Almer\u00eda","robots":{"index":"index","follow":"follow","max-snippet":"max-snippet:-1","max-image-preview":"max-image-preview:large","max-video-preview":"max-video-preview:-1"},"canonical":"https:\/\/www.cde.ual.es\/puesto-de-profesor-en-el-departamento-de-trabajo-social-en-la-republica-checa\/","og_locale":"en_US","og_type":"article","og_title":"Professor Position in the Department of Social Work in Czech Republic | CDE Almer\u00eda - Centro de Documentaci\u00f3n Europea - Universidad de Almer\u00eda","og_description":"Job description: management and organization of pedagogical and creative activities of the department responsibility for the pedagogical and creative activities of the department responsibility for the economical use of faculty funds at the department&#8217;s disposal teaching of disciplines relevant to the field, including courses in English conducting and opposing the qualification theses developing your own [&hellip;]","og_url":"https:\/\/www.cde.ual.es\/puesto-de-profesor-en-el-departamento-de-trabajo-social-en-la-republica-checa\/","og_site_name":"CDE Almer\u00eda - Centro de Documentaci\u00f3n Europea - Universidad de Almer\u00eda","article_publisher":"https:\/\/www.facebook.com\/cdeuniversidadalmeria\/","article_published_time":"2023-05-15T01:00:53+00:00","og_image":[{"width":1280,"height":854,"url":"https:\/\/www.cde.ual.es\/wp-content\/uploads\/2023\/04\/bag-ge4ab1cda2_1280.jpg","type":"image\/jpeg"}],"author":"BECA 2 CDE","twitter_card":"summary_large_image","twitter_creator":"@cdeualmeria","twitter_site":"@cdeualmeria","twitter_misc":{"Written by":"BECA 2 CDE","Est. reading time":"2 minutes"},"schema":{"@context":"https:\/\/schema.org","@graph":[{"@type":"Article","@id":"https:\/\/www.cde.ual.es\/puesto-de-profesor-en-el-departamento-de-trabajo-social-en-la-republica-checa\/#article","isPartOf":{"@id":"https:\/\/www.cde.ual.es\/puesto-de-profesor-en-el-departamento-de-trabajo-social-en-la-republica-checa\/"},"author":{"name":"BECA 2 CDE","@id":"https:\/\/www.cde.ual.es\/#\/schema\/person\/ee46ebc19edfa19598c02cff83335acc"},"headline":"Professor Position in the Department of Social Work in Czech Republic","datePublished":"2023-05-15T01:00:53+00:00","mainEntityOfPage":{"@id":"https:\/\/www.cde.ual.es\/puesto-de-profesor-en-el-departamento-de-trabajo-social-en-la-republica-checa\/"},"wordCount":244,"commentCount":0,"publisher":{"@id":"https:\/\/www.cde.ual.es\/#organization"},"image":{"@id":"https:\/\/www.cde.ual.es\/puesto-de-profesor-en-el-departamento-de-trabajo-social-en-la-republica-checa\/#primaryimage"},"thumbnailUrl":"https:\/\/www.cde.ual.es\/wp-content\/uploads\/2023\/04\/bag-ge4ab1cda2_1280.jpg","keywords":["call","Euraxess","social psychology","social work","Sociology"],"articleSection":["EU Calls and Awards","Other"],"inLanguage":"en-US","potentialAction":[{"@type":"CommentAction","name":"Comment","target":["https:\/\/www.cde.ual.es\/puesto-de-profesor-en-el-departamento-de-trabajo-social-en-la-republica-checa\/#respond"]}]},{"@type":"WebPage","@id":"https:\/\/www.cde.ual.es\/puesto-de-profesor-en-el-departamento-de-trabajo-social-en-la-republica-checa\/","url":"https:\/\/www.cde.ual.es\/puesto-de-profesor-en-el-departamento-de-trabajo-social-en-la-republica-checa\/","name":"Professor Position in the Department of Social Work in Czech Republic | CDE Almer\u00eda - Centro de Documentaci\u00f3n Europea - Universidad de Almer\u00eda","isPartOf":{"@id":"https:\/\/www.cde.ual.es\/#website"},"primaryImageOfPage":{"@id":"https:\/\/www.cde.ual.es\/puesto-de-profesor-en-el-departamento-de-trabajo-social-en-la-republica-checa\/#primaryimage"},"image":{"@id":"https:\/\/www.cde.ual.es\/puesto-de-profesor-en-el-departamento-de-trabajo-social-en-la-republica-checa\/#primaryimage"},"thumbnailUrl":"https:\/\/www.cde.ual.es\/wp-content\/uploads\/2023\/04\/bag-ge4ab1cda2_1280.jpg","datePublished":"2023-05-15T01:00:53+00:00","breadcrumb":{"@id":"https:\/\/www.cde.ual.es\/puesto-de-profesor-en-el-departamento-de-trabajo-social-en-la-republica-checa\/#breadcrumb"},"inLanguage":"en-US","potentialAction":[{"@type":"ReadAction","target":["https:\/\/www.cde.ual.es\/puesto-de-profesor-en-el-departamento-de-trabajo-social-en-la-republica-checa\/"]}]},{"@type":"ImageObject","inLanguage":"en-US","@id":"https:\/\/www.cde.ual.es\/puesto-de-profesor-en-el-departamento-de-trabajo-social-en-la-republica-checa\/#primaryimage","url":"https:\/\/www.cde.ual.es\/wp-content\/uploads\/2023\/04\/bag-ge4ab1cda2_1280.jpg","contentUrl":"https:\/\/www.cde.ual.es\/wp-content\/uploads\/2023\/04\/bag-ge4ab1cda2_1280.jpg","width":1280,"height":854},{"@type":"BreadcrumbList","@id":"https:\/\/www.cde.ual.es\/puesto-de-profesor-en-el-departamento-de-trabajo-social-en-la-republica-checa\/#breadcrumb","itemListElement":[{"@type":"ListItem","position":1,"name":"Inicio","item":"https:\/\/www.cde.ual.es\/en\/"},{"@type":"ListItem","position":2,"name":"Convocatorias y Premios UE","item":"https:\/\/www.cde.ual.es\/category\/convocatorias-y-premios-ue\/"},{"@type":"ListItem","position":3,"name":"Other","item":"https:\/\/www.cde.ual.es\/en\/category\/eu-calls-and-awards\/other\/"},{"@type":"ListItem","position":4,"name":"Professor Position in the Department of Social Work in Czech Republic"}]},{"@type":"WebSite","@id":"https:\/\/www.cde.ual.es\/#website","url":"https:\/\/www.cde.ual.es\/","name":"CDE Almer\u00eda - Centro de Documentaci\u00f3n Europea - Universidad de Almer\u00eda","description":"Centro de Documentaci\u00f3n Europea de la Universidad de Almer\u00eda","publisher":{"@id":"https:\/\/www.cde.ual.es\/#organization"},"alternateName":"CDE Almer\u00eda","potentialAction":[{"@type":"SearchAction","target":{"@type":"EntryPoint","urlTemplate":"https:\/\/www.cde.ual.es\/?s={search_term_string}"},"query-input":{"@type":"PropertyValueSpecification","valueRequired":true,"valueName":"search_term_string"}}],"inLanguage":"en-US"},{"@type":"Organization","@id":"https:\/\/www.cde.ual.es\/#organization","name":"Centro de Documentaci\u00f3n Europea de Almer\u00eda","url":"https:\/\/www.cde.ual.es\/","logo":{"@type":"ImageObject","inLanguage":"en-US","@id":"https:\/\/www.cde.ual.es\/#\/schema\/logo\/image\/","url":"https:\/\/www.cde.ual.es\/wp-content\/uploads\/2025\/07\/cde-logo-3.png","contentUrl":"https:\/\/www.cde.ual.es\/wp-content\/uploads\/2025\/07\/cde-logo-3.png","width":1400,"height":300,"caption":"Centro de Documentaci\u00f3n Europea de Almer\u00eda"},"image":{"@id":"https:\/\/www.cde.ual.es\/#\/schema\/logo\/image\/"},"sameAs":["https:\/\/www.facebook.com\/cdeuniversidadalmeria\/","https:\/\/x.com\/cdeualmeria","https:\/\/www.tiktok.com\/@cdealmeria","https:\/\/www.instagram.com\/cdealmeria\/","https:\/\/www.linkedin.com\/in\/cde-almera-812b26a9\/"]},{"@type":"Person","@id":"https:\/\/www.cde.ual.es\/#\/schema\/person\/ee46ebc19edfa19598c02cff83335acc","name":"BECA 2 CDE","image":{"@type":"ImageObject","inLanguage":"en-US","@id":"https:\/\/secure.gravatar.com\/avatar\/35a481bbc04bbd90e91bdfa3b0b5541036c222a49b9ad37b6889a2afcb5311a5?s=96&d=mm&r=g","url":"https:\/\/secure.gravatar.com\/avatar\/35a481bbc04bbd90e91bdfa3b0b5541036c222a49b9ad37b6889a2afcb5311a5?s=96&d=mm&r=g","contentUrl":"https:\/\/secure.gravatar.com\/avatar\/35a481bbc04bbd90e91bdfa3b0b5541036c222a49b9ad37b6889a2afcb5311a5?s=96&d=mm&r=g","caption":"BECA 2 CDE"},"sameAs":["http:\/\/www.cdealmeria.com"]}]}},"_links":{"self":[{"href":"https:\/\/www.cde.ual.es\/en\/wp-json\/wp\/v2\/posts\/134386","targetHints":{"allow":["GET"]}}],"collection":[{"href":"https:\/\/www.cde.ual.es\/en\/wp-json\/wp\/v2\/posts"}],"about":[{"href":"https:\/\/www.cde.ual.es\/en\/wp-json\/wp\/v2\/types\/post"}],"author":[{"embeddable":true,"href":"https:\/\/www.cde.ual.es\/en\/wp-json\/wp\/v2\/users\/101011"}],"replies":[{"embeddable":true,"href":"https:\/\/www.cde.ual.es\/en\/wp-json\/wp\/v2\/comments?post=134386"}],"version-history":[{"count":1,"href":"https:\/\/www.cde.ual.es\/en\/wp-json\/wp\/v2\/posts\/134386\/revisions"}],"predecessor-version":[{"id":134408,"href":"https:\/\/www.cde.ual.es\/en\/wp-json\/wp\/v2\/posts\/134386\/revisions\/134408"}],"wp:featuredmedia":[{"embeddable":true,"href":"https:\/\/www.cde.ual.es\/en\/wp-json\/wp\/v2\/media\/134406"}],"wp:attachment":[{"href":"https:\/\/www.cde.ual.es\/en\/wp-json\/wp\/v2\/media?parent=134386"}],"wp:term":[{"taxonomy":"category","embeddable":true,"href":"https:\/\/www.cde.ual.es\/en\/wp-json\/wp\/v2\/categories?post=134386"},{"taxonomy":"post_tag","embeddable":true,"href":"https:\/\/www.cde.ual.es\/en\/wp-json\/wp\/v2\/tags?post=134386"}],"curies":[{"name":"wp","href":"https:\/\/api.w.org\/{rel}","templated":true}]}}